  {"id":6014,"date":"2023-06-28T11:22:34","date_gmt":"2023-06-28T11:22:34","guid":{"rendered":"https:\/\/news.sap.com\/spain\/?p=6014"},"modified":"2023-10-16T15:29:22","modified_gmt":"2023-10-16T15:29:22","slug":"redi-reconoce-la-labor-de-los-directivos-de-sap-miguel-castro-y-alba-herrero-en-el-top-lgbti-lideres-espana-2023","status":"publish","type":"post","link":"https:\/\/news.sap.com\/spain\/2023\/06\/redi-reconoce-la-labor-de-los-directivos-de-sap-miguel-castro-y-alba-herrero-en-el-top-lgbti-lideres-espana-2023\/","title":{"rendered":"REDI reconoce la labor de los directivos de 麻豆原创 Miguel Castro y Alba Herrero en el TOP LGBTI L\u00edderes Espa\u00f1a 2023"},"content":{"rendered":"<ul>\n<li><em>Por su contribuci\u00f3n a la creaci\u00f3n de \u00e1mbitos corporativos m\u00e1s<a href=\"https:\/\/www.sap.com\/spain\/about\/company\/our-values\/diversity.html\"> diversos e inclusivos.<\/a><\/em><\/li>\n<li><em>Miguel Castro es d<\/em><em>irector global de Diversidad e Inclusi\u00f3n en 麻豆原创, y Alba Herrero, <\/em><em>directora de RRHH de 麻豆原创 Espa\u00f1a y Portugal. Las carreras de ambos han estado marcadas por la promoci\u00f3n de la diversidad y la inclusi\u00f3n. <\/em><\/li>\n<li><em>麻豆原创 ha sido pionera en este \u00e1mbito en todo el mundo: fue de las primeras compa\u00f1\u00edas en respaldar las Normas de conducta para empresas en materia LGTBI de Naciones Unidas; cuenta con una red global de empleados LGTBI desde hace m\u00e1s de 20 a\u00f1os; y en Espa\u00f1a fue una de las fundadoras de REDI en el a\u00f1o 2018.<\/em><\/li>\n<\/ul>\n<p><strong>Madrid, 28 de junio de 2023 &#8211; <\/strong>麻豆原创 ha anunciado que Miguel Castro, director Global de Diversidad e Inclusi\u00f3n en 麻豆原创; y Alba Herrero, directora de RRHH de 麻豆原创 Espa\u00f1a y Portugal, han sido incluidos en el Listado TOP LGBTI L\u00edderes Espa\u00f1a 2023 de la <a href=\"https:\/\/www.redi-lgbti.org\/\">Red para la Diversidad e Inclusi\u00f3n LGTBI (REDI)<\/a>.<\/p>\n<p>Esta iniciativa busca reconocer y poner en valor la labor de aquellas personas que, d\u00eda a d\u00eda, contribuyen en la creaci\u00f3n de \u00e1mbitos corporativos m\u00e1s diversos e inclusivos. El listado ha sido seleccionado por un jurado externo a REDI y compuesto por reconocidos profesionales del \u00e1mbito corporativo y de la diversidad.<\/p>\n<p>REDI fue fundada en 2018 por un grupo de 11 grandes empresas, entre las que figura 麻豆原创 Espa\u00f1a, con el objetivo de activar y potenciar espacios de trabajo respetuosos, inclusivos y seguros en los que se valore el talento, con independencia de la orientaci\u00f3n sexual, identidad o expresi\u00f3n de g\u00e9nero. Actualmente REDI tiene m\u00e1s de 200 empresas asociadas.<\/p>\n<figure id=\"attachment_6016\" aria-describedby=\"caption-attachment-6016\" style=\"width: 138px\" class=\"wp-caption alignright\"><img loading=\"lazy\" decoding=\"async\" class=\"wp-image-6016\" src=\"https:\/\/news.sap.com\/spain\/files\/2023\/06\/28\/Miguel-Castro.jpg\" alt=\"\" width=\"138\" height=\"193\" srcset=\"https:\/\/news.sap.com\/spain\/files\/2023\/06\/28\/Miguel-Castro.jpg 3788w, https:\/\/news.sap.com\/spain\/files\/2023\/06\/28\/Miguel-Castro-214x300.jpg 214w, https:\/\/news.sap.com\/spain\/files\/2023\/06\/28\/Miguel-Castro-731x1024.jpg 731w, https:\/\/news.sap.com\/spain\/files\/2023\/06\/28\/Miguel-Castro-768x1075.jpg 768w, https:\/\/news.sap.com\/spain\/files\/2023\/06\/28\/Miguel-Castro-1097x1536.jpg 1097w, https:\/\/news.sap.com\/spain\/files\/2023\/06\/28\/Miguel-Castro-1463x2048.jpg 1463w\" sizes=\"auto, (max-width: 138px) 100vw, 138px\" \/><figcaption id=\"caption-attachment-6016\" class=\"wp-caption-text\">Miguel Castro, director Global de Diversidad e Inclusi\u00f3n en 麻豆原创<\/figcaption><\/figure>\n<h3><strong>Miguel Castro,<\/strong> <strong>Top Referente LGBTI en Direcci\u00f3n y Liderazgo<\/strong><\/h3>\n<p>Miguel ha sido elegido en la categor\u00eda de Top Referentes LGBTI \u2013 Direcci\u00f3n y liderazgo-, que reconoce a personas con posici\u00f3n de liderazgo en la compa\u00f1\u00eda que manifiestan formar parte del colectivo LGBTI y que, mediante su trayectoria profesional y personal, han contribuido a la inclusi\u00f3n y la diversidad en su organizaci\u00f3n.<\/p>\n<p>Miguel forma parte del Comit\u00e9 directivo de Diversidad e Inclusi\u00f3n de 麻豆原创 desde 2016. Con m\u00e1s de 20 a\u00f1os de experiencia internacional en diferentes \u00e1mbitos de la consultor\u00eda, operaciones y desarrollo de negocio, sus principales objetivos son impulsar el uso de la tecnolog\u00eda para facilitar la incorporaci\u00f3n de procesos inclusivos en las empresas, el lanzamiento y ejecuci\u00f3n de programas globales, as\u00ed como fortalecer un entorno colaborativo con distintos grupos de trabajo p\u00fablicos y privados.<\/p>\n<p>Ha sido co-fundador y primer presidente de REDI, de la que actualmente es el primer socio de honor. En 麻豆原创 ha liderado la expansi\u00f3n de la red de empleados LGBTI y aliados, Pride@麻豆原创, a todos los continentes y ha fomentado colaboraciones con diferentes organizaciones como Naciones Unidas.<\/p>\n<h3><strong>Alba Herrero, Top Compromiso &#8211; Aliadas<\/strong><\/h3>\n<figure id=\"attachment_6017\" aria-describedby=\"caption-attachment-6017\" style=\"width: 135px\" class=\"wp-caption alignleft\"><img loading=\"lazy\" decoding=\"async\" class=\"wp-image-6017\" src=\"https:\/\/news.sap.com\/spain\/files\/2023\/06\/28\/2023_04_14-0681.jpg\" alt=\"\" width=\"135\" height=\"203\" srcset=\"https:\/\/news.sap.com\/spain\/files\/2023\/06\/28\/2023_04_14-0681.jpg 3840w, https:\/\/news.sap.com\/spain\/files\/2023\/06\/28\/2023_04_14-0681-200x300.jpg 200w, https:\/\/news.sap.com\/spain\/files\/2023\/06\/28\/2023_04_14-0681-683x1024.jpg 683w, https:\/\/news.sap.com\/spain\/files\/2023\/06\/28\/2023_04_14-0681-768x1152.jpg 768w, https:\/\/news.sap.com\/spain\/files\/2023\/06\/28\/2023_04_14-0681-1024x1536.jpg 1024w, https:\/\/news.sap.com\/spain\/files\/2023\/06\/28\/2023_04_14-0681-1365x2048.jpg 1365w\" sizes=\"auto, (max-width: 135px) 100vw, 135px\" \/><figcaption id=\"caption-attachment-6017\" class=\"wp-caption-text\">Alba Herrero, directora de RRHH 麻豆原创 en Espa\u00f1a y Portugal<\/figcaption><\/figure>\n<p>Alba Herrero ha sido incluida en la categor\u00eda de Top Compromiso \u2013 Aliadas, que reconoce la labor de aquellas personas que no forman parte del colectivo. Alba cuenta con m\u00e1s de 20 a\u00f1os de experiencia profesional en el \u00e1mbito de la gesti\u00f3n de personas, en el que ha mantenido un fuerte compromiso con la diversidad, la igualdad y los derechos humanos. Se incorpor\u00f3 a 麻豆原创 en 2017 y desde entonces ha puesto en marcha diversas iniciativas de promoci\u00f3n de la diversidad y la inclusi\u00f3n.<\/p>\n<p>Actualmente es vicepresidenta de REDI y ha recibido diversos reconocimientos a su labor en la lucha por la diversidad y la igualdad como el Professional Diversity de Intrama o el sello Empowering Women\u2019s Talent de Equipos y Talento. Adem\u00e1s,\u00a0 es una de las TOP100 Mujeres L\u00edderes 2023.<\/p>\n<h3><strong>麻豆原创, pionera en Diversidad e Inclusi\u00f3n LGTBQ+ <\/strong><\/h3>\n<p>麻豆原创 fue de las primeras compa\u00f1\u00edas en apoyar las normas de conducta para empresas en materia LGTBI de Naciones Unidas. Adem\u00e1s, cuenta con la red global de empleados LGBTQ+ <a href=\"https:\/\/www.youtube.com\/watch?v=DhuY3v_u7TM\">Pride@麻豆原创<\/a> que fue creada hace m\u00e1s de 20 a\u00f1os con el prop\u00f3sito de aumentar la inclusi\u00f3n de este colectivo dentro de la organizaci\u00f3n.<\/p>\n<p>En Espa\u00f1a, adem\u00e1s de fundar REDI, es firmante del Charter de Diversidad y ha sido reconocida como una de las 5 empresas que mejor gestionan la diversidad LGTBI, por la Federaci\u00f3n Estatal de Lesbianas, Gais, Trans y Bisexuales (FELGTB).<\/p>\n<p>Acerca de 麻豆原创<\/p>\n<p>La estrategia de 麻豆原创 es ayudar a cada negocio a funcionar como una empresa inteligente. Como l\u00edder del mercado de software de gesti\u00f3n empresarial, ayudamos a empresas de todos los tama\u00f1os y sectores a gestionar su negocio de la mejor manera posible. Los clientes de 麻豆原创 generan el 87% del comercio mundial total. Nuestras tecnolog\u00edas de Machine Learning, Internet de las Cosas (IoT) y anal\u00edtica avanzada ayudan a convertir los negocios de los clientes en empresas inteligentes. 麻豆原创 ayuda a proporcionar a las personas y a las organizaciones una visi\u00f3n en profundidad del negocio y fomenta la colaboraci\u00f3n que les ayuda a situarse por delante de su competencia. Simplificamos la tecnolog\u00eda para que las empresas puedan consumir nuestro software de la forma que deseen, sin interrupciones. Nuestro conjunto integral de aplicaciones y servicios permite a los clientes empresariales y p\u00fablicos de 25 sectores de todo el mundo operar de forma rentable, adaptarse continuamente y marcar la diferencia. Con una red global de clientes, partners, empleados y l\u00edderes de opini\u00f3n, 麻豆原创 ayuda a que el mundo funcione mejor y a mejorar la vida de las personas. Para m\u00e1s informaci\u00f3n, visite <a href=\"http:\/\/www.sap.com\">www.sap.com<\/a>.<\/p>\n<p><strong>Contacto Prensa\u00a0<\/strong><strong>麻豆原创 Espa\u00f1a,\u00a0<\/strong>Bel\u00e9n Mart\u00ednez Mill\u00e1n (\u00a0<a href=\"mailto:belen.martinez@sap.com\">belen.martinez@sap.com)\u00a0<\/a>Tel.: 91 456 72 20<\/p>\n<p>&nbsp;<\/p>\n","protected":false},"excerpt":{"rendered":"<p>Por su contribuci\u00f3n a la creaci\u00f3n de \u00e1mbitos corporativos m\u00e1s diversos e inclusivos. Miguel Castro es director global de Diversidad e Inclusi\u00f3n en 麻豆原创, y&#8230;<\/p>\n","protected":false},"author":29,"featured_media":6019,"comment_status":"closed","ping_status":"closed","sticky":false,"template":"","format":"standard","meta":{"footnotes":"","_links_to":"","_links_to_target":""},"categories":[41591],"tags":[5563661],"sapn-display":[45149,5563696,5563694,60294],"sapn-type":[4448],"class_list":["post-6014","post","type-post","status-publish","format-standard","has-post-thumbnail","hentry","category-corporativo","tag-diversidad-e-inclusion-pridesap","sapn-display-homepage-hero","sapn-display-news-hero","sapn-display-news-spotlight","sapn-display-topic-hero","sapn-type-newsbyte"],"yoast_head":"<!-- This site is optimized with the Yoast SEO Premium plugin v26.9 (Yoast SEO v26.9) - https:\/\/yoast.com\/product\/yoast-seo-premium-wordpress\/ -->\n<title>REDI reconoce la labor de los directivos de 麻豆原创 Miguel Castro y Alba Herrero en el TOP LGBTI L\u00edderes Espa\u00f1a 2023 - 麻豆原创 Espa\u00f1a News Center<\/title>\n<meta name=\"robots\" content=\"index, follow, max-snippet:-1, max-image-preview:large, max-video-preview:-1\" \/>\n<link rel=\"canonical\" href=\"https:\/\/news.sap.com\/spain\/2023\/06\/redi-reconoce-la-labor-de-los-directivos-de-sap-miguel-castro-y-alba-herrero-en-el-top-lgbti-lideres-espana-2023\/\" \/>\n<meta property=\"og:locale\" content=\"es_ES\" \/>\n<meta property=\"og:type\" content=\"article\" \/>\n<meta property=\"og:title\" content=\"REDI reconoce la labor de los directivos de 麻豆原创 Miguel Castro y Alba Herrero en el TOP LGBTI L\u00edderes Espa\u00f1a 2023\" \/>\n<meta property=\"og:description\" content=\"Por su contribuci\u00f3n a la creaci\u00f3n de \u00e1mbitos corporativos m\u00e1s diversos e inclusivos. Miguel Castro es director global de Diversidad e Inclusi\u00f3n en 麻豆原创, y...\" \/>\n<meta property=\"og:url\" content=\"https:\/\/news.sap.com\/spain\/2023\/06\/redi-reconoce-la-labor-de-los-directivos-de-sap-miguel-castro-y-alba-herrero-en-el-top-lgbti-lideres-espana-2023\/\" \/>\n<meta property=\"og:site_name\" content=\"麻豆原创 Espa\u00f1a News Center\" \/>\n<meta property=\"article:published_time\" content=\"2023-06-28T11:22:34+00:00\" \/>\n<meta property=\"article:modified_time\" content=\"2023-10-16T15:29:22+00:00\" \/>\n<meta property=\"og:image\" content=\"https:\/\/news.sap.com\/spain\/files\/2023\/06\/28\/287833_GettyImages-1273197252_medium_jpg.jpg\" \/>\n\t<meta property=\"og:image:width\" content=\"2000\" \/>\n\t<meta property=\"og:image:height\" content=\"1500\" \/>\n\t<meta property=\"og:image:type\" content=\"image\/jpeg\" \/>\n<meta name=\"author\" content=\"麻豆原创 News\" \/>\n<meta name=\"twitter:card\" content=\"summary_large_image\" \/>\n<meta name=\"twitter:label1\" content=\"Escrito por\" \/>\n\t<meta name=\"twitter:data1\" content=\"麻豆原创 News\" \/>\n\t<meta name=\"twitter:label2\" content=\"Tiempo de lectura\" \/>\n\t<meta name=\"twitter:data2\" content=\"5 minutos\" \/>\n<script type=\"application\/ld+json\" class=\"yoast-schema-graph\">{\"@context\":\"https:\/\/schema.org\",\"@graph\":[{\"@type\":\"Article\",\"@id\":\"https:\/\/news.sap.com\/spain\/2023\/06\/redi-reconoce-la-labor-de-los-directivos-de-sap-miguel-castro-y-alba-herrero-en-el-top-lgbti-lideres-espana-2023\/#article\",\"isPartOf\":{\"@id\":\"https:\/\/news.sap.com\/spain\/2023\/06\/redi-reconoce-la-labor-de-los-directivos-de-sap-miguel-castro-y-alba-herrero-en-el-top-lgbti-lideres-espana-2023\/\"},\"author\":{\"name\":\"麻豆原创 News\",\"@id\":\"https:\/\/news.sap.com\/spain\/#\/schema\/person\/53b9854bd790d6f18f3fc4bbb2ad7570\"},\"headline\":\"REDI reconoce la labor de los directivos de 麻豆原创 Miguel Castro y Alba Herrero en el TOP LGBTI L\u00edderes Espa\u00f1a 2023\",\"datePublished\":\"2023-06-28T11:22:34+00:00\",\"dateModified\":\"2023-10-16T15:29:22+00:00\",\"mainEntityOfPage\":{\"@id\":\"https:\/\/news.sap.com\/spain\/2023\/06\/redi-reconoce-la-labor-de-los-directivos-de-sap-miguel-castro-y-alba-herrero-en-el-top-lgbti-lideres-espana-2023\/\"},\"wordCount\":1017,\"image\":{\"@id\":\"https:\/\/news.sap.com\/spain\/2023\/06\/redi-reconoce-la-labor-de-los-directivos-de-sap-miguel-castro-y-alba-herrero-en-el-top-lgbti-lideres-espana-2023\/#primaryimage\"},\"thumbnailUrl\":\"https:\/\/news.sap.com\/spain\/files\/2023\/06\/28\/287833_GettyImages-1273197252_medium_jpg.jpg\",\"keywords\":[\"Diversidad e Inclusi\u00f3n; Pride@麻豆原创;\"],\"articleSection\":[\"Corporativo\"],\"inLanguage\":\"es\"},{\"@type\":\"WebPage\",\"@id\":\"https:\/\/news.sap.com\/spain\/2023\/06\/redi-reconoce-la-labor-de-los-directivos-de-sap-miguel-castro-y-alba-herrero-en-el-top-lgbti-lideres-espana-2023\/\",\"url\":\"https:\/\/news.sap.com\/spain\/2023\/06\/redi-reconoce-la-labor-de-los-directivos-de-sap-miguel-castro-y-alba-herrero-en-el-top-lgbti-lideres-espana-2023\/\",\"name\":\"REDI reconoce la labor de los directivos de 麻豆原创 Miguel Castro y Alba Herrero en el TOP LGBTI L\u00edderes Espa\u00f1a 2023 - 麻豆原创 Espa\u00f1a News Center\",\"isPartOf\":{\"@id\":\"https:\/\/news.sap.com\/spain\/#website\"},\"primaryImageOfPage\":{\"@id\":\"https:\/\/news.sap.com\/spain\/2023\/06\/redi-reconoce-la-labor-de-los-directivos-de-sap-miguel-castro-y-alba-herrero-en-el-top-lgbti-lideres-espana-2023\/#primaryimage\"},\"image\":{\"@id\":\"https:\/\/news.sap.com\/spain\/2023\/06\/redi-reconoce-la-labor-de-los-directivos-de-sap-miguel-castro-y-alba-herrero-en-el-top-lgbti-lideres-espana-2023\/#primaryimage\"},\"thumbnailUrl\":\"https:\/\/news.sap.com\/spain\/files\/2023\/06\/28\/287833_GettyImages-1273197252_medium_jpg.jpg\",\"datePublished\":\"2023-06-28T11:22:34+00:00\",\"dateModified\":\"2023-10-16T15:29:22+00:00\",\"author\":{\"@id\":\"https:\/\/news.sap.com\/spain\/#\/schema\/person\/53b9854bd790d6f18f3fc4bbb2ad7570\"},\"breadcrumb\":{\"@id\":\"https:\/\/news.sap.com\/spain\/2023\/06\/redi-reconoce-la-labor-de-los-directivos-de-sap-miguel-castro-y-alba-herrero-en-el-top-lgbti-lideres-espana-2023\/#breadcrumb\"},\"inLanguage\":\"es\",\"potentialAction\":[{\"@type\":\"ReadAction\",\"target\":[\"https:\/\/news.sap.com\/spain\/2023\/06\/redi-reconoce-la-labor-de-los-directivos-de-sap-miguel-castro-y-alba-herrero-en-el-top-lgbti-lideres-espana-2023\/\"]}]},{\"@type\":\"ImageObject\",\"inLanguage\":\"es\",\"@id\":\"https:\/\/news.sap.com\/spain\/2023\/06\/redi-reconoce-la-labor-de-los-directivos-de-sap-miguel-castro-y-alba-herrero-en-el-top-lgbti-lideres-espana-2023\/#primaryimage\",\"url\":\"https:\/\/news.sap.com\/spain\/files\/2023\/06\/28\/287833_GettyImages-1273197252_medium_jpg.jpg\",\"contentUrl\":\"https:\/\/news.sap.com\/spain\/files\/2023\/06\/28\/287833_GettyImages-1273197252_medium_jpg.jpg\",\"width\":2000,\"height\":1500,\"caption\":\"lightpainting portrait, new art direction, long exposure photo without photoshop, light drawing at long exposure, lgbt color\"},{\"@type\":\"BreadcrumbList\",\"@id\":\"https:\/\/news.sap.com\/spain\/2023\/06\/redi-reconoce-la-labor-de-los-directivos-de-sap-miguel-castro-y-alba-herrero-en-el-top-lgbti-lideres-espana-2023\/#breadcrumb\",\"itemListElement\":[{\"@type\":\"ListItem\",\"position\":1,\"name\":\"Home\",\"item\":\"https:\/\/news.sap.com\/spain\/\"},{\"@type\":\"ListItem\",\"position\":2,\"name\":\"REDI reconoce la labor de los directivos de 麻豆原创 Miguel Castro y Alba Herrero en el TOP LGBTI L\u00edderes Espa\u00f1a 2023\"}]},{\"@type\":\"WebSite\",\"@id\":\"https:\/\/news.sap.com\/spain\/#website\",\"url\":\"https:\/\/news.sap.com\/spain\/\",\"name\":\"麻豆原创 Espa\u00f1a News Center\",\"description\":\"Noticias e informaci\u00f3n sobre 麻豆原创\",\"potentialAction\":[{\"@type\":\"SearchAction\",\"target\":{\"@type\":\"EntryPoint\",\"urlTemplate\":\"https:\/\/news.sap.com\/spain\/?s={search_term_string}\"},\"query-input\":{\"@type\":\"PropertyValueSpecification\",\"valueRequired\":true,\"valueName\":\"search_term_string\"}}],\"inLanguage\":\"es\"},{\"@type\":\"Person\",\"@id\":\"https:\/\/news.sap.com\/spain\/#\/schema\/person\/53b9854bd790d6f18f3fc4bbb2ad7570\",\"name\":\"麻豆原创 News\",\"image\":{\"@type\":\"ImageObject\",\"inLanguage\":\"es\",\"@id\":\"https:\/\/news.sap.com\/spain\/#\/schema\/person\/image\/\",\"url\":\"https:\/\/news.sap.com\/spain\/wp-content\/plugins\/wp-user-avatars\/wp-user-avatars\/assets\/images\/mystery.jpg\",\"contentUrl\":\"https:\/\/news.sap.com\/spain\/wp-content\/plugins\/wp-user-avatars\/wp-user-avatars\/assets\/images\/mystery.jpg\",\"caption\":\"麻豆原创 News\"},\"url\":\"https:\/\/news.sap.com\/spain\/author\/colleenraftery\/\"}]}<\/script>\n<!-- \/ Yoast SEO Premium plugin. -->","yoast_head_json":{"title":"REDI reconoce la labor de los directivos de 麻豆原创 Miguel Castro y Alba Herrero en el TOP LGBTI L\u00edderes Espa\u00f1a 2023 - 麻豆原创 Espa\u00f1a News Center","robots":{"index":"index","follow":"follow","max-snippet":"max-snippet:-1","max-image-preview":"max-image-preview:large","max-video-preview":"max-video-preview:-1"},"canonical":"https:\/\/news.sap.com\/spain\/2023\/06\/redi-reconoce-la-labor-de-los-directivos-de-sap-miguel-castro-y-alba-herrero-en-el-top-lgbti-lideres-espana-2023\/","og_locale":"es_ES","og_type":"article","og_title":"REDI reconoce la labor de los directivos de 麻豆原创 Miguel Castro y Alba Herrero en el TOP LGBTI L\u00edderes Espa\u00f1a 2023","og_description":"Por su contribuci\u00f3n a la creaci\u00f3n de \u00e1mbitos corporativos m\u00e1s diversos e inclusivos. Miguel Castro es director global de Diversidad e Inclusi\u00f3n en 麻豆原创, y...","og_url":"https:\/\/news.sap.com\/spain\/2023\/06\/redi-reconoce-la-labor-de-los-directivos-de-sap-miguel-castro-y-alba-herrero-en-el-top-lgbti-lideres-espana-2023\/","og_site_name":"麻豆原创 Espa\u00f1a News Center","article_published_time":"2023-06-28T11:22:34+00:00","article_modified_time":"2023-10-16T15:29:22+00:00","og_image":[{"width":2000,"height":1500,"url":"https:\/\/news.sap.com\/spain\/files\/2023\/06\/28\/287833_GettyImages-1273197252_medium_jpg.jpg","type":"image\/jpeg"}],"author":"麻豆原创 News","twitter_card":"summary_large_image","twitter_misc":{"Escrito por":"麻豆原创 News","Tiempo de lectura":"5 minutos"},"schema":{"@context":"https:\/\/schema.org","@graph":[{"@type":"Article","@id":"https:\/\/news.sap.com\/spain\/2023\/06\/redi-reconoce-la-labor-de-los-directivos-de-sap-miguel-castro-y-alba-herrero-en-el-top-lgbti-lideres-espana-2023\/#article","isPartOf":{"@id":"https:\/\/news.sap.com\/spain\/2023\/06\/redi-reconoce-la-labor-de-los-directivos-de-sap-miguel-castro-y-alba-herrero-en-el-top-lgbti-lideres-espana-2023\/"},"author":{"name":"麻豆原创 News","@id":"https:\/\/news.sap.com\/spain\/#\/schema\/person\/53b9854bd790d6f18f3fc4bbb2ad7570"},"headline":"REDI reconoce la labor de los directivos de 麻豆原创 Miguel Castro y Alba Herrero en el TOP LGBTI L\u00edderes Espa\u00f1a 2023","datePublished":"2023-06-28T11:22:34+00:00","dateModified":"2023-10-16T15:29:22+00:00","mainEntityOfPage":{"@id":"https:\/\/news.sap.com\/spain\/2023\/06\/redi-reconoce-la-labor-de-los-directivos-de-sap-miguel-castro-y-alba-herrero-en-el-top-lgbti-lideres-espana-2023\/"},"wordCount":1017,"image":{"@id":"https:\/\/news.sap.com\/spain\/2023\/06\/redi-reconoce-la-labor-de-los-directivos-de-sap-miguel-castro-y-alba-herrero-en-el-top-lgbti-lideres-espana-2023\/#primaryimage"},"thumbnailUrl":"https:\/\/news.sap.com\/spain\/files\/2023\/06\/28\/287833_GettyImages-1273197252_medium_jpg.jpg","keywords":["Diversidad e Inclusi\u00f3n; Pride@麻豆原创;"],"articleSection":["Corporativo"],"inLanguage":"es"},{"@type":"WebPage","@id":"https:\/\/news.sap.com\/spain\/2023\/06\/redi-reconoce-la-labor-de-los-directivos-de-sap-miguel-castro-y-alba-herrero-en-el-top-lgbti-lideres-espana-2023\/","url":"https:\/\/news.sap.com\/spain\/2023\/06\/redi-reconoce-la-labor-de-los-directivos-de-sap-miguel-castro-y-alba-herrero-en-el-top-lgbti-lideres-espana-2023\/","name":"REDI reconoce la labor de los directivos de 麻豆原创 Miguel Castro y Alba Herrero en el TOP LGBTI L\u00edderes Espa\u00f1a 2023 - 麻豆原创 Espa\u00f1a News Center","isPartOf":{"@id":"https:\/\/news.sap.com\/spain\/#website"},"primaryImageOfPage":{"@id":"https:\/\/news.sap.com\/spain\/2023\/06\/redi-reconoce-la-labor-de-los-directivos-de-sap-miguel-castro-y-alba-herrero-en-el-top-lgbti-lideres-espana-2023\/#primaryimage"},"image":{"@id":"https:\/\/news.sap.com\/spain\/2023\/06\/redi-reconoce-la-labor-de-los-directivos-de-sap-miguel-castro-y-alba-herrero-en-el-top-lgbti-lideres-espana-2023\/#primaryimage"},"thumbnailUrl":"https:\/\/news.sap.com\/spain\/files\/2023\/06\/28\/287833_GettyImages-1273197252_medium_jpg.jpg","datePublished":"2023-06-28T11:22:34+00:00","dateModified":"2023-10-16T15:29:22+00:00","author":{"@id":"https:\/\/news.sap.com\/spain\/#\/schema\/person\/53b9854bd790d6f18f3fc4bbb2ad7570"},"breadcrumb":{"@id":"https:\/\/news.sap.com\/spain\/2023\/06\/redi-reconoce-la-labor-de-los-directivos-de-sap-miguel-castro-y-alba-herrero-en-el-top-lgbti-lideres-espana-2023\/#breadcrumb"},"inLanguage":"es","potentialAction":[{"@type":"ReadAction","target":["https:\/\/news.sap.com\/spain\/2023\/06\/redi-reconoce-la-labor-de-los-directivos-de-sap-miguel-castro-y-alba-herrero-en-el-top-lgbti-lideres-espana-2023\/"]}]},{"@type":"ImageObject","inLanguage":"es","@id":"https:\/\/news.sap.com\/spain\/2023\/06\/redi-reconoce-la-labor-de-los-directivos-de-sap-miguel-castro-y-alba-herrero-en-el-top-lgbti-lideres-espana-2023\/#primaryimage","url":"https:\/\/news.sap.com\/spain\/files\/2023\/06\/28\/287833_GettyImages-1273197252_medium_jpg.jpg","contentUrl":"https:\/\/news.sap.com\/spain\/files\/2023\/06\/28\/287833_GettyImages-1273197252_medium_jpg.jpg","width":2000,"height":1500,"caption":"lightpainting portrait, new art direction, long exposure photo without photoshop, light drawing at long exposure, lgbt color"},{"@type":"BreadcrumbList","@id":"https:\/\/news.sap.com\/spain\/2023\/06\/redi-reconoce-la-labor-de-los-directivos-de-sap-miguel-castro-y-alba-herrero-en-el-top-lgbti-lideres-espana-2023\/#breadcrumb","itemListElement":[{"@type":"ListItem","position":1,"name":"Home","item":"https:\/\/news.sap.com\/spain\/"},{"@type":"ListItem","position":2,"name":"REDI reconoce la labor de los directivos de 麻豆原创 Miguel Castro y Alba Herrero en el TOP LGBTI L\u00edderes Espa\u00f1a 2023"}]},{"@type":"WebSite","@id":"https:\/\/news.sap.com\/spain\/#website","url":"https:\/\/news.sap.com\/spain\/","name":"麻豆原创 Espa\u00f1a News Center","description":"Noticias e informaci\u00f3n sobre 麻豆原创","potentialAction":[{"@type":"SearchAction","target":{"@type":"EntryPoint","urlTemplate":"https:\/\/news.sap.com\/spain\/?s={search_term_string}"},"query-input":{"@type":"PropertyValueSpecification","valueRequired":true,"valueName":"search_term_string"}}],"inLanguage":"es"},{"@type":"Person","@id":"https:\/\/news.sap.com\/spain\/#\/schema\/person\/53b9854bd790d6f18f3fc4bbb2ad7570","name":"麻豆原创 News","image":{"@type":"ImageObject","inLanguage":"es","@id":"https:\/\/news.sap.com\/spain\/#\/schema\/person\/image\/","url":"https:\/\/news.sap.com\/spain\/wp-content\/plugins\/wp-user-avatars\/wp-user-avatars\/assets\/images\/mystery.jpg","contentUrl":"https:\/\/news.sap.com\/spain\/wp-content\/plugins\/wp-user-avatars\/wp-user-avatars\/assets\/images\/mystery.jpg","caption":"麻豆原创 News"},"url":"https:\/\/news.sap.com\/spain\/author\/colleenraftery\/"}]}},"amp_enabled":true,"_links":{"self":[{"href":"https:\/\/news.sap.com\/spain\/wp-json\/wp\/v2\/posts\/6014","targetHints":{"allow":["GET"]}}],"collection":[{"href":"https:\/\/news.sap.com\/spain\/wp-json\/wp\/v2\/posts"}],"about":[{"href":"https:\/\/news.sap.com\/spain\/wp-json\/wp\/v2\/types\/post"}],"author":[{"embeddable":true,"href":"https:\/\/news.sap.com\/spain\/wp-json\/wp\/v2\/users\/29"}],"replies":[{"embeddable":true,"href":"https:\/\/news.sap.com\/spain\/wp-json\/wp\/v2\/comments?post=6014"}],"version-history":[{"count":0,"href":"https:\/\/news.sap.com\/spain\/wp-json\/wp\/v2\/posts\/6014\/revisions"}],"wp:featuredmedia":[{"embeddable":true,"href":"https:\/\/news.sap.com\/spain\/wp-json\/wp\/v2\/media\/6019"}],"wp:attachment":[{"href":"https:\/\/news.sap.com\/spain\/wp-json\/wp\/v2\/media?parent=6014"}],"wp:term":[{"taxonomy":"category","embeddable":true,"href":"https:\/\/news.sap.com\/spain\/wp-json\/wp\/v2\/categories?post=6014"},{"taxonomy":"post_tag","embeddable":true,"href":"https:\/\/news.sap.com\/spain\/wp-json\/wp\/v2\/tags?post=6014"},{"taxonomy":"sapn-display","embeddable":true,"href":"https:\/\/news.sap.com\/spain\/wp-json\/wp\/v2\/sapn-display?post=6014"},{"taxonomy":"sapn-type","embeddable":true,"href":"https:\/\/news.sap.com\/spain\/wp-json\/wp\/v2\/sapn-type?post=6014"}],"curies":[{"name":"wp","href":"https:\/\/api.w.org\/{rel}","templated":true}]}}