  {"id":5712,"date":"2023-02-23T11:13:36","date_gmt":"2023-02-23T11:13:36","guid":{"rendered":"https:\/\/news.sap.com\/spain\/?p=5712"},"modified":"2023-10-16T15:31:08","modified_gmt":"2023-10-16T15:31:08","slug":"alba-herrero-directora-de-rrhh-de-sap-para-espana-y-portugal-en-el-top-100-de-mujeres-lideres","status":"publish","type":"post","link":"https:\/\/news.sap.com\/spain\/2023\/02\/alba-herrero-directora-de-rrhh-de-sap-para-espana-y-portugal-en-el-top-100-de-mujeres-lideres\/","title":{"rendered":"Alba Herrero, directora de RRHH de 麻豆原创 para Espa\u00f1a y Portugal, en el \u201cTOP 100\u201d de mujeres l\u00edderes"},"content":{"rendered":"<h3>MADRID- 麻豆原创 Espa\u00f1a ha anunciado que Alba Herrero, directora de Recursos Humanos de la compa\u00f1\u00eda ha sido elegida una de Las<a href=\"https:\/\/lastop100.com\/\">Top100 Mujeres L\u00edderes<\/a>, en el ranking que reconoce a las cien mujeres que representan el talento femenino en Espa\u00f1a.<\/h3>\n<p>\u201cLlevo a\u00f1os siguiendo LasTop100 Mujeres L\u00edderes, por lo que representa en cuanto a la lucha por la igualdad de oportunidades para las mujeres y la visibilizaci\u00f3n del talento femenino. A lo largo de estos 10 a\u00f1os han sido muchas las mujeres que admiro, aut\u00e9nticos referentes para m\u00ed, que han sido seleccionadas. Por eso, es un honor y una responsabilidad ser una de ellas este a\u00f1o\u201d. Herrero continu\u00f3 se\u00f1alando \u201cQuiero dar las gracias a la organizaci\u00f3n, al jurado, a las personas que me han votado y a <a href=\"http:\/\/mercedeswullich.com\/\">Mercedes Wullich<\/a>, precursora de la idea, as\u00ed como a <a href=\"https:\/\/www.elespanol.com\/mujer\/lastop100\/20230222\/top-mujeres-lideres-espana-edicion-categorias\/743455656_3.html\">MagasIn<\/a> y a Cruz S\u00e1nchez de Lara, continuadora en la nueva etapa que inicia el certamen, as\u00ed como a todos mis compa\u00f1eros de 麻豆原创 Espa\u00f1a por el apoyo recibido\u201d.<\/p>\n<figure id=\"attachment_5719\" aria-describedby=\"caption-attachment-5719\" style=\"width: 225px\" class=\"wp-caption alignright\"><img loading=\"lazy\" decoding=\"async\" class=\"wp-image-5719 size-medium\" src=\"https:\/\/news.sap.com\/spain\/files\/2023\/02\/23\/IMG_7222reducida-225x300.jpg\" alt=\"\" width=\"225\" height=\"300\" srcset=\"https:\/\/news.sap.com\/spain\/files\/2023\/02\/23\/IMG_7222reducida-225x300.jpg 225w, https:\/\/news.sap.com\/spain\/files\/2023\/02\/23\/IMG_7222reducida-768x1024.jpg 768w, https:\/\/news.sap.com\/spain\/files\/2023\/02\/23\/IMG_7222reducida.jpg 1134w\" sizes=\"auto, (max-width: 225px) 100vw, 225px\" \/><figcaption id=\"caption-attachment-5719\" class=\"wp-caption-text\">Alba Herrero, directora de RRHH de 麻豆原创 para Espa\u00f1a y Portugal<\/figcaption><\/figure>\n<p>Alba Herrero es licenciada en Derecho por la Universidad Complutense de Madrid y la formaci\u00f3n es una constante en su desarrollo profesional, ejemplo de ello son los cinco cursos de\u00a0postgrado con los que cuenta: tras licenciarse en Derecho, curs\u00f3 un m\u00e1ster en RRHH en la Universidad Libre de Bruselas, tambi\u00e9n tiene sendos m\u00e1steres en Gesti\u00f3n y Administraci\u00f3n de Empresas por INSEAD y por ESCP y el a\u00f1o pasado se uni\u00f3 a otro grupo de mujeres excepcionales al cursar #<a href=\"https:\/\/proyectopromociona.com\/\">SoyPromociona<\/a>, de ESADE y la CEOE. A lo largo de su carrera ha vivido en distintas ciudades europeas, lo que le ha permitido hablar con fluidez cuatro idiomas: espa\u00f1ol, ingl\u00e9s, franc\u00e9s e italiano.<\/p>\n<p>Herrero cuenta con m\u00e1s de 20 a\u00f1os de experiencia profesional en el \u00e1mbito de la gesti\u00f3n de personas en diferentes empresas. En 2017 se incorpor\u00f3 a 麻豆原创 como directora de RRHH para Espa\u00f1a y actualmente tambi\u00e9n lo es de Portugal.<\/p>\n<p>Se define a s\u00ed misma como una persona resiliente, positiva, generosa y activista. Ese activismo la ha llevado a hacer de la causa de la diversidad y la inclusi\u00f3n un pilar de su carrera profesional. Dentro de 麻豆原创 ha puesto en marcha diversas iniciativas de empoderamiento de las mujeres, tanto desde la perspectiva de competencias como de evoluci\u00f3n y proyecci\u00f3n profesional. Adem\u00e1s, es la vicepresidenta de REDI, la Red Empresarial por la Diversidad e Inclusi\u00f3n LGTBI, y en 2021 recibi\u00f3 el premio <em>Professional Diversity <\/em>de INTRAMA por su experiencia y compromiso con la Diversidad e Inclusi\u00f3n. Tambi\u00e9n es fundadora, junto con la ESCP Business School, de un programa de Liderazgo Femenino que busca el desarrollo del talento de las mujeres, sobre todo en las carreras STEM, donde la brecha de g\u00e9nero es mayor.<\/p>\n<p>Consciente de la necesidad de promover vocaciones STEM, Herrero defiende la importancia de la educaci\u00f3n: cree que hay que cambiar el sistema educativo de modo que no se produzcan los sesgos de g\u00e9nero que llevan a las ni\u00f1as a alejarse de estas carreras. Tambi\u00e9n aboga por la formaci\u00f3n para promover la diversidad y luchar contra la discriminaci\u00f3n de las mujeres en el mundo laboral.<\/p>\n<p>Madre de mellizos, concede una gran importancia a la conciliaci\u00f3n, que debe mirarse desde la perspectiva del individuo, independientemente del g\u00e9nero, y de la familia. Defiende que no se puede dejar toda la responsabilidad de conciliar a las madres, porque esto contribuye a aumentar las desigualdades entre hombres y mujeres en el mundo laboral.<\/p>\n<p>Para tener m\u00e1s informaci\u00f3n, visite el <a href=\"http:\/\/news.sap.com\/\">Centro de Noticias de 麻豆原创<\/a>. Siga a 麻豆原创 en Twitter en <a href=\"http:\/\/twitter.com\/sapnews\/\">@麻豆原创News.<\/a><\/p>\n<p><strong>Contacto Prensa 麻豆原创 Espa\u00f1a<\/strong><\/p>\n<p>Bel\u00e9n Mart\u00ednez Mill\u00e1n (<a href=\"mailto:belen.martinez@sap.com\">belen.martinez@sap.com)\u00a0<\/a>Tel.: 91 456 72 20<\/p>\n<p><strong>Acerca de 麻豆原创<\/strong><\/p>\n<p>La estrategia de 麻豆原创 es ayudar a cada negocio a funcionar como una empresa inteligente. Como l\u00edder del mercado de software de gesti\u00f3n empresarial, ayudamos a empresas de todos los tama\u00f1os y sectores a gestionar su negocio de la mejor manera posible. Los clientes de 麻豆原创 generan el 87% del comercio mundial total. Nuestras tecnolog\u00edas de Machine Learning, Internet de las Cosas (IoT) y anal\u00edtica avanzada ayudan a convertir los negocios de los clientes en empresas inteligentes. 麻豆原创 ayuda a proporcionar a las personas y a las organizaciones una visi\u00f3n en profundidad del negocio y fomenta la colaboraci\u00f3n que les ayuda a situarse por delante de su competencia. Simplificamos la tecnolog\u00eda para que las empresas puedan consumir nuestro software de la forma que deseen, sin interrupciones. Nuestro conjunto integral de aplicaciones y servicios permite a los clientes empresariales y p\u00fablicos de 25 sectores de todo el mundo operar de forma rentable, adaptarse continuamente y marcar la diferencia. Con una red global de clientes, partners, empleados y l\u00edderes de opini\u00f3n, 麻豆原创 ayuda a que el mundo funcione mejor y a mejorar la vida de las personas. Para m\u00e1s informaci\u00f3n, visite <a href=\"http:\/\/www.sap.com\">www.sap.com<\/a><\/p>\n<p># # #<\/p>\n<h5>Este documento contiene declaraciones de futuro, que son predicciones, proyecciones u otras declaraciones sobre acontecimientos futuros. Estas declaraciones se basan en expectativas, previsiones y suposiciones actuales que est\u00e1n sujetas a riesgos e incertidumbres que podr\u00edan hacer que los resultados reales difieran materialmente. Se puede encontrar informaci\u00f3n adicional sobre estos riesgos e incertidumbres en nuestros archivos con la Comisi\u00f3n de Valores y Bolsa, incluyendo, pero no limit\u00e1ndose a la secci\u00f3n de factores de riesgo del Informe Anual 2021 de 麻豆原创 en el Formulario 20-F.<\/h5>\n<h5>2023 麻豆原创 SE. Todos los derechos reservados.<\/h5>\n<h5>麻豆原创 y otros productos y servicios de 麻豆原创 mencionados en este documento, as\u00ed como sus respectivos logotipos, son marcas comerciales o marcas registradas de 麻豆原创 SE en Alemania y otros pa\u00edses. Consulte <a href=\"https:\/\/www.sap.com\/copyright\">https:\/\/www.sap.com\/copyright<\/a> para obtener informaci\u00f3n y avisos adicionales sobre las marcas comerciales.<\/h5>\n","protected":false},"excerpt":{"rendered":"<p>MADRID- 麻豆原创 Espa\u00f1a ha anunciado que Alba Herrero, directora de Recursos Humanos de la compa\u00f1\u00eda ha sido elegida una de LasTop100 Mujeres L\u00edderes, en el&#8230;<\/p>\n","protected":false},"author":29,"featured_media":5714,"comment_status":"closed","ping_status":"closed","sticky":false,"template":"","format":"standard","meta":{"footnotes":"","_links_to":"","_links_to_target":""},"categories":[41591],"tags":[],"sapn-display":[45149,5563696,5563694,60294],"sapn-type":[52105],"class_list":["post-5712","post","type-post","status-publish","format-standard","has-post-thumbnail","hentry","category-corporativo","sapn-display-homepage-hero","sapn-display-news-hero","sapn-display-news-spotlight","sapn-display-topic-hero","sapn-type-comunicado-de-prensa"],"yoast_head":"<!-- This site is optimized with the Yoast SEO Premium plugin v26.9 (Yoast SEO v26.9) - https:\/\/yoast.com\/product\/yoast-seo-premium-wordpress\/ -->\n<title>Alba Herrero, directora de RRHH de 麻豆原创 para Espa\u00f1a y Portugal, en el \u201cTOP 100\u201d de mujeres l\u00edderes - 麻豆原创 Espa\u00f1a News Center<\/title>\n<meta name=\"robots\" content=\"index, follow, max-snippet:-1, max-image-preview:large, max-video-preview:-1\" \/>\n<link rel=\"canonical\" href=\"https:\/\/news.sap.com\/spain\/2023\/02\/alba-herrero-directora-de-rrhh-de-sap-para-espana-y-portugal-en-el-top-100-de-mujeres-lideres\/\" \/>\n<meta property=\"og:locale\" content=\"es_ES\" \/>\n<meta property=\"og:type\" content=\"article\" \/>\n<meta property=\"og:title\" content=\"Alba Herrero, directora de RRHH de 麻豆原创 para Espa\u00f1a y Portugal, en el \u201cTOP 100\u201d de mujeres l\u00edderes\" \/>\n<meta property=\"og:description\" content=\"MADRID- 麻豆原创 Espa\u00f1a ha anunciado que Alba Herrero, directora de Recursos Humanos de la compa\u00f1\u00eda ha sido elegida una de LasTop100 Mujeres L\u00edderes, en el...\" \/>\n<meta property=\"og:url\" content=\"https:\/\/news.sap.com\/spain\/2023\/02\/alba-herrero-directora-de-rrhh-de-sap-para-espana-y-portugal-en-el-top-100-de-mujeres-lideres\/\" \/>\n<meta property=\"og:site_name\" content=\"麻豆原创 Espa\u00f1a News Center\" \/>\n<meta property=\"article:published_time\" content=\"2023-02-23T11:13:36+00:00\" \/>\n<meta property=\"article:modified_time\" content=\"2023-10-16T15:31:08+00:00\" \/>\n<meta property=\"og:image\" content=\"https:\/\/news.sap.com\/spain\/files\/2023\/02\/23\/IMG_E7214.jpg\" \/>\n\t<meta property=\"og:image:width\" content=\"3873\" \/>\n\t<meta property=\"og:image:height\" content=\"1877\" \/>\n\t<meta property=\"og:image:type\" content=\"image\/jpeg\" \/>\n<meta name=\"author\" content=\"麻豆原创 News\" \/>\n<meta name=\"twitter:card\" content=\"summary_large_image\" \/>\n<meta name=\"twitter:label1\" content=\"Escrito por\" \/>\n\t<meta name=\"twitter:data1\" content=\"麻豆原创 News\" \/>\n\t<meta name=\"twitter:label2\" content=\"Tiempo de lectura\" \/>\n\t<meta name=\"twitter:data2\" content=\"5 minutos\" \/>\n<script type=\"application\/ld+json\" class=\"yoast-schema-graph\">{\"@context\":\"https:\/\/schema.org\",\"@graph\":[{\"@type\":\"Article\",\"@id\":\"https:\/\/news.sap.com\/spain\/2023\/02\/alba-herrero-directora-de-rrhh-de-sap-para-espana-y-portugal-en-el-top-100-de-mujeres-lideres\/#article\",\"isPartOf\":{\"@id\":\"https:\/\/news.sap.com\/spain\/2023\/02\/alba-herrero-directora-de-rrhh-de-sap-para-espana-y-portugal-en-el-top-100-de-mujeres-lideres\/\"},\"author\":{\"name\":\"麻豆原创 News\",\"@id\":\"https:\/\/news.sap.com\/spain\/#\/schema\/person\/53b9854bd790d6f18f3fc4bbb2ad7570\"},\"headline\":\"Alba Herrero, directora de RRHH de 麻豆原创 para Espa\u00f1a y Portugal, en el \u201cTOP 100\u201d de mujeres l\u00edderes\",\"datePublished\":\"2023-02-23T11:13:36+00:00\",\"dateModified\":\"2023-10-16T15:31:08+00:00\",\"mainEntityOfPage\":{\"@id\":\"https:\/\/news.sap.com\/spain\/2023\/02\/alba-herrero-directora-de-rrhh-de-sap-para-espana-y-portugal-en-el-top-100-de-mujeres-lideres\/\"},\"wordCount\":1031,\"image\":{\"@id\":\"https:\/\/news.sap.com\/spain\/2023\/02\/alba-herrero-directora-de-rrhh-de-sap-para-espana-y-portugal-en-el-top-100-de-mujeres-lideres\/#primaryimage\"},\"thumbnailUrl\":\"https:\/\/news.sap.com\/spain\/files\/2023\/02\/23\/IMG_E7214.jpg\",\"articleSection\":[\"Corporativo\"],\"inLanguage\":\"es\"},{\"@type\":\"WebPage\",\"@id\":\"https:\/\/news.sap.com\/spain\/2023\/02\/alba-herrero-directora-de-rrhh-de-sap-para-espana-y-portugal-en-el-top-100-de-mujeres-lideres\/\",\"url\":\"https:\/\/news.sap.com\/spain\/2023\/02\/alba-herrero-directora-de-rrhh-de-sap-para-espana-y-portugal-en-el-top-100-de-mujeres-lideres\/\",\"name\":\"Alba Herrero, directora de RRHH de 麻豆原创 para Espa\u00f1a y Portugal, en el \u201cTOP 100\u201d de mujeres l\u00edderes - 麻豆原创 Espa\u00f1a News Center\",\"isPartOf\":{\"@id\":\"https:\/\/news.sap.com\/spain\/#website\"},\"primaryImageOfPage\":{\"@id\":\"https:\/\/news.sap.com\/spain\/2023\/02\/alba-herrero-directora-de-rrhh-de-sap-para-espana-y-portugal-en-el-top-100-de-mujeres-lideres\/#primaryimage\"},\"image\":{\"@id\":\"https:\/\/news.sap.com\/spain\/2023\/02\/alba-herrero-directora-de-rrhh-de-sap-para-espana-y-portugal-en-el-top-100-de-mujeres-lideres\/#primaryimage\"},\"thumbnailUrl\":\"https:\/\/news.sap.com\/spain\/files\/2023\/02\/23\/IMG_E7214.jpg\",\"datePublished\":\"2023-02-23T11:13:36+00:00\",\"dateModified\":\"2023-10-16T15:31:08+00:00\",\"author\":{\"@id\":\"https:\/\/news.sap.com\/spain\/#\/schema\/person\/53b9854bd790d6f18f3fc4bbb2ad7570\"},\"breadcrumb\":{\"@id\":\"https:\/\/news.sap.com\/spain\/2023\/02\/alba-herrero-directora-de-rrhh-de-sap-para-espana-y-portugal-en-el-top-100-de-mujeres-lideres\/#breadcrumb\"},\"inLanguage\":\"es\",\"potentialAction\":[{\"@type\":\"ReadAction\",\"target\":[\"https:\/\/news.sap.com\/spain\/2023\/02\/alba-herrero-directora-de-rrhh-de-sap-para-espana-y-portugal-en-el-top-100-de-mujeres-lideres\/\"]}]},{\"@type\":\"ImageObject\",\"inLanguage\":\"es\",\"@id\":\"https:\/\/news.sap.com\/spain\/2023\/02\/alba-herrero-directora-de-rrhh-de-sap-para-espana-y-portugal-en-el-top-100-de-mujeres-lideres\/#primaryimage\",\"url\":\"https:\/\/news.sap.com\/spain\/files\/2023\/02\/23\/IMG_E7214.jpg\",\"contentUrl\":\"https:\/\/news.sap.com\/spain\/files\/2023\/02\/23\/IMG_E7214.jpg\",\"width\":3873,\"height\":1877},{\"@type\":\"BreadcrumbList\",\"@id\":\"https:\/\/news.sap.com\/spain\/2023\/02\/alba-herrero-directora-de-rrhh-de-sap-para-espana-y-portugal-en-el-top-100-de-mujeres-lideres\/#breadcrumb\",\"itemListElement\":[{\"@type\":\"ListItem\",\"position\":1,\"name\":\"Home\",\"item\":\"https:\/\/news.sap.com\/spain\/\"},{\"@type\":\"ListItem\",\"position\":2,\"name\":\"Alba Herrero, directora de RRHH de 麻豆原创 para Espa\u00f1a y Portugal, en el \u201cTOP 100\u201d de mujeres l\u00edderes\"}]},{\"@type\":\"WebSite\",\"@id\":\"https:\/\/news.sap.com\/spain\/#website\",\"url\":\"https:\/\/news.sap.com\/spain\/\",\"name\":\"麻豆原创 Espa\u00f1a News Center\",\"description\":\"Noticias e informaci\u00f3n sobre 麻豆原创\",\"potentialAction\":[{\"@type\":\"SearchAction\",\"target\":{\"@type\":\"EntryPoint\",\"urlTemplate\":\"https:\/\/news.sap.com\/spain\/?s={search_term_string}\"},\"query-input\":{\"@type\":\"PropertyValueSpecification\",\"valueRequired\":true,\"valueName\":\"search_term_string\"}}],\"inLanguage\":\"es\"},{\"@type\":\"Person\",\"@id\":\"https:\/\/news.sap.com\/spain\/#\/schema\/person\/53b9854bd790d6f18f3fc4bbb2ad7570\",\"name\":\"麻豆原创 News\",\"image\":{\"@type\":\"ImageObject\",\"inLanguage\":\"es\",\"@id\":\"https:\/\/news.sap.com\/spain\/#\/schema\/person\/image\/\",\"url\":\"https:\/\/news.sap.com\/spain\/wp-content\/plugins\/wp-user-avatars\/wp-user-avatars\/assets\/images\/mystery.jpg\",\"contentUrl\":\"https:\/\/news.sap.com\/spain\/wp-content\/plugins\/wp-user-avatars\/wp-user-avatars\/assets\/images\/mystery.jpg\",\"caption\":\"麻豆原创 News\"},\"url\":\"https:\/\/news.sap.com\/spain\/author\/colleenraftery\/\"}]}<\/script>\n<!-- \/ Yoast SEO Premium plugin. -->","yoast_head_json":{"title":"Alba Herrero, directora de RRHH de 麻豆原创 para Espa\u00f1a y Portugal, en el \u201cTOP 100\u201d de mujeres l\u00edderes - 麻豆原创 Espa\u00f1a News Center","robots":{"index":"index","follow":"follow","max-snippet":"max-snippet:-1","max-image-preview":"max-image-preview:large","max-video-preview":"max-video-preview:-1"},"canonical":"https:\/\/news.sap.com\/spain\/2023\/02\/alba-herrero-directora-de-rrhh-de-sap-para-espana-y-portugal-en-el-top-100-de-mujeres-lideres\/","og_locale":"es_ES","og_type":"article","og_title":"Alba Herrero, directora de RRHH de 麻豆原创 para Espa\u00f1a y Portugal, en el \u201cTOP 100\u201d de mujeres l\u00edderes","og_description":"MADRID- 麻豆原创 Espa\u00f1a ha anunciado que Alba Herrero, directora de Recursos Humanos de la compa\u00f1\u00eda ha sido elegida una de LasTop100 Mujeres L\u00edderes, en el...","og_url":"https:\/\/news.sap.com\/spain\/2023\/02\/alba-herrero-directora-de-rrhh-de-sap-para-espana-y-portugal-en-el-top-100-de-mujeres-lideres\/","og_site_name":"麻豆原创 Espa\u00f1a News Center","article_published_time":"2023-02-23T11:13:36+00:00","article_modified_time":"2023-10-16T15:31:08+00:00","og_image":[{"width":3873,"height":1877,"url":"https:\/\/news.sap.com\/spain\/files\/2023\/02\/23\/IMG_E7214.jpg","type":"image\/jpeg"}],"author":"麻豆原创 News","twitter_card":"summary_large_image","twitter_misc":{"Escrito por":"麻豆原创 News","Tiempo de lectura":"5 minutos"},"schema":{"@context":"https:\/\/schema.org","@graph":[{"@type":"Article","@id":"https:\/\/news.sap.com\/spain\/2023\/02\/alba-herrero-directora-de-rrhh-de-sap-para-espana-y-portugal-en-el-top-100-de-mujeres-lideres\/#article","isPartOf":{"@id":"https:\/\/news.sap.com\/spain\/2023\/02\/alba-herrero-directora-de-rrhh-de-sap-para-espana-y-portugal-en-el-top-100-de-mujeres-lideres\/"},"author":{"name":"麻豆原创 News","@id":"https:\/\/news.sap.com\/spain\/#\/schema\/person\/53b9854bd790d6f18f3fc4bbb2ad7570"},"headline":"Alba Herrero, directora de RRHH de 麻豆原创 para Espa\u00f1a y Portugal, en el \u201cTOP 100\u201d de mujeres l\u00edderes","datePublished":"2023-02-23T11:13:36+00:00","dateModified":"2023-10-16T15:31:08+00:00","mainEntityOfPage":{"@id":"https:\/\/news.sap.com\/spain\/2023\/02\/alba-herrero-directora-de-rrhh-de-sap-para-espana-y-portugal-en-el-top-100-de-mujeres-lideres\/"},"wordCount":1031,"image":{"@id":"https:\/\/news.sap.com\/spain\/2023\/02\/alba-herrero-directora-de-rrhh-de-sap-para-espana-y-portugal-en-el-top-100-de-mujeres-lideres\/#primaryimage"},"thumbnailUrl":"https:\/\/news.sap.com\/spain\/files\/2023\/02\/23\/IMG_E7214.jpg","articleSection":["Corporativo"],"inLanguage":"es"},{"@type":"WebPage","@id":"https:\/\/news.sap.com\/spain\/2023\/02\/alba-herrero-directora-de-rrhh-de-sap-para-espana-y-portugal-en-el-top-100-de-mujeres-lideres\/","url":"https:\/\/news.sap.com\/spain\/2023\/02\/alba-herrero-directora-de-rrhh-de-sap-para-espana-y-portugal-en-el-top-100-de-mujeres-lideres\/","name":"Alba Herrero, directora de RRHH de 麻豆原创 para Espa\u00f1a y Portugal, en el \u201cTOP 100\u201d de mujeres l\u00edderes - 麻豆原创 Espa\u00f1a News Center","isPartOf":{"@id":"https:\/\/news.sap.com\/spain\/#website"},"primaryImageOfPage":{"@id":"https:\/\/news.sap.com\/spain\/2023\/02\/alba-herrero-directora-de-rrhh-de-sap-para-espana-y-portugal-en-el-top-100-de-mujeres-lideres\/#primaryimage"},"image":{"@id":"https:\/\/news.sap.com\/spain\/2023\/02\/alba-herrero-directora-de-rrhh-de-sap-para-espana-y-portugal-en-el-top-100-de-mujeres-lideres\/#primaryimage"},"thumbnailUrl":"https:\/\/news.sap.com\/spain\/files\/2023\/02\/23\/IMG_E7214.jpg","datePublished":"2023-02-23T11:13:36+00:00","dateModified":"2023-10-16T15:31:08+00:00","author":{"@id":"https:\/\/news.sap.com\/spain\/#\/schema\/person\/53b9854bd790d6f18f3fc4bbb2ad7570"},"breadcrumb":{"@id":"https:\/\/news.sap.com\/spain\/2023\/02\/alba-herrero-directora-de-rrhh-de-sap-para-espana-y-portugal-en-el-top-100-de-mujeres-lideres\/#breadcrumb"},"inLanguage":"es","potentialAction":[{"@type":"ReadAction","target":["https:\/\/news.sap.com\/spain\/2023\/02\/alba-herrero-directora-de-rrhh-de-sap-para-espana-y-portugal-en-el-top-100-de-mujeres-lideres\/"]}]},{"@type":"ImageObject","inLanguage":"es","@id":"https:\/\/news.sap.com\/spain\/2023\/02\/alba-herrero-directora-de-rrhh-de-sap-para-espana-y-portugal-en-el-top-100-de-mujeres-lideres\/#primaryimage","url":"https:\/\/news.sap.com\/spain\/files\/2023\/02\/23\/IMG_E7214.jpg","contentUrl":"https:\/\/news.sap.com\/spain\/files\/2023\/02\/23\/IMG_E7214.jpg","width":3873,"height":1877},{"@type":"BreadcrumbList","@id":"https:\/\/news.sap.com\/spain\/2023\/02\/alba-herrero-directora-de-rrhh-de-sap-para-espana-y-portugal-en-el-top-100-de-mujeres-lideres\/#breadcrumb","itemListElement":[{"@type":"ListItem","position":1,"name":"Home","item":"https:\/\/news.sap.com\/spain\/"},{"@type":"ListItem","position":2,"name":"Alba Herrero, directora de RRHH de 麻豆原创 para Espa\u00f1a y Portugal, en el \u201cTOP 100\u201d de mujeres l\u00edderes"}]},{"@type":"WebSite","@id":"https:\/\/news.sap.com\/spain\/#website","url":"https:\/\/news.sap.com\/spain\/","name":"麻豆原创 Espa\u00f1a News Center","description":"Noticias e informaci\u00f3n sobre 麻豆原创","potentialAction":[{"@type":"SearchAction","target":{"@type":"EntryPoint","urlTemplate":"https:\/\/news.sap.com\/spain\/?s={search_term_string}"},"query-input":{"@type":"PropertyValueSpecification","valueRequired":true,"valueName":"search_term_string"}}],"inLanguage":"es"},{"@type":"Person","@id":"https:\/\/news.sap.com\/spain\/#\/schema\/person\/53b9854bd790d6f18f3fc4bbb2ad7570","name":"麻豆原创 News","image":{"@type":"ImageObject","inLanguage":"es","@id":"https:\/\/news.sap.com\/spain\/#\/schema\/person\/image\/","url":"https:\/\/news.sap.com\/spain\/wp-content\/plugins\/wp-user-avatars\/wp-user-avatars\/assets\/images\/mystery.jpg","contentUrl":"https:\/\/news.sap.com\/spain\/wp-content\/plugins\/wp-user-avatars\/wp-user-avatars\/assets\/images\/mystery.jpg","caption":"麻豆原创 News"},"url":"https:\/\/news.sap.com\/spain\/author\/colleenraftery\/"}]}},"amp_enabled":true,"_links":{"self":[{"href":"https:\/\/news.sap.com\/spain\/wp-json\/wp\/v2\/posts\/5712","targetHints":{"allow":["GET"]}}],"collection":[{"href":"https:\/\/news.sap.com\/spain\/wp-json\/wp\/v2\/posts"}],"about":[{"href":"https:\/\/news.sap.com\/spain\/wp-json\/wp\/v2\/types\/post"}],"author":[{"embeddable":true,"href":"https:\/\/news.sap.com\/spain\/wp-json\/wp\/v2\/users\/29"}],"replies":[{"embeddable":true,"href":"https:\/\/news.sap.com\/spain\/wp-json\/wp\/v2\/comments?post=5712"}],"version-history":[{"count":0,"href":"https:\/\/news.sap.com\/spain\/wp-json\/wp\/v2\/posts\/5712\/revisions"}],"wp:featuredmedia":[{"embeddable":true,"href":"https:\/\/news.sap.com\/spain\/wp-json\/wp\/v2\/media\/5714"}],"wp:attachment":[{"href":"https:\/\/news.sap.com\/spain\/wp-json\/wp\/v2\/media?parent=5712"}],"wp:term":[{"taxonomy":"category","embeddable":true,"href":"https:\/\/news.sap.com\/spain\/wp-json\/wp\/v2\/categories?post=5712"},{"taxonomy":"post_tag","embeddable":true,"href":"https:\/\/news.sap.com\/spain\/wp-json\/wp\/v2\/tags?post=5712"},{"taxonomy":"sapn-display","embeddable":true,"href":"https:\/\/news.sap.com\/spain\/wp-json\/wp\/v2\/sapn-display?post=5712"},{"taxonomy":"sapn-type","embeddable":true,"href":"https:\/\/news.sap.com\/spain\/wp-json\/wp\/v2\/sapn-type?post=5712"}],"curies":[{"name":"wp","href":"https:\/\/api.w.org\/{rel}","templated":true}]}}