  {"id":5650,"date":"2023-02-06T12:02:03","date_gmt":"2023-02-06T12:02:03","guid":{"rendered":"https:\/\/news.sap.com\/spain\/?p=5650"},"modified":"2023-10-16T15:36:11","modified_gmt":"2023-10-16T15:36:11","slug":"en-un-mundo-fragmentado-es-la-tecnologia-la-que-nos-une","status":"publish","type":"post","link":"https:\/\/news.sap.com\/spain\/2023\/02\/en-un-mundo-fragmentado-es-la-tecnologia-la-que-nos-une\/","title":{"rendered":"En un mundo fragmentado, es la tecnolog\u00eda la que nos une"},"content":{"rendered":"<h2>El mundo actual est\u00e1 marcado por problemas econ\u00f3micos y no econ\u00f3micos que est\u00e1n estrechamente relacionados: volatilidad de los mercados, inflaci\u00f3n, tensiones geopol\u00edticas y guerras, crisis energ\u00e9tica y cambio clim\u00e1tico. Ninguna empresa, gobierno o sociedad puede hacer frente por s\u00ed sola a retos de esta envergadura.<\/h2>\n<p>Es necesario cambiar para lograr unir un mundo que se encuentra fragmentado. Ese cambio debe producirse tanto dentro de nuestro propio \u00e1mbito como fuera de \u00e9l, y la tecnolog\u00eda desempe\u00f1a un papel fundamental en este sentido.<\/p>\n<h2><strong>Modelos de negocio: de empresas anal\u00f3gicas a empresas inteligentes<\/strong><\/h2>\n<p>Ante desaf\u00edos tales como las fuertes fluctuaciones de la oferta y la demanda, un comportamiento de compra cambiante y la creciente presi\u00f3n por innovar, las empresas reconocen que necesitan ser m\u00e1s \u00e1giles y resilientes. Pero muchas de ellas se enfrentan a procesos fragmentados que les impiden reaccionar con rapidez a los cambios. Los datos suelen almacenarse en silos y, por tanto, no est\u00e1n disponibles de igual forma para todos los responsables de la toma de decisiones.<\/p>\n<p>La digitalizaci\u00f3n y la automatizaci\u00f3n de los procesos b\u00e1sicos no s\u00f3lo suponen una ventaja competitiva, sino que son fundamentales para la supervivencia de una organizaci\u00f3n. No se trata de sustituir a las personas por tecnolog\u00eda. Se trata de devolver a las personas la libertad de hacer lo que mejor saben hacer: ser creativas. Con datos fiables y la ayuda de la inteligencia artificial, las empresas son m\u00e1s capaces de hacer un seguimiento de lo que ocurre en su negocio y las razones que lo explican. Esto no s\u00f3lo las hace m\u00e1s eficientes, sino tambi\u00e9n m\u00e1s flexibles y r\u00e1pidas, especialmente en tiempos de crisis.<\/p>\n<p>Sin embargo, ya no es suficiente con ser resiliente como empresa particular. Se trata s\u00f3lo del primer paso hacia una nueva forma de hacer negocios.<\/p>\n<h2><strong>Cadenas de suministro: de las conexiones lineales a las redes empresariales transparentes<\/strong><\/h2>\n<p>La globalizaci\u00f3n ha hecho que nuestras cadenas de suministro sean m\u00e1s complejas y, en consecuencia, tambi\u00e9n m\u00e1s vulnerables. En el punto \u00e1lgido de la pandemia de COVID-19, alrededor del 94% de las empresas de la lista Fortune 1.000 ten\u00edan problemas con la cadena de suministro. El cambio clim\u00e1tico, la pandemia, la guerra en Ucrania y las tensiones geopol\u00edticas en todo el mundo han puesto de manifiesto los l\u00edmites de nuestros modelos econ\u00f3micos actuales, cuyo impacto afecta con especial dureza a los sectores agr\u00edcola, energ\u00e9tico y de alta tecnolog\u00eda.<\/p>\n<p>Las cadenas de suministro resilientes se han convertido, por lo tanto, en una prioridad, y la tecnolog\u00eda en el elemento facilitador: mientras que las conexiones lineales uno-a-uno son propensas a las interrupciones, las redes que hacen posible las conexiones m\u00faltiples permiten a las empresas colaborar con socios a lo largo de su cadena de valor e intercambiar datos en tiempo real. La transparencia de 360 grados en toda la cadena de valor proporciona a las empresas la flexibilidad y resiliencia necesarias para navegar incluso en los entornos m\u00e1s cambiantes. Pueden anticiparse a los riesgos y gestionar el abastecimiento, el comercio y la distribuci\u00f3n hasta llegar al consumidor. Pueden optimizar los inventarios, ajustar la oferta a la demanda e identificar los cuellos de botella antes incluso de que se produzcan. En caso de interrupci\u00f3n de la cadena de suministro, las empresas pueden seleccionar r\u00e1pidamente proveedores alternativos o m\u00e1s sostenibles.<\/p>\n<p>El futuro pertenece a las empresas que saben c\u00f3mo operar de forma rentable, resiliente y sostenible junto con su ecosistema. Y esta mentalidad, la capacidad de comprender el poder de los ecosistemas, es uno de los requisitos m\u00e1s importantes para resolver los retos mundiales.<\/p>\n<h2><strong>Sostenibilidad: de una cuesti\u00f3n de imagen a imperativo social y econ\u00f3mico<\/strong><\/h2>\n<p>El reciente informe de la Organizaci\u00f3n Meteorol\u00f3gica Mundial (OMM) muestra que los \u00faltimos ocho a\u00f1os han sido los m\u00e1s c\u00e1lidos desde que hay registros. El ritmo de aumento del nivel del mar se ha duplicado desde 1993, y el incremento de los \u00faltimos dos a\u00f1os y medio representa el 10% del total de los \u00faltimos 30 a\u00f1os. Adem\u00e1s, con la creciente presi\u00f3n sociopol\u00edtica y el aumento de la desigualdad social, la importancia de la sostenibilidad est\u00e1 cambiando.<\/p>\n<p>Los l\u00edderes empresariales sienten la urgencia desde todos los frentes. La concienciaci\u00f3n de los inversores en torno a desaf\u00edos mundiales como el cambio clim\u00e1tico, la contaminaci\u00f3n y la desigualdad ha aumentado, al igual que la demanda de los clientes, que se multiplicar\u00e1 por 7 entre 2021 y 2022. Los empleados eligen su carrera profesional en funci\u00f3n de los compromisos y el historial de sostenibilidad de las empresas, mientras que los gobiernos introducen nuevas normativas. La sostenibilidad, por tanto, debe convertirse en el faro que gu\u00eda a toda organizaci\u00f3n, en parte esencial de su estrategia corporativa.<\/p>\n<p>No hay negocio si no hay sostenibilidad, cuando se trata del planeta, la conexi\u00f3n entre lo digital y el clima es fundamental para resolver los problemas de la humanidad. El impulso de soluciones digitales orientadas a la eficiencia energ\u00e9tica, la transparencia del Alcance 3, la circularidad y el intercambio de datos sobre las emisiones de carbono, en el marco de redes de colaboraci\u00f3n dirigidas por l\u00edderes industriales y coaliciones clim\u00e1ticas, se convertir\u00e1 en un poderoso modelo para la futura estrategia empresarial sostenible, especialmente en sectores de altas emisiones como la energ\u00eda, los materiales y la movilidad.<\/p>\n<p>En definitiva, la colaboraci\u00f3n y las redes constituyen el n\u00facleo de las soluciones a nuestros retos globales. En una red empresarial, las empresas no s\u00f3lo pueden medir los aspectos medioambientales, sociales y de gobierno corporativo (ASG) de su propia organizaci\u00f3n, sino a lo largo de toda su cadena de valor. Registran datos verificados basados en informaci\u00f3n real, no en promedios. Pueden presentar informes basados en un conjunto de normas ASG que evolucionan r\u00e1pidamente y, lo que es m\u00e1s importante, pueden ir m\u00e1s all\u00e1 de unos objetivos ambiciosos e integrando la sostenibilidad en todos sus procesos empresariales y cadenas de valor. Esto permite a las empresas crear entornos de trabajo justos y seguros, reducir la generaci\u00f3n de residuos y descarbonizar toda la cadena de valor (Alcance 1-3), sentando las bases de la econom\u00eda circular. Al fin y al cabo, las empresas son tan sostenibles y resilientes como lo sean sus ecosistemas.<\/p>\n<p>En un mundo cada vez m\u00e1s fragmentado, en el que los desaf\u00edos globales amenazan con dividirnos, la tecnolog\u00eda desempe\u00f1a un papel esencial para unirnos.<\/p>\n<hr \/>\n<p><em><strong>Christian Klein,\u00a0<\/strong><strong>CEO de 麻豆原创 SE<\/strong><\/em><\/p>\n<p><a href=\"https:\/\/www.weforum.org\/agenda\/2023\/01\/davos23-fragmented-world-technology-bring-people-together\/\"><em>Este art\u00edculo apareci\u00f3 originalmente en el sitio web del Foro Econ\u00f3mico Mundial<\/em><\/a><\/p>\n","protected":false},"excerpt":{"rendered":"<p>El mundo actual est\u00e1 marcado por problemas econ\u00f3micos y no econ\u00f3micos que est\u00e1n estrechamente relacionados: volatilidad de los mercados, inflaci\u00f3n, tensiones geopol\u00edticas y guerras, crisis&#8230;<\/p>\n","protected":false},"author":1295,"featured_media":5649,"comment_status":"closed","ping_status":"closed","sticky":false,"template":"","format":"standard","meta":{"footnotes":"","_links_to":"","_links_to_target":""},"categories":[41591],"tags":[5563579],"sapn-display":[5563695,5563693,60294],"sapn-type":[5562504],"class_list":["post-5650","post","type-post","status-publish","format-standard","has-post-thumbnail","hentry","category-corporativo","tag-sap-en-davos","sapn-display-articulo-hero","sapn-display-articulo-spotlight","sapn-display-topic-hero","sapn-type-articulo"],"yoast_head":"<!-- This site is optimized with the Yoast SEO Premium plugin v26.9 (Yoast SEO v26.9) - https:\/\/yoast.com\/product\/yoast-seo-premium-wordpress\/ -->\n<title>En un mundo fragmentado, es la tecnolog\u00eda la que nos une - 麻豆原创 Espa\u00f1a News Center<\/title>\n<meta name=\"robots\" content=\"index, follow, max-snippet:-1, max-image-preview:large, max-video-preview:-1\" \/>\n<link rel=\"canonical\" href=\"https:\/\/news.sap.com\/spain\/2023\/02\/en-un-mundo-fragmentado-es-la-tecnologia-la-que-nos-une\/\" \/>\n<meta property=\"og:locale\" content=\"es_ES\" \/>\n<meta property=\"og:type\" content=\"article\" \/>\n<meta property=\"og:title\" content=\"En un mundo fragmentado, es la tecnolog\u00eda la que nos une\" \/>\n<meta property=\"og:description\" content=\"El mundo actual est\u00e1 marcado por problemas econ\u00f3micos y no econ\u00f3micos que est\u00e1n estrechamente relacionados: volatilidad de los mercados, inflaci\u00f3n, tensiones geopol\u00edticas y guerras, crisis...\" \/>\n<meta property=\"og:url\" content=\"https:\/\/news.sap.com\/spain\/2023\/02\/en-un-mundo-fragmentado-es-la-tecnologia-la-que-nos-une\/\" \/>\n<meta property=\"og:site_name\" content=\"麻豆原创 Espa\u00f1a News Center\" \/>\n<meta property=\"article:published_time\" content=\"2023-02-06T12:02:03+00:00\" \/>\n<meta property=\"article:modified_time\" content=\"2023-10-16T15:36:11+00:00\" \/>\n<meta property=\"og:image\" content=\"https:\/\/news.sap.com\/spain\/files\/2023\/02\/06\/286362_GettyImages-992860170_medium_F.jpg\" \/>\n\t<meta property=\"og:image:width\" content=\"1920\" \/>\n\t<meta property=\"og:image:height\" content=\"600\" \/>\n\t<meta property=\"og:image:type\" content=\"image\/jpeg\" \/>\n<meta name=\"author\" content=\"Christian Klein\" \/>\n<meta name=\"twitter:card\" content=\"summary_large_image\" \/>\n<meta name=\"twitter:label1\" content=\"Escrito por\" \/>\n\t<meta name=\"twitter:data1\" content=\"Christian Klein\" \/>\n\t<meta name=\"twitter:label2\" content=\"Tiempo de lectura\" \/>\n\t<meta name=\"twitter:data2\" content=\"5 minutos\" \/>\n<script type=\"application\/ld+json\" class=\"yoast-schema-graph\">{\"@context\":\"https:\/\/schema.org\",\"@graph\":[{\"@type\":\"Article\",\"@id\":\"https:\/\/news.sap.com\/spain\/2023\/02\/en-un-mundo-fragmentado-es-la-tecnologia-la-que-nos-une\/#article\",\"isPartOf\":{\"@id\":\"https:\/\/news.sap.com\/spain\/2023\/02\/en-un-mundo-fragmentado-es-la-tecnologia-la-que-nos-une\/\"},\"author\":{\"name\":\"Christian Klein\",\"@id\":\"https:\/\/news.sap.com\/spain\/#\/schema\/person\/ac67f6cb1215d36a8e9f4e373796bf19\"},\"headline\":\"En un mundo fragmentado, es la tecnolog\u00eda la que nos une\",\"datePublished\":\"2023-02-06T12:02:03+00:00\",\"dateModified\":\"2023-10-16T15:36:11+00:00\",\"mainEntityOfPage\":{\"@id\":\"https:\/\/news.sap.com\/spain\/2023\/02\/en-un-mundo-fragmentado-es-la-tecnologia-la-que-nos-une\/\"},\"wordCount\":1149,\"image\":{\"@id\":\"https:\/\/news.sap.com\/spain\/2023\/02\/en-un-mundo-fragmentado-es-la-tecnologia-la-que-nos-une\/#primaryimage\"},\"thumbnailUrl\":\"https:\/\/news.sap.com\/spain\/files\/2023\/02\/06\/286362_GettyImages-992860170_medium_F.jpg\",\"keywords\":[\"麻豆原创 en Davos\"],\"articleSection\":[\"Corporativo\"],\"inLanguage\":\"es\"},{\"@type\":\"WebPage\",\"@id\":\"https:\/\/news.sap.com\/spain\/2023\/02\/en-un-mundo-fragmentado-es-la-tecnologia-la-que-nos-une\/\",\"url\":\"https:\/\/news.sap.com\/spain\/2023\/02\/en-un-mundo-fragmentado-es-la-tecnologia-la-que-nos-une\/\",\"name\":\"En un mundo fragmentado, es la tecnolog\u00eda la que nos une - 麻豆原创 Espa\u00f1a News Center\",\"isPartOf\":{\"@id\":\"https:\/\/news.sap.com\/spain\/#website\"},\"primaryImageOfPage\":{\"@id\":\"https:\/\/news.sap.com\/spain\/2023\/02\/en-un-mundo-fragmentado-es-la-tecnologia-la-que-nos-une\/#primaryimage\"},\"image\":{\"@id\":\"https:\/\/news.sap.com\/spain\/2023\/02\/en-un-mundo-fragmentado-es-la-tecnologia-la-que-nos-une\/#primaryimage\"},\"thumbnailUrl\":\"https:\/\/news.sap.com\/spain\/files\/2023\/02\/06\/286362_GettyImages-992860170_medium_F.jpg\",\"datePublished\":\"2023-02-06T12:02:03+00:00\",\"dateModified\":\"2023-10-16T15:36:11+00:00\",\"author\":{\"@id\":\"https:\/\/news.sap.com\/spain\/#\/schema\/person\/ac67f6cb1215d36a8e9f4e373796bf19\"},\"breadcrumb\":{\"@id\":\"https:\/\/news.sap.com\/spain\/2023\/02\/en-un-mundo-fragmentado-es-la-tecnologia-la-que-nos-une\/#breadcrumb\"},\"inLanguage\":\"es\",\"potentialAction\":[{\"@type\":\"ReadAction\",\"target\":[\"https:\/\/news.sap.com\/spain\/2023\/02\/en-un-mundo-fragmentado-es-la-tecnologia-la-que-nos-une\/\"]}]},{\"@type\":\"ImageObject\",\"inLanguage\":\"es\",\"@id\":\"https:\/\/news.sap.com\/spain\/2023\/02\/en-un-mundo-fragmentado-es-la-tecnologia-la-que-nos-une\/#primaryimage\",\"url\":\"https:\/\/news.sap.com\/spain\/files\/2023\/02\/06\/286362_GettyImages-992860170_medium_F.jpg\",\"contentUrl\":\"https:\/\/news.sap.com\/spain\/files\/2023\/02\/06\/286362_GettyImages-992860170_medium_F.jpg\",\"width\":1920,\"height\":600},{\"@type\":\"BreadcrumbList\",\"@id\":\"https:\/\/news.sap.com\/spain\/2023\/02\/en-un-mundo-fragmentado-es-la-tecnologia-la-que-nos-une\/#breadcrumb\",\"itemListElement\":[{\"@type\":\"ListItem\",\"position\":1,\"name\":\"Home\",\"item\":\"https:\/\/news.sap.com\/spain\/\"},{\"@type\":\"ListItem\",\"position\":2,\"name\":\"En un mundo fragmentado, es la tecnolog\u00eda la que nos une\"}]},{\"@type\":\"WebSite\",\"@id\":\"https:\/\/news.sap.com\/spain\/#website\",\"url\":\"https:\/\/news.sap.com\/spain\/\",\"name\":\"麻豆原创 Espa\u00f1a News Center\",\"description\":\"Noticias e informaci\u00f3n sobre 麻豆原创\",\"potentialAction\":[{\"@type\":\"SearchAction\",\"target\":{\"@type\":\"EntryPoint\",\"urlTemplate\":\"https:\/\/news.sap.com\/spain\/?s={search_term_string}\"},\"query-input\":{\"@type\":\"PropertyValueSpecification\",\"valueRequired\":true,\"valueName\":\"search_term_string\"}}],\"inLanguage\":\"es\"},{\"@type\":\"Person\",\"@id\":\"https:\/\/news.sap.com\/spain\/#\/schema\/person\/ac67f6cb1215d36a8e9f4e373796bf19\",\"name\":\"Christian Klein\",\"image\":{\"@type\":\"ImageObject\",\"inLanguage\":\"es\",\"@id\":\"https:\/\/news.sap.com\/spain\/#\/schema\/person\/image\/\",\"url\":\"https:\/\/news.sap.com\/wp-content\/blogs.dir\/1\/files\/2024\/08\/19\/avatar_user_1295_1724080240-96x96.jpg\",\"contentUrl\":\"https:\/\/news.sap.com\/wp-content\/blogs.dir\/1\/files\/2024\/08\/19\/avatar_user_1295_1724080240-96x96.jpg\",\"caption\":\"Christian Klein\"},\"description\":\"CEO and Member of the Executive Board of 麻豆原创 SE\",\"sameAs\":[\"https:\/\/www.sap.com\/about\/company\/leadership\/christian-klein.html\"],\"url\":\"https:\/\/news.sap.com\/spain\/author\/christianklein\/\"}]}<\/script>\n<!-- \/ Yoast SEO Premium plugin. -->","yoast_head_json":{"title":"En un mundo fragmentado, es la tecnolog\u00eda la que nos une - 麻豆原创 Espa\u00f1a News Center","robots":{"index":"index","follow":"follow","max-snippet":"max-snippet:-1","max-image-preview":"max-image-preview:large","max-video-preview":"max-video-preview:-1"},"canonical":"https:\/\/news.sap.com\/spain\/2023\/02\/en-un-mundo-fragmentado-es-la-tecnologia-la-que-nos-une\/","og_locale":"es_ES","og_type":"article","og_title":"En un mundo fragmentado, es la tecnolog\u00eda la que nos une","og_description":"El mundo actual est\u00e1 marcado por problemas econ\u00f3micos y no econ\u00f3micos que est\u00e1n estrechamente relacionados: volatilidad de los mercados, inflaci\u00f3n, tensiones geopol\u00edticas y guerras, crisis...","og_url":"https:\/\/news.sap.com\/spain\/2023\/02\/en-un-mundo-fragmentado-es-la-tecnologia-la-que-nos-une\/","og_site_name":"麻豆原创 Espa\u00f1a News Center","article_published_time":"2023-02-06T12:02:03+00:00","article_modified_time":"2023-10-16T15:36:11+00:00","og_image":[{"width":1920,"height":600,"url":"https:\/\/news.sap.com\/spain\/files\/2023\/02\/06\/286362_GettyImages-992860170_medium_F.jpg","type":"image\/jpeg"}],"author":"Christian Klein","twitter_card":"summary_large_image","twitter_misc":{"Escrito por":"Christian Klein","Tiempo de lectura":"5 minutos"},"schema":{"@context":"https:\/\/schema.org","@graph":[{"@type":"Article","@id":"https:\/\/news.sap.com\/spain\/2023\/02\/en-un-mundo-fragmentado-es-la-tecnologia-la-que-nos-une\/#article","isPartOf":{"@id":"https:\/\/news.sap.com\/spain\/2023\/02\/en-un-mundo-fragmentado-es-la-tecnologia-la-que-nos-une\/"},"author":{"name":"Christian Klein","@id":"https:\/\/news.sap.com\/spain\/#\/schema\/person\/ac67f6cb1215d36a8e9f4e373796bf19"},"headline":"En un mundo fragmentado, es la tecnolog\u00eda la que nos une","datePublished":"2023-02-06T12:02:03+00:00","dateModified":"2023-10-16T15:36:11+00:00","mainEntityOfPage":{"@id":"https:\/\/news.sap.com\/spain\/2023\/02\/en-un-mundo-fragmentado-es-la-tecnologia-la-que-nos-une\/"},"wordCount":1149,"image":{"@id":"https:\/\/news.sap.com\/spain\/2023\/02\/en-un-mundo-fragmentado-es-la-tecnologia-la-que-nos-une\/#primaryimage"},"thumbnailUrl":"https:\/\/news.sap.com\/spain\/files\/2023\/02\/06\/286362_GettyImages-992860170_medium_F.jpg","keywords":["麻豆原创 en Davos"],"articleSection":["Corporativo"],"inLanguage":"es"},{"@type":"WebPage","@id":"https:\/\/news.sap.com\/spain\/2023\/02\/en-un-mundo-fragmentado-es-la-tecnologia-la-que-nos-une\/","url":"https:\/\/news.sap.com\/spain\/2023\/02\/en-un-mundo-fragmentado-es-la-tecnologia-la-que-nos-une\/","name":"En un mundo fragmentado, es la tecnolog\u00eda la que nos une - 麻豆原创 Espa\u00f1a News Center","isPartOf":{"@id":"https:\/\/news.sap.com\/spain\/#website"},"primaryImageOfPage":{"@id":"https:\/\/news.sap.com\/spain\/2023\/02\/en-un-mundo-fragmentado-es-la-tecnologia-la-que-nos-une\/#primaryimage"},"image":{"@id":"https:\/\/news.sap.com\/spain\/2023\/02\/en-un-mundo-fragmentado-es-la-tecnologia-la-que-nos-une\/#primaryimage"},"thumbnailUrl":"https:\/\/news.sap.com\/spain\/files\/2023\/02\/06\/286362_GettyImages-992860170_medium_F.jpg","datePublished":"2023-02-06T12:02:03+00:00","dateModified":"2023-10-16T15:36:11+00:00","author":{"@id":"https:\/\/news.sap.com\/spain\/#\/schema\/person\/ac67f6cb1215d36a8e9f4e373796bf19"},"breadcrumb":{"@id":"https:\/\/news.sap.com\/spain\/2023\/02\/en-un-mundo-fragmentado-es-la-tecnologia-la-que-nos-une\/#breadcrumb"},"inLanguage":"es","potentialAction":[{"@type":"ReadAction","target":["https:\/\/news.sap.com\/spain\/2023\/02\/en-un-mundo-fragmentado-es-la-tecnologia-la-que-nos-une\/"]}]},{"@type":"ImageObject","inLanguage":"es","@id":"https:\/\/news.sap.com\/spain\/2023\/02\/en-un-mundo-fragmentado-es-la-tecnologia-la-que-nos-une\/#primaryimage","url":"https:\/\/news.sap.com\/spain\/files\/2023\/02\/06\/286362_GettyImages-992860170_medium_F.jpg","contentUrl":"https:\/\/news.sap.com\/spain\/files\/2023\/02\/06\/286362_GettyImages-992860170_medium_F.jpg","width":1920,"height":600},{"@type":"BreadcrumbList","@id":"https:\/\/news.sap.com\/spain\/2023\/02\/en-un-mundo-fragmentado-es-la-tecnologia-la-que-nos-une\/#breadcrumb","itemListElement":[{"@type":"ListItem","position":1,"name":"Home","item":"https:\/\/news.sap.com\/spain\/"},{"@type":"ListItem","position":2,"name":"En un mundo fragmentado, es la tecnolog\u00eda la que nos une"}]},{"@type":"WebSite","@id":"https:\/\/news.sap.com\/spain\/#website","url":"https:\/\/news.sap.com\/spain\/","name":"麻豆原创 Espa\u00f1a News Center","description":"Noticias e informaci\u00f3n sobre 麻豆原创","potentialAction":[{"@type":"SearchAction","target":{"@type":"EntryPoint","urlTemplate":"https:\/\/news.sap.com\/spain\/?s={search_term_string}"},"query-input":{"@type":"PropertyValueSpecification","valueRequired":true,"valueName":"search_term_string"}}],"inLanguage":"es"},{"@type":"Person","@id":"https:\/\/news.sap.com\/spain\/#\/schema\/person\/ac67f6cb1215d36a8e9f4e373796bf19","name":"Christian Klein","image":{"@type":"ImageObject","inLanguage":"es","@id":"https:\/\/news.sap.com\/spain\/#\/schema\/person\/image\/","url":"https:\/\/news.sap.com\/wp-content\/blogs.dir\/1\/files\/2024\/08\/19\/avatar_user_1295_1724080240-96x96.jpg","contentUrl":"https:\/\/news.sap.com\/wp-content\/blogs.dir\/1\/files\/2024\/08\/19\/avatar_user_1295_1724080240-96x96.jpg","caption":"Christian Klein"},"description":"CEO and Member of the Executive Board of 麻豆原创 SE","sameAs":["https:\/\/www.sap.com\/about\/company\/leadership\/christian-klein.html"],"url":"https:\/\/news.sap.com\/spain\/author\/christianklein\/"}]}},"amp_enabled":true,"_links":{"self":[{"href":"https:\/\/news.sap.com\/spain\/wp-json\/wp\/v2\/posts\/5650","targetHints":{"allow":["GET"]}}],"collection":[{"href":"https:\/\/news.sap.com\/spain\/wp-json\/wp\/v2\/posts"}],"about":[{"href":"https:\/\/news.sap.com\/spain\/wp-json\/wp\/v2\/types\/post"}],"author":[{"embeddable":true,"href":"https:\/\/news.sap.com\/spain\/wp-json\/wp\/v2\/users\/1295"}],"replies":[{"embeddable":true,"href":"https:\/\/news.sap.com\/spain\/wp-json\/wp\/v2\/comments?post=5650"}],"version-history":[{"count":0,"href":"https:\/\/news.sap.com\/spain\/wp-json\/wp\/v2\/posts\/5650\/revisions"}],"wp:featuredmedia":[{"embeddable":true,"href":"https:\/\/news.sap.com\/spain\/wp-json\/wp\/v2\/media\/5649"}],"wp:attachment":[{"href":"https:\/\/news.sap.com\/spain\/wp-json\/wp\/v2\/media?parent=5650"}],"wp:term":[{"taxonomy":"category","embeddable":true,"href":"https:\/\/news.sap.com\/spain\/wp-json\/wp\/v2\/categories?post=5650"},{"taxonomy":"post_tag","embeddable":true,"href":"https:\/\/news.sap.com\/spain\/wp-json\/wp\/v2\/tags?post=5650"},{"taxonomy":"sapn-display","embeddable":true,"href":"https:\/\/news.sap.com\/spain\/wp-json\/wp\/v2\/sapn-display?post=5650"},{"taxonomy":"sapn-type","embeddable":true,"href":"https:\/\/news.sap.com\/spain\/wp-json\/wp\/v2\/sapn-type?post=5650"}],"curies":[{"name":"wp","href":"https:\/\/api.w.org\/{rel}","templated":true}]}}