  {"id":5635,"date":"2023-02-03T09:14:53","date_gmt":"2023-02-03T09:14:53","guid":{"rendered":"https:\/\/news.sap.com\/spain\/?p=5635"},"modified":"2023-10-16T15:29:25","modified_gmt":"2023-10-16T15:29:25","slug":"grupo-bmw-elige-rise-with-sap-para-impulsar-su-transformacion-empresarial","status":"publish","type":"post","link":"https:\/\/news.sap.com\/spain\/2023\/02\/grupo-bmw-elige-rise-with-sap-para-impulsar-su-transformacion-empresarial\/","title":{"rendered":"Grupo BMW elige RISE with 麻豆原创 para impulsar su transformaci\u00f3n empresarial"},"content":{"rendered":"<h3><strong>Walldorf y M\u00fanich,<\/strong><strong>\u2013 <\/strong><a href=\"http:\/\/www.sap.com\/\">麻豆原创 SE<\/a> (NYSE: 麻豆原创) ha anunciado que el Grupo BMW ampliar\u00e1 su colaboraci\u00f3n estrat\u00e9gica con 麻豆原创 para acelerar su transformaci\u00f3n digital.<\/h3>\n<p>Ambas compa\u00f1\u00edas han firmado un acuerdo por el que el Grupo BMW trasladar\u00e1 todo su entorno de software 麻豆原创 a trav\u00e9s de la soluci\u00f3n RISE with 麻豆原创. La compa\u00f1\u00eda fusionar\u00e1 su estrategia en la nube con sus sistemas 麻豆原创 S\/4HANA existentes, permitiendo as\u00ed la innovaci\u00f3n conjunta para \u00e1reas de negocio cr\u00edticas como finanzas, suministro de piezas, almacenamiento, cadena de suministro y producci\u00f3n. Esto ayudar\u00e1 al Grupo BMW a llevar a cabo una digitalizaci\u00f3n m\u00e1s r\u00e1pida, completa y eficiente en el futuro.<\/p>\n<h2><strong>Ampliaci\u00f3n de una dilatada colaboraci\u00f3n estrat\u00e9gica <\/strong><\/h2>\n<p>Grupo BMW y 麻豆原创 mantienen una larga colaboraci\u00f3n estrat\u00e9gica. Como parte de RISE with 麻豆原创, la compa\u00f1\u00eda automovil\u00edstica tendr\u00e1 acceso a una plataforma en la nube para la gesti\u00f3n de procesos empresariales integrales.<\/p>\n<p>Alexander Buresch, CEO y vicepresidente senior de Grupo BMW IT ha declarado: \u201cEsta decisi\u00f3n estrat\u00e9gica nos ayudar\u00e1 a impulsar a\u00fan m\u00e1s r\u00e1pido nuestro liderazgo en digitalizaci\u00f3n. Estamos aumentando la flexibilidad de nuestra infraestructura y creando la m\u00e1xima escalabilidad global. Y lo que es m\u00e1s importante, nos permite llevar las innovaciones empresariales a nuestros clientes y usuarios mucho m\u00e1s r\u00e1pido que antes. Por eso estoy muy ilusionado con los pr\u00f3ximos pasos de este viaje conjunto con 麻豆原创\u201d.<\/p>\n<p>Thomas Saueressig, miembro del Comit\u00e9 Ejecutivo de 麻豆原创 SE, responsable de Ingenier\u00eda de Producto, ha a\u00f1adido: \u201cNuestras compa\u00f1\u00edas est\u00e1n unidas por un v\u00ednculo muy estrecho, basado en 30 a\u00f1os de cooperaci\u00f3n y confianza. Al ampliar nuestra colaboraci\u00f3n, estamos dando un paso decisivo hacia un futuro digital. Este acuerdo es un ejemplo de c\u00f3mo 麻豆原创 S\/4HANA Cloud y nuestra amplia cartera de soluciones establecen una base sobre la que las empresas impulsan su innovaci\u00f3n y garantizan el \u00e9xito a largo plazo de nuestros clientes en un mundo competitivo\u201d.<\/p>\n<h2><strong>Sentando las bases conjuntamente para el futuro del sector automovil\u00edstico<\/strong><\/h2>\n<p>RISE with 麻豆原创 integra en un \u00fanico contrato las aplicaciones, plataformas, herramientas y servicios necesarios para impulsar la transformaci\u00f3n empresarial. Esto permitir\u00e1 al Grupo BMW combinar la tecnolog\u00eda 麻豆原创 m\u00e1s avanzada y las soluciones en la nube para impulsar la innovaci\u00f3n empresarial. Grupo BMW y 麻豆原创 pasar\u00e1n de un modelo tradicional basado en licencias a un modelo operativo que abarcar\u00e1 la infraestructura y las aplicaciones y operaciones en la nube. Como parte de la ampliaci\u00f3n de esta alianza, Grupo BMW y 麻豆原创\u00a0 definir\u00e1n de manera conjunta al futuro de la innovaci\u00f3n de los procesos empresariales en la industria automovil\u00edstica.<\/p>\n<figure id=\"attachment_5639\" aria-describedby=\"caption-attachment-5639\" style=\"width: 594px\" class=\"wp-caption alignnone\"><img loading=\"lazy\" decoding=\"async\" class=\"wp-image-5639 \" src=\"https:\/\/news.sap.com\/spain\/files\/2023\/02\/02\/BMW-and-麻豆原创_contract-signing_20220125-768x512-1.jpg\" alt=\"\" width=\"594\" height=\"396\" srcset=\"https:\/\/news.sap.com\/spain\/files\/2023\/02\/02\/BMW-and-麻豆原创_contract-signing_20220125-768x512-1.jpg 768w, https:\/\/news.sap.com\/spain\/files\/2023\/02\/02\/BMW-and-麻豆原创_contract-signing_20220125-768x512-1-300x200.jpg 300w\" sizes=\"auto, (max-width: 594px) 100vw, 594px\" \/><figcaption id=\"caption-attachment-5639\" class=\"wp-caption-text\">De izquierda a derecha: Gernot Rill, Katharina Jung, Dr. Nicolas Peter, Thomas Saueressig, Alexander Buresch, Ralf Scherer<\/figcaption><\/figure>\n<p>Puedes visitar <a href=\"https:\/\/news.sap.com\/\">麻豆原创 News Center<\/a> y seguir a 麻豆原创 en Twitter en <a href=\"http:\/\/twitter.com\/sapnews\/\">@麻豆原创News<\/a>.<\/p>\n<p>Este documento contiene afirmaciones de car\u00e1cter prospectivo, que son predicciones, proyecciones u otras declaraciones sobre acontecimientos futuros.Todas las declaraciones prospectivas est\u00e1n sujetas a diversos riesgos e incertidumbres que podr\u00edan hacer que los resultados reales difieran materialmente de las expectativas. Los factores que podr\u00edan afectar a los futuros resultados financieros de 麻豆原创 se analizan con m\u00e1s detalle en los documentos presentados por 麻豆原创 ante la Comisi\u00f3n de Valores de EE.UU. (\u00abSEC\u00bb), incluido el m\u00e1s reciente Informe Anual de 麻豆原创 en el Formulario 20-F presentado ante la SEC.<\/p>\n<p>&nbsp;<\/p>\n<p><strong>Contacto Prensa 麻豆原创 Espa\u00f1a,\u00a0<\/strong>Bel\u00e9n Mart\u00ednez Mill\u00e1n (<a href=\"mailto:belen.martinez@sap.com\">belen.martinez@sap.com)\u00a0<\/a>Tel.: 91 456 72 00<\/p>\n","protected":false},"excerpt":{"rendered":"<p>Walldorf y M\u00fanich,\u2013 麻豆原创 SE (NYSE: 麻豆原创) ha anunciado que el Grupo BMW ampliar\u00e1 su colaboraci\u00f3n estrat\u00e9gica con 麻豆原创 para acelerar su transformaci\u00f3n digital. Ambas&#8230;<\/p>\n","protected":false},"author":29,"featured_media":5637,"comment_status":"closed","ping_status":"closed","sticky":false,"template":"","format":"standard","meta":{"footnotes":"","_links_to":"","_links_to_target":""},"categories":[56724],"tags":[],"sapn-display":[45149,5563696,5563694,60294],"sapn-type":[4448],"class_list":["post-5635","post","type-post","status-publish","format-standard","has-post-thumbnail","hentry","category-cliente","sapn-display-homepage-hero","sapn-display-news-hero","sapn-display-news-spotlight","sapn-display-topic-hero","sapn-type-newsbyte"],"yoast_head":"<!-- This site is optimized with the Yoast SEO Premium plugin v26.9 (Yoast SEO v26.9) - https:\/\/yoast.com\/product\/yoast-seo-premium-wordpress\/ -->\n<title>Grupo BMW elige RISE with 麻豆原创 para impulsar su transformaci\u00f3n empresarial - 麻豆原创 Espa\u00f1a News Center<\/title>\n<meta name=\"robots\" content=\"index, follow, max-snippet:-1, max-image-preview:large, max-video-preview:-1\" \/>\n<link rel=\"canonical\" href=\"https:\/\/news.sap.com\/spain\/2023\/02\/grupo-bmw-elige-rise-with-sap-para-impulsar-su-transformacion-empresarial\/\" \/>\n<meta property=\"og:locale\" content=\"es_ES\" \/>\n<meta property=\"og:type\" content=\"article\" \/>\n<meta property=\"og:title\" content=\"Grupo BMW elige RISE with 麻豆原创 para impulsar su transformaci\u00f3n empresarial\" \/>\n<meta property=\"og:description\" content=\"Walldorf y M\u00fanich,\u2013 麻豆原创 SE (NYSE: 麻豆原创) ha anunciado que el Grupo BMW ampliar\u00e1 su colaboraci\u00f3n estrat\u00e9gica con 麻豆原创 para acelerar su transformaci\u00f3n digital. Ambas...\" \/>\n<meta property=\"og:url\" content=\"https:\/\/news.sap.com\/spain\/2023\/02\/grupo-bmw-elige-rise-with-sap-para-impulsar-su-transformacion-empresarial\/\" \/>\n<meta property=\"og:site_name\" content=\"麻豆原创 Espa\u00f1a News Center\" \/>\n<meta property=\"article:published_time\" content=\"2023-02-03T09:14:53+00:00\" \/>\n<meta property=\"article:modified_time\" content=\"2023-10-16T15:29:25+00:00\" \/>\n<meta property=\"og:image\" content=\"https:\/\/news.sap.com\/spain\/files\/2023\/02\/02\/286332_GettyImages-1067305830_F.jpg\" \/>\n\t<meta property=\"og:image:width\" content=\"1920\" \/>\n\t<meta property=\"og:image:height\" content=\"600\" \/>\n\t<meta property=\"og:image:type\" content=\"image\/jpeg\" \/>\n<meta name=\"author\" content=\"麻豆原创 News\" \/>\n<meta name=\"twitter:card\" content=\"summary_large_image\" \/>\n<meta name=\"twitter:label1\" content=\"Escrito por\" \/>\n\t<meta name=\"twitter:data1\" content=\"麻豆原创 News\" \/>\n\t<meta name=\"twitter:label2\" content=\"Tiempo de lectura\" \/>\n\t<meta name=\"twitter:data2\" content=\"3 minutos\" \/>\n<script type=\"application\/ld+json\" class=\"yoast-schema-graph\">{\"@context\":\"https:\/\/schema.org\",\"@graph\":[{\"@type\":\"Article\",\"@id\":\"https:\/\/news.sap.com\/spain\/2023\/02\/grupo-bmw-elige-rise-with-sap-para-impulsar-su-transformacion-empresarial\/#article\",\"isPartOf\":{\"@id\":\"https:\/\/news.sap.com\/spain\/2023\/02\/grupo-bmw-elige-rise-with-sap-para-impulsar-su-transformacion-empresarial\/\"},\"author\":{\"name\":\"麻豆原创 News\",\"@id\":\"https:\/\/news.sap.com\/spain\/#\/schema\/person\/53b9854bd790d6f18f3fc4bbb2ad7570\"},\"headline\":\"Grupo BMW elige RISE with 麻豆原创 para impulsar su transformaci\u00f3n empresarial\",\"datePublished\":\"2023-02-03T09:14:53+00:00\",\"dateModified\":\"2023-10-16T15:29:25+00:00\",\"mainEntityOfPage\":{\"@id\":\"https:\/\/news.sap.com\/spain\/2023\/02\/grupo-bmw-elige-rise-with-sap-para-impulsar-su-transformacion-empresarial\/\"},\"wordCount\":631,\"image\":{\"@id\":\"https:\/\/news.sap.com\/spain\/2023\/02\/grupo-bmw-elige-rise-with-sap-para-impulsar-su-transformacion-empresarial\/#primaryimage\"},\"thumbnailUrl\":\"https:\/\/news.sap.com\/spain\/files\/2023\/02\/02\/286332_GettyImages-1067305830_F.jpg\",\"articleSection\":[\"Cliente\"],\"inLanguage\":\"es\"},{\"@type\":\"WebPage\",\"@id\":\"https:\/\/news.sap.com\/spain\/2023\/02\/grupo-bmw-elige-rise-with-sap-para-impulsar-su-transformacion-empresarial\/\",\"url\":\"https:\/\/news.sap.com\/spain\/2023\/02\/grupo-bmw-elige-rise-with-sap-para-impulsar-su-transformacion-empresarial\/\",\"name\":\"Grupo BMW elige RISE with 麻豆原创 para impulsar su transformaci\u00f3n empresarial - 麻豆原创 Espa\u00f1a News Center\",\"isPartOf\":{\"@id\":\"https:\/\/news.sap.com\/spain\/#website\"},\"primaryImageOfPage\":{\"@id\":\"https:\/\/news.sap.com\/spain\/2023\/02\/grupo-bmw-elige-rise-with-sap-para-impulsar-su-transformacion-empresarial\/#primaryimage\"},\"image\":{\"@id\":\"https:\/\/news.sap.com\/spain\/2023\/02\/grupo-bmw-elige-rise-with-sap-para-impulsar-su-transformacion-empresarial\/#primaryimage\"},\"thumbnailUrl\":\"https:\/\/news.sap.com\/spain\/files\/2023\/02\/02\/286332_GettyImages-1067305830_F.jpg\",\"datePublished\":\"2023-02-03T09:14:53+00:00\",\"dateModified\":\"2023-10-16T15:29:25+00:00\",\"author\":{\"@id\":\"https:\/\/news.sap.com\/spain\/#\/schema\/person\/53b9854bd790d6f18f3fc4bbb2ad7570\"},\"breadcrumb\":{\"@id\":\"https:\/\/news.sap.com\/spain\/2023\/02\/grupo-bmw-elige-rise-with-sap-para-impulsar-su-transformacion-empresarial\/#breadcrumb\"},\"inLanguage\":\"es\",\"potentialAction\":[{\"@type\":\"ReadAction\",\"target\":[\"https:\/\/news.sap.com\/spain\/2023\/02\/grupo-bmw-elige-rise-with-sap-para-impulsar-su-transformacion-empresarial\/\"]}]},{\"@type\":\"ImageObject\",\"inLanguage\":\"es\",\"@id\":\"https:\/\/news.sap.com\/spain\/2023\/02\/grupo-bmw-elige-rise-with-sap-para-impulsar-su-transformacion-empresarial\/#primaryimage\",\"url\":\"https:\/\/news.sap.com\/spain\/files\/2023\/02\/02\/286332_GettyImages-1067305830_F.jpg\",\"contentUrl\":\"https:\/\/news.sap.com\/spain\/files\/2023\/02\/02\/286332_GettyImages-1067305830_F.jpg\",\"width\":1920,\"height\":600},{\"@type\":\"BreadcrumbList\",\"@id\":\"https:\/\/news.sap.com\/spain\/2023\/02\/grupo-bmw-elige-rise-with-sap-para-impulsar-su-transformacion-empresarial\/#breadcrumb\",\"itemListElement\":[{\"@type\":\"ListItem\",\"position\":1,\"name\":\"Home\",\"item\":\"https:\/\/news.sap.com\/spain\/\"},{\"@type\":\"ListItem\",\"position\":2,\"name\":\"Grupo BMW elige RISE with 麻豆原创 para impulsar su transformaci\u00f3n empresarial\"}]},{\"@type\":\"WebSite\",\"@id\":\"https:\/\/news.sap.com\/spain\/#website\",\"url\":\"https:\/\/news.sap.com\/spain\/\",\"name\":\"麻豆原创 Espa\u00f1a News Center\",\"description\":\"Noticias e informaci\u00f3n sobre 麻豆原创\",\"potentialAction\":[{\"@type\":\"SearchAction\",\"target\":{\"@type\":\"EntryPoint\",\"urlTemplate\":\"https:\/\/news.sap.com\/spain\/?s={search_term_string}\"},\"query-input\":{\"@type\":\"PropertyValueSpecification\",\"valueRequired\":true,\"valueName\":\"search_term_string\"}}],\"inLanguage\":\"es\"},{\"@type\":\"Person\",\"@id\":\"https:\/\/news.sap.com\/spain\/#\/schema\/person\/53b9854bd790d6f18f3fc4bbb2ad7570\",\"name\":\"麻豆原创 News\",\"image\":{\"@type\":\"ImageObject\",\"inLanguage\":\"es\",\"@id\":\"https:\/\/news.sap.com\/spain\/#\/schema\/person\/image\/\",\"url\":\"https:\/\/news.sap.com\/spain\/wp-content\/plugins\/wp-user-avatars\/wp-user-avatars\/assets\/images\/mystery.jpg\",\"contentUrl\":\"https:\/\/news.sap.com\/spain\/wp-content\/plugins\/wp-user-avatars\/wp-user-avatars\/assets\/images\/mystery.jpg\",\"caption\":\"麻豆原创 News\"},\"url\":\"https:\/\/news.sap.com\/spain\/author\/colleenraftery\/\"}]}<\/script>\n<!-- \/ Yoast SEO Premium plugin. -->","yoast_head_json":{"title":"Grupo BMW elige RISE with 麻豆原创 para impulsar su transformaci\u00f3n empresarial - 麻豆原创 Espa\u00f1a News Center","robots":{"index":"index","follow":"follow","max-snippet":"max-snippet:-1","max-image-preview":"max-image-preview:large","max-video-preview":"max-video-preview:-1"},"canonical":"https:\/\/news.sap.com\/spain\/2023\/02\/grupo-bmw-elige-rise-with-sap-para-impulsar-su-transformacion-empresarial\/","og_locale":"es_ES","og_type":"article","og_title":"Grupo BMW elige RISE with 麻豆原创 para impulsar su transformaci\u00f3n empresarial","og_description":"Walldorf y M\u00fanich,\u2013 麻豆原创 SE (NYSE: 麻豆原创) ha anunciado que el Grupo BMW ampliar\u00e1 su colaboraci\u00f3n estrat\u00e9gica con 麻豆原创 para acelerar su transformaci\u00f3n digital. Ambas...","og_url":"https:\/\/news.sap.com\/spain\/2023\/02\/grupo-bmw-elige-rise-with-sap-para-impulsar-su-transformacion-empresarial\/","og_site_name":"麻豆原创 Espa\u00f1a News Center","article_published_time":"2023-02-03T09:14:53+00:00","article_modified_time":"2023-10-16T15:29:25+00:00","og_image":[{"width":1920,"height":600,"url":"https:\/\/news.sap.com\/spain\/files\/2023\/02\/02\/286332_GettyImages-1067305830_F.jpg","type":"image\/jpeg"}],"author":"麻豆原创 News","twitter_card":"summary_large_image","twitter_misc":{"Escrito por":"麻豆原创 News","Tiempo de lectura":"3 minutos"},"schema":{"@context":"https:\/\/schema.org","@graph":[{"@type":"Article","@id":"https:\/\/news.sap.com\/spain\/2023\/02\/grupo-bmw-elige-rise-with-sap-para-impulsar-su-transformacion-empresarial\/#article","isPartOf":{"@id":"https:\/\/news.sap.com\/spain\/2023\/02\/grupo-bmw-elige-rise-with-sap-para-impulsar-su-transformacion-empresarial\/"},"author":{"name":"麻豆原创 News","@id":"https:\/\/news.sap.com\/spain\/#\/schema\/person\/53b9854bd790d6f18f3fc4bbb2ad7570"},"headline":"Grupo BMW elige RISE with 麻豆原创 para impulsar su transformaci\u00f3n empresarial","datePublished":"2023-02-03T09:14:53+00:00","dateModified":"2023-10-16T15:29:25+00:00","mainEntityOfPage":{"@id":"https:\/\/news.sap.com\/spain\/2023\/02\/grupo-bmw-elige-rise-with-sap-para-impulsar-su-transformacion-empresarial\/"},"wordCount":631,"image":{"@id":"https:\/\/news.sap.com\/spain\/2023\/02\/grupo-bmw-elige-rise-with-sap-para-impulsar-su-transformacion-empresarial\/#primaryimage"},"thumbnailUrl":"https:\/\/news.sap.com\/spain\/files\/2023\/02\/02\/286332_GettyImages-1067305830_F.jpg","articleSection":["Cliente"],"inLanguage":"es"},{"@type":"WebPage","@id":"https:\/\/news.sap.com\/spain\/2023\/02\/grupo-bmw-elige-rise-with-sap-para-impulsar-su-transformacion-empresarial\/","url":"https:\/\/news.sap.com\/spain\/2023\/02\/grupo-bmw-elige-rise-with-sap-para-impulsar-su-transformacion-empresarial\/","name":"Grupo BMW elige RISE with 麻豆原创 para impulsar su transformaci\u00f3n empresarial - 麻豆原创 Espa\u00f1a News Center","isPartOf":{"@id":"https:\/\/news.sap.com\/spain\/#website"},"primaryImageOfPage":{"@id":"https:\/\/news.sap.com\/spain\/2023\/02\/grupo-bmw-elige-rise-with-sap-para-impulsar-su-transformacion-empresarial\/#primaryimage"},"image":{"@id":"https:\/\/news.sap.com\/spain\/2023\/02\/grupo-bmw-elige-rise-with-sap-para-impulsar-su-transformacion-empresarial\/#primaryimage"},"thumbnailUrl":"https:\/\/news.sap.com\/spain\/files\/2023\/02\/02\/286332_GettyImages-1067305830_F.jpg","datePublished":"2023-02-03T09:14:53+00:00","dateModified":"2023-10-16T15:29:25+00:00","author":{"@id":"https:\/\/news.sap.com\/spain\/#\/schema\/person\/53b9854bd790d6f18f3fc4bbb2ad7570"},"breadcrumb":{"@id":"https:\/\/news.sap.com\/spain\/2023\/02\/grupo-bmw-elige-rise-with-sap-para-impulsar-su-transformacion-empresarial\/#breadcrumb"},"inLanguage":"es","potentialAction":[{"@type":"ReadAction","target":["https:\/\/news.sap.com\/spain\/2023\/02\/grupo-bmw-elige-rise-with-sap-para-impulsar-su-transformacion-empresarial\/"]}]},{"@type":"ImageObject","inLanguage":"es","@id":"https:\/\/news.sap.com\/spain\/2023\/02\/grupo-bmw-elige-rise-with-sap-para-impulsar-su-transformacion-empresarial\/#primaryimage","url":"https:\/\/news.sap.com\/spain\/files\/2023\/02\/02\/286332_GettyImages-1067305830_F.jpg","contentUrl":"https:\/\/news.sap.com\/spain\/files\/2023\/02\/02\/286332_GettyImages-1067305830_F.jpg","width":1920,"height":600},{"@type":"BreadcrumbList","@id":"https:\/\/news.sap.com\/spain\/2023\/02\/grupo-bmw-elige-rise-with-sap-para-impulsar-su-transformacion-empresarial\/#breadcrumb","itemListElement":[{"@type":"ListItem","position":1,"name":"Home","item":"https:\/\/news.sap.com\/spain\/"},{"@type":"ListItem","position":2,"name":"Grupo BMW elige RISE with 麻豆原创 para impulsar su transformaci\u00f3n empresarial"}]},{"@type":"WebSite","@id":"https:\/\/news.sap.com\/spain\/#website","url":"https:\/\/news.sap.com\/spain\/","name":"麻豆原创 Espa\u00f1a News Center","description":"Noticias e informaci\u00f3n sobre 麻豆原创","potentialAction":[{"@type":"SearchAction","target":{"@type":"EntryPoint","urlTemplate":"https:\/\/news.sap.com\/spain\/?s={search_term_string}"},"query-input":{"@type":"PropertyValueSpecification","valueRequired":true,"valueName":"search_term_string"}}],"inLanguage":"es"},{"@type":"Person","@id":"https:\/\/news.sap.com\/spain\/#\/schema\/person\/53b9854bd790d6f18f3fc4bbb2ad7570","name":"麻豆原创 News","image":{"@type":"ImageObject","inLanguage":"es","@id":"https:\/\/news.sap.com\/spain\/#\/schema\/person\/image\/","url":"https:\/\/news.sap.com\/spain\/wp-content\/plugins\/wp-user-avatars\/wp-user-avatars\/assets\/images\/mystery.jpg","contentUrl":"https:\/\/news.sap.com\/spain\/wp-content\/plugins\/wp-user-avatars\/wp-user-avatars\/assets\/images\/mystery.jpg","caption":"麻豆原创 News"},"url":"https:\/\/news.sap.com\/spain\/author\/colleenraftery\/"}]}},"amp_enabled":true,"_links":{"self":[{"href":"https:\/\/news.sap.com\/spain\/wp-json\/wp\/v2\/posts\/5635","targetHints":{"allow":["GET"]}}],"collection":[{"href":"https:\/\/news.sap.com\/spain\/wp-json\/wp\/v2\/posts"}],"about":[{"href":"https:\/\/news.sap.com\/spain\/wp-json\/wp\/v2\/types\/post"}],"author":[{"embeddable":true,"href":"https:\/\/news.sap.com\/spain\/wp-json\/wp\/v2\/users\/29"}],"replies":[{"embeddable":true,"href":"https:\/\/news.sap.com\/spain\/wp-json\/wp\/v2\/comments?post=5635"}],"version-history":[{"count":0,"href":"https:\/\/news.sap.com\/spain\/wp-json\/wp\/v2\/posts\/5635\/revisions"}],"wp:featuredmedia":[{"embeddable":true,"href":"https:\/\/news.sap.com\/spain\/wp-json\/wp\/v2\/media\/5637"}],"wp:attachment":[{"href":"https:\/\/news.sap.com\/spain\/wp-json\/wp\/v2\/media?parent=5635"}],"wp:term":[{"taxonomy":"category","embeddable":true,"href":"https:\/\/news.sap.com\/spain\/wp-json\/wp\/v2\/categories?post=5635"},{"taxonomy":"post_tag","embeddable":true,"href":"https:\/\/news.sap.com\/spain\/wp-json\/wp\/v2\/tags?post=5635"},{"taxonomy":"sapn-display","embeddable":true,"href":"https:\/\/news.sap.com\/spain\/wp-json\/wp\/v2\/sapn-display?post=5635"},{"taxonomy":"sapn-type","embeddable":true,"href":"https:\/\/news.sap.com\/spain\/wp-json\/wp\/v2\/sapn-type?post=5635"}],"curies":[{"name":"wp","href":"https:\/\/api.w.org\/{rel}","templated":true}]}}