  {"id":4908,"date":"2022-03-31T08:11:31","date_gmt":"2022-03-31T08:11:31","guid":{"rendered":"https:\/\/news.sap.com\/spain\/?p=4908"},"modified":"2023-10-16T15:48:45","modified_gmt":"2023-10-16T15:48:45","slug":"evolucion-de-los-viajes-de-negocios-en-la-era-covid","status":"publish","type":"post","link":"https:\/\/news.sap.com\/spain\/2022\/03\/evolucion-de-los-viajes-de-negocios-en-la-era-covid\/","title":{"rendered":"Evoluci\u00f3n de los viajes de negocios en la era COVID"},"content":{"rendered":"<p class=\"lead\"><span data-contrast=\"none\">La irrupci\u00f3n de la pandemia fren\u00f3 en seco los <\/span><b><span data-contrast=\"none\">viajes de negocios<\/span><\/b><span data-contrast=\"none\">, que suponen uno de los principales motores de desarrollo del sector servicios. Con la paulatina normalizaci\u00f3n de la econom\u00eda y la sanidad, el turismo de ocio y de negocios comienza a recuperarse, pero quiz\u00e1 no vuelva a ser nunca como antes.<\/span><span data-ccp-props=\"{&quot;201341983&quot;:0,&quot;335551550&quot;:1,&quot;335551620&quot;:1,&quot;335559739&quot;:240,&quot;335559740&quot;:276}\">\u00a0<\/span><\/p>\n<h2><b><span data-contrast=\"none\">Los viajes de negocios en tiempos de pandemia<\/span><\/b><\/h2>\n<p><span data-contrast=\"none\">Antes de la aparici\u00f3n de la COVID-19, casi un 25 % de los viajeros de todo el mundo se desplazaba por negocios. Entre visitas comerciales, asistencia a congresos y convenciones y viajes de incentivos, se produc\u00edan en torno a <\/span><b><span data-contrast=\"none\">280 millones de desplazamientos<\/span><\/b><span data-contrast=\"none\">.\u00a0<\/span><span data-ccp-props=\"{&quot;201341983&quot;:0,&quot;335551550&quot;:1,&quot;335551620&quot;:1,&quot;335559739&quot;:240,&quot;335559740&quot;:276}\">\u00a0<\/span><\/p>\n<p><span data-contrast=\"none\">El a\u00f1o 2020 marc\u00f3 un punto de inflexi\u00f3n que cambi\u00f3 el modo de relacionarse y de trabajar. El <\/span><b><span data-contrast=\"none\">turismo de negocios o MICE<\/span><\/b><span data-contrast=\"none\"> (acr\u00f3nimo en ingl\u00e9s de Meetings, Incentives, Conventions and Exhibitions\/Events) fue el primer segmento que se vio afectado por las restricciones de movilidad.\u00a0<\/span><span data-ccp-props=\"{&quot;201341983&quot;:0,&quot;335551550&quot;:1,&quot;335551620&quot;:1,&quot;335559739&quot;:240,&quot;335559740&quot;:276}\">\u00a0<\/span><\/p>\n<p><span data-contrast=\"none\">Seg\u00fan un estudio de <\/span><a href=\"https:\/\/www.braintrust-cs.com\/caen-viajes-negocio-2019\/\" target=\"_blank\" rel=\"noopener\"><span data-contrast=\"none\">Braintrust<\/span><\/a><span data-contrast=\"none\">, el volumen de viajes de negocios cay\u00f3 m\u00e1s del 50 % respecto a 2019. La aceleraci\u00f3n de la digitalizaci\u00f3n, las videollamadas y las reuniones virtuales forzosas sustituyeron los <\/span><b><span data-contrast=\"none\">viajes de empresa<\/span><\/b><span data-contrast=\"none\">.<\/span><span data-ccp-props=\"{&quot;201341983&quot;:0,&quot;335551550&quot;:1,&quot;335551620&quot;:1,&quot;335559739&quot;:240,&quot;335559740&quot;:276}\">\u00a0<\/span><\/p>\n<h3><b><span data-contrast=\"none\">Los viajes corporativos de las pymes espa\u00f1olas durante la crisis<\/span><\/b><\/h3>\n<p><span data-contrast=\"none\">El an\u00e1lisis de esta consultora identifica los sectores econ\u00f3micos m\u00e1s activos durante la pandemia. En este sentido, constata que en 2019 casi el <\/span><b><span data-contrast=\"none\">90 % de la inversi\u00f3n total en gastos de viaje<\/span><\/b><span data-contrast=\"none\"> correspond\u00eda a <\/span><b><span data-contrast=\"none\">grandes y medianas empresas<\/span><\/b><span data-contrast=\"none\">, aquellas con una facturaci\u00f3n m\u00ednima de 50 millones de euros.<\/span><span data-ccp-props=\"{&quot;201341983&quot;:0,&quot;335551550&quot;:1,&quot;335551620&quot;:1,&quot;335559739&quot;:240,&quot;335559740&quot;:276}\">\u00a0<\/span><\/p>\n<p><span data-contrast=\"none\">Por el contrario, durante 2020 fueron las pymes las que generaron un <\/span><b><span data-contrast=\"none\">mayor volumen de viajes corporativos<\/span><\/b><span data-contrast=\"none\">, especialmente en determinados sectores de actividad.<\/span><span data-ccp-props=\"{&quot;201341983&quot;:0,&quot;335551550&quot;:1,&quot;335551620&quot;:1,&quot;335559739&quot;:240,&quot;335559740&quot;:276}\">\u00a0<\/span><\/p>\n<p><span data-contrast=\"none\">Estas diferencias se achacan principalmente a la implantaci\u00f3n de pol\u00edticas restrictivas en las grandes compa\u00f1\u00edas en la <\/span><b><span data-contrast=\"none\">gesti\u00f3n de las notas de gastos<\/span><\/b><span data-contrast=\"none\"> con el objetivo de conseguir una mayor <\/span><b><span data-contrast=\"none\">contenci\u00f3n del gasto de viajes de negocios<\/span><\/b><span data-contrast=\"none\">. Por el contrario, las <\/span><b><span data-contrast=\"none\">peque\u00f1as empresas<\/span><\/b><span data-contrast=\"none\">, m\u00e1s centradas en el comercio de proximidad, fueron <\/span><b><span data-contrast=\"none\">m\u00e1s flexibles<\/span><\/b><span data-contrast=\"none\"> en lo referente a desplazamientos profesionales.<\/span><span data-ccp-props=\"{&quot;201341983&quot;:0,&quot;335551550&quot;:1,&quot;335551620&quot;:1,&quot;335559739&quot;:240,&quot;335559740&quot;:276}\">\u00a0<\/span><\/p>\n<p><span data-contrast=\"none\">Los <\/span><b><span data-contrast=\"none\">primeros sectores en recuperar los viajes de negocios<\/span><\/b><span data-contrast=\"none\"> fueron los relacionados con las <\/span><b><span data-contrast=\"none\">industrias de primera necesidad<\/span><\/b><span data-contrast=\"none\">, como la alimentaci\u00f3n o la farmac\u00e9utica. A ellas se fueron uniendo progresivamente otras como telecomunicaciones, log\u00edstica, aseguradoras, distribuci\u00f3n y comercio electr\u00f3nico.\u00a0<\/span><span data-ccp-props=\"{&quot;201341983&quot;:0,&quot;335551550&quot;:1,&quot;335551620&quot;:1,&quot;335559739&quot;:240,&quot;335559740&quot;:276}\">\u00a0<\/span><\/p>\n<p><span data-contrast=\"none\">El turismo de ocio y los grandes eventos fueron los \u00faltimos en retomar cierta normalidad, ya que fue en estos \u00e1mbitos donde se mantuvieron las m\u00e1ximas restricciones durante m\u00e1s tiempo.\u00a0<\/span><span data-ccp-props=\"{&quot;201341983&quot;:0,&quot;335551550&quot;:1,&quot;335551620&quot;:1,&quot;335559739&quot;:240,&quot;335559740&quot;:276}\">\u00a0<\/span><\/p>\n<h2><b><span data-contrast=\"none\">Recuperaci\u00f3n de la actividad con nuevos h\u00e1bitos<\/span><\/b><\/h2>\n<p><span data-contrast=\"none\">La pandemia gener\u00f3 cambios obligados en los h\u00e1bitos de las empresas. Muchos de estos llegaron impulsados por la <\/span><b><span data-contrast=\"none\">aceleraci\u00f3n de tendencias que ya estaban presentes antes de 2020<\/span><\/b><span data-contrast=\"none\">.\u00a0<\/span><span data-ccp-props=\"{&quot;201341983&quot;:0,&quot;335551550&quot;:1,&quot;335551620&quot;:1,&quot;335559739&quot;:240,&quot;335559740&quot;:276}\">\u00a0<\/span><\/p>\n<p><span data-contrast=\"none\">Las organizaciones, con el objetivo de maximizar la competitividad, hac\u00eda tiempo que hab\u00edan comprendido la necesidad de <\/span><b><span data-contrast=\"none\">optimizar el retorno de la inversi\u00f3n (ROI) <\/span><\/b><span data-contrast=\"none\">y la <\/span><b><span data-contrast=\"none\">importancia de la <\/span><\/b><a href=\"https:\/\/news.sap.com\/spain\/2021\/01\/por-que-la-transformacion-digital-ya-no-es-una-opcion\/\" target=\"_blank\" rel=\"noopener\"><b><span data-contrast=\"none\">digitalizaci\u00f3n en las empresas<\/span><\/b><\/a><span data-contrast=\"none\">. Esto, sumado a una mayor concienciaci\u00f3n sobre la gesti\u00f3n de la <\/span><b><span data-contrast=\"none\">sostenibilidad<\/span><\/b><span data-contrast=\"none\">, se tradujo en una manera alternativa de plantear los viajes de empresa.\u00a0<\/span><span data-ccp-props=\"{&quot;201341983&quot;:0,&quot;335551550&quot;:1,&quot;335551620&quot;:1,&quot;335559739&quot;:240,&quot;335559740&quot;:276}\">\u00a0<\/span><\/p>\n<p><span data-contrast=\"none\">El nuevo escenario dibuja un modelo en el que <\/span><b><span data-contrast=\"none\">la tecnolog\u00eda tiene un papel clave<\/span><\/b><span data-contrast=\"none\">. La implantaci\u00f3n de soluciones digitales permite integrar todos los procesos, controlar el gasto y proteger el medioambiente.<\/span><span data-ccp-props=\"{&quot;201341983&quot;:0,&quot;335551550&quot;:1,&quot;335551620&quot;:1,&quot;335559739&quot;:240,&quot;335559740&quot;:276}\">\u00a0<\/span><\/p>\n<p><span data-contrast=\"none\">Las reuniones virtuales reducen significativamente los <\/span><b><span data-contrast=\"none\">vi\u00e1ticos y gastos de viaje<\/span><\/b><span data-contrast=\"none\">, por lo que es probable que los <\/span><b><span data-contrast=\"none\">desplazamientos profesionales se reduzcan entre un 20 % y un 30 % de forma permanente<\/span><\/b><span data-contrast=\"none\">. Por otra parte, cada vez son m\u00e1s las organizaciones que incorporan iniciativas de sostenibilidad en todas sus \u00e1reas, incluidos los programas de viajes de negocios.\u00a0<\/span><span data-ccp-props=\"{&quot;201341983&quot;:0,&quot;335551550&quot;:1,&quot;335551620&quot;:1,&quot;335559739&quot;:240,&quot;335559740&quot;:276}\">\u00a0<\/span><\/p>\n<p><span data-contrast=\"none\">En un informe sectorial, la Asociaci\u00f3n Global de Viajes de Negocios (GBTA) destaca que las empresas ahora se cuestionan qu\u00e9 cantidad de viajes son realmente necesarios. La facilidad para mantener reuniones virtuales, el tiempo dedicado a los desplazamientos y los vi\u00e1ticos son los factores que han influido en el nacimiento de un <\/span><b><span data-contrast=\"none\">nuevo paradigma<\/span><\/b><span data-contrast=\"none\">.<\/span><span data-ccp-props=\"{&quot;201341983&quot;:0,&quot;335551550&quot;:1,&quot;335551620&quot;:1,&quot;335559739&quot;:240,&quot;335559740&quot;:276}\">\u00a0<\/span><\/p>\n<h2><b><span data-contrast=\"none\">Un cambio de tendencia en los viajes de empresa<\/span><\/b><\/h2>\n<p><b><span data-contrast=\"none\">麻豆原创 Concur<\/span><\/b><span data-contrast=\"none\">, l\u00edder mundial en soluciones integradas de <\/span><a href=\"https:\/\/www.concur.es\/travel-expense\" target=\"_blank\" rel=\"noopener\"><b><span data-contrast=\"none\">gesti\u00f3n de viajes y gastos<\/span><\/b><\/a><span data-contrast=\"none\">, realiz\u00f3 una encuesta entre 4.850 viajeros de negocios de 23 mercados globales para conocer su percepci\u00f3n sobre la nueva normalidad.\u00a0<\/span><span data-ccp-props=\"{&quot;201341983&quot;:0,&quot;335551550&quot;:1,&quot;335551620&quot;:1,&quot;335559739&quot;:240,&quot;335559740&quot;:276}\">\u00a0<\/span><\/p>\n<p><span data-contrast=\"none\">Un 97 % de los encuestados prev\u00e9 una <\/span><b><span data-contrast=\"none\">nueva normalidad con un cambio de h\u00e1bitos<\/span><\/b><span data-contrast=\"none\">, que incluir\u00edan uso de mascarillas y desinfectante de manos o distanciamiento social en los trayectos.<\/span><span data-ccp-props=\"{&quot;201341983&quot;:0,&quot;335551550&quot;:1,&quot;335551620&quot;:1,&quot;335559739&quot;:240,&quot;335559740&quot;:276}\">\u00a0<\/span><\/p>\n<p><span data-contrast=\"none\">Esto no impide que el <\/span><b><span data-contrast=\"none\">60 %<\/span><\/b><span data-contrast=\"none\"> de los profesionales que viajan por negocios prevea <\/span><b><span data-contrast=\"none\">retomar la asistencia a eventos con la misma frecuencia<\/span><\/b><span data-contrast=\"none\"> que antes de la pandemia. Llama la atenci\u00f3n el hecho de que uno de cada tres encuestados muestra inter\u00e9s en adquirir <\/span><b><span data-contrast=\"none\">formaci\u00f3n sobre c\u00f3mo<\/span><\/b> <b><span data-contrast=\"none\">viajar de forma m\u00e1s sostenible<\/span><\/b><span data-contrast=\"none\">.<\/span><span data-ccp-props=\"{&quot;201341983&quot;:0,&quot;335551550&quot;:1,&quot;335551620&quot;:1,&quot;335559739&quot;:240,&quot;335559740&quot;:276}\">\u00a0<\/span><\/p>\n<p><span data-contrast=\"none\">Los profesionales demandan <\/span><b><span data-contrast=\"none\">soluciones digitales <\/span><\/b><span data-contrast=\"none\">que faciliten la <\/span><b><span data-contrast=\"none\">gesti\u00f3n integral de sus viajes<\/span><\/b><span data-contrast=\"none\">. Algunas de las funcionalidades que m\u00e1s se valoran son:<\/span><span data-ccp-props=\"{&quot;201341983&quot;:0,&quot;335551550&quot;:1,&quot;335551620&quot;:1,&quot;335559739&quot;:240,&quot;335559740&quot;:276}\">\u00a0<\/span><\/p>\n<ul>\n<li><span data-contrast=\"none\">Informaci\u00f3n sobre medidas de seguridad.<\/span><span data-ccp-props=\"{&quot;201341983&quot;:0,&quot;335551550&quot;:1,&quot;335551620&quot;:1,&quot;335559739&quot;:240,&quot;335559740&quot;:276}\">\u00a0<\/span><\/li>\n<li><span data-contrast=\"none\">Posibilidad de gestionar los itinerarios.<\/span><span data-ccp-props=\"{&quot;201341983&quot;:0,&quot;335551550&quot;:1,&quot;335551620&quot;:1,&quot;335559739&quot;:240,&quot;335559740&quot;:276}\">\u00a0<\/span><\/li>\n<li><span data-contrast=\"none\">Notificaciones autom\u00e1ticas para reservas.<\/span><span data-ccp-props=\"{&quot;201341983&quot;:0,&quot;335551550&quot;:1,&quot;335551620&quot;:1,&quot;335559739&quot;:240,&quot;335559740&quot;:276}\">\u00a0<\/span><\/li>\n<li><span data-contrast=\"none\">Agilidad en la tramitaci\u00f3n de los tickets de vi\u00e1ticos.<\/span><span data-ccp-props=\"{&quot;201341983&quot;:0,&quot;335551550&quot;:1,&quot;335551620&quot;:1,&quot;335559739&quot;:240,&quot;335559740&quot;:276}\">\u00a0<\/span><\/li>\n<li><span data-contrast=\"none\">Capacidad para conocer y compensar la huella de carbono.<\/span><span data-ccp-props=\"{&quot;201341983&quot;:0,&quot;335551550&quot;:1,&quot;335551620&quot;:1,&quot;335559739&quot;:240,&quot;335559740&quot;:276}\">\u00a0<\/span><\/li>\n<li><span data-contrast=\"none\">Funci\u00f3n de reservas de viajes <\/span><i><span data-contrast=\"none\">online.<\/span><\/i><span data-ccp-props=\"{&quot;201341983&quot;:0,&quot;335551550&quot;:1,&quot;335551620&quot;:1,&quot;335559739&quot;:240,&quot;335559740&quot;:276}\">\u00a0<\/span><\/li>\n<\/ul>\n<p><span data-contrast=\"none\">Los expertos de 麻豆原创 Concur auguran un futuro marcado por la transformaci\u00f3n digital de las empresas, la sostenibilidad y las iniciativas dirigidas a mejorar la <\/span><a href=\"https:\/\/news.sap.com\/spain\/2021\/02\/experiencia-del-empleado-como-mejorarla-y-aumentar-el-compromiso\/\" target=\"_blank\" rel=\"noopener\"><span data-contrast=\"none\">experiencia de los empleados<\/span><\/a><span data-contrast=\"none\">.<\/span><span data-ccp-props=\"{&quot;201341983&quot;:0,&quot;335551550&quot;:1,&quot;335551620&quot;:1,&quot;335559739&quot;:240,&quot;335559740&quot;:276}\">\u00a0<\/span><\/p>\n<h2><b><span data-contrast=\"none\">C\u00f3mo pueden prepararse las empresas para la era pos-COVID-19 <\/span><\/b><span data-ccp-props=\"{&quot;201341983&quot;:0,&quot;335551550&quot;:1,&quot;335551620&quot;:1,&quot;335559738&quot;:360,&quot;335559739&quot;:120,&quot;335559740&quot;:276}\">\u00a0<\/span><\/h2>\n<p><span data-contrast=\"none\">Las <\/span><b><span data-contrast=\"none\">predicciones para el a\u00f1o 2022<\/span><\/b><span data-contrast=\"none\"> y siguientes trazan la l\u00ednea que deber\u00edan seguir las organizaciones para aprovechar las nuevas oportunidades.\u00a0<\/span><span data-ccp-props=\"{&quot;201341983&quot;:0,&quot;335551550&quot;:1,&quot;335551620&quot;:1,&quot;335559739&quot;:240,&quot;335559740&quot;:276}\">\u00a0<\/span><\/p>\n<h3><b><span data-contrast=\"none\">Liquidaciones de gastos<\/span><\/b><\/h3>\n<p><span data-contrast=\"none\">Los <\/span><a href=\"https:\/\/www.sap.com\/spain\/products\/spend-management\/travel-and-expense-management.html\" target=\"_blank\" rel=\"noopener\"><b><span data-contrast=\"none\">informes de vi\u00e1ticos y gastos de viaje<\/span><\/b><\/a><span data-contrast=\"none\"> no van a desaparecer, pero es necesario innovar para agilizar la captura, procesamiento y verificaci\u00f3n de los tickets. Gracias a la inteligencia artificial, muchos de estos gastos podr\u00e1n liquidarse de manera automatizada <\/span><b><span data-contrast=\"none\">evitando los procesos manuales<\/span><\/b><span data-contrast=\"none\">.\u00a0<\/span><span data-ccp-props=\"{&quot;201341983&quot;:0,&quot;335551550&quot;:1,&quot;335551620&quot;:1,&quot;335559739&quot;:240,&quot;335559740&quot;:276}\">\u00a0<\/span><\/p>\n<h3><b><span data-contrast=\"none\">Gesti\u00f3n de gastos h\u00edbrida<\/span><\/b><\/h3>\n<p><span data-contrast=\"none\">El trabajo a distancia eclosion\u00f3 abruptamente durante los meses de confinamiento forzoso. Aunque algunas empresas han retomado el trabajo presencial en su totalidad, en la mayor\u00eda de casos se apuesta por un modelo de <\/span><b><span data-contrast=\"none\">trabajo h\u00edbrido a largo plazo<\/span><\/b><span data-contrast=\"none\">.<\/span><span data-ccp-props=\"{&quot;201341983&quot;:0,&quot;335551550&quot;:1,&quot;335551620&quot;:1,&quot;335559739&quot;:240,&quot;335559740&quot;:276}\">\u00a0<\/span><\/p>\n<p><span data-contrast=\"none\">La <\/span><b><span data-contrast=\"none\">flexibilidad<\/span><\/b><span data-contrast=\"none\"> y la <\/span><b><span data-contrast=\"none\">agilidad<\/span><\/b><span data-contrast=\"none\"> son esenciales en la gesti\u00f3n de los gastos para adaptarse a la empresa h\u00edbrida con seguridad y eficiencia.<\/span><span data-ccp-props=\"{&quot;201341983&quot;:0,&quot;335551550&quot;:1,&quot;335551620&quot;:1,&quot;335559739&quot;:240,&quot;335559740&quot;:276}\">\u00a0<\/span><\/p>\n<h3><b><span data-contrast=\"none\">Viajes de negocios<\/span><\/b><\/h3>\n<p><span data-contrast=\"none\">El a\u00f1o 2022 marcar\u00e1 el retorno de los viajes de negocios y de ocio, aunque con matices. Un <\/span><a href=\"https:\/\/www.concur.es\/news-center\/predicciones-sap-concur-marcara-el-trabajo-hibrido-las-tendencias-en-viajes-de-negocios\" target=\"_blank\" rel=\"noopener\"><span data-contrast=\"none\">estudio de Qualtrics y 麻豆原创 Concur<\/span><\/a><span data-contrast=\"none\"> revela que el 70 % de los viajeros de negocios piensa que volver\u00e1 a viajar tanto como antes. Sin embargo, nueve de cada diez encuestados pretende <\/span><b><span data-contrast=\"none\">a\u00f1adir tiempo de vacaciones personales<\/span><\/b><span data-contrast=\"none\"> a los viajes de empresa.<\/span><span data-ccp-props=\"{&quot;201341983&quot;:0,&quot;335551550&quot;:1,&quot;335551620&quot;:1,&quot;335559739&quot;:240,&quot;335559740&quot;:276}\">\u00a0<\/span><\/p>\n<h3><b><span data-contrast=\"none\">Apuesta por la sostenibilidad<\/span><\/b><\/h3>\n<p><span data-contrast=\"none\">Uno de los mayores impactos sobre los viajes de negocio ser\u00e1 la <\/span><a href=\"https:\/\/news.sap.com\/spain\/2021\/03\/el-papel-de-las-empresas-en-los-17-objetivos-de-desarrollo-sostenible\/\" target=\"_blank\" rel=\"noopener\"><span data-contrast=\"none\">Agenda 2030<\/span><\/a><span data-contrast=\"none\"> y el cumplimiento de los Objetivos de Desarrollo Sostenible (ODS).<\/span><span data-ccp-props=\"{&quot;201341983&quot;:0,&quot;335551550&quot;:1,&quot;335551620&quot;:1,&quot;335559739&quot;:240,&quot;335559740&quot;:276}\">\u00a0<\/span><\/p>\n<p><b><span data-contrast=\"none\">La sostenibilidad ser\u00e1 un imperativo<\/span><\/b><span data-contrast=\"none\"> en los desplazamientos por trabajo. Muchas empresas han incorporado iniciativas de esta naturaleza en sus programas de viajes corporativos para <\/span><b><span data-contrast=\"none\">compensar las emisiones de carbono<\/span><\/b><span data-contrast=\"none\">.\u00a0<\/span><span data-ccp-props=\"{&quot;201341983&quot;:0,&quot;335551550&quot;:1,&quot;335551620&quot;:1,&quot;335559739&quot;:240,&quot;335559740&quot;:276}\">\u00a0<\/span><\/p>\n<h3><b><span data-contrast=\"none\">Retenci\u00f3n de talento<\/span><\/b><\/h3>\n<p><span data-contrast=\"none\">El \u00e1rea de <\/span><span data-contrast=\"none\">recursos humanos <\/span><span data-contrast=\"none\">debe colocar el punto de mira en comprender las necesidades de sus trabajadores. Las pol\u00edticas para <\/span><b><span data-contrast=\"none\">mejorar la experiencia del empleado<\/span><\/b><span data-contrast=\"none\"> incluyen las oportunidades de viajar por negocios.\u00a0<\/span><span data-ccp-props=\"{&quot;201341983&quot;:0,&quot;335551550&quot;:1,&quot;335551620&quot;:1,&quot;335559739&quot;:240,&quot;335559740&quot;:276}\">\u00a0<\/span><\/p>\n<p><span data-contrast=\"none\">Para lograrlo se debe fomentar una <\/span><b><span data-contrast=\"none\">mayor<\/span><\/b> <b><span data-contrast=\"none\">flexibilidad<\/span><\/b><span data-contrast=\"none\">, como la posibilidad de sumar tiempo personal a los viajes o de trabajar desde un destino de vacaciones. <\/span><b><span data-contrast=\"none\">Reducir el estr\u00e9s de la rutina<\/span><\/b><span data-contrast=\"none\"> que implica el viaje de negocios ayudar\u00e1 a retener talento.<\/span><span data-ccp-props=\"{&quot;201341983&quot;:0,&quot;335551550&quot;:1,&quot;335551620&quot;:1,&quot;335559739&quot;:240,&quot;335559740&quot;:276}\">\u00a0<\/span><\/p>\n<p><span data-contrast=\"none\">La aplicaci\u00f3n m\u00f3vil de 麻豆原创 Concur facilita a los empleados la <\/span><b><span data-contrast=\"none\">gesti\u00f3n de sus viajes de negocios<\/span><\/b><span data-contrast=\"none\">. Gracias a la inteligencia artificial, los datos se integran en tiempo real. La empresa mantiene un mayor control<\/span><b><span data-contrast=\"none\"> sobre las transacciones<\/span><\/b><span data-contrast=\"none\"> evitando desv\u00edos sobre el presupuesto.<\/span><span data-ccp-props=\"{&quot;201341983&quot;:0,&quot;335551550&quot;:1,&quot;335551620&quot;:1,&quot;335559739&quot;:240,&quot;335559740&quot;:276}\">\u00a0<\/span><\/p>\n<p><span data-contrast=\"none\">La introducci\u00f3n directa de los cargos en los informes de gastos permite automatizar su aprobaci\u00f3n, con lo que el proceso se agiliza enormemente. Las soluciones 麻豆原创 Concur ayudan a <\/span><b><span data-contrast=\"none\">eliminar las tareas administrativas poco productivas<\/span><\/b><span data-contrast=\"none\"> y optimizan costes.\u00a0<\/span><span data-ccp-props=\"{&quot;201341983&quot;:0,&quot;335551550&quot;:1,&quot;335551620&quot;:1,&quot;335559739&quot;:240,&quot;335559740&quot;:276}\">\u00a0<\/span><\/p>\n<h2><b><span data-contrast=\"none\">El futuro de los viajes de negocios<\/span><\/b><\/h2>\n<p><span data-contrast=\"none\">La crisis provocada por la COVID-19 parece haber cambiado para siempre los viajes de negocio, que presumiblemente ver\u00e1n reducida su frecuencia. Las estad\u00edsticas m\u00e1s recientes muestran un notable descenso de este tipo de desplazamientos.\u00a0<\/span><span data-ccp-props=\"{&quot;201341983&quot;:0,&quot;335551550&quot;:1,&quot;335551620&quot;:1,&quot;335559739&quot;:240,&quot;335559740&quot;:276}\">\u00a0<\/span><\/p>\n<p><span data-contrast=\"none\">La <\/span><span data-contrast=\"none\">investigaci\u00f3n de mercado <\/span><span data-contrast=\"none\">realizada por IntoTheMinds analiza los factores que influyen en este cambio de tendencia:\u00a0<\/span><span data-ccp-props=\"{&quot;201341983&quot;:0,&quot;335551550&quot;:1,&quot;335551620&quot;:1,&quot;335559739&quot;:240,&quot;335559740&quot;:276}\">\u00a0<\/span><\/p>\n<ul>\n<li data-leveltext=\"\u25cf\" data-font=\"\" data-listid=\"1\" data-aria-posinset=\"1\" data-aria-level=\"1\"><span data-contrast=\"none\">Los <\/span><b><span data-contrast=\"none\">nuevos h\u00e1bitos digitales<\/span><\/b><span data-contrast=\"none\"> han provocado que las videoconferencias y las reuniones virtuales pasen a formar parte de la rutina empresarial.<\/span><span data-ccp-props=\"{&quot;201341983&quot;:0,&quot;335551550&quot;:1,&quot;335551620&quot;:1,&quot;335559739&quot;:240,&quot;335559740&quot;:276}\">\u00a0<\/span><\/li>\n<li data-leveltext=\"\u25cf\" data-font=\"\" data-listid=\"1\" data-aria-posinset=\"2\" data-aria-level=\"1\"><span data-contrast=\"none\">El esfuerzo de las empresas por transmitir una <\/span><b><span data-contrast=\"none\">imagen de entidad ecol\u00f3gica<\/span><\/b><span data-contrast=\"none\"> se plasma en contrarrestar la huella de carbono reduciendo los desplazamientos.<\/span><span data-ccp-props=\"{&quot;201341983&quot;:0,&quot;335551550&quot;:1,&quot;335551620&quot;:1,&quot;335559739&quot;:240,&quot;335559740&quot;:276}\">\u00a0<\/span><\/li>\n<li data-leveltext=\"\u25cf\" data-font=\"\" data-listid=\"1\" data-aria-posinset=\"3\" data-aria-level=\"1\"><span data-contrast=\"none\">La inflaci\u00f3n provocada por el elevado <\/span><b><span data-contrast=\"none\">precio de los recursos energ\u00e9ticos<\/span><\/b><span data-contrast=\"none\"> influye en los ajustes de presupuestos destinados a viajes de empresa.\u00a0<\/span><span data-ccp-props=\"{&quot;201341983&quot;:0,&quot;335551550&quot;:1,&quot;335551620&quot;:1,&quot;335559739&quot;:240,&quot;335559740&quot;:276}\">\u00a0<\/span><\/li>\n<\/ul>\n<p><span data-contrast=\"none\">Seg\u00fan sus previsiones, el volumen de los viajes de negocios despu\u00e9s de la COVID-19 se reducir\u00e1 a la mitad en comparaci\u00f3n con el a\u00f1o 2019. Y las empresas que los mantengan pondr\u00e1n en pr\u00e1ctica estrategias con las que <\/span><b><span data-contrast=\"none\">optimizar el retorno de la inversi\u00f3n <\/span><\/b><span data-contrast=\"none\">de los viajes de sus empleados.\u00a0\u00a0<\/span><span data-ccp-props=\"{&quot;201341983&quot;:0,&quot;335551550&quot;:1,&quot;335551620&quot;:1,&quot;335559739&quot;:240,&quot;335559740&quot;:276}\">\u00a0<\/span><\/p>\n<p><span data-contrast=\"none\">Una soluci\u00f3n unificada e integrada para la gesti\u00f3n de vi\u00e1ticos y gastos de viaje proporciona <\/span><b><span data-contrast=\"none\">informaci\u00f3n completa en un solo lugar<\/span><\/b><span data-contrast=\"none\">. La automatizaci\u00f3n de procesos facilita el acceso a datos de gastos, con lo que <\/span><b><span data-contrast=\"none\">se incrementa el control de costes<\/span><\/b><span data-contrast=\"none\">.\u00a0<\/span><span data-ccp-props=\"{&quot;201341983&quot;:0,&quot;335551550&quot;:1,&quot;335551620&quot;:1,&quot;335559739&quot;:240,&quot;335559740&quot;:276}\">\u00a0<\/span><\/p>\n<p><span data-contrast=\"none\">La tecnolog\u00eda es la gran aliada para simplificar la elaboraci\u00f3n de presupuestos, agilizar las reservas, <\/span><b><span data-contrast=\"none\">optimizar los desplazamientos<\/span><\/b><span data-contrast=\"none\"> y obtener los <\/span><b><span data-contrast=\"none\">mejores precios de los proveedores<\/span><\/b><span data-contrast=\"none\">.\u00a0\u00a0<\/span><span data-ccp-props=\"{&quot;201341983&quot;:0,&quot;335551550&quot;:1,&quot;335551620&quot;:1,&quot;335559739&quot;:240,&quot;335559740&quot;:276}\">\u00a0<\/span><\/p>\n<p><span data-contrast=\"none\">Los viajes de negocios suponen un importante gasto para las organizaciones. Las empresas competitivas son aquellas que toman <\/span><b><span data-contrast=\"none\">decisiones inteligentes basadas en datos para maximizar su ROI<\/span><\/b><span data-contrast=\"none\">.<\/span><span data-ccp-props=\"{&quot;201341983&quot;:0,&quot;335551550&quot;:1,&quot;335551620&quot;:1,&quot;335559739&quot;:240,&quot;335559740&quot;:276}\">\u00a0<\/span><\/p>\n<p>&nbsp;<\/p>\n<hr \/>\n<p><a href=\"https:\/\/www.instagram.com\/sapspain\/\">Instagram<\/a>\u00a0\/\u00a0<a href=\"https:\/\/www.facebook.com\/麻豆原创\/\">Facebook<\/a>\u00a0\/\u00a0<a href=\"https:\/\/twitter.com\/sapspain?lang=es\">Twitter<\/a>\u00a0\/\u00a0<a href=\"https:\/\/www.linkedin.com\/company\/sap\/\">LinkedIn<\/a><\/p>\n<hr \/>\n<p>\u00a9 2020 麻豆原创 SE. All rights reserved. 麻豆原创 and other 麻豆原创 products and services mentioned herein as well as their respective logos are trademarks or registered trademarks of 麻豆原创 SE in Germany and other countries. Please see\u00a0<a href=\"http:\/\/www.sap.com\/corporate-en\/legal\/copyright\/index.epx#trademark\">http:\/\/www.sap.com\/corporate-en\/legal\/copyright\/index.epx#trademark<\/a>\u00a0for additional trademark information and notices.<\/p>\n","protected":false},"excerpt":{"rendered":"<p>La irrupci\u00f3n de la pandemia fren\u00f3 en seco los viajes de negocios, que suponen uno de los principales motores de desarrollo del sector servicios. Con&#8230;<\/p>\n","protected":false},"author":3372,"featured_media":4909,"comment_status":"closed","ping_status":"closed","sticky":false,"template":"","format":"standard","meta":{"footnotes":"","_links_to":"","_links_to_target":""},"categories":[5562508],"tags":[5563467],"sapn-display":[5563695,5563693,60294],"sapn-type":[5562504],"class_list":["post-4908","post","type-post","status-publish","format-standard","has-post-thumbnail","hentry","category-erp","tag-control-de-viajes-y-gastos","sapn-display-articulo-hero","sapn-display-articulo-spotlight","sapn-display-topic-hero","sapn-type-articulo"],"yoast_head":"<!-- This site is optimized with the Yoast SEO Premium plugin v26.9 (Yoast SEO v26.9) - https:\/\/yoast.com\/product\/yoast-seo-premium-wordpress\/ -->\n<title>Evoluci\u00f3n de los viajes de negocios en la era COVID - 麻豆原创 Espa\u00f1a News Center<\/title>\n<meta name=\"description\" content=\"La pandemia ha cambiado la percepci\u00f3n de los viajes de negocios y la gesti\u00f3n de los gastos de viaje. Estas son las \u00faltimas tendencias en su administraci\u00f3n.\" \/>\n<meta name=\"robots\" content=\"index, follow, max-snippet:-1, max-image-preview:large, max-video-preview:-1\" \/>\n<link rel=\"canonical\" href=\"https:\/\/news.sap.com\/spain\/2022\/03\/evolucion-de-los-viajes-de-negocios-en-la-era-covid\/\" \/>\n<meta property=\"og:locale\" content=\"es_ES\" \/>\n<meta property=\"og:type\" content=\"article\" \/>\n<meta property=\"og:title\" content=\"Evoluci\u00f3n de los viajes de negocios en la era COVID\" \/>\n<meta property=\"og:description\" content=\"La pandemia ha cambiado la percepci\u00f3n de los viajes de negocios y la gesti\u00f3n de los gastos de viaje. Estas son las \u00faltimas tendencias en su administraci\u00f3n.\" \/>\n<meta property=\"og:url\" content=\"https:\/\/news.sap.com\/spain\/2022\/03\/evolucion-de-los-viajes-de-negocios-en-la-era-covid\/\" \/>\n<meta property=\"og:site_name\" content=\"麻豆原创 Espa\u00f1a News Center\" \/>\n<meta property=\"article:published_time\" content=\"2022-03-31T08:11:31+00:00\" \/>\n<meta property=\"article:modified_time\" content=\"2023-10-16T15:48:45+00:00\" \/>\n<meta property=\"og:image\" content=\"https:\/\/news.sap.com\/spain\/files\/2022\/03\/18\/control-viajes-gastos-1024x684.jpg\" \/>\n\t<meta property=\"og:image:width\" content=\"1024\" \/>\n\t<meta property=\"og:image:height\" content=\"684\" \/>\n\t<meta property=\"og:image:type\" content=\"image\/jpeg\" \/>\n<meta name=\"author\" content=\"麻豆原创 Espa\u00f1a\" \/>\n<meta name=\"twitter:card\" content=\"summary_large_image\" \/>\n<meta name=\"twitter:label1\" content=\"Escrito por\" \/>\n\t<meta name=\"twitter:data1\" content=\"麻豆原创 Espa\u00f1a\" \/>\n\t<meta name=\"twitter:label2\" content=\"Tiempo de lectura\" \/>\n\t<meta name=\"twitter:data2\" content=\"8 minutos\" \/>\n<script type=\"application\/ld+json\" class=\"yoast-schema-graph\">{\"@context\":\"https:\/\/schema.org\",\"@graph\":[{\"@type\":\"Article\",\"@id\":\"https:\/\/news.sap.com\/spain\/2022\/03\/evolucion-de-los-viajes-de-negocios-en-la-era-covid\/#article\",\"isPartOf\":{\"@id\":\"https:\/\/news.sap.com\/spain\/2022\/03\/evolucion-de-los-viajes-de-negocios-en-la-era-covid\/\"},\"author\":{\"name\":\"麻豆原创 Espa\u00f1a\",\"@id\":\"https:\/\/news.sap.com\/spain\/#\/schema\/person\/4573e2beeb96fc44e819e7f7b2923465\"},\"headline\":\"Evoluci\u00f3n de los viajes de negocios en la era COVID\",\"datePublished\":\"2022-03-31T08:11:31+00:00\",\"dateModified\":\"2023-10-16T15:48:45+00:00\",\"mainEntityOfPage\":{\"@id\":\"https:\/\/news.sap.com\/spain\/2022\/03\/evolucion-de-los-viajes-de-negocios-en-la-era-covid\/\"},\"wordCount\":1691,\"image\":{\"@id\":\"https:\/\/news.sap.com\/spain\/2022\/03\/evolucion-de-los-viajes-de-negocios-en-la-era-covid\/#primaryimage\"},\"thumbnailUrl\":\"https:\/\/news.sap.com\/spain\/files\/2022\/03\/18\/control-viajes-gastos.jpg\",\"keywords\":[\"control de\u00a0viajes y\u00a0gastos\"],\"articleSection\":[\"Planificaci\u00f3n de recursos empresariales\"],\"inLanguage\":\"es\"},{\"@type\":\"WebPage\",\"@id\":\"https:\/\/news.sap.com\/spain\/2022\/03\/evolucion-de-los-viajes-de-negocios-en-la-era-covid\/\",\"url\":\"https:\/\/news.sap.com\/spain\/2022\/03\/evolucion-de-los-viajes-de-negocios-en-la-era-covid\/\",\"name\":\"Evoluci\u00f3n de los viajes de negocios en la era COVID - 麻豆原创 Espa\u00f1a News Center\",\"isPartOf\":{\"@id\":\"https:\/\/news.sap.com\/spain\/#website\"},\"primaryImageOfPage\":{\"@id\":\"https:\/\/news.sap.com\/spain\/2022\/03\/evolucion-de-los-viajes-de-negocios-en-la-era-covid\/#primaryimage\"},\"image\":{\"@id\":\"https:\/\/news.sap.com\/spain\/2022\/03\/evolucion-de-los-viajes-de-negocios-en-la-era-covid\/#primaryimage\"},\"thumbnailUrl\":\"https:\/\/news.sap.com\/spain\/files\/2022\/03\/18\/control-viajes-gastos.jpg\",\"datePublished\":\"2022-03-31T08:11:31+00:00\",\"dateModified\":\"2023-10-16T15:48:45+00:00\",\"author\":{\"@id\":\"https:\/\/news.sap.com\/spain\/#\/schema\/person\/4573e2beeb96fc44e819e7f7b2923465\"},\"description\":\"La pandemia ha cambiado la percepci\u00f3n de los viajes de negocios y la gesti\u00f3n de los gastos de viaje. Estas son las \u00faltimas tendencias en su administraci\u00f3n.\",\"breadcrumb\":{\"@id\":\"https:\/\/news.sap.com\/spain\/2022\/03\/evolucion-de-los-viajes-de-negocios-en-la-era-covid\/#breadcrumb\"},\"inLanguage\":\"es\",\"potentialAction\":[{\"@type\":\"ReadAction\",\"target\":[\"https:\/\/news.sap.com\/spain\/2022\/03\/evolucion-de-los-viajes-de-negocios-en-la-era-covid\/\"]}]},{\"@type\":\"ImageObject\",\"inLanguage\":\"es\",\"@id\":\"https:\/\/news.sap.com\/spain\/2022\/03\/evolucion-de-los-viajes-de-negocios-en-la-era-covid\/#primaryimage\",\"url\":\"https:\/\/news.sap.com\/spain\/files\/2022\/03\/18\/control-viajes-gastos.jpg\",\"contentUrl\":\"https:\/\/news.sap.com\/spain\/files\/2022\/03\/18\/control-viajes-gastos.jpg\",\"width\":2560,\"height\":1709,\"caption\":\"1\/27\/2017 \u2014 Seatac Airport, Seatac, Washington, USA Photograph by Stuart Isett\/Concur.\"},{\"@type\":\"BreadcrumbList\",\"@id\":\"https:\/\/news.sap.com\/spain\/2022\/03\/evolucion-de-los-viajes-de-negocios-en-la-era-covid\/#breadcrumb\",\"itemListElement\":[{\"@type\":\"ListItem\",\"position\":1,\"name\":\"Home\",\"item\":\"https:\/\/news.sap.com\/spain\/\"},{\"@type\":\"ListItem\",\"position\":2,\"name\":\"Evoluci\u00f3n de los viajes de negocios en la era COVID\"}]},{\"@type\":\"WebSite\",\"@id\":\"https:\/\/news.sap.com\/spain\/#website\",\"url\":\"https:\/\/news.sap.com\/spain\/\",\"name\":\"麻豆原创 Espa\u00f1a News Center\",\"description\":\"Noticias e informaci\u00f3n sobre 麻豆原创\",\"potentialAction\":[{\"@type\":\"SearchAction\",\"target\":{\"@type\":\"EntryPoint\",\"urlTemplate\":\"https:\/\/news.sap.com\/spain\/?s={search_term_string}\"},\"query-input\":{\"@type\":\"PropertyValueSpecification\",\"valueRequired\":true,\"valueName\":\"search_term_string\"}}],\"inLanguage\":\"es\"},{\"@type\":\"Person\",\"@id\":\"https:\/\/news.sap.com\/spain\/#\/schema\/person\/4573e2beeb96fc44e819e7f7b2923465\",\"name\":\"麻豆原创 Espa\u00f1a\",\"image\":{\"@type\":\"ImageObject\",\"inLanguage\":\"es\",\"@id\":\"https:\/\/news.sap.com\/spain\/#\/schema\/person\/image\/\",\"url\":\"https:\/\/news.sap.com\/spain\/wp-content\/plugins\/wp-user-avatars\/wp-user-avatars\/assets\/images\/mystery.jpg\",\"contentUrl\":\"https:\/\/news.sap.com\/spain\/wp-content\/plugins\/wp-user-avatars\/wp-user-avatars\/assets\/images\/mystery.jpg\",\"caption\":\"麻豆原创 Espa\u00f1a\"},\"url\":\"https:\/\/news.sap.com\/spain\/author\/sapespana\/\"}]}<\/script>\n<!-- \/ Yoast SEO Premium plugin. -->","yoast_head_json":{"title":"Evoluci\u00f3n de los viajes de negocios en la era COVID - 麻豆原创 Espa\u00f1a News Center","description":"La pandemia ha cambiado la percepci\u00f3n de los viajes de negocios y la gesti\u00f3n de los gastos de viaje. Estas son las \u00faltimas tendencias en su administraci\u00f3n.","robots":{"index":"index","follow":"follow","max-snippet":"max-snippet:-1","max-image-preview":"max-image-preview:large","max-video-preview":"max-video-preview:-1"},"canonical":"https:\/\/news.sap.com\/spain\/2022\/03\/evolucion-de-los-viajes-de-negocios-en-la-era-covid\/","og_locale":"es_ES","og_type":"article","og_title":"Evoluci\u00f3n de los viajes de negocios en la era COVID","og_description":"La pandemia ha cambiado la percepci\u00f3n de los viajes de negocios y la gesti\u00f3n de los gastos de viaje. Estas son las \u00faltimas tendencias en su administraci\u00f3n.","og_url":"https:\/\/news.sap.com\/spain\/2022\/03\/evolucion-de-los-viajes-de-negocios-en-la-era-covid\/","og_site_name":"麻豆原创 Espa\u00f1a News Center","article_published_time":"2022-03-31T08:11:31+00:00","article_modified_time":"2023-10-16T15:48:45+00:00","og_image":[{"width":1024,"height":684,"url":"https:\/\/news.sap.com\/spain\/files\/2022\/03\/18\/control-viajes-gastos-1024x684.jpg","type":"image\/jpeg"}],"author":"麻豆原创 Espa\u00f1a","twitter_card":"summary_large_image","twitter_misc":{"Escrito por":"麻豆原创 Espa\u00f1a","Tiempo de lectura":"8 minutos"},"schema":{"@context":"https:\/\/schema.org","@graph":[{"@type":"Article","@id":"https:\/\/news.sap.com\/spain\/2022\/03\/evolucion-de-los-viajes-de-negocios-en-la-era-covid\/#article","isPartOf":{"@id":"https:\/\/news.sap.com\/spain\/2022\/03\/evolucion-de-los-viajes-de-negocios-en-la-era-covid\/"},"author":{"name":"麻豆原创 Espa\u00f1a","@id":"https:\/\/news.sap.com\/spain\/#\/schema\/person\/4573e2beeb96fc44e819e7f7b2923465"},"headline":"Evoluci\u00f3n de los viajes de negocios en la era COVID","datePublished":"2022-03-31T08:11:31+00:00","dateModified":"2023-10-16T15:48:45+00:00","mainEntityOfPage":{"@id":"https:\/\/news.sap.com\/spain\/2022\/03\/evolucion-de-los-viajes-de-negocios-en-la-era-covid\/"},"wordCount":1691,"image":{"@id":"https:\/\/news.sap.com\/spain\/2022\/03\/evolucion-de-los-viajes-de-negocios-en-la-era-covid\/#primaryimage"},"thumbnailUrl":"https:\/\/news.sap.com\/spain\/files\/2022\/03\/18\/control-viajes-gastos.jpg","keywords":["control de\u00a0viajes y\u00a0gastos"],"articleSection":["Planificaci\u00f3n de recursos empresariales"],"inLanguage":"es"},{"@type":"WebPage","@id":"https:\/\/news.sap.com\/spain\/2022\/03\/evolucion-de-los-viajes-de-negocios-en-la-era-covid\/","url":"https:\/\/news.sap.com\/spain\/2022\/03\/evolucion-de-los-viajes-de-negocios-en-la-era-covid\/","name":"Evoluci\u00f3n de los viajes de negocios en la era COVID - 麻豆原创 Espa\u00f1a News Center","isPartOf":{"@id":"https:\/\/news.sap.com\/spain\/#website"},"primaryImageOfPage":{"@id":"https:\/\/news.sap.com\/spain\/2022\/03\/evolucion-de-los-viajes-de-negocios-en-la-era-covid\/#primaryimage"},"image":{"@id":"https:\/\/news.sap.com\/spain\/2022\/03\/evolucion-de-los-viajes-de-negocios-en-la-era-covid\/#primaryimage"},"thumbnailUrl":"https:\/\/news.sap.com\/spain\/files\/2022\/03\/18\/control-viajes-gastos.jpg","datePublished":"2022-03-31T08:11:31+00:00","dateModified":"2023-10-16T15:48:45+00:00","author":{"@id":"https:\/\/news.sap.com\/spain\/#\/schema\/person\/4573e2beeb96fc44e819e7f7b2923465"},"description":"La pandemia ha cambiado la percepci\u00f3n de los viajes de negocios y la gesti\u00f3n de los gastos de viaje. Estas son las \u00faltimas tendencias en su administraci\u00f3n.","breadcrumb":{"@id":"https:\/\/news.sap.com\/spain\/2022\/03\/evolucion-de-los-viajes-de-negocios-en-la-era-covid\/#breadcrumb"},"inLanguage":"es","potentialAction":[{"@type":"ReadAction","target":["https:\/\/news.sap.com\/spain\/2022\/03\/evolucion-de-los-viajes-de-negocios-en-la-era-covid\/"]}]},{"@type":"ImageObject","inLanguage":"es","@id":"https:\/\/news.sap.com\/spain\/2022\/03\/evolucion-de-los-viajes-de-negocios-en-la-era-covid\/#primaryimage","url":"https:\/\/news.sap.com\/spain\/files\/2022\/03\/18\/control-viajes-gastos.jpg","contentUrl":"https:\/\/news.sap.com\/spain\/files\/2022\/03\/18\/control-viajes-gastos.jpg","width":2560,"height":1709,"caption":"1\/27\/2017 \u2014 Seatac Airport, Seatac, Washington, USA Photograph by Stuart Isett\/Concur."},{"@type":"BreadcrumbList","@id":"https:\/\/news.sap.com\/spain\/2022\/03\/evolucion-de-los-viajes-de-negocios-en-la-era-covid\/#breadcrumb","itemListElement":[{"@type":"ListItem","position":1,"name":"Home","item":"https:\/\/news.sap.com\/spain\/"},{"@type":"ListItem","position":2,"name":"Evoluci\u00f3n de los viajes de negocios en la era COVID"}]},{"@type":"WebSite","@id":"https:\/\/news.sap.com\/spain\/#website","url":"https:\/\/news.sap.com\/spain\/","name":"麻豆原创 Espa\u00f1a News Center","description":"Noticias e informaci\u00f3n sobre 麻豆原创","potentialAction":[{"@type":"SearchAction","target":{"@type":"EntryPoint","urlTemplate":"https:\/\/news.sap.com\/spain\/?s={search_term_string}"},"query-input":{"@type":"PropertyValueSpecification","valueRequired":true,"valueName":"search_term_string"}}],"inLanguage":"es"},{"@type":"Person","@id":"https:\/\/news.sap.com\/spain\/#\/schema\/person\/4573e2beeb96fc44e819e7f7b2923465","name":"麻豆原创 Espa\u00f1a","image":{"@type":"ImageObject","inLanguage":"es","@id":"https:\/\/news.sap.com\/spain\/#\/schema\/person\/image\/","url":"https:\/\/news.sap.com\/spain\/wp-content\/plugins\/wp-user-avatars\/wp-user-avatars\/assets\/images\/mystery.jpg","contentUrl":"https:\/\/news.sap.com\/spain\/wp-content\/plugins\/wp-user-avatars\/wp-user-avatars\/assets\/images\/mystery.jpg","caption":"麻豆原创 Espa\u00f1a"},"url":"https:\/\/news.sap.com\/spain\/author\/sapespana\/"}]}},"amp_enabled":true,"_links":{"self":[{"href":"https:\/\/news.sap.com\/spain\/wp-json\/wp\/v2\/posts\/4908","targetHints":{"allow":["GET"]}}],"collection":[{"href":"https:\/\/news.sap.com\/spain\/wp-json\/wp\/v2\/posts"}],"about":[{"href":"https:\/\/news.sap.com\/spain\/wp-json\/wp\/v2\/types\/post"}],"author":[{"embeddable":true,"href":"https:\/\/news.sap.com\/spain\/wp-json\/wp\/v2\/users\/3372"}],"replies":[{"embeddable":true,"href":"https:\/\/news.sap.com\/spain\/wp-json\/wp\/v2\/comments?post=4908"}],"version-history":[{"count":0,"href":"https:\/\/news.sap.com\/spain\/wp-json\/wp\/v2\/posts\/4908\/revisions"}],"wp:featuredmedia":[{"embeddable":true,"href":"https:\/\/news.sap.com\/spain\/wp-json\/wp\/v2\/media\/4909"}],"wp:attachment":[{"href":"https:\/\/news.sap.com\/spain\/wp-json\/wp\/v2\/media?parent=4908"}],"wp:term":[{"taxonomy":"category","embeddable":true,"href":"https:\/\/news.sap.com\/spain\/wp-json\/wp\/v2\/categories?post=4908"},{"taxonomy":"post_tag","embeddable":true,"href":"https:\/\/news.sap.com\/spain\/wp-json\/wp\/v2\/tags?post=4908"},{"taxonomy":"sapn-display","embeddable":true,"href":"https:\/\/news.sap.com\/spain\/wp-json\/wp\/v2\/sapn-display?post=4908"},{"taxonomy":"sapn-type","embeddable":true,"href":"https:\/\/news.sap.com\/spain\/wp-json\/wp\/v2\/sapn-type?post=4908"}],"curies":[{"name":"wp","href":"https:\/\/api.w.org\/{rel}","templated":true}]}}