  {"id":4694,"date":"2022-01-20T09:56:45","date_gmt":"2022-01-20T09:56:45","guid":{"rendered":"https:\/\/news.sap.com\/spain\/?p=4694"},"modified":"2023-10-16T16:10:23","modified_gmt":"2023-10-16T16:10:23","slug":"nuevas-habilidades-profesionales-y-formacion-para-crecer-laboralmente","status":"publish","type":"post","link":"https:\/\/news.sap.com\/spain\/2022\/01\/nuevas-habilidades-profesionales-y-formacion-para-crecer-laboralmente\/","title":{"rendered":"Nuevas habilidades profesionales y formaci\u00f3n para crecer laboralmente"},"content":{"rendered":"<p class=\"lead\"><span data-contrast=\"none\">Los avances tecnol\u00f3gicos se suceden a un ritmo vertiginoso y su impacto en la econom\u00eda y el empleo es ya innegable. En esta l\u00ednea, el \u00faltimo <\/span><a href=\"https:\/\/es.weforum.org\/agenda\/2020\/10\/tu-proximo-cambio-de-trabajo-podria-ser-mas-facil-de-lo-que-piensas\/\" target=\"_blank\" rel=\"noopener\"><i><span data-contrast=\"none\">Informe sobre el Futuro de los Empleos<\/span><\/i><\/a><span data-contrast=\"none\"> del Foro Econ\u00f3mico Mundial destaca que <\/span><b><span data-contrast=\"none\">la mitad de los trabajadores actuales necesitar\u00e1 nueva formaci\u00f3n antes de 2025<\/span><\/b><span data-contrast=\"none\">.<\/span><span data-ccp-props=\"{&quot;201341983&quot;:0,&quot;335551550&quot;:1,&quot;335551620&quot;:1,&quot;335559739&quot;:240,&quot;335559740&quot;:276}\">\u00a0<\/span><\/p>\n<p><span data-contrast=\"none\">En este contexto, es fundamental adaptarse a un <\/span><b><span data-contrast=\"none\">entorno cambiante<\/span><\/b><span data-contrast=\"none\"> y con nuevas exigencias. Las <\/span><b><span data-contrast=\"none\">habilidades profesionales <\/span><\/b><span data-contrast=\"none\">que ayudan a crecer laboralmente a los j\u00f3venes titulados de hoy se centran, principalmente, en <\/span><b><span data-contrast=\"none\">la tecnolog\u00eda, la autonom\u00eda y la resoluci\u00f3n de problemas.<\/span><\/b><span data-ccp-props=\"{&quot;201341983&quot;:0,&quot;335551550&quot;:1,&quot;335551620&quot;:1,&quot;335559739&quot;:240,&quot;335559740&quot;:276}\">\u00a0<\/span><\/p>\n<h2><b><span data-contrast=\"none\">\u00bfQu\u00e9 son las habilidades profesionales?<\/span><\/b><\/h2>\n<p><span data-contrast=\"none\">Las <\/span><b><span data-contrast=\"none\">competencias o habilidades profesionales<\/span><\/b><span data-contrast=\"none\"> hacen referencia a los conocimientos y aptitudes id\u00f3neas para alcanzar un desempe\u00f1o \u00f3ptimo de la actividad laboral. Por lo general, se dividen en <\/span><b><i><span data-contrast=\"none\">hard skills <\/span><\/i><\/b><span data-contrast=\"none\">y <\/span><b><i><span data-contrast=\"none\">soft skills<\/span><\/i><\/b><span data-contrast=\"none\">.<\/span><span data-ccp-props=\"{&quot;201341983&quot;:0,&quot;335551550&quot;:1,&quot;335551620&quot;:1,&quot;335559739&quot;:240,&quot;335559740&quot;:276}\">\u00a0<\/span><\/p>\n<h3><b><i><span data-contrast=\"none\">Hard skills<\/span><\/i><\/b><b><span data-contrast=\"none\"> o competencias t\u00e9cnicas<\/span><\/b><\/h3>\n<p><span data-contrast=\"none\">Las <\/span><i><span data-contrast=\"none\">hard skills <\/span><\/i><span data-contrast=\"none\">son habilidades profesionales <\/span><b><span data-contrast=\"none\">necesarias para desarrollarse en un puesto de trabajo espec\u00edfico<\/span><\/b><span data-contrast=\"none\">. Estas competencias se adquieren a trav\u00e9s de <\/span><b><span data-contrast=\"none\">cursos de formaci\u00f3n y experiencia laboral<\/span><\/b><span data-contrast=\"none\">.<\/span><span data-ccp-props=\"{&quot;201341983&quot;:0,&quot;335551550&quot;:1,&quot;335551620&quot;:1,&quot;335559739&quot;:240,&quot;335559740&quot;:276}\">\u00a0<\/span><\/p>\n<p><span data-contrast=\"none\">Los <\/span><b><span data-contrast=\"none\">perfiles profesionales son cada vez m\u00e1s tecnol\u00f3gicos<\/span><\/b><span data-contrast=\"none\">. En la actualidad, se valoran los conocimientos de plataformas CMS, comercio <\/span><i><span data-contrast=\"none\">online<\/span><\/i><span data-contrast=\"none\"> o manejo avanzado de herramientas de gesti\u00f3n empresarial, como los ERP.<\/span><span data-ccp-props=\"{&quot;201341983&quot;:0,&quot;335551550&quot;:1,&quot;335551620&quot;:1,&quot;335559739&quot;:240,&quot;335559740&quot;:276}\">\u00a0<\/span><\/p>\n<p><span data-contrast=\"none\">De hecho, la carrera de <\/span><b><span data-contrast=\"none\">consultor 麻豆原创<\/span><\/b><span data-contrast=\"none\"> se ha convertido en una de las m\u00e1s demandadas y mejor remuneradas del mercado. Los profesionales con una <\/span><b><span data-contrast=\"none\">certificaci\u00f3n 麻豆原创<\/span><\/b> <b><span data-contrast=\"none\">oficial<\/span><\/b><span data-contrast=\"none\"> disfrutan de una <\/span><b><span data-contrast=\"none\">ventaja competitiva<\/span><\/b><span data-contrast=\"none\"> que se traduce en un salario por encima de la media y m\u00faltiples opciones para conseguir un empleo estable y con <\/span><b><span data-contrast=\"none\">garant\u00edas de crecimiento profesional<\/span><\/b><span data-contrast=\"none\">.<\/span><span data-ccp-props=\"{&quot;201341983&quot;:0,&quot;335551550&quot;:1,&quot;335551620&quot;:1,&quot;335559739&quot;:240,&quot;335559740&quot;:276}\">\u00a0<\/span><\/p>\n<h3><b><i><span data-contrast=\"none\">Soft skills<\/span><\/i><\/b><b><span data-contrast=\"none\"> o competencias transversales<\/span><\/b><\/h3>\n<p><span data-contrast=\"none\">Las <\/span><i><span data-contrast=\"none\">soft skills <\/span><\/i><span data-contrast=\"none\">son habilidades profesionales relacionadas con cualidades y <\/span><b><span data-contrast=\"none\">aptitudes de tipo social<\/span><\/b><span data-contrast=\"none\">. Tienen mucho que ver con la personalidad, pero tambi\u00e9n se pueden <\/span><b><span data-contrast=\"none\">adquirir y desarrollar con formaci\u00f3n espec\u00edfica<\/span><\/b><span data-contrast=\"none\">, como el <\/span><i><span data-contrast=\"none\">coaching<\/span><\/i><span data-contrast=\"none\">.<\/span><span data-ccp-props=\"{&quot;201341983&quot;:0,&quot;335551550&quot;:1,&quot;335551620&quot;:1,&quot;335559739&quot;:240,&quot;335559740&quot;:276}\">\u00a0<\/span><\/p>\n<p><span data-contrast=\"none\">Estas habilidades tienen gran relevancia en la <\/span><b><span data-contrast=\"none\">captaci\u00f3n de talento<\/span><\/b><span data-contrast=\"none\">. Los reclutadores valoran <\/span><b><span data-contrast=\"none\">competencias transversales<\/span><\/b><span data-contrast=\"none\"> como la proactividad, la capacidad de adaptarse a los cambios o el trabajo en equipo.<\/span><span data-ccp-props=\"{&quot;201341983&quot;:0,&quot;335551550&quot;:1,&quot;335551620&quot;:1,&quot;335559739&quot;:240,&quot;335559740&quot;:276}\">\u00a0<\/span><\/p>\n<h2><b><span data-contrast=\"none\">\u00bfCu\u00e1les son las habilidades profesionales m\u00e1s demandadas?<\/span><\/b><span data-ccp-props=\"{&quot;201341983&quot;:0,&quot;335551550&quot;:1,&quot;335551620&quot;:1,&quot;335559738&quot;:360,&quot;335559739&quot;:120,&quot;335559740&quot;:276}\">\u00a0<\/span><\/h2>\n<p><span data-contrast=\"none\">Las habilidades profesionales cambian al mismo ritmo que lo hace el mercado laboral. Para superar con \u00e9xito un proceso de selecci\u00f3n y <\/span><b><span data-contrast=\"none\">avanzar en tu carrera profesional<\/span><\/b><span data-contrast=\"none\">, es fundamental <\/span><b><span data-contrast=\"none\">conocer las competencias m\u00e1s solicitadas<\/span><\/b><span data-contrast=\"none\"> por las empresas.<\/span><span data-ccp-props=\"{&quot;201341983&quot;:0,&quot;335551550&quot;:1,&quot;335551620&quot;:1,&quot;335559739&quot;:240,&quot;335559740&quot;:276}\">\u00a0<\/span><\/p>\n<p><b><span data-contrast=\"none\">Mejorar la empleabilidad <\/span><\/b><span data-contrast=\"none\">y conquistar el mercado laboral implica <\/span><b><span data-contrast=\"none\">desarrollar un conjunto de competencias t\u00e9cnicas y sociales<\/span><\/b><span data-contrast=\"none\">. Esto significa que es tan importante adquirir nuevos conocimientos como crecer a nivel personal.<\/span><span data-ccp-props=\"{&quot;201341983&quot;:0,&quot;335551550&quot;:1,&quot;335551620&quot;:1,&quot;335559739&quot;:240,&quot;335559740&quot;:276}\">\u00a0<\/span><\/p>\n<h3><b><span data-contrast=\"none\">Las competencias profesionales t\u00e9cnicas m\u00e1s solicitadas en la actualidad<\/span><\/b><\/h3>\n<p><span data-contrast=\"none\">Las <\/span><b><span data-contrast=\"none\">competencias clave<\/span><\/b><span data-contrast=\"none\"> que multiplican las opciones de desarrollo laboral se logran partiendo del conocimiento de los puntos fuertes y d\u00e9biles. El <\/span><b><span data-contrast=\"none\">entrenamiento de las habilidades <\/span><\/b><span data-contrast=\"none\">y la puesta en pr\u00e1ctica de estrategias para optimizarlas son los dos pilares del \u00e9xito.<\/span><span data-ccp-props=\"{&quot;201341983&quot;:0,&quot;335551550&quot;:1,&quot;335551620&quot;:1,&quot;335559739&quot;:240,&quot;335559740&quot;:276}\">\u00a0<\/span><\/p>\n<p><span data-contrast=\"none\">Seg\u00fan un estudio de la red social LinkedIn, estas son las <\/span><b><i><span data-contrast=\"none\">hard skills <\/span><\/i><\/b><b><span data-contrast=\"none\">m\u00e1s demandadas<\/span><\/b><span data-contrast=\"none\"> por las empresas:<\/span><span data-ccp-props=\"{&quot;201341983&quot;:0,&quot;335551550&quot;:1,&quot;335551620&quot;:1,&quot;335559739&quot;:240,&quot;335559740&quot;:276}\">\u00a0<\/span><\/p>\n<h4><b><span data-contrast=\"none\">1. <\/span><\/b><b><i><span data-contrast=\"none\">Blockchain<\/span><\/i><\/b><\/h4>\n<p><span data-contrast=\"none\">La <\/span><b><span data-contrast=\"none\">tecnolog\u00eda <\/span><\/b><b><i><span data-contrast=\"none\">blockchain<\/span><\/i><\/b> <span data-contrast=\"none\">surgi\u00f3 ligada al mundo del <\/span><i><span data-contrast=\"none\">bitcoin<\/span><\/i><span data-contrast=\"none\">. En la actualidad, se ha expandido a todos los sectores profesionales por su potencial en una gran cantidad de aplicaciones, desde transacciones financieras hasta la administraci\u00f3n p\u00fablica.<\/span><span data-ccp-props=\"{&quot;201341983&quot;:0,&quot;335551550&quot;:1,&quot;335551620&quot;:1,&quot;335559739&quot;:240,&quot;335559740&quot;:276}\">\u00a0<\/span><\/p>\n<p><span data-contrast=\"none\">Las investigaciones para <\/span><b><span data-contrast=\"none\">implantar el <\/span><\/b><b><i><span data-contrast=\"none\">blockchain<\/span><\/i><\/b><span data-contrast=\"none\"> en todos los niveles avanzan a un ritmo trepidante. Es probable que en poco tiempo se convierta en la tecnolog\u00eda del presente.<\/span><span data-ccp-props=\"{&quot;201341983&quot;:0,&quot;335551550&quot;:1,&quot;335551620&quot;:1,&quot;335559739&quot;:240,&quot;335559740&quot;:276}\">\u00a0<\/span><\/p>\n<h4><b><span data-contrast=\"none\">2. <\/span><\/b><b><i><span data-contrast=\"none\">Cloud Computing<\/span><\/i><\/b><\/h4>\n<p><span data-contrast=\"none\">La <\/span><a href=\"https:\/\/news.sap.com\/spain\/2020\/11\/6-ventajas-del-cloud-computing-para-su-empresa\/\" target=\"_blank\" rel=\"noopener\"><b><span data-contrast=\"none\">computaci\u00f3n en la nube<\/span><\/b><\/a><span data-contrast=\"none\"> es la tecnolog\u00eda que posibilita <\/span><b><span data-contrast=\"none\">conectarse en remoto a herramientas inform\u00e1ticas<\/span><\/b><span data-contrast=\"none\">, almacenamiento de documentos y procesamiento de datos. Esta <\/span><b><span data-contrast=\"none\">alternativa a la ejecuci\u00f3n en ordenadores o servidores locales proporciona<\/span><\/b><span data-contrast=\"none\"> a las empresas mayores recursos con menores costes de mantenimiento, elevados niveles de seguridad y facilidad de acceso.<\/span><span data-ccp-props=\"{&quot;201341983&quot;:0,&quot;335551550&quot;:1,&quot;335551620&quot;:1,&quot;335559739&quot;:240,&quot;335559740&quot;:276}\">\u00a0<\/span><\/p>\n<p><span data-contrast=\"none\">Las <\/span><b><span data-contrast=\"none\">soluciones 麻豆原创 en la nube<\/span><\/b><span data-contrast=\"none\"> son un buen ejemplo del potencial de este tipo de herramientas.<\/span><span data-ccp-props=\"{&quot;201341983&quot;:0,&quot;335551550&quot;:1,&quot;335551620&quot;:1,&quot;335559739&quot;:240,&quot;335559740&quot;:276}\">\u00a0<\/span><\/p>\n<h4><b><span data-contrast=\"none\">3. Inteligencia artificial<\/span><\/b><\/h4>\n<p><span data-contrast=\"none\">Los campos de <\/span><b><span data-contrast=\"none\">aplicaci\u00f3n de la inteligencia artificial<\/span><\/b><span data-contrast=\"none\"> son cada vez m\u00e1s amplios. Las posibilidades del aprendizaje autom\u00e1tico para dise\u00f1ar nuevos m\u00e9todos de trabajo y comunicaci\u00f3n altamente sofisticados requieren <\/span><b><span data-contrast=\"none\">profesionales especializados<\/span><\/b><span data-contrast=\"none\"> en este campo.<\/span><span data-ccp-props=\"{&quot;201341983&quot;:0,&quot;335551550&quot;:1,&quot;335551620&quot;:1,&quot;335559739&quot;:240,&quot;335559740&quot;:276}\">\u00a0<\/span><\/p>\n<p><span data-contrast=\"none\">Algunos de estos expertos son tan escasos, que muchos proyectos no se pueden llevar a cabo. Las <\/span><b><span data-contrast=\"none\">profesiones m\u00e1s solicitadas<\/span><\/b><span data-contrast=\"none\"> en este \u00e1mbito son:<\/span><span data-ccp-props=\"{&quot;201341983&quot;:0,&quot;335551550&quot;:1,&quot;335551620&quot;:1,&quot;335559739&quot;:240,&quot;335559740&quot;:276}\">\u00a0<\/span><\/p>\n<ul>\n<li><i><span data-contrast=\"none\">Data scientists.<\/span><\/i><span data-ccp-props=\"{&quot;201341983&quot;:0,&quot;335551550&quot;:1,&quot;335551620&quot;:1,&quot;335559739&quot;:240,&quot;335559740&quot;:276}\">\u00a0<\/span><\/li>\n<li><span data-contrast=\"none\">Expertos en protecci\u00f3n de datos.<\/span><span data-ccp-props=\"{&quot;201341983&quot;:0,&quot;335551550&quot;:1,&quot;335551620&quot;:1,&quot;335559739&quot;:240,&quot;335559740&quot;:276}\">\u00a0<\/span><\/li>\n<li><span data-contrast=\"none\">Expertos en <\/span><i><span data-contrast=\"none\">hardware.<\/span><\/i><span data-ccp-props=\"{&quot;201341983&quot;:0,&quot;335551550&quot;:1,&quot;335551620&quot;:1,&quot;335559739&quot;:240,&quot;335559740&quot;:276}\">\u00a0<\/span><\/li>\n<li><span data-contrast=\"none\">Expertos en <\/span><i><span data-contrast=\"none\">Machine Learning.<\/span><\/i><span data-ccp-props=\"{&quot;201341983&quot;:0,&quot;335551550&quot;:1,&quot;335551620&quot;:1,&quot;335559739&quot;:240,&quot;335559740&quot;:276}\">\u00a0<\/span><\/li>\n<li><span data-contrast=\"none\">Fil\u00f3sofos y expertos en l\u00f3gica proposicional.<\/span><span data-ccp-props=\"{&quot;201341983&quot;:0,&quot;335551550&quot;:1,&quot;335551620&quot;:1,&quot;335559739&quot;:240,&quot;335559740&quot;:276}\">\u00a0<\/span><\/li>\n<li><span data-contrast=\"none\">Analistas de tendencias.<\/span><span data-ccp-props=\"{&quot;201341983&quot;:0,&quot;335551550&quot;:1,&quot;335551620&quot;:1,&quot;335559739&quot;:240,&quot;335559740&quot;:276}\">\u00a0<\/span><\/li>\n<li><span data-contrast=\"none\">Expertos en desarrollo de proyectos.<\/span><span data-ccp-props=\"{&quot;201341983&quot;:0,&quot;335551550&quot;:1,&quot;335551620&quot;:1,&quot;335559739&quot;:240,&quot;335559740&quot;:276}\">\u00a0<\/span><\/li>\n<li><span data-contrast=\"none\">Dise\u00f1adores UX.<\/span><span data-ccp-props=\"{&quot;201341983&quot;:0,&quot;335551550&quot;:1,&quot;335551620&quot;:1,&quot;335559739&quot;:240,&quot;335559740&quot;:276}\">\u00a0<\/span><\/li>\n<\/ul>\n<p><span data-contrast=\"none\">Las habilidades necesarias en este campo est\u00e1n relacionadas con la <\/span><b><span data-contrast=\"none\">capacidad de analizar y sintetizar la informaci\u00f3n<\/span><\/b><span data-contrast=\"none\">, facilitando la comunicaci\u00f3n en las organizaciones.<\/span><span data-ccp-props=\"{&quot;201341983&quot;:0,&quot;335551550&quot;:1,&quot;335551620&quot;:1,&quot;335559739&quot;:240,&quot;335559740&quot;:276}\">\u00a0<\/span><\/p>\n<h4><b><span data-contrast=\"none\">4. An\u00e1lisis de negocios<\/span><\/b><span data-ccp-props=\"{&quot;201341983&quot;:0,&quot;335551550&quot;:1,&quot;335551620&quot;:1,&quot;335559739&quot;:240,&quot;335559740&quot;:276}\">\u00a0<\/span><\/h4>\n<p><span data-contrast=\"none\">El analista de negocios es un profesional con <\/span><b><span data-contrast=\"none\">conocimientos t\u00e9cnicos y de gesti\u00f3n<\/span><\/b><span data-contrast=\"none\">. Su responsabilidad se centra en identificar oportunidades de mejora en las operaciones y procesos de las empresas.<\/span><span data-ccp-props=\"{&quot;201341983&quot;:0,&quot;335551550&quot;:1,&quot;335551620&quot;:1,&quot;335559739&quot;:240,&quot;335559740&quot;:276}\">\u00a0<\/span><\/p>\n<p><span data-contrast=\"none\">Para trabajar como <\/span><b><span data-contrast=\"none\">analista de negocios<\/span><\/b><span data-contrast=\"none\">, es esencial desarrollar habilidades en el <\/span><b><span data-contrast=\"none\">conocimiento de las TIC<\/span><\/b><span data-contrast=\"none\"> para comprender c\u00f3mo funcionan los sistemas y el producto.<\/span><span data-ccp-props=\"{&quot;201341983&quot;:0,&quot;335551550&quot;:1,&quot;335551620&quot;:1,&quot;335559739&quot;:240,&quot;335559740&quot;:276}\">\u00a0<\/span><\/p>\n<p><span data-contrast=\"none\">Sus competencias giran en torno a <\/span><b><span data-contrast=\"none\">herramientas y programas<\/span><\/b><span data-contrast=\"none\"> de presentaci\u00f3n, dise\u00f1o de proyectos empresariales, herramientas de <\/span><i><span data-contrast=\"none\">Business Analytics<\/span><\/i><span data-contrast=\"none\"> y otras tecnolog\u00edas. Adem\u00e1s, es necesaria una excelente capacidad de <\/span><b><span data-contrast=\"none\">gesti\u00f3n del tiempo, comunicaci\u00f3n y liderazgo<\/span><\/b><span data-contrast=\"none\">.<\/span><span data-ccp-props=\"{&quot;201341983&quot;:0,&quot;335551550&quot;:1,&quot;335551620&quot;:1,&quot;335559739&quot;:240,&quot;335559740&quot;:276}\">\u00a0<\/span><\/p>\n<h4><b><span data-contrast=\"none\">5. Consultor 麻豆原创<\/span><\/b><\/h4>\n<p><span data-contrast=\"none\">La consultor\u00eda 麻豆原创 es una profesi\u00f3n de gran <\/span><b><span data-contrast=\"none\">prestigio internacional<\/span><\/b><span data-contrast=\"none\">. Estos profesionales se encuentran <\/span><b><span data-contrast=\"none\">entre los m\u00e1s demandados y mejor remunerados del sector tecnol\u00f3gico<\/span><\/b><span data-contrast=\"none\">. No en vano, el <\/span><b><span data-contrast=\"none\">91\u202f% de las empresas<\/span><\/b><span data-contrast=\"none\"> que figuran en el <\/span><i><span data-contrast=\"none\">Forbes Global 2000<\/span><\/i><span data-contrast=\"none\"> son clientes de 麻豆原创.<\/span><span data-ccp-props=\"{&quot;201341983&quot;:0,&quot;335551550&quot;:1,&quot;335551620&quot;:1,&quot;335559739&quot;:240,&quot;335559740&quot;:276}\">\u00a0<\/span><\/p>\n<p><span data-contrast=\"none\">Las principales funciones de un <\/span><b><span data-contrast=\"none\">consultor 麻豆原创<\/span><\/b><span data-contrast=\"none\"> son identificar el funcionamiento interno de la empresa y adaptar el sistema a sus necesidades. Para acceder a esta profesi\u00f3n no es necesario ser ingeniero inform\u00e1tico, pero s\u00ed tener profundos <\/span><b><span data-contrast=\"none\">conocimientos tecnol\u00f3gicos<\/span><\/b><span data-contrast=\"none\">.<\/span><span data-ccp-props=\"{&quot;201341983&quot;:0,&quot;335551550&quot;:1,&quot;335551620&quot;:1,&quot;335559739&quot;:240,&quot;335559740&quot;:276}\">\u00a0<\/span><\/p>\n<p><span data-contrast=\"none\">La <\/span><a href=\"https:\/\/www.sap.com\/spain\/cmp\/oth\/es-invest-in-your-future\/index.html\" target=\"_blank\" rel=\"noopener\"><span data-contrast=\"none\">formaci\u00f3n en 麻豆原创<\/span><\/a><span data-contrast=\"none\"> permite obtener una <\/span><b><span data-contrast=\"none\">certificaci\u00f3n oficial <\/span><\/b><span data-contrast=\"none\">y especializarse en el m\u00f3dulo elegido. Otras cualidades valoradas en un consultor 麻豆原创 son la iniciativa, la resiliencia, la creatividad y la capacidad de liderazgo.<\/span><span data-ccp-props=\"{&quot;201341983&quot;:0,&quot;335551550&quot;:1,&quot;335551620&quot;:1,&quot;335559739&quot;:240,&quot;335559740&quot;:276}\">\u00a0<\/span><\/p>\n<h3><b><span data-contrast=\"none\">Las <\/span><\/b><b><i><span data-contrast=\"none\">soft skills<\/span><\/i><\/b><b><span data-contrast=\"none\"> mejor valoradas por los reclutadores<\/span><\/b><\/h3>\n<p><span data-contrast=\"none\">Como has podido comprobar, los conocimientos t\u00e9cnicos <\/span><b><span data-contrast=\"none\">van de la mano de otras habilidades personales <\/span><\/b><span data-contrast=\"none\">imprescindibles para multiplicar tus posibilidades de conseguir <\/span><b><span data-contrast=\"none\">nuevas oportunidades de carrera<\/span><\/b><span data-contrast=\"none\">.<\/span><span data-ccp-props=\"{&quot;201341983&quot;:0,&quot;335551550&quot;:1,&quot;335551620&quot;:1,&quot;335559739&quot;:240,&quot;335559740&quot;:276}\">\u00a0<\/span><\/p>\n<p><span data-contrast=\"none\">A continuaci\u00f3n, analizamos las <\/span><b><span data-contrast=\"none\">habilidades transversales mejor valoradas<\/span><\/b><span data-contrast=\"none\"> en los procesos de selecci\u00f3n.<\/span><span data-ccp-props=\"{&quot;201341983&quot;:0,&quot;335551550&quot;:1,&quot;335551620&quot;:1,&quot;335559739&quot;:240,&quot;335559740&quot;:276}\">\u00a0<\/span><\/p>\n<h4><b><span data-contrast=\"none\">1. Resoluci\u00f3n de problemas<\/span><\/b><\/h4>\n<p><span data-contrast=\"none\">Las personas con una <\/span><b><span data-contrast=\"none\">buena capacidad para resolver problemas<\/span><\/b><span data-contrast=\"none\"> se caracterizan por estos rasgos:<\/span><span data-ccp-props=\"{&quot;201341983&quot;:0,&quot;335551550&quot;:1,&quot;335551620&quot;:1,&quot;335559739&quot;:240,&quot;335559740&quot;:276}\">\u00a0<\/span><\/p>\n<ul>\n<li><b><span data-contrast=\"none\">Personalidad anal\u00edtica<\/span><\/b><span data-contrast=\"none\">.<\/span><span data-ccp-props=\"{&quot;201341983&quot;:0,&quot;335551550&quot;:1,&quot;335551620&quot;:1,&quot;335559739&quot;:240,&quot;335559740&quot;:276}\">\u00a0<\/span><\/li>\n<li><b><span data-contrast=\"none\">Pensamiento cr\u00edtico<\/span><\/b><span data-contrast=\"none\">.<\/span><span data-ccp-props=\"{&quot;201341983&quot;:0,&quot;335551550&quot;:1,&quot;335551620&quot;:1,&quot;335559739&quot;:240,&quot;335559740&quot;:276}\">\u00a0<\/span><\/li>\n<li><b><span data-contrast=\"none\">Creatividad e iniciativa<\/span><\/b><span data-contrast=\"none\">.<\/span><span data-ccp-props=\"{&quot;201341983&quot;:0,&quot;335551550&quot;:1,&quot;335551620&quot;:1,&quot;335559739&quot;:240,&quot;335559740&quot;:276}\">\u00a0<\/span><\/li>\n<li><b><span data-contrast=\"none\">Capacidad de razonamiento<\/span><\/b><span data-contrast=\"none\">.<\/span><span data-ccp-props=\"{&quot;201341983&quot;:0,&quot;335551550&quot;:1,&quot;335551620&quot;:1,&quot;335559739&quot;:240,&quot;335559740&quot;:276}\">\u00a0<\/span><\/li>\n<\/ul>\n<p><span data-contrast=\"none\">Desarrollar estos rasgos aumenta las posibilidades de<\/span><b><span data-contrast=\"none\"> crecer laboralmente<\/span><\/b><span data-contrast=\"none\">.<\/span><span data-ccp-props=\"{&quot;201341983&quot;:0,&quot;335551550&quot;:1,&quot;335551620&quot;:1,&quot;335559739&quot;:240,&quot;335559740&quot;:276}\">\u00a0<\/span><\/p>\n<h4><b><span data-contrast=\"none\">2. Capacidad de autogesti\u00f3n<\/span><\/b><\/h4>\n<p><span data-contrast=\"none\">En tiempos de pandemia y teletrabajo, se ha puesto de manifiesto la importancia de la <\/span><b><span data-contrast=\"none\">capacidad de adaptaci\u00f3n al cambio<\/span><\/b><span data-contrast=\"none\"> y de autogesti\u00f3n. En el panorama laboral actual es un <\/span><b><span data-contrast=\"none\">factor clave<\/span><\/b><span data-contrast=\"none\"> para el \u00e9xito.<\/span><span data-ccp-props=\"{&quot;201341983&quot;:0,&quot;335551550&quot;:1,&quot;335551620&quot;:1,&quot;335559739&quot;:240,&quot;335559740&quot;:276}\">\u00a0<\/span><\/p>\n<h4><b><span data-contrast=\"none\">3. Trabajo en equipo<\/span><\/b><\/h4>\n<p><span data-contrast=\"none\">El <\/span><b><span data-contrast=\"none\">trabajo en equipo<\/span><\/b><span data-contrast=\"none\"> suma fuerzas y <\/span><b><span data-contrast=\"none\">mejora el rendimiento<\/span><\/b><span data-contrast=\"none\"> a trav\u00e9s de la cooperaci\u00f3n y la puesta en com\u00fan de las habilidades individuales. La retroalimentaci\u00f3n constructiva <\/span><b><span data-contrast=\"none\">fomenta la seguridad y la autoestima<\/span><\/b><span data-contrast=\"none\"> de los integrantes, a la vez que fortalece el sentimiento de pertenencia a un grupo.<\/span><span data-ccp-props=\"{&quot;201341983&quot;:0,&quot;335551550&quot;:1,&quot;335551620&quot;:1,&quot;335559739&quot;:240,&quot;335559740&quot;:276}\">\u00a0<\/span><\/p>\n<p><span data-contrast=\"none\">Para lograr un verdadero trabajo en equipo, se necesita tener capacidad para compartir ideas, aportar soluciones, ofrecer informaci\u00f3n y cooperar con el resto de miembros.<\/span><span data-ccp-props=\"{&quot;201341983&quot;:0,&quot;335551550&quot;:1,&quot;335551620&quot;:1,&quot;335559738&quot;:320,&quot;335559739&quot;:80,&quot;335559740&quot;:276}\">\u00a0<\/span><\/p>\n<h4><b><span data-contrast=\"none\">4. Escucha activa y empat\u00eda<\/span><\/b><\/h4>\n<p><span data-contrast=\"none\">No solo son necesarias para los perfiles comerciales o de atenci\u00f3n al cliente. Estas aptitudes tienen una gran importancia, porque los empleados con este perfil aportan <\/span><b><span data-contrast=\"none\">confianza y optimismo<\/span><\/b><span data-contrast=\"none\">, generan un <\/span><b><span data-contrast=\"none\">mejor clima laboral<\/span><\/b><span data-contrast=\"none\"> y est\u00e1n mejor preparados para <\/span><b><span data-contrast=\"none\">comunicar y planificar<\/span><\/b><span data-contrast=\"none\">.<\/span><span data-ccp-props=\"{&quot;201341983&quot;:0,&quot;335551550&quot;:1,&quot;335551620&quot;:1,&quot;335559739&quot;:240,&quot;335559740&quot;:276}\">\u00a0<\/span><\/p>\n<h4><b><span data-contrast=\"none\">5. Resiliencia<\/span><\/b><\/h4>\n<p><span data-contrast=\"none\">Vivimos en un entorno cambiante. El mundo de los negocios evoluciona de manera constante, sobre todo desde que la <\/span><b><span data-contrast=\"none\">transformaci\u00f3n digital<\/span><\/b><span data-contrast=\"none\"> ha dado paso a la <\/span><a href=\"https:\/\/news.sap.com\/spain\/2021\/05\/3-cosas-que-debe-saber-sobre-la-industria-4-0\/\" target=\"_blank\" rel=\"noopener\"><span data-contrast=\"none\">cuarta revoluci\u00f3n industrial<\/span><\/a><span data-contrast=\"none\">.<\/span><span data-ccp-props=\"{&quot;201341983&quot;:0,&quot;335551550&quot;:1,&quot;335551620&quot;:1,&quot;335559739&quot;:240,&quot;335559740&quot;:276}\">\u00a0<\/span><\/p>\n<p><span data-contrast=\"none\">Las personas capaces de adaptarse a situaciones adversas y de reaccionar ante imprevistos contribuyen a que la empresa se mantenga fuerte en momentos de crisis.<\/span><span data-ccp-props=\"{&quot;201341983&quot;:0,&quot;335551550&quot;:1,&quot;335551620&quot;:1,&quot;335559739&quot;:240,&quot;335559740&quot;:276}\">\u00a0<\/span><\/p>\n<h4><b><span data-contrast=\"none\">6. Compromiso<\/span><\/b><\/h4>\n<p><span data-contrast=\"none\">Las organizaciones buscan empleados comprometidos, que se sientan <\/span><b><span data-contrast=\"none\">alineados con la misi\u00f3n y visi\u00f3n de la empresa<\/span><\/b><span data-contrast=\"none\">.<\/span><span data-ccp-props=\"{&quot;201341983&quot;:0,&quot;335551550&quot;:1,&quot;335551620&quot;:1,&quot;335559739&quot;:240,&quot;335559740&quot;:276}\">\u00a0<\/span><\/p>\n<p><span data-contrast=\"none\">No solo se trata de cumplir con los objetivos previstos, sino de saber formar parte de una maquinaria que no funciona si no existe colaboraci\u00f3n. El compromiso implica una mayor motivaci\u00f3n, calidad del trabajo y productividad.<\/span><span data-ccp-props=\"{&quot;201341983&quot;:0,&quot;335551550&quot;:1,&quot;335551620&quot;:1,&quot;335559739&quot;:240,&quot;335559740&quot;:276}\">\u00a0<\/span><\/p>\n<h4><b><span data-contrast=\"none\">7. Flexibilidad<\/span><\/b><\/h4>\n<p><span data-contrast=\"none\">Los profesionales mejor valorados son aquellos que tienen la suficiente <\/span><b><span data-contrast=\"none\">flexibilidad para adaptarse a las novedades<\/span><\/b><span data-contrast=\"none\">.<\/span><span data-ccp-props=\"{&quot;201341983&quot;:0,&quot;335551550&quot;:1,&quot;335551620&quot;:1,&quot;335559739&quot;:240,&quot;335559740&quot;:276}\">\u00a0<\/span><\/p>\n<p><span data-contrast=\"none\">En momentos de cambio, es importante aprender nuevas formas de desempe\u00f1ar sus funciones, formarse en el <\/span><b><span data-contrast=\"none\">uso de nuevas herramientas<\/span><\/b><span data-contrast=\"none\"> y aceptar los cambios estructurales de la empresa.<\/span><span data-ccp-props=\"{&quot;201341983&quot;:0,&quot;335551550&quot;:1,&quot;335551620&quot;:1,&quot;335559739&quot;:240,&quot;335559740&quot;:276}\">\u00a0<\/span><\/p>\n<h4><b><span data-contrast=\"none\">8. Mentalidad de crecimiento<\/span><\/b><span data-ccp-props=\"{&quot;201341983&quot;:0,&quot;335551550&quot;:1,&quot;335551620&quot;:1,&quot;335559739&quot;:240,&quot;335559740&quot;:276}\">\u00a0<\/span><\/h4>\n<p><span data-contrast=\"none\">Otra de las <\/span><i><span data-contrast=\"none\">soft skills <\/span><\/i><span data-contrast=\"none\">m\u00e1s demandadas es la <\/span><b><span data-contrast=\"none\">mentalidad de crecimiento<\/span><\/b><span data-contrast=\"none\">. Una empresa es una maquinaria en continuo movimiento, que se desarrolla fijando <\/span><b><span data-contrast=\"none\">nuevas<\/span><\/b> <b><span data-contrast=\"none\">metas y objetivos<\/span><\/b><span data-contrast=\"none\">.<\/span><span data-ccp-props=\"{&quot;201341983&quot;:0,&quot;335551550&quot;:1,&quot;335551620&quot;:1,&quot;335559739&quot;:240,&quot;335559740&quot;:276}\">\u00a0<\/span><\/p>\n<p><span data-contrast=\"none\">Los trabajadores con esta mentalidad est\u00e1n m\u00e1s dispuestos a afrontar nuevos retos, ya que tienen mayor <\/span><b><span data-contrast=\"none\">visi\u00f3n de futuro<\/span><\/b><span data-contrast=\"none\"> o <\/span><i><span data-contrast=\"none\">growth mindset<\/span><\/i><span data-contrast=\"none\">.<\/span><span data-ccp-props=\"{&quot;201341983&quot;:0,&quot;335551550&quot;:1,&quot;335551620&quot;:1,&quot;335559739&quot;:240,&quot;335559740&quot;:276}\">\u00a0<\/span><\/p>\n<h4><b><span data-contrast=\"none\">9. Aprendizaje constante e independiente<\/span><\/b><\/h4>\n<p><span data-contrast=\"none\">Tener <\/span><b><span data-contrast=\"none\">inquietud<\/span><\/b><span data-contrast=\"none\"> es un rasgo positivo y una <\/span><b><span data-contrast=\"none\">ventaja competitiva<\/span><\/b> <b><span data-contrast=\"none\">en los procesos de selecci\u00f3n<\/span><\/b><span data-contrast=\"none\">. Y es que el inter\u00e9s por aprender de manera constante es clave para abrirse a adquirir nuevos conocimientos en <\/span><b><span data-contrast=\"none\">metodolog\u00edas de trabajo y tecnolog\u00edas de \u00faltima generaci\u00f3n<\/span><\/b><span data-contrast=\"none\">.<\/span><span data-ccp-props=\"{&quot;201341983&quot;:0,&quot;335551550&quot;:1,&quot;335551620&quot;:1,&quot;335559739&quot;:240,&quot;335559740&quot;:276}\">\u00a0<\/span><\/p>\n<p><span data-contrast=\"none\">Un <\/span><b><span data-contrast=\"none\">empleado interesado en formarse<\/span><\/b><span data-contrast=\"none\"> re\u00fane todas las habilidades personales que hemos comentado y, por tanto, tiene m\u00e1s opciones de desarrollo profesional.<\/span><span data-ccp-props=\"{&quot;201341983&quot;:0,&quot;335551550&quot;:1,&quot;335551620&quot;:1,&quot;335559739&quot;:240,&quot;335559740&quot;:276}\">\u00a0<\/span><\/p>\n<h4><b><span data-contrast=\"none\">10. Capacidad de liderazgo<\/span><\/b><\/h4>\n<p><span data-contrast=\"none\">Los puestos de responsabilidad necesitan personas con capacidad para <\/span><b><span data-contrast=\"none\">influir, motivar y organizar<\/span><\/b><span data-contrast=\"none\">. El liderazgo es una capacidad que se desarrolla trabajando determinadas habilidades.<\/span><span data-ccp-props=\"{&quot;201341983&quot;:0,&quot;335551550&quot;:1,&quot;335551620&quot;:1,&quot;335559739&quot;:240,&quot;335559740&quot;:276}\">\u00a0<\/span><\/p>\n<p><span data-contrast=\"none\">Los mejores l\u00edderes dentro de una organizaci\u00f3n comprenden las diferentes motivaciones de su equipo, saben inspirar a los miembros del grupo siendo un referente y act\u00faan creando un <\/span><b><span data-contrast=\"none\">clima laboral positivo<\/span><\/b><span data-contrast=\"none\">.<\/span><span data-ccp-props=\"{&quot;201341983&quot;:0,&quot;335551550&quot;:1,&quot;335551620&quot;:1,&quot;335559739&quot;:240,&quot;335559740&quot;:276}\">\u00a0<\/span><\/p>\n<h2><b><span data-contrast=\"none\">Puntos clave a recordar para la obtenci\u00f3n de habilidades y competencias profesionales<\/span><\/b><\/h2>\n<p><span data-contrast=\"none\">No existe una f\u00f3rmula infalible para crecer laboralmente, pero las <\/span><b><span data-contrast=\"none\">habilidades y competencias<\/span><\/b><span data-contrast=\"none\"> que se adquieren con la <\/span><span data-contrast=\"none\">formaci\u00f3n en 麻豆原创<\/span><span data-contrast=\"none\"> te ayudar\u00e1n a lograrlo.\u00a0<\/span><span data-ccp-props=\"{&quot;201341983&quot;:0,&quot;335551550&quot;:1,&quot;335551620&quot;:1,&quot;335559739&quot;:240,&quot;335559740&quot;:276}\">\u00a0<\/span><\/p>\n<p><span data-contrast=\"none\">No olvides que es muy importante conocer tus puntos fuertes y tus \u00e1reas de mejora para evolucionar en tu trabajo. La clave es formarse para adquirir los <\/span><b><span data-contrast=\"none\">conocimientos t\u00e9cnicos<\/span><\/b><span data-contrast=\"none\"> necesarios para avanzar en tu carrera y desarrollar las<\/span><b><span data-contrast=\"none\"> habilidades profesionales<\/span><\/b><span data-contrast=\"none\"> que m\u00e1s buscan las organizaciones y empresas.<\/span><span data-ccp-props=\"{&quot;201341983&quot;:0,&quot;335551550&quot;:1,&quot;335551620&quot;:1,&quot;335559739&quot;:240,&quot;335559740&quot;:276}\">\u00a0<\/span><\/p>\n<p>&nbsp;<\/p>\n<hr \/>\n<p><a href=\"https:\/\/www.instagram.com\/sapspain\/\">Instagram<\/a>\u00a0\/\u00a0<a href=\"https:\/\/www.facebook.com\/麻豆原创\/\">Facebook<\/a>\u00a0\/\u00a0<a href=\"https:\/\/twitter.com\/sapspain?lang=es\">Twitter<\/a>\u00a0\/\u00a0<a href=\"https:\/\/www.linkedin.com\/company\/sap\/\">LinkedIn<\/a><\/p>\n<hr \/>\n<p>\u00a9 2020 麻豆原创 SE. All rights reserved. 麻豆原创 and other 麻豆原创 products and services mentioned herein as well as their respective logos are trademarks or registered trademarks of 麻豆原创 SE in Germany and other countries. Please see\u00a0<a href=\"http:\/\/www.sap.com\/corporate-en\/legal\/copyright\/index.epx#trademark\">http:\/\/www.sap.com\/corporate-en\/legal\/copyright\/index.epx#trademark<\/a>\u00a0for additional trademark information and notices.<\/p>\n","protected":false},"excerpt":{"rendered":"<p>Los avances tecnol\u00f3gicos se suceden a un ritmo vertiginoso y su impacto en la econom\u00eda y el empleo es ya innegable. En esta l\u00ednea, el&#8230;<\/p>\n","protected":false},"author":3372,"featured_media":4695,"comment_status":"closed","ping_status":"closed","sticky":false,"template":"","format":"standard","meta":{"footnotes":"","_links_to":"","_links_to_target":""},"categories":[5562514],"tags":[5563457,5563394,5563417],"sapn-display":[5563695,5563693,60294],"sapn-type":[5562504],"class_list":["post-4694","post","type-post","status-publish","format-standard","has-post-thumbnail","hentry","category-formacion","tag-digital-skills","tag-formacion-online","tag-sap-training-and-adoption","sapn-display-articulo-hero","sapn-display-articulo-spotlight","sapn-display-topic-hero","sapn-type-articulo"],"yoast_head":"<!-- This site is optimized with the Yoast SEO Premium plugin v26.9 (Yoast SEO v26.9) - https:\/\/yoast.com\/product\/yoast-seo-premium-wordpress\/ -->\n<title>Nuevas habilidades profesionales y formaci\u00f3n para crecer laboralmente - 麻豆原创 Espa\u00f1a News Center<\/title>\n<meta name=\"description\" content=\"Las habilidades profesionales demandadas actualmente se adquieren con formaci\u00f3n en tecnolog\u00eda y el desarrollo de capacidades sociales.\" \/>\n<meta name=\"robots\" content=\"index, follow, max-snippet:-1, max-image-preview:large, max-video-preview:-1\" \/>\n<link rel=\"canonical\" href=\"https:\/\/news.sap.com\/spain\/2022\/01\/nuevas-habilidades-profesionales-y-formacion-para-crecer-laboralmente\/\" \/>\n<meta property=\"og:locale\" content=\"es_ES\" \/>\n<meta property=\"og:type\" content=\"article\" \/>\n<meta property=\"og:title\" content=\"Nuevas habilidades profesionales y formaci\u00f3n para crecer laboralmente\" \/>\n<meta property=\"og:description\" content=\"Las habilidades profesionales demandadas actualmente se adquieren con formaci\u00f3n en tecnolog\u00eda y el desarrollo de capacidades sociales.\" \/>\n<meta property=\"og:url\" content=\"https:\/\/news.sap.com\/spain\/2022\/01\/nuevas-habilidades-profesionales-y-formacion-para-crecer-laboralmente\/\" \/>\n<meta property=\"og:site_name\" content=\"麻豆原创 Espa\u00f1a News Center\" \/>\n<meta property=\"article:published_time\" content=\"2022-01-20T09:56:45+00:00\" \/>\n<meta property=\"article:modified_time\" content=\"2023-10-16T16:10:23+00:00\" \/>\n<meta property=\"og:image\" content=\"https:\/\/news.sap.com\/spain\/files\/2022\/01\/20\/formacion-competencias-habilidades-profesionales-1024x683.jpg\" \/>\n\t<meta property=\"og:image:width\" content=\"1024\" \/>\n\t<meta property=\"og:image:height\" content=\"683\" \/>\n\t<meta property=\"og:image:type\" content=\"image\/jpeg\" \/>\n<meta name=\"author\" content=\"麻豆原创 Espa\u00f1a\" \/>\n<meta name=\"twitter:card\" content=\"summary_large_image\" \/>\n<meta name=\"twitter:label1\" content=\"Escrito por\" \/>\n\t<meta name=\"twitter:data1\" content=\"麻豆原创 Espa\u00f1a\" \/>\n\t<meta name=\"twitter:label2\" content=\"Tiempo de lectura\" \/>\n\t<meta name=\"twitter:data2\" content=\"9 minutos\" \/>\n<script type=\"application\/ld+json\" class=\"yoast-schema-graph\">{\"@context\":\"https:\/\/schema.org\",\"@graph\":[{\"@type\":\"Article\",\"@id\":\"https:\/\/news.sap.com\/spain\/2022\/01\/nuevas-habilidades-profesionales-y-formacion-para-crecer-laboralmente\/#article\",\"isPartOf\":{\"@id\":\"https:\/\/news.sap.com\/spain\/2022\/01\/nuevas-habilidades-profesionales-y-formacion-para-crecer-laboralmente\/\"},\"author\":{\"name\":\"麻豆原创 Espa\u00f1a\",\"@id\":\"https:\/\/news.sap.com\/spain\/#\/schema\/person\/4573e2beeb96fc44e819e7f7b2923465\"},\"headline\":\"Nuevas habilidades profesionales y formaci\u00f3n para crecer laboralmente\",\"datePublished\":\"2022-01-20T09:56:45+00:00\",\"dateModified\":\"2023-10-16T16:10:23+00:00\",\"mainEntityOfPage\":{\"@id\":\"https:\/\/news.sap.com\/spain\/2022\/01\/nuevas-habilidades-profesionales-y-formacion-para-crecer-laboralmente\/\"},\"wordCount\":1769,\"image\":{\"@id\":\"https:\/\/news.sap.com\/spain\/2022\/01\/nuevas-habilidades-profesionales-y-formacion-para-crecer-laboralmente\/#primaryimage\"},\"thumbnailUrl\":\"https:\/\/news.sap.com\/spain\/files\/2022\/01\/20\/formacion-competencias-habilidades-profesionales.jpg\",\"keywords\":[\"Digital Skills\",\"Formaci\u00f3n online\",\"麻豆原创 Training and Adoption\"],\"articleSection\":[\"Formaci\u00f3n\"],\"inLanguage\":\"es\"},{\"@type\":\"WebPage\",\"@id\":\"https:\/\/news.sap.com\/spain\/2022\/01\/nuevas-habilidades-profesionales-y-formacion-para-crecer-laboralmente\/\",\"url\":\"https:\/\/news.sap.com\/spain\/2022\/01\/nuevas-habilidades-profesionales-y-formacion-para-crecer-laboralmente\/\",\"name\":\"Nuevas habilidades profesionales y formaci\u00f3n para crecer laboralmente - 麻豆原创 Espa\u00f1a News Center\",\"isPartOf\":{\"@id\":\"https:\/\/news.sap.com\/spain\/#website\"},\"primaryImageOfPage\":{\"@id\":\"https:\/\/news.sap.com\/spain\/2022\/01\/nuevas-habilidades-profesionales-y-formacion-para-crecer-laboralmente\/#primaryimage\"},\"image\":{\"@id\":\"https:\/\/news.sap.com\/spain\/2022\/01\/nuevas-habilidades-profesionales-y-formacion-para-crecer-laboralmente\/#primaryimage\"},\"thumbnailUrl\":\"https:\/\/news.sap.com\/spain\/files\/2022\/01\/20\/formacion-competencias-habilidades-profesionales.jpg\",\"datePublished\":\"2022-01-20T09:56:45+00:00\",\"dateModified\":\"2023-10-16T16:10:23+00:00\",\"author\":{\"@id\":\"https:\/\/news.sap.com\/spain\/#\/schema\/person\/4573e2beeb96fc44e819e7f7b2923465\"},\"description\":\"Las habilidades profesionales demandadas actualmente se adquieren con formaci\u00f3n en tecnolog\u00eda y el desarrollo de capacidades sociales.\",\"breadcrumb\":{\"@id\":\"https:\/\/news.sap.com\/spain\/2022\/01\/nuevas-habilidades-profesionales-y-formacion-para-crecer-laboralmente\/#breadcrumb\"},\"inLanguage\":\"es\",\"potentialAction\":[{\"@type\":\"ReadAction\",\"target\":[\"https:\/\/news.sap.com\/spain\/2022\/01\/nuevas-habilidades-profesionales-y-formacion-para-crecer-laboralmente\/\"]}]},{\"@type\":\"ImageObject\",\"inLanguage\":\"es\",\"@id\":\"https:\/\/news.sap.com\/spain\/2022\/01\/nuevas-habilidades-profesionales-y-formacion-para-crecer-laboralmente\/#primaryimage\",\"url\":\"https:\/\/news.sap.com\/spain\/files\/2022\/01\/20\/formacion-competencias-habilidades-profesionales.jpg\",\"contentUrl\":\"https:\/\/news.sap.com\/spain\/files\/2022\/01\/20\/formacion-competencias-habilidades-profesionales.jpg\",\"width\":5609,\"height\":3739,\"caption\":\"nuevas competencias y habilidades profesionales\"},{\"@type\":\"BreadcrumbList\",\"@id\":\"https:\/\/news.sap.com\/spain\/2022\/01\/nuevas-habilidades-profesionales-y-formacion-para-crecer-laboralmente\/#breadcrumb\",\"itemListElement\":[{\"@type\":\"ListItem\",\"position\":1,\"name\":\"Home\",\"item\":\"https:\/\/news.sap.com\/spain\/\"},{\"@type\":\"ListItem\",\"position\":2,\"name\":\"Nuevas habilidades profesionales y formaci\u00f3n para crecer laboralmente\"}]},{\"@type\":\"WebSite\",\"@id\":\"https:\/\/news.sap.com\/spain\/#website\",\"url\":\"https:\/\/news.sap.com\/spain\/\",\"name\":\"麻豆原创 Espa\u00f1a News Center\",\"description\":\"Noticias e informaci\u00f3n sobre 麻豆原创\",\"potentialAction\":[{\"@type\":\"SearchAction\",\"target\":{\"@type\":\"EntryPoint\",\"urlTemplate\":\"https:\/\/news.sap.com\/spain\/?s={search_term_string}\"},\"query-input\":{\"@type\":\"PropertyValueSpecification\",\"valueRequired\":true,\"valueName\":\"search_term_string\"}}],\"inLanguage\":\"es\"},{\"@type\":\"Person\",\"@id\":\"https:\/\/news.sap.com\/spain\/#\/schema\/person\/4573e2beeb96fc44e819e7f7b2923465\",\"name\":\"麻豆原创 Espa\u00f1a\",\"image\":{\"@type\":\"ImageObject\",\"inLanguage\":\"es\",\"@id\":\"https:\/\/news.sap.com\/spain\/#\/schema\/person\/image\/\",\"url\":\"https:\/\/news.sap.com\/spain\/wp-content\/plugins\/wp-user-avatars\/wp-user-avatars\/assets\/images\/mystery.jpg\",\"contentUrl\":\"https:\/\/news.sap.com\/spain\/wp-content\/plugins\/wp-user-avatars\/wp-user-avatars\/assets\/images\/mystery.jpg\",\"caption\":\"麻豆原创 Espa\u00f1a\"},\"url\":\"https:\/\/news.sap.com\/spain\/author\/sapespana\/\"}]}<\/script>\n<!-- \/ Yoast SEO Premium plugin. -->","yoast_head_json":{"title":"Nuevas habilidades profesionales y formaci\u00f3n para crecer laboralmente - 麻豆原创 Espa\u00f1a News Center","description":"Las habilidades profesionales demandadas actualmente se adquieren con formaci\u00f3n en tecnolog\u00eda y el desarrollo de capacidades sociales.","robots":{"index":"index","follow":"follow","max-snippet":"max-snippet:-1","max-image-preview":"max-image-preview:large","max-video-preview":"max-video-preview:-1"},"canonical":"https:\/\/news.sap.com\/spain\/2022\/01\/nuevas-habilidades-profesionales-y-formacion-para-crecer-laboralmente\/","og_locale":"es_ES","og_type":"article","og_title":"Nuevas habilidades profesionales y formaci\u00f3n para crecer laboralmente","og_description":"Las habilidades profesionales demandadas actualmente se adquieren con formaci\u00f3n en tecnolog\u00eda y el desarrollo de capacidades sociales.","og_url":"https:\/\/news.sap.com\/spain\/2022\/01\/nuevas-habilidades-profesionales-y-formacion-para-crecer-laboralmente\/","og_site_name":"麻豆原创 Espa\u00f1a News Center","article_published_time":"2022-01-20T09:56:45+00:00","article_modified_time":"2023-10-16T16:10:23+00:00","og_image":[{"width":1024,"height":683,"url":"https:\/\/news.sap.com\/spain\/files\/2022\/01\/20\/formacion-competencias-habilidades-profesionales-1024x683.jpg","type":"image\/jpeg"}],"author":"麻豆原创 Espa\u00f1a","twitter_card":"summary_large_image","twitter_misc":{"Escrito por":"麻豆原创 Espa\u00f1a","Tiempo de lectura":"9 minutos"},"schema":{"@context":"https:\/\/schema.org","@graph":[{"@type":"Article","@id":"https:\/\/news.sap.com\/spain\/2022\/01\/nuevas-habilidades-profesionales-y-formacion-para-crecer-laboralmente\/#article","isPartOf":{"@id":"https:\/\/news.sap.com\/spain\/2022\/01\/nuevas-habilidades-profesionales-y-formacion-para-crecer-laboralmente\/"},"author":{"name":"麻豆原创 Espa\u00f1a","@id":"https:\/\/news.sap.com\/spain\/#\/schema\/person\/4573e2beeb96fc44e819e7f7b2923465"},"headline":"Nuevas habilidades profesionales y formaci\u00f3n para crecer laboralmente","datePublished":"2022-01-20T09:56:45+00:00","dateModified":"2023-10-16T16:10:23+00:00","mainEntityOfPage":{"@id":"https:\/\/news.sap.com\/spain\/2022\/01\/nuevas-habilidades-profesionales-y-formacion-para-crecer-laboralmente\/"},"wordCount":1769,"image":{"@id":"https:\/\/news.sap.com\/spain\/2022\/01\/nuevas-habilidades-profesionales-y-formacion-para-crecer-laboralmente\/#primaryimage"},"thumbnailUrl":"https:\/\/news.sap.com\/spain\/files\/2022\/01\/20\/formacion-competencias-habilidades-profesionales.jpg","keywords":["Digital Skills","Formaci\u00f3n online","麻豆原创 Training and Adoption"],"articleSection":["Formaci\u00f3n"],"inLanguage":"es"},{"@type":"WebPage","@id":"https:\/\/news.sap.com\/spain\/2022\/01\/nuevas-habilidades-profesionales-y-formacion-para-crecer-laboralmente\/","url":"https:\/\/news.sap.com\/spain\/2022\/01\/nuevas-habilidades-profesionales-y-formacion-para-crecer-laboralmente\/","name":"Nuevas habilidades profesionales y formaci\u00f3n para crecer laboralmente - 麻豆原创 Espa\u00f1a News Center","isPartOf":{"@id":"https:\/\/news.sap.com\/spain\/#website"},"primaryImageOfPage":{"@id":"https:\/\/news.sap.com\/spain\/2022\/01\/nuevas-habilidades-profesionales-y-formacion-para-crecer-laboralmente\/#primaryimage"},"image":{"@id":"https:\/\/news.sap.com\/spain\/2022\/01\/nuevas-habilidades-profesionales-y-formacion-para-crecer-laboralmente\/#primaryimage"},"thumbnailUrl":"https:\/\/news.sap.com\/spain\/files\/2022\/01\/20\/formacion-competencias-habilidades-profesionales.jpg","datePublished":"2022-01-20T09:56:45+00:00","dateModified":"2023-10-16T16:10:23+00:00","author":{"@id":"https:\/\/news.sap.com\/spain\/#\/schema\/person\/4573e2beeb96fc44e819e7f7b2923465"},"description":"Las habilidades profesionales demandadas actualmente se adquieren con formaci\u00f3n en tecnolog\u00eda y el desarrollo de capacidades sociales.","breadcrumb":{"@id":"https:\/\/news.sap.com\/spain\/2022\/01\/nuevas-habilidades-profesionales-y-formacion-para-crecer-laboralmente\/#breadcrumb"},"inLanguage":"es","potentialAction":[{"@type":"ReadAction","target":["https:\/\/news.sap.com\/spain\/2022\/01\/nuevas-habilidades-profesionales-y-formacion-para-crecer-laboralmente\/"]}]},{"@type":"ImageObject","inLanguage":"es","@id":"https:\/\/news.sap.com\/spain\/2022\/01\/nuevas-habilidades-profesionales-y-formacion-para-crecer-laboralmente\/#primaryimage","url":"https:\/\/news.sap.com\/spain\/files\/2022\/01\/20\/formacion-competencias-habilidades-profesionales.jpg","contentUrl":"https:\/\/news.sap.com\/spain\/files\/2022\/01\/20\/formacion-competencias-habilidades-profesionales.jpg","width":5609,"height":3739,"caption":"nuevas competencias y habilidades profesionales"},{"@type":"BreadcrumbList","@id":"https:\/\/news.sap.com\/spain\/2022\/01\/nuevas-habilidades-profesionales-y-formacion-para-crecer-laboralmente\/#breadcrumb","itemListElement":[{"@type":"ListItem","position":1,"name":"Home","item":"https:\/\/news.sap.com\/spain\/"},{"@type":"ListItem","position":2,"name":"Nuevas habilidades profesionales y formaci\u00f3n para crecer laboralmente"}]},{"@type":"WebSite","@id":"https:\/\/news.sap.com\/spain\/#website","url":"https:\/\/news.sap.com\/spain\/","name":"麻豆原创 Espa\u00f1a News Center","description":"Noticias e informaci\u00f3n sobre 麻豆原创","potentialAction":[{"@type":"SearchAction","target":{"@type":"EntryPoint","urlTemplate":"https:\/\/news.sap.com\/spain\/?s={search_term_string}"},"query-input":{"@type":"PropertyValueSpecification","valueRequired":true,"valueName":"search_term_string"}}],"inLanguage":"es"},{"@type":"Person","@id":"https:\/\/news.sap.com\/spain\/#\/schema\/person\/4573e2beeb96fc44e819e7f7b2923465","name":"麻豆原创 Espa\u00f1a","image":{"@type":"ImageObject","inLanguage":"es","@id":"https:\/\/news.sap.com\/spain\/#\/schema\/person\/image\/","url":"https:\/\/news.sap.com\/spain\/wp-content\/plugins\/wp-user-avatars\/wp-user-avatars\/assets\/images\/mystery.jpg","contentUrl":"https:\/\/news.sap.com\/spain\/wp-content\/plugins\/wp-user-avatars\/wp-user-avatars\/assets\/images\/mystery.jpg","caption":"麻豆原创 Espa\u00f1a"},"url":"https:\/\/news.sap.com\/spain\/author\/sapespana\/"}]}},"amp_enabled":true,"_links":{"self":[{"href":"https:\/\/news.sap.com\/spain\/wp-json\/wp\/v2\/posts\/4694","targetHints":{"allow":["GET"]}}],"collection":[{"href":"https:\/\/news.sap.com\/spain\/wp-json\/wp\/v2\/posts"}],"about":[{"href":"https:\/\/news.sap.com\/spain\/wp-json\/wp\/v2\/types\/post"}],"author":[{"embeddable":true,"href":"https:\/\/news.sap.com\/spain\/wp-json\/wp\/v2\/users\/3372"}],"replies":[{"embeddable":true,"href":"https:\/\/news.sap.com\/spain\/wp-json\/wp\/v2\/comments?post=4694"}],"version-history":[{"count":0,"href":"https:\/\/news.sap.com\/spain\/wp-json\/wp\/v2\/posts\/4694\/revisions"}],"wp:featuredmedia":[{"embeddable":true,"href":"https:\/\/news.sap.com\/spain\/wp-json\/wp\/v2\/media\/4695"}],"wp:attachment":[{"href":"https:\/\/news.sap.com\/spain\/wp-json\/wp\/v2\/media?parent=4694"}],"wp:term":[{"taxonomy":"category","embeddable":true,"href":"https:\/\/news.sap.com\/spain\/wp-json\/wp\/v2\/categories?post=4694"},{"taxonomy":"post_tag","embeddable":true,"href":"https:\/\/news.sap.com\/spain\/wp-json\/wp\/v2\/tags?post=4694"},{"taxonomy":"sapn-display","embeddable":true,"href":"https:\/\/news.sap.com\/spain\/wp-json\/wp\/v2\/sapn-display?post=4694"},{"taxonomy":"sapn-type","embeddable":true,"href":"https:\/\/news.sap.com\/spain\/wp-json\/wp\/v2\/sapn-type?post=4694"}],"curies":[{"name":"wp","href":"https:\/\/api.w.org\/{rel}","templated":true}]}}