  {"id":4412,"date":"2021-10-15T09:58:17","date_gmt":"2021-10-15T09:58:17","guid":{"rendered":"https:\/\/news.sap.com\/spain\/?p=4412"},"modified":"2023-10-16T16:15:08","modified_gmt":"2023-10-16T16:15:08","slug":"el-futuro-del-trabajo-modelos-hibridos-apoyados-en-el-teletrabajo","status":"publish","type":"post","link":"https:\/\/news.sap.com\/spain\/2021\/10\/el-futuro-del-trabajo-modelos-hibridos-apoyados-en-el-teletrabajo\/","title":{"rendered":"El futuro del trabajo: modelos h\u00edbridos apoyados en el teletrabajo"},"content":{"rendered":"<p class=\"lead\"><span data-contrast=\"none\">La irrupci\u00f3n de la pandemia forz\u00f3 a muchas empresas a\u00a0<\/span><b><span data-contrast=\"none\">implantar el teletrabajo<\/span><\/b><span data-contrast=\"none\">, no sin dudas sobre su conveniencia. Un a\u00f1o y medio m\u00e1s tarde, las compa\u00f1\u00edas buscan\u00a0<\/span><b><span data-contrast=\"none\">f\u00f3rmulas flexibles para adaptarse a la evoluci\u00f3n de la situaci\u00f3n<\/span><\/b><span data-contrast=\"none\">\u00a0y a las preferencias de sus empleados.\u00a0Es lo que muchos expertos ya atisban como \u201cel futuro del trabajo\u201d.<\/span><span data-ccp-props=\"{&quot;201341983&quot;:0,&quot;335551550&quot;:1,&quot;335551620&quot;:1,&quot;335559739&quot;:240,&quot;335559740&quot;:276}\">\u00a0<\/span><\/p>\n<p style=\"margin: 0cm;text-align: center\" align=\"center\"><span style=\"font-size: 16.0pt;font-family: 'Arial',sans-serif\">Ebook gratis<\/span><\/p>\n<p style=\"margin: 0cm;text-align: center\" align=\"center\"><strong><span style=\"font-size: 20.0pt;font-family: 'Arial',sans-serif\">La definici\u00f3n del futuro del trabajo<\/span><\/strong><\/p>\n<p align=\"center\"><a href=\"https:\/\/www.sap.com\/spain\/cmp\/dg\/crm-es21-web-inbound1\/index.html\" target=\"_blank\" rel=\"noopener\"><img loading=\"lazy\" decoding=\"async\" class=\"alignnone wp-image-3931 size-medium\" src=\"https:\/\/news.sap.com\/spain\/files\/2021\/05\/12\/1622588387775-300x225.jpg\" alt=\"\" width=\"300\" height=\"225\" srcset=\"https:\/\/news.sap.com\/spain\/files\/2021\/05\/12\/1622588387775-300x225.jpg 300w, https:\/\/news.sap.com\/spain\/files\/2021\/05\/12\/1622588387775.jpg 514w\" sizes=\"auto, (max-width: 300px) 100vw, 300px\" \/><\/a><\/p>\n<p style=\"text-align: center\"><a href=\"https:\/\/www.sap.com\/spain\/cmp\/dg\/crm-es21-web-inbound1\/index.html\" target=\"_blank\" rel=\"noopener\">DESCARGAR<\/a><\/p>\n<p><span data-contrast=\"none\">En este sentido, el\u00a0<\/span><b><span data-contrast=\"none\">trabajo en remoto combinado con jornadas presenciales<\/span><\/b><span data-contrast=\"none\">, el denominado modelo h\u00edbrido, se revela como\u00a0<\/span><b><span data-contrast=\"none\">el sistema m\u00e1s<\/span><\/b><span data-contrast=\"none\">\u00a0<\/span><b><span data-contrast=\"none\">eficaz y conveniente\u00a0en el momento actual<\/span><\/b><span data-contrast=\"none\">, ya que a\u00fana las\u00a0<\/span><b><span data-contrast=\"none\">ventajas del teletrabajo<\/span><\/b><span data-contrast=\"none\">\u00a0<\/span><b><span data-contrast=\"none\">con las del trabajo presencial<\/span><\/b><span data-contrast=\"none\">.<\/span><span data-ccp-props=\"{&quot;201341983&quot;:0,&quot;335551550&quot;:1,&quot;335551620&quot;:1,&quot;335559739&quot;:240,&quot;335559740&quot;:276}\">\u00a0<\/span><\/p>\n<h2><b><span data-contrast=\"none\">\u00bfC\u00f3mo afrontan las empresas el futuro del trabajo?<\/span><\/b><\/h2>\n<p><span data-contrast=\"none\">El entorno empresarial\u00a0pospand\u00e9mico\u00a0plantea un reto para que las organizaciones se cuestionen los modelos tradicionales de trabajo. Al igual que\u00a0<\/span><b><span data-contrast=\"none\">se impuls\u00f3 la<\/span><\/b><span data-contrast=\"none\">\u00a0<\/span><a href=\"https:\/\/news.sap.com\/spain\/2021\/01\/por-que-la-transformacion-digital-ya-no-es-una-opcion\/\" target=\"_blank\" rel=\"noopener\"><b><span data-contrast=\"none\">transformaci\u00f3n digital\u00a0de las empresas<\/span><\/b><\/a><b><span data-contrast=\"none\">\u00a0a una velocidad mayor de la prevista<\/span><\/b><span data-contrast=\"none\">, la presencialidad total ya no tiene por qu\u00e9 ser la \u00fanica f\u00f3rmula de trabajo.<\/span><span data-ccp-props=\"{&quot;201341983&quot;:0,&quot;335551550&quot;:1,&quot;335551620&quot;:1,&quot;335559739&quot;:240,&quot;335559740&quot;:276}\">\u00a0<\/span><\/p>\n<p><span data-contrast=\"none\">En este punto, el<\/span><b><span data-contrast=\"none\">\u00a0\u00e1rea de\u00a0Recursos Humanos<\/span><\/b><span data-contrast=\"none\">\u00a0debe analizar y solucionar cuestiones esenciales:<\/span><span data-ccp-props=\"{&quot;201341983&quot;:0,&quot;335551550&quot;:1,&quot;335551620&quot;:1,&quot;335559739&quot;:240,&quot;335559740&quot;:276}\">\u00a0<\/span><\/p>\n<ol>\n<li><b><span data-contrast=\"none\">C\u00f3mo combinar el trabajo en remoto con el presencial<\/span><\/b><span data-contrast=\"none\">.<\/span><span data-ccp-props=\"{&quot;201341983&quot;:0,&quot;335551550&quot;:1,&quot;335551620&quot;:1,&quot;335559739&quot;:240,&quot;335559740&quot;:276}\">\u00a0<\/span><\/li>\n<li><b><span data-contrast=\"none\">C\u00f3mo impactar\u00e1 el modelo h\u00edbrido en la productividad<\/span><\/b><span data-contrast=\"none\">.<\/span><span data-ccp-props=\"{&quot;201341983&quot;:0,&quot;335551550&quot;:1,&quot;335551620&quot;:1,&quot;335559739&quot;:240,&quot;335559740&quot;:276}\">\u00a0<\/span><\/li>\n<li><b><span data-contrast=\"none\">Qu\u00e9 medidas se deben tomar para blindar la\u00a0seguridad de los datos.<\/span><\/b><span data-ccp-props=\"{&quot;201341983&quot;:0,&quot;335551550&quot;:1,&quot;335551620&quot;:1,&quot;335559739&quot;:240,&quot;335559740&quot;:276}\">\u00a0<\/span><\/li>\n<li><b><span data-contrast=\"none\">C\u00f3mo crear<\/span><\/b><span data-contrast=\"none\">\u00a0<\/span><b><span data-contrast=\"none\">entornos colaborativos<\/span><\/b><span data-contrast=\"none\">\u00a0<\/span><b><span data-contrast=\"none\">eficaces y din\u00e1micos<\/span><\/b><span data-contrast=\"none\">.<\/span><span data-ccp-props=\"{&quot;201341983&quot;:0,&quot;335551550&quot;:1,&quot;335551620&quot;:1,&quot;335559739&quot;:240,&quot;335559740&quot;:276}\">\u00a0<\/span><\/li>\n<li><b><span data-contrast=\"none\">C\u00f3mo garantizar la satisfacci\u00f3n laboral<\/span><\/b><span data-contrast=\"none\">, la equidad y la\u00a0<\/span><a href=\"https:\/\/news.sap.com\/spain\/2021\/05\/gestion-del-talento-un-pilar-esencial-para-las-empresas\/\" target=\"_blank\" rel=\"noopener\"><span data-contrast=\"none\">retenci\u00f3n de talento<\/span><\/a><span data-contrast=\"none\">.<\/span><span data-ccp-props=\"{&quot;201341983&quot;:0,&quot;335551550&quot;:1,&quot;335551620&quot;:1,&quot;335559739&quot;:240,&quot;335559740&quot;:276}\">\u00a0<\/span><\/li>\n<\/ol>\n<p><span data-contrast=\"none\">Las\u00a0<\/span><b><span data-contrast=\"none\">posturas ante el trabajo en remoto<\/span><\/b><span data-contrast=\"none\">\u00a0son diversas. Una de las dudas para muchas empresas es si deben volver a una semana laboral tradicional, continuar con el teletrabajo de forma indefinida o combinar ambas f\u00f3rmulas.\u00a0<\/span><span data-ccp-props=\"{&quot;201341983&quot;:0,&quot;335551550&quot;:1,&quot;335551620&quot;:1,&quot;335559739&quot;:240,&quot;335559740&quot;:276}\">\u00a0<\/span><\/p>\n<p><span data-contrast=\"none\">Algunas compa\u00f1\u00edas han decidido cerrar todas sus oficinas f\u00edsicas. Otras, por el contrario, no encuentran ning\u00fan beneficio en el teletrabajo. Muchas han apostado por\u00a0<\/span><b><span data-contrast=\"none\">modelos h\u00edbridos, flexibles, progresivos o voluntarios<\/span><\/b><span data-contrast=\"none\">.\u00a0<\/span><span data-ccp-props=\"{&quot;201341983&quot;:0,&quot;335551550&quot;:1,&quot;335551620&quot;:1,&quot;335559739&quot;:240,&quot;335559740&quot;:276}\">\u00a0<\/span><\/p>\n<h2><b><span data-contrast=\"none\">\u00bfQu\u00e9 ventajas tiene el modelo h\u00edbrido apoyado en el teletrabajo?<\/span><\/b><\/h2>\n<p><span data-contrast=\"none\">El modelo h\u00edbrido puede\u00a0<\/span><b><span data-contrast=\"none\">sumar las ventajas del trabajo presencial y del trabajo en remoto<\/span><\/b><span data-contrast=\"none\">. Para que este sistema sea exitoso,<\/span><span data-contrast=\"none\">\u00a0<\/span><span data-contrast=\"none\">conviene apoyarse en herramientas tecnol\u00f3gicas\u00a0como las soluciones de\u00a0<\/span><a href=\"https:\/\/www.sap.com\/spain\/products\/human-resources-hcm\/about-successfactors.html\" target=\"_blank\" rel=\"noopener\"><b><span data-contrast=\"none\">software de gesti\u00f3n de capital humano<\/span><\/b><\/a><span data-contrast=\"none\">\u00a0<\/span><span data-contrast=\"none\">(HCM) o\u00a0<\/span><b><span data-contrast=\"none\"><a href=\"https:\/\/www.sap.com\/spain\/programs\/experience-wins.html\">de gesti\u00f3n de la experiencia humana<\/a>\u00a0<\/span><\/b><span data-contrast=\"none\">(HXM) tal como ya es conocido este concepto para 麻豆原创.<\/span><span data-contrast=\"none\">\u00a0<\/span><span data-contrast=\"none\">Estas\u00a0le\u00a0ofrecer\u00e1n\u00a0una buena experiencia al empleado, lo\u00a0motivar\u00e1n\u00a0para conseguir los m\u00e1ximos niveles de desempe\u00f1o y\u00a0ayudar\u00e1n\u00a0a optimizar la gesti\u00f3n de los recursos humanos.<\/span><span data-ccp-props=\"{&quot;201341983&quot;:0,&quot;335551550&quot;:1,&quot;335551620&quot;:1,&quot;335559739&quot;:240,&quot;335559740&quot;:276}\">\u00a0<\/span><\/p>\n<p><span data-contrast=\"none\">Con un buen enfoque, el modelo h\u00edbrido de trabajo puede\u00a0<\/span><b><span data-contrast=\"none\">generar din\u00e1micas eficaces,<\/span><\/b><span data-contrast=\"none\">\u00a0con las que\u00a0<\/span><b><span data-contrast=\"none\">ahorrar costes y mejorar el clima laboral<\/span><\/b><span data-contrast=\"none\">:\u00a0<\/span><span data-ccp-props=\"{&quot;201341983&quot;:0,&quot;335551550&quot;:1,&quot;335551620&quot;:1,&quot;335559739&quot;:240,&quot;335559740&quot;:276}\">\u00a0<\/span><\/p>\n<ul>\n<li><span data-contrast=\"none\">La\u00a0<\/span><b><span data-contrast=\"none\">empresa<\/span><\/b><span data-contrast=\"none\">\u00a0se beneficia de la\u00a0<\/span><b><span data-contrast=\"none\">reducci\u00f3n en infraestructuras<\/span><\/b><span data-contrast=\"none\">\u00a0<\/span><b><span data-contrast=\"none\">y servicios<\/span><\/b><span data-contrast=\"none\">.\u00a0<\/span><span data-ccp-props=\"{&quot;201341983&quot;:0,&quot;335551550&quot;:1,&quot;335551620&quot;:1,&quot;335559739&quot;:240,&quot;335559740&quot;:276}\">\u00a0<\/span><\/li>\n<li><span data-contrast=\"none\">Los\u00a0<\/span><b><span data-contrast=\"none\">empleados<\/span><\/b><span data-contrast=\"none\">\u00a0ahorran en\u00a0<\/span><b><span data-contrast=\"none\">gastos de desplazamiento<\/span><\/b><span data-contrast=\"none\">, a la vez que pueden\u00a0<\/span><b><span data-contrast=\"none\">conciliar mejor su vida personal y laboral<\/span><\/b><span data-contrast=\"none\">.<\/span><span data-ccp-props=\"{&quot;201341983&quot;:0,&quot;335551550&quot;:1,&quot;335551620&quot;:1,&quot;335559739&quot;:240,&quot;335559740&quot;:276}\">\u00a0<\/span><\/li>\n<li><span data-contrast=\"none\">La\u00a0presencialidad parcial<\/span><b><span data-contrast=\"none\">\u00a0<\/span><\/b><span data-contrast=\"none\">favorece la\u00a0<\/span><b><span data-contrast=\"none\">interacci\u00f3n<\/span><\/b><span data-contrast=\"none\">, el\u00a0<\/span><b><span data-contrast=\"none\">intercambio de ideas<\/span><\/b><span data-contrast=\"none\">, la\u00a0<\/span><b><span data-contrast=\"none\">creatividad<\/span><\/b><span data-contrast=\"none\">\u00a0y la\u00a0<\/span><b><span data-contrast=\"none\">colaboraci\u00f3n<\/span><\/b><span data-contrast=\"none\">.<\/span><span data-ccp-props=\"{&quot;201341983&quot;:0,&quot;335551550&quot;:1,&quot;335551620&quot;:1,&quot;335559739&quot;:240,&quot;335559740&quot;:276}\">\u00a0<\/span><\/li>\n<\/ul>\n<p><span data-contrast=\"none\">Una realidad a la que no pueden sustraerse las empresas es que\u00a0<\/span><b><span data-contrast=\"none\">el modelo h\u00edbrido de trabajo es una buena herramienta para atraer y retener talento<\/span><\/b><span data-contrast=\"none\">. Ante dos ofertas similares, muchos trabajadores se decantan por el puesto que ofrezca mayor flexibilidad.\u00a0<\/span><span data-ccp-props=\"{&quot;201341983&quot;:0,&quot;335551550&quot;:1,&quot;335551620&quot;:1,&quot;335559739&quot;:240,&quot;335559740&quot;:276}\">\u00a0<\/span><\/p>\n<p><span data-contrast=\"none\">El\u00a0<\/span><a href=\"https:\/\/www.equiposytalento.com\/noticias\/2021\/07\/06\/las-empresas-ante-una-oportunidad-unica-para-definir-el-futuro-del-trabajo\" target=\"_blank\" rel=\"noopener\"><span data-contrast=\"none\">informe\u00a0<\/span><\/a><a href=\"https:\/\/www.equiposytalento.com\/noticias\/2021\/07\/06\/las-empresas-ante-una-oportunidad-unica-para-definir-el-futuro-del-trabajo\"><i><span data-contrast=\"none\">Nuevas formas de\u00a0trabajar. Reflexiones sobre el futuro<\/span><\/i><\/a><span data-contrast=\"none\">, elaborado por la consultora Boston\u00a0Consulting\u00a0Group (BCG) y\u00a0enClave\u00a0de Personas, destaca que\u00a0<\/span><b><span data-contrast=\"none\">el 65\u202f% de las empresas espa\u00f1olas pretende implantar modelos h\u00edbridos de trabajo<\/span><\/b><span data-contrast=\"none\">. Una de cada cuatro compa\u00f1\u00edas tiene previsto ofrecer una jornada de\u00a0<\/span><b><span data-contrast=\"none\">cuatro d\u00edas de trabajo en remoto<\/span><\/b><span data-contrast=\"none\">.<\/span><span data-ccp-props=\"{&quot;201341983&quot;:0,&quot;335551550&quot;:1,&quot;335551620&quot;:1,&quot;335559739&quot;:240,&quot;335559740&quot;:276}\">\u00a0<\/span><\/p>\n<p><span data-contrast=\"none\">El punto de vista de los\u00a0<\/span><b><span data-contrast=\"none\">empleados<\/span><\/b><span data-contrast=\"none\">\u00a0est\u00e1\u00a0<\/span><b><span data-contrast=\"none\">en sinton\u00eda con esta tendencia<\/span><\/b><span data-contrast=\"none\">, ya que dos de cada tres consideran que su trabajo se puede hacer a distancia, seg\u00fan este mismo estudio.\u00a0<\/span><span data-ccp-props=\"{&quot;201341983&quot;:0,&quot;335551550&quot;:1,&quot;335551620&quot;:1,&quot;335559739&quot;:240,&quot;335559740&quot;:276}\">\u00a0<\/span><\/p>\n<p><span data-contrast=\"none\">Este planteamiento no encaja totalmente en el tejido empresarial espa\u00f1ol, que se enfrenta a un\u00a0<\/span><b><span data-contrast=\"none\">cambio de mentalidad<\/span><\/b><span data-contrast=\"none\">. Muchas empresas se inclinan por el trabajo presencial total, en parte porque para las pymes y\u00a0micropymes, que son mayor\u00eda en nuestro pa\u00eds,\u00a0<\/span><b><span data-contrast=\"none\">la presencialidad sigue siendo muy importante<\/span><\/b><span data-contrast=\"none\">.<\/span><span data-ccp-props=\"{&quot;201341983&quot;:0,&quot;335551550&quot;:1,&quot;335551620&quot;:1,&quot;335559739&quot;:240,&quot;335559740&quot;:276}\">\u00a0<\/span><\/p>\n<h2><b><span data-contrast=\"none\">Presente y futuro del teletrabajo en Espa\u00f1a<\/span><\/b><\/h2>\n<p><span data-contrast=\"none\">El perfil predominante del teletrabajador en Espa\u00f1a es, actualmente, el de una mujer de entre 35 y 45 a\u00f1os, seg\u00fan se desprende del\u00a0<\/span><a href=\"https:\/\/www.ontsi.es\/es\/publicaciones\/Dossier-de-indicadores-de-teletrabajo-y-trabajo-en-movilidad-en-Espana-y-la-UE-junio-2021\" target=\"_blank\" rel=\"noopener\"><i><span data-contrast=\"none\">Dossier de indicadores de teletrabajo y trabajo en movilidad en Espa\u00f1a y la UE<\/span><\/i><\/a><span data-contrast=\"none\">, elaborado por el Observatorio\u00a0Nacional de Tecnolog\u00eda y Sociedad (ONTSI), dependiente del Ministerio de Asuntos Econ\u00f3micos y Transformaci\u00f3n Digital. No obstante, se prev\u00e9 que esta tendencia cambie en el futuro.<\/span><span data-ccp-props=\"{&quot;201341983&quot;:0,&quot;335551550&quot;:1,&quot;335551620&quot;:1,&quot;335559739&quot;:240,&quot;335559740&quot;:276}\">\u00a0<\/span><\/p>\n<p><span data-contrast=\"none\">En t\u00e9rminos globales,\u00a0<\/span><b><span data-contrast=\"none\">Espa\u00f1a<\/span><\/b><span data-contrast=\"none\">, con un 10,9\u202f% de teletrabajadores, se situ\u00f3 en 2020 ligeramente\u00a0<\/span><b><span data-contrast=\"none\">por debajo de la media de la UE-27<\/span><\/b><span data-contrast=\"none\">\u00a0(12,3\u202f%). No obstante, estas cifras distan mucho de las de pa\u00edses como Finlandia (25,1\u202f%), Luxemburgo (23,1\u202f%) e Irlanda (21,5\u202f%).\u00a0<\/span><span data-ccp-props=\"{&quot;201341983&quot;:0,&quot;335551550&quot;:1,&quot;335551620&quot;:1,&quot;335559739&quot;:240,&quot;335559740&quot;:276}\">\u00a0<\/span><\/p>\n<p><span data-contrast=\"none\">Por comunidades aut\u00f3nomas,\u00a0<\/span><b><span data-contrast=\"none\">Madrid<\/span><\/b><span data-contrast=\"none\">\u00a0(21,6\u202f%) y\u00a0<\/span><b><span data-contrast=\"none\">Catalu\u00f1a<\/span><\/b><span data-contrast=\"none\">\u00a0(15,2\u202f%) son las dos zonas que m\u00e1s teletrabajadores han sumado durante el primer trimestre de 2021. En el polo opuesto se encuentran\u00a0<\/span><b><span data-contrast=\"none\">Navarra<\/span><\/b><span data-contrast=\"none\">,\u00a0<\/span><b><span data-contrast=\"none\">Murcia<\/span><\/b><span data-contrast=\"none\">\u00a0y\u00a0<\/span><b><span data-contrast=\"none\">Arag\u00f3n<\/span><\/b><span data-contrast=\"none\">, con el 6\u202f%, el 5,5\u202f% y el 5\u202f%, respectivamente.<\/span><span data-ccp-props=\"{&quot;201341983&quot;:0,&quot;335551550&quot;:1,&quot;335551620&quot;:1,&quot;335559739&quot;:240,&quot;335559740&quot;:276}\">\u00a0<\/span><\/p>\n<p><span data-contrast=\"none\">Un dato importante es que\u00a0el<\/span><b><span data-contrast=\"none\">\u00a0enfoque flexible del trabajo h\u00edbrido\u00a0<\/span><\/b><span data-contrast=\"none\">resulta<\/span><b><span data-contrast=\"none\">\u00a0especialmente atractivo para la generaci\u00f3n\u00a0<\/span><\/b><b><i><span data-contrast=\"none\">millennial<\/span><\/i><\/b><span data-contrast=\"none\">. Este grupo poblacional valora mucho m\u00e1s el equilibrio entre la vida personal y el trabajo.\u00a0<\/span><span data-ccp-props=\"{&quot;201341983&quot;:0,&quot;335551550&quot;:1,&quot;335551620&quot;:1,&quot;335559739&quot;:240,&quot;335559740&quot;:276}\">\u00a0<\/span><\/p>\n<p><span data-contrast=\"none\">El cambio de paradigma parece no tener marcha atr\u00e1s. As\u00ed, el 86\u202f% de los directores de recursos humanos de empresas que han adoptado modelos de trabajo h\u00edbrido planean\u00a0<\/span><b><span data-contrast=\"none\">mantener el sistema a largo plazo<\/span><\/b><span data-contrast=\"none\">.\u00a0<\/span><span data-ccp-props=\"{&quot;201341983&quot;:0,&quot;335551550&quot;:1,&quot;335551620&quot;:1,&quot;335559739&quot;:240,&quot;335559740&quot;:276}\">\u00a0<\/span><\/p>\n<p><span data-contrast=\"none\">Lo que hasta hace poco era un beneficio que ofrec\u00edan algunas compa\u00f1\u00edas a sus empleados parece estar evolucionando hacia\u00a0<\/span><b><span data-contrast=\"none\">el futuro del trabajo<\/span><\/b><span data-contrast=\"none\">. Las estimaciones hacen pensar que,\u00a0en<\/span><b><span data-contrast=\"none\">\u00a02025<\/span><\/b><span data-contrast=\"none\">,<\/span><b><span data-contrast=\"none\">\u00a0siete de cada diez empleados trabajar\u00e1n de forma remota<\/span><\/b><span data-contrast=\"none\">. Al menos de forma parcial.<\/span><span data-ccp-props=\"{&quot;201341983&quot;:0,&quot;335551550&quot;:1,&quot;335551620&quot;:1,&quot;335559739&quot;:240,&quot;335559740&quot;:276}\">\u00a0<\/span><\/p>\n<h2><b><span data-contrast=\"none\">Las claves para implantar con \u00e9xito el trabajo h\u00edbrido<\/span><\/b><\/h2>\n<p><span data-contrast=\"none\">Parece claro que\u00a0<\/span><b><span data-contrast=\"none\">el modelo tradicional de trabajo debe evolucionar<\/span><\/b><span data-contrast=\"none\">, pero, para\u00a0<\/span><b><span data-contrast=\"none\">implantar modelos h\u00edbridos apoyados en el teletrabajo,<\/span><\/b><span data-contrast=\"none\">\u00a0es necesario contar con una estrategia clara.\u00a0<\/span><span data-ccp-props=\"{&quot;201341983&quot;:0,&quot;335551550&quot;:1,&quot;335551620&quot;:1,&quot;335559739&quot;:240,&quot;335559740&quot;:276}\">\u00a0<\/span><\/p>\n<p><span data-contrast=\"none\">Cada empresa tiene un funcionamiento y unas necesidades muy concretas, por lo que los casos de \u00e9xito no siempre se pueden extrapolar. Aun as\u00ed, el\u00a0<\/span><a href=\"https:\/\/www.xataka.com\/pro\/sap-primera-gran-empresa-tecnologica-europea-tener-trabajo-completamente-flexible\" target=\"_blank\" rel=\"noopener\"><b><span data-contrast=\"none\">modelo\u00a0h\u00edbrido de teletrabajo<\/span><\/b><\/a><b><span data-contrast=\"none\">\u00a0de 麻豆原创<\/span><\/b><span data-contrast=\"none\">\u00a0es un ejemplo a tener en cuenta.\u00a0<\/span><span data-ccp-props=\"{&quot;201341983&quot;:0,&quot;335551550&quot;:1,&quot;335551620&quot;:1,&quot;335559739&quot;:240,&quot;335559740&quot;:276}\">\u00a0<\/span><\/p>\n<p><span data-contrast=\"none\">麻豆原创 se ha convertido en la\u00a0<\/span><b><span data-contrast=\"none\">primera gran tecnol\u00f3gica europea en implantar un modelo de trabajo flexible<\/span><\/b><span data-contrast=\"none\">. En el centro de su pol\u00edtica laboral se encuentran la\u00a0<\/span><b><span data-contrast=\"none\">facilidad para conciliar, la integraci\u00f3n y la diversidad<\/span><\/b><span data-contrast=\"none\">.<\/span><span data-ccp-props=\"{&quot;201341983&quot;:0,&quot;335551550&quot;:1,&quot;335551620&quot;:1,&quot;335559739&quot;:240,&quot;335559740&quot;:276}\">\u00a0<\/span><\/p>\n<p><span data-contrast=\"none\">La compa\u00f1\u00eda realiz\u00f3 una encuesta entre sus empleados para analizar c\u00f3mo deb\u00eda ser\u00a0<\/span><b><span data-contrast=\"none\">el futuro del trabajo en sus instalaciones<\/span><\/b><span data-contrast=\"none\">. M\u00e1s del 80\u202f% de los trabajadores se mostr\u00f3 a favor de combinar el trabajo en remoto con el trabajo presencial.<\/span><span data-ccp-props=\"{&quot;201341983&quot;:0,&quot;335551550&quot;:1,&quot;335551620&quot;:1,&quot;335559739&quot;:240,&quot;335559740&quot;:276}\">\u00a0<\/span><\/p>\n<p><span data-contrast=\"none\">Gracias a la tecnolog\u00eda, el teletrabajo durante los tiempos m\u00e1s duros de la pandemia no merm\u00f3, por lo que 麻豆原创 decidi\u00f3\u00a0<\/span><b><span data-contrast=\"none\">apostar por un modelo pionero<\/span><\/b><span data-contrast=\"none\">.<\/span><span data-ccp-props=\"{&quot;201341983&quot;:0,&quot;335551550&quot;:1,&quot;335551620&quot;:1,&quot;335559739&quot;:240,&quot;335559740&quot;:276}\">\u00a0<\/span><\/p>\n<h3>La estrategia de un caso de \u00e9xito<\/h3>\n<p><b><span data-contrast=\"none\">Todos los empleados de 麻豆原创 podr\u00e1n decidir<\/span><\/b><span data-contrast=\"none\">\u00a0si trabajan en remoto o en la oficina, con flexibilidad en el horario de entrada y salida. Este innovador modelo\u00a0<\/span><b><span data-contrast=\"none\">favorece la movilidad y la posibilidad de cambiar de residencia<\/span><\/b><span data-contrast=\"none\">.<\/span><span data-ccp-props=\"{&quot;201341983&quot;:0,&quot;335551550&quot;:1,&quot;335551620&quot;:1,&quot;335559739&quot;:240,&quot;335559740&quot;:276}\">\u00a0<\/span><\/p>\n<p><span data-contrast=\"none\">Los\u00a0<\/span><b><span data-contrast=\"none\">pilares en los que se apoya la flexibilidad del modelo h\u00edbrido<\/span><\/b><span data-contrast=\"none\">\u00a0de trabajo son los siguientes:\u00a0<\/span><span data-ccp-props=\"{&quot;201341983&quot;:0,&quot;335551550&quot;:1,&quot;335551620&quot;:1,&quot;335559739&quot;:240,&quot;335559740&quot;:276}\">\u00a0<\/span><\/p>\n<h3><b><span data-contrast=\"none\">Revisar metas y objetivos de la compa\u00f1\u00eda<\/span><\/b><\/h3>\n<p><span data-contrast=\"none\">En primer lugar, es fundamental que cada empresa defina lo que entiende por trabajo h\u00edbrido y sus diversas modalidades (voluntario, obligatorio, proporci\u00f3n de teletrabajo, etc.).\u00a0<\/span><span data-ccp-props=\"{&quot;201341983&quot;:0,&quot;335551550&quot;:1,&quot;335551620&quot;:1,&quot;335559739&quot;:240,&quot;335559740&quot;:276}\">\u00a0<\/span><\/p>\n<p><span data-contrast=\"none\">Es necesario\u00a0<\/span><b><span data-contrast=\"none\">identificar qu\u00e9 tareas se pueden llevar a cabo de forma remota<\/span><\/b><span data-contrast=\"none\">\u00a0y cu\u00e1les se deben seguir realizando en la oficina. Para lograr una transici\u00f3n ecu\u00e1nime, se deben analizar las necesidades de cada \u00e1rea y el\u00a0<\/span><b><span data-contrast=\"none\">perfil de los trabajadores<\/span><\/b><span data-contrast=\"none\">\u00a0que pueden optar al modelo h\u00edbrido con garant\u00edas.\u00a0<\/span><span data-ccp-props=\"{&quot;201341983&quot;:0,&quot;335551550&quot;:1,&quot;335551620&quot;:1,&quot;335559739&quot;:240,&quot;335559740&quot;:276}\">\u00a0<\/span><\/p>\n<h3><b><span data-contrast=\"none\">Dise\u00f1ar la pol\u00edtica de recursos humanos<\/span><\/b><\/h3>\n<p><span data-contrast=\"none\">La\u00a0<\/span><b><span data-contrast=\"none\">pol\u00edtica de recursos humanos<\/span><\/b><span data-contrast=\"none\">\u00a0debe garantizar, a quienes realizan su trabajo en remoto,\u00a0el<\/span><b><span data-contrast=\"none\">\u00a0acceso a la formaci\u00f3n y a las oportunidades de desarrollo<\/span><\/b><span data-contrast=\"none\">\u00a0en las mismas condiciones que los empleados que trabajan en las instalaciones.\u00a0<\/span><span data-ccp-props=\"{&quot;201341983&quot;:0,&quot;335551550&quot;:1,&quot;335551620&quot;:1,&quot;335559739&quot;:240,&quot;335559740&quot;:276}\">\u00a0<\/span><\/p>\n<p><span data-contrast=\"none\">En 麻豆原创 se ha adoptado la\u00a0pol\u00edtica de gesti\u00f3n de personal\u00a0<\/span><b><i><span data-contrast=\"none\">Pledge\u00a0to Flex<\/span><\/i><\/b><span data-contrast=\"none\">, con la que dan a sus empleados\u00a0<\/span><b><span data-contrast=\"none\">total libertad para acudir a la oficina<\/span><\/b><span data-contrast=\"none\">, as\u00ed como\u00a0<\/span><b><span data-contrast=\"none\">flexibilidad para fijar sus horarios de entrada y salida<\/span><\/b><span data-contrast=\"none\">.\u00a0<\/span><span data-ccp-props=\"{&quot;201341983&quot;:0,&quot;335551550&quot;:1,&quot;335551620&quot;:1,&quot;335559739&quot;:240,&quot;335559740&quot;:276}\">\u00a0<\/span><\/p>\n<h3><b><span data-contrast=\"none\">Fomentar la comunicaci\u00f3n y la transparencia<\/span><\/b><\/h3>\n<p><span data-contrast=\"none\">La\u00a0<\/span><b><span data-contrast=\"none\">comunicaci\u00f3n dentro del equipo de trabajo y la comunicaci\u00f3n vertical<\/span><\/b><span data-contrast=\"none\">\u00a0son dos puntos vitales dentro de cualquier compa\u00f1\u00eda.\u00a0<\/span><span data-contrast=\"none\">Para implantar con \u00e9xito un modelo de trabajo h\u00edbrido,\u00a0<\/span><b><span data-contrast=\"none\">el proceso debe ser claro y transparente<\/span><\/b><span data-contrast=\"none\">.\u00a0<\/span><span data-ccp-props=\"{&quot;201341983&quot;:0,&quot;335551550&quot;:1,&quot;335551620&quot;:1,&quot;335559739&quot;:240,&quot;335559740&quot;:276}\">\u00a0<\/span><\/p>\n<p><span data-contrast=\"none\">Las\u00a0<\/span><b><span data-contrast=\"none\">herramientas colaborativas, intranet y los sistemas de medici\u00f3n del desempe\u00f1o<\/span><\/b><span data-contrast=\"none\">\u00a0tambi\u00e9n deben adaptarse al futuro del trabajo. Los empleados necesitan un entorno que les permita\u00a0<\/span><b><span data-contrast=\"none\">ser productivos y eficientes<\/span><\/b><span data-contrast=\"none\">.\u00a0<\/span><span data-ccp-props=\"{&quot;201341983&quot;:0,&quot;335551550&quot;:1,&quot;335551620&quot;:1,&quot;335559739&quot;:240,&quot;335559740&quot;:276}\">\u00a0<\/span><\/p>\n<h3><b><span data-contrast=\"none\">Disponer de soluciones tecnol\u00f3gicas adecuadas<\/span><\/b><\/h3>\n<p><span data-contrast=\"none\">Adquirir la\u00a0<\/span><b><span data-contrast=\"none\">tecnolog\u00eda para un trabajo colaborativo y a distancia<\/span><\/b><span data-contrast=\"none\">\u00a0es un paso imprescindible.\u00a0<\/span><b><span data-contrast=\"none\">La flexibilidad no debe estar re\u00f1ida con la competitividad<\/span><\/b><span data-contrast=\"none\">, sino al contrario.\u00a0<\/span><span data-ccp-props=\"{&quot;201341983&quot;:0,&quot;335551550&quot;:1,&quot;335551620&quot;:1,&quot;335559739&quot;:240,&quot;335559740&quot;:276}\">\u00a0<\/span><\/p>\n<p><span data-contrast=\"none\">Las\u00a0<\/span><b><span data-contrast=\"none\">soluciones en la nube<\/span><\/b><span data-contrast=\"none\">, las aplicaciones para videoconferencia, los sistemas de gesti\u00f3n documental, la\u00a0<\/span><b><span data-contrast=\"none\">gesti\u00f3n de empleados en remoto<\/span><\/b><span data-contrast=\"none\">\u00a0y\u00a0<\/span><a href=\"https:\/\/www.sap.com\/spain\/products\/s4hana-erp.html\" target=\"_blank\" rel=\"noopener\"><b><span data-contrast=\"none\">ERP<\/span><\/b><\/a><span data-contrast=\"none\">, por ejemplo, son grandes aliadas para el trabajo h\u00edbrido.<\/span><span data-ccp-props=\"{&quot;201341983&quot;:0,&quot;335551550&quot;:1,&quot;335551620&quot;:1,&quot;335559739&quot;:240,&quot;335559740&quot;:276}\">\u00a0<\/span><\/p>\n<h3><b><span data-contrast=\"none\">La ciberseguridad como eje central<\/span><\/b><\/h3>\n<p><span data-contrast=\"none\">La ciberseguridad sigue siendo el punto d\u00e9bil de muchas pymes. El futuro del trabajo en remoto solo ser\u00e1 sostenible si se mueve en torno a la <\/span><b><span data-contrast=\"none\">seguridad digital<\/span><\/b><span data-contrast=\"none\">.<\/span><span data-ccp-props=\"{&quot;201341983&quot;:0,&quot;335551550&quot;:1,&quot;335551620&quot;:1,&quot;335559738&quot;:320,&quot;335559739&quot;:380,&quot;335559740&quot;:276}\">\u00a0<\/span><\/p>\n<p><span data-contrast=\"none\">Los principales ejes de actuaci\u00f3n en este sentido deben ser la<\/span><b><span data-contrast=\"none\">\u00a0<\/span><\/b><a href=\"https:\/\/www.sap.com\/spain\/about\/trust-center\/data-privacy.html\" target=\"_blank\" rel=\"noopener\"><b><span data-contrast=\"none\">protecci\u00f3n de los datos<\/span><\/b><\/a><span data-contrast=\"none\">, el acceso controlado a la informaci\u00f3n, los escudos frente a ataques inform\u00e1ticos y la\u00a0<\/span><b><span data-contrast=\"none\">formaci\u00f3n en ciberseguridad<\/span><\/b><span data-contrast=\"none\">\u00a0para los empleados.\u00a0<\/span><span data-ccp-props=\"{&quot;201341983&quot;:0,&quot;335551550&quot;:1,&quot;335551620&quot;:1,&quot;335559738&quot;:320,&quot;335559739&quot;:380,&quot;335559740&quot;:276}\">\u00a0<\/span><\/p>\n<h2><b><span data-contrast=\"none\">Claves a recordar<\/span><\/b><\/h2>\n<p><span data-contrast=\"none\">Los modelos h\u00edbridos son una gran oportunidad para sumar las\u00a0<\/span><b><span data-contrast=\"none\">ventajas del teletrabajo a los beneficios del trabajo presencial<\/span><\/b><span data-contrast=\"none\">.\u00a0<\/span><span data-ccp-props=\"{&quot;201341983&quot;:0,&quot;335551550&quot;:1,&quot;335551620&quot;:1,&quot;335559739&quot;:240,&quot;335559740&quot;:276}\">\u00a0<\/span><\/p>\n<p><span data-contrast=\"none\">Las f\u00f3rmulas de trabajo h\u00edbrido son innumerables. Lo deseable es que cada empresa encuentre un\u00a0<\/span><b><span data-contrast=\"none\">punto de equilibrio que garantice la productividad<\/span><\/b><span data-contrast=\"none\">, la retenci\u00f3n de talento y la competitividad.\u00a0\u00a0<\/span><span data-ccp-props=\"{&quot;201341983&quot;:0,&quot;335551550&quot;:1,&quot;335551620&quot;:1,&quot;335559739&quot;:240,&quot;335559740&quot;:276}\">\u00a0<\/span><\/p>\n<p><span data-contrast=\"none\">Las soluciones consensuadas y transparentes promueven la humanizaci\u00f3n de los puestos de trabajo, a la vez que\u00a0<\/span><b><span data-contrast=\"none\">refuerzan el compromiso de los empleados<\/span><\/b><span data-contrast=\"none\">. Las empresas pueden ahorrar costes en infraestructuras y servicios.\u00a0\u00a0<\/span><span data-ccp-props=\"{&quot;201341983&quot;:0,&quot;335551550&quot;:1,&quot;335551620&quot;:1,&quot;335559739&quot;:240,&quot;335559740&quot;:276}\">\u00a0<\/span><\/p>\n<p><span data-contrast=\"none\">El futuro no ser\u00e1 el teletrabajo absoluto, pero s\u00ed los\u00a0<\/span><b><span data-contrast=\"none\">modelos que impulsen la productividad y la conciliaci\u00f3n<\/span><\/b><span data-contrast=\"none\">.\u00a0<\/span><span data-ccp-props=\"{&quot;201341983&quot;:0,&quot;335551550&quot;:1,&quot;335551620&quot;:1,&quot;335559739&quot;:240,&quot;335559740&quot;:276}\">\u00a0<\/span><\/p>\n<p>&nbsp;<\/p>\n<hr \/>\n<p><a href=\"https:\/\/www.instagram.com\/sapspain\/\">Instagram<\/a>\u00a0\/\u00a0<a href=\"https:\/\/www.facebook.com\/麻豆原创\/\">Facebook<\/a>\u00a0\/\u00a0<a href=\"https:\/\/twitter.com\/sapspain?lang=es\">Twitter<\/a>\u00a0\/\u00a0<a href=\"https:\/\/www.linkedin.com\/company\/sap\/\">LinkedIn<\/a><\/p>\n<hr \/>\n<p>\u00a9 2020 麻豆原创 SE. All rights reserved. 麻豆原创 and other 麻豆原创 products and services mentioned herein as well as their respective logos are trademarks or registered trademarks of 麻豆原创 SE in Germany and other countries. Please see\u00a0<a href=\"http:\/\/www.sap.com\/corporate-en\/legal\/copyright\/index.epx#trademark\">http:\/\/www.sap.com\/corporate-en\/legal\/copyright\/index.epx#trademark<\/a>\u00a0for additional trademark information and notices.<\/p>\n","protected":false},"excerpt":{"rendered":"<p>La irrupci\u00f3n de la pandemia forz\u00f3 a muchas empresas a\u00a0implantar el teletrabajo, no sin dudas sobre su conveniencia. Un a\u00f1o y medio m\u00e1s tarde, las&#8230;<\/p>\n","protected":false},"author":3372,"featured_media":4415,"comment_status":"closed","ping_status":"closed","sticky":false,"template":"","format":"standard","meta":{"footnotes":"","_links_to":"","_links_to_target":""},"categories":[5562511],"tags":[5563326],"sapn-display":[5563695,5563693,60294],"sapn-type":[5562504],"class_list":["post-4412","post","type-post","status-publish","format-standard","has-post-thumbnail","hentry","category-gestion-de-capital-humano","tag-recursos-humanos","sapn-display-articulo-hero","sapn-display-articulo-spotlight","sapn-display-topic-hero","sapn-type-articulo"],"yoast_head":"<!-- This site is optimized with the Yoast SEO Premium plugin v26.9 (Yoast SEO v26.9) - https:\/\/yoast.com\/product\/yoast-seo-premium-wordpress\/ -->\n<title>El futuro del trabajo: modelos h\u00edbridos apoyados en el teletrabajo - 麻豆原创 Espa\u00f1a News Center<\/title>\n<meta name=\"description\" content=\"Las empresas buscan cada vez m\u00e1s f\u00f3rmulas flexibles basadas en el teletrabajo para adaptarse a la situaci\u00f3n sanitaria y a las necesidades de sus empleados.\" \/>\n<meta name=\"robots\" content=\"index, follow, max-snippet:-1, max-image-preview:large, max-video-preview:-1\" \/>\n<link rel=\"canonical\" href=\"https:\/\/news.sap.com\/spain\/2021\/10\/el-futuro-del-trabajo-modelos-hibridos-apoyados-en-el-teletrabajo\/\" \/>\n<meta property=\"og:locale\" content=\"es_ES\" \/>\n<meta property=\"og:type\" content=\"article\" \/>\n<meta property=\"og:title\" content=\"El futuro del trabajo: modelos h\u00edbridos apoyados en el teletrabajo\" \/>\n<meta property=\"og:description\" content=\"Las empresas buscan cada vez m\u00e1s f\u00f3rmulas flexibles basadas en el teletrabajo para adaptarse a la situaci\u00f3n sanitaria y a las necesidades de sus empleados.\" \/>\n<meta property=\"og:url\" content=\"https:\/\/news.sap.com\/spain\/2021\/10\/el-futuro-del-trabajo-modelos-hibridos-apoyados-en-el-teletrabajo\/\" \/>\n<meta property=\"og:site_name\" content=\"麻豆原创 Espa\u00f1a News Center\" \/>\n<meta property=\"article:published_time\" content=\"2021-10-15T09:58:17+00:00\" \/>\n<meta property=\"article:modified_time\" content=\"2023-10-16T16:15:08+00:00\" \/>\n<meta property=\"og:image\" content=\"https:\/\/news.sap.com\/spain\/files\/2021\/10\/15\/futuro-trabajo-modelos-hibridos-1024x716.jpg\" \/>\n\t<meta property=\"og:image:width\" content=\"1024\" \/>\n\t<meta property=\"og:image:height\" content=\"716\" \/>\n\t<meta property=\"og:image:type\" content=\"image\/jpeg\" \/>\n<meta name=\"author\" content=\"麻豆原创 Espa\u00f1a\" \/>\n<meta name=\"twitter:card\" content=\"summary_large_image\" \/>\n<meta name=\"twitter:label1\" content=\"Escrito por\" \/>\n\t<meta name=\"twitter:data1\" content=\"麻豆原创 Espa\u00f1a\" \/>\n\t<meta name=\"twitter:label2\" content=\"Tiempo de lectura\" \/>\n\t<meta name=\"twitter:data2\" content=\"9 minutos\" \/>\n<script type=\"application\/ld+json\" class=\"yoast-schema-graph\">{\"@context\":\"https:\/\/schema.org\",\"@graph\":[{\"@type\":\"Article\",\"@id\":\"https:\/\/news.sap.com\/spain\/2021\/10\/el-futuro-del-trabajo-modelos-hibridos-apoyados-en-el-teletrabajo\/#article\",\"isPartOf\":{\"@id\":\"https:\/\/news.sap.com\/spain\/2021\/10\/el-futuro-del-trabajo-modelos-hibridos-apoyados-en-el-teletrabajo\/\"},\"author\":{\"name\":\"麻豆原创 Espa\u00f1a\",\"@id\":\"https:\/\/news.sap.com\/spain\/#\/schema\/person\/4573e2beeb96fc44e819e7f7b2923465\"},\"headline\":\"El futuro del trabajo: modelos h\u00edbridos apoyados en el teletrabajo\",\"datePublished\":\"2021-10-15T09:58:17+00:00\",\"dateModified\":\"2023-10-16T16:15:08+00:00\",\"mainEntityOfPage\":{\"@id\":\"https:\/\/news.sap.com\/spain\/2021\/10\/el-futuro-del-trabajo-modelos-hibridos-apoyados-en-el-teletrabajo\/\"},\"wordCount\":1772,\"image\":{\"@id\":\"https:\/\/news.sap.com\/spain\/2021\/10\/el-futuro-del-trabajo-modelos-hibridos-apoyados-en-el-teletrabajo\/#primaryimage\"},\"thumbnailUrl\":\"https:\/\/news.sap.com\/spain\/files\/2021\/10\/15\/futuro-trabajo-modelos-hibridos.jpg\",\"keywords\":[\"Recursos Humanos\"],\"articleSection\":[\"Gesti\u00f3n de capital humano\"],\"inLanguage\":\"es\"},{\"@type\":\"WebPage\",\"@id\":\"https:\/\/news.sap.com\/spain\/2021\/10\/el-futuro-del-trabajo-modelos-hibridos-apoyados-en-el-teletrabajo\/\",\"url\":\"https:\/\/news.sap.com\/spain\/2021\/10\/el-futuro-del-trabajo-modelos-hibridos-apoyados-en-el-teletrabajo\/\",\"name\":\"El futuro del trabajo: modelos h\u00edbridos apoyados en el teletrabajo - 麻豆原创 Espa\u00f1a News Center\",\"isPartOf\":{\"@id\":\"https:\/\/news.sap.com\/spain\/#website\"},\"primaryImageOfPage\":{\"@id\":\"https:\/\/news.sap.com\/spain\/2021\/10\/el-futuro-del-trabajo-modelos-hibridos-apoyados-en-el-teletrabajo\/#primaryimage\"},\"image\":{\"@id\":\"https:\/\/news.sap.com\/spain\/2021\/10\/el-futuro-del-trabajo-modelos-hibridos-apoyados-en-el-teletrabajo\/#primaryimage\"},\"thumbnailUrl\":\"https:\/\/news.sap.com\/spain\/files\/2021\/10\/15\/futuro-trabajo-modelos-hibridos.jpg\",\"datePublished\":\"2021-10-15T09:58:17+00:00\",\"dateModified\":\"2023-10-16T16:15:08+00:00\",\"author\":{\"@id\":\"https:\/\/news.sap.com\/spain\/#\/schema\/person\/4573e2beeb96fc44e819e7f7b2923465\"},\"description\":\"Las empresas buscan cada vez m\u00e1s f\u00f3rmulas flexibles basadas en el teletrabajo para adaptarse a la situaci\u00f3n sanitaria y a las necesidades de sus empleados.\",\"breadcrumb\":{\"@id\":\"https:\/\/news.sap.com\/spain\/2021\/10\/el-futuro-del-trabajo-modelos-hibridos-apoyados-en-el-teletrabajo\/#breadcrumb\"},\"inLanguage\":\"es\",\"potentialAction\":[{\"@type\":\"ReadAction\",\"target\":[\"https:\/\/news.sap.com\/spain\/2021\/10\/el-futuro-del-trabajo-modelos-hibridos-apoyados-en-el-teletrabajo\/\"]}]},{\"@type\":\"ImageObject\",\"inLanguage\":\"es\",\"@id\":\"https:\/\/news.sap.com\/spain\/2021\/10\/el-futuro-del-trabajo-modelos-hibridos-apoyados-en-el-teletrabajo\/#primaryimage\",\"url\":\"https:\/\/news.sap.com\/spain\/files\/2021\/10\/15\/futuro-trabajo-modelos-hibridos.jpg\",\"contentUrl\":\"https:\/\/news.sap.com\/spain\/files\/2021\/10\/15\/futuro-trabajo-modelos-hibridos.jpg\",\"width\":8457,\"height\":5912,\"caption\":\"Man with laptop sitting in the mountains. Freelancer work in nature. 3D illustration.\"},{\"@type\":\"BreadcrumbList\",\"@id\":\"https:\/\/news.sap.com\/spain\/2021\/10\/el-futuro-del-trabajo-modelos-hibridos-apoyados-en-el-teletrabajo\/#breadcrumb\",\"itemListElement\":[{\"@type\":\"ListItem\",\"position\":1,\"name\":\"Home\",\"item\":\"https:\/\/news.sap.com\/spain\/\"},{\"@type\":\"ListItem\",\"position\":2,\"name\":\"El futuro del trabajo: modelos h\u00edbridos apoyados en el teletrabajo\"}]},{\"@type\":\"WebSite\",\"@id\":\"https:\/\/news.sap.com\/spain\/#website\",\"url\":\"https:\/\/news.sap.com\/spain\/\",\"name\":\"麻豆原创 Espa\u00f1a News Center\",\"description\":\"Noticias e informaci\u00f3n sobre 麻豆原创\",\"potentialAction\":[{\"@type\":\"SearchAction\",\"target\":{\"@type\":\"EntryPoint\",\"urlTemplate\":\"https:\/\/news.sap.com\/spain\/?s={search_term_string}\"},\"query-input\":{\"@type\":\"PropertyValueSpecification\",\"valueRequired\":true,\"valueName\":\"search_term_string\"}}],\"inLanguage\":\"es\"},{\"@type\":\"Person\",\"@id\":\"https:\/\/news.sap.com\/spain\/#\/schema\/person\/4573e2beeb96fc44e819e7f7b2923465\",\"name\":\"麻豆原创 Espa\u00f1a\",\"image\":{\"@type\":\"ImageObject\",\"inLanguage\":\"es\",\"@id\":\"https:\/\/news.sap.com\/spain\/#\/schema\/person\/image\/\",\"url\":\"https:\/\/news.sap.com\/spain\/wp-content\/plugins\/wp-user-avatars\/wp-user-avatars\/assets\/images\/mystery.jpg\",\"contentUrl\":\"https:\/\/news.sap.com\/spain\/wp-content\/plugins\/wp-user-avatars\/wp-user-avatars\/assets\/images\/mystery.jpg\",\"caption\":\"麻豆原创 Espa\u00f1a\"},\"url\":\"https:\/\/news.sap.com\/spain\/author\/sapespana\/\"}]}<\/script>\n<!-- \/ Yoast SEO Premium plugin. -->","yoast_head_json":{"title":"El futuro del trabajo: modelos h\u00edbridos apoyados en el teletrabajo - 麻豆原创 Espa\u00f1a News Center","description":"Las empresas buscan cada vez m\u00e1s f\u00f3rmulas flexibles basadas en el teletrabajo para adaptarse a la situaci\u00f3n sanitaria y a las necesidades de sus empleados.","robots":{"index":"index","follow":"follow","max-snippet":"max-snippet:-1","max-image-preview":"max-image-preview:large","max-video-preview":"max-video-preview:-1"},"canonical":"https:\/\/news.sap.com\/spain\/2021\/10\/el-futuro-del-trabajo-modelos-hibridos-apoyados-en-el-teletrabajo\/","og_locale":"es_ES","og_type":"article","og_title":"El futuro del trabajo: modelos h\u00edbridos apoyados en el teletrabajo","og_description":"Las empresas buscan cada vez m\u00e1s f\u00f3rmulas flexibles basadas en el teletrabajo para adaptarse a la situaci\u00f3n sanitaria y a las necesidades de sus empleados.","og_url":"https:\/\/news.sap.com\/spain\/2021\/10\/el-futuro-del-trabajo-modelos-hibridos-apoyados-en-el-teletrabajo\/","og_site_name":"麻豆原创 Espa\u00f1a News Center","article_published_time":"2021-10-15T09:58:17+00:00","article_modified_time":"2023-10-16T16:15:08+00:00","og_image":[{"width":1024,"height":716,"url":"https:\/\/news.sap.com\/spain\/files\/2021\/10\/15\/futuro-trabajo-modelos-hibridos-1024x716.jpg","type":"image\/jpeg"}],"author":"麻豆原创 Espa\u00f1a","twitter_card":"summary_large_image","twitter_misc":{"Escrito por":"麻豆原创 Espa\u00f1a","Tiempo de lectura":"9 minutos"},"schema":{"@context":"https:\/\/schema.org","@graph":[{"@type":"Article","@id":"https:\/\/news.sap.com\/spain\/2021\/10\/el-futuro-del-trabajo-modelos-hibridos-apoyados-en-el-teletrabajo\/#article","isPartOf":{"@id":"https:\/\/news.sap.com\/spain\/2021\/10\/el-futuro-del-trabajo-modelos-hibridos-apoyados-en-el-teletrabajo\/"},"author":{"name":"麻豆原创 Espa\u00f1a","@id":"https:\/\/news.sap.com\/spain\/#\/schema\/person\/4573e2beeb96fc44e819e7f7b2923465"},"headline":"El futuro del trabajo: modelos h\u00edbridos apoyados en el teletrabajo","datePublished":"2021-10-15T09:58:17+00:00","dateModified":"2023-10-16T16:15:08+00:00","mainEntityOfPage":{"@id":"https:\/\/news.sap.com\/spain\/2021\/10\/el-futuro-del-trabajo-modelos-hibridos-apoyados-en-el-teletrabajo\/"},"wordCount":1772,"image":{"@id":"https:\/\/news.sap.com\/spain\/2021\/10\/el-futuro-del-trabajo-modelos-hibridos-apoyados-en-el-teletrabajo\/#primaryimage"},"thumbnailUrl":"https:\/\/news.sap.com\/spain\/files\/2021\/10\/15\/futuro-trabajo-modelos-hibridos.jpg","keywords":["Recursos Humanos"],"articleSection":["Gesti\u00f3n de capital humano"],"inLanguage":"es"},{"@type":"WebPage","@id":"https:\/\/news.sap.com\/spain\/2021\/10\/el-futuro-del-trabajo-modelos-hibridos-apoyados-en-el-teletrabajo\/","url":"https:\/\/news.sap.com\/spain\/2021\/10\/el-futuro-del-trabajo-modelos-hibridos-apoyados-en-el-teletrabajo\/","name":"El futuro del trabajo: modelos h\u00edbridos apoyados en el teletrabajo - 麻豆原创 Espa\u00f1a News Center","isPartOf":{"@id":"https:\/\/news.sap.com\/spain\/#website"},"primaryImageOfPage":{"@id":"https:\/\/news.sap.com\/spain\/2021\/10\/el-futuro-del-trabajo-modelos-hibridos-apoyados-en-el-teletrabajo\/#primaryimage"},"image":{"@id":"https:\/\/news.sap.com\/spain\/2021\/10\/el-futuro-del-trabajo-modelos-hibridos-apoyados-en-el-teletrabajo\/#primaryimage"},"thumbnailUrl":"https:\/\/news.sap.com\/spain\/files\/2021\/10\/15\/futuro-trabajo-modelos-hibridos.jpg","datePublished":"2021-10-15T09:58:17+00:00","dateModified":"2023-10-16T16:15:08+00:00","author":{"@id":"https:\/\/news.sap.com\/spain\/#\/schema\/person\/4573e2beeb96fc44e819e7f7b2923465"},"description":"Las empresas buscan cada vez m\u00e1s f\u00f3rmulas flexibles basadas en el teletrabajo para adaptarse a la situaci\u00f3n sanitaria y a las necesidades de sus empleados.","breadcrumb":{"@id":"https:\/\/news.sap.com\/spain\/2021\/10\/el-futuro-del-trabajo-modelos-hibridos-apoyados-en-el-teletrabajo\/#breadcrumb"},"inLanguage":"es","potentialAction":[{"@type":"ReadAction","target":["https:\/\/news.sap.com\/spain\/2021\/10\/el-futuro-del-trabajo-modelos-hibridos-apoyados-en-el-teletrabajo\/"]}]},{"@type":"ImageObject","inLanguage":"es","@id":"https:\/\/news.sap.com\/spain\/2021\/10\/el-futuro-del-trabajo-modelos-hibridos-apoyados-en-el-teletrabajo\/#primaryimage","url":"https:\/\/news.sap.com\/spain\/files\/2021\/10\/15\/futuro-trabajo-modelos-hibridos.jpg","contentUrl":"https:\/\/news.sap.com\/spain\/files\/2021\/10\/15\/futuro-trabajo-modelos-hibridos.jpg","width":8457,"height":5912,"caption":"Man with laptop sitting in the mountains. Freelancer work in nature. 3D illustration."},{"@type":"BreadcrumbList","@id":"https:\/\/news.sap.com\/spain\/2021\/10\/el-futuro-del-trabajo-modelos-hibridos-apoyados-en-el-teletrabajo\/#breadcrumb","itemListElement":[{"@type":"ListItem","position":1,"name":"Home","item":"https:\/\/news.sap.com\/spain\/"},{"@type":"ListItem","position":2,"name":"El futuro del trabajo: modelos h\u00edbridos apoyados en el teletrabajo"}]},{"@type":"WebSite","@id":"https:\/\/news.sap.com\/spain\/#website","url":"https:\/\/news.sap.com\/spain\/","name":"麻豆原创 Espa\u00f1a News Center","description":"Noticias e informaci\u00f3n sobre 麻豆原创","potentialAction":[{"@type":"SearchAction","target":{"@type":"EntryPoint","urlTemplate":"https:\/\/news.sap.com\/spain\/?s={search_term_string}"},"query-input":{"@type":"PropertyValueSpecification","valueRequired":true,"valueName":"search_term_string"}}],"inLanguage":"es"},{"@type":"Person","@id":"https:\/\/news.sap.com\/spain\/#\/schema\/person\/4573e2beeb96fc44e819e7f7b2923465","name":"麻豆原创 Espa\u00f1a","image":{"@type":"ImageObject","inLanguage":"es","@id":"https:\/\/news.sap.com\/spain\/#\/schema\/person\/image\/","url":"https:\/\/news.sap.com\/spain\/wp-content\/plugins\/wp-user-avatars\/wp-user-avatars\/assets\/images\/mystery.jpg","contentUrl":"https:\/\/news.sap.com\/spain\/wp-content\/plugins\/wp-user-avatars\/wp-user-avatars\/assets\/images\/mystery.jpg","caption":"麻豆原创 Espa\u00f1a"},"url":"https:\/\/news.sap.com\/spain\/author\/sapespana\/"}]}},"amp_enabled":true,"_links":{"self":[{"href":"https:\/\/news.sap.com\/spain\/wp-json\/wp\/v2\/posts\/4412","targetHints":{"allow":["GET"]}}],"collection":[{"href":"https:\/\/news.sap.com\/spain\/wp-json\/wp\/v2\/posts"}],"about":[{"href":"https:\/\/news.sap.com\/spain\/wp-json\/wp\/v2\/types\/post"}],"author":[{"embeddable":true,"href":"https:\/\/news.sap.com\/spain\/wp-json\/wp\/v2\/users\/3372"}],"replies":[{"embeddable":true,"href":"https:\/\/news.sap.com\/spain\/wp-json\/wp\/v2\/comments?post=4412"}],"version-history":[{"count":0,"href":"https:\/\/news.sap.com\/spain\/wp-json\/wp\/v2\/posts\/4412\/revisions"}],"wp:featuredmedia":[{"embeddable":true,"href":"https:\/\/news.sap.com\/spain\/wp-json\/wp\/v2\/media\/4415"}],"wp:attachment":[{"href":"https:\/\/news.sap.com\/spain\/wp-json\/wp\/v2\/media?parent=4412"}],"wp:term":[{"taxonomy":"category","embeddable":true,"href":"https:\/\/news.sap.com\/spain\/wp-json\/wp\/v2\/categories?post=4412"},{"taxonomy":"post_tag","embeddable":true,"href":"https:\/\/news.sap.com\/spain\/wp-json\/wp\/v2\/tags?post=4412"},{"taxonomy":"sapn-display","embeddable":true,"href":"https:\/\/news.sap.com\/spain\/wp-json\/wp\/v2\/sapn-display?post=4412"},{"taxonomy":"sapn-type","embeddable":true,"href":"https:\/\/news.sap.com\/spain\/wp-json\/wp\/v2\/sapn-type?post=4412"}],"curies":[{"name":"wp","href":"https:\/\/api.w.org\/{rel}","templated":true}]}}