  {"id":4359,"date":"2021-09-28T08:24:21","date_gmt":"2021-09-28T08:24:21","guid":{"rendered":"https:\/\/news.sap.com\/spain\/?p=4359"},"modified":"2023-10-16T16:19:01","modified_gmt":"2023-10-16T16:19:01","slug":"los-mayores-desafios-de-la-gestion-del-talento-humano-en-las-empresas","status":"publish","type":"post","link":"https:\/\/news.sap.com\/spain\/2021\/09\/los-mayores-desafios-de-la-gestion-del-talento-humano-en-las-empresas\/","title":{"rendered":"Los mayores desaf\u00edos de la gesti\u00f3n del talento humano en las empresas"},"content":{"rendered":"<p class=\"lead\"><span data-contrast=\"none\">El a\u00f1o 2020\u00a0ha\u00a0marcado\u00a0un antes y un despu\u00e9s en la sociedad y, por supuesto,\u00a0tambi\u00e9n\u00a0en las organizaciones. Una de las principales consecuencias\u00a0ha sido\u00a0la\u00a0<\/span><b><span data-contrast=\"none\">aceleraci\u00f3n de la transformaci\u00f3n digital,\u00a0<\/span><\/b><span data-contrast=\"none\">que\u00a0ha\u00a0modificado\u00a0definitivamente los modelos de empresa.\u00a0<\/span><span data-ccp-props=\"{&quot;201341983&quot;:0,&quot;335551550&quot;:6,&quot;335551620&quot;:6,&quot;335559739&quot;:240,&quot;335559740&quot;:276}\">\u00a0<\/span><\/p>\n<p style=\"margin: 0cm;text-align: center\" align=\"center\"><span style=\"font-size: 16.0pt;font-family: 'Arial',sans-serif\">Ebook gratis<\/span><\/p>\n<p style=\"margin: 0cm;text-align: center\" align=\"center\"><strong><span style=\"font-size: 20.0pt;font-family: 'Arial',sans-serif\">La definici\u00f3n del futuro del trabajo<\/span><\/strong><\/p>\n<p align=\"center\"><a href=\"https:\/\/www.sap.com\/spain\/cmp\/dg\/crm-es21-web-inbound1\/index.html\"><img loading=\"lazy\" decoding=\"async\" class=\"alignnone wp-image-3931 size-medium\" src=\"https:\/\/news.sap.com\/spain\/files\/2021\/05\/12\/1622588387775-300x225.jpg\" alt=\"\" width=\"300\" height=\"225\" srcset=\"https:\/\/news.sap.com\/spain\/files\/2021\/05\/12\/1622588387775-300x225.jpg 300w, https:\/\/news.sap.com\/spain\/files\/2021\/05\/12\/1622588387775.jpg 514w\" sizes=\"auto, (max-width: 300px) 100vw, 300px\" \/><\/a><\/p>\n<p style=\"text-align: center\"><a href=\"https:\/\/www.sap.com\/spain\/cmp\/dg\/crm-es21-web-inbound1\/index.html\">DESCARGAR<\/a><\/p>\n<p><span data-contrast=\"none\">La\u00a0<\/span><a href=\"https:\/\/news.sap.com\/spain\/2021\/05\/gestion-del-talento-un-pilar-esencial-para-las-empresas\/\" target=\"_blank\" rel=\"noopener\"><b><span data-contrast=\"none\">gesti\u00f3n del talento humano<\/span><\/b><\/a><span data-contrast=\"none\">\u00a0no es una excepci\u00f3n. Muchos de los cambios que\u00a0se han introducido\u00a0en los departamentos de RR.HH. se han convertido en\u00a0<\/span><b><span data-contrast=\"none\">los mayores desaf\u00edos\u00a0de\u00a0la hoja de ruta de\u00a0muchas\u00a0empresas<\/span><\/b><span data-contrast=\"none\">.<\/span><span data-ccp-props=\"{&quot;201341983&quot;:0,&quot;335551550&quot;:6,&quot;335551620&quot;:6,&quot;335559739&quot;:240,&quot;335559740&quot;:276}\">\u00a0<\/span><\/p>\n<h2><b><span data-contrast=\"none\">Hacia d\u00f3nde se dirige la gesti\u00f3n del talento en las empresas<\/span><\/b><\/h2>\n<p><span data-contrast=\"none\">El informe\u00a0<\/span><a href=\"https:\/\/www.randstad.es\/tendencias360\/las-10-tendencias-clave-de-gestion-de-talento-en-2021\/\" target=\"_blank\" rel=\"noopener\"><i><span data-contrast=\"none\">Talent\u00a0Trends\u00a02021<\/span><\/i><\/a><span data-contrast=\"none\">, elaborado por Randstad\u00a0Sourceright, analiza las tendencias y los\u00a0<\/span><b><span data-contrast=\"none\">retos de la gesti\u00f3n del talento en las empresas<\/span><\/b><span data-contrast=\"none\">\u00a0en la era post COVID-19.\u00a0<\/span><span data-ccp-props=\"{&quot;201341983&quot;:0,&quot;335551550&quot;:6,&quot;335551620&quot;:6,&quot;335559739&quot;:240,&quot;335559740&quot;:276}\">\u00a0<\/span><\/p>\n<p><span data-contrast=\"none\">La\u00a0<\/span><b><span data-contrast=\"none\">diversidad<\/span><\/b><span data-contrast=\"none\">, la\u00a0<\/span><b><span data-contrast=\"none\">inclusi\u00f3n<\/span><\/b><span data-contrast=\"none\">, la\u00a0<\/span><b><span data-contrast=\"none\">flexibilidad<\/span><\/b><span data-contrast=\"none\">\u00a0y la apuesta por el\u00a0<\/span><b><span data-contrast=\"none\">desarrollo de las personas<\/span><\/b><span data-contrast=\"none\">\u00a0son algunas de las claves.<\/span><span data-ccp-props=\"{&quot;201341983&quot;:0,&quot;335551550&quot;:6,&quot;335551620&quot;:6,&quot;335559739&quot;:240,&quot;335559740&quot;:276}\">\u00a0<\/span><\/p>\n<h3><b><span data-contrast=\"none\">M\u00e1s all\u00e1 de la salud: el\u00a0bienestar<\/span><\/b><\/h3>\n<p><span data-contrast=\"none\">Uno de los desaf\u00edos m\u00e1s urgentes a los que\u00a0han tenido\u00a0que enfrentarse las empresas en los \u00faltimos meses\u00a0ha sido\u00a0la salud. Esta emergencia\u00a0ha puesto\u00a0de manifiesto la necesidad de<\/span><b><span data-contrast=\"none\">\u00a0apostar por el bienestar f\u00edsico y emocional,\u00a0como prioridad en el \u00e1mbito laboral<\/span><\/b><span data-contrast=\"none\">.<\/span><span data-ccp-props=\"{&quot;201341983&quot;:0,&quot;335551550&quot;:6,&quot;335551620&quot;:6,&quot;335559739&quot;:240,&quot;335559740&quot;:276}\">\u00a0<\/span><\/p>\n<p><span data-contrast=\"none\">De cara al futuro,\u00a0<\/span><b><span data-contrast=\"none\">gestionar la salud de los trabajadores<\/span><\/b><span data-contrast=\"none\">\u00a0con eficacia servir\u00e1 para atraer y retener talento en las empresas, lo que implica\u00a0una\u00a0<\/span><b><span data-contrast=\"none\">mayor productividad y, por tanto, mayores beneficios.<\/span><\/b><span data-ccp-props=\"{&quot;201341983&quot;:0,&quot;335551550&quot;:6,&quot;335551620&quot;:6,&quot;335559739&quot;:240,&quot;335559740&quot;:276}\">\u00a0<\/span><\/p>\n<h3><b><span data-contrast=\"none\">Flexibilidad para aumentar la productividad<\/span><\/b><\/h3>\n<p><span data-contrast=\"none\">El<\/span><b><span data-contrast=\"none\">\u00a0teletrabajo<\/span><\/b><span data-contrast=\"none\">, que hasta ahora era residual, ha evidenciado las ventajas de eliminar las fronteras en la ubicaci\u00f3n del talento. Los empleados tambi\u00e9n se han beneficiado de esta modalidad porque les ha permitido una\u00a0<\/span><b><span data-contrast=\"none\">mayor conciliaci\u00f3n de la vida familiar y laboral.\u00a0<\/span><\/b><span data-ccp-props=\"{&quot;201341983&quot;:0,&quot;335551550&quot;:6,&quot;335551620&quot;:6,&quot;335559739&quot;:240,&quot;335559740&quot;:276}\">\u00a0<\/span><\/p>\n<p><span data-contrast=\"none\">El<\/span><b><span data-contrast=\"none\">\u00a0desarrollo del talento humano en las organizaciones<\/span><\/b><span data-contrast=\"none\">\u00a0siempre busca la agilidad. Ahora,\u00a0el reto es mantener la flexibilidad para que la empresa est\u00e9 preparada ante cualquier eventualidad.\u00a0<\/span><span data-ccp-props=\"{&quot;201341983&quot;:0,&quot;335551550&quot;:6,&quot;335551620&quot;:6,&quot;335559739&quot;:240,&quot;335559740&quot;:276}\">\u00a0<\/span><\/p>\n<h3><b><span data-contrast=\"none\">Priorizar la calidad del capital humano<\/span><\/b><span data-ccp-props=\"{&quot;201341983&quot;:0,&quot;335551550&quot;:6,&quot;335551620&quot;:6,&quot;335559738&quot;:320,&quot;335559739&quot;:80,&quot;335559740&quot;:276}\">\u00a0<\/span><\/h3>\n<p><span data-contrast=\"none\">Las\u00a0<\/span><a href=\"https:\/\/news.sap.com\/spain\/2020\/11\/15-tendencias-en-la-gestion-de-recursos-humanos\/\" target=\"_blank\" rel=\"noopener\"><b><span data-contrast=\"none\">estrategias de\u00a0recursos humanos<\/span><\/b><\/a><span data-contrast=\"none\">\u00a0<\/span><span data-contrast=\"none\">se tendr\u00e1n que centrar m\u00e1s en las competencias, habilidades, conocimientos y aptitudes, ya que es lo que realmente aporta valor a largo plazo.\u00a0<\/span><span data-ccp-props=\"{&quot;201341983&quot;:0,&quot;335551550&quot;:6,&quot;335551620&quot;:6,&quot;335559739&quot;:240,&quot;335559740&quot;:276}\">\u00a0<\/span><\/p>\n<p><span data-contrast=\"none\">El\u00a0<\/span><b><i><span data-contrast=\"none\">reskilling<\/span><\/i><\/b><i><span data-contrast=\"none\">\u00a0<\/span><\/i><span data-contrast=\"none\">y el\u00a0<\/span><b><i><span data-contrast=\"none\">upskilling<\/span><\/i><\/b><i><span data-contrast=\"none\">\u00a0<\/span><\/i><span data-contrast=\"none\">son dos tendencias que se han convertido en\u00a0<\/span><b><span data-contrast=\"none\">objetivos prioritarios\u00a0de\u00a0la gesti\u00f3n del talento en las empresas<\/span><\/b><span data-contrast=\"none\">. El reciclaje y el desarrollo de las personas dentro de las organizaciones son fundamentales para disponer de equipos resilientes,\u00a0<\/span><b><span data-contrast=\"none\">capacitados para asumir nuevas funciones<\/span><\/b><span data-contrast=\"none\">\u00a0y preparados para\u00a0<\/span><b><span data-contrast=\"none\">adaptarse a los cambios<\/span><\/b><span data-contrast=\"none\">.\u00a0<\/span><span data-ccp-props=\"{&quot;201341983&quot;:0,&quot;335551550&quot;:6,&quot;335551620&quot;:6,&quot;335559739&quot;:240,&quot;335559740&quot;:276}\">\u00a0<\/span><\/p>\n<h3><b><span data-contrast=\"none\">La imprescindible transformaci\u00f3n digital<\/span><\/b><\/h3>\n<p><span data-contrast=\"none\">La\u00a0<\/span><b><span data-contrast=\"none\">aceleraci\u00f3n forzosa de la transformaci\u00f3n digital<\/span><\/b><span data-contrast=\"none\">\u00a0a causa de la pandemia es un hecho innegable. A partir de ahora, uno de los mayores desaf\u00edos es no detenerse.\u00a0<\/span><span data-ccp-props=\"{&quot;201341983&quot;:0,&quot;335551550&quot;:6,&quot;335551620&quot;:6,&quot;335559739&quot;:240,&quot;335559740&quot;:276}\">\u00a0<\/span><\/p>\n<p><span data-contrast=\"none\">La tecnolog\u00eda\u00a0ha demostrado c\u00f3mo puede\u00a0<\/span><b><span data-contrast=\"none\">ayudar a las empresas a aumentar sus ganancias<\/span><\/b><span data-contrast=\"none\">\u00a0y, en el peor de los escenarios, a mantener las cifras de negocio.<\/span><span data-ccp-props=\"{&quot;201341983&quot;:0,&quot;335551550&quot;:6,&quot;335551620&quot;:6,&quot;335559739&quot;:240,&quot;335559740&quot;:276}\">\u00a0<\/span><\/p>\n<p><span data-contrast=\"none\">Las\u00a0<\/span><a href=\"https:\/\/www.sap.com\/spain\/products\/human-resources-hcm\/talent-management.html\" target=\"_blank\" rel=\"noopener\"><b><span data-contrast=\"none\">soluciones de gesti\u00f3n del talento<\/span><\/b><\/a><span data-contrast=\"none\">\u00a0como\u00a0<\/span><b><span data-contrast=\"none\">麻豆原创\u00a0SuccessFactors<\/span><\/b><span data-contrast=\"none\">\u00a0<\/span><span data-contrast=\"none\">proporcionan herramientas para dar el impulso definitivo a los RR.HH. de las organizaciones:\u00a0<\/span><b><span data-contrast=\"none\">contratar\u00a0a\u00a0los mejores candidatos, fomentar el compromiso de los trabajadores<\/span><\/b><span data-contrast=\"none\">,\u00a0<\/span><b><span data-contrast=\"none\">desarrollar nuevas habilidades<\/span><\/b><span data-contrast=\"none\">\u00a0y poner en valor la\u00a0<\/span><b><span data-contrast=\"none\">experiencia de empleado<\/span><\/b><span data-contrast=\"none\">.\u00a0<\/span><span data-ccp-props=\"{&quot;201341983&quot;:0,&quot;335551550&quot;:6,&quot;335551620&quot;:6,&quot;335559739&quot;:240,&quot;335559740&quot;:276}\">\u00a0<\/span><\/p>\n<h3><b><span data-contrast=\"none\">Diversidad e inclusi\u00f3n<\/span><\/b><\/h3>\n<p><span data-contrast=\"none\">Las\u00a0<\/span><b><span data-contrast=\"none\">pol\u00edticas de RSC<\/span><\/b><span data-contrast=\"none\">\u00a0no solo se deben centrar en cuestiones de sostenibilidad o solidaridad con los m\u00e1s desfavorecidos. Cada vez m\u00e1s, las empresas tienden a\u00a0<\/span><b><span data-contrast=\"none\">impulsar medidas laborales de diversidad e inclusi\u00f3n<\/span><\/b><span data-contrast=\"none\">\u00a0como valor a\u00f1adido.\u00a0<\/span><span data-ccp-props=\"{&quot;201341983&quot;:0,&quot;335551550&quot;:6,&quot;335551620&quot;:6,&quot;335559739&quot;:240,&quot;335559740&quot;:276}\">\u00a0<\/span><\/p>\n<p><span data-contrast=\"none\">Contar con un entorno inclusivo no solo es una cuesti\u00f3n de responsabilidad social, es un desaf\u00edo que ayuda a atraer y retener talento y que, sin duda,<\/span><b><span data-contrast=\"none\">\u00a0mejora la imagen corporativa de las organizaciones.<\/span><\/b><span data-contrast=\"none\">\u00a0<\/span><span data-ccp-props=\"{&quot;201341983&quot;:0,&quot;335551550&quot;:6,&quot;335551620&quot;:6,&quot;335559739&quot;:240,&quot;335559740&quot;:276}\">\u00a0<\/span><\/p>\n<p><span data-contrast=\"none\">La\u00a0fuerza laboral con la que cuentan las organizaciones es la clave para que avancen en el logro de\u00a0sus\u00a0objetivos. Los\u00a0<\/span><b><span data-contrast=\"none\">nuevos desaf\u00edos en la gesti\u00f3n del talento humano\u00a0<\/span><\/b><span data-contrast=\"none\">pasan por un mayor compromiso de la empresa con el empleado y viceversa.<\/span><span data-ccp-props=\"{&quot;201341983&quot;:0,&quot;335551550&quot;:6,&quot;335551620&quot;:6,&quot;335559739&quot;:240,&quot;335559740&quot;:276}\">\u00a0<\/span><\/p>\n<p>&nbsp;<\/p>\n<hr \/>\n<p><a href=\"https:\/\/www.instagram.com\/sapspain\/\">Instagram<\/a>\u00a0\/\u00a0<a href=\"https:\/\/www.facebook.com\/麻豆原创\/\">Facebook<\/a>\u00a0\/\u00a0<a href=\"https:\/\/twitter.com\/sapspain?lang=es\">Twitter<\/a>\u00a0\/\u00a0<a href=\"https:\/\/www.linkedin.com\/company\/sap\/\">LinkedIn<\/a><\/p>\n<hr \/>\n<p>\u00a9 2020 麻豆原创 SE. All rights reserved. 麻豆原创 and other 麻豆原创 products and services mentioned herein as well as their respective logos are trademarks or registered trademarks of 麻豆原创 SE in Germany and other countries. Please see\u00a0<a href=\"http:\/\/www.sap.com\/corporate-en\/legal\/copyright\/index.epx#trademark\">http:\/\/www.sap.com\/corporate-en\/legal\/copyright\/index.epx#trademark<\/a>\u00a0for additional trademark information and notices.<\/p>\n","protected":false},"excerpt":{"rendered":"<p>El a\u00f1o 2020\u00a0ha\u00a0marcado\u00a0un antes y un despu\u00e9s en la sociedad y, por supuesto,\u00a0tambi\u00e9n\u00a0en las organizaciones. Una de las principales consecuencias\u00a0ha sido\u00a0la\u00a0aceleraci\u00f3n de la transformaci\u00f3n digital,\u00a0que\u00a0ha\u00a0modificado\u00a0definitivamente&#8230;<\/p>\n","protected":false},"author":3372,"featured_media":3846,"comment_status":"closed","ping_status":"closed","sticky":false,"template":"","format":"standard","meta":{"footnotes":"","_links_to":"","_links_to_target":""},"categories":[5562511],"tags":[5563326],"sapn-display":[5563695,5563693,60294],"sapn-type":[5562504],"class_list":["post-4359","post","type-post","status-publish","format-standard","has-post-thumbnail","hentry","category-gestion-de-capital-humano","tag-recursos-humanos","sapn-display-articulo-hero","sapn-display-articulo-spotlight","sapn-display-topic-hero","sapn-type-articulo"],"yoast_head":"<!-- This site is optimized with the Yoast SEO Premium plugin v26.9 (Yoast SEO v26.9) - https:\/\/yoast.com\/product\/yoast-seo-premium-wordpress\/ -->\n<title>Los mayores desaf\u00edos de la gesti\u00f3n del talento humano en las empresas - 麻豆原创 Espa\u00f1a News Center<\/title>\n<meta name=\"description\" content=\"La aceleraci\u00f3n de la transformaci\u00f3n digital de las empresas ha supuesto un importante desaf\u00edo en los departamentos de gesti\u00f3n del talento humano.\" \/>\n<meta name=\"robots\" content=\"index, follow, max-snippet:-1, max-image-preview:large, max-video-preview:-1\" \/>\n<link rel=\"canonical\" href=\"https:\/\/news.sap.com\/spain\/2021\/09\/los-mayores-desafios-de-la-gestion-del-talento-humano-en-las-empresas\/\" \/>\n<meta property=\"og:locale\" content=\"es_ES\" \/>\n<meta property=\"og:type\" content=\"article\" \/>\n<meta property=\"og:title\" content=\"Los mayores desaf\u00edos de la gesti\u00f3n del talento humano en las empresas\" \/>\n<meta property=\"og:description\" content=\"La aceleraci\u00f3n de la transformaci\u00f3n digital de las empresas ha supuesto un importante desaf\u00edo en los departamentos de gesti\u00f3n del talento humano.\" \/>\n<meta property=\"og:url\" content=\"https:\/\/news.sap.com\/spain\/2021\/09\/los-mayores-desafios-de-la-gestion-del-talento-humano-en-las-empresas\/\" \/>\n<meta property=\"og:site_name\" content=\"麻豆原创 Espa\u00f1a News Center\" \/>\n<meta property=\"article:published_time\" content=\"2021-09-28T08:24:21+00:00\" \/>\n<meta property=\"article:modified_time\" content=\"2023-10-16T16:19:01+00:00\" \/>\n<meta property=\"og:image\" content=\"https:\/\/news.sap.com\/spain\/files\/2021\/05\/17\/283010_GettyImages-707441211_2600.jpg\" \/>\n\t<meta property=\"og:image:width\" content=\"2600\" \/>\n\t<meta property=\"og:image:height\" content=\"1733\" \/>\n\t<meta property=\"og:image:type\" content=\"image\/jpeg\" \/>\n<meta name=\"author\" content=\"麻豆原创 Espa\u00f1a\" \/>\n<meta name=\"twitter:card\" content=\"summary_large_image\" \/>\n<meta name=\"twitter:label1\" content=\"Escrito por\" \/>\n\t<meta name=\"twitter:data1\" content=\"麻豆原创 Espa\u00f1a\" \/>\n\t<meta name=\"twitter:label2\" content=\"Tiempo de lectura\" \/>\n\t<meta name=\"twitter:data2\" content=\"4 minutos\" \/>\n<script type=\"application\/ld+json\" class=\"yoast-schema-graph\">{\"@context\":\"https:\/\/schema.org\",\"@graph\":[{\"@type\":\"Article\",\"@id\":\"https:\/\/news.sap.com\/spain\/2021\/09\/los-mayores-desafios-de-la-gestion-del-talento-humano-en-las-empresas\/#article\",\"isPartOf\":{\"@id\":\"https:\/\/news.sap.com\/spain\/2021\/09\/los-mayores-desafios-de-la-gestion-del-talento-humano-en-las-empresas\/\"},\"author\":{\"name\":\"麻豆原创 Espa\u00f1a\",\"@id\":\"https:\/\/news.sap.com\/spain\/#\/schema\/person\/4573e2beeb96fc44e819e7f7b2923465\"},\"headline\":\"Los mayores desaf\u00edos de la gesti\u00f3n del talento humano en las empresas\",\"datePublished\":\"2021-09-28T08:24:21+00:00\",\"dateModified\":\"2023-10-16T16:19:01+00:00\",\"mainEntityOfPage\":{\"@id\":\"https:\/\/news.sap.com\/spain\/2021\/09\/los-mayores-desafios-de-la-gestion-del-talento-humano-en-las-empresas\/\"},\"wordCount\":722,\"image\":{\"@id\":\"https:\/\/news.sap.com\/spain\/2021\/09\/los-mayores-desafios-de-la-gestion-del-talento-humano-en-las-empresas\/#primaryimage\"},\"thumbnailUrl\":\"https:\/\/news.sap.com\/spain\/files\/2021\/05\/17\/283010_GettyImages-707441211_2600.jpg\",\"keywords\":[\"Recursos Humanos\"],\"articleSection\":[\"Gesti\u00f3n de capital humano\"],\"inLanguage\":\"es\"},{\"@type\":\"WebPage\",\"@id\":\"https:\/\/news.sap.com\/spain\/2021\/09\/los-mayores-desafios-de-la-gestion-del-talento-humano-en-las-empresas\/\",\"url\":\"https:\/\/news.sap.com\/spain\/2021\/09\/los-mayores-desafios-de-la-gestion-del-talento-humano-en-las-empresas\/\",\"name\":\"Los mayores desaf\u00edos de la gesti\u00f3n del talento humano en las empresas - 麻豆原创 Espa\u00f1a News Center\",\"isPartOf\":{\"@id\":\"https:\/\/news.sap.com\/spain\/#website\"},\"primaryImageOfPage\":{\"@id\":\"https:\/\/news.sap.com\/spain\/2021\/09\/los-mayores-desafios-de-la-gestion-del-talento-humano-en-las-empresas\/#primaryimage\"},\"image\":{\"@id\":\"https:\/\/news.sap.com\/spain\/2021\/09\/los-mayores-desafios-de-la-gestion-del-talento-humano-en-las-empresas\/#primaryimage\"},\"thumbnailUrl\":\"https:\/\/news.sap.com\/spain\/files\/2021\/05\/17\/283010_GettyImages-707441211_2600.jpg\",\"datePublished\":\"2021-09-28T08:24:21+00:00\",\"dateModified\":\"2023-10-16T16:19:01+00:00\",\"author\":{\"@id\":\"https:\/\/news.sap.com\/spain\/#\/schema\/person\/4573e2beeb96fc44e819e7f7b2923465\"},\"description\":\"La aceleraci\u00f3n de la transformaci\u00f3n digital de las empresas ha supuesto un importante desaf\u00edo en los departamentos de gesti\u00f3n del talento humano.\",\"breadcrumb\":{\"@id\":\"https:\/\/news.sap.com\/spain\/2021\/09\/los-mayores-desafios-de-la-gestion-del-talento-humano-en-las-empresas\/#breadcrumb\"},\"inLanguage\":\"es\",\"potentialAction\":[{\"@type\":\"ReadAction\",\"target\":[\"https:\/\/news.sap.com\/spain\/2021\/09\/los-mayores-desafios-de-la-gestion-del-talento-humano-en-las-empresas\/\"]}]},{\"@type\":\"ImageObject\",\"inLanguage\":\"es\",\"@id\":\"https:\/\/news.sap.com\/spain\/2021\/09\/los-mayores-desafios-de-la-gestion-del-talento-humano-en-las-empresas\/#primaryimage\",\"url\":\"https:\/\/news.sap.com\/spain\/files\/2021\/05\/17\/283010_GettyImages-707441211_2600.jpg\",\"contentUrl\":\"https:\/\/news.sap.com\/spain\/files\/2021\/05\/17\/283010_GettyImages-707441211_2600.jpg\",\"width\":2600,\"height\":1733,\"caption\":\"Portrait of toddler, father on background\"},{\"@type\":\"BreadcrumbList\",\"@id\":\"https:\/\/news.sap.com\/spain\/2021\/09\/los-mayores-desafios-de-la-gestion-del-talento-humano-en-las-empresas\/#breadcrumb\",\"itemListElement\":[{\"@type\":\"ListItem\",\"position\":1,\"name\":\"Home\",\"item\":\"https:\/\/news.sap.com\/spain\/\"},{\"@type\":\"ListItem\",\"position\":2,\"name\":\"Los mayores desaf\u00edos de la gesti\u00f3n del talento humano en las empresas\"}]},{\"@type\":\"WebSite\",\"@id\":\"https:\/\/news.sap.com\/spain\/#website\",\"url\":\"https:\/\/news.sap.com\/spain\/\",\"name\":\"麻豆原创 Espa\u00f1a News Center\",\"description\":\"Noticias e informaci\u00f3n sobre 麻豆原创\",\"potentialAction\":[{\"@type\":\"SearchAction\",\"target\":{\"@type\":\"EntryPoint\",\"urlTemplate\":\"https:\/\/news.sap.com\/spain\/?s={search_term_string}\"},\"query-input\":{\"@type\":\"PropertyValueSpecification\",\"valueRequired\":true,\"valueName\":\"search_term_string\"}}],\"inLanguage\":\"es\"},{\"@type\":\"Person\",\"@id\":\"https:\/\/news.sap.com\/spain\/#\/schema\/person\/4573e2beeb96fc44e819e7f7b2923465\",\"name\":\"麻豆原创 Espa\u00f1a\",\"image\":{\"@type\":\"ImageObject\",\"inLanguage\":\"es\",\"@id\":\"https:\/\/news.sap.com\/spain\/#\/schema\/person\/image\/\",\"url\":\"https:\/\/news.sap.com\/spain\/wp-content\/plugins\/wp-user-avatars\/wp-user-avatars\/assets\/images\/mystery.jpg\",\"contentUrl\":\"https:\/\/news.sap.com\/spain\/wp-content\/plugins\/wp-user-avatars\/wp-user-avatars\/assets\/images\/mystery.jpg\",\"caption\":\"麻豆原创 Espa\u00f1a\"},\"url\":\"https:\/\/news.sap.com\/spain\/author\/sapespana\/\"}]}<\/script>\n<!-- \/ Yoast SEO Premium plugin. -->","yoast_head_json":{"title":"Los mayores desaf\u00edos de la gesti\u00f3n del talento humano en las empresas - 麻豆原创 Espa\u00f1a News Center","description":"La aceleraci\u00f3n de la transformaci\u00f3n digital de las empresas ha supuesto un importante desaf\u00edo en los departamentos de gesti\u00f3n del talento humano.","robots":{"index":"index","follow":"follow","max-snippet":"max-snippet:-1","max-image-preview":"max-image-preview:large","max-video-preview":"max-video-preview:-1"},"canonical":"https:\/\/news.sap.com\/spain\/2021\/09\/los-mayores-desafios-de-la-gestion-del-talento-humano-en-las-empresas\/","og_locale":"es_ES","og_type":"article","og_title":"Los mayores desaf\u00edos de la gesti\u00f3n del talento humano en las empresas","og_description":"La aceleraci\u00f3n de la transformaci\u00f3n digital de las empresas ha supuesto un importante desaf\u00edo en los departamentos de gesti\u00f3n del talento humano.","og_url":"https:\/\/news.sap.com\/spain\/2021\/09\/los-mayores-desafios-de-la-gestion-del-talento-humano-en-las-empresas\/","og_site_name":"麻豆原创 Espa\u00f1a News Center","article_published_time":"2021-09-28T08:24:21+00:00","article_modified_time":"2023-10-16T16:19:01+00:00","og_image":[{"width":2600,"height":1733,"url":"https:\/\/news.sap.com\/spain\/files\/2021\/05\/17\/283010_GettyImages-707441211_2600.jpg","type":"image\/jpeg"}],"author":"麻豆原创 Espa\u00f1a","twitter_card":"summary_large_image","twitter_misc":{"Escrito por":"麻豆原创 Espa\u00f1a","Tiempo de lectura":"4 minutos"},"schema":{"@context":"https:\/\/schema.org","@graph":[{"@type":"Article","@id":"https:\/\/news.sap.com\/spain\/2021\/09\/los-mayores-desafios-de-la-gestion-del-talento-humano-en-las-empresas\/#article","isPartOf":{"@id":"https:\/\/news.sap.com\/spain\/2021\/09\/los-mayores-desafios-de-la-gestion-del-talento-humano-en-las-empresas\/"},"author":{"name":"麻豆原创 Espa\u00f1a","@id":"https:\/\/news.sap.com\/spain\/#\/schema\/person\/4573e2beeb96fc44e819e7f7b2923465"},"headline":"Los mayores desaf\u00edos de la gesti\u00f3n del talento humano en las empresas","datePublished":"2021-09-28T08:24:21+00:00","dateModified":"2023-10-16T16:19:01+00:00","mainEntityOfPage":{"@id":"https:\/\/news.sap.com\/spain\/2021\/09\/los-mayores-desafios-de-la-gestion-del-talento-humano-en-las-empresas\/"},"wordCount":722,"image":{"@id":"https:\/\/news.sap.com\/spain\/2021\/09\/los-mayores-desafios-de-la-gestion-del-talento-humano-en-las-empresas\/#primaryimage"},"thumbnailUrl":"https:\/\/news.sap.com\/spain\/files\/2021\/05\/17\/283010_GettyImages-707441211_2600.jpg","keywords":["Recursos Humanos"],"articleSection":["Gesti\u00f3n de capital humano"],"inLanguage":"es"},{"@type":"WebPage","@id":"https:\/\/news.sap.com\/spain\/2021\/09\/los-mayores-desafios-de-la-gestion-del-talento-humano-en-las-empresas\/","url":"https:\/\/news.sap.com\/spain\/2021\/09\/los-mayores-desafios-de-la-gestion-del-talento-humano-en-las-empresas\/","name":"Los mayores desaf\u00edos de la gesti\u00f3n del talento humano en las empresas - 麻豆原创 Espa\u00f1a News Center","isPartOf":{"@id":"https:\/\/news.sap.com\/spain\/#website"},"primaryImageOfPage":{"@id":"https:\/\/news.sap.com\/spain\/2021\/09\/los-mayores-desafios-de-la-gestion-del-talento-humano-en-las-empresas\/#primaryimage"},"image":{"@id":"https:\/\/news.sap.com\/spain\/2021\/09\/los-mayores-desafios-de-la-gestion-del-talento-humano-en-las-empresas\/#primaryimage"},"thumbnailUrl":"https:\/\/news.sap.com\/spain\/files\/2021\/05\/17\/283010_GettyImages-707441211_2600.jpg","datePublished":"2021-09-28T08:24:21+00:00","dateModified":"2023-10-16T16:19:01+00:00","author":{"@id":"https:\/\/news.sap.com\/spain\/#\/schema\/person\/4573e2beeb96fc44e819e7f7b2923465"},"description":"La aceleraci\u00f3n de la transformaci\u00f3n digital de las empresas ha supuesto un importante desaf\u00edo en los departamentos de gesti\u00f3n del talento humano.","breadcrumb":{"@id":"https:\/\/news.sap.com\/spain\/2021\/09\/los-mayores-desafios-de-la-gestion-del-talento-humano-en-las-empresas\/#breadcrumb"},"inLanguage":"es","potentialAction":[{"@type":"ReadAction","target":["https:\/\/news.sap.com\/spain\/2021\/09\/los-mayores-desafios-de-la-gestion-del-talento-humano-en-las-empresas\/"]}]},{"@type":"ImageObject","inLanguage":"es","@id":"https:\/\/news.sap.com\/spain\/2021\/09\/los-mayores-desafios-de-la-gestion-del-talento-humano-en-las-empresas\/#primaryimage","url":"https:\/\/news.sap.com\/spain\/files\/2021\/05\/17\/283010_GettyImages-707441211_2600.jpg","contentUrl":"https:\/\/news.sap.com\/spain\/files\/2021\/05\/17\/283010_GettyImages-707441211_2600.jpg","width":2600,"height":1733,"caption":"Portrait of toddler, father on background"},{"@type":"BreadcrumbList","@id":"https:\/\/news.sap.com\/spain\/2021\/09\/los-mayores-desafios-de-la-gestion-del-talento-humano-en-las-empresas\/#breadcrumb","itemListElement":[{"@type":"ListItem","position":1,"name":"Home","item":"https:\/\/news.sap.com\/spain\/"},{"@type":"ListItem","position":2,"name":"Los mayores desaf\u00edos de la gesti\u00f3n del talento humano en las empresas"}]},{"@type":"WebSite","@id":"https:\/\/news.sap.com\/spain\/#website","url":"https:\/\/news.sap.com\/spain\/","name":"麻豆原创 Espa\u00f1a News Center","description":"Noticias e informaci\u00f3n sobre 麻豆原创","potentialAction":[{"@type":"SearchAction","target":{"@type":"EntryPoint","urlTemplate":"https:\/\/news.sap.com\/spain\/?s={search_term_string}"},"query-input":{"@type":"PropertyValueSpecification","valueRequired":true,"valueName":"search_term_string"}}],"inLanguage":"es"},{"@type":"Person","@id":"https:\/\/news.sap.com\/spain\/#\/schema\/person\/4573e2beeb96fc44e819e7f7b2923465","name":"麻豆原创 Espa\u00f1a","image":{"@type":"ImageObject","inLanguage":"es","@id":"https:\/\/news.sap.com\/spain\/#\/schema\/person\/image\/","url":"https:\/\/news.sap.com\/spain\/wp-content\/plugins\/wp-user-avatars\/wp-user-avatars\/assets\/images\/mystery.jpg","contentUrl":"https:\/\/news.sap.com\/spain\/wp-content\/plugins\/wp-user-avatars\/wp-user-avatars\/assets\/images\/mystery.jpg","caption":"麻豆原创 Espa\u00f1a"},"url":"https:\/\/news.sap.com\/spain\/author\/sapespana\/"}]}},"amp_enabled":true,"_links":{"self":[{"href":"https:\/\/news.sap.com\/spain\/wp-json\/wp\/v2\/posts\/4359","targetHints":{"allow":["GET"]}}],"collection":[{"href":"https:\/\/news.sap.com\/spain\/wp-json\/wp\/v2\/posts"}],"about":[{"href":"https:\/\/news.sap.com\/spain\/wp-json\/wp\/v2\/types\/post"}],"author":[{"embeddable":true,"href":"https:\/\/news.sap.com\/spain\/wp-json\/wp\/v2\/users\/3372"}],"replies":[{"embeddable":true,"href":"https:\/\/news.sap.com\/spain\/wp-json\/wp\/v2\/comments?post=4359"}],"version-history":[{"count":0,"href":"https:\/\/news.sap.com\/spain\/wp-json\/wp\/v2\/posts\/4359\/revisions"}],"wp:featuredmedia":[{"embeddable":true,"href":"https:\/\/news.sap.com\/spain\/wp-json\/wp\/v2\/media\/3846"}],"wp:attachment":[{"href":"https:\/\/news.sap.com\/spain\/wp-json\/wp\/v2\/media?parent=4359"}],"wp:term":[{"taxonomy":"category","embeddable":true,"href":"https:\/\/news.sap.com\/spain\/wp-json\/wp\/v2\/categories?post=4359"},{"taxonomy":"post_tag","embeddable":true,"href":"https:\/\/news.sap.com\/spain\/wp-json\/wp\/v2\/tags?post=4359"},{"taxonomy":"sapn-display","embeddable":true,"href":"https:\/\/news.sap.com\/spain\/wp-json\/wp\/v2\/sapn-display?post=4359"},{"taxonomy":"sapn-type","embeddable":true,"href":"https:\/\/news.sap.com\/spain\/wp-json\/wp\/v2\/sapn-type?post=4359"}],"curies":[{"name":"wp","href":"https:\/\/api.w.org\/{rel}","templated":true}]}}