  {"id":4306,"date":"2021-09-15T11:04:40","date_gmt":"2021-09-15T11:04:40","guid":{"rendered":"https:\/\/news.sap.com\/spain\/?p=4306"},"modified":"2023-10-16T16:19:08","modified_gmt":"2023-10-16T16:19:08","slug":"proximas-tendencias-en-responsabilidad-social-corporativa-en-espana","status":"publish","type":"post","link":"https:\/\/news.sap.com\/spain\/2021\/09\/proximas-tendencias-en-responsabilidad-social-corporativa-en-espana\/","title":{"rendered":"Pr\u00f3ximas tendencias en responsabilidad social corporativa en Espa\u00f1a"},"content":{"rendered":"<p class=\"lead\"><span data-contrast=\"none\">Una de las lecciones m\u00e1s importantes que nos ha dejado la pandemia es que las personas son lo primero, tambi\u00e9n en las empresas. Las organizaciones est\u00e1n apostando por una evoluci\u00f3n hacia\u00a0<\/span><b><span data-contrast=\"none\">nuevas tendencias en responsabilidad social corporativa<\/span><\/b><span data-contrast=\"none\">\u00a0para ayudar a la sociedad de la que forman parte.<\/span><span data-ccp-props=\"{&quot;201341983&quot;:0,&quot;335551550&quot;:1,&quot;335551620&quot;:1,&quot;335559739&quot;:240,&quot;335559740&quot;:276}\">\u00a0<\/span><\/p>\n<p style=\"margin: 0cm;text-align: center\" align=\"center\"><span style=\"font-size: 16.0pt;font-family: 'Arial',sans-serif\">Ebook gratis<\/span><\/p>\n<p style=\"margin: 0cm;text-align: center\" align=\"center\"><strong><span style=\"font-size: 20.0pt;font-family: 'Arial',sans-serif\">5 tendencias clave para tu negocio en 2021<\/span><\/strong><\/p>\n<p align=\"center\"><a href=\"https:\/\/www.sap.com\/spain\/cmp\/dg\/crm-es21-web-inbound\/index.html\"><img loading=\"lazy\" decoding=\"async\" class=\"alignnone wp-image-3927 size-medium\" src=\"https:\/\/news.sap.com\/spain\/files\/2021\/05\/28\/1622588170847-300x225.jpg\" alt=\"\" width=\"300\" height=\"225\" srcset=\"https:\/\/news.sap.com\/spain\/files\/2021\/05\/28\/1622588170847-300x225.jpg 300w, https:\/\/news.sap.com\/spain\/files\/2021\/05\/28\/1622588170847.jpg 514w\" sizes=\"auto, (max-width: 300px) 100vw, 300px\" \/><\/a><\/p>\n<p style=\"text-align: center\"><a href=\"https:\/\/www.sap.com\/spain\/cmp\/dg\/crm-es21-web-inbound\/index.html\">DESCARGAR<\/a><\/p>\n<h2><b><span data-contrast=\"none\">El impacto de la RSC en Espa\u00f1a<\/span><\/b><\/h2>\n<p><span data-contrast=\"none\">Los\u00a0<\/span><b><span data-contrast=\"none\">modelos RSC o de responsabilidad social corporativa<\/span><\/b><span data-contrast=\"none\">\u00a0buscan\u00a0<\/span><b><span data-contrast=\"none\">contribuir a una\u00a0sociedad m\u00e1s inclusiva y una econom\u00eda m\u00e1s competitiva y sostenible<\/span><\/b><span data-contrast=\"none\">. En los \u00faltimos a\u00f1os, la\u00a0<\/span><b><span data-contrast=\"none\">RSC en Espa\u00f1a<\/span><\/b><span data-contrast=\"none\">\u00a0est\u00e1 evolucionando hacia una\u00a0estrategia empresarial\u00a0en la que\u00a0<\/span><b><span data-contrast=\"none\">el impacto social est\u00e1 ganando posiciones<\/span><\/b><span data-contrast=\"none\">.\u00a0<\/span><span data-ccp-props=\"{&quot;201341983&quot;:0,&quot;335551550&quot;:1,&quot;335551620&quot;:1,&quot;335559739&quot;:240,&quot;335559740&quot;:276}\">\u00a0<\/span><\/p>\n<p><span data-contrast=\"none\">El\u00a0<\/span><a href=\"https:\/\/www2.deloitte.com\/es\/es\/pages\/about-deloitte\/articles\/informe-impacto-social-empresas.html\" target=\"_blank\" rel=\"noopener\"><span data-contrast=\"none\">VII Informe del impacto social de las empresas<\/span><\/a><span data-contrast=\"none\">,\u00a0realizado por la Fundaci\u00f3n SERES y Deloitte, analiza diversos\u00a0<\/span><b><span data-contrast=\"none\">modelos de responsabilidad social corporativa en Espa\u00f1a<\/span><\/b><span data-contrast=\"none\">\u00a0e identifica las tendencias\u00a0m\u00e1s destacadas\u00a0para los pr\u00f3ximos a\u00f1os.<\/span><span data-ccp-props=\"{&quot;201341983&quot;:0,&quot;335551550&quot;:1,&quot;335551620&quot;:1,&quot;335559739&quot;:240,&quot;335559740&quot;:276}\">\u00a0<\/span><\/p>\n<p><span data-contrast=\"none\">Del estudio se obtienen interesantes datos sobre el\u00a0<\/span><b><span data-contrast=\"none\">impacto de la RSC en Espa\u00f1a<\/span><\/b><span data-contrast=\"none\">:<\/span><span data-ccp-props=\"{&quot;201341983&quot;:0,&quot;335551550&quot;:1,&quot;335551620&quot;:1,&quot;335559739&quot;:240,&quot;335559740&quot;:276}\">\u00a0<\/span><\/p>\n<ul>\n<li data-leveltext=\"\u25cf\" data-font=\"Calibri\" data-listid=\"1\" data-aria-posinset=\"1\" data-aria-level=\"1\"><span data-contrast=\"none\">La\u00a0<\/span><b><span data-contrast=\"none\">inversi\u00f3n en RSC\u00a0en Espa\u00f1a crece a\u00f1o tras a\u00f1o<\/span><\/b><span data-contrast=\"none\">.<\/span><span data-ccp-props=\"{&quot;201341983&quot;:0,&quot;335551550&quot;:1,&quot;335551620&quot;:1,&quot;335559739&quot;:240,&quot;335559740&quot;:276}\">\u00a0<\/span><\/li>\n<li data-leveltext=\"\u25cf\" data-font=\"Calibri\" data-listid=\"1\" data-aria-posinset=\"2\" data-aria-level=\"1\"><span data-contrast=\"none\">Las\u00a0<\/span><b><span data-contrast=\"none\">empresas espa\u00f1olas invirtieron m\u00e1s de<\/span><\/b><span data-contrast=\"none\">\u00a0<\/span><b><span data-contrast=\"none\">doscientos millones de euros<\/span><\/b><span data-contrast=\"none\">\u00a0en iniciativas sociales para combatir la pandemia.<\/span><span data-ccp-props=\"{&quot;201341983&quot;:0,&quot;335551550&quot;:1,&quot;335551620&quot;:1,&quot;335559739&quot;:240,&quot;335559740&quot;:276}\">\u00a0<\/span><\/li>\n<\/ul>\n<ul>\n<li data-leveltext=\"\u25cf\" data-font=\"Calibri\" data-listid=\"1\" data-aria-posinset=\"1\" data-aria-level=\"1\"><span data-contrast=\"none\">Los\u00a0<\/span><b><span data-contrast=\"none\">principales objetivos<\/span><\/b><span data-contrast=\"none\">\u00a0son la\u00a0<\/span><a href=\"https:\/\/news.sap.com\/spain\/2021\/01\/la-sostenibilidad-pilar-fundamental-en-futuro-de-empresas\/\" target=\"_blank\" rel=\"noopener\"><b><span data-contrast=\"none\">sostenibilidad en\u00a0las\u00a0empresas<\/span><\/b><\/a><span data-contrast=\"none\">, la\u00a0<\/span><b><span data-contrast=\"none\">inclusi\u00f3n<\/span><\/b><span data-contrast=\"none\">\u00a0y la\u00a0<\/span><b><span data-contrast=\"none\">retenci\u00f3n de talento<\/span><\/b><span data-contrast=\"none\">.<\/span><span data-ccp-props=\"{&quot;201341983&quot;:0,&quot;335551550&quot;:1,&quot;335551620&quot;:1,&quot;335559739&quot;:240,&quot;335559740&quot;:276}\">\u00a0<\/span><\/li>\n<\/ul>\n<p><span data-contrast=\"none\">Es evidente que la\u00a0<\/span><b><span data-contrast=\"none\">RSC<\/span><\/b><span data-contrast=\"none\">\u00a0es un\u00a0<\/span><b><span data-contrast=\"none\">valor estrat\u00e9gico para las organizaciones<\/span><\/b><span data-contrast=\"none\">, pero \u00bfc\u00f3mo ser\u00e1n las pr\u00f3ximas tendencias en responsabilidad social corporativa en Espa\u00f1a?<\/span><span data-ccp-props=\"{&quot;201341983&quot;:0,&quot;335551550&quot;:1,&quot;335551620&quot;:1,&quot;335559739&quot;:240,&quot;335559740&quot;:276}\">\u00a0<\/span><\/p>\n<h2><b><span data-contrast=\"none\">5 tendencias en RSC en Espa\u00f1a<\/span><\/b><span data-ccp-props=\"{&quot;201341983&quot;:0,&quot;335551550&quot;:1,&quot;335551620&quot;:1,&quot;335559738&quot;:360,&quot;335559739&quot;:120,&quot;335559740&quot;:276}\">\u00a0<\/span><\/h2>\n<p><span data-contrast=\"none\">Tradicionalmente, se ha considerado que las acciones de RSC deben enfocarse en devolver a la sociedad una parte de lo que las empresas reciben de esta. En la actualidad, el objetivo es\u00a0<\/span><b><span data-contrast=\"none\">asumir una cultura de compromiso con la sociedad<\/span><\/b><span data-contrast=\"none\">.<\/span><span data-ccp-props=\"{&quot;201341983&quot;:0,&quot;335551550&quot;:1,&quot;335551620&quot;:1,&quot;335559739&quot;:240,&quot;335559740&quot;:276}\">\u00a0<\/span><\/p>\n<p><span data-contrast=\"none\">Previsiblemente, estas son las<\/span><b><span data-contrast=\"none\">\u00a0tendencias RSC<\/span><\/b><span data-contrast=\"none\">\u00a0para los pr\u00f3ximos a\u00f1os:<\/span><span data-ccp-props=\"{&quot;201341983&quot;:0,&quot;335551550&quot;:1,&quot;335551620&quot;:1,&quot;335559739&quot;:240,&quot;335559740&quot;:276}\">\u00a0<\/span><\/p>\n<h3><b><span data-contrast=\"none\">1. Enfoque humano de la gesti\u00f3n empresarial<\/span><\/b><span data-ccp-props=\"{&quot;201341983&quot;:0,&quot;335551550&quot;:1,&quot;335551620&quot;:1,&quot;335559738&quot;:320,&quot;335559739&quot;:80,&quot;335559740&quot;:276}\">\u00a0<\/span><\/h3>\n<p><span data-contrast=\"none\">La crisis sanitaria\u00a0ha llevado\u00a0a las empresas a poner\u00a0el<\/span><b><span data-contrast=\"none\">\u00a0foco en las personas<\/span><\/b><span data-contrast=\"none\">, que son las\u00a0encargadas de lograr en \u00faltima instancia\u00a0los objetivos empresariales.\u00a0<\/span><span data-ccp-props=\"{&quot;201341983&quot;:0,&quot;335551550&quot;:1,&quot;335551620&quot;:1,&quot;335559739&quot;:240,&quot;335559740&quot;:276}\">\u00a0<\/span><\/p>\n<h3><b><span data-contrast=\"none\">2. Apuesta por la salud f\u00edsica y mental<\/span><\/b><span data-ccp-props=\"{&quot;201341983&quot;:0,&quot;335551550&quot;:1,&quot;335551620&quot;:1,&quot;335559738&quot;:320,&quot;335559739&quot;:80,&quot;335559740&quot;:276}\">\u00a0<\/span><\/h3>\n<p><span data-contrast=\"none\">Las circunstancias\u00a0acontecidas\u00a0en los \u00faltimos meses han puesto de relieve la fragilidad de las personas, incluso en\u00a0las\u00a0sociedades\u00a0m\u00e1s\u00a0avanzadas. Una vez superada la pandemia, ser\u00e1n necesarias\u00a0<\/span><b><span data-contrast=\"none\">estrategias orientadas a la salud f\u00edsica y mental\u00a0<\/span><\/b><span data-contrast=\"none\">de los empleados, quienes han sufrido en primera persona las consecuencias\u00a0de la pandemia, experimentando en muchos casos secuelas (por ahora) persistentes.\u00a0<\/span><span data-ccp-props=\"{&quot;201341983&quot;:0,&quot;335551550&quot;:1,&quot;335551620&quot;:1,&quot;335559739&quot;:240,&quot;335559740&quot;:276}\">\u00a0<\/span><\/p>\n<h3><b><span data-contrast=\"none\">3. Conciliaci\u00f3n laboral y familiar<\/span><\/b><\/h3>\n<p><span data-contrast=\"none\">El\u00a0<\/span><b><span data-contrast=\"none\">teletrabajo<\/span><\/b><span data-contrast=\"none\">\u00a0se convirti\u00f3 en la alternativa para que muchas empresas pudieran mantener su actividad en los d\u00edas m\u00e1s duros de la pandemia. Las empresas han aprendido que la\u00a0<\/span><b><span data-contrast=\"none\">conciliaci\u00f3n y la flexibilidad<\/span><\/b><span data-contrast=\"none\">\u00a0no tienen por qu\u00e9 afectar a la productividad\u00a0y muchas\u00a0empresas, como\u00a0<\/span><b><span data-contrast=\"none\">麻豆原创 en Espa\u00f1a<\/span><\/b><span data-contrast=\"none\">,\u00a0han empezado a optar por\u00a0<\/span><a href=\"https:\/\/news.sap.com\/spain\/2021\/07\/sap-espana-adopta-una-politica-laboral-100-flexible\/\"><b><span data-contrast=\"none\">modelos de trabajo flexible<\/span><\/b><\/a><span data-contrast=\"none\">.<\/span><span data-ccp-props=\"{&quot;201341983&quot;:0,&quot;335551550&quot;:1,&quot;335551620&quot;:1,&quot;335559739&quot;:240,&quot;335559740&quot;:276}\">\u00a0<\/span><\/p>\n<h3><b><span data-contrast=\"none\">4. Solidaridad con la comunidad y el peque\u00f1o comercio<\/span><\/b><\/h3>\n<p><span data-contrast=\"none\">La solidaridad revel\u00f3 todo su potencial desde que se desat\u00f3 la pandemia. Las empresas han tomado conciencia de la importancia de\u00a0<\/span><b><span data-contrast=\"none\">combatir la exclusi\u00f3n<\/span><\/b><span data-contrast=\"none\">,\u00a0<\/span><b><span data-contrast=\"none\">apoyar a la comunidad<\/span><\/b><span data-contrast=\"none\">\u00a0y\u00a0<\/span><b><span data-contrast=\"none\">comprometerse con el peque\u00f1o comercio<\/span><\/b><span data-contrast=\"none\">. Una de las l\u00edneas es la apuesta por\u00a0<\/span><b><span data-contrast=\"none\">proveedores y productos de cercan\u00eda<\/span><\/b><span data-contrast=\"none\">.\u00a0<\/span><span data-ccp-props=\"{&quot;201341983&quot;:0,&quot;335551550&quot;:1,&quot;335551620&quot;:1,&quot;335559739&quot;:240,&quot;335559740&quot;:276}\">\u00a0<\/span><\/p>\n<h3><b><span data-contrast=\"none\">5. Inclusi\u00f3n laboral de personas con discapacidad<\/span><\/b><\/h3>\n<p><span data-contrast=\"none\">Deshacerse de prejuicios y estereotipos es fundamental para lograr una verdadera\u00a0<\/span><b><span data-contrast=\"none\">inclusi\u00f3n laboral de las personas con discapacidad<\/span><\/b><span data-contrast=\"none\">. El objetivo es\u00a0<\/span><b><span data-contrast=\"none\">impulsar puestos de trabajo para todos<\/span><\/b><span data-contrast=\"none\">\u00a0sin distinci\u00f3n.<\/span><span data-ccp-props=\"{&quot;201341983&quot;:0,&quot;335551550&quot;:1,&quot;335551620&quot;:1,&quot;335559739&quot;:240,&quot;335559740&quot;:276}\">\u00a0<\/span><\/p>\n<p><span data-contrast=\"none\">Para que todas estas estrategias den sus frutos\u00a0<\/span><b><span data-contrast=\"none\">es m\u00e1s importante que nunca que las empresas establezcan alianzas y a\u00fanen esfuerzos<\/span><\/b><span data-contrast=\"none\">.\u00a0<\/span><span data-ccp-props=\"{&quot;201341983&quot;:0,&quot;335551550&quot;:1,&quot;335551620&quot;:1,&quot;335559739&quot;:240,&quot;335559740&quot;:276}\">\u00a0<\/span><\/p>\n<p><span data-contrast=\"none\">麻豆原创 se suma a las tendencias en responsabilidad social corporativa con su programa\u00a0propio<\/span><b><span data-contrast=\"none\">\u00a0Corporate\u00a0Social\u00a0Responsibility<\/span><\/b><span data-contrast=\"none\">, organizado en torno a tres pilares estrat\u00e9gicos:\u00a0<\/span><b><span data-contrast=\"none\">habilidades digitales, empresas sociales e involucraci\u00f3n de los empleados<\/span><\/b><span data-contrast=\"none\">\u00a0en esta misi\u00f3n.\u00a0<\/span><span data-ccp-props=\"{&quot;201341983&quot;:0,&quot;335551550&quot;:1,&quot;335551620&quot;:1,&quot;335559739&quot;:240,&quot;335559740&quot;:276}\">\u00a0<\/span><\/p>\n<p><span data-contrast=\"none\">Asimismo, ofrece\u00a0<\/span><b><span data-contrast=\"none\">soluciones tecnol\u00f3gicas<\/span><\/b><span data-contrast=\"none\">\u00a0para\u00a0<\/span><a href=\"https:\/\/www.sap.com\/spain\/products\/sustainability.html\"><b><span data-contrast=\"none\">empresas sostenibles<\/span><\/b><\/a><span data-contrast=\"none\">\u00a0o que desean\u00a0<\/span><b><span data-contrast=\"none\">incorporar la sostenibilidad en sus procesos de negocio<\/span><\/b><span data-contrast=\"none\">\u00a0para adaptarse a este nuevo contexto empresarial, preocupado por\u00a0un\u00a0impacto social\u00a0personificado en el individuo\u00a0y\u00a0por la repercusi\u00f3n\u00a0ambiental.<\/span><span data-ccp-props=\"{&quot;201341983&quot;:0,&quot;335551550&quot;:1,&quot;335551620&quot;:1,&quot;335559739&quot;:240,&quot;335559740&quot;:276}\">\u00a0<\/span><\/p>\n<p>&nbsp;<\/p>\n<hr \/>\n<p><a href=\"https:\/\/www.instagram.com\/sapspain\/\">Instagram<\/a>\u00a0\/\u00a0<a href=\"https:\/\/www.facebook.com\/麻豆原创\/\">Facebook<\/a>\u00a0\/\u00a0<a href=\"https:\/\/twitter.com\/sapspain?lang=es\">Twitter<\/a>\u00a0\/\u00a0<a href=\"https:\/\/www.linkedin.com\/company\/sap\/\">LinkedIn<\/a><\/p>\n<hr \/>\n<p>\u00a9 2020 麻豆原创 SE. All rights reserved. 麻豆原创 and other 麻豆原创 products and services mentioned herein as well as their respective logos are trademarks or registered trademarks of 麻豆原创 SE in Germany and other countries. Please see\u00a0<a href=\"http:\/\/www.sap.com\/corporate-en\/legal\/copyright\/index.epx#trademark\">http:\/\/www.sap.com\/corporate-en\/legal\/copyright\/index.epx#trademark<\/a>\u00a0for additional trademark information and notices.<\/p>\n","protected":false},"excerpt":{"rendered":"<p>Una de las lecciones m\u00e1s importantes que nos ha dejado la pandemia es que las personas son lo primero, tambi\u00e9n en las empresas. Las organizaciones&#8230;<\/p>\n","protected":false},"author":3372,"featured_media":3735,"comment_status":"closed","ping_status":"closed","sticky":false,"template":"","format":"standard","meta":{"footnotes":"","_links_to":"","_links_to_target":""},"categories":[41591],"tags":[5563257,5563401,5563379],"sapn-display":[5563695,5563693,60294],"sapn-type":[5562504],"class_list":["post-4306","post","type-post","status-publish","format-standard","has-post-thumbnail","hentry","category-corporativo","tag-economia-sostenible","tag-rsc","tag-sostenibilidad","sapn-display-articulo-hero","sapn-display-articulo-spotlight","sapn-display-topic-hero","sapn-type-articulo"],"yoast_head":"<!-- This site is optimized with the Yoast SEO Premium plugin v26.9 (Yoast SEO v26.9) - https:\/\/yoast.com\/product\/yoast-seo-premium-wordpress\/ -->\n<title>Pr\u00f3ximas tendencias en responsabilidad social corporativa en Espa\u00f1a - 麻豆原创 Espa\u00f1a News Center<\/title>\n<meta name=\"description\" content=\"Las \u00faltimas tendencias en responsabilidad social corporativa ponen de manifiesto el valor de las personas como un gran activo para las organizaciones.\" \/>\n<meta name=\"robots\" content=\"index, follow, max-snippet:-1, max-image-preview:large, max-video-preview:-1\" \/>\n<link rel=\"canonical\" href=\"https:\/\/news.sap.com\/spain\/2021\/09\/proximas-tendencias-en-responsabilidad-social-corporativa-en-espana\/\" \/>\n<meta property=\"og:locale\" content=\"es_ES\" \/>\n<meta property=\"og:type\" content=\"article\" \/>\n<meta property=\"og:title\" content=\"Pr\u00f3ximas tendencias en responsabilidad social corporativa en Espa\u00f1a\" \/>\n<meta property=\"og:description\" content=\"Las \u00faltimas tendencias en responsabilidad social corporativa ponen de manifiesto el valor de las personas como un gran activo para las organizaciones.\" \/>\n<meta property=\"og:url\" content=\"https:\/\/news.sap.com\/spain\/2021\/09\/proximas-tendencias-en-responsabilidad-social-corporativa-en-espana\/\" \/>\n<meta property=\"og:site_name\" content=\"麻豆原创 Espa\u00f1a News Center\" \/>\n<meta property=\"article:published_time\" content=\"2021-09-15T11:04:40+00:00\" \/>\n<meta property=\"article:modified_time\" content=\"2023-10-16T16:19:08+00:00\" \/>\n<meta property=\"og:image\" content=\"https:\/\/news.sap.com\/spain\/files\/2021\/04\/26\/281724_GettyImages-530053623_low.jpg\" \/>\n\t<meta property=\"og:image:width\" content=\"5760\" \/>\n\t<meta property=\"og:image:height\" content=\"3840\" \/>\n\t<meta property=\"og:image:type\" content=\"image\/jpeg\" \/>\n<meta name=\"author\" content=\"麻豆原创 Espa\u00f1a\" \/>\n<meta name=\"twitter:card\" content=\"summary_large_image\" \/>\n<meta name=\"twitter:label1\" content=\"Escrito por\" \/>\n\t<meta name=\"twitter:data1\" content=\"麻豆原创 Espa\u00f1a\" \/>\n\t<meta name=\"twitter:label2\" content=\"Tiempo de lectura\" \/>\n\t<meta name=\"twitter:data2\" content=\"4 minutos\" \/>\n<script type=\"application\/ld+json\" class=\"yoast-schema-graph\">{\"@context\":\"https:\/\/schema.org\",\"@graph\":[{\"@type\":\"Article\",\"@id\":\"https:\/\/news.sap.com\/spain\/2021\/09\/proximas-tendencias-en-responsabilidad-social-corporativa-en-espana\/#article\",\"isPartOf\":{\"@id\":\"https:\/\/news.sap.com\/spain\/2021\/09\/proximas-tendencias-en-responsabilidad-social-corporativa-en-espana\/\"},\"author\":{\"name\":\"麻豆原创 Espa\u00f1a\",\"@id\":\"https:\/\/news.sap.com\/spain\/#\/schema\/person\/4573e2beeb96fc44e819e7f7b2923465\"},\"headline\":\"Pr\u00f3ximas tendencias en responsabilidad social corporativa en Espa\u00f1a\",\"datePublished\":\"2021-09-15T11:04:40+00:00\",\"dateModified\":\"2023-10-16T16:19:08+00:00\",\"mainEntityOfPage\":{\"@id\":\"https:\/\/news.sap.com\/spain\/2021\/09\/proximas-tendencias-en-responsabilidad-social-corporativa-en-espana\/\"},\"wordCount\":748,\"image\":{\"@id\":\"https:\/\/news.sap.com\/spain\/2021\/09\/proximas-tendencias-en-responsabilidad-social-corporativa-en-espana\/#primaryimage\"},\"thumbnailUrl\":\"https:\/\/news.sap.com\/spain\/files\/2021\/04\/26\/281724_GettyImages-530053623_low.jpg\",\"keywords\":[\"economia sostenible\",\"RSC\",\"Sostenibilidad\"],\"articleSection\":[\"Corporativo\"],\"inLanguage\":\"es\"},{\"@type\":\"WebPage\",\"@id\":\"https:\/\/news.sap.com\/spain\/2021\/09\/proximas-tendencias-en-responsabilidad-social-corporativa-en-espana\/\",\"url\":\"https:\/\/news.sap.com\/spain\/2021\/09\/proximas-tendencias-en-responsabilidad-social-corporativa-en-espana\/\",\"name\":\"Pr\u00f3ximas tendencias en responsabilidad social corporativa en Espa\u00f1a - 麻豆原创 Espa\u00f1a News Center\",\"isPartOf\":{\"@id\":\"https:\/\/news.sap.com\/spain\/#website\"},\"primaryImageOfPage\":{\"@id\":\"https:\/\/news.sap.com\/spain\/2021\/09\/proximas-tendencias-en-responsabilidad-social-corporativa-en-espana\/#primaryimage\"},\"image\":{\"@id\":\"https:\/\/news.sap.com\/spain\/2021\/09\/proximas-tendencias-en-responsabilidad-social-corporativa-en-espana\/#primaryimage\"},\"thumbnailUrl\":\"https:\/\/news.sap.com\/spain\/files\/2021\/04\/26\/281724_GettyImages-530053623_low.jpg\",\"datePublished\":\"2021-09-15T11:04:40+00:00\",\"dateModified\":\"2023-10-16T16:19:08+00:00\",\"author\":{\"@id\":\"https:\/\/news.sap.com\/spain\/#\/schema\/person\/4573e2beeb96fc44e819e7f7b2923465\"},\"description\":\"Las \u00faltimas tendencias en responsabilidad social corporativa ponen de manifiesto el valor de las personas como un gran activo para las organizaciones.\",\"breadcrumb\":{\"@id\":\"https:\/\/news.sap.com\/spain\/2021\/09\/proximas-tendencias-en-responsabilidad-social-corporativa-en-espana\/#breadcrumb\"},\"inLanguage\":\"es\",\"potentialAction\":[{\"@type\":\"ReadAction\",\"target\":[\"https:\/\/news.sap.com\/spain\/2021\/09\/proximas-tendencias-en-responsabilidad-social-corporativa-en-espana\/\"]}]},{\"@type\":\"ImageObject\",\"inLanguage\":\"es\",\"@id\":\"https:\/\/news.sap.com\/spain\/2021\/09\/proximas-tendencias-en-responsabilidad-social-corporativa-en-espana\/#primaryimage\",\"url\":\"https:\/\/news.sap.com\/spain\/files\/2021\/04\/26\/281724_GettyImages-530053623_low.jpg\",\"contentUrl\":\"https:\/\/news.sap.com\/spain\/files\/2021\/04\/26\/281724_GettyImages-530053623_low.jpg\",\"width\":5760,\"height\":3840,\"caption\":\"tendencias en RSC en Espa\u00f1a\"},{\"@type\":\"BreadcrumbList\",\"@id\":\"https:\/\/news.sap.com\/spain\/2021\/09\/proximas-tendencias-en-responsabilidad-social-corporativa-en-espana\/#breadcrumb\",\"itemListElement\":[{\"@type\":\"ListItem\",\"position\":1,\"name\":\"Home\",\"item\":\"https:\/\/news.sap.com\/spain\/\"},{\"@type\":\"ListItem\",\"position\":2,\"name\":\"Pr\u00f3ximas tendencias en responsabilidad social corporativa en Espa\u00f1a\"}]},{\"@type\":\"WebSite\",\"@id\":\"https:\/\/news.sap.com\/spain\/#website\",\"url\":\"https:\/\/news.sap.com\/spain\/\",\"name\":\"麻豆原创 Espa\u00f1a News Center\",\"description\":\"Noticias e informaci\u00f3n sobre 麻豆原创\",\"potentialAction\":[{\"@type\":\"SearchAction\",\"target\":{\"@type\":\"EntryPoint\",\"urlTemplate\":\"https:\/\/news.sap.com\/spain\/?s={search_term_string}\"},\"query-input\":{\"@type\":\"PropertyValueSpecification\",\"valueRequired\":true,\"valueName\":\"search_term_string\"}}],\"inLanguage\":\"es\"},{\"@type\":\"Person\",\"@id\":\"https:\/\/news.sap.com\/spain\/#\/schema\/person\/4573e2beeb96fc44e819e7f7b2923465\",\"name\":\"麻豆原创 Espa\u00f1a\",\"image\":{\"@type\":\"ImageObject\",\"inLanguage\":\"es\",\"@id\":\"https:\/\/news.sap.com\/spain\/#\/schema\/person\/image\/\",\"url\":\"https:\/\/news.sap.com\/spain\/wp-content\/plugins\/wp-user-avatars\/wp-user-avatars\/assets\/images\/mystery.jpg\",\"contentUrl\":\"https:\/\/news.sap.com\/spain\/wp-content\/plugins\/wp-user-avatars\/wp-user-avatars\/assets\/images\/mystery.jpg\",\"caption\":\"麻豆原创 Espa\u00f1a\"},\"url\":\"https:\/\/news.sap.com\/spain\/author\/sapespana\/\"}]}<\/script>\n<!-- \/ Yoast SEO Premium plugin. -->","yoast_head_json":{"title":"Pr\u00f3ximas tendencias en responsabilidad social corporativa en Espa\u00f1a - 麻豆原创 Espa\u00f1a News Center","description":"Las \u00faltimas tendencias en responsabilidad social corporativa ponen de manifiesto el valor de las personas como un gran activo para las organizaciones.","robots":{"index":"index","follow":"follow","max-snippet":"max-snippet:-1","max-image-preview":"max-image-preview:large","max-video-preview":"max-video-preview:-1"},"canonical":"https:\/\/news.sap.com\/spain\/2021\/09\/proximas-tendencias-en-responsabilidad-social-corporativa-en-espana\/","og_locale":"es_ES","og_type":"article","og_title":"Pr\u00f3ximas tendencias en responsabilidad social corporativa en Espa\u00f1a","og_description":"Las \u00faltimas tendencias en responsabilidad social corporativa ponen de manifiesto el valor de las personas como un gran activo para las organizaciones.","og_url":"https:\/\/news.sap.com\/spain\/2021\/09\/proximas-tendencias-en-responsabilidad-social-corporativa-en-espana\/","og_site_name":"麻豆原创 Espa\u00f1a News Center","article_published_time":"2021-09-15T11:04:40+00:00","article_modified_time":"2023-10-16T16:19:08+00:00","og_image":[{"width":5760,"height":3840,"url":"https:\/\/news.sap.com\/spain\/files\/2021\/04\/26\/281724_GettyImages-530053623_low.jpg","type":"image\/jpeg"}],"author":"麻豆原创 Espa\u00f1a","twitter_card":"summary_large_image","twitter_misc":{"Escrito por":"麻豆原创 Espa\u00f1a","Tiempo de lectura":"4 minutos"},"schema":{"@context":"https:\/\/schema.org","@graph":[{"@type":"Article","@id":"https:\/\/news.sap.com\/spain\/2021\/09\/proximas-tendencias-en-responsabilidad-social-corporativa-en-espana\/#article","isPartOf":{"@id":"https:\/\/news.sap.com\/spain\/2021\/09\/proximas-tendencias-en-responsabilidad-social-corporativa-en-espana\/"},"author":{"name":"麻豆原创 Espa\u00f1a","@id":"https:\/\/news.sap.com\/spain\/#\/schema\/person\/4573e2beeb96fc44e819e7f7b2923465"},"headline":"Pr\u00f3ximas tendencias en responsabilidad social corporativa en Espa\u00f1a","datePublished":"2021-09-15T11:04:40+00:00","dateModified":"2023-10-16T16:19:08+00:00","mainEntityOfPage":{"@id":"https:\/\/news.sap.com\/spain\/2021\/09\/proximas-tendencias-en-responsabilidad-social-corporativa-en-espana\/"},"wordCount":748,"image":{"@id":"https:\/\/news.sap.com\/spain\/2021\/09\/proximas-tendencias-en-responsabilidad-social-corporativa-en-espana\/#primaryimage"},"thumbnailUrl":"https:\/\/news.sap.com\/spain\/files\/2021\/04\/26\/281724_GettyImages-530053623_low.jpg","keywords":["economia sostenible","RSC","Sostenibilidad"],"articleSection":["Corporativo"],"inLanguage":"es"},{"@type":"WebPage","@id":"https:\/\/news.sap.com\/spain\/2021\/09\/proximas-tendencias-en-responsabilidad-social-corporativa-en-espana\/","url":"https:\/\/news.sap.com\/spain\/2021\/09\/proximas-tendencias-en-responsabilidad-social-corporativa-en-espana\/","name":"Pr\u00f3ximas tendencias en responsabilidad social corporativa en Espa\u00f1a - 麻豆原创 Espa\u00f1a News Center","isPartOf":{"@id":"https:\/\/news.sap.com\/spain\/#website"},"primaryImageOfPage":{"@id":"https:\/\/news.sap.com\/spain\/2021\/09\/proximas-tendencias-en-responsabilidad-social-corporativa-en-espana\/#primaryimage"},"image":{"@id":"https:\/\/news.sap.com\/spain\/2021\/09\/proximas-tendencias-en-responsabilidad-social-corporativa-en-espana\/#primaryimage"},"thumbnailUrl":"https:\/\/news.sap.com\/spain\/files\/2021\/04\/26\/281724_GettyImages-530053623_low.jpg","datePublished":"2021-09-15T11:04:40+00:00","dateModified":"2023-10-16T16:19:08+00:00","author":{"@id":"https:\/\/news.sap.com\/spain\/#\/schema\/person\/4573e2beeb96fc44e819e7f7b2923465"},"description":"Las \u00faltimas tendencias en responsabilidad social corporativa ponen de manifiesto el valor de las personas como un gran activo para las organizaciones.","breadcrumb":{"@id":"https:\/\/news.sap.com\/spain\/2021\/09\/proximas-tendencias-en-responsabilidad-social-corporativa-en-espana\/#breadcrumb"},"inLanguage":"es","potentialAction":[{"@type":"ReadAction","target":["https:\/\/news.sap.com\/spain\/2021\/09\/proximas-tendencias-en-responsabilidad-social-corporativa-en-espana\/"]}]},{"@type":"ImageObject","inLanguage":"es","@id":"https:\/\/news.sap.com\/spain\/2021\/09\/proximas-tendencias-en-responsabilidad-social-corporativa-en-espana\/#primaryimage","url":"https:\/\/news.sap.com\/spain\/files\/2021\/04\/26\/281724_GettyImages-530053623_low.jpg","contentUrl":"https:\/\/news.sap.com\/spain\/files\/2021\/04\/26\/281724_GettyImages-530053623_low.jpg","width":5760,"height":3840,"caption":"tendencias en RSC en Espa\u00f1a"},{"@type":"BreadcrumbList","@id":"https:\/\/news.sap.com\/spain\/2021\/09\/proximas-tendencias-en-responsabilidad-social-corporativa-en-espana\/#breadcrumb","itemListElement":[{"@type":"ListItem","position":1,"name":"Home","item":"https:\/\/news.sap.com\/spain\/"},{"@type":"ListItem","position":2,"name":"Pr\u00f3ximas tendencias en responsabilidad social corporativa en Espa\u00f1a"}]},{"@type":"WebSite","@id":"https:\/\/news.sap.com\/spain\/#website","url":"https:\/\/news.sap.com\/spain\/","name":"麻豆原创 Espa\u00f1a News Center","description":"Noticias e informaci\u00f3n sobre 麻豆原创","potentialAction":[{"@type":"SearchAction","target":{"@type":"EntryPoint","urlTemplate":"https:\/\/news.sap.com\/spain\/?s={search_term_string}"},"query-input":{"@type":"PropertyValueSpecification","valueRequired":true,"valueName":"search_term_string"}}],"inLanguage":"es"},{"@type":"Person","@id":"https:\/\/news.sap.com\/spain\/#\/schema\/person\/4573e2beeb96fc44e819e7f7b2923465","name":"麻豆原创 Espa\u00f1a","image":{"@type":"ImageObject","inLanguage":"es","@id":"https:\/\/news.sap.com\/spain\/#\/schema\/person\/image\/","url":"https:\/\/news.sap.com\/spain\/wp-content\/plugins\/wp-user-avatars\/wp-user-avatars\/assets\/images\/mystery.jpg","contentUrl":"https:\/\/news.sap.com\/spain\/wp-content\/plugins\/wp-user-avatars\/wp-user-avatars\/assets\/images\/mystery.jpg","caption":"麻豆原创 Espa\u00f1a"},"url":"https:\/\/news.sap.com\/spain\/author\/sapespana\/"}]}},"amp_enabled":true,"_links":{"self":[{"href":"https:\/\/news.sap.com\/spain\/wp-json\/wp\/v2\/posts\/4306","targetHints":{"allow":["GET"]}}],"collection":[{"href":"https:\/\/news.sap.com\/spain\/wp-json\/wp\/v2\/posts"}],"about":[{"href":"https:\/\/news.sap.com\/spain\/wp-json\/wp\/v2\/types\/post"}],"author":[{"embeddable":true,"href":"https:\/\/news.sap.com\/spain\/wp-json\/wp\/v2\/users\/3372"}],"replies":[{"embeddable":true,"href":"https:\/\/news.sap.com\/spain\/wp-json\/wp\/v2\/comments?post=4306"}],"version-history":[{"count":0,"href":"https:\/\/news.sap.com\/spain\/wp-json\/wp\/v2\/posts\/4306\/revisions"}],"wp:featuredmedia":[{"embeddable":true,"href":"https:\/\/news.sap.com\/spain\/wp-json\/wp\/v2\/media\/3735"}],"wp:attachment":[{"href":"https:\/\/news.sap.com\/spain\/wp-json\/wp\/v2\/media?parent=4306"}],"wp:term":[{"taxonomy":"category","embeddable":true,"href":"https:\/\/news.sap.com\/spain\/wp-json\/wp\/v2\/categories?post=4306"},{"taxonomy":"post_tag","embeddable":true,"href":"https:\/\/news.sap.com\/spain\/wp-json\/wp\/v2\/tags?post=4306"},{"taxonomy":"sapn-display","embeddable":true,"href":"https:\/\/news.sap.com\/spain\/wp-json\/wp\/v2\/sapn-display?post=4306"},{"taxonomy":"sapn-type","embeddable":true,"href":"https:\/\/news.sap.com\/spain\/wp-json\/wp\/v2\/sapn-type?post=4306"}],"curies":[{"name":"wp","href":"https:\/\/api.w.org\/{rel}","templated":true}]}}