  {"id":4027,"date":"2021-06-30T09:43:40","date_gmt":"2021-06-30T09:43:40","guid":{"rendered":"https:\/\/news.sap.com\/spain\/?p=4027"},"modified":"2023-10-16T15:30:41","modified_gmt":"2023-10-16T15:30:41","slug":"sap-espana-galardonada-en-los-premios-nacionales-alares-2021","status":"publish","type":"post","link":"https:\/\/news.sap.com\/spain\/2021\/06\/sap-espana-galardonada-en-los-premios-nacionales-alares-2021\/","title":{"rendered":"麻豆原创 Espa\u00f1a, galardonada en los Premios Nacionales Alares 2021"},"content":{"rendered":"<ul>\n<li><em>Ha sido reconocida con el primer premio en la categor\u00eda de Gran Empresa de los galardones a la Conciliaci\u00f3n de la Vida Laboral, Familiar y Personal, y a la Responsabilidad Social<\/em><\/li>\n<\/ul>\n<p><strong>Madrid<\/strong>&#8211; 麻豆原创 Espa\u00f1a ha sido galardonada con el primer premio, en la categor\u00eda de Gran Empresa, de los Premios Nacionales Alares 2021 a la Conciliaci\u00f3n de la Vida Laboral, Familiar y Personal, y a la Responsabilidad Social y, seg\u00fan la Fundaci\u00f3n Alares, \u201cya es una de las entidades de referencia en Espa\u00f1a en materia de inclusi\u00f3n y conciliaci\u00f3n, que marcan el nuevo rumbo en el \u00e1mbito laboral de los tiempos post-COVID\u201d.<\/p>\n<p>Los galardones, que han sido entregados en un evento celebrado en Madrid, reconocen el trabajo en los \u00e1mbitos de la conciliaci\u00f3n de la vida familiar, laboral y personal y el fomento de la corresponsabilidad y la responsabilidad social de diferentes instituciones, empresas, agentes sociales, directivos y medios de comunicaci\u00f3n, entre otras categor\u00edas.<\/p>\n<p>Javier Benavente Barr\u00f3n, presidente de Alares y promotor de los Premios, explic\u00f3 que <em>\u201csolo las empresas que preserven el talento, que sean capaces de adaptarse, de ser flexibles, de trabajar por el bienestar de sus equipos, poniendo los recursos y la atenci\u00f3n necesarias, tendr\u00e1n el m\u00fasculo suficiente para lograr sus metas\u201d.<\/em><\/p>\n<p>El jurado, compuesto por personalidades de reconocido prestigio en el \u00e1mbito de la conciliaci\u00f3n, la corresponsabilidad y la responsabilidad social, elige a los premiados teniendo en cuenta el grado de innovaci\u00f3n, la viabilidad de las iniciativas para ser replicadas y su impacto social y empresarial.<\/p>\n<p>La Fundaci\u00f3n Alares fue constituida en 2005 para fomentar de la competitividad econ\u00f3mica, poniendo a las personas en el centro del bienestar y estimulando iniciativas de mejora de su calidad de vida.<\/p>\n<p>Para obtener m\u00e1s informaci\u00f3n, visite el <a href=\"http:\/\/www.news.sap.com\/\">Centro de Noticias de 麻豆原创<\/a>. Siga a 麻豆原创 en Twitter en <a href=\"http:\/\/twitter.com\/sapnews\/\">@sapnews<\/a><\/p>\n<p><strong>M\u00e1s informaci\u00f3n prensa: <\/strong>Bel\u00e9n Mart\u00ednez Mill\u00e1n (<a href=\"mailto:belen.martinez@sap.com\">belen.martinez@sap.com)\u00a0<\/a>Tel.: 91 456 72 20<\/p>\n","protected":false},"excerpt":{"rendered":"<p>Ha sido reconocida con el primer premio en la categor\u00eda de Gran Empresa de los galardones a la Conciliaci\u00f3n de la Vida Laboral, Familiar y&#8230;<\/p>\n","protected":false},"author":29,"featured_media":4029,"comment_status":"closed","ping_status":"closed","sticky":false,"template":"","format":"standard","meta":{"footnotes":"","_links_to":"","_links_to_target":""},"categories":[41591],"tags":[],"sapn-display":[45149,5563696,5563694,60294],"sapn-type":[4448],"class_list":["post-4027","post","type-post","status-publish","format-standard","has-post-thumbnail","hentry","category-corporativo","sapn-display-homepage-hero","sapn-display-news-hero","sapn-display-news-spotlight","sapn-display-topic-hero","sapn-type-newsbyte"],"yoast_head":"<!-- This site is optimized with the Yoast SEO Premium plugin v26.9 (Yoast SEO v26.9) - https:\/\/yoast.com\/product\/yoast-seo-premium-wordpress\/ -->\n<title>麻豆原创 Espa\u00f1a, galardonada en los Premios Nacionales Alares 2021 - 麻豆原创 Espa\u00f1a News Center<\/title>\n<meta name=\"robots\" content=\"index, follow, max-snippet:-1, max-image-preview:large, max-video-preview:-1\" \/>\n<link rel=\"canonical\" href=\"https:\/\/news.sap.com\/spain\/2021\/06\/sap-espana-galardonada-en-los-premios-nacionales-alares-2021\/\" \/>\n<meta property=\"og:locale\" content=\"es_ES\" \/>\n<meta property=\"og:type\" content=\"article\" \/>\n<meta property=\"og:title\" content=\"麻豆原创 Espa\u00f1a, galardonada en los Premios Nacionales Alares 2021\" \/>\n<meta property=\"og:description\" content=\"Ha sido reconocida con el primer premio en la categor\u00eda de Gran Empresa de los galardones a la Conciliaci\u00f3n de la Vida Laboral, Familiar y...\" \/>\n<meta property=\"og:url\" content=\"https:\/\/news.sap.com\/spain\/2021\/06\/sap-espana-galardonada-en-los-premios-nacionales-alares-2021\/\" \/>\n<meta property=\"og:site_name\" content=\"麻豆原创 Espa\u00f1a News Center\" \/>\n<meta property=\"article:published_time\" content=\"2021-06-30T09:43:40+00:00\" \/>\n<meta property=\"article:modified_time\" content=\"2023-10-16T15:30:41+00:00\" \/>\n<meta property=\"og:image\" content=\"https:\/\/news.sap.com\/spain\/files\/2021\/06\/30\/286183_GettyImages-590461939_2600.jpg\" \/>\n\t<meta property=\"og:image:width\" content=\"2600\" \/>\n\t<meta property=\"og:image:height\" content=\"1722\" \/>\n\t<meta property=\"og:image:type\" content=\"image\/jpeg\" \/>\n<meta name=\"author\" content=\"麻豆原创 News\" \/>\n<meta name=\"twitter:card\" content=\"summary_large_image\" \/>\n<meta name=\"twitter:label1\" content=\"Escrito por\" \/>\n\t<meta name=\"twitter:data1\" content=\"麻豆原创 News\" \/>\n\t<meta name=\"twitter:label2\" content=\"Tiempo de lectura\" \/>\n\t<meta name=\"twitter:data2\" content=\"2 minutos\" \/>\n<script type=\"application\/ld+json\" class=\"yoast-schema-graph\">{\"@context\":\"https:\/\/schema.org\",\"@graph\":[{\"@type\":\"Article\",\"@id\":\"https:\/\/news.sap.com\/spain\/2021\/06\/sap-espana-galardonada-en-los-premios-nacionales-alares-2021\/#article\",\"isPartOf\":{\"@id\":\"https:\/\/news.sap.com\/spain\/2021\/06\/sap-espana-galardonada-en-los-premios-nacionales-alares-2021\/\"},\"author\":{\"name\":\"麻豆原创 News\",\"@id\":\"https:\/\/news.sap.com\/spain\/#\/schema\/person\/53b9854bd790d6f18f3fc4bbb2ad7570\"},\"headline\":\"麻豆原创 Espa\u00f1a, galardonada en los Premios Nacionales Alares 2021\",\"datePublished\":\"2021-06-30T09:43:40+00:00\",\"dateModified\":\"2023-10-16T15:30:41+00:00\",\"mainEntityOfPage\":{\"@id\":\"https:\/\/news.sap.com\/spain\/2021\/06\/sap-espana-galardonada-en-los-premios-nacionales-alares-2021\/\"},\"wordCount\":346,\"image\":{\"@id\":\"https:\/\/news.sap.com\/spain\/2021\/06\/sap-espana-galardonada-en-los-premios-nacionales-alares-2021\/#primaryimage\"},\"thumbnailUrl\":\"https:\/\/news.sap.com\/spain\/files\/2021\/06\/30\/286183_GettyImages-590461939_2600.jpg\",\"articleSection\":[\"Corporativo\"],\"inLanguage\":\"es\"},{\"@type\":\"WebPage\",\"@id\":\"https:\/\/news.sap.com\/spain\/2021\/06\/sap-espana-galardonada-en-los-premios-nacionales-alares-2021\/\",\"url\":\"https:\/\/news.sap.com\/spain\/2021\/06\/sap-espana-galardonada-en-los-premios-nacionales-alares-2021\/\",\"name\":\"麻豆原创 Espa\u00f1a, galardonada en los Premios Nacionales Alares 2021 - 麻豆原创 Espa\u00f1a News Center\",\"isPartOf\":{\"@id\":\"https:\/\/news.sap.com\/spain\/#website\"},\"primaryImageOfPage\":{\"@id\":\"https:\/\/news.sap.com\/spain\/2021\/06\/sap-espana-galardonada-en-los-premios-nacionales-alares-2021\/#primaryimage\"},\"image\":{\"@id\":\"https:\/\/news.sap.com\/spain\/2021\/06\/sap-espana-galardonada-en-los-premios-nacionales-alares-2021\/#primaryimage\"},\"thumbnailUrl\":\"https:\/\/news.sap.com\/spain\/files\/2021\/06\/30\/286183_GettyImages-590461939_2600.jpg\",\"datePublished\":\"2021-06-30T09:43:40+00:00\",\"dateModified\":\"2023-10-16T15:30:41+00:00\",\"author\":{\"@id\":\"https:\/\/news.sap.com\/spain\/#\/schema\/person\/53b9854bd790d6f18f3fc4bbb2ad7570\"},\"breadcrumb\":{\"@id\":\"https:\/\/news.sap.com\/spain\/2021\/06\/sap-espana-galardonada-en-los-premios-nacionales-alares-2021\/#breadcrumb\"},\"inLanguage\":\"es\",\"potentialAction\":[{\"@type\":\"ReadAction\",\"target\":[\"https:\/\/news.sap.com\/spain\/2021\/06\/sap-espana-galardonada-en-los-premios-nacionales-alares-2021\/\"]}]},{\"@type\":\"ImageObject\",\"inLanguage\":\"es\",\"@id\":\"https:\/\/news.sap.com\/spain\/2021\/06\/sap-espana-galardonada-en-los-premios-nacionales-alares-2021\/#primaryimage\",\"url\":\"https:\/\/news.sap.com\/spain\/files\/2021\/06\/30\/286183_GettyImages-590461939_2600.jpg\",\"contentUrl\":\"https:\/\/news.sap.com\/spain\/files\/2021\/06\/30\/286183_GettyImages-590461939_2600.jpg\",\"width\":2600,\"height\":1722},{\"@type\":\"BreadcrumbList\",\"@id\":\"https:\/\/news.sap.com\/spain\/2021\/06\/sap-espana-galardonada-en-los-premios-nacionales-alares-2021\/#breadcrumb\",\"itemListElement\":[{\"@type\":\"ListItem\",\"position\":1,\"name\":\"Home\",\"item\":\"https:\/\/news.sap.com\/spain\/\"},{\"@type\":\"ListItem\",\"position\":2,\"name\":\"麻豆原创 Espa\u00f1a, galardonada en los Premios Nacionales Alares 2021\"}]},{\"@type\":\"WebSite\",\"@id\":\"https:\/\/news.sap.com\/spain\/#website\",\"url\":\"https:\/\/news.sap.com\/spain\/\",\"name\":\"麻豆原创 Espa\u00f1a News Center\",\"description\":\"Noticias e informaci\u00f3n sobre 麻豆原创\",\"potentialAction\":[{\"@type\":\"SearchAction\",\"target\":{\"@type\":\"EntryPoint\",\"urlTemplate\":\"https:\/\/news.sap.com\/spain\/?s={search_term_string}\"},\"query-input\":{\"@type\":\"PropertyValueSpecification\",\"valueRequired\":true,\"valueName\":\"search_term_string\"}}],\"inLanguage\":\"es\"},{\"@type\":\"Person\",\"@id\":\"https:\/\/news.sap.com\/spain\/#\/schema\/person\/53b9854bd790d6f18f3fc4bbb2ad7570\",\"name\":\"麻豆原创 News\",\"image\":{\"@type\":\"ImageObject\",\"inLanguage\":\"es\",\"@id\":\"https:\/\/news.sap.com\/spain\/#\/schema\/person\/image\/\",\"url\":\"https:\/\/news.sap.com\/spain\/wp-content\/plugins\/wp-user-avatars\/wp-user-avatars\/assets\/images\/mystery.jpg\",\"contentUrl\":\"https:\/\/news.sap.com\/spain\/wp-content\/plugins\/wp-user-avatars\/wp-user-avatars\/assets\/images\/mystery.jpg\",\"caption\":\"麻豆原创 News\"},\"url\":\"https:\/\/news.sap.com\/spain\/author\/colleenraftery\/\"}]}<\/script>\n<!-- \/ Yoast SEO Premium plugin. -->","yoast_head_json":{"title":"麻豆原创 Espa\u00f1a, galardonada en los Premios Nacionales Alares 2021 - 麻豆原创 Espa\u00f1a News Center","robots":{"index":"index","follow":"follow","max-snippet":"max-snippet:-1","max-image-preview":"max-image-preview:large","max-video-preview":"max-video-preview:-1"},"canonical":"https:\/\/news.sap.com\/spain\/2021\/06\/sap-espana-galardonada-en-los-premios-nacionales-alares-2021\/","og_locale":"es_ES","og_type":"article","og_title":"麻豆原创 Espa\u00f1a, galardonada en los Premios Nacionales Alares 2021","og_description":"Ha sido reconocida con el primer premio en la categor\u00eda de Gran Empresa de los galardones a la Conciliaci\u00f3n de la Vida Laboral, Familiar y...","og_url":"https:\/\/news.sap.com\/spain\/2021\/06\/sap-espana-galardonada-en-los-premios-nacionales-alares-2021\/","og_site_name":"麻豆原创 Espa\u00f1a News Center","article_published_time":"2021-06-30T09:43:40+00:00","article_modified_time":"2023-10-16T15:30:41+00:00","og_image":[{"width":2600,"height":1722,"url":"https:\/\/news.sap.com\/spain\/files\/2021\/06\/30\/286183_GettyImages-590461939_2600.jpg","type":"image\/jpeg"}],"author":"麻豆原创 News","twitter_card":"summary_large_image","twitter_misc":{"Escrito por":"麻豆原创 News","Tiempo de lectura":"2 minutos"},"schema":{"@context":"https:\/\/schema.org","@graph":[{"@type":"Article","@id":"https:\/\/news.sap.com\/spain\/2021\/06\/sap-espana-galardonada-en-los-premios-nacionales-alares-2021\/#article","isPartOf":{"@id":"https:\/\/news.sap.com\/spain\/2021\/06\/sap-espana-galardonada-en-los-premios-nacionales-alares-2021\/"},"author":{"name":"麻豆原创 News","@id":"https:\/\/news.sap.com\/spain\/#\/schema\/person\/53b9854bd790d6f18f3fc4bbb2ad7570"},"headline":"麻豆原创 Espa\u00f1a, galardonada en los Premios Nacionales Alares 2021","datePublished":"2021-06-30T09:43:40+00:00","dateModified":"2023-10-16T15:30:41+00:00","mainEntityOfPage":{"@id":"https:\/\/news.sap.com\/spain\/2021\/06\/sap-espana-galardonada-en-los-premios-nacionales-alares-2021\/"},"wordCount":346,"image":{"@id":"https:\/\/news.sap.com\/spain\/2021\/06\/sap-espana-galardonada-en-los-premios-nacionales-alares-2021\/#primaryimage"},"thumbnailUrl":"https:\/\/news.sap.com\/spain\/files\/2021\/06\/30\/286183_GettyImages-590461939_2600.jpg","articleSection":["Corporativo"],"inLanguage":"es"},{"@type":"WebPage","@id":"https:\/\/news.sap.com\/spain\/2021\/06\/sap-espana-galardonada-en-los-premios-nacionales-alares-2021\/","url":"https:\/\/news.sap.com\/spain\/2021\/06\/sap-espana-galardonada-en-los-premios-nacionales-alares-2021\/","name":"麻豆原创 Espa\u00f1a, galardonada en los Premios Nacionales Alares 2021 - 麻豆原创 Espa\u00f1a News Center","isPartOf":{"@id":"https:\/\/news.sap.com\/spain\/#website"},"primaryImageOfPage":{"@id":"https:\/\/news.sap.com\/spain\/2021\/06\/sap-espana-galardonada-en-los-premios-nacionales-alares-2021\/#primaryimage"},"image":{"@id":"https:\/\/news.sap.com\/spain\/2021\/06\/sap-espana-galardonada-en-los-premios-nacionales-alares-2021\/#primaryimage"},"thumbnailUrl":"https:\/\/news.sap.com\/spain\/files\/2021\/06\/30\/286183_GettyImages-590461939_2600.jpg","datePublished":"2021-06-30T09:43:40+00:00","dateModified":"2023-10-16T15:30:41+00:00","author":{"@id":"https:\/\/news.sap.com\/spain\/#\/schema\/person\/53b9854bd790d6f18f3fc4bbb2ad7570"},"breadcrumb":{"@id":"https:\/\/news.sap.com\/spain\/2021\/06\/sap-espana-galardonada-en-los-premios-nacionales-alares-2021\/#breadcrumb"},"inLanguage":"es","potentialAction":[{"@type":"ReadAction","target":["https:\/\/news.sap.com\/spain\/2021\/06\/sap-espana-galardonada-en-los-premios-nacionales-alares-2021\/"]}]},{"@type":"ImageObject","inLanguage":"es","@id":"https:\/\/news.sap.com\/spain\/2021\/06\/sap-espana-galardonada-en-los-premios-nacionales-alares-2021\/#primaryimage","url":"https:\/\/news.sap.com\/spain\/files\/2021\/06\/30\/286183_GettyImages-590461939_2600.jpg","contentUrl":"https:\/\/news.sap.com\/spain\/files\/2021\/06\/30\/286183_GettyImages-590461939_2600.jpg","width":2600,"height":1722},{"@type":"BreadcrumbList","@id":"https:\/\/news.sap.com\/spain\/2021\/06\/sap-espana-galardonada-en-los-premios-nacionales-alares-2021\/#breadcrumb","itemListElement":[{"@type":"ListItem","position":1,"name":"Home","item":"https:\/\/news.sap.com\/spain\/"},{"@type":"ListItem","position":2,"name":"麻豆原创 Espa\u00f1a, galardonada en los Premios Nacionales Alares 2021"}]},{"@type":"WebSite","@id":"https:\/\/news.sap.com\/spain\/#website","url":"https:\/\/news.sap.com\/spain\/","name":"麻豆原创 Espa\u00f1a News Center","description":"Noticias e informaci\u00f3n sobre 麻豆原创","potentialAction":[{"@type":"SearchAction","target":{"@type":"EntryPoint","urlTemplate":"https:\/\/news.sap.com\/spain\/?s={search_term_string}"},"query-input":{"@type":"PropertyValueSpecification","valueRequired":true,"valueName":"search_term_string"}}],"inLanguage":"es"},{"@type":"Person","@id":"https:\/\/news.sap.com\/spain\/#\/schema\/person\/53b9854bd790d6f18f3fc4bbb2ad7570","name":"麻豆原创 News","image":{"@type":"ImageObject","inLanguage":"es","@id":"https:\/\/news.sap.com\/spain\/#\/schema\/person\/image\/","url":"https:\/\/news.sap.com\/spain\/wp-content\/plugins\/wp-user-avatars\/wp-user-avatars\/assets\/images\/mystery.jpg","contentUrl":"https:\/\/news.sap.com\/spain\/wp-content\/plugins\/wp-user-avatars\/wp-user-avatars\/assets\/images\/mystery.jpg","caption":"麻豆原创 News"},"url":"https:\/\/news.sap.com\/spain\/author\/colleenraftery\/"}]}},"amp_enabled":true,"_links":{"self":[{"href":"https:\/\/news.sap.com\/spain\/wp-json\/wp\/v2\/posts\/4027","targetHints":{"allow":["GET"]}}],"collection":[{"href":"https:\/\/news.sap.com\/spain\/wp-json\/wp\/v2\/posts"}],"about":[{"href":"https:\/\/news.sap.com\/spain\/wp-json\/wp\/v2\/types\/post"}],"author":[{"embeddable":true,"href":"https:\/\/news.sap.com\/spain\/wp-json\/wp\/v2\/users\/29"}],"replies":[{"embeddable":true,"href":"https:\/\/news.sap.com\/spain\/wp-json\/wp\/v2\/comments?post=4027"}],"version-history":[{"count":0,"href":"https:\/\/news.sap.com\/spain\/wp-json\/wp\/v2\/posts\/4027\/revisions"}],"wp:featuredmedia":[{"embeddable":true,"href":"https:\/\/news.sap.com\/spain\/wp-json\/wp\/v2\/media\/4029"}],"wp:attachment":[{"href":"https:\/\/news.sap.com\/spain\/wp-json\/wp\/v2\/media?parent=4027"}],"wp:term":[{"taxonomy":"category","embeddable":true,"href":"https:\/\/news.sap.com\/spain\/wp-json\/wp\/v2\/categories?post=4027"},{"taxonomy":"post_tag","embeddable":true,"href":"https:\/\/news.sap.com\/spain\/wp-json\/wp\/v2\/tags?post=4027"},{"taxonomy":"sapn-display","embeddable":true,"href":"https:\/\/news.sap.com\/spain\/wp-json\/wp\/v2\/sapn-display?post=4027"},{"taxonomy":"sapn-type","embeddable":true,"href":"https:\/\/news.sap.com\/spain\/wp-json\/wp\/v2\/sapn-type?post=4027"}],"curies":[{"name":"wp","href":"https:\/\/api.w.org\/{rel}","templated":true}]}}