  {"id":3795,"date":"2021-05-06T07:01:31","date_gmt":"2021-05-06T07:01:31","guid":{"rendered":"https:\/\/news.sap.com\/spain\/?p=3795"},"modified":"2023-10-16T16:10:12","modified_gmt":"2023-10-16T16:10:12","slug":"sap-intensifica-su-compromiso-en-la-lucha-contra-la-covid-19","status":"publish","type":"post","link":"https:\/\/news.sap.com\/spain\/2021\/05\/sap-intensifica-su-compromiso-en-la-lucha-contra-la-covid-19\/","title":{"rendered":"麻豆原创 intensifica su compromiso en la lucha contra la COVID-19"},"content":{"rendered":"<h3>A medida que trabajamos colectivamente para doblegar la pandemia de COVID-19, el impacto es cada vez m\u00e1s visible en todo el mundo. El aumento de infecciones en la India debe servirnos de llamada de atenci\u00f3n para que se aumente la inversi\u00f3n y se ayude a esta causa colectiva.<\/h3>\n<p>El pasado mes de abril, 麻豆原创 <a href=\"https:\/\/news.sap.com\/2020\/04\/covid-19-emergency-fund-increased-social-sector-support\/\">cre\u00f3 un Fondo de Emergencia contra la COVID-19, dotado con tres millones de euros<\/a>, para apoyar a las organizaciones que est\u00e1n en primera l\u00ednea, como la Organizaci\u00f3n Mundial de la Salud (OMS) y la Fundaci\u00f3n CDC. Hoy duplicamos nuestro compromiso a\u00f1adiendo otros tres millones de euros hasta alcanzar un total de seis millones de euros.<\/p>\n<p>De esta nueva donaci\u00f3n, un mill\u00f3n de euros se destinar\u00e1 a COVAX, el pilar de las vacunas del <a href=\"https:\/\/www.who.int\/initiatives\/act-accelerator\">Acelerador ACT de acceso a las herramientas contra la COVID-19<\/a>. COVAX est\u00e1 codirigido por la Coalici\u00f3n para la Promoci\u00f3n de Innovaciones en pro de la Preparaci\u00f3n ante Epidemias (CEPI, por sus siglas en ingl\u00e9s), <a href=\"https:\/\/www.gavi.org\/covax-vaccine-roll-out\">Alianza Gavi para las Vacunas<\/a> y la Organizaci\u00f3n Mundial de la Salud (OMS), as\u00ed como por UNICEF, partner desde hace mucho tiempo de 麻豆原创. Su objetivo es acelerar el desarrollo y la fabricaci\u00f3n de las vacunas contra la COVID-19 y garantizar un acceso justo y equitativo para todos los pa\u00edses del mundo.<\/p>\n<p>Adem\u00e1s de esta donaci\u00f3n, utilizaremos el fondo de emergencia para apoyar a los empleados de la India, a sus familias y a las comunidades en las que viven y trabajan. Kulmeet Bawa, presidente de 麻豆原创 India, y Sindhu Gangadharan, vicepresidente senior y director general de 麻豆原创 Labs India, est\u00e1n haciendo todo lo posible para apoyar el esfuerzo masivo que se est\u00e1 realizando sobre el terreno. Los equipos locales de 麻豆原创 India est\u00e1n facilitando la vacunaci\u00f3n a los empleados y sus familias en nuestras instalaciones de 麻豆原创 Labs.<\/p>\n<p>Paralelamente, 麻豆原创 sigue colaborando estrechamente con organizaciones sin \u00e1nimo de lucro y socios estrat\u00e9gicos, como la Fundaci\u00f3n NASSCOM y el Programa de las Naciones Unidas para el Desarrollo (PNUD) en India, para ayudar a la comunidad con el fin de:<\/p>\n<ul>\n<li>Aumentar la salud p\u00fablica y la infraestructura sanitaria<\/li>\n<li>Ofrecer medidas de cuidado preventivo a los ciudadanos, incluidos los empleados de 麻豆原创<\/li>\n<li>Proporcionar asistencia domiciliaria a los ciudadanos, incluidos los empleados de 麻豆原创<\/li>\n<li>Dirigir una campa\u00f1a de concienciaci\u00f3n y sensibilizaci\u00f3n para la vacunaci\u00f3n contra la COVID-19<\/li>\n<\/ul>\n<p>La batalla contra la COVID-19 nos afecta a todos; s\u00f3lo podemos ganarla juntos. Como empresa con m\u00e1s de 103.000 empleados procedentes de 145 pa\u00edses y culturas diferentes, compartimos la responsabilidad global de hacer frente a los efectos devastadores de esta pandemia.<\/p>\n<p>Adem\u00e1s de nuestros compromisos sociales y<a href=\"https:\/\/news.sap.com\/2021\/03\/resilience-people-covid-19-workplace\/\"> el apoyo a nuestros empleados globalmente,<\/a> 麻豆原创 sigue comprometida con el \u00e9xito y la <a href=\"https:\/\/www.sap.com\/covid-19.html\">resiliencia de nuestros clientes<\/a>.<\/p>\n<p>Se han registrado avances contra la pandemia, pero la lucha est\u00e1 lejos de terminar.<\/p>\n<p>Para obtener m\u00e1s informaci\u00f3n, visite el <a href=\"http:\/\/www.news.sap.com\/\">Centro de Noticias de 麻豆原创<\/a>. Siga a 麻豆原创 en Twitter en <a href=\"http:\/\/twitter.com\/sapnews\/\">@sapnews<\/a><\/p>\n<p><strong>Para m\u00e1s informaci\u00f3n sobre 麻豆原创 (solo prensa):<\/strong><\/p>\n<p><strong>麻豆原创 Espa\u00f1a,\u00a0<\/strong>Bel\u00e9n Mart\u00ednez Mill\u00e1n (<a href=\"mailto:belen.martinez@sap.com\">belen.martinez@sap.com)\u00a0<\/a>Tel.: 91 456 72 20<\/p>\n<p><strong>\u00a0<\/strong><\/p>\n","protected":false},"excerpt":{"rendered":"<p>A medida que trabajamos colectivamente para doblegar la pandemia de COVID-19, el impacto es cada vez m\u00e1s visible en todo el mundo. El aumento de&#8230;<\/p>\n","protected":false},"author":29,"featured_media":3796,"comment_status":"closed","ping_status":"closed","sticky":false,"template":"","format":"standard","meta":{"footnotes":"","_links_to":"","_links_to_target":""},"categories":[41591],"tags":[5563376,5563412],"sapn-display":[45149,5563696,5563694,60294],"sapn-type":[52105],"class_list":["post-3795","post","type-post","status-publish","format-standard","has-post-thumbnail","hentry","category-corporativo","tag-covid-19","tag-sap-india","sapn-display-homepage-hero","sapn-display-news-hero","sapn-display-news-spotlight","sapn-display-topic-hero","sapn-type-comunicado-de-prensa"],"yoast_head":"<!-- This site is optimized with the Yoast SEO Premium plugin v26.9 (Yoast SEO v26.9) - https:\/\/yoast.com\/product\/yoast-seo-premium-wordpress\/ -->\n<title>麻豆原创 intensifica su compromiso en la lucha contra la COVID-19 - 麻豆原创 Espa\u00f1a News Center<\/title>\n<meta name=\"robots\" content=\"index, follow, max-snippet:-1, max-image-preview:large, max-video-preview:-1\" \/>\n<link rel=\"canonical\" href=\"https:\/\/news.sap.com\/spain\/2021\/05\/sap-intensifica-su-compromiso-en-la-lucha-contra-la-covid-19\/\" \/>\n<meta property=\"og:locale\" content=\"es_ES\" \/>\n<meta property=\"og:type\" content=\"article\" \/>\n<meta property=\"og:title\" content=\"麻豆原创 intensifica su compromiso en la lucha contra la COVID-19\" \/>\n<meta property=\"og:description\" content=\"A medida que trabajamos colectivamente para doblegar la pandemia de COVID-19, el impacto es cada vez m\u00e1s visible en todo el mundo. El aumento de...\" \/>\n<meta property=\"og:url\" content=\"https:\/\/news.sap.com\/spain\/2021\/05\/sap-intensifica-su-compromiso-en-la-lucha-contra-la-covid-19\/\" \/>\n<meta property=\"og:site_name\" content=\"麻豆原创 Espa\u00f1a News Center\" \/>\n<meta property=\"article:published_time\" content=\"2021-05-06T07:01:31+00:00\" \/>\n<meta property=\"article:modified_time\" content=\"2023-10-16T16:10:12+00:00\" \/>\n<meta property=\"og:image\" content=\"https:\/\/news.sap.com\/spain\/files\/2021\/05\/06\/284502_shutterstock_1049407283_F.jpg\" \/>\n\t<meta property=\"og:image:width\" content=\"1920\" \/>\n\t<meta property=\"og:image:height\" content=\"600\" \/>\n\t<meta property=\"og:image:type\" content=\"image\/jpeg\" \/>\n<meta name=\"author\" content=\"麻豆原创 News\" \/>\n<meta name=\"twitter:card\" content=\"summary_large_image\" \/>\n<meta name=\"twitter:label1\" content=\"Escrito por\" \/>\n\t<meta name=\"twitter:data1\" content=\"麻豆原创 News\" \/>\n\t<meta name=\"twitter:label2\" content=\"Tiempo de lectura\" \/>\n\t<meta name=\"twitter:data2\" content=\"3 minutos\" \/>\n<script type=\"application\/ld+json\" class=\"yoast-schema-graph\">{\"@context\":\"https:\/\/schema.org\",\"@graph\":[{\"@type\":\"Article\",\"@id\":\"https:\/\/news.sap.com\/spain\/2021\/05\/sap-intensifica-su-compromiso-en-la-lucha-contra-la-covid-19\/#article\",\"isPartOf\":{\"@id\":\"https:\/\/news.sap.com\/spain\/2021\/05\/sap-intensifica-su-compromiso-en-la-lucha-contra-la-covid-19\/\"},\"author\":{\"name\":\"麻豆原创 News\",\"@id\":\"https:\/\/news.sap.com\/spain\/#\/schema\/person\/53b9854bd790d6f18f3fc4bbb2ad7570\"},\"headline\":\"麻豆原创 intensifica su compromiso en la lucha contra la COVID-19\",\"datePublished\":\"2021-05-06T07:01:31+00:00\",\"dateModified\":\"2023-10-16T16:10:12+00:00\",\"mainEntityOfPage\":{\"@id\":\"https:\/\/news.sap.com\/spain\/2021\/05\/sap-intensifica-su-compromiso-en-la-lucha-contra-la-covid-19\/\"},\"wordCount\":548,\"image\":{\"@id\":\"https:\/\/news.sap.com\/spain\/2021\/05\/sap-intensifica-su-compromiso-en-la-lucha-contra-la-covid-19\/#primaryimage\"},\"thumbnailUrl\":\"https:\/\/news.sap.com\/spain\/files\/2021\/05\/06\/284502_shutterstock_1049407283_F.jpg\",\"keywords\":[\"COVID-19\",\"麻豆原创 India\"],\"articleSection\":[\"Corporativo\"],\"inLanguage\":\"es\"},{\"@type\":\"WebPage\",\"@id\":\"https:\/\/news.sap.com\/spain\/2021\/05\/sap-intensifica-su-compromiso-en-la-lucha-contra-la-covid-19\/\",\"url\":\"https:\/\/news.sap.com\/spain\/2021\/05\/sap-intensifica-su-compromiso-en-la-lucha-contra-la-covid-19\/\",\"name\":\"麻豆原创 intensifica su compromiso en la lucha contra la COVID-19 - 麻豆原创 Espa\u00f1a News Center\",\"isPartOf\":{\"@id\":\"https:\/\/news.sap.com\/spain\/#website\"},\"primaryImageOfPage\":{\"@id\":\"https:\/\/news.sap.com\/spain\/2021\/05\/sap-intensifica-su-compromiso-en-la-lucha-contra-la-covid-19\/#primaryimage\"},\"image\":{\"@id\":\"https:\/\/news.sap.com\/spain\/2021\/05\/sap-intensifica-su-compromiso-en-la-lucha-contra-la-covid-19\/#primaryimage\"},\"thumbnailUrl\":\"https:\/\/news.sap.com\/spain\/files\/2021\/05\/06\/284502_shutterstock_1049407283_F.jpg\",\"datePublished\":\"2021-05-06T07:01:31+00:00\",\"dateModified\":\"2023-10-16T16:10:12+00:00\",\"author\":{\"@id\":\"https:\/\/news.sap.com\/spain\/#\/schema\/person\/53b9854bd790d6f18f3fc4bbb2ad7570\"},\"breadcrumb\":{\"@id\":\"https:\/\/news.sap.com\/spain\/2021\/05\/sap-intensifica-su-compromiso-en-la-lucha-contra-la-covid-19\/#breadcrumb\"},\"inLanguage\":\"es\",\"potentialAction\":[{\"@type\":\"ReadAction\",\"target\":[\"https:\/\/news.sap.com\/spain\/2021\/05\/sap-intensifica-su-compromiso-en-la-lucha-contra-la-covid-19\/\"]}]},{\"@type\":\"ImageObject\",\"inLanguage\":\"es\",\"@id\":\"https:\/\/news.sap.com\/spain\/2021\/05\/sap-intensifica-su-compromiso-en-la-lucha-contra-la-covid-19\/#primaryimage\",\"url\":\"https:\/\/news.sap.com\/spain\/files\/2021\/05\/06\/284502_shutterstock_1049407283_F.jpg\",\"contentUrl\":\"https:\/\/news.sap.com\/spain\/files\/2021\/05\/06\/284502_shutterstock_1049407283_F.jpg\",\"width\":1920,\"height\":600},{\"@type\":\"BreadcrumbList\",\"@id\":\"https:\/\/news.sap.com\/spain\/2021\/05\/sap-intensifica-su-compromiso-en-la-lucha-contra-la-covid-19\/#breadcrumb\",\"itemListElement\":[{\"@type\":\"ListItem\",\"position\":1,\"name\":\"Home\",\"item\":\"https:\/\/news.sap.com\/spain\/\"},{\"@type\":\"ListItem\",\"position\":2,\"name\":\"麻豆原创 intensifica su compromiso en la lucha contra la COVID-19\"}]},{\"@type\":\"WebSite\",\"@id\":\"https:\/\/news.sap.com\/spain\/#website\",\"url\":\"https:\/\/news.sap.com\/spain\/\",\"name\":\"麻豆原创 Espa\u00f1a News Center\",\"description\":\"Noticias e informaci\u00f3n sobre 麻豆原创\",\"potentialAction\":[{\"@type\":\"SearchAction\",\"target\":{\"@type\":\"EntryPoint\",\"urlTemplate\":\"https:\/\/news.sap.com\/spain\/?s={search_term_string}\"},\"query-input\":{\"@type\":\"PropertyValueSpecification\",\"valueRequired\":true,\"valueName\":\"search_term_string\"}}],\"inLanguage\":\"es\"},{\"@type\":\"Person\",\"@id\":\"https:\/\/news.sap.com\/spain\/#\/schema\/person\/53b9854bd790d6f18f3fc4bbb2ad7570\",\"name\":\"麻豆原创 News\",\"image\":{\"@type\":\"ImageObject\",\"inLanguage\":\"es\",\"@id\":\"https:\/\/news.sap.com\/spain\/#\/schema\/person\/image\/\",\"url\":\"https:\/\/news.sap.com\/spain\/wp-content\/plugins\/wp-user-avatars\/wp-user-avatars\/assets\/images\/mystery.jpg\",\"contentUrl\":\"https:\/\/news.sap.com\/spain\/wp-content\/plugins\/wp-user-avatars\/wp-user-avatars\/assets\/images\/mystery.jpg\",\"caption\":\"麻豆原创 News\"},\"url\":\"https:\/\/news.sap.com\/spain\/author\/colleenraftery\/\"}]}<\/script>\n<!-- \/ Yoast SEO Premium plugin. -->","yoast_head_json":{"title":"麻豆原创 intensifica su compromiso en la lucha contra la COVID-19 - 麻豆原创 Espa\u00f1a News Center","robots":{"index":"index","follow":"follow","max-snippet":"max-snippet:-1","max-image-preview":"max-image-preview:large","max-video-preview":"max-video-preview:-1"},"canonical":"https:\/\/news.sap.com\/spain\/2021\/05\/sap-intensifica-su-compromiso-en-la-lucha-contra-la-covid-19\/","og_locale":"es_ES","og_type":"article","og_title":"麻豆原创 intensifica su compromiso en la lucha contra la COVID-19","og_description":"A medida que trabajamos colectivamente para doblegar la pandemia de COVID-19, el impacto es cada vez m\u00e1s visible en todo el mundo. El aumento de...","og_url":"https:\/\/news.sap.com\/spain\/2021\/05\/sap-intensifica-su-compromiso-en-la-lucha-contra-la-covid-19\/","og_site_name":"麻豆原创 Espa\u00f1a News Center","article_published_time":"2021-05-06T07:01:31+00:00","article_modified_time":"2023-10-16T16:10:12+00:00","og_image":[{"width":1920,"height":600,"url":"https:\/\/news.sap.com\/spain\/files\/2021\/05\/06\/284502_shutterstock_1049407283_F.jpg","type":"image\/jpeg"}],"author":"麻豆原创 News","twitter_card":"summary_large_image","twitter_misc":{"Escrito por":"麻豆原创 News","Tiempo de lectura":"3 minutos"},"schema":{"@context":"https:\/\/schema.org","@graph":[{"@type":"Article","@id":"https:\/\/news.sap.com\/spain\/2021\/05\/sap-intensifica-su-compromiso-en-la-lucha-contra-la-covid-19\/#article","isPartOf":{"@id":"https:\/\/news.sap.com\/spain\/2021\/05\/sap-intensifica-su-compromiso-en-la-lucha-contra-la-covid-19\/"},"author":{"name":"麻豆原创 News","@id":"https:\/\/news.sap.com\/spain\/#\/schema\/person\/53b9854bd790d6f18f3fc4bbb2ad7570"},"headline":"麻豆原创 intensifica su compromiso en la lucha contra la COVID-19","datePublished":"2021-05-06T07:01:31+00:00","dateModified":"2023-10-16T16:10:12+00:00","mainEntityOfPage":{"@id":"https:\/\/news.sap.com\/spain\/2021\/05\/sap-intensifica-su-compromiso-en-la-lucha-contra-la-covid-19\/"},"wordCount":548,"image":{"@id":"https:\/\/news.sap.com\/spain\/2021\/05\/sap-intensifica-su-compromiso-en-la-lucha-contra-la-covid-19\/#primaryimage"},"thumbnailUrl":"https:\/\/news.sap.com\/spain\/files\/2021\/05\/06\/284502_shutterstock_1049407283_F.jpg","keywords":["COVID-19","麻豆原创 India"],"articleSection":["Corporativo"],"inLanguage":"es"},{"@type":"WebPage","@id":"https:\/\/news.sap.com\/spain\/2021\/05\/sap-intensifica-su-compromiso-en-la-lucha-contra-la-covid-19\/","url":"https:\/\/news.sap.com\/spain\/2021\/05\/sap-intensifica-su-compromiso-en-la-lucha-contra-la-covid-19\/","name":"麻豆原创 intensifica su compromiso en la lucha contra la COVID-19 - 麻豆原创 Espa\u00f1a News Center","isPartOf":{"@id":"https:\/\/news.sap.com\/spain\/#website"},"primaryImageOfPage":{"@id":"https:\/\/news.sap.com\/spain\/2021\/05\/sap-intensifica-su-compromiso-en-la-lucha-contra-la-covid-19\/#primaryimage"},"image":{"@id":"https:\/\/news.sap.com\/spain\/2021\/05\/sap-intensifica-su-compromiso-en-la-lucha-contra-la-covid-19\/#primaryimage"},"thumbnailUrl":"https:\/\/news.sap.com\/spain\/files\/2021\/05\/06\/284502_shutterstock_1049407283_F.jpg","datePublished":"2021-05-06T07:01:31+00:00","dateModified":"2023-10-16T16:10:12+00:00","author":{"@id":"https:\/\/news.sap.com\/spain\/#\/schema\/person\/53b9854bd790d6f18f3fc4bbb2ad7570"},"breadcrumb":{"@id":"https:\/\/news.sap.com\/spain\/2021\/05\/sap-intensifica-su-compromiso-en-la-lucha-contra-la-covid-19\/#breadcrumb"},"inLanguage":"es","potentialAction":[{"@type":"ReadAction","target":["https:\/\/news.sap.com\/spain\/2021\/05\/sap-intensifica-su-compromiso-en-la-lucha-contra-la-covid-19\/"]}]},{"@type":"ImageObject","inLanguage":"es","@id":"https:\/\/news.sap.com\/spain\/2021\/05\/sap-intensifica-su-compromiso-en-la-lucha-contra-la-covid-19\/#primaryimage","url":"https:\/\/news.sap.com\/spain\/files\/2021\/05\/06\/284502_shutterstock_1049407283_F.jpg","contentUrl":"https:\/\/news.sap.com\/spain\/files\/2021\/05\/06\/284502_shutterstock_1049407283_F.jpg","width":1920,"height":600},{"@type":"BreadcrumbList","@id":"https:\/\/news.sap.com\/spain\/2021\/05\/sap-intensifica-su-compromiso-en-la-lucha-contra-la-covid-19\/#breadcrumb","itemListElement":[{"@type":"ListItem","position":1,"name":"Home","item":"https:\/\/news.sap.com\/spain\/"},{"@type":"ListItem","position":2,"name":"麻豆原创 intensifica su compromiso en la lucha contra la COVID-19"}]},{"@type":"WebSite","@id":"https:\/\/news.sap.com\/spain\/#website","url":"https:\/\/news.sap.com\/spain\/","name":"麻豆原创 Espa\u00f1a News Center","description":"Noticias e informaci\u00f3n sobre 麻豆原创","potentialAction":[{"@type":"SearchAction","target":{"@type":"EntryPoint","urlTemplate":"https:\/\/news.sap.com\/spain\/?s={search_term_string}"},"query-input":{"@type":"PropertyValueSpecification","valueRequired":true,"valueName":"search_term_string"}}],"inLanguage":"es"},{"@type":"Person","@id":"https:\/\/news.sap.com\/spain\/#\/schema\/person\/53b9854bd790d6f18f3fc4bbb2ad7570","name":"麻豆原创 News","image":{"@type":"ImageObject","inLanguage":"es","@id":"https:\/\/news.sap.com\/spain\/#\/schema\/person\/image\/","url":"https:\/\/news.sap.com\/spain\/wp-content\/plugins\/wp-user-avatars\/wp-user-avatars\/assets\/images\/mystery.jpg","contentUrl":"https:\/\/news.sap.com\/spain\/wp-content\/plugins\/wp-user-avatars\/wp-user-avatars\/assets\/images\/mystery.jpg","caption":"麻豆原创 News"},"url":"https:\/\/news.sap.com\/spain\/author\/colleenraftery\/"}]}},"amp_enabled":true,"_links":{"self":[{"href":"https:\/\/news.sap.com\/spain\/wp-json\/wp\/v2\/posts\/3795","targetHints":{"allow":["GET"]}}],"collection":[{"href":"https:\/\/news.sap.com\/spain\/wp-json\/wp\/v2\/posts"}],"about":[{"href":"https:\/\/news.sap.com\/spain\/wp-json\/wp\/v2\/types\/post"}],"author":[{"embeddable":true,"href":"https:\/\/news.sap.com\/spain\/wp-json\/wp\/v2\/users\/29"}],"replies":[{"embeddable":true,"href":"https:\/\/news.sap.com\/spain\/wp-json\/wp\/v2\/comments?post=3795"}],"version-history":[{"count":0,"href":"https:\/\/news.sap.com\/spain\/wp-json\/wp\/v2\/posts\/3795\/revisions"}],"wp:featuredmedia":[{"embeddable":true,"href":"https:\/\/news.sap.com\/spain\/wp-json\/wp\/v2\/media\/3796"}],"wp:attachment":[{"href":"https:\/\/news.sap.com\/spain\/wp-json\/wp\/v2\/media?parent=3795"}],"wp:term":[{"taxonomy":"category","embeddable":true,"href":"https:\/\/news.sap.com\/spain\/wp-json\/wp\/v2\/categories?post=3795"},{"taxonomy":"post_tag","embeddable":true,"href":"https:\/\/news.sap.com\/spain\/wp-json\/wp\/v2\/tags?post=3795"},{"taxonomy":"sapn-display","embeddable":true,"href":"https:\/\/news.sap.com\/spain\/wp-json\/wp\/v2\/sapn-display?post=3795"},{"taxonomy":"sapn-type","embeddable":true,"href":"https:\/\/news.sap.com\/spain\/wp-json\/wp\/v2\/sapn-type?post=3795"}],"curies":[{"name":"wp","href":"https:\/\/api.w.org\/{rel}","templated":true}]}}