  {"id":3437,"date":"2021-03-05T08:51:34","date_gmt":"2021-03-05T08:51:34","guid":{"rendered":"https:\/\/news.sap.com\/spain\/?p=3437"},"modified":"2023-10-16T16:24:04","modified_gmt":"2023-10-16T16:24:04","slug":"hagamos-que-la-tecnologia-tenga-nombre-de-mujer","status":"publish","type":"post","link":"https:\/\/news.sap.com\/spain\/2021\/03\/hagamos-que-la-tecnologia-tenga-nombre-de-mujer\/","title":{"rendered":"Hagamos que la tecnolog\u00eda tenga nombre de mujer"},"content":{"rendered":"<h3>Los matem\u00e1ticos tendemos a que nuestra mentalidad cient\u00edfica nos lleve continuamente a analizar datos para extraer nuestras propias conclusiones. Ahora que se acerca el 8 de marzo y se observar\u00e1 la situaci\u00f3n de la mujer desde distintos puntos de vista, sent\u00eda curiosidad por ver cu\u00e1l es esta situaci\u00f3n en el \u00e1mbito en el que trabajo, la tecnolog\u00eda.<\/h3>\n<p>Seg\u00fan la <a href=\"https:\/\/ec.europa.eu\/digital-single-market\/en\/news\/women-digital-scoreboard-2020\">Comisi\u00f3n Europea<\/a>, solo el 1,2% de las mujeres en Espa\u00f1a est\u00e1n contratadas como especialistas TIC, frente al 5% de los hombres. Un porcentaje baj\u00edsimo que que nos sit\u00faa en el puesto 18 de la UE. Si profundizamos un poco m\u00e1s, la relaci\u00f3n de mujeres que ocupan un puesto directivo en este sector, frente al de hombres est\u00e1 escandalosamente descompensada en favor, adivinen, de los hombres en un 94% versus un 6%.<\/p>\n<p>Adem\u00e1s de matem\u00e1tica y directiva en una de las mayores compa\u00f1\u00edas TIC, uno de mis grandes anhelos es el emprendimiento. Espero llevarlo a la pr\u00e1ctica alg\u00fan d\u00eda y conf\u00edo en que, para entonces, este dato haya cambiado: en Europa solo el 8,4% de la inversi\u00f3n en capital riesgo se dirige a startups con, al menos, una mujer fundadora. Esta cifra demuestra lo enormemente asociado que tiene esta sociedad el emprendimiento con el sexo masculino porque no es que no nos animemos a fundar empresas -el 30% de las compa\u00f1\u00edas en todo el mundo son propiedad de mujeres-, sino que no nos ven en ese papel o no conf\u00edan en nosotras para financiarnos.<\/p>\n<hr \/>\n<h4><em>Este panorama pone de manifiesto la urgencia de promover iniciativas que impulsen el emprendimiento femenino, junto con los planes y programas para fomentar la formaci\u00f3n en STEM en la base. Incluso, se podr\u00edan combinar ambas \u00e1reas para favorecer el emprendimiento tecnol\u00f3gico entre las mujeres.<\/em><\/h4>\n<hr \/>\n<p>Esas iniciativas deben ir acompa\u00f1adas de un cambio cultural de la sociedad en general y tambi\u00e9n de un cambio de mentalidad entre nosotras: nos falta asertividad. Si no estamos convencidas de que podemos hacer algo de una forma excelente, no optamos a ello. Tenemos que trabajarlo desde las primeras etapas de la infancia para que las pr\u00f3ximas generaciones de mujeres pisen todo lo fuerte que debemos.<\/p>\n<p>Probablemente, esas generaciones tambi\u00e9n contribuyan a cambiar las cifras de formaci\u00f3n en carreras t\u00e9cnicas<a href=\"https:\/\/www.ine.es\/ss\/Satellite?L=es_ES&amp;c=INESeccion_C&amp;cid=1259925481712&amp;p=1254+35110672&amp;pagename=ProductosYServicios%2FPYSLayout&amp;param1=PYSDetalle&amp;param3=1259924822888#:~:text=En%20el%20a%C3%B1o%202018%20en,mujeres%20de%2012%2C7%E2%80%B0.\">: solo el 12,7% de las mujeres de 20 a 29 a\u00f1os graduadas lo son en carreras t\u00e9cnicas<\/a>, frente al 30,1% de hombres. El porcentaje de hombres m\u00e1s que duplica al de mujeres. Es cierto que, en los \u00faltimos 10 a\u00f1os, las cifras de estudiantes de carreras t\u00e9cnicas han ca\u00eddo en ambos sexos y tambi\u00e9n que lo ha hecho en un grado mucho mayor entre los chicos -m\u00e1s de un 30%- que entre las chicas -menos del 5%-, pero no puede servir de consuelo. Es fundamental lograr atraer a las mujeres hacia carreras STEM para que consigan aumentar los porcentajes de mujeres especialistas TIC y, por ende, de mujeres directivas.<\/p>\n<p>Hagamos que se lo crean para que llegue un d\u00eda en el que no tengamos que recurrir a estas estad\u00edsticas y la situaci\u00f3n de las mujeres, en carreras t\u00e9cnicas o en cualquier otro \u00e1mbito profesional, deje de ser un tema para el an\u00e1lisis. Solo entonces, habremos logrado la aut\u00e9ntica igualdad o por qu\u00e9 no habremos conseguido que la tecnolog\u00eda tenga nombre de mujer.<\/p>\n<hr \/>\n<p><em>Anna Or\u00f3 es directora de Operaciones de 麻豆原创 Espa\u00f1a<\/em><\/p>\n","protected":false},"excerpt":{"rendered":"<p>Los matem\u00e1ticos tendemos a que nuestra mentalidad cient\u00edfica nos lleve continuamente a analizar datos para extraer nuestras propias conclusiones. Ahora que se acerca el 8&#8230;<\/p>\n","protected":false},"author":3377,"featured_media":3449,"comment_status":"closed","ping_status":"closed","sticky":false,"template":"","format":"standard","meta":{"footnotes":"","_links_to":"","_links_to_target":""},"categories":[41591],"tags":[5563389,5563387,5563386,5563388,5563691],"sapn-display":[5563695,5563693,60294],"sapn-type":[5562504],"class_list":["post-3437","post","type-post","status-publish","format-standard","has-post-thumbnail","hentry","category-corporativo","tag-lifeatsap","tag-choosetochallenge","tag-iwd2021","tag-sapwomenintech","tag-diversidad-e-inclusion","sapn-display-articulo-hero","sapn-display-articulo-spotlight","sapn-display-topic-hero","sapn-type-articulo"],"yoast_head":"<!-- This site is optimized with the Yoast SEO Premium plugin v26.9 (Yoast SEO v26.9) - https:\/\/yoast.com\/product\/yoast-seo-premium-wordpress\/ -->\n<title>Hagamos que la tecnolog\u00eda tenga nombre de mujer - 麻豆原创 Espa\u00f1a News Center<\/title>\n<meta name=\"robots\" content=\"index, follow, max-snippet:-1, max-image-preview:large, max-video-preview:-1\" \/>\n<link rel=\"canonical\" href=\"https:\/\/news.sap.com\/spain\/2021\/03\/hagamos-que-la-tecnologia-tenga-nombre-de-mujer\/\" \/>\n<meta property=\"og:locale\" content=\"es_ES\" \/>\n<meta property=\"og:type\" content=\"article\" \/>\n<meta property=\"og:title\" content=\"Hagamos que la tecnolog\u00eda tenga nombre de mujer\" \/>\n<meta property=\"og:description\" content=\"Los matem\u00e1ticos tendemos a que nuestra mentalidad cient\u00edfica nos lleve continuamente a analizar datos para extraer nuestras propias conclusiones. Ahora que se acerca el 8...\" \/>\n<meta property=\"og:url\" content=\"https:\/\/news.sap.com\/spain\/2021\/03\/hagamos-que-la-tecnologia-tenga-nombre-de-mujer\/\" \/>\n<meta property=\"og:site_name\" content=\"麻豆原创 Espa\u00f1a News Center\" \/>\n<meta property=\"article:published_time\" content=\"2021-03-05T08:51:34+00:00\" \/>\n<meta property=\"article:modified_time\" content=\"2023-10-16T16:24:04+00:00\" \/>\n<meta property=\"og:image\" content=\"https:\/\/news.sap.com\/spain\/files\/2021\/03\/05\/287020_GettyImages-934874616_small.jpg\" \/>\n\t<meta property=\"og:image:width\" content=\"723\" \/>\n\t<meta property=\"og:image:height\" content=\"482\" \/>\n\t<meta property=\"og:image:type\" content=\"image\/jpeg\" \/>\n<meta name=\"author\" content=\"Anna Or\u00f3\" \/>\n<meta name=\"twitter:card\" content=\"summary_large_image\" \/>\n<meta name=\"twitter:label1\" content=\"Escrito por\" \/>\n\t<meta name=\"twitter:data1\" content=\"Anna Or\u00f3\" \/>\n\t<meta name=\"twitter:label2\" content=\"Tiempo de lectura\" \/>\n\t<meta name=\"twitter:data2\" content=\"3 minutos\" \/>\n<script type=\"application\/ld+json\" class=\"yoast-schema-graph\">{\"@context\":\"https:\/\/schema.org\",\"@graph\":[{\"@type\":\"Article\",\"@id\":\"https:\/\/news.sap.com\/spain\/2021\/03\/hagamos-que-la-tecnologia-tenga-nombre-de-mujer\/#article\",\"isPartOf\":{\"@id\":\"https:\/\/news.sap.com\/spain\/2021\/03\/hagamos-que-la-tecnologia-tenga-nombre-de-mujer\/\"},\"author\":{\"name\":\"Anna Or\u00f3\",\"@id\":\"https:\/\/news.sap.com\/spain\/#\/schema\/person\/06ecd4b11ff9e2b7464b55b6ea1a9581\"},\"headline\":\"Hagamos que la tecnolog\u00eda tenga nombre de mujer\",\"datePublished\":\"2021-03-05T08:51:34+00:00\",\"dateModified\":\"2023-10-16T16:24:04+00:00\",\"mainEntityOfPage\":{\"@id\":\"https:\/\/news.sap.com\/spain\/2021\/03\/hagamos-que-la-tecnologia-tenga-nombre-de-mujer\/\"},\"wordCount\":593,\"image\":{\"@id\":\"https:\/\/news.sap.com\/spain\/2021\/03\/hagamos-que-la-tecnologia-tenga-nombre-de-mujer\/#primaryimage\"},\"thumbnailUrl\":\"https:\/\/news.sap.com\/spain\/files\/2021\/03\/05\/287020_GettyImages-934874616_small.jpg\",\"keywords\":[\"@LifeAt麻豆原创\",\"#ChooseToChallenge\",\"#IWD2021\",\"#麻豆原创WomenInTech\",\"Diversidad e Inclusi\u00f3n\"],\"articleSection\":[\"Corporativo\"],\"inLanguage\":\"es\"},{\"@type\":\"WebPage\",\"@id\":\"https:\/\/news.sap.com\/spain\/2021\/03\/hagamos-que-la-tecnologia-tenga-nombre-de-mujer\/\",\"url\":\"https:\/\/news.sap.com\/spain\/2021\/03\/hagamos-que-la-tecnologia-tenga-nombre-de-mujer\/\",\"name\":\"Hagamos que la tecnolog\u00eda tenga nombre de mujer - 麻豆原创 Espa\u00f1a News Center\",\"isPartOf\":{\"@id\":\"https:\/\/news.sap.com\/spain\/#website\"},\"primaryImageOfPage\":{\"@id\":\"https:\/\/news.sap.com\/spain\/2021\/03\/hagamos-que-la-tecnologia-tenga-nombre-de-mujer\/#primaryimage\"},\"image\":{\"@id\":\"https:\/\/news.sap.com\/spain\/2021\/03\/hagamos-que-la-tecnologia-tenga-nombre-de-mujer\/#primaryimage\"},\"thumbnailUrl\":\"https:\/\/news.sap.com\/spain\/files\/2021\/03\/05\/287020_GettyImages-934874616_small.jpg\",\"datePublished\":\"2021-03-05T08:51:34+00:00\",\"dateModified\":\"2023-10-16T16:24:04+00:00\",\"author\":{\"@id\":\"https:\/\/news.sap.com\/spain\/#\/schema\/person\/06ecd4b11ff9e2b7464b55b6ea1a9581\"},\"breadcrumb\":{\"@id\":\"https:\/\/news.sap.com\/spain\/2021\/03\/hagamos-que-la-tecnologia-tenga-nombre-de-mujer\/#breadcrumb\"},\"inLanguage\":\"es\",\"potentialAction\":[{\"@type\":\"ReadAction\",\"target\":[\"https:\/\/news.sap.com\/spain\/2021\/03\/hagamos-que-la-tecnologia-tenga-nombre-de-mujer\/\"]}]},{\"@type\":\"ImageObject\",\"inLanguage\":\"es\",\"@id\":\"https:\/\/news.sap.com\/spain\/2021\/03\/hagamos-que-la-tecnologia-tenga-nombre-de-mujer\/#primaryimage\",\"url\":\"https:\/\/news.sap.com\/spain\/files\/2021\/03\/05\/287020_GettyImages-934874616_small.jpg\",\"contentUrl\":\"https:\/\/news.sap.com\/spain\/files\/2021\/03\/05\/287020_GettyImages-934874616_small.jpg\",\"width\":723,\"height\":482},{\"@type\":\"BreadcrumbList\",\"@id\":\"https:\/\/news.sap.com\/spain\/2021\/03\/hagamos-que-la-tecnologia-tenga-nombre-de-mujer\/#breadcrumb\",\"itemListElement\":[{\"@type\":\"ListItem\",\"position\":1,\"name\":\"Home\",\"item\":\"https:\/\/news.sap.com\/spain\/\"},{\"@type\":\"ListItem\",\"position\":2,\"name\":\"Hagamos que la tecnolog\u00eda tenga nombre de mujer\"}]},{\"@type\":\"WebSite\",\"@id\":\"https:\/\/news.sap.com\/spain\/#website\",\"url\":\"https:\/\/news.sap.com\/spain\/\",\"name\":\"麻豆原创 Espa\u00f1a News Center\",\"description\":\"Noticias e informaci\u00f3n sobre 麻豆原创\",\"potentialAction\":[{\"@type\":\"SearchAction\",\"target\":{\"@type\":\"EntryPoint\",\"urlTemplate\":\"https:\/\/news.sap.com\/spain\/?s={search_term_string}\"},\"query-input\":{\"@type\":\"PropertyValueSpecification\",\"valueRequired\":true,\"valueName\":\"search_term_string\"}}],\"inLanguage\":\"es\"},{\"@type\":\"Person\",\"@id\":\"https:\/\/news.sap.com\/spain\/#\/schema\/person\/06ecd4b11ff9e2b7464b55b6ea1a9581\",\"name\":\"Anna Or\u00f3\",\"image\":{\"@type\":\"ImageObject\",\"inLanguage\":\"es\",\"@id\":\"https:\/\/news.sap.com\/spain\/#\/schema\/person\/image\/\",\"url\":\"https:\/\/news.sap.com\/spain\/wp-content\/plugins\/wp-user-avatars\/wp-user-avatars\/assets\/images\/mystery.jpg\",\"contentUrl\":\"https:\/\/news.sap.com\/spain\/wp-content\/plugins\/wp-user-avatars\/wp-user-avatars\/assets\/images\/mystery.jpg\",\"caption\":\"Anna Or\u00f3\"},\"url\":\"https:\/\/news.sap.com\/spain\/author\/annaoro\/\"}]}<\/script>\n<!-- \/ Yoast SEO Premium plugin. -->","yoast_head_json":{"title":"Hagamos que la tecnolog\u00eda tenga nombre de mujer - 麻豆原创 Espa\u00f1a News Center","robots":{"index":"index","follow":"follow","max-snippet":"max-snippet:-1","max-image-preview":"max-image-preview:large","max-video-preview":"max-video-preview:-1"},"canonical":"https:\/\/news.sap.com\/spain\/2021\/03\/hagamos-que-la-tecnologia-tenga-nombre-de-mujer\/","og_locale":"es_ES","og_type":"article","og_title":"Hagamos que la tecnolog\u00eda tenga nombre de mujer","og_description":"Los matem\u00e1ticos tendemos a que nuestra mentalidad cient\u00edfica nos lleve continuamente a analizar datos para extraer nuestras propias conclusiones. Ahora que se acerca el 8...","og_url":"https:\/\/news.sap.com\/spain\/2021\/03\/hagamos-que-la-tecnologia-tenga-nombre-de-mujer\/","og_site_name":"麻豆原创 Espa\u00f1a News Center","article_published_time":"2021-03-05T08:51:34+00:00","article_modified_time":"2023-10-16T16:24:04+00:00","og_image":[{"width":723,"height":482,"url":"https:\/\/news.sap.com\/spain\/files\/2021\/03\/05\/287020_GettyImages-934874616_small.jpg","type":"image\/jpeg"}],"author":"Anna Or\u00f3","twitter_card":"summary_large_image","twitter_misc":{"Escrito por":"Anna Or\u00f3","Tiempo de lectura":"3 minutos"},"schema":{"@context":"https:\/\/schema.org","@graph":[{"@type":"Article","@id":"https:\/\/news.sap.com\/spain\/2021\/03\/hagamos-que-la-tecnologia-tenga-nombre-de-mujer\/#article","isPartOf":{"@id":"https:\/\/news.sap.com\/spain\/2021\/03\/hagamos-que-la-tecnologia-tenga-nombre-de-mujer\/"},"author":{"name":"Anna Or\u00f3","@id":"https:\/\/news.sap.com\/spain\/#\/schema\/person\/06ecd4b11ff9e2b7464b55b6ea1a9581"},"headline":"Hagamos que la tecnolog\u00eda tenga nombre de mujer","datePublished":"2021-03-05T08:51:34+00:00","dateModified":"2023-10-16T16:24:04+00:00","mainEntityOfPage":{"@id":"https:\/\/news.sap.com\/spain\/2021\/03\/hagamos-que-la-tecnologia-tenga-nombre-de-mujer\/"},"wordCount":593,"image":{"@id":"https:\/\/news.sap.com\/spain\/2021\/03\/hagamos-que-la-tecnologia-tenga-nombre-de-mujer\/#primaryimage"},"thumbnailUrl":"https:\/\/news.sap.com\/spain\/files\/2021\/03\/05\/287020_GettyImages-934874616_small.jpg","keywords":["@LifeAt麻豆原创","#ChooseToChallenge","#IWD2021","#麻豆原创WomenInTech","Diversidad e Inclusi\u00f3n"],"articleSection":["Corporativo"],"inLanguage":"es"},{"@type":"WebPage","@id":"https:\/\/news.sap.com\/spain\/2021\/03\/hagamos-que-la-tecnologia-tenga-nombre-de-mujer\/","url":"https:\/\/news.sap.com\/spain\/2021\/03\/hagamos-que-la-tecnologia-tenga-nombre-de-mujer\/","name":"Hagamos que la tecnolog\u00eda tenga nombre de mujer - 麻豆原创 Espa\u00f1a News Center","isPartOf":{"@id":"https:\/\/news.sap.com\/spain\/#website"},"primaryImageOfPage":{"@id":"https:\/\/news.sap.com\/spain\/2021\/03\/hagamos-que-la-tecnologia-tenga-nombre-de-mujer\/#primaryimage"},"image":{"@id":"https:\/\/news.sap.com\/spain\/2021\/03\/hagamos-que-la-tecnologia-tenga-nombre-de-mujer\/#primaryimage"},"thumbnailUrl":"https:\/\/news.sap.com\/spain\/files\/2021\/03\/05\/287020_GettyImages-934874616_small.jpg","datePublished":"2021-03-05T08:51:34+00:00","dateModified":"2023-10-16T16:24:04+00:00","author":{"@id":"https:\/\/news.sap.com\/spain\/#\/schema\/person\/06ecd4b11ff9e2b7464b55b6ea1a9581"},"breadcrumb":{"@id":"https:\/\/news.sap.com\/spain\/2021\/03\/hagamos-que-la-tecnologia-tenga-nombre-de-mujer\/#breadcrumb"},"inLanguage":"es","potentialAction":[{"@type":"ReadAction","target":["https:\/\/news.sap.com\/spain\/2021\/03\/hagamos-que-la-tecnologia-tenga-nombre-de-mujer\/"]}]},{"@type":"ImageObject","inLanguage":"es","@id":"https:\/\/news.sap.com\/spain\/2021\/03\/hagamos-que-la-tecnologia-tenga-nombre-de-mujer\/#primaryimage","url":"https:\/\/news.sap.com\/spain\/files\/2021\/03\/05\/287020_GettyImages-934874616_small.jpg","contentUrl":"https:\/\/news.sap.com\/spain\/files\/2021\/03\/05\/287020_GettyImages-934874616_small.jpg","width":723,"height":482},{"@type":"BreadcrumbList","@id":"https:\/\/news.sap.com\/spain\/2021\/03\/hagamos-que-la-tecnologia-tenga-nombre-de-mujer\/#breadcrumb","itemListElement":[{"@type":"ListItem","position":1,"name":"Home","item":"https:\/\/news.sap.com\/spain\/"},{"@type":"ListItem","position":2,"name":"Hagamos que la tecnolog\u00eda tenga nombre de mujer"}]},{"@type":"WebSite","@id":"https:\/\/news.sap.com\/spain\/#website","url":"https:\/\/news.sap.com\/spain\/","name":"麻豆原创 Espa\u00f1a News Center","description":"Noticias e informaci\u00f3n sobre 麻豆原创","potentialAction":[{"@type":"SearchAction","target":{"@type":"EntryPoint","urlTemplate":"https:\/\/news.sap.com\/spain\/?s={search_term_string}"},"query-input":{"@type":"PropertyValueSpecification","valueRequired":true,"valueName":"search_term_string"}}],"inLanguage":"es"},{"@type":"Person","@id":"https:\/\/news.sap.com\/spain\/#\/schema\/person\/06ecd4b11ff9e2b7464b55b6ea1a9581","name":"Anna Or\u00f3","image":{"@type":"ImageObject","inLanguage":"es","@id":"https:\/\/news.sap.com\/spain\/#\/schema\/person\/image\/","url":"https:\/\/news.sap.com\/spain\/wp-content\/plugins\/wp-user-avatars\/wp-user-avatars\/assets\/images\/mystery.jpg","contentUrl":"https:\/\/news.sap.com\/spain\/wp-content\/plugins\/wp-user-avatars\/wp-user-avatars\/assets\/images\/mystery.jpg","caption":"Anna Or\u00f3"},"url":"https:\/\/news.sap.com\/spain\/author\/annaoro\/"}]}},"amp_enabled":true,"_links":{"self":[{"href":"https:\/\/news.sap.com\/spain\/wp-json\/wp\/v2\/posts\/3437","targetHints":{"allow":["GET"]}}],"collection":[{"href":"https:\/\/news.sap.com\/spain\/wp-json\/wp\/v2\/posts"}],"about":[{"href":"https:\/\/news.sap.com\/spain\/wp-json\/wp\/v2\/types\/post"}],"author":[{"embeddable":true,"href":"https:\/\/news.sap.com\/spain\/wp-json\/wp\/v2\/users\/3377"}],"replies":[{"embeddable":true,"href":"https:\/\/news.sap.com\/spain\/wp-json\/wp\/v2\/comments?post=3437"}],"version-history":[{"count":0,"href":"https:\/\/news.sap.com\/spain\/wp-json\/wp\/v2\/posts\/3437\/revisions"}],"wp:featuredmedia":[{"embeddable":true,"href":"https:\/\/news.sap.com\/spain\/wp-json\/wp\/v2\/media\/3449"}],"wp:attachment":[{"href":"https:\/\/news.sap.com\/spain\/wp-json\/wp\/v2\/media?parent=3437"}],"wp:term":[{"taxonomy":"category","embeddable":true,"href":"https:\/\/news.sap.com\/spain\/wp-json\/wp\/v2\/categories?post=3437"},{"taxonomy":"post_tag","embeddable":true,"href":"https:\/\/news.sap.com\/spain\/wp-json\/wp\/v2\/tags?post=3437"},{"taxonomy":"sapn-display","embeddable":true,"href":"https:\/\/news.sap.com\/spain\/wp-json\/wp\/v2\/sapn-display?post=3437"},{"taxonomy":"sapn-type","embeddable":true,"href":"https:\/\/news.sap.com\/spain\/wp-json\/wp\/v2\/sapn-type?post=3437"}],"curies":[{"name":"wp","href":"https:\/\/api.w.org\/{rel}","templated":true}]}}