  {"id":3360,"date":"2021-02-18T10:00:08","date_gmt":"2021-02-18T10:00:08","guid":{"rendered":"https:\/\/news.sap.com\/spain\/?p=3360"},"modified":"2023-10-16T16:24:10","modified_gmt":"2023-10-16T16:24:10","slug":"estrategias-de-sostenibilidad-de-las-empresas-un-eslabon-fundamental-en-la-cadena-de-progreso-economico-social-y-medioambiental","status":"publish","type":"post","link":"https:\/\/news.sap.com\/spain\/2021\/02\/estrategias-de-sostenibilidad-de-las-empresas-un-eslabon-fundamental-en-la-cadena-de-progreso-economico-social-y-medioambiental\/","title":{"rendered":"Estrategias de sostenibilidad de las empresas: un eslab\u00f3n fundamental en la cadena de progreso econ\u00f3mico, social y medioambiental"},"content":{"rendered":"<p><a href=\"https:\/\/www.linkedin.com\/in\/cristinaantelosustainability\/\"><span style=\"color: #3366ff\">Por Cristina Antelo Albertos, Responsable de RSC para 麻豆原创 Espa\u00f1a y Portugal<\/span><\/a><\/p>\n<p class=\"lead\">El debate sobre el papel que las empresas deben adoptar con el entorno en el que operan est\u00e1 ya superado, y hay un consenso generalizado en <strong>que las compa\u00f1\u00edas pueden y deben \u00a0desarrollar un rol activo en el \u00e1rea social y medioambiental<\/strong> y no ce\u00f1irse exclusivamente al \u00e1mbito econ\u00f3mico y a su actividad habitual. Los beneficios para la sociedad y la propia empresa son claros.<\/p>\n<p>&nbsp;<\/p>\n<p>En el a\u00f1o 2018 el m\u00e9dico sueco Hans Rosling public\u00f3 \u00abFactfulness: Diez razones por las que estamos equivocados sobre el mundo. Y por qu\u00e9 las cosas est\u00e1n mejor de lo que piensas\u201d. Un libro optimista en el que explica por qu\u00e9 la mayor\u00eda de las personas somos m\u00e1s pesimistas de lo que en realidad deber\u00edamos ser dada la situaci\u00f3n real de nuestro mundo. Rosling se fija en <strong>indicadores que miden la evoluci\u00f3n de la educaci\u00f3n, pobreza, salud, medio ambiente, igualdad de g\u00e9nero<\/strong>&#8230; Y ci\u00f1\u00e9ndose a los datos, demuestra que el mundo en general, tanto en pa\u00edses ricos como pobres, ha ido a mejor. Si comparamos c\u00f3mo eran las cosas hace cincuenta a\u00f1os o un siglo, vemos que:<\/p>\n<ul>\n<li>La mortalidad infantil y pobreza extrema han descendido dr\u00e1sticamente<\/li>\n<li>M\u00e1s ni\u00f1os y ni\u00f1as asisten a la escuela<\/li>\n<li>La esperanza de vida es mayor\u2026 y la lista sigue.<\/li>\n<\/ul>\n<p>Necesitamos todav\u00eda tiempo y perspectiva para analizar el impacto a largo plazo que la irrupci\u00f3n del covid- 19 ha tenido en estos indicadores. Pero incluso a pesar de esta pandemia mundial, el mundo es m\u00e1s saludable y seguro que nunca.<\/p>\n<h2><strong>El camino de las empresas hacia el desarrollo de modelos de negocio sostenibles<\/strong><\/h2>\n<p><strong>\u00a0<\/strong>Este avance ha sido posible gracias al esfuerzo de gobiernos (locales, regionales, nacionales), organismos internacionales, organizaciones del tercer sector (fundaciones y ONG)\u00a0 y tambi\u00e9n, gracias al trabajo de empresas de todos los tama\u00f1os. Empresas que son, en s\u00ed mismas, generadoras de c\u00edrculos virtuosos ya que:<\/p>\n<ul>\n<li>Pagan impuestos<\/li>\n<li>Impulsan el consumo a trav\u00e9s de sus compras<\/li>\n<li>Promueven la innovaci\u00f3n<\/li>\n<li>Y generan empleo. Empleados que a su vez tambi\u00e9n pagan impuestos y consumen.<\/li>\n<\/ul>\n<p>De hecho, es la ausencia de empresas, y no la presencia de las mismas, lo que condena a los pa\u00edses a la pobreza.<\/p>\n<p>Adem\u00e1s de desempe\u00f1ar su actividad habitual, muchas compa\u00f1\u00edas tradicionalmente han aportado su granito de arena a diversas causas sociales y medioambientales a trav\u00e9s de actividades filantr\u00f3picas. Sin embargo a partir de los a\u00f1os 70 del pasado siglo, paulatinamente<strong>, las empresas empiezan a incorporar la <a href=\"https:\/\/news.sap.com\/spain\/2021\/01\/la-sostenibilidad-pilar-fundamental-en-futuro-de-empresas\/\">sostenibilidad como un objetivo estrat\u00e9gico<\/a>, <\/strong>introduciendo no solo criterios econ\u00f3micos, sino tambi\u00e9n riesgos y oportunidades de car\u00e1cter social y medio ambiental en la gesti\u00f3n de las compa\u00f1\u00edas. Una incorporaci\u00f3n que abri\u00f3 un debate sobre el papel que las empresas deben adoptar en su relaci\u00f3n con el entorno en el que operan.<\/p>\n<p>Muchas de las nuevas empresas nacen ya teniendo claro los valores relacionados con la sostenibilidad. Y de hecho estamos asistiendo a un boom de las <strong>empresas sociales<\/strong>. En las ya establecidas, la evoluci\u00f3n ha sido desigual: algunas ya llevan a\u00f1os incorporando estos objetivos estrat\u00e9gicos en la compa\u00f1\u00eda mientras que otras lo han hecho m\u00e1s paulatina y tard\u00edamente.<\/p>\n<h2><strong>Beneficios para las compa\u00f1\u00edas que apuestan por la sostenibilidad<\/strong><\/h2>\n<ul>\n<li><strong>Mejora la reputaci\u00f3n corporativa de la compa\u00f1\u00eda<\/strong> y da a los clientes una raz\u00f3n m\u00e1s para comprar sus productos y servicios<\/li>\n<li><strong>Hace que la empresa sea m\u00e1s atractiva para los inversores<\/strong> que cada vez demandan m\u00e1s compromiso social y medioambiental de las empresas en las que invierten.<\/li>\n<li><strong>Aumenta el compromiso de los empleados<\/strong> con la compa\u00f1\u00eda al aumentar su orgullo de pertenencia. Y esto a su vez tiene una repercusi\u00f3n positiva en el rendimiento de los empleados<\/li>\n<li><strong>Mejora la retenci\u00f3n y atracci\u00f3n de talento <\/strong><\/li>\n<\/ul>\n<p><strong><em>\u00a0<\/em><\/strong><\/p>\n<h3><strong>麻豆原创, ejemplo y facilitador de procesos de negocio sostenibles<\/strong><\/h3>\n<p>麻豆原创 introdujo la sostenibilidad como un objetivo estrat\u00e9gico de la compa\u00f1\u00eda en el a\u00f1o 2009 con dos ejes claros:<\/p>\n<ul>\n<li><strong>Ser<\/strong> <strong>un ejemplo y un referente como empresa sostenible, <\/strong>ejecutando iniciativas como <a href=\"https:\/\/news.sap.com\/2020\/10\/social-procurement-better-way-grow\/\"><strong><em>5 &amp; 5 by \u201825<\/em><\/strong><\/a><\/li>\n<li><strong>Ayudar a trav\u00e9s de la tecnolog\u00eda a otras compa\u00f1\u00edas a ser m\u00e1s sostenibles, <\/strong>con programas como <a href=\"https:\/\/community.sap.com\/topics\/climate21\">Climate21<\/a><\/li>\n<\/ul>\n<p>Durante m\u00e1s de 10 a\u00f1os hemos realizado avances significativos en este \u00e1rea que se han ido plasmando anualmente en nuestro Informe Integrado. Informe que fue pionero en reportar de una manera hol\u00edstica los resultados econ\u00f3micos, sociales y medioambientales y de calcular la <a href=\"https:\/\/www.sap.com\/integrated-reports\/2019\/en\/connectivity.html\">interrelaci\u00f3n entre los indicadores financieros y no financieros.<\/a> Con este ejercicio podemos ver, por ejemplo, como una reducci\u00f3n de emisiones de di\u00f3xido de carbono impacta no solo en la cuenta de resultados sino tambi\u00e9n en el compromiso de los empleados con la compa\u00f1\u00eda o en la lealtad de nuestros clientes.<\/p>\n<p class=\"lead\" style=\"text-align: center\">Connectivity<\/p>\n<p><a href=\"https:\/\/www.sap.com\/integrated-reports\/2019\/en\/connectivity.html\"><img loading=\"lazy\" decoding=\"async\" class=\"aligncenter wp-image-3378 size-full\" src=\"https:\/\/news.sap.com\/spain\/files\/2021\/02\/17\/gr\u00e1fica-2.png\" alt=\"\" width=\"761\" height=\"659\" srcset=\"https:\/\/news.sap.com\/spain\/files\/2021\/02\/17\/gr\u00e1fica-2.png 761w, https:\/\/news.sap.com\/spain\/files\/2021\/02\/17\/gr\u00e1fica-2-300x260.png 300w\" sizes=\"auto, (max-width: 761px) 100vw, 761px\" \/><\/a><\/p>\n<p>&nbsp;<\/p>\n<p>A pesar de las dificultades que hemos experimentado en el 2020, nuestro compromiso con la sostenibilidad no solo continua intacto sino que hemos doblado esfuerzos para pasar <strong>de una estrategia de sostenibilidad a una estrategia de negocio que sea sostenible<\/strong>. \u00a0Y lo hacemos porque estamos convencidos que las empresas somos un eslab\u00f3n fundamental dentro de esta larga cadena de progreso econ\u00f3mico, social y medioambiental. Con nuestras estrategias de sostenibilidad podemos contribuir a que el mundo funcione mejor, ayudar a mejorar la vida de las personas y sumar positivamente a esos indicadores de los que hablaba Hans Rosling en su libro Facfulness.<\/p>\n<p>&nbsp;<\/p>\n<hr \/>\n<p><a href=\"https:\/\/www.instagram.com\/sapspain\/\">Instagram<\/a>\u00a0\/\u00a0<a href=\"https:\/\/www.facebook.com\/麻豆原创\/\">Facebook<\/a>\u00a0\/\u00a0<a href=\"https:\/\/twitter.com\/sapspain?lang=es\">Twitter<\/a>\u00a0\/\u00a0<a href=\"https:\/\/www.linkedin.com\/company\/sap\/\">LinkedIn<\/a><\/p>\n<hr \/>\n<p>\u00a9 2020 麻豆原创 SE. All rights reserved. 麻豆原创 and other 麻豆原创 products and services mentioned herein as well as their respective logos are trademarks or registered trademarks of 麻豆原创 SE in Germany and other countries. Please see\u00a0<a href=\"http:\/\/www.sap.com\/corporate-en\/legal\/copyright\/index.epx#trademark\">http:\/\/www.sap.com\/corporate-en\/legal\/copyright\/index.epx#trademark<\/a>\u00a0for additional trademark information and notices.<\/p>\n","protected":false},"excerpt":{"rendered":"<p>Por Cristina Antelo Albertos, Responsable de RSC para 麻豆原创 Espa\u00f1a y Portugal El debate sobre el papel que las empresas deben adoptar con el entorno&#8230;<\/p>\n","protected":false},"author":3547,"featured_media":3361,"comment_status":"closed","ping_status":"closed","sticky":false,"template":"","format":"standard","meta":{"footnotes":"","_links_to":"","_links_to_target":""},"categories":[5563406],"tags":[5563379],"sapn-display":[5563695,5563693,60294],"sapn-type":[5562504],"class_list":["post-3360","post","type-post","status-publish","format-standard","has-post-thumbnail","hentry","category-sostenibilidad","tag-sostenibilidad","sapn-display-articulo-hero","sapn-display-articulo-spotlight","sapn-display-topic-hero","sapn-type-articulo"],"yoast_head":"<!-- This site is optimized with the Yoast SEO Premium plugin v26.9 (Yoast SEO v26.9) - https:\/\/yoast.com\/product\/yoast-seo-premium-wordpress\/ -->\n<title>Estrategias de sostenibilidad de las empresas: un eslab\u00f3n fundamental en la cadena de progreso econ\u00f3mico, social y medioambiental - 麻豆原创 Espa\u00f1a News Center<\/title>\n<meta name=\"description\" content=\"Las empresas deben pasar de desarrollar estrategias de sostenibilidad a implantar modelos de negocio sostenibles\" \/>\n<meta name=\"robots\" content=\"index, follow, max-snippet:-1, max-image-preview:large, max-video-preview:-1\" \/>\n<link rel=\"canonical\" href=\"https:\/\/news.sap.com\/spain\/2021\/02\/estrategias-de-sostenibilidad-de-las-empresas-un-eslabon-fundamental-en-la-cadena-de-progreso-economico-social-y-medioambiental\/\" \/>\n<meta property=\"og:locale\" content=\"es_ES\" \/>\n<meta property=\"og:type\" content=\"article\" \/>\n<meta property=\"og:title\" content=\"Estrategias de sostenibilidad de las empresas: un eslab\u00f3n fundamental en la cadena de progreso econ\u00f3mico, social y medioambiental\" \/>\n<meta property=\"og:description\" content=\"Las empresas deben pasar de desarrollar estrategias de sostenibilidad a implantar modelos de negocio sostenibles\" \/>\n<meta property=\"og:url\" content=\"https:\/\/news.sap.com\/spain\/2021\/02\/estrategias-de-sostenibilidad-de-las-empresas-un-eslabon-fundamental-en-la-cadena-de-progreso-economico-social-y-medioambiental\/\" \/>\n<meta property=\"og:site_name\" content=\"麻豆原创 Espa\u00f1a News Center\" \/>\n<meta property=\"article:published_time\" content=\"2021-02-18T10:00:08+00:00\" \/>\n<meta property=\"article:modified_time\" content=\"2023-10-16T16:24:10+00:00\" \/>\n<meta property=\"og:image\" content=\"https:\/\/news.sap.com\/spain\/files\/2021\/02\/17\/Foto-blog-Cristina-Antelo.jpg\" \/>\n\t<meta property=\"og:image:width\" content=\"1263\" \/>\n\t<meta property=\"og:image:height\" content=\"368\" \/>\n\t<meta property=\"og:image:type\" content=\"image\/jpeg\" \/>\n<meta name=\"author\" content=\"Cristina Antelo\" \/>\n<meta name=\"twitter:card\" content=\"summary_large_image\" \/>\n<meta name=\"twitter:label1\" content=\"Escrito por\" \/>\n\t<meta name=\"twitter:data1\" content=\"Cristina Antelo\" \/>\n\t<meta name=\"twitter:label2\" content=\"Tiempo de lectura\" \/>\n\t<meta name=\"twitter:data2\" content=\"5 minutos\" \/>\n<script type=\"application\/ld+json\" class=\"yoast-schema-graph\">{\"@context\":\"https:\/\/schema.org\",\"@graph\":[{\"@type\":\"Article\",\"@id\":\"https:\/\/news.sap.com\/spain\/2021\/02\/estrategias-de-sostenibilidad-de-las-empresas-un-eslabon-fundamental-en-la-cadena-de-progreso-economico-social-y-medioambiental\/#article\",\"isPartOf\":{\"@id\":\"https:\/\/news.sap.com\/spain\/2021\/02\/estrategias-de-sostenibilidad-de-las-empresas-un-eslabon-fundamental-en-la-cadena-de-progreso-economico-social-y-medioambiental\/\"},\"author\":{\"name\":\"Cristina Antelo\",\"@id\":\"https:\/\/news.sap.com\/spain\/#\/schema\/person\/0637edda475eac7f395eb25627fccd79\"},\"headline\":\"Estrategias de sostenibilidad de las empresas: un eslab\u00f3n fundamental en la cadena de progreso econ\u00f3mico, social y medioambiental\",\"datePublished\":\"2021-02-18T10:00:08+00:00\",\"dateModified\":\"2023-10-16T16:24:10+00:00\",\"mainEntityOfPage\":{\"@id\":\"https:\/\/news.sap.com\/spain\/2021\/02\/estrategias-de-sostenibilidad-de-las-empresas-un-eslabon-fundamental-en-la-cadena-de-progreso-economico-social-y-medioambiental\/\"},\"wordCount\":1019,\"image\":{\"@id\":\"https:\/\/news.sap.com\/spain\/2021\/02\/estrategias-de-sostenibilidad-de-las-empresas-un-eslabon-fundamental-en-la-cadena-de-progreso-economico-social-y-medioambiental\/#primaryimage\"},\"thumbnailUrl\":\"https:\/\/news.sap.com\/spain\/files\/2021\/02\/17\/Foto-blog-Cristina-Antelo.jpg\",\"keywords\":[\"Sostenibilidad\"],\"articleSection\":[\"Sostenibilidad\"],\"inLanguage\":\"es\"},{\"@type\":\"WebPage\",\"@id\":\"https:\/\/news.sap.com\/spain\/2021\/02\/estrategias-de-sostenibilidad-de-las-empresas-un-eslabon-fundamental-en-la-cadena-de-progreso-economico-social-y-medioambiental\/\",\"url\":\"https:\/\/news.sap.com\/spain\/2021\/02\/estrategias-de-sostenibilidad-de-las-empresas-un-eslabon-fundamental-en-la-cadena-de-progreso-economico-social-y-medioambiental\/\",\"name\":\"Estrategias de sostenibilidad de las empresas: un eslab\u00f3n fundamental en la cadena de progreso econ\u00f3mico, social y medioambiental - 麻豆原创 Espa\u00f1a News Center\",\"isPartOf\":{\"@id\":\"https:\/\/news.sap.com\/spain\/#website\"},\"primaryImageOfPage\":{\"@id\":\"https:\/\/news.sap.com\/spain\/2021\/02\/estrategias-de-sostenibilidad-de-las-empresas-un-eslabon-fundamental-en-la-cadena-de-progreso-economico-social-y-medioambiental\/#primaryimage\"},\"image\":{\"@id\":\"https:\/\/news.sap.com\/spain\/2021\/02\/estrategias-de-sostenibilidad-de-las-empresas-un-eslabon-fundamental-en-la-cadena-de-progreso-economico-social-y-medioambiental\/#primaryimage\"},\"thumbnailUrl\":\"https:\/\/news.sap.com\/spain\/files\/2021\/02\/17\/Foto-blog-Cristina-Antelo.jpg\",\"datePublished\":\"2021-02-18T10:00:08+00:00\",\"dateModified\":\"2023-10-16T16:24:10+00:00\",\"author\":{\"@id\":\"https:\/\/news.sap.com\/spain\/#\/schema\/person\/0637edda475eac7f395eb25627fccd79\"},\"description\":\"Las empresas deben pasar de desarrollar estrategias de sostenibilidad a implantar modelos de negocio sostenibles\",\"breadcrumb\":{\"@id\":\"https:\/\/news.sap.com\/spain\/2021\/02\/estrategias-de-sostenibilidad-de-las-empresas-un-eslabon-fundamental-en-la-cadena-de-progreso-economico-social-y-medioambiental\/#breadcrumb\"},\"inLanguage\":\"es\",\"potentialAction\":[{\"@type\":\"ReadAction\",\"target\":[\"https:\/\/news.sap.com\/spain\/2021\/02\/estrategias-de-sostenibilidad-de-las-empresas-un-eslabon-fundamental-en-la-cadena-de-progreso-economico-social-y-medioambiental\/\"]}]},{\"@type\":\"ImageObject\",\"inLanguage\":\"es\",\"@id\":\"https:\/\/news.sap.com\/spain\/2021\/02\/estrategias-de-sostenibilidad-de-las-empresas-un-eslabon-fundamental-en-la-cadena-de-progreso-economico-social-y-medioambiental\/#primaryimage\",\"url\":\"https:\/\/news.sap.com\/spain\/files\/2021\/02\/17\/Foto-blog-Cristina-Antelo.jpg\",\"contentUrl\":\"https:\/\/news.sap.com\/spain\/files\/2021\/02\/17\/Foto-blog-Cristina-Antelo.jpg\",\"width\":1263,\"height\":368},{\"@type\":\"BreadcrumbList\",\"@id\":\"https:\/\/news.sap.com\/spain\/2021\/02\/estrategias-de-sostenibilidad-de-las-empresas-un-eslabon-fundamental-en-la-cadena-de-progreso-economico-social-y-medioambiental\/#breadcrumb\",\"itemListElement\":[{\"@type\":\"ListItem\",\"position\":1,\"name\":\"Home\",\"item\":\"https:\/\/news.sap.com\/spain\/\"},{\"@type\":\"ListItem\",\"position\":2,\"name\":\"Estrategias de sostenibilidad de las empresas: un eslab\u00f3n fundamental en la cadena de progreso econ\u00f3mico, social y medioambiental\"}]},{\"@type\":\"WebSite\",\"@id\":\"https:\/\/news.sap.com\/spain\/#website\",\"url\":\"https:\/\/news.sap.com\/spain\/\",\"name\":\"麻豆原创 Espa\u00f1a News Center\",\"description\":\"Noticias e informaci\u00f3n sobre 麻豆原创\",\"potentialAction\":[{\"@type\":\"SearchAction\",\"target\":{\"@type\":\"EntryPoint\",\"urlTemplate\":\"https:\/\/news.sap.com\/spain\/?s={search_term_string}\"},\"query-input\":{\"@type\":\"PropertyValueSpecification\",\"valueRequired\":true,\"valueName\":\"search_term_string\"}}],\"inLanguage\":\"es\"},{\"@type\":\"Person\",\"@id\":\"https:\/\/news.sap.com\/spain\/#\/schema\/person\/0637edda475eac7f395eb25627fccd79\",\"name\":\"Cristina Antelo\",\"image\":{\"@type\":\"ImageObject\",\"inLanguage\":\"es\",\"@id\":\"https:\/\/news.sap.com\/spain\/#\/schema\/person\/image\/\",\"url\":\"https:\/\/news.sap.com\/spain\/wp-content\/plugins\/wp-user-avatars\/wp-user-avatars\/assets\/images\/mystery.jpg\",\"contentUrl\":\"https:\/\/news.sap.com\/spain\/wp-content\/plugins\/wp-user-avatars\/wp-user-avatars\/assets\/images\/mystery.jpg\",\"caption\":\"Cristina Antelo\"},\"url\":\"https:\/\/news.sap.com\/spain\/author\/cristinaantelo\/\"}]}<\/script>\n<!-- \/ Yoast SEO Premium plugin. -->","yoast_head_json":{"title":"Estrategias de sostenibilidad de las empresas: un eslab\u00f3n fundamental en la cadena de progreso econ\u00f3mico, social y medioambiental - 麻豆原创 Espa\u00f1a News Center","description":"Las empresas deben pasar de desarrollar estrategias de sostenibilidad a implantar modelos de negocio sostenibles","robots":{"index":"index","follow":"follow","max-snippet":"max-snippet:-1","max-image-preview":"max-image-preview:large","max-video-preview":"max-video-preview:-1"},"canonical":"https:\/\/news.sap.com\/spain\/2021\/02\/estrategias-de-sostenibilidad-de-las-empresas-un-eslabon-fundamental-en-la-cadena-de-progreso-economico-social-y-medioambiental\/","og_locale":"es_ES","og_type":"article","og_title":"Estrategias de sostenibilidad de las empresas: un eslab\u00f3n fundamental en la cadena de progreso econ\u00f3mico, social y medioambiental","og_description":"Las empresas deben pasar de desarrollar estrategias de sostenibilidad a implantar modelos de negocio sostenibles","og_url":"https:\/\/news.sap.com\/spain\/2021\/02\/estrategias-de-sostenibilidad-de-las-empresas-un-eslabon-fundamental-en-la-cadena-de-progreso-economico-social-y-medioambiental\/","og_site_name":"麻豆原创 Espa\u00f1a News Center","article_published_time":"2021-02-18T10:00:08+00:00","article_modified_time":"2023-10-16T16:24:10+00:00","og_image":[{"width":1263,"height":368,"url":"https:\/\/news.sap.com\/spain\/files\/2021\/02\/17\/Foto-blog-Cristina-Antelo.jpg","type":"image\/jpeg"}],"author":"Cristina Antelo","twitter_card":"summary_large_image","twitter_misc":{"Escrito por":"Cristina Antelo","Tiempo de lectura":"5 minutos"},"schema":{"@context":"https:\/\/schema.org","@graph":[{"@type":"Article","@id":"https:\/\/news.sap.com\/spain\/2021\/02\/estrategias-de-sostenibilidad-de-las-empresas-un-eslabon-fundamental-en-la-cadena-de-progreso-economico-social-y-medioambiental\/#article","isPartOf":{"@id":"https:\/\/news.sap.com\/spain\/2021\/02\/estrategias-de-sostenibilidad-de-las-empresas-un-eslabon-fundamental-en-la-cadena-de-progreso-economico-social-y-medioambiental\/"},"author":{"name":"Cristina Antelo","@id":"https:\/\/news.sap.com\/spain\/#\/schema\/person\/0637edda475eac7f395eb25627fccd79"},"headline":"Estrategias de sostenibilidad de las empresas: un eslab\u00f3n fundamental en la cadena de progreso econ\u00f3mico, social y medioambiental","datePublished":"2021-02-18T10:00:08+00:00","dateModified":"2023-10-16T16:24:10+00:00","mainEntityOfPage":{"@id":"https:\/\/news.sap.com\/spain\/2021\/02\/estrategias-de-sostenibilidad-de-las-empresas-un-eslabon-fundamental-en-la-cadena-de-progreso-economico-social-y-medioambiental\/"},"wordCount":1019,"image":{"@id":"https:\/\/news.sap.com\/spain\/2021\/02\/estrategias-de-sostenibilidad-de-las-empresas-un-eslabon-fundamental-en-la-cadena-de-progreso-economico-social-y-medioambiental\/#primaryimage"},"thumbnailUrl":"https:\/\/news.sap.com\/spain\/files\/2021\/02\/17\/Foto-blog-Cristina-Antelo.jpg","keywords":["Sostenibilidad"],"articleSection":["Sostenibilidad"],"inLanguage":"es"},{"@type":"WebPage","@id":"https:\/\/news.sap.com\/spain\/2021\/02\/estrategias-de-sostenibilidad-de-las-empresas-un-eslabon-fundamental-en-la-cadena-de-progreso-economico-social-y-medioambiental\/","url":"https:\/\/news.sap.com\/spain\/2021\/02\/estrategias-de-sostenibilidad-de-las-empresas-un-eslabon-fundamental-en-la-cadena-de-progreso-economico-social-y-medioambiental\/","name":"Estrategias de sostenibilidad de las empresas: un eslab\u00f3n fundamental en la cadena de progreso econ\u00f3mico, social y medioambiental - 麻豆原创 Espa\u00f1a News Center","isPartOf":{"@id":"https:\/\/news.sap.com\/spain\/#website"},"primaryImageOfPage":{"@id":"https:\/\/news.sap.com\/spain\/2021\/02\/estrategias-de-sostenibilidad-de-las-empresas-un-eslabon-fundamental-en-la-cadena-de-progreso-economico-social-y-medioambiental\/#primaryimage"},"image":{"@id":"https:\/\/news.sap.com\/spain\/2021\/02\/estrategias-de-sostenibilidad-de-las-empresas-un-eslabon-fundamental-en-la-cadena-de-progreso-economico-social-y-medioambiental\/#primaryimage"},"thumbnailUrl":"https:\/\/news.sap.com\/spain\/files\/2021\/02\/17\/Foto-blog-Cristina-Antelo.jpg","datePublished":"2021-02-18T10:00:08+00:00","dateModified":"2023-10-16T16:24:10+00:00","author":{"@id":"https:\/\/news.sap.com\/spain\/#\/schema\/person\/0637edda475eac7f395eb25627fccd79"},"description":"Las empresas deben pasar de desarrollar estrategias de sostenibilidad a implantar modelos de negocio sostenibles","breadcrumb":{"@id":"https:\/\/news.sap.com\/spain\/2021\/02\/estrategias-de-sostenibilidad-de-las-empresas-un-eslabon-fundamental-en-la-cadena-de-progreso-economico-social-y-medioambiental\/#breadcrumb"},"inLanguage":"es","potentialAction":[{"@type":"ReadAction","target":["https:\/\/news.sap.com\/spain\/2021\/02\/estrategias-de-sostenibilidad-de-las-empresas-un-eslabon-fundamental-en-la-cadena-de-progreso-economico-social-y-medioambiental\/"]}]},{"@type":"ImageObject","inLanguage":"es","@id":"https:\/\/news.sap.com\/spain\/2021\/02\/estrategias-de-sostenibilidad-de-las-empresas-un-eslabon-fundamental-en-la-cadena-de-progreso-economico-social-y-medioambiental\/#primaryimage","url":"https:\/\/news.sap.com\/spain\/files\/2021\/02\/17\/Foto-blog-Cristina-Antelo.jpg","contentUrl":"https:\/\/news.sap.com\/spain\/files\/2021\/02\/17\/Foto-blog-Cristina-Antelo.jpg","width":1263,"height":368},{"@type":"BreadcrumbList","@id":"https:\/\/news.sap.com\/spain\/2021\/02\/estrategias-de-sostenibilidad-de-las-empresas-un-eslabon-fundamental-en-la-cadena-de-progreso-economico-social-y-medioambiental\/#breadcrumb","itemListElement":[{"@type":"ListItem","position":1,"name":"Home","item":"https:\/\/news.sap.com\/spain\/"},{"@type":"ListItem","position":2,"name":"Estrategias de sostenibilidad de las empresas: un eslab\u00f3n fundamental en la cadena de progreso econ\u00f3mico, social y medioambiental"}]},{"@type":"WebSite","@id":"https:\/\/news.sap.com\/spain\/#website","url":"https:\/\/news.sap.com\/spain\/","name":"麻豆原创 Espa\u00f1a News Center","description":"Noticias e informaci\u00f3n sobre 麻豆原创","potentialAction":[{"@type":"SearchAction","target":{"@type":"EntryPoint","urlTemplate":"https:\/\/news.sap.com\/spain\/?s={search_term_string}"},"query-input":{"@type":"PropertyValueSpecification","valueRequired":true,"valueName":"search_term_string"}}],"inLanguage":"es"},{"@type":"Person","@id":"https:\/\/news.sap.com\/spain\/#\/schema\/person\/0637edda475eac7f395eb25627fccd79","name":"Cristina Antelo","image":{"@type":"ImageObject","inLanguage":"es","@id":"https:\/\/news.sap.com\/spain\/#\/schema\/person\/image\/","url":"https:\/\/news.sap.com\/spain\/wp-content\/plugins\/wp-user-avatars\/wp-user-avatars\/assets\/images\/mystery.jpg","contentUrl":"https:\/\/news.sap.com\/spain\/wp-content\/plugins\/wp-user-avatars\/wp-user-avatars\/assets\/images\/mystery.jpg","caption":"Cristina Antelo"},"url":"https:\/\/news.sap.com\/spain\/author\/cristinaantelo\/"}]}},"amp_enabled":true,"_links":{"self":[{"href":"https:\/\/news.sap.com\/spain\/wp-json\/wp\/v2\/posts\/3360","targetHints":{"allow":["GET"]}}],"collection":[{"href":"https:\/\/news.sap.com\/spain\/wp-json\/wp\/v2\/posts"}],"about":[{"href":"https:\/\/news.sap.com\/spain\/wp-json\/wp\/v2\/types\/post"}],"author":[{"embeddable":true,"href":"https:\/\/news.sap.com\/spain\/wp-json\/wp\/v2\/users\/3547"}],"replies":[{"embeddable":true,"href":"https:\/\/news.sap.com\/spain\/wp-json\/wp\/v2\/comments?post=3360"}],"version-history":[{"count":0,"href":"https:\/\/news.sap.com\/spain\/wp-json\/wp\/v2\/posts\/3360\/revisions"}],"wp:featuredmedia":[{"embeddable":true,"href":"https:\/\/news.sap.com\/spain\/wp-json\/wp\/v2\/media\/3361"}],"wp:attachment":[{"href":"https:\/\/news.sap.com\/spain\/wp-json\/wp\/v2\/media?parent=3360"}],"wp:term":[{"taxonomy":"category","embeddable":true,"href":"https:\/\/news.sap.com\/spain\/wp-json\/wp\/v2\/categories?post=3360"},{"taxonomy":"post_tag","embeddable":true,"href":"https:\/\/news.sap.com\/spain\/wp-json\/wp\/v2\/tags?post=3360"},{"taxonomy":"sapn-display","embeddable":true,"href":"https:\/\/news.sap.com\/spain\/wp-json\/wp\/v2\/sapn-display?post=3360"},{"taxonomy":"sapn-type","embeddable":true,"href":"https:\/\/news.sap.com\/spain\/wp-json\/wp\/v2\/sapn-type?post=3360"}],"curies":[{"name":"wp","href":"https:\/\/api.w.org\/{rel}","templated":true}]}}