  {"id":3337,"date":"2021-02-16T08:00:25","date_gmt":"2021-02-16T08:00:25","guid":{"rendered":"https:\/\/news.sap.com\/spain\/?p=3337"},"modified":"2023-10-16T16:24:11","modified_gmt":"2023-10-16T16:24:11","slug":"experiencia-del-empleado-como-mejorarla-y-aumentar-el-compromiso","status":"publish","type":"post","link":"https:\/\/news.sap.com\/spain\/2021\/02\/experiencia-del-empleado-como-mejorarla-y-aumentar-el-compromiso\/","title":{"rendered":"Experiencia del empleado: c\u00f3mo mejorarla y aumentar el compromiso"},"content":{"rendered":"<p class=\"lead\"><span data-contrast=\"none\">La\u00a0<\/span><b><span data-contrast=\"none\">experiencia del empleado\u00a0<\/span><\/b><span data-contrast=\"none\">es una de las claves de toda empresa de \u00e9xito. De su grado de satisfacci\u00f3n dependen, en gran medida,\u00a0<\/span><b><span data-contrast=\"none\">su rendimiento y su nivel de compromiso\u00a0<\/span><\/b><span data-contrast=\"none\">con la organizaci\u00f3n. La tecnolog\u00eda ayuda a mejorar el empoderamiento de los\u00a0<\/span><span data-contrast=\"none\">trabajadores, lo que se traduce en una\u00a0<\/span><b><span data-contrast=\"none\">mayor productividad y mejores resultados\u00a0<\/span><\/b><span data-contrast=\"none\">para el\u00a0<\/span><span data-contrast=\"none\">negocio<\/span><span data-contrast=\"none\">.<\/span><span data-ccp-props=\"{&quot;201341983&quot;:0,&quot;335551550&quot;:1,&quot;335551620&quot;:1,&quot;335559739&quot;:240,&quot;335559740&quot;:276}\">\u00a0<\/span><\/p>\n<p style=\"margin: 0cm;text-align: center\" align=\"center\"><span style=\"font-size: 16.0pt;font-family: 'Arial',sans-serif\">Ebook gratis<\/span><\/p>\n<p style=\"margin: 0cm;text-align: center\" align=\"center\"><strong><span style=\"font-size: 20.0pt;font-family: 'Arial',sans-serif\">La definici\u00f3n del futuro del trabajo<\/span><\/strong><\/p>\n<p align=\"center\"><a href=\"https:\/\/www.sap.com\/spain\/cmp\/dg\/crm-es21-web-inbound1\/index.html\"><img loading=\"lazy\" decoding=\"async\" class=\"alignnone wp-image-3931 size-medium\" src=\"https:\/\/news.sap.com\/spain\/files\/2021\/05\/12\/1622588387775-300x225.jpg\" alt=\"\" width=\"300\" height=\"225\" srcset=\"https:\/\/news.sap.com\/spain\/files\/2021\/05\/12\/1622588387775-300x225.jpg 300w, https:\/\/news.sap.com\/spain\/files\/2021\/05\/12\/1622588387775.jpg 514w\" sizes=\"auto, (max-width: 300px) 100vw, 300px\" \/><\/a><\/p>\n<p style=\"text-align: center\"><a href=\"https:\/\/www.sap.com\/spain\/cmp\/dg\/crm-es21-web-inbound1\/index.html\">DESCARGAR<\/a><\/p>\n<h2><b><span data-contrast=\"none\">Claves para incrementar el nivel de compromiso de los empleados<\/span><\/b><\/h2>\n<p><span data-contrast=\"none\">Los\u00a0<\/span><b><span data-contrast=\"none\">entornos de trabajo flexibles<\/span><\/b><span data-contrast=\"none\">,<\/span><b><span data-contrast=\"none\">\u00a0<\/span><\/b><span data-contrast=\"none\">con herramientas tecnol\u00f3gicas para facilitar el desempe\u00f1<\/span><span data-contrast=\"none\">o<\/span><span data-contrast=\"none\">,<\/span><span data-contrast=\"none\">\u00a0sirven para\u00a0<\/span><b><span data-contrast=\"none\">atraer y retener talento<\/span><\/b><span data-contrast=\"none\">. Las\u00a0<\/span><a href=\"https:\/\/news.sap.com\/spain\/2020\/11\/15-tendencias-en-la-gestion-de-recursos-humanos\/\" target=\"_blank\" rel=\"noopener noreferrer\"><b><span data-contrast=\"none\">empresas que apue<\/span><\/b><b><span data-contrast=\"none\">s<\/span><\/b><b><span data-contrast=\"none\">ta<\/span><\/b><b><span data-contrast=\"none\">n por la experiencia del empleado<\/span><\/b><\/a><span data-contrast=\"none\">, es decir, su satisfacci\u00f3n,<\/span><span data-contrast=\"none\">\u00a0<\/span><span data-contrast=\"none\">logran un mayor reconocimiento de marca y\u00a0<\/span><b><span data-contrast=\"none\">aumentan la\u00a0<\/span><\/b><b><span data-contrast=\"none\">fidelidad<\/span><\/b><span data-contrast=\"none\">\u00a0de sus clientes. Por tanto,\u00a0<\/span><b><span data-contrast=\"none\">la experiencia del empleado se refleja directamente en las cifras del negocio<\/span><\/b><span data-contrast=\"none\">.<\/span><span data-ccp-props=\"{&quot;201341983&quot;:0,&quot;335551550&quot;:1,&quot;335551620&quot;:1,&quot;335559739&quot;:240,&quot;335559740&quot;:276}\">\u00a0<\/span><\/p>\n<p><span data-contrast=\"none\">A continuaci\u00f3n, le mostramos algunas de las mayores\u00a0<\/span><b><span data-contrast=\"none\">claves para lograr un mayor nivel de compromiso\u00a0<\/span><\/b><span data-contrast=\"none\">y\u00a0<\/span><b><span data-contrast=\"none\">satisfacci\u00f3n de los empleados<\/span><\/b><span data-contrast=\"none\">.<\/span><span data-ccp-props=\"{&quot;201341983&quot;:0,&quot;335551550&quot;:1,&quot;335551620&quot;:1,&quot;335559739&quot;:240,&quot;335559740&quot;:276}\">\u00a0<\/span><\/p>\n<h3><b><span data-contrast=\"none\">1. Dise\u00f1ar un <\/span><\/b><b><i><span data-contrast=\"none\">employee<\/span><\/i><\/b><b><i><span data-contrast=\"none\">\u00a0<\/span><\/i><\/b><b><i><span data-contrast=\"none\">journey<\/span><\/i><\/b><b><i><span data-contrast=\"none\">\u00a0<\/span><\/i><\/b><b><i><span data-contrast=\"none\">map<\/span><\/i><\/b><b><span data-contrast=\"none\">\u00a0bien\u00a0<\/span><\/b><b><span data-contrast=\"none\">cimentado<\/span><\/b><\/h3>\n<p><span data-contrast=\"none\">La\u00a0<\/span><b><span data-contrast=\"none\">planificaci\u00f3n del\u00a0<\/span><\/b><b><i><span data-contrast=\"none\">employee<\/span><\/i><\/b><b><i><span data-contrast=\"none\">\u00a0<\/span><\/i><\/b><b><i><span data-contrast=\"none\">journey<\/span><\/i><\/b><b><i><span data-contrast=\"none\">\u00a0<\/span><\/i><\/b><b><i><span data-contrast=\"none\">map<\/span><\/i><\/b><span data-contrast=\"none\">\u00a0debe partir de una misi\u00f3n, visi\u00f3n y valores bien definidos. Sin ellos<\/span><span data-contrast=\"none\">,<\/span><span data-contrast=\"none\">\u00a0ser\u00e1 muy complicado atraer y retener talento.<\/span><span data-ccp-props=\"{&quot;201341983&quot;:0,&quot;335551550&quot;:1,&quot;335551620&quot;:1,&quot;335559739&quot;:240,&quot;335559740&quot;:276}\">\u00a0<\/span><\/p>\n<p><span data-contrast=\"none\">El\u00a0<\/span><b><i><span data-contrast=\"none\">employee<\/span><\/i><\/b><b><i><span data-contrast=\"none\">\u00a0<\/span><\/i><\/b><b><i><span data-contrast=\"none\">journey<\/span><\/i><\/b><b><i><span data-contrast=\"none\">\u00a0<\/span><\/i><\/b><b><i><span data-contrast=\"none\">map<\/span><\/i><\/b><i><span data-contrast=\"none\">\u00a0<\/span><\/i><span data-contrast=\"none\">es la herramienta que\u00a0<\/span><b><span data-contrast=\"none\">permite garantizar<\/span><\/b><span data-contrast=\"none\">\u00a0que los empleados tengan\u00a0<\/span><b><span data-contrast=\"none\">experiencias positivas en la organizaci\u00f3n durante<\/span><\/b><b><span data-contrast=\"none\">\u00a0todo el ciclo laboral<\/span><\/b><span data-contrast=\"none\">, desde su incorporaci\u00f3n hasta su salida.\u00a0<\/span><span data-ccp-props=\"{&quot;201341983&quot;:0,&quot;335551550&quot;:1,&quot;335551620&quot;:1,&quot;335559739&quot;:240,&quot;335559740&quot;:276}\">\u00a0<\/span><\/p>\n<p><span data-contrast=\"none\">En esta \u00faltima etapa, la entrevista y posterior an\u00e1lisis ayudan a obtener\u00a0<\/span><i><span data-contrast=\"none\">feedback\u00a0<\/span><\/i><span data-contrast=\"none\">e, incluso, a\u00a0<\/span><b><span data-contrast=\"none\">recuperar el talento perdido<\/span><\/b><span data-contrast=\"none\">.<\/span><span data-ccp-props=\"{&quot;201341983&quot;:0,&quot;335551550&quot;:1,&quot;335551620&quot;:1,&quot;335559739&quot;:240,&quot;335559740&quot;:276}\">\u00a0<\/span><\/p>\n<h3><b><span data-contrast=\"none\">2. Involucrar a todos los departamentos en el proceso<\/span><\/b><\/h3>\n<p><span data-contrast=\"none\">Lo<\/span><span data-contrast=\"none\">s\u00a0<\/span><b><span data-contrast=\"none\">directivos<\/span><\/b><span data-contrast=\"none\">\u00a0son piezas clave en la\u00a0<\/span><span data-contrast=\"none\">experiencia del empleado<\/span><span data-contrast=\"none\">, ya que son los encargados de llevar a la pr\u00e1ctica los procesos definidos por el departamento de\u00a0<\/span><span data-contrast=\"none\">r<\/span><span data-contrast=\"none\">ecursos\u00a0<\/span><span data-contrast=\"none\">h<\/span><span data-contrast=\"none\">umanos. De su capacidad de liderazgo y de comunicaci\u00f3n depende, en gran medida, la\u00a0<\/span><span data-contrast=\"none\">exper<\/span><span data-contrast=\"none\">iencia del empleado<\/span><span data-contrast=\"none\">.<\/span><span data-ccp-props=\"{&quot;201341983&quot;:0,&quot;335551550&quot;:1,&quot;335551620&quot;:1,&quot;335559739&quot;:240,&quot;335559740&quot;:276}\">\u00a0<\/span><\/p>\n<p><span data-contrast=\"none\">Una\u00a0<\/span><b><span data-contrast=\"none\">comunicaci\u00f3n fluida y bidireccional\u00a0<\/span><\/b><b><span data-contrast=\"none\">es esencial para favorecer la<\/span><\/b><span data-contrast=\"none\">\u00a0<\/span><b><span data-contrast=\"none\">retenci\u00f3n de talento y el compromiso<\/span><\/b><b><span data-contrast=\"none\">\u00a0<\/span><\/b><b><span data-contrast=\"none\">con la organizaci\u00f3n<\/span><\/b><span data-contrast=\"none\">. En este sentido, resulta \u00fatil\u00a0<\/span><span data-contrast=\"none\">adoptar<\/span><b><span data-contrast=\"none\">\u00a0estrategias de\u00a0<\/span><\/b><b><i><span data-contrast=\"none\">marketing\u00a0<\/span><\/i><\/b><span data-contrast=\"none\">en la relaci\u00f3n con los empleados.<\/span><span data-ccp-props=\"{&quot;201341983&quot;:0,&quot;335551550&quot;:1,&quot;335551620&quot;:1,&quot;335559739&quot;:240,&quot;335559740&quot;:276}\">\u00a0<\/span><\/p>\n<h3><b><span data-contrast=\"none\">3. Dise\u00f1ar espacios de tra<\/span><\/b><b><span data-contrast=\"none\">bajo personalizados<\/span><\/b><\/h3>\n<p><span data-contrast=\"none\">Un espacio de trabajo adecuado no solo proporciona ergonom\u00eda y reduce riesgos laborales<\/span><span data-contrast=\"none\">, lo que, sin duda, es indispensable para su empresa<\/span><span data-contrast=\"none\">. Es necesario ir un paso m\u00e1s all\u00e1 y apostar por\u00a0<\/span><b><span data-contrast=\"none\">ambientes de trabajo que fomenten la colaboraci\u00f3n, la innovaci\u00f3n y el bienestar<\/span><\/b><span data-contrast=\"none\">.<\/span><span data-ccp-props=\"{&quot;201341983&quot;:0,&quot;335551550&quot;:1,&quot;335551620&quot;:1,&quot;335559739&quot;:240,&quot;335559740&quot;:276}\">\u00a0<\/span><\/p>\n<p><span data-contrast=\"none\">As\u00ed mismo, es i<\/span><span data-contrast=\"none\">mprescindible\u00a0<\/span><b><span data-contrast=\"none\">personalizar la experiencia de cada profesional\u00a0<\/span><\/b><span data-contrast=\"none\">en su paso por la organizaci\u00f3n para\u00a0<\/span><b><span data-contrast=\"none\">mantener la ventaja competitiva<\/span><\/b><span data-contrast=\"none\">. Apostar por la diversidad cultural y la convivencia intergeneracional logra\u00a0<\/span><span data-contrast=\"none\">mayores niveles de atracci\u00f3n y retenci\u00f3n de talen<\/span><span data-contrast=\"none\">to<\/span><span data-contrast=\"none\">.\u00a0<\/span><span data-ccp-props=\"{&quot;201341983&quot;:0,&quot;335551550&quot;:1,&quot;335551620&quot;:1,&quot;335559739&quot;:240,&quot;335559740&quot;:276}\">\u00a0<\/span><\/p>\n<h3><b><span data-contrast=\"none\">4. Fomentar la comunicaci\u00f3n bidireccional<\/span><\/b><\/h3>\n<p><span data-contrast=\"none\">La\u00a0<\/span><b><span data-contrast=\"none\">comunicaci\u00f3n vertical<\/span><\/b><span data-contrast=\"none\">\u00a0y la imposici\u00f3n de procesos sin escuchar son dos graves errores. Todos los miembros de la compa\u00f1\u00eda contribuyen a aportar una visi\u00f3n global con la que\u00a0<\/span><b><span data-contrast=\"none\">mejorar la selecci\u00f3n, el d<\/span><\/b><b><span data-contrast=\"none\">esempe\u00f1o, la formaci\u00f3n y el desarrollo\u00a0<\/span><\/b><span data-contrast=\"none\">dentro de la empresa.<\/span><span data-ccp-props=\"{&quot;201341983&quot;:0,&quot;335551550&quot;:1,&quot;335551620&quot;:1,&quot;335559739&quot;:240,&quot;335559740&quot;:276}\">\u00a0<\/span><\/p>\n<p><span data-contrast=\"none\">El\u00a0<\/span><b><span data-contrast=\"none\">exceso de carga burocr\u00e1tica<\/span><\/b><span data-contrast=\"none\">\u00a0es uno de los factores que m\u00e1s frenan la toma de decisiones. La\u00a0<\/span><span data-contrast=\"none\">experiencia del empleado<\/span><span data-contrast=\"none\">\u00a0permite acelerar estos procesos.<\/span><span data-ccp-props=\"{&quot;201341983&quot;:0,&quot;335551550&quot;:1,&quot;335551620&quot;:1,&quot;335559739&quot;:240,&quot;335559740&quot;:276}\">\u00a0<\/span><\/p>\n<h3><b><span data-contrast=\"none\">5. Apoyarse en la tecnolog\u00eda para mejo<\/span><\/b><b><span data-contrast=\"none\">rar el entorno de trabajo<\/span><\/b><\/h3>\n<p><span data-contrast=\"none\">Las\u00a0<\/span><b><span data-contrast=\"none\">herramientas tecnol\u00f3gicas<\/span><\/b><span data-contrast=\"none\">\u00a0se han revelado como imprescindibles, sobre todo desde la irrupci\u00f3n de la COVID-19.<\/span><span data-ccp-props=\"{&quot;201341983&quot;:0,&quot;335551550&quot;:1,&quot;335551620&quot;:1,&quot;335559739&quot;:240,&quot;335559740&quot;:276}\">\u00a0<\/span><\/p>\n<p><span data-contrast=\"none\">Los entornos de trabajo deben estar preparados para adaptarse a las circunstancias con rapidez. Las<\/span><span data-contrast=\"none\">\u00a0soluciones tecnol\u00f3gicas de recursos humanos<\/span><span data-contrast=\"none\">\u00a0<\/span><span data-contrast=\"none\">simplifican procesos y mejoran el\u00a0<\/span><b><span data-contrast=\"none\">compromiso<\/span><\/b><span data-contrast=\"none\">\u00a0por su capacidad para\u00a0<\/span><b><span data-contrast=\"none\">medir la calidad del desempe\u00f1o, las rotaciones, el absentismo y otros indicado<\/span><\/b><b><span data-contrast=\"none\">res<\/span><\/b><span data-contrast=\"none\">.\u00a0<\/span><span data-ccp-props=\"{&quot;201341983&quot;:0,&quot;335551550&quot;:1,&quot;335551620&quot;:1,&quot;335559739&quot;:240,&quot;335559740&quot;:276}\">\u00a0<\/span><\/p>\n<p><span data-contrast=\"none\">En resumen, las tecnolog\u00edas para planificar el\u00a0<\/span><b><i><span data-contrast=\"none\">employee<\/span><\/i><\/b><b><i><span data-contrast=\"none\">\u00a0<\/span><\/i><\/b><b><i><span data-contrast=\"none\">journey<\/span><\/i><\/b><b><i><span data-contrast=\"none\">\u00a0<\/span><\/i><\/b><b><i><span data-contrast=\"none\">map<\/span><\/i><\/b><b><i><span data-contrast=\"none\">,<\/span><\/i><\/b><span data-contrast=\"none\">\u00a0como las que ofrece\u00a0<\/span><b><span data-contrast=\"none\">麻豆原创<\/span><\/b><span data-contrast=\"none\">, mejoran la\u00a0<\/span><a href=\"https:\/\/www.sap.com\/spain\/products\/human-resources-hcm\/employee-experience-management.html\" target=\"_blank\" rel=\"noopener noreferrer\"><b><span data-contrast=\"none\">satisfacci\u00f3n del empleado<\/span><\/b><\/a><span data-contrast=\"none\">\u00a0y\u00a0<\/span><b><span data-contrast=\"none\">refuerzan las conductas positivas<\/span><\/b><span data-contrast=\"none\">\u00a0que\u00a0<\/span><span data-contrast=\"none\">redundan en una mayor productividad.\u00a0<\/span><span data-ccp-props=\"{&quot;201341983&quot;:0,&quot;335551550&quot;:1,&quot;335551620&quot;:1,&quot;335559739&quot;:240,&quot;335559740&quot;:276}\">\u00a0<\/span><\/p>\n<hr \/>\n<p><a href=\"https:\/\/www.instagram.com\/sapspain\/\">Instagram<\/a>\u00a0\/\u00a0<a href=\"https:\/\/www.facebook.com\/麻豆原创\/\">Facebook<\/a>\u00a0\/\u00a0<a href=\"https:\/\/twitter.com\/sapspain?lang=es\">Twitter<\/a>\u00a0\/\u00a0<a href=\"https:\/\/www.linkedin.com\/company\/sap\/\">LinkedIn<\/a><\/p>\n<hr \/>\n<p>\u00a9 2020 麻豆原创 SE. All rights reserved. 麻豆原创 and other 麻豆原创 products and services mentioned herein as well as their respective logos are trademarks or registered trademarks of 麻豆原创 SE in Germany and other countries. Please see\u00a0<a href=\"http:\/\/www.sap.com\/corporate-en\/legal\/copyright\/index.epx#trademark\">http:\/\/www.sap.com\/corporate-en\/legal\/copyright\/index.epx#trademark<\/a>\u00a0for additional trademark information and notices.<\/p>\n","protected":false},"excerpt":{"rendered":"<p>La\u00a0experiencia del empleado\u00a0es una de las claves de toda empresa de \u00e9xito. De su grado de satisfacci\u00f3n dependen, en gran medida,\u00a0su rendimiento y su nivel&#8230;<\/p>\n","protected":false},"author":3372,"featured_media":3338,"comment_status":"closed","ping_status":"closed","sticky":false,"template":"","format":"standard","meta":{"footnotes":"","_links_to":"","_links_to_target":""},"categories":[5562511],"tags":[],"sapn-display":[5563695,5563693,60294],"sapn-type":[5562504],"class_list":["post-3337","post","type-post","status-publish","format-standard","has-post-thumbnail","hentry","category-gestion-de-capital-humano","sapn-display-articulo-hero","sapn-display-articulo-spotlight","sapn-display-topic-hero","sapn-type-articulo"],"yoast_head":"<!-- This site is optimized with the Yoast SEO Premium plugin v26.9 (Yoast SEO v26.9) - https:\/\/yoast.com\/product\/yoast-seo-premium-wordpress\/ -->\n<title>Experiencia del empleado: c\u00f3mo mejorarla y aumentar el compromiso - 麻豆原创 Espa\u00f1a News Center<\/title>\n<meta name=\"description\" content=\"La experiencia del empleado es una de las claves de cualquier empresa de \u00e9xito. Su rendimiento y compromiso dependen de su satisfacci\u00f3n.\" \/>\n<meta name=\"robots\" content=\"index, follow, max-snippet:-1, max-image-preview:large, max-video-preview:-1\" \/>\n<link rel=\"canonical\" href=\"https:\/\/news.sap.com\/spain\/2021\/02\/experiencia-del-empleado-como-mejorarla-y-aumentar-el-compromiso\/\" \/>\n<meta property=\"og:locale\" content=\"es_ES\" \/>\n<meta property=\"og:type\" content=\"article\" \/>\n<meta property=\"og:title\" content=\"Experiencia del empleado: c\u00f3mo mejorarla y aumentar el compromiso\" \/>\n<meta property=\"og:description\" content=\"La experiencia del empleado es una de las claves de cualquier empresa de \u00e9xito. Su rendimiento y compromiso dependen de su satisfacci\u00f3n.\" \/>\n<meta property=\"og:url\" content=\"https:\/\/news.sap.com\/spain\/2021\/02\/experiencia-del-empleado-como-mejorarla-y-aumentar-el-compromiso\/\" \/>\n<meta property=\"og:site_name\" content=\"麻豆原创 Espa\u00f1a News Center\" \/>\n<meta property=\"article:published_time\" content=\"2021-02-16T08:00:25+00:00\" \/>\n<meta property=\"article:modified_time\" content=\"2023-10-16T16:24:11+00:00\" \/>\n<meta property=\"og:image\" content=\"https:\/\/news.sap.com\/spain\/files\/2021\/02\/15\/experiencia-empleado-compromiso-1024x683.jpg\" \/>\n\t<meta property=\"og:image:width\" content=\"1024\" \/>\n\t<meta property=\"og:image:height\" content=\"683\" \/>\n\t<meta property=\"og:image:type\" content=\"image\/jpeg\" \/>\n<meta name=\"author\" content=\"麻豆原创 Espa\u00f1a\" \/>\n<meta name=\"twitter:card\" content=\"summary_large_image\" \/>\n<meta name=\"twitter:label1\" content=\"Escrito por\" \/>\n\t<meta name=\"twitter:data1\" content=\"麻豆原创 Espa\u00f1a\" \/>\n\t<meta name=\"twitter:label2\" content=\"Tiempo de lectura\" \/>\n\t<meta name=\"twitter:data2\" content=\"3 minutos\" \/>\n<script type=\"application\/ld+json\" class=\"yoast-schema-graph\">{\"@context\":\"https:\/\/schema.org\",\"@graph\":[{\"@type\":\"Article\",\"@id\":\"https:\/\/news.sap.com\/spain\/2021\/02\/experiencia-del-empleado-como-mejorarla-y-aumentar-el-compromiso\/#article\",\"isPartOf\":{\"@id\":\"https:\/\/news.sap.com\/spain\/2021\/02\/experiencia-del-empleado-como-mejorarla-y-aumentar-el-compromiso\/\"},\"author\":{\"name\":\"麻豆原创 Espa\u00f1a\",\"@id\":\"https:\/\/news.sap.com\/spain\/#\/schema\/person\/4573e2beeb96fc44e819e7f7b2923465\"},\"headline\":\"Experiencia del empleado: c\u00f3mo mejorarla y aumentar el compromiso\",\"datePublished\":\"2021-02-16T08:00:25+00:00\",\"dateModified\":\"2023-10-16T16:24:11+00:00\",\"mainEntityOfPage\":{\"@id\":\"https:\/\/news.sap.com\/spain\/2021\/02\/experiencia-del-empleado-como-mejorarla-y-aumentar-el-compromiso\/\"},\"wordCount\":708,\"image\":{\"@id\":\"https:\/\/news.sap.com\/spain\/2021\/02\/experiencia-del-empleado-como-mejorarla-y-aumentar-el-compromiso\/#primaryimage\"},\"thumbnailUrl\":\"https:\/\/news.sap.com\/spain\/files\/2021\/02\/15\/experiencia-empleado-compromiso.jpg\",\"articleSection\":[\"Gesti\u00f3n de capital humano\"],\"inLanguage\":\"es\"},{\"@type\":\"WebPage\",\"@id\":\"https:\/\/news.sap.com\/spain\/2021\/02\/experiencia-del-empleado-como-mejorarla-y-aumentar-el-compromiso\/\",\"url\":\"https:\/\/news.sap.com\/spain\/2021\/02\/experiencia-del-empleado-como-mejorarla-y-aumentar-el-compromiso\/\",\"name\":\"Experiencia del empleado: c\u00f3mo mejorarla y aumentar el compromiso - 麻豆原创 Espa\u00f1a News Center\",\"isPartOf\":{\"@id\":\"https:\/\/news.sap.com\/spain\/#website\"},\"primaryImageOfPage\":{\"@id\":\"https:\/\/news.sap.com\/spain\/2021\/02\/experiencia-del-empleado-como-mejorarla-y-aumentar-el-compromiso\/#primaryimage\"},\"image\":{\"@id\":\"https:\/\/news.sap.com\/spain\/2021\/02\/experiencia-del-empleado-como-mejorarla-y-aumentar-el-compromiso\/#primaryimage\"},\"thumbnailUrl\":\"https:\/\/news.sap.com\/spain\/files\/2021\/02\/15\/experiencia-empleado-compromiso.jpg\",\"datePublished\":\"2021-02-16T08:00:25+00:00\",\"dateModified\":\"2023-10-16T16:24:11+00:00\",\"author\":{\"@id\":\"https:\/\/news.sap.com\/spain\/#\/schema\/person\/4573e2beeb96fc44e819e7f7b2923465\"},\"description\":\"La experiencia del empleado es una de las claves de cualquier empresa de \u00e9xito. Su rendimiento y compromiso dependen de su satisfacci\u00f3n.\",\"breadcrumb\":{\"@id\":\"https:\/\/news.sap.com\/spain\/2021\/02\/experiencia-del-empleado-como-mejorarla-y-aumentar-el-compromiso\/#breadcrumb\"},\"inLanguage\":\"es\",\"potentialAction\":[{\"@type\":\"ReadAction\",\"target\":[\"https:\/\/news.sap.com\/spain\/2021\/02\/experiencia-del-empleado-como-mejorarla-y-aumentar-el-compromiso\/\"]}]},{\"@type\":\"ImageObject\",\"inLanguage\":\"es\",\"@id\":\"https:\/\/news.sap.com\/spain\/2021\/02\/experiencia-del-empleado-como-mejorarla-y-aumentar-el-compromiso\/#primaryimage\",\"url\":\"https:\/\/news.sap.com\/spain\/files\/2021\/02\/15\/experiencia-empleado-compromiso.jpg\",\"contentUrl\":\"https:\/\/news.sap.com\/spain\/files\/2021\/02\/15\/experiencia-empleado-compromiso.jpg\",\"width\":6720,\"height\":4480,\"caption\":\"One man, modern businessman sitting in office, using laptop.\"},{\"@type\":\"BreadcrumbList\",\"@id\":\"https:\/\/news.sap.com\/spain\/2021\/02\/experiencia-del-empleado-como-mejorarla-y-aumentar-el-compromiso\/#breadcrumb\",\"itemListElement\":[{\"@type\":\"ListItem\",\"position\":1,\"name\":\"Home\",\"item\":\"https:\/\/news.sap.com\/spain\/\"},{\"@type\":\"ListItem\",\"position\":2,\"name\":\"Experiencia del empleado: c\u00f3mo mejorarla y aumentar el compromiso\"}]},{\"@type\":\"WebSite\",\"@id\":\"https:\/\/news.sap.com\/spain\/#website\",\"url\":\"https:\/\/news.sap.com\/spain\/\",\"name\":\"麻豆原创 Espa\u00f1a News Center\",\"description\":\"Noticias e informaci\u00f3n sobre 麻豆原创\",\"potentialAction\":[{\"@type\":\"SearchAction\",\"target\":{\"@type\":\"EntryPoint\",\"urlTemplate\":\"https:\/\/news.sap.com\/spain\/?s={search_term_string}\"},\"query-input\":{\"@type\":\"PropertyValueSpecification\",\"valueRequired\":true,\"valueName\":\"search_term_string\"}}],\"inLanguage\":\"es\"},{\"@type\":\"Person\",\"@id\":\"https:\/\/news.sap.com\/spain\/#\/schema\/person\/4573e2beeb96fc44e819e7f7b2923465\",\"name\":\"麻豆原创 Espa\u00f1a\",\"image\":{\"@type\":\"ImageObject\",\"inLanguage\":\"es\",\"@id\":\"https:\/\/news.sap.com\/spain\/#\/schema\/person\/image\/\",\"url\":\"https:\/\/news.sap.com\/spain\/wp-content\/plugins\/wp-user-avatars\/wp-user-avatars\/assets\/images\/mystery.jpg\",\"contentUrl\":\"https:\/\/news.sap.com\/spain\/wp-content\/plugins\/wp-user-avatars\/wp-user-avatars\/assets\/images\/mystery.jpg\",\"caption\":\"麻豆原创 Espa\u00f1a\"},\"url\":\"https:\/\/news.sap.com\/spain\/author\/sapespana\/\"}]}<\/script>\n<!-- \/ Yoast SEO Premium plugin. -->","yoast_head_json":{"title":"Experiencia del empleado: c\u00f3mo mejorarla y aumentar el compromiso - 麻豆原创 Espa\u00f1a News Center","description":"La experiencia del empleado es una de las claves de cualquier empresa de \u00e9xito. Su rendimiento y compromiso dependen de su satisfacci\u00f3n.","robots":{"index":"index","follow":"follow","max-snippet":"max-snippet:-1","max-image-preview":"max-image-preview:large","max-video-preview":"max-video-preview:-1"},"canonical":"https:\/\/news.sap.com\/spain\/2021\/02\/experiencia-del-empleado-como-mejorarla-y-aumentar-el-compromiso\/","og_locale":"es_ES","og_type":"article","og_title":"Experiencia del empleado: c\u00f3mo mejorarla y aumentar el compromiso","og_description":"La experiencia del empleado es una de las claves de cualquier empresa de \u00e9xito. Su rendimiento y compromiso dependen de su satisfacci\u00f3n.","og_url":"https:\/\/news.sap.com\/spain\/2021\/02\/experiencia-del-empleado-como-mejorarla-y-aumentar-el-compromiso\/","og_site_name":"麻豆原创 Espa\u00f1a News Center","article_published_time":"2021-02-16T08:00:25+00:00","article_modified_time":"2023-10-16T16:24:11+00:00","og_image":[{"width":1024,"height":683,"url":"https:\/\/news.sap.com\/spain\/files\/2021\/02\/15\/experiencia-empleado-compromiso-1024x683.jpg","type":"image\/jpeg"}],"author":"麻豆原创 Espa\u00f1a","twitter_card":"summary_large_image","twitter_misc":{"Escrito por":"麻豆原创 Espa\u00f1a","Tiempo de lectura":"3 minutos"},"schema":{"@context":"https:\/\/schema.org","@graph":[{"@type":"Article","@id":"https:\/\/news.sap.com\/spain\/2021\/02\/experiencia-del-empleado-como-mejorarla-y-aumentar-el-compromiso\/#article","isPartOf":{"@id":"https:\/\/news.sap.com\/spain\/2021\/02\/experiencia-del-empleado-como-mejorarla-y-aumentar-el-compromiso\/"},"author":{"name":"麻豆原创 Espa\u00f1a","@id":"https:\/\/news.sap.com\/spain\/#\/schema\/person\/4573e2beeb96fc44e819e7f7b2923465"},"headline":"Experiencia del empleado: c\u00f3mo mejorarla y aumentar el compromiso","datePublished":"2021-02-16T08:00:25+00:00","dateModified":"2023-10-16T16:24:11+00:00","mainEntityOfPage":{"@id":"https:\/\/news.sap.com\/spain\/2021\/02\/experiencia-del-empleado-como-mejorarla-y-aumentar-el-compromiso\/"},"wordCount":708,"image":{"@id":"https:\/\/news.sap.com\/spain\/2021\/02\/experiencia-del-empleado-como-mejorarla-y-aumentar-el-compromiso\/#primaryimage"},"thumbnailUrl":"https:\/\/news.sap.com\/spain\/files\/2021\/02\/15\/experiencia-empleado-compromiso.jpg","articleSection":["Gesti\u00f3n de capital humano"],"inLanguage":"es"},{"@type":"WebPage","@id":"https:\/\/news.sap.com\/spain\/2021\/02\/experiencia-del-empleado-como-mejorarla-y-aumentar-el-compromiso\/","url":"https:\/\/news.sap.com\/spain\/2021\/02\/experiencia-del-empleado-como-mejorarla-y-aumentar-el-compromiso\/","name":"Experiencia del empleado: c\u00f3mo mejorarla y aumentar el compromiso - 麻豆原创 Espa\u00f1a News Center","isPartOf":{"@id":"https:\/\/news.sap.com\/spain\/#website"},"primaryImageOfPage":{"@id":"https:\/\/news.sap.com\/spain\/2021\/02\/experiencia-del-empleado-como-mejorarla-y-aumentar-el-compromiso\/#primaryimage"},"image":{"@id":"https:\/\/news.sap.com\/spain\/2021\/02\/experiencia-del-empleado-como-mejorarla-y-aumentar-el-compromiso\/#primaryimage"},"thumbnailUrl":"https:\/\/news.sap.com\/spain\/files\/2021\/02\/15\/experiencia-empleado-compromiso.jpg","datePublished":"2021-02-16T08:00:25+00:00","dateModified":"2023-10-16T16:24:11+00:00","author":{"@id":"https:\/\/news.sap.com\/spain\/#\/schema\/person\/4573e2beeb96fc44e819e7f7b2923465"},"description":"La experiencia del empleado es una de las claves de cualquier empresa de \u00e9xito. Su rendimiento y compromiso dependen de su satisfacci\u00f3n.","breadcrumb":{"@id":"https:\/\/news.sap.com\/spain\/2021\/02\/experiencia-del-empleado-como-mejorarla-y-aumentar-el-compromiso\/#breadcrumb"},"inLanguage":"es","potentialAction":[{"@type":"ReadAction","target":["https:\/\/news.sap.com\/spain\/2021\/02\/experiencia-del-empleado-como-mejorarla-y-aumentar-el-compromiso\/"]}]},{"@type":"ImageObject","inLanguage":"es","@id":"https:\/\/news.sap.com\/spain\/2021\/02\/experiencia-del-empleado-como-mejorarla-y-aumentar-el-compromiso\/#primaryimage","url":"https:\/\/news.sap.com\/spain\/files\/2021\/02\/15\/experiencia-empleado-compromiso.jpg","contentUrl":"https:\/\/news.sap.com\/spain\/files\/2021\/02\/15\/experiencia-empleado-compromiso.jpg","width":6720,"height":4480,"caption":"One man, modern businessman sitting in office, using laptop."},{"@type":"BreadcrumbList","@id":"https:\/\/news.sap.com\/spain\/2021\/02\/experiencia-del-empleado-como-mejorarla-y-aumentar-el-compromiso\/#breadcrumb","itemListElement":[{"@type":"ListItem","position":1,"name":"Home","item":"https:\/\/news.sap.com\/spain\/"},{"@type":"ListItem","position":2,"name":"Experiencia del empleado: c\u00f3mo mejorarla y aumentar el compromiso"}]},{"@type":"WebSite","@id":"https:\/\/news.sap.com\/spain\/#website","url":"https:\/\/news.sap.com\/spain\/","name":"麻豆原创 Espa\u00f1a News Center","description":"Noticias e informaci\u00f3n sobre 麻豆原创","potentialAction":[{"@type":"SearchAction","target":{"@type":"EntryPoint","urlTemplate":"https:\/\/news.sap.com\/spain\/?s={search_term_string}"},"query-input":{"@type":"PropertyValueSpecification","valueRequired":true,"valueName":"search_term_string"}}],"inLanguage":"es"},{"@type":"Person","@id":"https:\/\/news.sap.com\/spain\/#\/schema\/person\/4573e2beeb96fc44e819e7f7b2923465","name":"麻豆原创 Espa\u00f1a","image":{"@type":"ImageObject","inLanguage":"es","@id":"https:\/\/news.sap.com\/spain\/#\/schema\/person\/image\/","url":"https:\/\/news.sap.com\/spain\/wp-content\/plugins\/wp-user-avatars\/wp-user-avatars\/assets\/images\/mystery.jpg","contentUrl":"https:\/\/news.sap.com\/spain\/wp-content\/plugins\/wp-user-avatars\/wp-user-avatars\/assets\/images\/mystery.jpg","caption":"麻豆原创 Espa\u00f1a"},"url":"https:\/\/news.sap.com\/spain\/author\/sapespana\/"}]}},"amp_enabled":true,"_links":{"self":[{"href":"https:\/\/news.sap.com\/spain\/wp-json\/wp\/v2\/posts\/3337","targetHints":{"allow":["GET"]}}],"collection":[{"href":"https:\/\/news.sap.com\/spain\/wp-json\/wp\/v2\/posts"}],"about":[{"href":"https:\/\/news.sap.com\/spain\/wp-json\/wp\/v2\/types\/post"}],"author":[{"embeddable":true,"href":"https:\/\/news.sap.com\/spain\/wp-json\/wp\/v2\/users\/3372"}],"replies":[{"embeddable":true,"href":"https:\/\/news.sap.com\/spain\/wp-json\/wp\/v2\/comments?post=3337"}],"version-history":[{"count":0,"href":"https:\/\/news.sap.com\/spain\/wp-json\/wp\/v2\/posts\/3337\/revisions"}],"wp:featuredmedia":[{"embeddable":true,"href":"https:\/\/news.sap.com\/spain\/wp-json\/wp\/v2\/media\/3338"}],"wp:attachment":[{"href":"https:\/\/news.sap.com\/spain\/wp-json\/wp\/v2\/media?parent=3337"}],"wp:term":[{"taxonomy":"category","embeddable":true,"href":"https:\/\/news.sap.com\/spain\/wp-json\/wp\/v2\/categories?post=3337"},{"taxonomy":"post_tag","embeddable":true,"href":"https:\/\/news.sap.com\/spain\/wp-json\/wp\/v2\/tags?post=3337"},{"taxonomy":"sapn-display","embeddable":true,"href":"https:\/\/news.sap.com\/spain\/wp-json\/wp\/v2\/sapn-display?post=3337"},{"taxonomy":"sapn-type","embeddable":true,"href":"https:\/\/news.sap.com\/spain\/wp-json\/wp\/v2\/sapn-type?post=3337"}],"curies":[{"name":"wp","href":"https:\/\/api.w.org\/{rel}","templated":true}]}}