  {"id":3270,"date":"2021-02-04T08:00:23","date_gmt":"2021-02-04T08:00:23","guid":{"rendered":"https:\/\/news.sap.com\/spain\/?p=3270"},"modified":"2023-10-16T16:24:16","modified_gmt":"2023-10-16T16:24:16","slug":"retos-sector-retail-y-productos-consumo-en-nueva-normalidad","status":"publish","type":"post","link":"https:\/\/news.sap.com\/spain\/2021\/02\/retos-sector-retail-y-productos-consumo-en-nueva-normalidad\/","title":{"rendered":"Retos del sector del retail y productos de consumo en la nueva normalidad"},"content":{"rendered":"<p class=\"lead\"><span data-contrast=\"none\">La\u00a0<\/span><span data-contrast=\"none\">COVID-19<\/span><span data-contrast=\"none\">\u00a0y l<\/span><span data-contrast=\"none\">as restricciones de<\/span><span data-contrast=\"none\">rivadas de la pandemia<\/span><span data-contrast=\"none\">,\u00a0<\/span><span data-contrast=\"none\">como\u00a0<\/span><span data-contrast=\"none\">las limitaciones horari<\/span><span data-contrast=\"none\">as<\/span><span data-contrast=\"none\">\u00a0<\/span><span data-contrast=\"none\">o<\/span><span data-contrast=\"none\">\u00a0la reducci\u00f3n de aforos<\/span><span data-contrast=\"none\">,<\/span><span data-contrast=\"none\">\u00a0han provocado un\u00a0<\/span><b><span data-contrast=\"none\">profundo cambio en los h\u00e1bitos de consumo<\/span><\/b><span data-contrast=\"none\">. E<\/span><span data-contrast=\"none\">n este sentido, el<\/span><span data-contrast=\"none\">\u00a0<\/span><b><span data-contrast=\"none\">sector\u00a0<\/span><\/b><b><span data-contrast=\"none\">del\u00a0<\/span><\/b><b><i><span data-contrast=\"none\">retail<\/span><\/i><\/b><b><i><span data-contrast=\"none\">\u00a0<\/span><\/i><\/b><b><span data-contrast=\"none\">se enfrenta a uno de sus mayores retos<\/span><\/b><span data-contrast=\"none\">\u00a0en d\u00e9cadas.<\/span><span data-ccp-props=\"{&quot;201341983&quot;:0,&quot;335551550&quot;:1,&quot;335551620&quot;:1,&quot;335559739&quot;:240,&quot;335559740&quot;:276}\">\u00a0<\/span><\/p>\n<p style=\"margin: 0cm;text-align: center\" align=\"center\"><span style=\"font-size: 16.0pt;font-family: 'Arial',sans-serif\">Ebook gratis<\/span><\/p>\n<p style=\"margin: 0cm;text-align: center\" align=\"center\"><strong><span style=\"font-size: 20.0pt;font-family: 'Arial',sans-serif\">5 tendencias clave para tu negocio en 2021<\/span><\/strong><\/p>\n<p align=\"center\"><a href=\"https:\/\/www.sap.com\/spain\/cmp\/dg\/crm-es21-web-inbound\/index.html\"><img loading=\"lazy\" decoding=\"async\" class=\"alignnone wp-image-3927 size-medium\" src=\"https:\/\/news.sap.com\/spain\/files\/2021\/05\/28\/1622588170847-300x225.jpg\" alt=\"\" width=\"300\" height=\"225\" srcset=\"https:\/\/news.sap.com\/spain\/files\/2021\/05\/28\/1622588170847-300x225.jpg 300w, https:\/\/news.sap.com\/spain\/files\/2021\/05\/28\/1622588170847.jpg 514w\" sizes=\"auto, (max-width: 300px) 100vw, 300px\" \/><\/a><\/p>\n<p style=\"text-align: center\"><a href=\"https:\/\/www.sap.com\/spain\/cmp\/dg\/crm-es21-web-inbound\/index.html\">DESCARGAR<\/a><\/p>\n<p><span data-contrast=\"none\">La crisis sanitaria y econ\u00f3mica ha acelerado los\u00a0<\/span><span data-contrast=\"none\">planes de transformaci\u00f3n digital\u00a0<\/span><span data-contrast=\"none\">de muchas empresas<\/span><span data-contrast=\"none\">, por lo que muchas se encuentran envueltas en un proceso de evoluci\u00f3n y\u00a0<\/span><b><span data-contrast=\"none\">actualizaci\u00f3n de sus procesos de producci\u00f3n, abastecimiento o venta<\/span><\/b><b><span data-contrast=\"none\">s<\/span><\/b><span data-contrast=\"none\">\u00a0que afectan a\u00a0<\/span><span data-contrast=\"none\">la<\/span><span data-contrast=\"none\">\u00a0<\/span><b><span data-contrast=\"none\">gesti\u00f3n de la cadena de suministro<\/span><\/b><span data-contrast=\"none\">\u00a0y la concepci\u00f3n de su negocio<\/span><span data-contrast=\"none\">. La\u00a0<\/span><b><span data-contrast=\"none\">innovaci\u00f3n y la\u00a0<\/span><\/b><b><span data-contrast=\"none\">flexibilidad<\/span><\/b><span data-contrast=\"none\">\u00a0marcan el camino que el comercio minorista debe emprender sin demora.\u00a0<\/span><span data-ccp-props=\"{&quot;201341983&quot;:0,&quot;335551550&quot;:1,&quot;335551620&quot;:1,&quot;335559739&quot;:240,&quot;335559740&quot;:276}\">\u00a0<\/span><\/p>\n<h2><b><span data-contrast=\"none\">La transformaci\u00f3n de los h\u00e1bitos de consumo en la nueva normalidad<\/span><\/b><\/h2>\n<p><span data-contrast=\"none\">Durante las primeras semanas del estado de alarma<\/span><span data-contrast=\"none\">\u00a0de 2020<\/span><span data-contrast=\"none\">, la imposibilidad de adquirir productos en comercio<\/span><span data-contrast=\"none\">s<\/span><span data-contrast=\"none\">\u00a0f\u00edsico<\/span><span data-contrast=\"none\">s<\/span><span data-contrast=\"none\">\u00a0(salvo los esenciales) cedi\u00f3 el\u00a0<\/span><b><span data-contrast=\"none\">papel protagonista al canal\u00a0<\/span><\/b><b><i><span data-contrast=\"none\">online<\/span><\/i><\/b><span data-contrast=\"none\">. Muchas empresas del sector del\u00a0<\/span><i><span data-contrast=\"none\">retail<\/span><\/i><span data-contrast=\"none\">\u00a0pudieron mantener su actividad gracias al\u00a0<\/span><b><i><span data-contrast=\"none\">ecommerce<\/span><\/i><\/b><span data-contrast=\"none\">. De hecho,<\/span><span data-contrast=\"none\">\u00a0<\/span><a href=\"https:\/\/elpais.com\/economia\/2020-04-07\/las-ventas-de-los-supermercados-suben-un-74-en-la-segunda-semana-de-confinamiento-y-se-dispara-el-canal-online.html\" target=\"_blank\" rel=\"noopener noreferrer\"><b><span data-contrast=\"none\">las ventas online se dispararon casi un 75 %<\/span><\/b><\/a><span data-contrast=\"none\">\u00a0al inicio del confinamiento<\/span><span data-contrast=\"none\">\u00a0con respecto al mismo periodo del a\u00f1o anterior, seg\u00fan un informe de la consultora Nielsen<\/span><span data-contrast=\"none\">.<\/span><span data-ccp-props=\"{&quot;201341983&quot;:0,&quot;335551550&quot;:1,&quot;335551620&quot;:1,&quot;335559739&quot;:240,&quot;335559740&quot;:276}\">\u00a0<\/span><\/p>\n<p><span data-contrast=\"none\">Este impulso vino tambi\u00e9n motivado por el miedo al contagio.\u00a0<\/span><span data-contrast=\"none\">Y es que m<\/span><span data-contrast=\"none\">uchos consumidores reacios a realizar compras\u00a0<\/span><span data-contrast=\"none\">online<\/span><span data-contrast=\"none\">\u00a0rompieron esta barrera coincidiendo con la explosi\u00f3n de la pandemia. Y, probablemente, hayan cambiado sus h\u00e1bitos para siempre.<\/span><span data-ccp-props=\"{&quot;201341983&quot;:0,&quot;335551550&quot;:1,&quot;335551620&quot;:1,&quot;335559739&quot;:240,&quot;335559740&quot;:276}\">\u00a0<\/span><\/p>\n<p><span data-contrast=\"none\">El 41<\/span><span data-contrast=\"none\">\u00a0<\/span><span data-contrast=\"none\">% de los consumidores que ya compraban por Internet, adquirieron productos en nuevos\u00a0<\/span><i><span data-contrast=\"none\">ecommerce<\/span><\/i><span data-contrast=\"none\">\u00a0a los que no hab\u00edan accedido antes. Y\u00a0<\/span><b><span data-contrast=\"none\">uno de cada cinco usuarios de tiendas\u00a0<\/span><\/b><b><i><span data-contrast=\"none\">online\u00a0<\/span><\/i><\/b><b><span data-contrast=\"none\">increment\u00f3 sus compras<\/span><\/b><span data-contrast=\"none\">\u00a0en este periodo, seg\u00fan datos ofrecidos por la Asociaci\u00f3n Espa\u00f1ola de Anunciantes (<\/span><span data-contrast=\"none\">AEA<\/span><span data-contrast=\"none\">).<\/span><span data-ccp-props=\"{&quot;201341983&quot;:0,&quot;335551550&quot;:1,&quot;335551620&quot;:1,&quot;335559739&quot;:240,&quot;335559740&quot;:276}\">\u00a0<\/span><\/p>\n<p><span data-contrast=\"none\">Con estos datos sobre la mesa, parece claro que l<\/span><span data-contrast=\"none\">as empresas que quieran mantener su competitividad\u00a0<\/span><span data-contrast=\"none\">a trav\u00e9s de este canal\u00a0<\/span><span data-contrast=\"none\">tendr\u00e1n que apostar fuerte por\u00a0<\/span><b><span data-contrast=\"none\">optimizar la cadena de suministro y garantizar el abastecimiento<\/span><\/b><span data-contrast=\"none\">,<\/span><b><span data-contrast=\"none\">\u00a0<\/span><\/b><span data-contrast=\"none\">ajust\u00e1ndolo al ritmo de la demanda<\/span><span data-contrast=\"none\">\u00a0de los consumidores<\/span><span data-contrast=\"none\">.\u00a0<\/span><span data-ccp-props=\"{&quot;201341983&quot;:0,&quot;335551550&quot;:1,&quot;335551620&quot;:1,&quot;335559739&quot;:240,&quot;335559740&quot;:276}\">\u00a0<\/span><\/p>\n<h2><b><span data-contrast=\"none\">La cadena de suministro, el gran reto del <\/span><\/b><b><i><span data-contrast=\"none\">retail<\/span><\/i><\/b><b><span data-contrast=\"none\">\u00a0en el canal\u00a0<\/span><\/b><b><i><span data-contrast=\"none\">online<\/span><\/i><\/b><\/h2>\n<p><span data-contrast=\"none\">La tendencia hacia la\u00a0<\/span><a href=\"https:\/\/news.sap.com\/spain\/2020\/11\/que-es-la-digitalizacion-y-como-puede-aplicarla-a-su-negocio\/\" target=\"_blank\" rel=\"noopener noreferrer\"><b><span data-contrast=\"none\">digitalizaci\u00f3n\u00a0<\/span><\/b><b><span data-contrast=\"none\">en el sector del\u00a0<\/span><\/b><b><i><span data-contrast=\"none\">retail<\/span><\/i><\/b><\/a><span data-contrast=\"none\">\u00a0<\/span><span data-contrast=\"none\">no tiene vuelta atr\u00e1s. Sin embargo,\u00a0<\/span><b><span data-contrast=\"none\">no solo consiste en poner en marcha un\u00a0<\/span><\/b><b><i><span data-contrast=\"none\">ecommerce<\/span><\/i><\/b><span data-contrast=\"none\">, sino que<\/span><span data-contrast=\"none\">\u00a0<\/span><span data-contrast=\"none\">l<\/span><span data-contrast=\"none\">a transformaci\u00f3n digital implica un cambio en diferentes niveles.\u00a0<\/span><span data-ccp-props=\"{&quot;201341983&quot;:0,&quot;335551550&quot;:1,&quot;335551620&quot;:1,&quot;335559739&quot;:240,&quot;335559740&quot;:276}\">\u00a0<\/span><\/p>\n<p><span data-contrast=\"none\">La supervivencia<\/span><span data-contrast=\"none\">,<\/span><span data-contrast=\"none\">\u00a0en estos momentos<\/span><span data-contrast=\"none\">,<\/span><span data-contrast=\"none\">\u00a0est\u00e1 muy ligada a la capacidad de las empresas para\u00a0<\/span><span data-contrast=\"none\">estar a la altura de las<\/span><b><span data-contrast=\"none\">\u00a0expectativas de los consumidores<\/span><\/b><span data-contrast=\"none\">\u00a0y\u00a0<\/span><b><span data-contrast=\"none\">diversificar su cadena de suministro<\/span><\/b><span data-contrast=\"none\">.\u00a0<\/span><span data-ccp-props=\"{&quot;201341983&quot;:0,&quot;335551550&quot;:1,&quot;335551620&quot;:1,&quot;335559739&quot;:240,&quot;335559740&quot;:276}\">\u00a0<\/span><\/p>\n<p><span data-contrast=\"none\">La tecnolog\u00eda desempe\u00f1a un papel esencial para conocer los h\u00e1bitos de consumo y las necesidades de los clientes.\u00a0<\/span><span data-contrast=\"none\">Llegados a este punto, e<\/span><span data-contrast=\"none\">l\u00a0<\/span><b><span data-contrast=\"none\">an\u00e1lisis de datos del comportamiento de compra<\/span><\/b><span data-contrast=\"none\">\u00a0es imprescindible para saber d\u00f3nde centrar los esfuerzos.<\/span><span data-ccp-props=\"{&quot;201341983&quot;:0,&quot;335551550&quot;:1,&quot;335551620&quot;:1,&quot;335559739&quot;:240,&quot;335559740&quot;:276}\">\u00a0<\/span><\/p>\n<p><span data-contrast=\"none\">La\u00a0<\/span><b><span data-contrast=\"none\">experiencia de compra se convertir\u00e1 en el pilar central<\/span><\/b><span data-contrast=\"none\">\u00a0de las estrategias de\u00a0<\/span><i><span data-contrast=\"none\">marketing<\/span><\/i><span data-contrast=\"none\">\u00a0y<\/span><span data-contrast=\"none\">\u00a0una de las claves del \u00e9xito ser\u00e1 la capacidad de\u00a0<\/span><b><span data-contrast=\"none\">complementar el canal digital con la atenci\u00f3n\u00a0<\/span><\/b><b><span data-contrast=\"none\">al cliente\u00a0<\/span><\/b><b><span data-contrast=\"none\">en el comercio f\u00edsico<\/span><\/b><span data-contrast=\"none\">.\u00a0<\/span><span data-ccp-props=\"{&quot;201341983&quot;:0,&quot;335551550&quot;:1,&quot;335551620&quot;:1,&quot;335559739&quot;:240,&quot;335559740&quot;:276}\">\u00a0<\/span><\/p>\n<p><span data-contrast=\"none\">En este sentido,\u00a0<\/span><a href=\"https:\/\/www.sap.com\/spain\/products\/supply-chain-management\/supply-chain-planning.html\" target=\"_blank\" rel=\"noopener noreferrer\"><b><span data-contrast=\"none\">planificar la cadena de suministro<\/span><\/b><\/a><span data-contrast=\"none\">\u00a0dando prioridad a los productos con mayor demanda es clave para evitar situaciones como las que vivimos al inicio de la pandemia. El seguimiento de los env\u00edos, los tiempos de respuesta y la flexibilidad para la entrega en el domicilio son los otros aspectos que hay que cuidar para\u00a0<\/span><b><span data-contrast=\"none\">conseguir clientes fieles y satisfechos<\/span><\/b><span data-contrast=\"none\">.<\/span><span data-ccp-props=\"{&quot;201341983&quot;:0,&quot;335551550&quot;:1,&quot;335551620&quot;:1,&quot;335559739&quot;:240,&quot;335559740&quot;:276}\">\u00a0<\/span><\/p>\n<p><span data-contrast=\"none\">El\u00a0<\/span><i><span data-contrast=\"none\">retail<\/span><\/i><i><span data-contrast=\"none\">er<\/span><\/i><i><span data-contrast=\"none\">\u00a0<\/span><\/i><span data-contrast=\"none\">tiene en su mano la posibilidad de\u00a0<\/span><b><span data-contrast=\"none\">posicionarse en la mente del consumidor como una empresa cercana<\/span><\/b><span data-contrast=\"none\">, que comprende sus necesidades y est\u00e1 dispuest<\/span><span data-contrast=\"none\">a<\/span><span data-contrast=\"none\">\u00a0a ayudarle. La eficiencia operativa de las\u00a0<\/span><a href=\"https:\/\/www.sap.com\/spain\/covid-19\/back-to-best.customers.html\" target=\"_blank\" rel=\"noopener noreferrer\"><b><span data-contrast=\"none\">plataformas digitales en la nueva normalidad<\/span><\/b><\/a><b><span data-contrast=\"none\">\u00a0<\/span><\/b><span data-contrast=\"none\">aportar\u00e1 un valor a\u00f1adido indispensable<\/span><span data-contrast=\"none\">\u00a0a la hora de gestionar los negocios<\/span><span data-contrast=\"none\">.<\/span><span data-ccp-props=\"{&quot;201341983&quot;:0,&quot;335551550&quot;:1,&quot;335551620&quot;:1,&quot;335559739&quot;:240,&quot;335559740&quot;:276}\">\u00a0<\/span><\/p>\n<hr \/>\n<p><a href=\"https:\/\/www.instagram.com\/sapspain\/\">Instagram<\/a>\u00a0\/\u00a0<a href=\"https:\/\/www.facebook.com\/麻豆原创\/\">Facebook<\/a>\u00a0\/\u00a0<a href=\"https:\/\/twitter.com\/sapspain?lang=es\">Twitter<\/a>\u00a0\/\u00a0<a href=\"https:\/\/www.linkedin.com\/company\/sap\/\">LinkedIn<\/a><\/p>\n<hr \/>\n<p>\u00a9 2020 麻豆原创 SE. All rights reserved. 麻豆原创 and other 麻豆原创 products and services mentioned herein as well as their respective logos are trademarks or registered trademarks of 麻豆原创 SE in Germany and other countries. Please see\u00a0<a href=\"http:\/\/www.sap.com\/corporate-en\/legal\/copyright\/index.epx#trademark\">http:\/\/www.sap.com\/corporate-en\/legal\/copyright\/index.epx#trademark<\/a>\u00a0for additional trademark information and notices.<\/p>\n","protected":false},"excerpt":{"rendered":"<p>La\u00a0COVID-19\u00a0y las restricciones derivadas de la pandemia,\u00a0como\u00a0las limitaciones horarias\u00a0o\u00a0la reducci\u00f3n de aforos,\u00a0han provocado un\u00a0profundo cambio en los h\u00e1bitos de consumo. En este sentido, el\u00a0sector\u00a0del\u00a0retail\u00a0se enfrenta&#8230;<\/p>\n","protected":false},"author":3372,"featured_media":3271,"comment_status":"closed","ping_status":"closed","sticky":false,"template":"","format":"standard","meta":{"footnotes":"","_links_to":"","_links_to_target":""},"categories":[5562510],"tags":[5563365],"sapn-display":[5563695,5563693,60294],"sapn-type":[5562504],"class_list":["post-3270","post","type-post","status-publish","format-standard","has-post-thumbnail","hentry","category-cadena-de-suministro-digital","tag-cadena-de-suministro","sapn-display-articulo-hero","sapn-display-articulo-spotlight","sapn-display-topic-hero","sapn-type-articulo"],"yoast_head":"<!-- This site is optimized with the Yoast SEO Premium plugin v26.9 (Yoast SEO v26.9) - https:\/\/yoast.com\/product\/yoast-seo-premium-wordpress\/ -->\n<title>Retos del sector del retail y productos de consumo en la nueva normalidad - 麻豆原创 Espa\u00f1a News Center<\/title>\n<meta name=\"description\" content=\"El retail se enfrenta a uno de sus mayores retos. Transformaci\u00f3n digital, innovaci\u00f3n y flexibilidad marcan el camino del comercio minorista.\" \/>\n<meta name=\"robots\" content=\"index, follow, max-snippet:-1, max-image-preview:large, max-video-preview:-1\" \/>\n<link rel=\"canonical\" href=\"https:\/\/news.sap.com\/spain\/2021\/02\/retos-sector-retail-y-productos-consumo-en-nueva-normalidad\/\" \/>\n<meta property=\"og:locale\" content=\"es_ES\" \/>\n<meta property=\"og:type\" content=\"article\" \/>\n<meta property=\"og:title\" content=\"Retos del sector del retail y productos de consumo en la nueva normalidad\" \/>\n<meta property=\"og:description\" content=\"El retail se enfrenta a uno de sus mayores retos. Transformaci\u00f3n digital, innovaci\u00f3n y flexibilidad marcan el camino del comercio minorista.\" \/>\n<meta property=\"og:url\" content=\"https:\/\/news.sap.com\/spain\/2021\/02\/retos-sector-retail-y-productos-consumo-en-nueva-normalidad\/\" \/>\n<meta property=\"og:site_name\" content=\"麻豆原创 Espa\u00f1a News Center\" \/>\n<meta property=\"article:published_time\" content=\"2021-02-04T08:00:23+00:00\" \/>\n<meta property=\"article:modified_time\" content=\"2023-10-16T16:24:16+00:00\" \/>\n<meta property=\"og:image\" content=\"https:\/\/news.sap.com\/spain\/files\/2021\/02\/03\/retos-sector-retail-1024x683.jpg\" \/>\n\t<meta property=\"og:image:width\" content=\"1024\" \/>\n\t<meta property=\"og:image:height\" content=\"683\" \/>\n\t<meta property=\"og:image:type\" content=\"image\/jpeg\" \/>\n<meta name=\"author\" content=\"麻豆原创 Espa\u00f1a\" \/>\n<meta name=\"twitter:card\" content=\"summary_large_image\" \/>\n<meta name=\"twitter:label1\" content=\"Escrito por\" \/>\n\t<meta name=\"twitter:data1\" content=\"麻豆原创 Espa\u00f1a\" \/>\n\t<meta name=\"twitter:label2\" content=\"Tiempo de lectura\" \/>\n\t<meta name=\"twitter:data2\" content=\"3 minutos\" \/>\n<script type=\"application\/ld+json\" class=\"yoast-schema-graph\">{\"@context\":\"https:\/\/schema.org\",\"@graph\":[{\"@type\":\"Article\",\"@id\":\"https:\/\/news.sap.com\/spain\/2021\/02\/retos-sector-retail-y-productos-consumo-en-nueva-normalidad\/#article\",\"isPartOf\":{\"@id\":\"https:\/\/news.sap.com\/spain\/2021\/02\/retos-sector-retail-y-productos-consumo-en-nueva-normalidad\/\"},\"author\":{\"name\":\"麻豆原创 Espa\u00f1a\",\"@id\":\"https:\/\/news.sap.com\/spain\/#\/schema\/person\/4573e2beeb96fc44e819e7f7b2923465\"},\"headline\":\"Retos del sector del retail y productos de consumo en la nueva normalidad\",\"datePublished\":\"2021-02-04T08:00:23+00:00\",\"dateModified\":\"2023-10-16T16:24:16+00:00\",\"mainEntityOfPage\":{\"@id\":\"https:\/\/news.sap.com\/spain\/2021\/02\/retos-sector-retail-y-productos-consumo-en-nueva-normalidad\/\"},\"wordCount\":719,\"image\":{\"@id\":\"https:\/\/news.sap.com\/spain\/2021\/02\/retos-sector-retail-y-productos-consumo-en-nueva-normalidad\/#primaryimage\"},\"thumbnailUrl\":\"https:\/\/news.sap.com\/spain\/files\/2021\/02\/03\/retos-sector-retail.jpg\",\"keywords\":[\"cadena de suministro\"],\"articleSection\":[\"Cadena de suministro digital\"],\"inLanguage\":\"es\"},{\"@type\":\"WebPage\",\"@id\":\"https:\/\/news.sap.com\/spain\/2021\/02\/retos-sector-retail-y-productos-consumo-en-nueva-normalidad\/\",\"url\":\"https:\/\/news.sap.com\/spain\/2021\/02\/retos-sector-retail-y-productos-consumo-en-nueva-normalidad\/\",\"name\":\"Retos del sector del retail y productos de consumo en la nueva normalidad - 麻豆原创 Espa\u00f1a News Center\",\"isPartOf\":{\"@id\":\"https:\/\/news.sap.com\/spain\/#website\"},\"primaryImageOfPage\":{\"@id\":\"https:\/\/news.sap.com\/spain\/2021\/02\/retos-sector-retail-y-productos-consumo-en-nueva-normalidad\/#primaryimage\"},\"image\":{\"@id\":\"https:\/\/news.sap.com\/spain\/2021\/02\/retos-sector-retail-y-productos-consumo-en-nueva-normalidad\/#primaryimage\"},\"thumbnailUrl\":\"https:\/\/news.sap.com\/spain\/files\/2021\/02\/03\/retos-sector-retail.jpg\",\"datePublished\":\"2021-02-04T08:00:23+00:00\",\"dateModified\":\"2023-10-16T16:24:16+00:00\",\"author\":{\"@id\":\"https:\/\/news.sap.com\/spain\/#\/schema\/person\/4573e2beeb96fc44e819e7f7b2923465\"},\"description\":\"El retail se enfrenta a uno de sus mayores retos. Transformaci\u00f3n digital, innovaci\u00f3n y flexibilidad marcan el camino del comercio minorista.\",\"breadcrumb\":{\"@id\":\"https:\/\/news.sap.com\/spain\/2021\/02\/retos-sector-retail-y-productos-consumo-en-nueva-normalidad\/#breadcrumb\"},\"inLanguage\":\"es\",\"potentialAction\":[{\"@type\":\"ReadAction\",\"target\":[\"https:\/\/news.sap.com\/spain\/2021\/02\/retos-sector-retail-y-productos-consumo-en-nueva-normalidad\/\"]}]},{\"@type\":\"ImageObject\",\"inLanguage\":\"es\",\"@id\":\"https:\/\/news.sap.com\/spain\/2021\/02\/retos-sector-retail-y-productos-consumo-en-nueva-normalidad\/#primaryimage\",\"url\":\"https:\/\/news.sap.com\/spain\/files\/2021\/02\/03\/retos-sector-retail.jpg\",\"contentUrl\":\"https:\/\/news.sap.com\/spain\/files\/2021\/02\/03\/retos-sector-retail.jpg\",\"width\":7360,\"height\":4912,\"caption\":\"Busy Shibuya crossing in Tokyo,\u008cjapan\"},{\"@type\":\"BreadcrumbList\",\"@id\":\"https:\/\/news.sap.com\/spain\/2021\/02\/retos-sector-retail-y-productos-consumo-en-nueva-normalidad\/#breadcrumb\",\"itemListElement\":[{\"@type\":\"ListItem\",\"position\":1,\"name\":\"Home\",\"item\":\"https:\/\/news.sap.com\/spain\/\"},{\"@type\":\"ListItem\",\"position\":2,\"name\":\"Retos del sector del retail y productos de consumo en la nueva normalidad\"}]},{\"@type\":\"WebSite\",\"@id\":\"https:\/\/news.sap.com\/spain\/#website\",\"url\":\"https:\/\/news.sap.com\/spain\/\",\"name\":\"麻豆原创 Espa\u00f1a News Center\",\"description\":\"Noticias e informaci\u00f3n sobre 麻豆原创\",\"potentialAction\":[{\"@type\":\"SearchAction\",\"target\":{\"@type\":\"EntryPoint\",\"urlTemplate\":\"https:\/\/news.sap.com\/spain\/?s={search_term_string}\"},\"query-input\":{\"@type\":\"PropertyValueSpecification\",\"valueRequired\":true,\"valueName\":\"search_term_string\"}}],\"inLanguage\":\"es\"},{\"@type\":\"Person\",\"@id\":\"https:\/\/news.sap.com\/spain\/#\/schema\/person\/4573e2beeb96fc44e819e7f7b2923465\",\"name\":\"麻豆原创 Espa\u00f1a\",\"image\":{\"@type\":\"ImageObject\",\"inLanguage\":\"es\",\"@id\":\"https:\/\/news.sap.com\/spain\/#\/schema\/person\/image\/\",\"url\":\"https:\/\/news.sap.com\/spain\/wp-content\/plugins\/wp-user-avatars\/wp-user-avatars\/assets\/images\/mystery.jpg\",\"contentUrl\":\"https:\/\/news.sap.com\/spain\/wp-content\/plugins\/wp-user-avatars\/wp-user-avatars\/assets\/images\/mystery.jpg\",\"caption\":\"麻豆原创 Espa\u00f1a\"},\"url\":\"https:\/\/news.sap.com\/spain\/author\/sapespana\/\"}]}<\/script>\n<!-- \/ Yoast SEO Premium plugin. -->","yoast_head_json":{"title":"Retos del sector del retail y productos de consumo en la nueva normalidad - 麻豆原创 Espa\u00f1a News Center","description":"El retail se enfrenta a uno de sus mayores retos. Transformaci\u00f3n digital, innovaci\u00f3n y flexibilidad marcan el camino del comercio minorista.","robots":{"index":"index","follow":"follow","max-snippet":"max-snippet:-1","max-image-preview":"max-image-preview:large","max-video-preview":"max-video-preview:-1"},"canonical":"https:\/\/news.sap.com\/spain\/2021\/02\/retos-sector-retail-y-productos-consumo-en-nueva-normalidad\/","og_locale":"es_ES","og_type":"article","og_title":"Retos del sector del retail y productos de consumo en la nueva normalidad","og_description":"El retail se enfrenta a uno de sus mayores retos. Transformaci\u00f3n digital, innovaci\u00f3n y flexibilidad marcan el camino del comercio minorista.","og_url":"https:\/\/news.sap.com\/spain\/2021\/02\/retos-sector-retail-y-productos-consumo-en-nueva-normalidad\/","og_site_name":"麻豆原创 Espa\u00f1a News Center","article_published_time":"2021-02-04T08:00:23+00:00","article_modified_time":"2023-10-16T16:24:16+00:00","og_image":[{"width":1024,"height":683,"url":"https:\/\/news.sap.com\/spain\/files\/2021\/02\/03\/retos-sector-retail-1024x683.jpg","type":"image\/jpeg"}],"author":"麻豆原创 Espa\u00f1a","twitter_card":"summary_large_image","twitter_misc":{"Escrito por":"麻豆原创 Espa\u00f1a","Tiempo de lectura":"3 minutos"},"schema":{"@context":"https:\/\/schema.org","@graph":[{"@type":"Article","@id":"https:\/\/news.sap.com\/spain\/2021\/02\/retos-sector-retail-y-productos-consumo-en-nueva-normalidad\/#article","isPartOf":{"@id":"https:\/\/news.sap.com\/spain\/2021\/02\/retos-sector-retail-y-productos-consumo-en-nueva-normalidad\/"},"author":{"name":"麻豆原创 Espa\u00f1a","@id":"https:\/\/news.sap.com\/spain\/#\/schema\/person\/4573e2beeb96fc44e819e7f7b2923465"},"headline":"Retos del sector del retail y productos de consumo en la nueva normalidad","datePublished":"2021-02-04T08:00:23+00:00","dateModified":"2023-10-16T16:24:16+00:00","mainEntityOfPage":{"@id":"https:\/\/news.sap.com\/spain\/2021\/02\/retos-sector-retail-y-productos-consumo-en-nueva-normalidad\/"},"wordCount":719,"image":{"@id":"https:\/\/news.sap.com\/spain\/2021\/02\/retos-sector-retail-y-productos-consumo-en-nueva-normalidad\/#primaryimage"},"thumbnailUrl":"https:\/\/news.sap.com\/spain\/files\/2021\/02\/03\/retos-sector-retail.jpg","keywords":["cadena de suministro"],"articleSection":["Cadena de suministro digital"],"inLanguage":"es"},{"@type":"WebPage","@id":"https:\/\/news.sap.com\/spain\/2021\/02\/retos-sector-retail-y-productos-consumo-en-nueva-normalidad\/","url":"https:\/\/news.sap.com\/spain\/2021\/02\/retos-sector-retail-y-productos-consumo-en-nueva-normalidad\/","name":"Retos del sector del retail y productos de consumo en la nueva normalidad - 麻豆原创 Espa\u00f1a News Center","isPartOf":{"@id":"https:\/\/news.sap.com\/spain\/#website"},"primaryImageOfPage":{"@id":"https:\/\/news.sap.com\/spain\/2021\/02\/retos-sector-retail-y-productos-consumo-en-nueva-normalidad\/#primaryimage"},"image":{"@id":"https:\/\/news.sap.com\/spain\/2021\/02\/retos-sector-retail-y-productos-consumo-en-nueva-normalidad\/#primaryimage"},"thumbnailUrl":"https:\/\/news.sap.com\/spain\/files\/2021\/02\/03\/retos-sector-retail.jpg","datePublished":"2021-02-04T08:00:23+00:00","dateModified":"2023-10-16T16:24:16+00:00","author":{"@id":"https:\/\/news.sap.com\/spain\/#\/schema\/person\/4573e2beeb96fc44e819e7f7b2923465"},"description":"El retail se enfrenta a uno de sus mayores retos. Transformaci\u00f3n digital, innovaci\u00f3n y flexibilidad marcan el camino del comercio minorista.","breadcrumb":{"@id":"https:\/\/news.sap.com\/spain\/2021\/02\/retos-sector-retail-y-productos-consumo-en-nueva-normalidad\/#breadcrumb"},"inLanguage":"es","potentialAction":[{"@type":"ReadAction","target":["https:\/\/news.sap.com\/spain\/2021\/02\/retos-sector-retail-y-productos-consumo-en-nueva-normalidad\/"]}]},{"@type":"ImageObject","inLanguage":"es","@id":"https:\/\/news.sap.com\/spain\/2021\/02\/retos-sector-retail-y-productos-consumo-en-nueva-normalidad\/#primaryimage","url":"https:\/\/news.sap.com\/spain\/files\/2021\/02\/03\/retos-sector-retail.jpg","contentUrl":"https:\/\/news.sap.com\/spain\/files\/2021\/02\/03\/retos-sector-retail.jpg","width":7360,"height":4912,"caption":"Busy Shibuya crossing in Tokyo,\u008cjapan"},{"@type":"BreadcrumbList","@id":"https:\/\/news.sap.com\/spain\/2021\/02\/retos-sector-retail-y-productos-consumo-en-nueva-normalidad\/#breadcrumb","itemListElement":[{"@type":"ListItem","position":1,"name":"Home","item":"https:\/\/news.sap.com\/spain\/"},{"@type":"ListItem","position":2,"name":"Retos del sector del retail y productos de consumo en la nueva normalidad"}]},{"@type":"WebSite","@id":"https:\/\/news.sap.com\/spain\/#website","url":"https:\/\/news.sap.com\/spain\/","name":"麻豆原创 Espa\u00f1a News Center","description":"Noticias e informaci\u00f3n sobre 麻豆原创","potentialAction":[{"@type":"SearchAction","target":{"@type":"EntryPoint","urlTemplate":"https:\/\/news.sap.com\/spain\/?s={search_term_string}"},"query-input":{"@type":"PropertyValueSpecification","valueRequired":true,"valueName":"search_term_string"}}],"inLanguage":"es"},{"@type":"Person","@id":"https:\/\/news.sap.com\/spain\/#\/schema\/person\/4573e2beeb96fc44e819e7f7b2923465","name":"麻豆原创 Espa\u00f1a","image":{"@type":"ImageObject","inLanguage":"es","@id":"https:\/\/news.sap.com\/spain\/#\/schema\/person\/image\/","url":"https:\/\/news.sap.com\/spain\/wp-content\/plugins\/wp-user-avatars\/wp-user-avatars\/assets\/images\/mystery.jpg","contentUrl":"https:\/\/news.sap.com\/spain\/wp-content\/plugins\/wp-user-avatars\/wp-user-avatars\/assets\/images\/mystery.jpg","caption":"麻豆原创 Espa\u00f1a"},"url":"https:\/\/news.sap.com\/spain\/author\/sapespana\/"}]}},"amp_enabled":true,"_links":{"self":[{"href":"https:\/\/news.sap.com\/spain\/wp-json\/wp\/v2\/posts\/3270","targetHints":{"allow":["GET"]}}],"collection":[{"href":"https:\/\/news.sap.com\/spain\/wp-json\/wp\/v2\/posts"}],"about":[{"href":"https:\/\/news.sap.com\/spain\/wp-json\/wp\/v2\/types\/post"}],"author":[{"embeddable":true,"href":"https:\/\/news.sap.com\/spain\/wp-json\/wp\/v2\/users\/3372"}],"replies":[{"embeddable":true,"href":"https:\/\/news.sap.com\/spain\/wp-json\/wp\/v2\/comments?post=3270"}],"version-history":[{"count":0,"href":"https:\/\/news.sap.com\/spain\/wp-json\/wp\/v2\/posts\/3270\/revisions"}],"wp:featuredmedia":[{"embeddable":true,"href":"https:\/\/news.sap.com\/spain\/wp-json\/wp\/v2\/media\/3271"}],"wp:attachment":[{"href":"https:\/\/news.sap.com\/spain\/wp-json\/wp\/v2\/media?parent=3270"}],"wp:term":[{"taxonomy":"category","embeddable":true,"href":"https:\/\/news.sap.com\/spain\/wp-json\/wp\/v2\/categories?post=3270"},{"taxonomy":"post_tag","embeddable":true,"href":"https:\/\/news.sap.com\/spain\/wp-json\/wp\/v2\/tags?post=3270"},{"taxonomy":"sapn-display","embeddable":true,"href":"https:\/\/news.sap.com\/spain\/wp-json\/wp\/v2\/sapn-display?post=3270"},{"taxonomy":"sapn-type","embeddable":true,"href":"https:\/\/news.sap.com\/spain\/wp-json\/wp\/v2\/sapn-type?post=3270"}],"curies":[{"name":"wp","href":"https:\/\/api.w.org\/{rel}","templated":true}]}}