  {"id":3205,"date":"2021-01-14T10:08:52","date_gmt":"2021-01-14T10:08:52","guid":{"rendered":"https:\/\/news.sap.com\/spain\/?p=3205"},"modified":"2023-10-16T16:26:27","modified_gmt":"2023-10-16T16:26:27","slug":"la-sostenibilidad-pilar-fundamental-en-futuro-de-empresas","status":"publish","type":"post","link":"https:\/\/news.sap.com\/spain\/2021\/01\/la-sostenibilidad-pilar-fundamental-en-futuro-de-empresas\/","title":{"rendered":"La sostenibilidad como pilar fundamental en el futuro de las empresas"},"content":{"rendered":"<p class=\"lead\"><span data-contrast=\"none\">El\u00a0<\/span><b><span data-contrast=\"none\">futuro de las empresas<\/span><\/b><span data-contrast=\"none\">\u00a0pasa necesariamente por un cambio en la visi\u00f3n de negocio en el que\u00a0<\/span><b><span data-contrast=\"none\">la sostenibilidad es un elemento esencial<\/span><\/b><span data-contrast=\"none\">. La globalizaci\u00f3n de los \u00faltimos a\u00f1os ha propiciado que algunas organizaciones hayan\u00a0<\/span><span data-contrast=\"none\">priorizado<\/span><span data-contrast=\"none\">\u00a0<\/span><span data-contrast=\"none\">sus beneficios\u00a0<\/span><span data-contrast=\"none\">ante el<\/span><span data-contrast=\"none\">\u00a0buen uso de los recursos naturales y de los da\u00f1os causados al medioambiente.\u00a0<\/span><span data-ccp-props=\"{&quot;201341983&quot;:0,&quot;335551550&quot;:1,&quot;335551620&quot;:1,&quot;335559739&quot;:240,&quot;335559740&quot;:276}\">\u00a0<\/span><\/p>\n<p><span data-contrast=\"none\">Este paradigma ha quedado obsoleto frente a\u00a0<\/span><b><span data-contrast=\"none\">una sociedad cada vez m\u00e1s concienciada con el consumo responsable<\/span><\/b><span data-contrast=\"none\">. La evoluci\u00f3n constante del mundo de la empresa exige ahora apostar por un nuevo orden en el que los enfoques de\u00a0<\/span><b><span data-contrast=\"none\">transparencia y responsabilidad medioambiental<\/span><\/b><span data-contrast=\"none\">\u00a0son l<\/span><span data-contrast=\"none\">o<\/span><span data-contrast=\"none\">s protagonistas.<\/span><span data-ccp-props=\"{&quot;201341983&quot;:0,&quot;335551550&quot;:1,&quot;335551620&quot;:1,&quot;335559739&quot;:240,&quot;335559740&quot;:276}\">\u00a0<\/span><\/p>\n<h2><b><span data-contrast=\"none\">Retos de la empresa del futuro para un mundo sostenible<\/span><\/b><\/h2>\n<p><span data-contrast=\"none\">Los consumidores del siglo XXI han dejado de ser ingenuos. La informaci\u00f3n est\u00e1 al alcance de todos y las redes sociales se han convertido en\u00a0<\/span><span data-contrast=\"none\">un<\/span><span data-contrast=\"none\">\u00a0<\/span><span data-contrast=\"none\">altavoz\u00a0<\/span><span data-contrast=\"none\">para\u00a0<\/span><span data-contrast=\"none\">las empresas. Esta ventaja puede tornarse en contra de las compa\u00f1\u00edas que ven expuestas\u00a0<\/span><span data-contrast=\"none\">sus\u00a0<\/span><span data-contrast=\"none\">pr\u00e1cticas poco \u00e9ticas, como la<\/span><b><span data-contrast=\"none\">\u00a0reducci\u00f3n de costes mediante la contaminaci\u00f3n<\/span><\/b><span data-contrast=\"none\">\u00a0<\/span><span data-contrast=\"none\">o<\/span><span data-contrast=\"none\">\u00a0el abuso de los recursos naturales.\u00a0<\/span><span data-ccp-props=\"{&quot;201341983&quot;:0,&quot;335551550&quot;:1,&quot;335551620&quot;:1,&quot;335559739&quot;:240,&quot;335559740&quot;:276}\">\u00a0<\/span><\/p>\n<p><span data-contrast=\"none\">Esta visi\u00f3n cortoplacista est\u00e1 abocada al fracaso<\/span><span data-contrast=\"none\">,<\/span><span data-contrast=\"none\">\u00a0porque la empresa del futuro tendr\u00e1 que centrar sus esfuerzos en\u00a0<\/span><span data-contrast=\"none\">conseguir<\/span><span data-contrast=\"none\">\u00a0<\/span><b><span data-contrast=\"none\">un\u00a0<\/span><\/b><b><span data-contrast=\"none\">perfil de\u00a0<\/span><\/b><b><span data-contrast=\"none\">negocio que trabaje para crear valor a largo plazo<\/span><\/b><span data-contrast=\"none\">\u00a0apostando, entre otras cosas, por la sostenibilidad.<\/span><span data-ccp-props=\"{&quot;201341983&quot;:0,&quot;335551550&quot;:1,&quot;335551620&quot;:1,&quot;335559739&quot;:240,&quot;335559740&quot;:276}\">\u00a0<\/span><\/p>\n<p><span data-contrast=\"none\">La nueva econom\u00eda cuenta con\u00a0<\/span><b><span data-contrast=\"none\">las\u00a0<\/span><\/b><a href=\"https:\/\/news.sap.com\/spain\/2020\/12\/ventajas-de-la-implantacion-de-nuevas-tecnologias-en-las-empresas\/\" target=\"_blank\" rel=\"noopener noreferrer\"><b><span data-contrast=\"none\">ventajas\u00a0<\/span><\/b><b><span data-contrast=\"none\">de<\/span><\/b><b><span data-contrast=\"none\">\u00a0la tecnolog\u00eda<\/span><\/b><\/a><b><span data-contrast=\"none\">\u00a0<\/span><\/b><b><span data-contrast=\"none\">en\u00a0<\/span><\/b><b><span data-contrast=\"none\">relaci\u00f3n al ahorro de recursos<\/span><\/b><span data-contrast=\"none\">. En las \u00faltimas d\u00e9cadas, hemos visto c\u00f3mo se ha reducido notablemente el uso de papel\u00a0<\/span><span data-contrast=\"none\">\u2013<\/span><span data-contrast=\"none\">y la tala indiscriminada de \u00e1rboles que implica<\/span><span data-contrast=\"none\">\u2013<\/span><span data-contrast=\"none\">\u00a0gracias a las\u00a0<\/span><b><span data-contrast=\"none\">herramientas de digitalizaci\u00f3n y gesti\u00f3n documental<\/span><\/b><span data-contrast=\"none\">. Ahora, esa lucha tambi\u00e9n se est\u00e1 librando contra el pl\u00e1stico y la reducci\u00f3n de la huella de carbono.<\/span><span data-ccp-props=\"{&quot;201341983&quot;:0,&quot;335551550&quot;:1,&quot;335551620&quot;:1,&quot;335559739&quot;:240,&quot;335559740&quot;:276}\">\u00a0<\/span><\/p>\n<h2><b><span data-contrast=\"none\">La sostenibilidad como modelo de gesti\u00f3n empresarial<\/span><\/b><\/h2>\n<p><span data-contrast=\"none\">En este escenario, las empresas deben realizar su contribuci\u00f3n a la sostenibilidad ejerciendo un papel m\u00e1s relevante y pasando a\u00a0<\/span><b><span data-contrast=\"none\">ser parte de la soluci\u00f3n<\/span><\/b><span data-contrast=\"none\">\u00a0de los\u00a0<\/span><span data-contrast=\"none\">diferentes\u00a0<\/span><span data-contrast=\"none\">retos sociales y ambientales<\/span><span data-contrast=\"none\">\u00a0que se plantean<\/span><span data-contrast=\"none\">.\u00a0<\/span><span data-ccp-props=\"{&quot;201341983&quot;:0,&quot;335551550&quot;:1,&quot;335551620&quot;:1,&quot;335559739&quot;:240,&quot;335559740&quot;:276}\">\u00a0<\/span><\/p>\n<p><span data-contrast=\"none\">Una de las iniciativas m\u00e1s recientes de 麻豆原创 es\u00a0<\/span><b><span data-contrast=\"none\">麻豆原创 Cares<\/span><\/b><span data-contrast=\"none\">,\u00a0<\/span><span data-contrast=\"none\">con la que se pretende\u00a0<\/span><span data-contrast=\"none\">ayudar a\u00a0<\/span><span data-contrast=\"none\">impulsar la sostenibilidad\u00a0<\/span><span data-contrast=\"none\">como un rasgo definitorio y con arraigo\u00a0<\/span><span data-contrast=\"none\">dentro de la cultura corporativa de las empresas.\u00a0<\/span><span data-contrast=\"none\">El<\/span><span data-contrast=\"none\">\u00a0<\/span><span data-contrast=\"none\">objetivo s<\/span><span data-contrast=\"none\">igue\u00a0<\/span><span data-contrast=\"none\">s<\/span><span data-contrast=\"none\">iendo el de hacer crecer su negocio, pero hacerlo\u00a0<\/span><span data-contrast=\"none\">mediante el uso de\u00a0<\/span><a href=\"https:\/\/www.sap.com\/mena\/cmp\/oth\/crm-xu20-dcr-sapcare\/index.html?url_id=banner-es-homepage-Row3-麻豆原创Cares-Q4\" target=\"_blank\" rel=\"noopener noreferrer\"><b><span data-contrast=\"none\">tecnolog\u00eda sostenible<\/span><\/b><\/a><span data-contrast=\"none\">, aquella que tiene\u00a0<\/span><span data-contrast=\"none\">en cuenta\u00a0<\/span><span data-contrast=\"none\">los desaf\u00edos clim\u00e1ticos a los que\u00a0<\/span><span data-contrast=\"none\">se enfrenta la poblaci\u00f3n mundial.\u00a0<\/span><span data-contrast=\"none\">E<\/span><span data-contrast=\"none\">stos\u00a0<\/span><span data-contrast=\"none\">tambi\u00e9n\u00a0<\/span><span data-contrast=\"none\">su<\/span><span data-contrast=\"none\">ponen una oportunidad para las empresas para dejar un impacto\u00a0<\/span><span data-contrast=\"none\">social\u00a0<\/span><span data-contrast=\"none\">positivo\u00a0<\/span><span data-contrast=\"none\">a trav\u00e9s de su<\/span><span data-contrast=\"none\">\u00a0<\/span><span data-contrast=\"none\">gesti\u00f3n.<\/span><span data-ccp-props=\"{&quot;201341983&quot;:0,&quot;335551550&quot;:1,&quot;335551620&quot;:1,&quot;335559739&quot;:240,&quot;335559740&quot;:276}\">\u00a0<\/span><\/p>\n<h2><b><span data-contrast=\"none\">Un consumidor cada vez m\u00e1s concienciado y responsable<\/span><\/b><\/h2>\n<p><span data-contrast=\"none\">El entorno social en el que parec\u00eda que las empresas ten\u00edan todas las respuestas est\u00e1 desapareciendo porque\u00a0<\/span><b><span data-contrast=\"none\">los consumidores han cambiado\u00a0<\/span><\/b><b><span data-contrast=\"none\">sus<\/span><\/b><b><span data-contrast=\"none\">\u00a0<\/span><\/b><b><span data-contrast=\"none\">preguntas<\/span><\/b><span data-contrast=\"none\">. Para garantizar el futuro de las empresas, la sostenibilidad debe convertirse en su raz\u00f3n de ser, en su principal reto.<\/span><span data-ccp-props=\"{&quot;201341983&quot;:0,&quot;335551550&quot;:1,&quot;335551620&quot;:1,&quot;335559739&quot;:240,&quot;335559740&quot;:276}\">\u00a0<\/span><\/p>\n<p><span data-contrast=\"none\">Si hace un tiempo el consumidor se centraba exclusivamente en el precio o en la calidad de un producto, ahora tambi\u00e9n se plantea\u00a0<\/span><b><span data-contrast=\"none\">qu\u00e9 recursos se han empleado para su fabricaci\u00f3n<\/span><\/b><span data-contrast=\"none\">\u00a0y cu\u00e1nto contamina hasta que llega a sus manos. La\u00a0<\/span><b><span data-contrast=\"none\">cadena de suministro de la producci\u00f3n industrial<\/span><\/b><span data-contrast=\"none\">\u00a0ya no solo debe optimizar\u00a0<\/span><span data-contrast=\"none\">los\u00a0<\/span><span data-contrast=\"none\">costes y garantizar la trazabilidad.<\/span><span data-ccp-props=\"{&quot;201341983&quot;:0,&quot;335551550&quot;:1,&quot;335551620&quot;:1,&quot;335559739&quot;:240,&quot;335559740&quot;:276}\">\u00a0<\/span><\/p>\n<p><span data-contrast=\"none\">El proceso productivo debe ser analizado desde el punto de vista del impacto<\/span><span data-contrast=\"none\">\u00a0ambiental<\/span><span data-contrast=\"none\">\u00a0que puede tener, c\u00f3mo medirlo y\u00a0<\/span><b><span data-contrast=\"none\">en qu\u00e9<\/span><\/b><b><span data-contrast=\"none\">\u00a0<\/span><\/b><b><span data-contrast=\"none\">conviene invertir para favorecer la sostenibilidad<\/span><\/b><span data-contrast=\"none\">.\u00a0<\/span><span data-ccp-props=\"{&quot;201341983&quot;:0,&quot;335551550&quot;:1,&quot;335551620&quot;:1,&quot;335559739&quot;:240,&quot;335559740&quot;:276}\">\u00a0<\/span><\/p>\n<p><span data-contrast=\"none\">Este ser\u00e1 el punto de inflexi\u00f3n a partir del cual las\u00a0<\/span><a href=\"https:\/\/news.sap.com\/spain\/2020\/06\/sap-ofrece-innovaciones-para-abordar-los-desafios-de-la-cadena-de-suministro-y-la-industria-incorpora-la-sostenibilidad-a-la-era-post-pandemia\/\" target=\"_blank\" rel=\"noopener noreferrer\"><b><span data-contrast=\"none\">empresas sostenibles<\/span><\/b><\/a><span data-contrast=\"none\">\u00a0podr\u00e1n comunicar a la sociedad sus logros, mejorar su reputaci\u00f3n y convertirse en\u00a0<\/span><span data-contrast=\"none\">l\u00edderes frente al cambio clim\u00e1tico<\/span><span data-contrast=\"none\">.<\/span><span data-ccp-props=\"{&quot;201341983&quot;:0,&quot;335551550&quot;:1,&quot;335551620&quot;:1,&quot;335559739&quot;:240,&quot;335559740&quot;:276}\">\u00a0<\/span><\/p>\n<p>&nbsp;<\/p>\n<hr \/>\n<p><a href=\"https:\/\/www.instagram.com\/sapspain\/\">Instagram<\/a> \/ <a href=\"https:\/\/www.facebook.com\/麻豆原创\/\">Facebook<\/a>\u00a0\/\u00a0<a href=\"https:\/\/twitter.com\/sapspain?lang=es\">Twitter<\/a>\u00a0\/\u00a0<a href=\"https:\/\/www.linkedin.com\/company\/sap\/\">LinkedIn<\/a><\/p>\n<hr \/>\n<p>\u00a9 2020 麻豆原创 SE. All rights reserved. 麻豆原创 and other 麻豆原创 products and services mentioned herein as well as their respective logos are trademarks or registered trademarks of 麻豆原创 SE in Germany and other countries. Please see\u00a0<a href=\"http:\/\/www.sap.com\/corporate-en\/legal\/copyright\/index.epx#trademark\">http:\/\/www.sap.com\/corporate-en\/legal\/copyright\/index.epx#trademark<\/a>\u00a0for additional trademark information and notices.<\/p>\n","protected":false},"excerpt":{"rendered":"<p>El\u00a0futuro de las empresas\u00a0pasa necesariamente por un cambio en la visi\u00f3n de negocio en el que\u00a0la sostenibilidad es un elemento esencial. La globalizaci\u00f3n de los&#8230;<\/p>\n","protected":false},"author":3372,"featured_media":3206,"comment_status":"closed","ping_status":"closed","sticky":false,"template":"","format":"standard","meta":{"footnotes":"","_links_to":"","_links_to_target":""},"categories":[5563406],"tags":[5563257,13],"sapn-display":[5563695,5563693,45149,60294],"sapn-type":[5562504],"class_list":["post-3205","post","type-post","status-publish","format-standard","has-post-thumbnail","hentry","category-sostenibilidad","tag-economia-sostenible","tag-sustainability","sapn-display-articulo-hero","sapn-display-articulo-spotlight","sapn-display-homepage-hero","sapn-display-topic-hero","sapn-type-articulo"],"yoast_head":"<!-- This site is optimized with the Yoast SEO Premium plugin v26.9 (Yoast SEO v26.9) - https:\/\/yoast.com\/product\/yoast-seo-premium-wordpress\/ -->\n<title>La sostenibilidad como pilar fundamental en el futuro de las empresas - 麻豆原创 Espa\u00f1a News Center<\/title>\n<meta name=\"description\" content=\"La sostenibilidad se ha convertido en un elemento clave en la cultura corporativa de las empresas en una sociedad concienciada con el consumo responsable.\" \/>\n<meta name=\"robots\" content=\"index, follow, max-snippet:-1, max-image-preview:large, max-video-preview:-1\" \/>\n<link rel=\"canonical\" href=\"https:\/\/news.sap.com\/spain\/2021\/01\/la-sostenibilidad-pilar-fundamental-en-futuro-de-empresas\/\" \/>\n<meta property=\"og:locale\" content=\"es_ES\" \/>\n<meta property=\"og:type\" content=\"article\" \/>\n<meta property=\"og:title\" content=\"La sostenibilidad como pilar fundamental en el futuro de las empresas\" \/>\n<meta property=\"og:description\" content=\"La sostenibilidad se ha convertido en un elemento clave en la cultura corporativa de las empresas en una sociedad concienciada con el consumo responsable.\" \/>\n<meta property=\"og:url\" content=\"https:\/\/news.sap.com\/spain\/2021\/01\/la-sostenibilidad-pilar-fundamental-en-futuro-de-empresas\/\" \/>\n<meta property=\"og:site_name\" content=\"麻豆原创 Espa\u00f1a News Center\" \/>\n<meta property=\"article:published_time\" content=\"2021-01-14T10:08:52+00:00\" \/>\n<meta property=\"article:modified_time\" content=\"2023-10-16T16:26:27+00:00\" \/>\n<meta property=\"og:image\" content=\"https:\/\/news.sap.com\/spain\/files\/2021\/01\/14\/sostenibilidad-futuro-empresas.jpg\" \/>\n\t<meta property=\"og:image:width\" content=\"788\" \/>\n\t<meta property=\"og:image:height\" content=\"443\" \/>\n\t<meta property=\"og:image:type\" content=\"image\/jpeg\" \/>\n<meta name=\"author\" content=\"麻豆原创 Espa\u00f1a\" \/>\n<meta name=\"twitter:card\" content=\"summary_large_image\" \/>\n<meta name=\"twitter:label1\" content=\"Escrito por\" \/>\n\t<meta name=\"twitter:data1\" content=\"麻豆原创 Espa\u00f1a\" \/>\n\t<meta name=\"twitter:label2\" content=\"Tiempo de lectura\" \/>\n\t<meta name=\"twitter:data2\" content=\"3 minutos\" \/>\n<script type=\"application\/ld+json\" class=\"yoast-schema-graph\">{\"@context\":\"https:\/\/schema.org\",\"@graph\":[{\"@type\":\"Article\",\"@id\":\"https:\/\/news.sap.com\/spain\/2021\/01\/la-sostenibilidad-pilar-fundamental-en-futuro-de-empresas\/#article\",\"isPartOf\":{\"@id\":\"https:\/\/news.sap.com\/spain\/2021\/01\/la-sostenibilidad-pilar-fundamental-en-futuro-de-empresas\/\"},\"author\":{\"name\":\"麻豆原创 Espa\u00f1a\",\"@id\":\"https:\/\/news.sap.com\/spain\/#\/schema\/person\/4573e2beeb96fc44e819e7f7b2923465\"},\"headline\":\"La sostenibilidad como pilar fundamental en el futuro de las empresas\",\"datePublished\":\"2021-01-14T10:08:52+00:00\",\"dateModified\":\"2023-10-16T16:26:27+00:00\",\"mainEntityOfPage\":{\"@id\":\"https:\/\/news.sap.com\/spain\/2021\/01\/la-sostenibilidad-pilar-fundamental-en-futuro-de-empresas\/\"},\"wordCount\":695,\"image\":{\"@id\":\"https:\/\/news.sap.com\/spain\/2021\/01\/la-sostenibilidad-pilar-fundamental-en-futuro-de-empresas\/#primaryimage\"},\"thumbnailUrl\":\"https:\/\/news.sap.com\/spain\/files\/2021\/01\/14\/sostenibilidad-futuro-empresas.jpg\",\"keywords\":[\"economia sostenible\",\"Sustainability\"],\"articleSection\":[\"Sostenibilidad\"],\"inLanguage\":\"es\"},{\"@type\":\"WebPage\",\"@id\":\"https:\/\/news.sap.com\/spain\/2021\/01\/la-sostenibilidad-pilar-fundamental-en-futuro-de-empresas\/\",\"url\":\"https:\/\/news.sap.com\/spain\/2021\/01\/la-sostenibilidad-pilar-fundamental-en-futuro-de-empresas\/\",\"name\":\"La sostenibilidad como pilar fundamental en el futuro de las empresas - 麻豆原创 Espa\u00f1a News Center\",\"isPartOf\":{\"@id\":\"https:\/\/news.sap.com\/spain\/#website\"},\"primaryImageOfPage\":{\"@id\":\"https:\/\/news.sap.com\/spain\/2021\/01\/la-sostenibilidad-pilar-fundamental-en-futuro-de-empresas\/#primaryimage\"},\"image\":{\"@id\":\"https:\/\/news.sap.com\/spain\/2021\/01\/la-sostenibilidad-pilar-fundamental-en-futuro-de-empresas\/#primaryimage\"},\"thumbnailUrl\":\"https:\/\/news.sap.com\/spain\/files\/2021\/01\/14\/sostenibilidad-futuro-empresas.jpg\",\"datePublished\":\"2021-01-14T10:08:52+00:00\",\"dateModified\":\"2023-10-16T16:26:27+00:00\",\"author\":{\"@id\":\"https:\/\/news.sap.com\/spain\/#\/schema\/person\/4573e2beeb96fc44e819e7f7b2923465\"},\"description\":\"La sostenibilidad se ha convertido en un elemento clave en la cultura corporativa de las empresas en una sociedad concienciada con el consumo responsable.\",\"breadcrumb\":{\"@id\":\"https:\/\/news.sap.com\/spain\/2021\/01\/la-sostenibilidad-pilar-fundamental-en-futuro-de-empresas\/#breadcrumb\"},\"inLanguage\":\"es\",\"potentialAction\":[{\"@type\":\"ReadAction\",\"target\":[\"https:\/\/news.sap.com\/spain\/2021\/01\/la-sostenibilidad-pilar-fundamental-en-futuro-de-empresas\/\"]}]},{\"@type\":\"ImageObject\",\"inLanguage\":\"es\",\"@id\":\"https:\/\/news.sap.com\/spain\/2021\/01\/la-sostenibilidad-pilar-fundamental-en-futuro-de-empresas\/#primaryimage\",\"url\":\"https:\/\/news.sap.com\/spain\/files\/2021\/01\/14\/sostenibilidad-futuro-empresas.jpg\",\"contentUrl\":\"https:\/\/news.sap.com\/spain\/files\/2021\/01\/14\/sostenibilidad-futuro-empresas.jpg\",\"width\":788,\"height\":443,\"caption\":\"Magical sunrise over sleepy neighborhood with shadows and sunbeams, through ground fog, aerial view.\"},{\"@type\":\"BreadcrumbList\",\"@id\":\"https:\/\/news.sap.com\/spain\/2021\/01\/la-sostenibilidad-pilar-fundamental-en-futuro-de-empresas\/#breadcrumb\",\"itemListElement\":[{\"@type\":\"ListItem\",\"position\":1,\"name\":\"Home\",\"item\":\"https:\/\/news.sap.com\/spain\/\"},{\"@type\":\"ListItem\",\"position\":2,\"name\":\"La sostenibilidad como pilar fundamental en el futuro de las empresas\"}]},{\"@type\":\"WebSite\",\"@id\":\"https:\/\/news.sap.com\/spain\/#website\",\"url\":\"https:\/\/news.sap.com\/spain\/\",\"name\":\"麻豆原创 Espa\u00f1a News Center\",\"description\":\"Noticias e informaci\u00f3n sobre 麻豆原创\",\"potentialAction\":[{\"@type\":\"SearchAction\",\"target\":{\"@type\":\"EntryPoint\",\"urlTemplate\":\"https:\/\/news.sap.com\/spain\/?s={search_term_string}\"},\"query-input\":{\"@type\":\"PropertyValueSpecification\",\"valueRequired\":true,\"valueName\":\"search_term_string\"}}],\"inLanguage\":\"es\"},{\"@type\":\"Person\",\"@id\":\"https:\/\/news.sap.com\/spain\/#\/schema\/person\/4573e2beeb96fc44e819e7f7b2923465\",\"name\":\"麻豆原创 Espa\u00f1a\",\"image\":{\"@type\":\"ImageObject\",\"inLanguage\":\"es\",\"@id\":\"https:\/\/news.sap.com\/spain\/#\/schema\/person\/image\/\",\"url\":\"https:\/\/news.sap.com\/spain\/wp-content\/plugins\/wp-user-avatars\/wp-user-avatars\/assets\/images\/mystery.jpg\",\"contentUrl\":\"https:\/\/news.sap.com\/spain\/wp-content\/plugins\/wp-user-avatars\/wp-user-avatars\/assets\/images\/mystery.jpg\",\"caption\":\"麻豆原创 Espa\u00f1a\"},\"url\":\"https:\/\/news.sap.com\/spain\/author\/sapespana\/\"}]}<\/script>\n<!-- \/ Yoast SEO Premium plugin. -->","yoast_head_json":{"title":"La sostenibilidad como pilar fundamental en el futuro de las empresas - 麻豆原创 Espa\u00f1a News Center","description":"La sostenibilidad se ha convertido en un elemento clave en la cultura corporativa de las empresas en una sociedad concienciada con el consumo responsable.","robots":{"index":"index","follow":"follow","max-snippet":"max-snippet:-1","max-image-preview":"max-image-preview:large","max-video-preview":"max-video-preview:-1"},"canonical":"https:\/\/news.sap.com\/spain\/2021\/01\/la-sostenibilidad-pilar-fundamental-en-futuro-de-empresas\/","og_locale":"es_ES","og_type":"article","og_title":"La sostenibilidad como pilar fundamental en el futuro de las empresas","og_description":"La sostenibilidad se ha convertido en un elemento clave en la cultura corporativa de las empresas en una sociedad concienciada con el consumo responsable.","og_url":"https:\/\/news.sap.com\/spain\/2021\/01\/la-sostenibilidad-pilar-fundamental-en-futuro-de-empresas\/","og_site_name":"麻豆原创 Espa\u00f1a News Center","article_published_time":"2021-01-14T10:08:52+00:00","article_modified_time":"2023-10-16T16:26:27+00:00","og_image":[{"width":788,"height":443,"url":"https:\/\/news.sap.com\/spain\/files\/2021\/01\/14\/sostenibilidad-futuro-empresas.jpg","type":"image\/jpeg"}],"author":"麻豆原创 Espa\u00f1a","twitter_card":"summary_large_image","twitter_misc":{"Escrito por":"麻豆原创 Espa\u00f1a","Tiempo de lectura":"3 minutos"},"schema":{"@context":"https:\/\/schema.org","@graph":[{"@type":"Article","@id":"https:\/\/news.sap.com\/spain\/2021\/01\/la-sostenibilidad-pilar-fundamental-en-futuro-de-empresas\/#article","isPartOf":{"@id":"https:\/\/news.sap.com\/spain\/2021\/01\/la-sostenibilidad-pilar-fundamental-en-futuro-de-empresas\/"},"author":{"name":"麻豆原创 Espa\u00f1a","@id":"https:\/\/news.sap.com\/spain\/#\/schema\/person\/4573e2beeb96fc44e819e7f7b2923465"},"headline":"La sostenibilidad como pilar fundamental en el futuro de las empresas","datePublished":"2021-01-14T10:08:52+00:00","dateModified":"2023-10-16T16:26:27+00:00","mainEntityOfPage":{"@id":"https:\/\/news.sap.com\/spain\/2021\/01\/la-sostenibilidad-pilar-fundamental-en-futuro-de-empresas\/"},"wordCount":695,"image":{"@id":"https:\/\/news.sap.com\/spain\/2021\/01\/la-sostenibilidad-pilar-fundamental-en-futuro-de-empresas\/#primaryimage"},"thumbnailUrl":"https:\/\/news.sap.com\/spain\/files\/2021\/01\/14\/sostenibilidad-futuro-empresas.jpg","keywords":["economia sostenible","Sustainability"],"articleSection":["Sostenibilidad"],"inLanguage":"es"},{"@type":"WebPage","@id":"https:\/\/news.sap.com\/spain\/2021\/01\/la-sostenibilidad-pilar-fundamental-en-futuro-de-empresas\/","url":"https:\/\/news.sap.com\/spain\/2021\/01\/la-sostenibilidad-pilar-fundamental-en-futuro-de-empresas\/","name":"La sostenibilidad como pilar fundamental en el futuro de las empresas - 麻豆原创 Espa\u00f1a News Center","isPartOf":{"@id":"https:\/\/news.sap.com\/spain\/#website"},"primaryImageOfPage":{"@id":"https:\/\/news.sap.com\/spain\/2021\/01\/la-sostenibilidad-pilar-fundamental-en-futuro-de-empresas\/#primaryimage"},"image":{"@id":"https:\/\/news.sap.com\/spain\/2021\/01\/la-sostenibilidad-pilar-fundamental-en-futuro-de-empresas\/#primaryimage"},"thumbnailUrl":"https:\/\/news.sap.com\/spain\/files\/2021\/01\/14\/sostenibilidad-futuro-empresas.jpg","datePublished":"2021-01-14T10:08:52+00:00","dateModified":"2023-10-16T16:26:27+00:00","author":{"@id":"https:\/\/news.sap.com\/spain\/#\/schema\/person\/4573e2beeb96fc44e819e7f7b2923465"},"description":"La sostenibilidad se ha convertido en un elemento clave en la cultura corporativa de las empresas en una sociedad concienciada con el consumo responsable.","breadcrumb":{"@id":"https:\/\/news.sap.com\/spain\/2021\/01\/la-sostenibilidad-pilar-fundamental-en-futuro-de-empresas\/#breadcrumb"},"inLanguage":"es","potentialAction":[{"@type":"ReadAction","target":["https:\/\/news.sap.com\/spain\/2021\/01\/la-sostenibilidad-pilar-fundamental-en-futuro-de-empresas\/"]}]},{"@type":"ImageObject","inLanguage":"es","@id":"https:\/\/news.sap.com\/spain\/2021\/01\/la-sostenibilidad-pilar-fundamental-en-futuro-de-empresas\/#primaryimage","url":"https:\/\/news.sap.com\/spain\/files\/2021\/01\/14\/sostenibilidad-futuro-empresas.jpg","contentUrl":"https:\/\/news.sap.com\/spain\/files\/2021\/01\/14\/sostenibilidad-futuro-empresas.jpg","width":788,"height":443,"caption":"Magical sunrise over sleepy neighborhood with shadows and sunbeams, through ground fog, aerial view."},{"@type":"BreadcrumbList","@id":"https:\/\/news.sap.com\/spain\/2021\/01\/la-sostenibilidad-pilar-fundamental-en-futuro-de-empresas\/#breadcrumb","itemListElement":[{"@type":"ListItem","position":1,"name":"Home","item":"https:\/\/news.sap.com\/spain\/"},{"@type":"ListItem","position":2,"name":"La sostenibilidad como pilar fundamental en el futuro de las empresas"}]},{"@type":"WebSite","@id":"https:\/\/news.sap.com\/spain\/#website","url":"https:\/\/news.sap.com\/spain\/","name":"麻豆原创 Espa\u00f1a News Center","description":"Noticias e informaci\u00f3n sobre 麻豆原创","potentialAction":[{"@type":"SearchAction","target":{"@type":"EntryPoint","urlTemplate":"https:\/\/news.sap.com\/spain\/?s={search_term_string}"},"query-input":{"@type":"PropertyValueSpecification","valueRequired":true,"valueName":"search_term_string"}}],"inLanguage":"es"},{"@type":"Person","@id":"https:\/\/news.sap.com\/spain\/#\/schema\/person\/4573e2beeb96fc44e819e7f7b2923465","name":"麻豆原创 Espa\u00f1a","image":{"@type":"ImageObject","inLanguage":"es","@id":"https:\/\/news.sap.com\/spain\/#\/schema\/person\/image\/","url":"https:\/\/news.sap.com\/spain\/wp-content\/plugins\/wp-user-avatars\/wp-user-avatars\/assets\/images\/mystery.jpg","contentUrl":"https:\/\/news.sap.com\/spain\/wp-content\/plugins\/wp-user-avatars\/wp-user-avatars\/assets\/images\/mystery.jpg","caption":"麻豆原创 Espa\u00f1a"},"url":"https:\/\/news.sap.com\/spain\/author\/sapespana\/"}]}},"amp_enabled":true,"_links":{"self":[{"href":"https:\/\/news.sap.com\/spain\/wp-json\/wp\/v2\/posts\/3205","targetHints":{"allow":["GET"]}}],"collection":[{"href":"https:\/\/news.sap.com\/spain\/wp-json\/wp\/v2\/posts"}],"about":[{"href":"https:\/\/news.sap.com\/spain\/wp-json\/wp\/v2\/types\/post"}],"author":[{"embeddable":true,"href":"https:\/\/news.sap.com\/spain\/wp-json\/wp\/v2\/users\/3372"}],"replies":[{"embeddable":true,"href":"https:\/\/news.sap.com\/spain\/wp-json\/wp\/v2\/comments?post=3205"}],"version-history":[{"count":0,"href":"https:\/\/news.sap.com\/spain\/wp-json\/wp\/v2\/posts\/3205\/revisions"}],"wp:featuredmedia":[{"embeddable":true,"href":"https:\/\/news.sap.com\/spain\/wp-json\/wp\/v2\/media\/3206"}],"wp:attachment":[{"href":"https:\/\/news.sap.com\/spain\/wp-json\/wp\/v2\/media?parent=3205"}],"wp:term":[{"taxonomy":"category","embeddable":true,"href":"https:\/\/news.sap.com\/spain\/wp-json\/wp\/v2\/categories?post=3205"},{"taxonomy":"post_tag","embeddable":true,"href":"https:\/\/news.sap.com\/spain\/wp-json\/wp\/v2\/tags?post=3205"},{"taxonomy":"sapn-display","embeddable":true,"href":"https:\/\/news.sap.com\/spain\/wp-json\/wp\/v2\/sapn-display?post=3205"},{"taxonomy":"sapn-type","embeddable":true,"href":"https:\/\/news.sap.com\/spain\/wp-json\/wp\/v2\/sapn-type?post=3205"}],"curies":[{"name":"wp","href":"https:\/\/api.w.org\/{rel}","templated":true}]}}