  {"id":3201,"date":"2020-12-16T08:30:14","date_gmt":"2020-12-16T08:30:14","guid":{"rendered":"https:\/\/news.sap.com\/spain\/?p=3201"},"modified":"2023-10-16T16:26:28","modified_gmt":"2023-10-16T16:26:28","slug":"la-hoja-de-ruta-de-la-transformacion-digital-para-2021","status":"publish","type":"post","link":"https:\/\/news.sap.com\/spain\/2020\/12\/la-hoja-de-ruta-de-la-transformacion-digital-para-2021\/","title":{"rendered":"La hoja de ruta de la transformaci\u00f3n digital para 2021"},"content":{"rendered":"<p class=\"lead\"><span data-contrast=\"none\">La\u00a0<\/span><b><span data-contrast=\"none\">hoja de ruta de la transformaci\u00f3n digital<\/span><\/b><span data-contrast=\"none\">\u00a0ha acelerado en los \u00faltimos meses y se ha anticipado a las previsiones. Las circunstancias de 2020 no han hecho\u00a0<\/span><span data-contrast=\"none\">m\u00e1s que<\/span><span data-contrast=\"none\">\u00a0<\/span><span data-contrast=\"none\">poner de relieve la importancia de la\u00a0<\/span><b><span data-contrast=\"none\">digitalizaci\u00f3n\u00a0<\/span><\/b><span data-contrast=\"none\">para las empresas.<\/span><span data-ccp-props=\"{&quot;201341983&quot;:0,&quot;335551550&quot;:1,&quot;335551620&quot;:1,&quot;335559739&quot;:240,&quot;335559740&quot;:276}\">\u00a0<\/span><\/p>\n<p style=\"margin: 0cm;text-align: center\" align=\"center\"><span style=\"font-size: 16.0pt;font-family: 'Arial',sans-serif\">Ebook gratis<\/span><\/p>\n<p style=\"margin: 0cm;text-align: center\" align=\"center\"><strong><span style=\"font-size: 20.0pt;font-family: 'Arial',sans-serif\">La transformaci\u00f3n digital en tiempos de cambio<\/span><\/strong><\/p>\n<p align=\"center\"><a href=\"https:\/\/www.sap.com\/spain\/cmp\/dg\/crm-es21-web-inbound3\/index.html\"><img loading=\"lazy\" decoding=\"async\" class=\"alignnone wp-image-3918 size-medium\" src=\"https:\/\/news.sap.com\/spain\/files\/2021\/06\/02\/1622588222278-300x225.jpg\" alt=\"\" width=\"300\" height=\"225\" srcset=\"https:\/\/news.sap.com\/spain\/files\/2021\/06\/02\/1622588222278-300x225.jpg 300w, https:\/\/news.sap.com\/spain\/files\/2021\/06\/02\/1622588222278.jpg 514w\" sizes=\"auto, (max-width: 300px) 100vw, 300px\" \/><\/a><\/p>\n<p style=\"text-align: center\"><a href=\"https:\/\/www.sap.com\/spain\/cmp\/dg\/crm-es21-web-inbound3\/index.html\">DESCARGAR<\/a><\/p>\n<p><span data-contrast=\"none\">Seg\u00fan\u00a0<\/span><span data-contrast=\"none\">IDC\u00a0<\/span><span data-contrast=\"none\">Research<\/span><span data-contrast=\"none\">\u00a0Espa\u00f1a<\/span><span data-contrast=\"none\">, la\u00a0<\/span><b><span data-contrast=\"none\">inversi\u00f3n mundial en\u00a0<\/span><\/b><a href=\"https:\/\/www.sap.com\/spain\/insights\/digital-transformation.html\" target=\"_blank\" rel=\"noopener noreferrer\"><b><span data-contrast=\"none\">transformaci\u00f3n digital<\/span><\/b><\/a><span data-contrast=\"none\">\u00a0<\/span><b><span data-contrast=\"none\">crecer\u00e1 por encima del 15<\/span><\/b><b><span data-contrast=\"none\">\u202f<\/span><\/b><b><span data-contrast=\"none\">% en los pr\u00f3ximos tres a\u00f1os<\/span><\/b><span data-contrast=\"none\">. En su an\u00e1lisis, la firma destaca el papel de<\/span><b><span data-contrast=\"none\">\u00a0<\/span><\/b><span data-contrast=\"none\">la digitalizaci\u00f3n para la recuperaci\u00f3n de la econom\u00eda una vez superada la pandemia.<\/span><span data-ccp-props=\"{&quot;201341983&quot;:0,&quot;335551550&quot;:1,&quot;335551620&quot;:1,&quot;335559739&quot;:240,&quot;335559740&quot;:276}\">\u00a0<\/span><\/p>\n<p><span data-contrast=\"none\">La\u00a0<\/span><b><span data-contrast=\"none\">transformaci\u00f3n digital en Espa\u00f1a<\/span><\/b><span data-contrast=\"none\">\u00a0todav\u00eda tiene un largo recorrido por delante. No obstante, todo apunta\u00a0<\/span><span data-contrast=\"none\">a\u00a0<\/span><span data-contrast=\"none\">que continuar\u00e1 la tendencia hacia la\u00a0<\/span><a href=\"https:\/\/news.sap.com\/spain\/2020\/11\/que-es-la-digitalizacion-y-como-puede-aplicarla-a-su-negocio\/\" target=\"_blank\" rel=\"noopener noreferrer\"><b><span data-contrast=\"none\">digitalizaci\u00f3n<\/span><\/b><\/a><span data-contrast=\"none\">, que ya no es una opci\u00f3n<\/span><span data-contrast=\"none\">,<\/span><span data-contrast=\"none\">\u00a0sino una\u00a0<\/span><b><span data-contrast=\"none\">necesidad para el tejido empresarial<\/span><\/b><span data-contrast=\"none\">.<\/span><span data-ccp-props=\"{&quot;201341983&quot;:0,&quot;335551550&quot;:1,&quot;335551620&quot;:1,&quot;335559739&quot;:240,&quot;335559740&quot;:276}\">\u00a0<\/span><\/p>\n<h2><b><span data-contrast=\"none\">Las tendencias en transformaci\u00f3n digital <\/span><\/b><b><span data-contrast=\"none\">en Espa\u00f1a\u00a0<\/span><\/b><b><span data-contrast=\"none\">para 2021<\/span><\/b><\/h2>\n<p><span data-contrast=\"none\">Las\u00a0<\/span><b><span data-contrast=\"none\">previsiones para Espa\u00f1a<\/span><\/b><span data-contrast=\"none\">\u00a0indican que el gasto en digitalizaci\u00f3n al cierre de este a\u00f1o rondar\u00e1 los cincuenta mil millones de euros. La\u00a0<\/span><b><span data-contrast=\"none\">tasa de crecimiento anual compuesto (TCAC)<\/span><\/b><span data-contrast=\"none\">, que mide el retorno de la inversi\u00f3n, se estima en un 2,21<\/span><span data-contrast=\"none\">\u202f<\/span><span data-contrast=\"none\">% hasta 2021.<\/span><span data-ccp-props=\"{&quot;201341983&quot;:0,&quot;335551550&quot;:1,&quot;335551620&quot;:1,&quot;335559739&quot;:240,&quot;335559740&quot;:276}\">\u00a0<\/span><\/p>\n<p><span data-contrast=\"none\">Este dato revela que\u00a0<\/span><b><span data-contrast=\"none\">las nuevas tecnolog\u00edas y los negocios digitales avanzan<\/span><\/b><span data-contrast=\"none\">\u00a0<\/span><b><span data-contrast=\"none\">a buen ritmo en nuestro pa\u00eds<\/span><\/b><span data-contrast=\"none\">. La inteligencia artificial, el\u00a0<\/span><i><span data-contrast=\"none\">b<\/span><\/i><i><span data-contrast=\"none\">ig<\/span><\/i><i><span data-contrast=\"none\">\u00a0<\/span><\/i><i><span data-contrast=\"none\">d<\/span><\/i><i><span data-contrast=\"none\">ata<\/span><\/i><span data-contrast=\"none\">, la tecnolog\u00eda\u00a0<\/span><span data-contrast=\"none\">AIoT<\/span><span data-contrast=\"none\">\u00a0<\/span><span data-contrast=\"none\">o<\/span><span data-contrast=\"none\">\u00a0el 5G son algunas de las tendencias que marcar\u00e1n la hoja de ruta de la transformaci\u00f3n digital a lo largo del pr\u00f3ximo a\u00f1o.\u00a0\u00a0<\/span><span data-ccp-props=\"{&quot;201341983&quot;:0,&quot;335551550&quot;:1,&quot;335551620&quot;:1,&quot;335559739&quot;:240,&quot;335559740&quot;:276}\">\u00a0<\/span><\/p>\n<h3><b><span data-contrast=\"none\">Consolidaci\u00f3n de las redes m\u00f3viles 5G<\/span><\/b><\/h3>\n<p><span data-contrast=\"none\">La\u00a0<\/span><b><span data-contrast=\"none\">tecnolog\u00eda 5G<\/span><\/b><span data-contrast=\"none\">\u00a0es la gran apuesta de las redes m\u00f3viles. En 2021 se prev\u00e9 que se implementen estaciones base 5G SA y se dejen atr\u00e1s las tecnolog\u00edas basadas en\u00a0<\/span><span data-contrast=\"none\">el\u00a0<\/span><span data-contrast=\"none\">4G. La conectividad con\u00a0<\/span><b><span data-contrast=\"none\">gran ancho de banda y baja latencia<\/span><\/b><span data-contrast=\"none\">\u00a0beneficiar\u00e1 a las empresas.<\/span><span data-ccp-props=\"{&quot;201341983&quot;:0,&quot;335551550&quot;:1,&quot;335551620&quot;:1,&quot;335559739&quot;:240,&quot;335559740&quot;:276}\">\u00a0<\/span><\/p>\n<h3><b><span data-contrast=\"none\">Evoluci\u00f3n hacia <\/span><\/b><b><span data-contrast=\"none\">AIoT<\/span><\/b><b><span data-contrast=\"none\">\u00a0o\u00a0<\/span><\/b><b><span data-contrast=\"none\">i<\/span><\/b><b><span data-contrast=\"none\">nteligencia de las\u00a0<\/span><\/b><b><span data-contrast=\"none\">c<\/span><\/b><b><span data-contrast=\"none\">osas<\/span><\/b><\/h3>\n<p><span data-contrast=\"none\">El\u00a0<\/span><a href=\"https:\/\/news.sap.com\/spain\/2020\/11\/ejemplos-de-aplicacion-del-internet-de-las-cosas-en-las-organizaciones\/\" target=\"_blank\" rel=\"noopener noreferrer\"><b><span data-contrast=\"none\">i<\/span><\/b><b><span data-contrast=\"none\">nternet de las\u00a0<\/span><\/b><b><span data-contrast=\"none\">c<\/span><\/b><b><span data-contrast=\"none\">osas<\/span><\/b><\/a><b><span data-contrast=\"none\">\u00a0<\/span><\/b><span data-contrast=\"none\">(<\/span><b><span data-contrast=\"none\">IoT<\/span><\/b><span data-contrast=\"none\">, por sus siglas en ingl\u00e9s<\/span><span data-contrast=\"none\">)<\/span><span data-contrast=\"none\">\u00a0supuso un gran paso en el avance de la tecnolog\u00eda.\u00a0<\/span><span data-contrast=\"none\">En la actualidad<\/span><span data-contrast=\"none\">, cada vez son m\u00e1s los\u00a0<\/span><b><span data-contrast=\"none\">dispositivos conectados en el hogar y en la empresa<\/span><\/b><span data-contrast=\"none\">.\u00a0<\/span><span data-ccp-props=\"{&quot;201341983&quot;:0,&quot;335551550&quot;:1,&quot;335551620&quot;:1,&quot;335559739&quot;:240,&quot;335559740&quot;:276}\">\u00a0<\/span><\/p>\n<p><span data-contrast=\"none\">El siguiente paso en la hoja de ruta hacia la transformaci\u00f3n digital es\u00a0<\/span><b><span data-contrast=\"none\">AIoT<\/span><\/b><b><span data-contrast=\"none\">, la integraci\u00f3n de\u00a0<\/span><\/b><b><span data-contrast=\"none\">la\u00a0<\/span><\/b><b><span data-contrast=\"none\">inteligencia artificial en los dispositivos conectados<\/span><\/b><span data-contrast=\"none\">. Esta mejora permitir\u00e1 dispositivos como los\u00a0<\/span><i><span data-contrast=\"none\">cobots<\/span><\/i><span data-contrast=\"none\">\u00a0y los drones con\u00a0<\/span><span data-contrast=\"none\">inteligencia artificial<\/span><span data-contrast=\"none\">.\u00a0<\/span><span data-ccp-props=\"{&quot;201341983&quot;:0,&quot;335551550&quot;:1,&quot;335551620&quot;:1,&quot;335559739&quot;:240,&quot;335559740&quot;:276}\">\u00a0<\/span><\/p>\n<h3><b><span data-contrast=\"none\">Avance en sistemas de monitorizaci\u00f3n de los conductores<\/span><\/b><\/h3>\n<p><span data-contrast=\"none\">Las aplicaciones conectadas a los veh\u00edculos ya son una realidad. El Sistema de Monitorizaci\u00f3n del Conductor (DMS) avanza a buen ritmo para mejorar la seguridad.\u00a0<\/span><span data-ccp-props=\"{&quot;201341983&quot;:0,&quot;335551550&quot;:1,&quot;335551620&quot;:1,&quot;335559739&quot;:240,&quot;335559740&quot;:276}\">\u00a0<\/span><\/p>\n<p><span data-contrast=\"none\">En 2021 aumentar\u00e1n los\u00a0<\/span><b><span data-contrast=\"none\">veh\u00edculos dotados de<\/span><\/b><b><span data-contrast=\"none\">\u00a0un<\/span><\/b><b><span data-contrast=\"none\">\u00a0Sistema Avanzado de Asistencia al Conductor (ADAS)<\/span><\/b><span data-contrast=\"none\">, un paso previo a la conducci\u00f3n aut\u00f3noma.<\/span><span data-ccp-props=\"{&quot;201341983&quot;:0,&quot;335551550&quot;:1,&quot;335551620&quot;:1,&quot;335559739&quot;:240,&quot;335559740&quot;:276}\">\u00a0<\/span><\/p>\n<h3><b><span data-contrast=\"none\">Dispositivos m\u00f3viles con pantalla plegable<\/span><\/b><\/h3>\n<p><span data-contrast=\"none\">Han hecho su aparici\u00f3n t\u00edmidamente, pero en los pr\u00f3ximos meses se espera que las\u00a0<\/span><b><span data-contrast=\"none\">pantallas plegables<\/span><\/b><span data-contrast=\"none\">\u00a0comiencen a normalizarse como parte de la innovaci\u00f3n constante en el sector de los\u00a0<\/span><b><span data-contrast=\"none\">dispositivos m\u00f3viles<\/span><\/b><span data-contrast=\"none\">.<\/span><span data-ccp-props=\"{&quot;201341983&quot;:0,&quot;335551550&quot;:1,&quot;335551620&quot;:1,&quot;335559739&quot;:240,&quot;335559740&quot;:276}\">\u00a0<\/span><\/p>\n<h3><b><span data-contrast=\"none\">Nueva generaci\u00f3n de tecnolog\u00eda LED<\/span><\/b><\/h3>\n<p><span data-contrast=\"none\">La\u00a0<\/span><b><span data-contrast=\"none\">tecnolog\u00eda Micro LED<\/span><\/b><span data-contrast=\"none\">\u00a0de matriz activa ya est\u00e1 preparada para implantarse en los nuevos televisores de gamas superiores. Por el momento, las pantallas de nueva generaci\u00f3n incorporar\u00e1n\u00a0<\/span><b><span data-contrast=\"none\">tecnolog\u00eda Mini LED y QD-LED<\/span><\/b><span data-contrast=\"none\">\u00a0en televisores, dispositivos m\u00f3viles, monitores y port\u00e1tiles.<\/span><span data-ccp-props=\"{&quot;201341983&quot;:0,&quot;335551550&quot;:1,&quot;335551620&quot;:1,&quot;335559739&quot;:240,&quot;335559740&quot;:276}\">\u00a0<\/span><\/p>\n<p><span data-contrast=\"none\">Esto es solo una parte de lo que la hoja de ruta de la\u00a0<\/span><span data-contrast=\"none\">transformaci\u00f3n digital<\/span><b><span data-contrast=\"none\">\u00a0<\/span><\/b><span data-contrast=\"none\">tiene preparado para<\/span><span data-contrast=\"none\">\u00a0las empresas en<\/span><span data-contrast=\"none\">\u00a02021. En\u00a0<\/span><b><span data-contrast=\"none\">麻豆原创<\/span><\/b><span data-contrast=\"none\">, conscientes de la importancia de la digitalizaci\u00f3n de las empresas para adaptarse al cambio, dise\u00f1amos\u00a0<\/span><b><span data-contrast=\"none\">soluciones\u00a0<\/span><\/b><b><span data-contrast=\"none\">tecnol\u00f3gicas<\/span><\/b><span data-contrast=\"none\">\u00a0para<\/span><span data-contrast=\"none\">la consecuci\u00f3n de la\u00a0<\/span><a href=\"https:\/\/www.sap.com\/spain\/products\/intelligent-enterprise.html?url_id=ctabutton-es-icon-ce\" target=\"_blank\" rel=\"noopener noreferrer\"><b><span data-contrast=\"none\">empresa inteligente<\/span><\/b><\/a><span data-contrast=\"none\">, que debe ser el prop\u00f3sito de aquellas organizaciones cuya vista est\u00e9 puesta en el futuro y en la adaptaci\u00f3n al cambio a trav\u00e9s del proceso de transformaci\u00f3n digital, convertido ya en algo necesario.\u00a0<\/span><span data-ccp-props=\"{&quot;201341983&quot;:0,&quot;335551550&quot;:1,&quot;335551620&quot;:1,&quot;335559739&quot;:240,&quot;335559740&quot;:276}\">\u00a0<\/span><\/p>\n<hr \/>\n<p><a href=\"https:\/\/www.instagram.com\/sapspain\/\">Instagram<\/a>\u00a0\/\u00a0<a href=\"https:\/\/www.facebook.com\/麻豆原创\/\">Facebook<\/a>\u00a0\/\u00a0<a href=\"https:\/\/twitter.com\/sapspain?lang=es\">Twitter<\/a>\u00a0\/\u00a0<a href=\"https:\/\/www.linkedin.com\/company\/sap\/\">LinkedIn<\/a><\/p>\n<hr \/>\n<p>\u00a9 2020 麻豆原创 SE. All rights reserved. 麻豆原创 and other 麻豆原创 products and services mentioned herein as well as their respective logos are trademarks or registered trademarks of 麻豆原创 SE in Germany and other countries. Please see\u00a0<a href=\"http:\/\/www.sap.com\/corporate-en\/legal\/copyright\/index.epx#trademark\">http:\/\/www.sap.com\/corporate-en\/legal\/copyright\/index.epx#trademark<\/a>\u00a0for additional trademark information and notices.<\/p>\n","protected":false},"excerpt":{"rendered":"<p>La\u00a0hoja de ruta de la transformaci\u00f3n digital\u00a0ha acelerado en los \u00faltimos meses y se ha anticipado a las previsiones. Las circunstancias de 2020 no han&#8230;<\/p>\n","protected":false},"author":3372,"featured_media":3202,"comment_status":"closed","ping_status":"closed","sticky":false,"template":"","format":"standard","meta":{"footnotes":"","_links_to":"","_links_to_target":""},"categories":[24297],"tags":[53011,269944],"sapn-display":[5563695,5563693,60294],"sapn-type":[5562504],"class_list":["post-3201","post","type-post","status-publish","format-standard","has-post-thumbnail","hentry","category-tecnologia","tag-digital-transformation","tag-transformacion-digital","sapn-display-articulo-hero","sapn-display-articulo-spotlight","sapn-display-topic-hero","sapn-type-articulo"],"yoast_head":"<!-- This site is optimized with the Yoast SEO Premium plugin v26.9 (Yoast SEO v26.9) - https:\/\/yoast.com\/product\/yoast-seo-premium-wordpress\/ -->\n<title>La hoja de ruta de la transformaci\u00f3n digital para 2021 - 麻豆原创 Espa\u00f1a News Center<\/title>\n<meta name=\"description\" content=\"La hoja de ruta de la transformaci\u00f3n digital ha acelerado en los \u00faltimos meses de 2020. Descubra las mayores tendencias y las previsiones para el a\u00f1o 2021.\" \/>\n<meta name=\"robots\" content=\"index, follow, max-snippet:-1, max-image-preview:large, max-video-preview:-1\" \/>\n<link rel=\"canonical\" href=\"https:\/\/news.sap.com\/spain\/2020\/12\/la-hoja-de-ruta-de-la-transformacion-digital-para-2021\/\" \/>\n<meta property=\"og:locale\" content=\"es_ES\" \/>\n<meta property=\"og:type\" content=\"article\" \/>\n<meta property=\"og:title\" content=\"La hoja de ruta de la transformaci\u00f3n digital para 2021\" \/>\n<meta property=\"og:description\" content=\"La hoja de ruta de la transformaci\u00f3n digital ha acelerado en los \u00faltimos meses de 2020. Descubra las mayores tendencias y las previsiones para el a\u00f1o 2021.\" \/>\n<meta property=\"og:url\" content=\"https:\/\/news.sap.com\/spain\/2020\/12\/la-hoja-de-ruta-de-la-transformacion-digital-para-2021\/\" \/>\n<meta property=\"og:site_name\" content=\"麻豆原创 Espa\u00f1a News Center\" \/>\n<meta property=\"article:published_time\" content=\"2020-12-16T08:30:14+00:00\" \/>\n<meta property=\"article:modified_time\" content=\"2023-10-16T16:26:28+00:00\" \/>\n<meta property=\"og:image\" content=\"https:\/\/news.sap.com\/spain\/files\/2020\/12\/15\/transformacion-digital-2021.jpg\" \/>\n\t<meta property=\"og:image:width\" content=\"724\" \/>\n\t<meta property=\"og:image:height\" content=\"483\" \/>\n\t<meta property=\"og:image:type\" content=\"image\/jpeg\" \/>\n<meta name=\"author\" content=\"麻豆原创 Espa\u00f1a\" \/>\n<meta name=\"twitter:card\" content=\"summary_large_image\" \/>\n<meta name=\"twitter:label1\" content=\"Escrito por\" \/>\n\t<meta name=\"twitter:data1\" content=\"麻豆原创 Espa\u00f1a\" \/>\n\t<meta name=\"twitter:label2\" content=\"Tiempo de lectura\" \/>\n\t<meta name=\"twitter:data2\" content=\"4 minutos\" \/>\n<script type=\"application\/ld+json\" class=\"yoast-schema-graph\">{\"@context\":\"https:\/\/schema.org\",\"@graph\":[{\"@type\":\"Article\",\"@id\":\"https:\/\/news.sap.com\/spain\/2020\/12\/la-hoja-de-ruta-de-la-transformacion-digital-para-2021\/#article\",\"isPartOf\":{\"@id\":\"https:\/\/news.sap.com\/spain\/2020\/12\/la-hoja-de-ruta-de-la-transformacion-digital-para-2021\/\"},\"author\":{\"name\":\"麻豆原创 Espa\u00f1a\",\"@id\":\"https:\/\/news.sap.com\/spain\/#\/schema\/person\/4573e2beeb96fc44e819e7f7b2923465\"},\"headline\":\"La hoja de ruta de la transformaci\u00f3n digital para 2021\",\"datePublished\":\"2020-12-16T08:30:14+00:00\",\"dateModified\":\"2023-10-16T16:26:28+00:00\",\"mainEntityOfPage\":{\"@id\":\"https:\/\/news.sap.com\/spain\/2020\/12\/la-hoja-de-ruta-de-la-transformacion-digital-para-2021\/\"},\"wordCount\":724,\"image\":{\"@id\":\"https:\/\/news.sap.com\/spain\/2020\/12\/la-hoja-de-ruta-de-la-transformacion-digital-para-2021\/#primaryimage\"},\"thumbnailUrl\":\"https:\/\/news.sap.com\/spain\/files\/2020\/12\/15\/transformacion-digital-2021.jpg\",\"keywords\":[\"Digital Transformation\",\"Transformaci\u00f3n Digital\"],\"articleSection\":[\"Tecnolog\u00eda\"],\"inLanguage\":\"es\"},{\"@type\":\"WebPage\",\"@id\":\"https:\/\/news.sap.com\/spain\/2020\/12\/la-hoja-de-ruta-de-la-transformacion-digital-para-2021\/\",\"url\":\"https:\/\/news.sap.com\/spain\/2020\/12\/la-hoja-de-ruta-de-la-transformacion-digital-para-2021\/\",\"name\":\"La hoja de ruta de la transformaci\u00f3n digital para 2021 - 麻豆原创 Espa\u00f1a News Center\",\"isPartOf\":{\"@id\":\"https:\/\/news.sap.com\/spain\/#website\"},\"primaryImageOfPage\":{\"@id\":\"https:\/\/news.sap.com\/spain\/2020\/12\/la-hoja-de-ruta-de-la-transformacion-digital-para-2021\/#primaryimage\"},\"image\":{\"@id\":\"https:\/\/news.sap.com\/spain\/2020\/12\/la-hoja-de-ruta-de-la-transformacion-digital-para-2021\/#primaryimage\"},\"thumbnailUrl\":\"https:\/\/news.sap.com\/spain\/files\/2020\/12\/15\/transformacion-digital-2021.jpg\",\"datePublished\":\"2020-12-16T08:30:14+00:00\",\"dateModified\":\"2023-10-16T16:26:28+00:00\",\"author\":{\"@id\":\"https:\/\/news.sap.com\/spain\/#\/schema\/person\/4573e2beeb96fc44e819e7f7b2923465\"},\"description\":\"La hoja de ruta de la transformaci\u00f3n digital ha acelerado en los \u00faltimos meses de 2020. Descubra las mayores tendencias y las previsiones para el a\u00f1o 2021.\",\"breadcrumb\":{\"@id\":\"https:\/\/news.sap.com\/spain\/2020\/12\/la-hoja-de-ruta-de-la-transformacion-digital-para-2021\/#breadcrumb\"},\"inLanguage\":\"es\",\"potentialAction\":[{\"@type\":\"ReadAction\",\"target\":[\"https:\/\/news.sap.com\/spain\/2020\/12\/la-hoja-de-ruta-de-la-transformacion-digital-para-2021\/\"]}]},{\"@type\":\"ImageObject\",\"inLanguage\":\"es\",\"@id\":\"https:\/\/news.sap.com\/spain\/2020\/12\/la-hoja-de-ruta-de-la-transformacion-digital-para-2021\/#primaryimage\",\"url\":\"https:\/\/news.sap.com\/spain\/files\/2020\/12\/15\/transformacion-digital-2021.jpg\",\"contentUrl\":\"https:\/\/news.sap.com\/spain\/files\/2020\/12\/15\/transformacion-digital-2021.jpg\",\"width\":724,\"height\":483,\"caption\":\"Portrait of laughing redheaded businesswoman with digital tablet in a loft\"},{\"@type\":\"BreadcrumbList\",\"@id\":\"https:\/\/news.sap.com\/spain\/2020\/12\/la-hoja-de-ruta-de-la-transformacion-digital-para-2021\/#breadcrumb\",\"itemListElement\":[{\"@type\":\"ListItem\",\"position\":1,\"name\":\"Home\",\"item\":\"https:\/\/news.sap.com\/spain\/\"},{\"@type\":\"ListItem\",\"position\":2,\"name\":\"La hoja de ruta de la transformaci\u00f3n digital para 2021\"}]},{\"@type\":\"WebSite\",\"@id\":\"https:\/\/news.sap.com\/spain\/#website\",\"url\":\"https:\/\/news.sap.com\/spain\/\",\"name\":\"麻豆原创 Espa\u00f1a News Center\",\"description\":\"Noticias e informaci\u00f3n sobre 麻豆原创\",\"potentialAction\":[{\"@type\":\"SearchAction\",\"target\":{\"@type\":\"EntryPoint\",\"urlTemplate\":\"https:\/\/news.sap.com\/spain\/?s={search_term_string}\"},\"query-input\":{\"@type\":\"PropertyValueSpecification\",\"valueRequired\":true,\"valueName\":\"search_term_string\"}}],\"inLanguage\":\"es\"},{\"@type\":\"Person\",\"@id\":\"https:\/\/news.sap.com\/spain\/#\/schema\/person\/4573e2beeb96fc44e819e7f7b2923465\",\"name\":\"麻豆原创 Espa\u00f1a\",\"image\":{\"@type\":\"ImageObject\",\"inLanguage\":\"es\",\"@id\":\"https:\/\/news.sap.com\/spain\/#\/schema\/person\/image\/\",\"url\":\"https:\/\/news.sap.com\/spain\/wp-content\/plugins\/wp-user-avatars\/wp-user-avatars\/assets\/images\/mystery.jpg\",\"contentUrl\":\"https:\/\/news.sap.com\/spain\/wp-content\/plugins\/wp-user-avatars\/wp-user-avatars\/assets\/images\/mystery.jpg\",\"caption\":\"麻豆原创 Espa\u00f1a\"},\"url\":\"https:\/\/news.sap.com\/spain\/author\/sapespana\/\"}]}<\/script>\n<!-- \/ Yoast SEO Premium plugin. -->","yoast_head_json":{"title":"La hoja de ruta de la transformaci\u00f3n digital para 2021 - 麻豆原创 Espa\u00f1a News Center","description":"La hoja de ruta de la transformaci\u00f3n digital ha acelerado en los \u00faltimos meses de 2020. Descubra las mayores tendencias y las previsiones para el a\u00f1o 2021.","robots":{"index":"index","follow":"follow","max-snippet":"max-snippet:-1","max-image-preview":"max-image-preview:large","max-video-preview":"max-video-preview:-1"},"canonical":"https:\/\/news.sap.com\/spain\/2020\/12\/la-hoja-de-ruta-de-la-transformacion-digital-para-2021\/","og_locale":"es_ES","og_type":"article","og_title":"La hoja de ruta de la transformaci\u00f3n digital para 2021","og_description":"La hoja de ruta de la transformaci\u00f3n digital ha acelerado en los \u00faltimos meses de 2020. Descubra las mayores tendencias y las previsiones para el a\u00f1o 2021.","og_url":"https:\/\/news.sap.com\/spain\/2020\/12\/la-hoja-de-ruta-de-la-transformacion-digital-para-2021\/","og_site_name":"麻豆原创 Espa\u00f1a News Center","article_published_time":"2020-12-16T08:30:14+00:00","article_modified_time":"2023-10-16T16:26:28+00:00","og_image":[{"width":724,"height":483,"url":"https:\/\/news.sap.com\/spain\/files\/2020\/12\/15\/transformacion-digital-2021.jpg","type":"image\/jpeg"}],"author":"麻豆原创 Espa\u00f1a","twitter_card":"summary_large_image","twitter_misc":{"Escrito por":"麻豆原创 Espa\u00f1a","Tiempo de lectura":"4 minutos"},"schema":{"@context":"https:\/\/schema.org","@graph":[{"@type":"Article","@id":"https:\/\/news.sap.com\/spain\/2020\/12\/la-hoja-de-ruta-de-la-transformacion-digital-para-2021\/#article","isPartOf":{"@id":"https:\/\/news.sap.com\/spain\/2020\/12\/la-hoja-de-ruta-de-la-transformacion-digital-para-2021\/"},"author":{"name":"麻豆原创 Espa\u00f1a","@id":"https:\/\/news.sap.com\/spain\/#\/schema\/person\/4573e2beeb96fc44e819e7f7b2923465"},"headline":"La hoja de ruta de la transformaci\u00f3n digital para 2021","datePublished":"2020-12-16T08:30:14+00:00","dateModified":"2023-10-16T16:26:28+00:00","mainEntityOfPage":{"@id":"https:\/\/news.sap.com\/spain\/2020\/12\/la-hoja-de-ruta-de-la-transformacion-digital-para-2021\/"},"wordCount":724,"image":{"@id":"https:\/\/news.sap.com\/spain\/2020\/12\/la-hoja-de-ruta-de-la-transformacion-digital-para-2021\/#primaryimage"},"thumbnailUrl":"https:\/\/news.sap.com\/spain\/files\/2020\/12\/15\/transformacion-digital-2021.jpg","keywords":["Digital Transformation","Transformaci\u00f3n Digital"],"articleSection":["Tecnolog\u00eda"],"inLanguage":"es"},{"@type":"WebPage","@id":"https:\/\/news.sap.com\/spain\/2020\/12\/la-hoja-de-ruta-de-la-transformacion-digital-para-2021\/","url":"https:\/\/news.sap.com\/spain\/2020\/12\/la-hoja-de-ruta-de-la-transformacion-digital-para-2021\/","name":"La hoja de ruta de la transformaci\u00f3n digital para 2021 - 麻豆原创 Espa\u00f1a News Center","isPartOf":{"@id":"https:\/\/news.sap.com\/spain\/#website"},"primaryImageOfPage":{"@id":"https:\/\/news.sap.com\/spain\/2020\/12\/la-hoja-de-ruta-de-la-transformacion-digital-para-2021\/#primaryimage"},"image":{"@id":"https:\/\/news.sap.com\/spain\/2020\/12\/la-hoja-de-ruta-de-la-transformacion-digital-para-2021\/#primaryimage"},"thumbnailUrl":"https:\/\/news.sap.com\/spain\/files\/2020\/12\/15\/transformacion-digital-2021.jpg","datePublished":"2020-12-16T08:30:14+00:00","dateModified":"2023-10-16T16:26:28+00:00","author":{"@id":"https:\/\/news.sap.com\/spain\/#\/schema\/person\/4573e2beeb96fc44e819e7f7b2923465"},"description":"La hoja de ruta de la transformaci\u00f3n digital ha acelerado en los \u00faltimos meses de 2020. Descubra las mayores tendencias y las previsiones para el a\u00f1o 2021.","breadcrumb":{"@id":"https:\/\/news.sap.com\/spain\/2020\/12\/la-hoja-de-ruta-de-la-transformacion-digital-para-2021\/#breadcrumb"},"inLanguage":"es","potentialAction":[{"@type":"ReadAction","target":["https:\/\/news.sap.com\/spain\/2020\/12\/la-hoja-de-ruta-de-la-transformacion-digital-para-2021\/"]}]},{"@type":"ImageObject","inLanguage":"es","@id":"https:\/\/news.sap.com\/spain\/2020\/12\/la-hoja-de-ruta-de-la-transformacion-digital-para-2021\/#primaryimage","url":"https:\/\/news.sap.com\/spain\/files\/2020\/12\/15\/transformacion-digital-2021.jpg","contentUrl":"https:\/\/news.sap.com\/spain\/files\/2020\/12\/15\/transformacion-digital-2021.jpg","width":724,"height":483,"caption":"Portrait of laughing redheaded businesswoman with digital tablet in a loft"},{"@type":"BreadcrumbList","@id":"https:\/\/news.sap.com\/spain\/2020\/12\/la-hoja-de-ruta-de-la-transformacion-digital-para-2021\/#breadcrumb","itemListElement":[{"@type":"ListItem","position":1,"name":"Home","item":"https:\/\/news.sap.com\/spain\/"},{"@type":"ListItem","position":2,"name":"La hoja de ruta de la transformaci\u00f3n digital para 2021"}]},{"@type":"WebSite","@id":"https:\/\/news.sap.com\/spain\/#website","url":"https:\/\/news.sap.com\/spain\/","name":"麻豆原创 Espa\u00f1a News Center","description":"Noticias e informaci\u00f3n sobre 麻豆原创","potentialAction":[{"@type":"SearchAction","target":{"@type":"EntryPoint","urlTemplate":"https:\/\/news.sap.com\/spain\/?s={search_term_string}"},"query-input":{"@type":"PropertyValueSpecification","valueRequired":true,"valueName":"search_term_string"}}],"inLanguage":"es"},{"@type":"Person","@id":"https:\/\/news.sap.com\/spain\/#\/schema\/person\/4573e2beeb96fc44e819e7f7b2923465","name":"麻豆原创 Espa\u00f1a","image":{"@type":"ImageObject","inLanguage":"es","@id":"https:\/\/news.sap.com\/spain\/#\/schema\/person\/image\/","url":"https:\/\/news.sap.com\/spain\/wp-content\/plugins\/wp-user-avatars\/wp-user-avatars\/assets\/images\/mystery.jpg","contentUrl":"https:\/\/news.sap.com\/spain\/wp-content\/plugins\/wp-user-avatars\/wp-user-avatars\/assets\/images\/mystery.jpg","caption":"麻豆原创 Espa\u00f1a"},"url":"https:\/\/news.sap.com\/spain\/author\/sapespana\/"}]}},"amp_enabled":true,"_links":{"self":[{"href":"https:\/\/news.sap.com\/spain\/wp-json\/wp\/v2\/posts\/3201","targetHints":{"allow":["GET"]}}],"collection":[{"href":"https:\/\/news.sap.com\/spain\/wp-json\/wp\/v2\/posts"}],"about":[{"href":"https:\/\/news.sap.com\/spain\/wp-json\/wp\/v2\/types\/post"}],"author":[{"embeddable":true,"href":"https:\/\/news.sap.com\/spain\/wp-json\/wp\/v2\/users\/3372"}],"replies":[{"embeddable":true,"href":"https:\/\/news.sap.com\/spain\/wp-json\/wp\/v2\/comments?post=3201"}],"version-history":[{"count":0,"href":"https:\/\/news.sap.com\/spain\/wp-json\/wp\/v2\/posts\/3201\/revisions"}],"wp:featuredmedia":[{"embeddable":true,"href":"https:\/\/news.sap.com\/spain\/wp-json\/wp\/v2\/media\/3202"}],"wp:attachment":[{"href":"https:\/\/news.sap.com\/spain\/wp-json\/wp\/v2\/media?parent=3201"}],"wp:term":[{"taxonomy":"category","embeddable":true,"href":"https:\/\/news.sap.com\/spain\/wp-json\/wp\/v2\/categories?post=3201"},{"taxonomy":"post_tag","embeddable":true,"href":"https:\/\/news.sap.com\/spain\/wp-json\/wp\/v2\/tags?post=3201"},{"taxonomy":"sapn-display","embeddable":true,"href":"https:\/\/news.sap.com\/spain\/wp-json\/wp\/v2\/sapn-display?post=3201"},{"taxonomy":"sapn-type","embeddable":true,"href":"https:\/\/news.sap.com\/spain\/wp-json\/wp\/v2\/sapn-type?post=3201"}],"curies":[{"name":"wp","href":"https:\/\/api.w.org\/{rel}","templated":true}]}}