  {"id":3043,"date":"2020-11-10T11:21:28","date_gmt":"2020-11-10T11:21:28","guid":{"rendered":"https:\/\/news.sap.com\/spain\/?p=3043"},"modified":"2023-10-16T15:32:06","modified_gmt":"2023-10-16T15:32:06","slug":"la-aportacion-de-las-empresas-al-nuevo-mundo","status":"publish","type":"post","link":"https:\/\/news.sap.com\/spain\/2020\/11\/la-aportacion-de-las-empresas-al-nuevo-mundo\/","title":{"rendered":"La aportaci\u00f3n de las empresas al nuevo mundo"},"content":{"rendered":"<h3>Todas las grandes crisis a lo largo de la historia lo son porque cambian algunos de los cimientos del mundo tal y como los conoc\u00edamos. Y con la provocada por covid-19 est\u00e1 sucediendo. Mientras tratamos de controlarla desde un punto de vista sanitario y creamos muros de contenci\u00f3n para evitar el desplome de la econom\u00eda, debemos aprovechar la oportunidad que nos ofrece de mirar al mundo como un lienzo en blanco y pensar c\u00f3mo queremos que sea a partir de ahora.<\/h3>\n<p>La pandemia ha cambiado algunos de nuestros valores y nos ha devuelto esencias que ten\u00edamos olvidadas. Hemos vuelto a focalizarnos en la solidaridad, la sostenibilidad, la colaboraci\u00f3n o la protecci\u00f3n del medio ambiente como gu\u00eda para crear ese nuevo modelo, en cuya construcci\u00f3n deberemos colaborar todos: ciudadanos, gobiernos y empresas.<\/p>\n<p>Ocup\u00e9monos de las empresas. Antes de la pandemia, la Business Roundtable, una asociaci\u00f3n de la que forman parte los CEOs de algunas de las principales compa\u00f1\u00edas de EE. UU. redefini\u00f3 el \u201cprop\u00f3sito\u201d de las organizaciones: deb\u00eda pasar de proporcionar beneficio \u00fanicamente a sus accionistas a generar valor a sus <em>stakeholders<\/em> (clientes, empleados, \u2026) y a toda la comunidad. En definitiva, ayudar a mejorar la sociedad y promover beneficios econ\u00f3micos, pero para todos.<\/p>\n<p>Por eso, ahora junto a capacidades como la resiliencia o la rentabilidad, se valorar\u00e1 cada vez con m\u00e1s fuerza la sostenibilidad y ser parte activa de una econom\u00eda circular. Adoptar pol\u00edticas corporativas para luchar contra el cambio clim\u00e1tico, como medir las emisiones que genera la fabricaci\u00f3n de un producto e informar de ello en el etiquetado, se convertir\u00e1 en una ventaja competitiva porque los consumidores favorecer\u00e1n a las compa\u00f1\u00edas que lo hagan.<\/p>\n<p>Esperamos que esa econom\u00eda circular experimente un desarrollo exponencial para reducir los deshechos y el consumo de recursos naturales porque el mundo vive una crisis de recursos sin precedentes. El crecimiento de la poblaci\u00f3n ha provocado que se consuman al doble de velocidad que el planeta es capaz de producirlos y, cada a\u00f1o, se introducen en la econom\u00eda mundial 100.000 millones de toneladas de materias primas. Una cifra inaceptable.<\/p>\n<p>Por eso, pasar de un paradigma tradicional, basado en un crecimiento sin l\u00edmites, y acercarnos a un modelo circular basado en la creaci\u00f3n de valor para todos los habitantes del planeta es la \u00fanica forma de que el modelo econ\u00f3mico sea sostenible y tienda a una mayor igualdad.<\/p>\n<p>Cuando los procesos son circulares, todo tiene un valor y nada se desperdicia. Los productos se dise\u00f1an para durar. Los propios productores promueven la reutilizaci\u00f3n, la reparaci\u00f3n y la vuelta a la fabricaci\u00f3n, de forma que los materiales se pueden utilizar el mayor tiempo posible. Y los beneficios de este modelo son enormes: seg\u00fan Accenture, una econom\u00eda circular tiene el potencial de generar 4,5 billones de d\u00f3lares de crecimiento econ\u00f3mico; y podr\u00eda mitigar el cambio clim\u00e1tico, la mayor amenaza a la que nos enfrentamos hoy en d\u00eda.<\/p>\n<p><strong>Qu\u00e9 deben hacer las empresas<\/strong><\/p>\n<p>Para que esta econom\u00eda basada en alargar al m\u00e1ximo la vida \u00fatil de los productos se convierta en una realidad, debe impregnarse en todo el proceso de producci\u00f3n y salir de las paredes de la empresa para abarcar toda la cadena de valor.<\/p>\n<p>Las industrias deben establecer una colaboraci\u00f3n basada en la confianza, respaldada por la transparencia en cuanto a la procedencia de los recursos y de los flujos financieros. Es necesario un cambio cultural en las organizaciones, dejando de medir el valor de forma individualista y considerar el impacto hol\u00edstico de un recurso o producto a lo largo del ciclo de vida completo. Y tambi\u00e9n una evoluci\u00f3n de la mentalidad de la pr\u00f3xima generaci\u00f3n de l\u00edderes empresariales: de la propiedad de los recursos a la creaci\u00f3n de valor para el negocio.<\/p>\n<p>Es el momento id\u00f3neo para dibujar esa visi\u00f3n colectiva en la que todos luchemos por un mundo m\u00e1s inclusivo y justo, y por conservar el planeta. Aprovechemos la oportunidad.<\/p>\n<p><img loading=\"lazy\" decoding=\"async\" class=\"wp-image-2943 alignleft\" src=\"https:\/\/news.sap.com\/spain\/files\/2020\/10\/AnnaOro4-e1605006489292.jpg\" alt=\"\" width=\"139\" height=\"169\" \/><\/p>\n<p>Anna Or\u00f3,\u00a0Chief Operating Officer de 麻豆原创 Espa\u00f1a<\/p>\n<h5><em>Este art\u00edculo ha sido publicado en<a href=\"https:\/\/innovadores.inndux.com\/es\/la-aportacion-de-las-empresas-al-nuevo-mundo\/\"> Innovadores <\/a>, suplemento sobre Innovaci\u00f3n que cubre temas relacionados con la ciencia, la investigaci\u00f3n y las nuevas tecnolog\u00edas,\u00a0 que se distribuye los domingos con el diario La Raz\u00f3n y que cuenta con una versi\u00f3n online que se actualiza diariamente.\u00a0<\/em><\/h5>\n<p>&nbsp;<\/p>\n","protected":false},"excerpt":{"rendered":"<p>Todas las grandes crisis a lo largo de la historia lo son porque cambian algunos de los cimientos del mundo tal y como los conoc\u00edamos&#8230;.<\/p>\n","protected":false},"author":3377,"featured_media":2945,"comment_status":"closed","ping_status":"closed","sticky":false,"template":"","format":"standard","meta":{"footnotes":"","_links_to":"","_links_to_target":""},"categories":[24297],"tags":[5563256,5563257,5563255],"sapn-display":[5563695,5563693,60294],"sapn-type":[5562504],"class_list":["post-3043","post","type-post","status-publish","format-standard","has-post-thumbnail","hentry","category-tecnologia","tag-cadena-de-valor","tag-economia-sostenible","tag-empresa-inteligente","sapn-display-articulo-hero","sapn-display-articulo-spotlight","sapn-display-topic-hero","sapn-type-articulo"],"yoast_head":"<!-- This site is optimized with the Yoast SEO Premium plugin v26.9 (Yoast SEO v26.9) - https:\/\/yoast.com\/product\/yoast-seo-premium-wordpress\/ -->\n<title>La aportaci\u00f3n de las empresas al nuevo mundo - 麻豆原创 Espa\u00f1a News Center<\/title>\n<meta name=\"robots\" content=\"index, follow, max-snippet:-1, max-image-preview:large, max-video-preview:-1\" \/>\n<link rel=\"canonical\" href=\"https:\/\/news.sap.com\/spain\/2020\/11\/la-aportacion-de-las-empresas-al-nuevo-mundo\/\" \/>\n<meta property=\"og:locale\" content=\"es_ES\" \/>\n<meta property=\"og:type\" content=\"article\" \/>\n<meta property=\"og:title\" content=\"La aportaci\u00f3n de las empresas al nuevo mundo\" \/>\n<meta property=\"og:description\" content=\"Todas las grandes crisis a lo largo de la historia lo son porque cambian algunos de los cimientos del mundo tal y como los conoc\u00edamos....\" \/>\n<meta property=\"og:url\" content=\"https:\/\/news.sap.com\/spain\/2020\/11\/la-aportacion-de-las-empresas-al-nuevo-mundo\/\" \/>\n<meta property=\"og:site_name\" content=\"麻豆原创 Espa\u00f1a News Center\" \/>\n<meta property=\"article:published_time\" content=\"2020-11-10T11:21:28+00:00\" \/>\n<meta property=\"article:modified_time\" content=\"2023-10-16T15:32:06+00:00\" \/>\n<meta property=\"og:image\" content=\"https:\/\/news.sap.com\/spain\/files\/2020\/10\/286916_iStock-495902924_small.jpg\" \/>\n\t<meta property=\"og:image:width\" content=\"723\" \/>\n\t<meta property=\"og:image:height\" content=\"483\" \/>\n\t<meta property=\"og:image:type\" content=\"image\/jpeg\" \/>\n<meta name=\"author\" content=\"Anna Or\u00f3\" \/>\n<meta name=\"twitter:card\" content=\"summary_large_image\" \/>\n<meta name=\"twitter:label1\" content=\"Escrito por\" \/>\n\t<meta name=\"twitter:data1\" content=\"Anna Or\u00f3\" \/>\n\t<meta name=\"twitter:label2\" content=\"Tiempo de lectura\" \/>\n\t<meta name=\"twitter:data2\" content=\"4 minutos\" \/>\n<script type=\"application\/ld+json\" class=\"yoast-schema-graph\">{\"@context\":\"https:\/\/schema.org\",\"@graph\":[{\"@type\":\"Article\",\"@id\":\"https:\/\/news.sap.com\/spain\/2020\/11\/la-aportacion-de-las-empresas-al-nuevo-mundo\/#article\",\"isPartOf\":{\"@id\":\"https:\/\/news.sap.com\/spain\/2020\/11\/la-aportacion-de-las-empresas-al-nuevo-mundo\/\"},\"author\":{\"name\":\"Anna Or\u00f3\",\"@id\":\"https:\/\/news.sap.com\/spain\/#\/schema\/person\/06ecd4b11ff9e2b7464b55b6ea1a9581\"},\"headline\":\"La aportaci\u00f3n de las empresas al nuevo mundo\",\"datePublished\":\"2020-11-10T11:21:28+00:00\",\"dateModified\":\"2023-10-16T15:32:06+00:00\",\"mainEntityOfPage\":{\"@id\":\"https:\/\/news.sap.com\/spain\/2020\/11\/la-aportacion-de-las-empresas-al-nuevo-mundo\/\"},\"wordCount\":765,\"image\":{\"@id\":\"https:\/\/news.sap.com\/spain\/2020\/11\/la-aportacion-de-las-empresas-al-nuevo-mundo\/#primaryimage\"},\"thumbnailUrl\":\"https:\/\/news.sap.com\/spain\/files\/2020\/10\/286916_iStock-495902924_small.jpg\",\"keywords\":[\"cadena de valor\",\"economia sostenible\",\"empresa inteligente\"],\"articleSection\":[\"Tecnolog\u00eda\"],\"inLanguage\":\"es\"},{\"@type\":\"WebPage\",\"@id\":\"https:\/\/news.sap.com\/spain\/2020\/11\/la-aportacion-de-las-empresas-al-nuevo-mundo\/\",\"url\":\"https:\/\/news.sap.com\/spain\/2020\/11\/la-aportacion-de-las-empresas-al-nuevo-mundo\/\",\"name\":\"La aportaci\u00f3n de las empresas al nuevo mundo - 麻豆原创 Espa\u00f1a News Center\",\"isPartOf\":{\"@id\":\"https:\/\/news.sap.com\/spain\/#website\"},\"primaryImageOfPage\":{\"@id\":\"https:\/\/news.sap.com\/spain\/2020\/11\/la-aportacion-de-las-empresas-al-nuevo-mundo\/#primaryimage\"},\"image\":{\"@id\":\"https:\/\/news.sap.com\/spain\/2020\/11\/la-aportacion-de-las-empresas-al-nuevo-mundo\/#primaryimage\"},\"thumbnailUrl\":\"https:\/\/news.sap.com\/spain\/files\/2020\/10\/286916_iStock-495902924_small.jpg\",\"datePublished\":\"2020-11-10T11:21:28+00:00\",\"dateModified\":\"2023-10-16T15:32:06+00:00\",\"author\":{\"@id\":\"https:\/\/news.sap.com\/spain\/#\/schema\/person\/06ecd4b11ff9e2b7464b55b6ea1a9581\"},\"breadcrumb\":{\"@id\":\"https:\/\/news.sap.com\/spain\/2020\/11\/la-aportacion-de-las-empresas-al-nuevo-mundo\/#breadcrumb\"},\"inLanguage\":\"es\",\"potentialAction\":[{\"@type\":\"ReadAction\",\"target\":[\"https:\/\/news.sap.com\/spain\/2020\/11\/la-aportacion-de-las-empresas-al-nuevo-mundo\/\"]}]},{\"@type\":\"ImageObject\",\"inLanguage\":\"es\",\"@id\":\"https:\/\/news.sap.com\/spain\/2020\/11\/la-aportacion-de-las-empresas-al-nuevo-mundo\/#primaryimage\",\"url\":\"https:\/\/news.sap.com\/spain\/files\/2020\/10\/286916_iStock-495902924_small.jpg\",\"contentUrl\":\"https:\/\/news.sap.com\/spain\/files\/2020\/10\/286916_iStock-495902924_small.jpg\",\"width\":723,\"height\":483,\"caption\":\"A path in a green hill at sunset\"},{\"@type\":\"BreadcrumbList\",\"@id\":\"https:\/\/news.sap.com\/spain\/2020\/11\/la-aportacion-de-las-empresas-al-nuevo-mundo\/#breadcrumb\",\"itemListElement\":[{\"@type\":\"ListItem\",\"position\":1,\"name\":\"Home\",\"item\":\"https:\/\/news.sap.com\/spain\/\"},{\"@type\":\"ListItem\",\"position\":2,\"name\":\"La aportaci\u00f3n de las empresas al nuevo mundo\"}]},{\"@type\":\"WebSite\",\"@id\":\"https:\/\/news.sap.com\/spain\/#website\",\"url\":\"https:\/\/news.sap.com\/spain\/\",\"name\":\"麻豆原创 Espa\u00f1a News Center\",\"description\":\"Noticias e informaci\u00f3n sobre 麻豆原创\",\"potentialAction\":[{\"@type\":\"SearchAction\",\"target\":{\"@type\":\"EntryPoint\",\"urlTemplate\":\"https:\/\/news.sap.com\/spain\/?s={search_term_string}\"},\"query-input\":{\"@type\":\"PropertyValueSpecification\",\"valueRequired\":true,\"valueName\":\"search_term_string\"}}],\"inLanguage\":\"es\"},{\"@type\":\"Person\",\"@id\":\"https:\/\/news.sap.com\/spain\/#\/schema\/person\/06ecd4b11ff9e2b7464b55b6ea1a9581\",\"name\":\"Anna Or\u00f3\",\"image\":{\"@type\":\"ImageObject\",\"inLanguage\":\"es\",\"@id\":\"https:\/\/news.sap.com\/spain\/#\/schema\/person\/image\/\",\"url\":\"https:\/\/news.sap.com\/spain\/wp-content\/plugins\/wp-user-avatars\/wp-user-avatars\/assets\/images\/mystery.jpg\",\"contentUrl\":\"https:\/\/news.sap.com\/spain\/wp-content\/plugins\/wp-user-avatars\/wp-user-avatars\/assets\/images\/mystery.jpg\",\"caption\":\"Anna Or\u00f3\"},\"url\":\"https:\/\/news.sap.com\/spain\/author\/annaoro\/\"}]}<\/script>\n<!-- \/ Yoast SEO Premium plugin. -->","yoast_head_json":{"title":"La aportaci\u00f3n de las empresas al nuevo mundo - 麻豆原创 Espa\u00f1a News Center","robots":{"index":"index","follow":"follow","max-snippet":"max-snippet:-1","max-image-preview":"max-image-preview:large","max-video-preview":"max-video-preview:-1"},"canonical":"https:\/\/news.sap.com\/spain\/2020\/11\/la-aportacion-de-las-empresas-al-nuevo-mundo\/","og_locale":"es_ES","og_type":"article","og_title":"La aportaci\u00f3n de las empresas al nuevo mundo","og_description":"Todas las grandes crisis a lo largo de la historia lo son porque cambian algunos de los cimientos del mundo tal y como los conoc\u00edamos....","og_url":"https:\/\/news.sap.com\/spain\/2020\/11\/la-aportacion-de-las-empresas-al-nuevo-mundo\/","og_site_name":"麻豆原创 Espa\u00f1a News Center","article_published_time":"2020-11-10T11:21:28+00:00","article_modified_time":"2023-10-16T15:32:06+00:00","og_image":[{"width":723,"height":483,"url":"https:\/\/news.sap.com\/spain\/files\/2020\/10\/286916_iStock-495902924_small.jpg","type":"image\/jpeg"}],"author":"Anna Or\u00f3","twitter_card":"summary_large_image","twitter_misc":{"Escrito por":"Anna Or\u00f3","Tiempo de lectura":"4 minutos"},"schema":{"@context":"https:\/\/schema.org","@graph":[{"@type":"Article","@id":"https:\/\/news.sap.com\/spain\/2020\/11\/la-aportacion-de-las-empresas-al-nuevo-mundo\/#article","isPartOf":{"@id":"https:\/\/news.sap.com\/spain\/2020\/11\/la-aportacion-de-las-empresas-al-nuevo-mundo\/"},"author":{"name":"Anna Or\u00f3","@id":"https:\/\/news.sap.com\/spain\/#\/schema\/person\/06ecd4b11ff9e2b7464b55b6ea1a9581"},"headline":"La aportaci\u00f3n de las empresas al nuevo mundo","datePublished":"2020-11-10T11:21:28+00:00","dateModified":"2023-10-16T15:32:06+00:00","mainEntityOfPage":{"@id":"https:\/\/news.sap.com\/spain\/2020\/11\/la-aportacion-de-las-empresas-al-nuevo-mundo\/"},"wordCount":765,"image":{"@id":"https:\/\/news.sap.com\/spain\/2020\/11\/la-aportacion-de-las-empresas-al-nuevo-mundo\/#primaryimage"},"thumbnailUrl":"https:\/\/news.sap.com\/spain\/files\/2020\/10\/286916_iStock-495902924_small.jpg","keywords":["cadena de valor","economia sostenible","empresa inteligente"],"articleSection":["Tecnolog\u00eda"],"inLanguage":"es"},{"@type":"WebPage","@id":"https:\/\/news.sap.com\/spain\/2020\/11\/la-aportacion-de-las-empresas-al-nuevo-mundo\/","url":"https:\/\/news.sap.com\/spain\/2020\/11\/la-aportacion-de-las-empresas-al-nuevo-mundo\/","name":"La aportaci\u00f3n de las empresas al nuevo mundo - 麻豆原创 Espa\u00f1a News Center","isPartOf":{"@id":"https:\/\/news.sap.com\/spain\/#website"},"primaryImageOfPage":{"@id":"https:\/\/news.sap.com\/spain\/2020\/11\/la-aportacion-de-las-empresas-al-nuevo-mundo\/#primaryimage"},"image":{"@id":"https:\/\/news.sap.com\/spain\/2020\/11\/la-aportacion-de-las-empresas-al-nuevo-mundo\/#primaryimage"},"thumbnailUrl":"https:\/\/news.sap.com\/spain\/files\/2020\/10\/286916_iStock-495902924_small.jpg","datePublished":"2020-11-10T11:21:28+00:00","dateModified":"2023-10-16T15:32:06+00:00","author":{"@id":"https:\/\/news.sap.com\/spain\/#\/schema\/person\/06ecd4b11ff9e2b7464b55b6ea1a9581"},"breadcrumb":{"@id":"https:\/\/news.sap.com\/spain\/2020\/11\/la-aportacion-de-las-empresas-al-nuevo-mundo\/#breadcrumb"},"inLanguage":"es","potentialAction":[{"@type":"ReadAction","target":["https:\/\/news.sap.com\/spain\/2020\/11\/la-aportacion-de-las-empresas-al-nuevo-mundo\/"]}]},{"@type":"ImageObject","inLanguage":"es","@id":"https:\/\/news.sap.com\/spain\/2020\/11\/la-aportacion-de-las-empresas-al-nuevo-mundo\/#primaryimage","url":"https:\/\/news.sap.com\/spain\/files\/2020\/10\/286916_iStock-495902924_small.jpg","contentUrl":"https:\/\/news.sap.com\/spain\/files\/2020\/10\/286916_iStock-495902924_small.jpg","width":723,"height":483,"caption":"A path in a green hill at sunset"},{"@type":"BreadcrumbList","@id":"https:\/\/news.sap.com\/spain\/2020\/11\/la-aportacion-de-las-empresas-al-nuevo-mundo\/#breadcrumb","itemListElement":[{"@type":"ListItem","position":1,"name":"Home","item":"https:\/\/news.sap.com\/spain\/"},{"@type":"ListItem","position":2,"name":"La aportaci\u00f3n de las empresas al nuevo mundo"}]},{"@type":"WebSite","@id":"https:\/\/news.sap.com\/spain\/#website","url":"https:\/\/news.sap.com\/spain\/","name":"麻豆原创 Espa\u00f1a News Center","description":"Noticias e informaci\u00f3n sobre 麻豆原创","potentialAction":[{"@type":"SearchAction","target":{"@type":"EntryPoint","urlTemplate":"https:\/\/news.sap.com\/spain\/?s={search_term_string}"},"query-input":{"@type":"PropertyValueSpecification","valueRequired":true,"valueName":"search_term_string"}}],"inLanguage":"es"},{"@type":"Person","@id":"https:\/\/news.sap.com\/spain\/#\/schema\/person\/06ecd4b11ff9e2b7464b55b6ea1a9581","name":"Anna Or\u00f3","image":{"@type":"ImageObject","inLanguage":"es","@id":"https:\/\/news.sap.com\/spain\/#\/schema\/person\/image\/","url":"https:\/\/news.sap.com\/spain\/wp-content\/plugins\/wp-user-avatars\/wp-user-avatars\/assets\/images\/mystery.jpg","contentUrl":"https:\/\/news.sap.com\/spain\/wp-content\/plugins\/wp-user-avatars\/wp-user-avatars\/assets\/images\/mystery.jpg","caption":"Anna Or\u00f3"},"url":"https:\/\/news.sap.com\/spain\/author\/annaoro\/"}]}},"amp_enabled":true,"_links":{"self":[{"href":"https:\/\/news.sap.com\/spain\/wp-json\/wp\/v2\/posts\/3043","targetHints":{"allow":["GET"]}}],"collection":[{"href":"https:\/\/news.sap.com\/spain\/wp-json\/wp\/v2\/posts"}],"about":[{"href":"https:\/\/news.sap.com\/spain\/wp-json\/wp\/v2\/types\/post"}],"author":[{"embeddable":true,"href":"https:\/\/news.sap.com\/spain\/wp-json\/wp\/v2\/users\/3377"}],"replies":[{"embeddable":true,"href":"https:\/\/news.sap.com\/spain\/wp-json\/wp\/v2\/comments?post=3043"}],"version-history":[{"count":0,"href":"https:\/\/news.sap.com\/spain\/wp-json\/wp\/v2\/posts\/3043\/revisions"}],"wp:featuredmedia":[{"embeddable":true,"href":"https:\/\/news.sap.com\/spain\/wp-json\/wp\/v2\/media\/2945"}],"wp:attachment":[{"href":"https:\/\/news.sap.com\/spain\/wp-json\/wp\/v2\/media?parent=3043"}],"wp:term":[{"taxonomy":"category","embeddable":true,"href":"https:\/\/news.sap.com\/spain\/wp-json\/wp\/v2\/categories?post=3043"},{"taxonomy":"post_tag","embeddable":true,"href":"https:\/\/news.sap.com\/spain\/wp-json\/wp\/v2\/tags?post=3043"},{"taxonomy":"sapn-display","embeddable":true,"href":"https:\/\/news.sap.com\/spain\/wp-json\/wp\/v2\/sapn-display?post=3043"},{"taxonomy":"sapn-type","embeddable":true,"href":"https:\/\/news.sap.com\/spain\/wp-json\/wp\/v2\/sapn-type?post=3043"}],"curies":[{"name":"wp","href":"https:\/\/api.w.org\/{rel}","templated":true}]}}