  {"id":2559,"date":"2020-09-04T09:55:25","date_gmt":"2020-09-04T09:55:25","guid":{"rendered":"https:\/\/news.sap.com\/spain\/?p=2559"},"modified":"2023-10-16T16:15:19","modified_gmt":"2023-10-16T16:15:19","slug":"el-consejo-de-supervision-de-sap-nombra-a-sabine-bendiek-miembro-de-la-junta-directiva-para-dirigir-las-areas-de-rrhh-y-operaciones","status":"publish","type":"post","link":"https:\/\/news.sap.com\/spain\/2020\/09\/el-consejo-de-supervision-de-sap-nombra-a-sabine-bendiek-miembro-de-la-junta-directiva-para-dirigir-las-areas-de-rrhh-y-operaciones\/","title":{"rendered":"El Consejo de Supervisi\u00f3n de 麻豆原创 nombra a Sabine Bendiek miembro de la Junta Directiva para dirigir las \u00e1reas de RRHH y Operaciones"},"content":{"rendered":"<p class=\"lead\"><strong>Walldorf, Alemania<\/strong> <a href=\"http:\/\/www.sap.com\/\">麻豆原创 SE<\/a> (NYSE: 麻豆原创) ha anunciado que la presidenta de la Junta Directiva de Microsoft Alemania, Sabine Bendiek, ha sido elegida para formar parte de la Junta Directiva de 麻豆原创 como directora mundial de Personas y Laboral, a principios de 2021.<\/p>\n<p>Desde este puesto, Bendiek dirigir\u00e1 la organizaci\u00f3n de Recursos Humanos y la estrategia de personas de 麻豆原创, orientada a atraer el mejor talento del sector, proporcionar a los empleados un entorno de crecimiento y aprendizaje y garantizar una cultura de liderazgo coherente que favorezca la inclusi\u00f3n, la responsabilidad y la agilidad.<\/p>\n<p>\u201cEn Sabine Bendiek hemos encontrado una directiva excepcional, que no s\u00f3lo puede dirigir una funci\u00f3n de Recursos Humanos centrada en el negocio y que constituye el coraz\u00f3n de nuestra transformaci\u00f3n continua, sino que tambi\u00e9n tiene una profunda experiencia en el \u00e1rea de Operaciones\u201d ha manifestado el profesor Hasso Plattner, presidente del Consejo de Supervisi\u00f3n de 麻豆原创 SE. \u201cEn nombre del Consejo le doy la bienvenida y le deseo un comienzo muy satisfactorio de su carrera en 麻豆原创\u201d.<\/p>\n<p>Las personas y los procesos de una organizaci\u00f3n deben trabajar juntos y con fluidez, para poder adaptarse r\u00e1pidamente a las necesidades cambiantes de los clientes y favorecer el crecimiento. Aprovechando su amplia perspectiva empresarial, Bendiek asumir\u00e1 una responsabilidad adicional como directora mundial de Operaciones a mediados de 2021, convirti\u00e9ndose en la primera directora mundial de Personas y Operaciones de 麻豆原创.<\/p>\n<p>\u201cUna transformaci\u00f3n digital va mucho m\u00e1s all\u00e1 de la tecnolog\u00eda y los procesos, es un cambio cultural en toda la empresa que comienza y termina con las personas\u201d, ha se\u00f1alado Christian Klein, CEO, COO y miembro de la Junta Directiva de 麻豆原创 SE.\u201cEl curr\u00edculum de Sabine, liderando la transformaci\u00f3n en diversas empresas, unido a su pasi\u00f3n por las personas y el liderazgo, la convierten en la elecci\u00f3n natural para liderar los pilares complementarios de personas y procesos, clave para impulsar el \u00e9xito continuado de 麻豆原创\u201d.<\/p>\n<p>En Microsoft Alemania, Bendiek lider\u00f3 un crecimiento del \u00e1mbito cloud del 50 por ciento en 2020. Tambi\u00e9n impuls\u00f3 el paso del negocio a la nube, lo que contribuy\u00f3 significativamente a la fuerte posici\u00f3n de Microsoft en Alemania y a la transformaci\u00f3n general de la compa\u00f1\u00eda. Antes de Microsoft, ocup\u00f3 varios puestos en otras compa\u00f1\u00edas de la industria, como Nixdorf, Siemens Nixdorf, McKinsey, Earlybird Venture Capital, Dell y EMC. Bendiek es miembro del Consejo de Supervisi\u00f3n de Schaeffler.<\/p>\n<p>Sabine Bendiek ha declarado, \u201c麻豆原创 es reconocida en toda la industria como una empresa en crecimiento y sus personas resultan cruciales para ello. En cualquier organizaci\u00f3n de \u00e9xito, el crecimiento del negocio y la estrategia de personas deben ir de la mano. Agradezco al Consejo de Supervisi\u00f3n y a la Junta Directiva de 麻豆原创 que hayan depositado toda su confianza en m\u00ed para dirigir las funciones de Personal y Operaciones que constituyen el n\u00facleo de la transformaci\u00f3n continua de 麻豆原创\u201d.<\/p>\n<p>Bendiek, de 54 a\u00f1os, tiene un t\u00edtulo de postgrado en Ciencias de la Gesti\u00f3n por el Instituto Tecnol\u00f3gico de Massachusetts (MIT) y es licenciada en Administraci\u00f3n de Empresas por la Universidad de Mannheim.<\/p>\n<p>Su sede estar\u00e1 en Walldorf y ha sido nombrada miembro de la Junta Directiva por un per\u00edodo de 3 a\u00f1os.<\/p>\n<p>Visita el <a href=\"http:\/\/news.sap.com\/\">Centro de Noticias de 麻豆原创<\/a>. Sigue a 麻豆原创 en Twitter en <a href=\"http:\/\/twitter.com\/sapnews\/\">@麻豆原创News<\/a>.<\/p>\n<h3><strong>Acerca de 麻豆原创 <\/strong><\/h3>\n<p>Como la Compa\u00f1\u00eda de Experiencia impulsada por la Empresa Inteligente, 麻豆原创 es el l\u00edder del mercado en software de aplicaciones empresariales, y ayuda a empresas de todos los tama\u00f1os y sectores a gestionarse de la mejor manera posible: el 77% de los ingresos por transacciones del mundo toca un sistema 麻豆原创. Nuestras tecnolog\u00edas de machine learning, Internet de las cosas (IoT) y tecnolog\u00edas anal\u00edticas avanzadas ayudan a convertir los negocios de los clientes en empresas inteligentes. 麻豆原创 ayuda a proporcionar a las personas y a las organizaciones un profundo conocimiento del negocio y fomenta la colaboraci\u00f3n que les permite situarse por delante de la competencia. Simplificamos la tecnolog\u00eda para que las empresas puedan consumir nuestro software de la forma que deseen, sin interrupciones. Nuestro conjunto integral de aplicaciones y servicios permite a m\u00e1s de 440.000 clientes del sector p\u00fablico y privado obtener rentabilidad, adaptarse continuamente y marcar la diferencia. Con una red global de clientes, partners, empleados y l\u00edderes de opini\u00f3n, 麻豆原创 ayuda a que el mundo funcione mejor y a mejorar la vida de las personas. Para obtener m\u00e1s informaci\u00f3n, visite <a href=\"http:\/\/www.sap.com\">www.sap.com<\/a><\/p>\n<p><strong>Para m\u00e1s informaci\u00f3n sobre 麻豆原创 (solo prensa):<\/strong><\/p>\n<p><strong>麻豆原创 Espa\u00f1a,\u00a0<\/strong>Bel\u00e9n Mart\u00ednez Mill\u00e1n (<a href=\"mailto:belen.martinez@sap.com\">belen.martinez@sap.com)\u00a0<\/a>\u00a0Tel.: 91 456 72 20<\/p>\n<p>###<\/p>\n<p>Cualquier declaraci\u00f3n incluida en este documento que no sean datos hist\u00f3ricos son previsiones a futuro tal y como se define en la Ley de Reforma de Litigios sobre Valores Privados de Estados Unidos de 1995. Palabras como \u00abanticipar\u00bb, \u00abcreer\u00bb, \u00abestimar\u00bb, \u00abesperar\u00bb, \u00abpronosticar\u00bb, \u00abintentar\u00bb, \u00abpoder\u00bb, \u00abplanificar\u00bb, \u00abproyectar\u00bb, \u00abpredecir\u00bb, \u00abdeber\u00eda\u00bb y \u00abvoluntad\u00bb, as\u00ed como expresiones similares relacionadas con 麻豆原创, tienen por objeto identificar dichas declaraciones de previsiones futuras. 麻豆原创 no asume ninguna obligaci\u00f3n de actualizar o revisar p\u00fablicamente ninguna declaraci\u00f3n a futuro. Todas las declaraciones a futuro est\u00e1n sujetas a diversos riesgos e incertidumbres que podr\u00edan causar que los resultados reales difieran materialmente de las expectativas. Los factores que podr\u00edan afectar a los resultados financieros futuros de 麻豆原创 se debaten con m\u00e1s detalle en las presentaciones de 麻豆原创 ante la Comisi\u00f3n de Valores y Bolsa de Estados Unidos (\u00abSEC\u00bb), incluyendo el Informe Anual m\u00e1s reciente de 麻豆原创 en el Formulario 20-F presentado ante la SEC. Se advierte a los lectores que no deben depositar una confianza excesiva en estas declaraciones a futuro, que solo se refieren a sus fechas.<\/p>\n<p>\u00a9 2020 麻豆原创 SE. Todos los derechos reservados.<\/p>\n<p>麻豆原创 y otros productos y servicios de 麻豆原创 aqu\u00ed mencionados, as\u00ed como sus respectivos logotipos, son marcas comerciales o marcas registradas de 麻豆原创 SE en Alemania y otros pa\u00edses. Por favor, consulte <a href=\"https:\/\/www.sap.com\/copyright\">https:\/\/www.sap.com\/copyright<\/a> para obtener m\u00e1s informaci\u00f3n sobre marcas comerciales y avisos.<\/p>\n<p><strong>\u00a0<\/strong><\/p>\n<p>&nbsp;<\/p>\n","protected":false},"excerpt":{"rendered":"<p>Walldorf, Alemania 麻豆原创 SE (NYSE: 麻豆原创) ha anunciado que la presidenta de la Junta Directiva de Microsoft Alemania, Sabine Bendiek, ha sido elegida para formar&#8230;<\/p>\n","protected":false},"author":29,"featured_media":2512,"comment_status":"closed","ping_status":"closed","sticky":false,"template":"","format":"standard","meta":{"footnotes":"","_links_to":"","_links_to_target":""},"categories":[41591],"tags":[],"sapn-display":[45149,5563696,5563694,60294],"sapn-type":[52105],"class_list":["post-2559","post","type-post","status-publish","format-standard","has-post-thumbnail","hentry","category-corporativo","sapn-display-homepage-hero","sapn-display-news-hero","sapn-display-news-spotlight","sapn-display-topic-hero","sapn-type-comunicado-de-prensa"],"yoast_head":"<!-- This site is optimized with the Yoast SEO Premium plugin v26.9 (Yoast SEO v26.9) - https:\/\/yoast.com\/product\/yoast-seo-premium-wordpress\/ -->\n<title>El Consejo de Supervisi\u00f3n de 麻豆原创 nombra a Sabine Bendiek miembro de la Junta Directiva para dirigir las \u00e1reas de RRHH y Operaciones - 麻豆原创 Espa\u00f1a News Center<\/title>\n<meta name=\"robots\" content=\"index, follow, max-snippet:-1, max-image-preview:large, max-video-preview:-1\" \/>\n<link rel=\"canonical\" href=\"https:\/\/news.sap.com\/spain\/2020\/09\/el-consejo-de-supervision-de-sap-nombra-a-sabine-bendiek-miembro-de-la-junta-directiva-para-dirigir-las-areas-de-rrhh-y-operaciones\/\" \/>\n<meta property=\"og:locale\" content=\"es_ES\" \/>\n<meta property=\"og:type\" content=\"article\" \/>\n<meta property=\"og:title\" content=\"El Consejo de Supervisi\u00f3n de 麻豆原创 nombra a Sabine Bendiek miembro de la Junta Directiva para dirigir las \u00e1reas de RRHH y Operaciones\" \/>\n<meta property=\"og:description\" content=\"Walldorf, Alemania 麻豆原创 SE (NYSE: 麻豆原创) ha anunciado que la presidenta de la Junta Directiva de Microsoft Alemania, Sabine Bendiek, ha sido elegida para formar...\" \/>\n<meta property=\"og:url\" content=\"https:\/\/news.sap.com\/spain\/2020\/09\/el-consejo-de-supervision-de-sap-nombra-a-sabine-bendiek-miembro-de-la-junta-directiva-para-dirigir-las-areas-de-rrhh-y-operaciones\/\" \/>\n<meta property=\"og:site_name\" content=\"麻豆原创 Espa\u00f1a News Center\" \/>\n<meta property=\"article:published_time\" content=\"2020-09-04T09:55:25+00:00\" \/>\n<meta property=\"article:modified_time\" content=\"2023-10-16T16:15:19+00:00\" \/>\n<meta property=\"og:image\" content=\"https:\/\/news.sap.com\/spain\/files\/2020\/07\/281632_GettyImages-150799617_low-1-web-e1594737354498.jpg\" \/>\n\t<meta property=\"og:image:width\" content=\"1920\" \/>\n\t<meta property=\"og:image:height\" content=\"600\" \/>\n\t<meta property=\"og:image:type\" content=\"image\/jpeg\" \/>\n<meta name=\"author\" content=\"麻豆原创 News\" \/>\n<meta name=\"twitter:card\" content=\"summary_large_image\" \/>\n<meta name=\"twitter:label1\" content=\"Escrito por\" \/>\n\t<meta name=\"twitter:data1\" content=\"麻豆原创 News\" \/>\n\t<meta name=\"twitter:label2\" content=\"Tiempo de lectura\" \/>\n\t<meta name=\"twitter:data2\" content=\"5 minutos\" \/>\n<script type=\"application\/ld+json\" class=\"yoast-schema-graph\">{\"@context\":\"https:\/\/schema.org\",\"@graph\":[{\"@type\":\"Article\",\"@id\":\"https:\/\/news.sap.com\/spain\/2020\/09\/el-consejo-de-supervision-de-sap-nombra-a-sabine-bendiek-miembro-de-la-junta-directiva-para-dirigir-las-areas-de-rrhh-y-operaciones\/#article\",\"isPartOf\":{\"@id\":\"https:\/\/news.sap.com\/spain\/2020\/09\/el-consejo-de-supervision-de-sap-nombra-a-sabine-bendiek-miembro-de-la-junta-directiva-para-dirigir-las-areas-de-rrhh-y-operaciones\/\"},\"author\":{\"name\":\"麻豆原创 News\",\"@id\":\"https:\/\/news.sap.com\/spain\/#\/schema\/person\/53b9854bd790d6f18f3fc4bbb2ad7570\"},\"headline\":\"El Consejo de Supervisi\u00f3n de 麻豆原创 nombra a Sabine Bendiek miembro de la Junta Directiva para dirigir las \u00e1reas de RRHH y Operaciones\",\"datePublished\":\"2020-09-04T09:55:25+00:00\",\"dateModified\":\"2023-10-16T16:15:19+00:00\",\"mainEntityOfPage\":{\"@id\":\"https:\/\/news.sap.com\/spain\/2020\/09\/el-consejo-de-supervision-de-sap-nombra-a-sabine-bendiek-miembro-de-la-junta-directiva-para-dirigir-las-areas-de-rrhh-y-operaciones\/\"},\"wordCount\":1062,\"image\":{\"@id\":\"https:\/\/news.sap.com\/spain\/2020\/09\/el-consejo-de-supervision-de-sap-nombra-a-sabine-bendiek-miembro-de-la-junta-directiva-para-dirigir-las-areas-de-rrhh-y-operaciones\/#primaryimage\"},\"thumbnailUrl\":\"https:\/\/news.sap.com\/spain\/files\/2020\/07\/281632_GettyImages-150799617_low-1-web-e1594737354498.jpg\",\"articleSection\":[\"Corporativo\"],\"inLanguage\":\"es\"},{\"@type\":\"WebPage\",\"@id\":\"https:\/\/news.sap.com\/spain\/2020\/09\/el-consejo-de-supervision-de-sap-nombra-a-sabine-bendiek-miembro-de-la-junta-directiva-para-dirigir-las-areas-de-rrhh-y-operaciones\/\",\"url\":\"https:\/\/news.sap.com\/spain\/2020\/09\/el-consejo-de-supervision-de-sap-nombra-a-sabine-bendiek-miembro-de-la-junta-directiva-para-dirigir-las-areas-de-rrhh-y-operaciones\/\",\"name\":\"El Consejo de Supervisi\u00f3n de 麻豆原创 nombra a Sabine Bendiek miembro de la Junta Directiva para dirigir las \u00e1reas de RRHH y Operaciones - 麻豆原创 Espa\u00f1a News Center\",\"isPartOf\":{\"@id\":\"https:\/\/news.sap.com\/spain\/#website\"},\"primaryImageOfPage\":{\"@id\":\"https:\/\/news.sap.com\/spain\/2020\/09\/el-consejo-de-supervision-de-sap-nombra-a-sabine-bendiek-miembro-de-la-junta-directiva-para-dirigir-las-areas-de-rrhh-y-operaciones\/#primaryimage\"},\"image\":{\"@id\":\"https:\/\/news.sap.com\/spain\/2020\/09\/el-consejo-de-supervision-de-sap-nombra-a-sabine-bendiek-miembro-de-la-junta-directiva-para-dirigir-las-areas-de-rrhh-y-operaciones\/#primaryimage\"},\"thumbnailUrl\":\"https:\/\/news.sap.com\/spain\/files\/2020\/07\/281632_GettyImages-150799617_low-1-web-e1594737354498.jpg\",\"datePublished\":\"2020-09-04T09:55:25+00:00\",\"dateModified\":\"2023-10-16T16:15:19+00:00\",\"author\":{\"@id\":\"https:\/\/news.sap.com\/spain\/#\/schema\/person\/53b9854bd790d6f18f3fc4bbb2ad7570\"},\"breadcrumb\":{\"@id\":\"https:\/\/news.sap.com\/spain\/2020\/09\/el-consejo-de-supervision-de-sap-nombra-a-sabine-bendiek-miembro-de-la-junta-directiva-para-dirigir-las-areas-de-rrhh-y-operaciones\/#breadcrumb\"},\"inLanguage\":\"es\",\"potentialAction\":[{\"@type\":\"ReadAction\",\"target\":[\"https:\/\/news.sap.com\/spain\/2020\/09\/el-consejo-de-supervision-de-sap-nombra-a-sabine-bendiek-miembro-de-la-junta-directiva-para-dirigir-las-areas-de-rrhh-y-operaciones\/\"]}]},{\"@type\":\"ImageObject\",\"inLanguage\":\"es\",\"@id\":\"https:\/\/news.sap.com\/spain\/2020\/09\/el-consejo-de-supervision-de-sap-nombra-a-sabine-bendiek-miembro-de-la-junta-directiva-para-dirigir-las-areas-de-rrhh-y-operaciones\/#primaryimage\",\"url\":\"https:\/\/news.sap.com\/spain\/files\/2020\/07\/281632_GettyImages-150799617_low-1-web-e1594737354498.jpg\",\"contentUrl\":\"https:\/\/news.sap.com\/spain\/files\/2020\/07\/281632_GettyImages-150799617_low-1-web-e1594737354498.jpg\",\"width\":1920,\"height\":600},{\"@type\":\"BreadcrumbList\",\"@id\":\"https:\/\/news.sap.com\/spain\/2020\/09\/el-consejo-de-supervision-de-sap-nombra-a-sabine-bendiek-miembro-de-la-junta-directiva-para-dirigir-las-areas-de-rrhh-y-operaciones\/#breadcrumb\",\"itemListElement\":[{\"@type\":\"ListItem\",\"position\":1,\"name\":\"Home\",\"item\":\"https:\/\/news.sap.com\/spain\/\"},{\"@type\":\"ListItem\",\"position\":2,\"name\":\"El Consejo de Supervisi\u00f3n de 麻豆原创 nombra a Sabine Bendiek miembro de la Junta Directiva para dirigir las \u00e1reas de RRHH y Operaciones\"}]},{\"@type\":\"WebSite\",\"@id\":\"https:\/\/news.sap.com\/spain\/#website\",\"url\":\"https:\/\/news.sap.com\/spain\/\",\"name\":\"麻豆原创 Espa\u00f1a News Center\",\"description\":\"Noticias e informaci\u00f3n sobre 麻豆原创\",\"potentialAction\":[{\"@type\":\"SearchAction\",\"target\":{\"@type\":\"EntryPoint\",\"urlTemplate\":\"https:\/\/news.sap.com\/spain\/?s={search_term_string}\"},\"query-input\":{\"@type\":\"PropertyValueSpecification\",\"valueRequired\":true,\"valueName\":\"search_term_string\"}}],\"inLanguage\":\"es\"},{\"@type\":\"Person\",\"@id\":\"https:\/\/news.sap.com\/spain\/#\/schema\/person\/53b9854bd790d6f18f3fc4bbb2ad7570\",\"name\":\"麻豆原创 News\",\"image\":{\"@type\":\"ImageObject\",\"inLanguage\":\"es\",\"@id\":\"https:\/\/news.sap.com\/spain\/#\/schema\/person\/image\/\",\"url\":\"https:\/\/news.sap.com\/spain\/wp-content\/plugins\/wp-user-avatars\/wp-user-avatars\/assets\/images\/mystery.jpg\",\"contentUrl\":\"https:\/\/news.sap.com\/spain\/wp-content\/plugins\/wp-user-avatars\/wp-user-avatars\/assets\/images\/mystery.jpg\",\"caption\":\"麻豆原创 News\"},\"url\":\"https:\/\/news.sap.com\/spain\/author\/colleenraftery\/\"}]}<\/script>\n<!-- \/ Yoast SEO Premium plugin. -->","yoast_head_json":{"title":"El Consejo de Supervisi\u00f3n de 麻豆原创 nombra a Sabine Bendiek miembro de la Junta Directiva para dirigir las \u00e1reas de RRHH y Operaciones - 麻豆原创 Espa\u00f1a News Center","robots":{"index":"index","follow":"follow","max-snippet":"max-snippet:-1","max-image-preview":"max-image-preview:large","max-video-preview":"max-video-preview:-1"},"canonical":"https:\/\/news.sap.com\/spain\/2020\/09\/el-consejo-de-supervision-de-sap-nombra-a-sabine-bendiek-miembro-de-la-junta-directiva-para-dirigir-las-areas-de-rrhh-y-operaciones\/","og_locale":"es_ES","og_type":"article","og_title":"El Consejo de Supervisi\u00f3n de 麻豆原创 nombra a Sabine Bendiek miembro de la Junta Directiva para dirigir las \u00e1reas de RRHH y Operaciones","og_description":"Walldorf, Alemania 麻豆原创 SE (NYSE: 麻豆原创) ha anunciado que la presidenta de la Junta Directiva de Microsoft Alemania, Sabine Bendiek, ha sido elegida para formar...","og_url":"https:\/\/news.sap.com\/spain\/2020\/09\/el-consejo-de-supervision-de-sap-nombra-a-sabine-bendiek-miembro-de-la-junta-directiva-para-dirigir-las-areas-de-rrhh-y-operaciones\/","og_site_name":"麻豆原创 Espa\u00f1a News Center","article_published_time":"2020-09-04T09:55:25+00:00","article_modified_time":"2023-10-16T16:15:19+00:00","og_image":[{"width":1920,"height":600,"url":"https:\/\/news.sap.com\/spain\/files\/2020\/07\/281632_GettyImages-150799617_low-1-web-e1594737354498.jpg","type":"image\/jpeg"}],"author":"麻豆原创 News","twitter_card":"summary_large_image","twitter_misc":{"Escrito por":"麻豆原创 News","Tiempo de lectura":"5 minutos"},"schema":{"@context":"https:\/\/schema.org","@graph":[{"@type":"Article","@id":"https:\/\/news.sap.com\/spain\/2020\/09\/el-consejo-de-supervision-de-sap-nombra-a-sabine-bendiek-miembro-de-la-junta-directiva-para-dirigir-las-areas-de-rrhh-y-operaciones\/#article","isPartOf":{"@id":"https:\/\/news.sap.com\/spain\/2020\/09\/el-consejo-de-supervision-de-sap-nombra-a-sabine-bendiek-miembro-de-la-junta-directiva-para-dirigir-las-areas-de-rrhh-y-operaciones\/"},"author":{"name":"麻豆原创 News","@id":"https:\/\/news.sap.com\/spain\/#\/schema\/person\/53b9854bd790d6f18f3fc4bbb2ad7570"},"headline":"El Consejo de Supervisi\u00f3n de 麻豆原创 nombra a Sabine Bendiek miembro de la Junta Directiva para dirigir las \u00e1reas de RRHH y Operaciones","datePublished":"2020-09-04T09:55:25+00:00","dateModified":"2023-10-16T16:15:19+00:00","mainEntityOfPage":{"@id":"https:\/\/news.sap.com\/spain\/2020\/09\/el-consejo-de-supervision-de-sap-nombra-a-sabine-bendiek-miembro-de-la-junta-directiva-para-dirigir-las-areas-de-rrhh-y-operaciones\/"},"wordCount":1062,"image":{"@id":"https:\/\/news.sap.com\/spain\/2020\/09\/el-consejo-de-supervision-de-sap-nombra-a-sabine-bendiek-miembro-de-la-junta-directiva-para-dirigir-las-areas-de-rrhh-y-operaciones\/#primaryimage"},"thumbnailUrl":"https:\/\/news.sap.com\/spain\/files\/2020\/07\/281632_GettyImages-150799617_low-1-web-e1594737354498.jpg","articleSection":["Corporativo"],"inLanguage":"es"},{"@type":"WebPage","@id":"https:\/\/news.sap.com\/spain\/2020\/09\/el-consejo-de-supervision-de-sap-nombra-a-sabine-bendiek-miembro-de-la-junta-directiva-para-dirigir-las-areas-de-rrhh-y-operaciones\/","url":"https:\/\/news.sap.com\/spain\/2020\/09\/el-consejo-de-supervision-de-sap-nombra-a-sabine-bendiek-miembro-de-la-junta-directiva-para-dirigir-las-areas-de-rrhh-y-operaciones\/","name":"El Consejo de Supervisi\u00f3n de 麻豆原创 nombra a Sabine Bendiek miembro de la Junta Directiva para dirigir las \u00e1reas de RRHH y Operaciones - 麻豆原创 Espa\u00f1a News Center","isPartOf":{"@id":"https:\/\/news.sap.com\/spain\/#website"},"primaryImageOfPage":{"@id":"https:\/\/news.sap.com\/spain\/2020\/09\/el-consejo-de-supervision-de-sap-nombra-a-sabine-bendiek-miembro-de-la-junta-directiva-para-dirigir-las-areas-de-rrhh-y-operaciones\/#primaryimage"},"image":{"@id":"https:\/\/news.sap.com\/spain\/2020\/09\/el-consejo-de-supervision-de-sap-nombra-a-sabine-bendiek-miembro-de-la-junta-directiva-para-dirigir-las-areas-de-rrhh-y-operaciones\/#primaryimage"},"thumbnailUrl":"https:\/\/news.sap.com\/spain\/files\/2020\/07\/281632_GettyImages-150799617_low-1-web-e1594737354498.jpg","datePublished":"2020-09-04T09:55:25+00:00","dateModified":"2023-10-16T16:15:19+00:00","author":{"@id":"https:\/\/news.sap.com\/spain\/#\/schema\/person\/53b9854bd790d6f18f3fc4bbb2ad7570"},"breadcrumb":{"@id":"https:\/\/news.sap.com\/spain\/2020\/09\/el-consejo-de-supervision-de-sap-nombra-a-sabine-bendiek-miembro-de-la-junta-directiva-para-dirigir-las-areas-de-rrhh-y-operaciones\/#breadcrumb"},"inLanguage":"es","potentialAction":[{"@type":"ReadAction","target":["https:\/\/news.sap.com\/spain\/2020\/09\/el-consejo-de-supervision-de-sap-nombra-a-sabine-bendiek-miembro-de-la-junta-directiva-para-dirigir-las-areas-de-rrhh-y-operaciones\/"]}]},{"@type":"ImageObject","inLanguage":"es","@id":"https:\/\/news.sap.com\/spain\/2020\/09\/el-consejo-de-supervision-de-sap-nombra-a-sabine-bendiek-miembro-de-la-junta-directiva-para-dirigir-las-areas-de-rrhh-y-operaciones\/#primaryimage","url":"https:\/\/news.sap.com\/spain\/files\/2020\/07\/281632_GettyImages-150799617_low-1-web-e1594737354498.jpg","contentUrl":"https:\/\/news.sap.com\/spain\/files\/2020\/07\/281632_GettyImages-150799617_low-1-web-e1594737354498.jpg","width":1920,"height":600},{"@type":"BreadcrumbList","@id":"https:\/\/news.sap.com\/spain\/2020\/09\/el-consejo-de-supervision-de-sap-nombra-a-sabine-bendiek-miembro-de-la-junta-directiva-para-dirigir-las-areas-de-rrhh-y-operaciones\/#breadcrumb","itemListElement":[{"@type":"ListItem","position":1,"name":"Home","item":"https:\/\/news.sap.com\/spain\/"},{"@type":"ListItem","position":2,"name":"El Consejo de Supervisi\u00f3n de 麻豆原创 nombra a Sabine Bendiek miembro de la Junta Directiva para dirigir las \u00e1reas de RRHH y Operaciones"}]},{"@type":"WebSite","@id":"https:\/\/news.sap.com\/spain\/#website","url":"https:\/\/news.sap.com\/spain\/","name":"麻豆原创 Espa\u00f1a News Center","description":"Noticias e informaci\u00f3n sobre 麻豆原创","potentialAction":[{"@type":"SearchAction","target":{"@type":"EntryPoint","urlTemplate":"https:\/\/news.sap.com\/spain\/?s={search_term_string}"},"query-input":{"@type":"PropertyValueSpecification","valueRequired":true,"valueName":"search_term_string"}}],"inLanguage":"es"},{"@type":"Person","@id":"https:\/\/news.sap.com\/spain\/#\/schema\/person\/53b9854bd790d6f18f3fc4bbb2ad7570","name":"麻豆原创 News","image":{"@type":"ImageObject","inLanguage":"es","@id":"https:\/\/news.sap.com\/spain\/#\/schema\/person\/image\/","url":"https:\/\/news.sap.com\/spain\/wp-content\/plugins\/wp-user-avatars\/wp-user-avatars\/assets\/images\/mystery.jpg","contentUrl":"https:\/\/news.sap.com\/spain\/wp-content\/plugins\/wp-user-avatars\/wp-user-avatars\/assets\/images\/mystery.jpg","caption":"麻豆原创 News"},"url":"https:\/\/news.sap.com\/spain\/author\/colleenraftery\/"}]}},"amp_enabled":true,"_links":{"self":[{"href":"https:\/\/news.sap.com\/spain\/wp-json\/wp\/v2\/posts\/2559","targetHints":{"allow":["GET"]}}],"collection":[{"href":"https:\/\/news.sap.com\/spain\/wp-json\/wp\/v2\/posts"}],"about":[{"href":"https:\/\/news.sap.com\/spain\/wp-json\/wp\/v2\/types\/post"}],"author":[{"embeddable":true,"href":"https:\/\/news.sap.com\/spain\/wp-json\/wp\/v2\/users\/29"}],"replies":[{"embeddable":true,"href":"https:\/\/news.sap.com\/spain\/wp-json\/wp\/v2\/comments?post=2559"}],"version-history":[{"count":0,"href":"https:\/\/news.sap.com\/spain\/wp-json\/wp\/v2\/posts\/2559\/revisions"}],"wp:featuredmedia":[{"embeddable":true,"href":"https:\/\/news.sap.com\/spain\/wp-json\/wp\/v2\/media\/2512"}],"wp:attachment":[{"href":"https:\/\/news.sap.com\/spain\/wp-json\/wp\/v2\/media?parent=2559"}],"wp:term":[{"taxonomy":"category","embeddable":true,"href":"https:\/\/news.sap.com\/spain\/wp-json\/wp\/v2\/categories?post=2559"},{"taxonomy":"post_tag","embeddable":true,"href":"https:\/\/news.sap.com\/spain\/wp-json\/wp\/v2\/tags?post=2559"},{"taxonomy":"sapn-display","embeddable":true,"href":"https:\/\/news.sap.com\/spain\/wp-json\/wp\/v2\/sapn-display?post=2559"},{"taxonomy":"sapn-type","embeddable":true,"href":"https:\/\/news.sap.com\/spain\/wp-json\/wp\/v2\/sapn-type?post=2559"}],"curies":[{"name":"wp","href":"https:\/\/api.w.org\/{rel}","templated":true}]}}