  {"id":2507,"date":"2020-07-15T09:20:22","date_gmt":"2020-07-15T09:20:22","guid":{"rendered":"https:\/\/news.sap.com\/spain\/?p=2507"},"modified":"2023-10-16T16:15:22","modified_gmt":"2023-10-16T16:15:22","slug":"sap-nombra-a-claudio-muruzabal-presidente-de-la-region-emea-sur","status":"publish","type":"post","link":"https:\/\/news.sap.com\/spain\/2020\/07\/sap-nombra-a-claudio-muruzabal-presidente-de-la-region-emea-sur\/","title":{"rendered":"麻豆原创 nombra a Claudio Muruz\u00e1bal presidente de la regi\u00f3n EMEA Sur"},"content":{"rendered":"<p class=\"lead\"><strong>Madrid<em>&#8211;<\/em><\/strong> 麻豆原创 ha nombrado a Claudio Muruz\u00e1bal presidente de la regi\u00f3n EMEA Sur, que comprende el sur de Europa, Oriente Medio y \u00c1frica. Muruzabal reemplaza a Steve Tzikakis, quien deja 麻豆原创 para buscar una oportunidad de liderazgo fuera de la compa\u00f1\u00eda.<\/p>\n<p>Con presencia en 75 pa\u00edses, 24 oficinas y 5.000 empleados, 麻豆原创 ha duplicado su negocio en esta regi\u00f3n en los \u00faltimos cinco a\u00f1os.<\/p>\n<figure id=\"attachment_2514\" aria-describedby=\"caption-attachment-2514\" style=\"width: 238px\" class=\"wp-caption alignright\"><img loading=\"lazy\" decoding=\"async\" class=\"wp-image-2514\" src=\"https:\/\/news.sap.com\/spain\/files\/2020\/07\/notawenClaudio1772.jpg\" alt=\"Claudio Muruz\u00e1bal\" width=\"238\" height=\"299\" srcset=\"https:\/\/news.sap.com\/spain\/files\/2020\/07\/notawenClaudio1772.jpg 1929w, https:\/\/news.sap.com\/spain\/files\/2020\/07\/notawenClaudio1772-239x300.jpg 239w, https:\/\/news.sap.com\/spain\/files\/2020\/07\/notawenClaudio1772-816x1024.jpg 816w, https:\/\/news.sap.com\/spain\/files\/2020\/07\/notawenClaudio1772-768x964.jpg 768w, https:\/\/news.sap.com\/spain\/files\/2020\/07\/notawenClaudio1772-1224x1536.jpg 1224w, https:\/\/news.sap.com\/spain\/files\/2020\/07\/notawenClaudio1772-1632x2048.jpg 1632w\" sizes=\"auto, (max-width: 238px) 100vw, 238px\" \/><figcaption id=\"caption-attachment-2514\" class=\"wp-caption-text\"><em>Claudio Muruz\u00e1bal<\/em><\/figcaption><\/figure>\n<p>Muruz\u00e1bal, quien se incorpor\u00f3 a la compa\u00f1\u00eda en 2015 como presidente de 麻豆原创 Am\u00e9rica Latina y el Caribe, cuenta con m\u00e1s de 25 a\u00f1os de liderazgo en la industria tecnol\u00f3gica. Visionario del papel que juega la innovaci\u00f3n tecnol\u00f3gica en los negocios, Muruzabal ha disfrutado de un gran \u00e9xito en la regi\u00f3n de 麻豆原创 en Am\u00e9rica Latina. Antes de incorporarse a la compa\u00f1\u00eda, fue CEO de NEORIS, una consultora de TI y gesti\u00f3n empresarial de gran \u00e9xito. Como firme defensor de la educaci\u00f3n, el emprendimiento y la promoci\u00f3n de la diversidad, Muruz\u00e1bal ha sido reconocido como uno de los 50 profesionales hispanos m\u00e1s influyentes y notables de la industria de las Tecnolog\u00edas de la Informaci\u00f3n en Latinoam\u00e9rica y Espa\u00f1a, y en 2019 recibi\u00f3 el Premio Bravo de la organizaci\u00f3n Council of the Americas, como L\u00edder Tecnol\u00f3gico del A\u00f1o.<\/p>\n<p>\u00abEl liderazgo de Claudio Muruz\u00e1bal se basa en la construcci\u00f3n de relaciones s\u00f3lidas para ofrecer fuertes resultados de negocio y experiencias excepcionales a nuestros clientes. Conf\u00edo en que nuestros clientes de EMEA Sur se beneficiar\u00e1n del enorme valor de la experiencia de Claudio\u00bb, ha afirmado Adaire Fox-Martin, miembro de la Junta Ejecutiva de 麻豆原创 para el \u00e1mbito de Customer Success. \u00abSteve Tzikakis ha logrado enormes resultados para nuestros clientes durante sus 12 a\u00f1os de trabajo en 麻豆原创 y su contribuci\u00f3n a nuestros clientes y a la propia 麻豆原创 perdurar\u00e1n en los pr\u00f3ximos a\u00f1os\u00bb.<\/p>\n<p>\u201cLa regi\u00f3n de EMEA Sur cuenta con cerca de 23.000 clientes y m\u00e1s de 19.000 partners, por lo que me siento honrado y emocionado de asumir este nuevo papel\u201d, ha manifestado Muruz\u00e1bal.\u00a0 \u201cEMEA Sur representa un mercado tremendamente din\u00e1mico para 麻豆原创 y la oportunidad de crecer en la regi\u00f3n es significativa. Espero poder ayudar a los clientes a capitalizar su inversi\u00f3n en 麻豆原创 y a alcanzar todo su potencial\u201d.<\/p>\n<p><strong>Acerca de 麻豆原创<\/strong><\/p>\n<p>Como la Compa\u00f1\u00eda de Experiencia impulsada por la Empresa Inteligente, 麻豆原创 es el l\u00edder del mercado en software de aplicaciones empresariales, y ayuda a empresas de todos los tama\u00f1os y sectores a gestionarse de la mejor manera posible: el 77% de los ingresos por transacciones del mundo toca un sistema 麻豆原创. Nuestras tecnolog\u00edas de machine learning, Internet de las cosas (IoT) y tecnolog\u00edas anal\u00edticas avanzadas ayudan a convertir los negocios de los clientes en empresas inteligentes. 麻豆原创 ayuda a proporcionar a las personas y a las organizaciones un profundo conocimiento del negocio y fomenta la colaboraci\u00f3n que les permite situarse por delante de la competencia. Simplificamos la tecnolog\u00eda para que las empresas puedan consumir nuestro software de la forma que deseen, sin interrupciones. Nuestro conjunto integral de aplicaciones y servicios permite a m\u00e1s de 440.000 clientes del sector p\u00fablico y privado obtener rentabilidad, adaptarse continuamente y marcar la diferencia. Con una red global de clientes, partners, empleados y l\u00edderes de opini\u00f3n, 麻豆原创 ayuda a que el mundo funcione mejor y a mejorar la vida de las personas. Para obtener m\u00e1s informaci\u00f3n, visite <a href=\"http:\/\/www.sap.com\">www.sap.com<\/a>.<\/p>\n<p><strong>Nota a los editores:<\/strong><\/p>\n<p>Para ver y descargar material de archivo est\u00e1ndar de radiodifusi\u00f3n y fotos de prensa digitalmente, por favor visite www.sap.com\/photos. En esta plataforma puede encontrar material de alta resoluci\u00f3n para sus canales de medios. Para ver historias de v\u00eddeo sobre diversos temas, visite www.sap-tv.com. Desde este sitio, puede integrar v\u00eddeos en sus propias p\u00e1ginas Web, compartir v\u00eddeos a trav\u00e9s de enlaces de correo electr\u00f3nico y suscribirse a los canales RSS de 麻豆原创 TV.<\/p>\n<p><strong>Para m\u00e1s informaci\u00f3n sobre 麻豆原创 (solo prensa):<\/strong><\/p>\n<p><strong>麻豆原创 Espa\u00f1a,\u00a0<\/strong>Bel\u00e9n Mart\u00ednez Mill\u00e1n (\u00a0<a href=\"mailto:belen.martinez@sap.com\">belen.martinez@sap.com)<\/a>\u00a0Tel.: 91 456 72 20<\/p>\n<h5>Cualquier declaraci\u00f3n contenida en este documento que no sea un hecho hist\u00f3rico es una declaraci\u00f3n de futuro, tal como se define en la Ley de Reforma de Litigios sobre Valores Privados de los Estados Unidos de 1995. Palabras tales como \u00abanticipar\u00bb, \u00abcreer\u00bb, \u00abestimar\u00bb, \u00abesperar\u00bb, \u00abpronosticar\u00bb, \u00abpretender\u00bb, \u00abpoder\u00bb, \u00abplanificar\u00bb, \u00abproyectar\u00bb, \u00abpredecir\u00bb, \u00abdeber\u00eda\u00bb y \u00abhar\u00e1\u00bb y expresiones similares relacionadas con 麻豆原创 tienen como objetivo identificar dichas declaraciones a futuro. 麻豆原创 no asume ninguna obligaci\u00f3n de actualizar o revisar p\u00fablicamente ninguna de las declaraciones a futuro. Todas las declaraciones a futuro est\u00e1n sujetas a diversos riesgos e incertidumbres que podr\u00edan hacer que los resultados reales difieran materialmente de las expectativas. Los factores que podr\u00edan afectar los resultados financieros futuros de 麻豆原创 se analizan con mayor detalle en los documentos que 麻豆原创 presenta ante la Comisi\u00f3n de Valores y Bolsa de los Estados Unidos (\u00abSEC\u00bb), incluyendo el m\u00e1s reciente Informe Anual de 麻豆原创 en el Formulario 20-F presentado ante la SEC. Se advierte a los lectores que no deben confiar excesivamente en estas declaraciones prospectivas, que s\u00f3lo se refieren a sus fechas.<\/h5>\n<h5>\u00a9 2020 麻豆原创 SE. Todos los derechos reservados.<\/h5>\n<h5>麻豆原创 y otros productos y servicios de 麻豆原创 mencionados en este documento, as\u00ed como sus respectivos logotipos, son marcas comerciales o marcas registradas de 麻豆原创 SE en Alemania y en otros pa\u00edses. Por favor, consulte www.sap.com\/about\/legal\/copyright.html para obtener informaci\u00f3n adicional sobre marcas comerciales y avisos.<\/h5>\n","protected":false},"excerpt":{"rendered":"<p>Madrid&#8211; 麻豆原创 ha nombrado a Claudio Muruz\u00e1bal presidente de la regi\u00f3n EMEA Sur, que comprende el sur de Europa, Oriente Medio y \u00c1frica. Muruzabal reemplaza&#8230;<\/p>\n","protected":false},"author":29,"featured_media":2241,"comment_status":"closed","ping_status":"closed","sticky":false,"template":"","format":"standard","meta":{"footnotes":"","_links_to":"","_links_to_target":""},"categories":[41591],"tags":[],"sapn-display":[45149,5563696,5563694,60294],"sapn-type":[52105],"class_list":["post-2507","post","type-post","status-publish","format-standard","has-post-thumbnail","hentry","category-corporativo","sapn-display-homepage-hero","sapn-display-news-hero","sapn-display-news-spotlight","sapn-display-topic-hero","sapn-type-comunicado-de-prensa"],"yoast_head":"<!-- This site is optimized with the Yoast SEO Premium plugin v26.9 (Yoast SEO v26.9) - https:\/\/yoast.com\/product\/yoast-seo-premium-wordpress\/ -->\n<title>麻豆原创 nombra a Claudio Muruz\u00e1bal presidente de la regi\u00f3n EMEA Sur - 麻豆原创 Espa\u00f1a News Center<\/title>\n<meta name=\"robots\" content=\"index, follow, max-snippet:-1, max-image-preview:large, max-video-preview:-1\" \/>\n<link rel=\"canonical\" href=\"https:\/\/news.sap.com\/spain\/2020\/07\/sap-nombra-a-claudio-muruzabal-presidente-de-la-region-emea-sur\/\" \/>\n<meta property=\"og:locale\" content=\"es_ES\" \/>\n<meta property=\"og:type\" content=\"article\" \/>\n<meta property=\"og:title\" content=\"麻豆原创 nombra a Claudio Muruz\u00e1bal presidente de la regi\u00f3n EMEA Sur\" \/>\n<meta property=\"og:description\" content=\"Madrid&#8211; 麻豆原创 ha nombrado a Claudio Muruz\u00e1bal presidente de la regi\u00f3n EMEA Sur, que comprende el sur de Europa, Oriente Medio y \u00c1frica. Muruzabal reemplaza...\" \/>\n<meta property=\"og:url\" content=\"https:\/\/news.sap.com\/spain\/2020\/07\/sap-nombra-a-claudio-muruzabal-presidente-de-la-region-emea-sur\/\" \/>\n<meta property=\"og:site_name\" content=\"麻豆原创 Espa\u00f1a News Center\" \/>\n<meta property=\"article:published_time\" content=\"2020-07-15T09:20:22+00:00\" \/>\n<meta property=\"article:modified_time\" content=\"2023-10-16T16:15:22+00:00\" \/>\n<meta property=\"og:image\" content=\"https:\/\/news.sap.com\/spain\/files\/2020\/01\/274599_274599_l_srgb_s_gl.jpg\" \/>\n\t<meta property=\"og:image:width\" content=\"2600\" \/>\n\t<meta property=\"og:image:height\" content=\"1767\" \/>\n\t<meta property=\"og:image:type\" content=\"image\/jpeg\" \/>\n<meta name=\"author\" content=\"麻豆原创 News\" \/>\n<meta name=\"twitter:card\" content=\"summary_large_image\" \/>\n<meta name=\"twitter:label1\" content=\"Escrito por\" \/>\n\t<meta name=\"twitter:data1\" content=\"麻豆原创 News\" \/>\n\t<meta name=\"twitter:label2\" content=\"Tiempo de lectura\" \/>\n\t<meta name=\"twitter:data2\" content=\"5 minutos\" \/>\n<script type=\"application\/ld+json\" class=\"yoast-schema-graph\">{\"@context\":\"https:\/\/schema.org\",\"@graph\":[{\"@type\":\"Article\",\"@id\":\"https:\/\/news.sap.com\/spain\/2020\/07\/sap-nombra-a-claudio-muruzabal-presidente-de-la-region-emea-sur\/#article\",\"isPartOf\":{\"@id\":\"https:\/\/news.sap.com\/spain\/2020\/07\/sap-nombra-a-claudio-muruzabal-presidente-de-la-region-emea-sur\/\"},\"author\":{\"name\":\"麻豆原创 News\",\"@id\":\"https:\/\/news.sap.com\/spain\/#\/schema\/person\/53b9854bd790d6f18f3fc4bbb2ad7570\"},\"headline\":\"麻豆原创 nombra a Claudio Muruz\u00e1bal presidente de la regi\u00f3n EMEA Sur\",\"datePublished\":\"2020-07-15T09:20:22+00:00\",\"dateModified\":\"2023-10-16T16:15:22+00:00\",\"mainEntityOfPage\":{\"@id\":\"https:\/\/news.sap.com\/spain\/2020\/07\/sap-nombra-a-claudio-muruzabal-presidente-de-la-region-emea-sur\/\"},\"wordCount\":983,\"image\":{\"@id\":\"https:\/\/news.sap.com\/spain\/2020\/07\/sap-nombra-a-claudio-muruzabal-presidente-de-la-region-emea-sur\/#primaryimage\"},\"thumbnailUrl\":\"https:\/\/news.sap.com\/spain\/files\/2020\/01\/274599_274599_l_srgb_s_gl.jpg\",\"articleSection\":[\"Corporativo\"],\"inLanguage\":\"es\"},{\"@type\":\"WebPage\",\"@id\":\"https:\/\/news.sap.com\/spain\/2020\/07\/sap-nombra-a-claudio-muruzabal-presidente-de-la-region-emea-sur\/\",\"url\":\"https:\/\/news.sap.com\/spain\/2020\/07\/sap-nombra-a-claudio-muruzabal-presidente-de-la-region-emea-sur\/\",\"name\":\"麻豆原创 nombra a Claudio Muruz\u00e1bal presidente de la regi\u00f3n EMEA Sur - 麻豆原创 Espa\u00f1a News Center\",\"isPartOf\":{\"@id\":\"https:\/\/news.sap.com\/spain\/#website\"},\"primaryImageOfPage\":{\"@id\":\"https:\/\/news.sap.com\/spain\/2020\/07\/sap-nombra-a-claudio-muruzabal-presidente-de-la-region-emea-sur\/#primaryimage\"},\"image\":{\"@id\":\"https:\/\/news.sap.com\/spain\/2020\/07\/sap-nombra-a-claudio-muruzabal-presidente-de-la-region-emea-sur\/#primaryimage\"},\"thumbnailUrl\":\"https:\/\/news.sap.com\/spain\/files\/2020\/01\/274599_274599_l_srgb_s_gl.jpg\",\"datePublished\":\"2020-07-15T09:20:22+00:00\",\"dateModified\":\"2023-10-16T16:15:22+00:00\",\"author\":{\"@id\":\"https:\/\/news.sap.com\/spain\/#\/schema\/person\/53b9854bd790d6f18f3fc4bbb2ad7570\"},\"breadcrumb\":{\"@id\":\"https:\/\/news.sap.com\/spain\/2020\/07\/sap-nombra-a-claudio-muruzabal-presidente-de-la-region-emea-sur\/#breadcrumb\"},\"inLanguage\":\"es\",\"potentialAction\":[{\"@type\":\"ReadAction\",\"target\":[\"https:\/\/news.sap.com\/spain\/2020\/07\/sap-nombra-a-claudio-muruzabal-presidente-de-la-region-emea-sur\/\"]}]},{\"@type\":\"ImageObject\",\"inLanguage\":\"es\",\"@id\":\"https:\/\/news.sap.com\/spain\/2020\/07\/sap-nombra-a-claudio-muruzabal-presidente-de-la-region-emea-sur\/#primaryimage\",\"url\":\"https:\/\/news.sap.com\/spain\/files\/2020\/01\/274599_274599_l_srgb_s_gl.jpg\",\"contentUrl\":\"https:\/\/news.sap.com\/spain\/files\/2020\/01\/274599_274599_l_srgb_s_gl.jpg\",\"width\":2600,\"height\":1767,\"caption\":\"Cologne, Germany --- Office building stairwell seen through windows --- Image by \u00a9 George Hammerstein\/Corbis\"},{\"@type\":\"BreadcrumbList\",\"@id\":\"https:\/\/news.sap.com\/spain\/2020\/07\/sap-nombra-a-claudio-muruzabal-presidente-de-la-region-emea-sur\/#breadcrumb\",\"itemListElement\":[{\"@type\":\"ListItem\",\"position\":1,\"name\":\"Home\",\"item\":\"https:\/\/news.sap.com\/spain\/\"},{\"@type\":\"ListItem\",\"position\":2,\"name\":\"麻豆原创 nombra a Claudio Muruz\u00e1bal presidente de la regi\u00f3n EMEA Sur\"}]},{\"@type\":\"WebSite\",\"@id\":\"https:\/\/news.sap.com\/spain\/#website\",\"url\":\"https:\/\/news.sap.com\/spain\/\",\"name\":\"麻豆原创 Espa\u00f1a News Center\",\"description\":\"Noticias e informaci\u00f3n sobre 麻豆原创\",\"potentialAction\":[{\"@type\":\"SearchAction\",\"target\":{\"@type\":\"EntryPoint\",\"urlTemplate\":\"https:\/\/news.sap.com\/spain\/?s={search_term_string}\"},\"query-input\":{\"@type\":\"PropertyValueSpecification\",\"valueRequired\":true,\"valueName\":\"search_term_string\"}}],\"inLanguage\":\"es\"},{\"@type\":\"Person\",\"@id\":\"https:\/\/news.sap.com\/spain\/#\/schema\/person\/53b9854bd790d6f18f3fc4bbb2ad7570\",\"name\":\"麻豆原创 News\",\"image\":{\"@type\":\"ImageObject\",\"inLanguage\":\"es\",\"@id\":\"https:\/\/news.sap.com\/spain\/#\/schema\/person\/image\/\",\"url\":\"https:\/\/news.sap.com\/spain\/wp-content\/plugins\/wp-user-avatars\/wp-user-avatars\/assets\/images\/mystery.jpg\",\"contentUrl\":\"https:\/\/news.sap.com\/spain\/wp-content\/plugins\/wp-user-avatars\/wp-user-avatars\/assets\/images\/mystery.jpg\",\"caption\":\"麻豆原创 News\"},\"url\":\"https:\/\/news.sap.com\/spain\/author\/colleenraftery\/\"}]}<\/script>\n<!-- \/ Yoast SEO Premium plugin. -->","yoast_head_json":{"title":"麻豆原创 nombra a Claudio Muruz\u00e1bal presidente de la regi\u00f3n EMEA Sur - 麻豆原创 Espa\u00f1a News Center","robots":{"index":"index","follow":"follow","max-snippet":"max-snippet:-1","max-image-preview":"max-image-preview:large","max-video-preview":"max-video-preview:-1"},"canonical":"https:\/\/news.sap.com\/spain\/2020\/07\/sap-nombra-a-claudio-muruzabal-presidente-de-la-region-emea-sur\/","og_locale":"es_ES","og_type":"article","og_title":"麻豆原创 nombra a Claudio Muruz\u00e1bal presidente de la regi\u00f3n EMEA Sur","og_description":"Madrid&#8211; 麻豆原创 ha nombrado a Claudio Muruz\u00e1bal presidente de la regi\u00f3n EMEA Sur, que comprende el sur de Europa, Oriente Medio y \u00c1frica. Muruzabal reemplaza...","og_url":"https:\/\/news.sap.com\/spain\/2020\/07\/sap-nombra-a-claudio-muruzabal-presidente-de-la-region-emea-sur\/","og_site_name":"麻豆原创 Espa\u00f1a News Center","article_published_time":"2020-07-15T09:20:22+00:00","article_modified_time":"2023-10-16T16:15:22+00:00","og_image":[{"width":2600,"height":1767,"url":"https:\/\/news.sap.com\/spain\/files\/2020\/01\/274599_274599_l_srgb_s_gl.jpg","type":"image\/jpeg"}],"author":"麻豆原创 News","twitter_card":"summary_large_image","twitter_misc":{"Escrito por":"麻豆原创 News","Tiempo de lectura":"5 minutos"},"schema":{"@context":"https:\/\/schema.org","@graph":[{"@type":"Article","@id":"https:\/\/news.sap.com\/spain\/2020\/07\/sap-nombra-a-claudio-muruzabal-presidente-de-la-region-emea-sur\/#article","isPartOf":{"@id":"https:\/\/news.sap.com\/spain\/2020\/07\/sap-nombra-a-claudio-muruzabal-presidente-de-la-region-emea-sur\/"},"author":{"name":"麻豆原创 News","@id":"https:\/\/news.sap.com\/spain\/#\/schema\/person\/53b9854bd790d6f18f3fc4bbb2ad7570"},"headline":"麻豆原创 nombra a Claudio Muruz\u00e1bal presidente de la regi\u00f3n EMEA Sur","datePublished":"2020-07-15T09:20:22+00:00","dateModified":"2023-10-16T16:15:22+00:00","mainEntityOfPage":{"@id":"https:\/\/news.sap.com\/spain\/2020\/07\/sap-nombra-a-claudio-muruzabal-presidente-de-la-region-emea-sur\/"},"wordCount":983,"image":{"@id":"https:\/\/news.sap.com\/spain\/2020\/07\/sap-nombra-a-claudio-muruzabal-presidente-de-la-region-emea-sur\/#primaryimage"},"thumbnailUrl":"https:\/\/news.sap.com\/spain\/files\/2020\/01\/274599_274599_l_srgb_s_gl.jpg","articleSection":["Corporativo"],"inLanguage":"es"},{"@type":"WebPage","@id":"https:\/\/news.sap.com\/spain\/2020\/07\/sap-nombra-a-claudio-muruzabal-presidente-de-la-region-emea-sur\/","url":"https:\/\/news.sap.com\/spain\/2020\/07\/sap-nombra-a-claudio-muruzabal-presidente-de-la-region-emea-sur\/","name":"麻豆原创 nombra a Claudio Muruz\u00e1bal presidente de la regi\u00f3n EMEA Sur - 麻豆原创 Espa\u00f1a News Center","isPartOf":{"@id":"https:\/\/news.sap.com\/spain\/#website"},"primaryImageOfPage":{"@id":"https:\/\/news.sap.com\/spain\/2020\/07\/sap-nombra-a-claudio-muruzabal-presidente-de-la-region-emea-sur\/#primaryimage"},"image":{"@id":"https:\/\/news.sap.com\/spain\/2020\/07\/sap-nombra-a-claudio-muruzabal-presidente-de-la-region-emea-sur\/#primaryimage"},"thumbnailUrl":"https:\/\/news.sap.com\/spain\/files\/2020\/01\/274599_274599_l_srgb_s_gl.jpg","datePublished":"2020-07-15T09:20:22+00:00","dateModified":"2023-10-16T16:15:22+00:00","author":{"@id":"https:\/\/news.sap.com\/spain\/#\/schema\/person\/53b9854bd790d6f18f3fc4bbb2ad7570"},"breadcrumb":{"@id":"https:\/\/news.sap.com\/spain\/2020\/07\/sap-nombra-a-claudio-muruzabal-presidente-de-la-region-emea-sur\/#breadcrumb"},"inLanguage":"es","potentialAction":[{"@type":"ReadAction","target":["https:\/\/news.sap.com\/spain\/2020\/07\/sap-nombra-a-claudio-muruzabal-presidente-de-la-region-emea-sur\/"]}]},{"@type":"ImageObject","inLanguage":"es","@id":"https:\/\/news.sap.com\/spain\/2020\/07\/sap-nombra-a-claudio-muruzabal-presidente-de-la-region-emea-sur\/#primaryimage","url":"https:\/\/news.sap.com\/spain\/files\/2020\/01\/274599_274599_l_srgb_s_gl.jpg","contentUrl":"https:\/\/news.sap.com\/spain\/files\/2020\/01\/274599_274599_l_srgb_s_gl.jpg","width":2600,"height":1767,"caption":"Cologne, Germany --- Office building stairwell seen through windows --- Image by \u00a9 George Hammerstein\/Corbis"},{"@type":"BreadcrumbList","@id":"https:\/\/news.sap.com\/spain\/2020\/07\/sap-nombra-a-claudio-muruzabal-presidente-de-la-region-emea-sur\/#breadcrumb","itemListElement":[{"@type":"ListItem","position":1,"name":"Home","item":"https:\/\/news.sap.com\/spain\/"},{"@type":"ListItem","position":2,"name":"麻豆原创 nombra a Claudio Muruz\u00e1bal presidente de la regi\u00f3n EMEA Sur"}]},{"@type":"WebSite","@id":"https:\/\/news.sap.com\/spain\/#website","url":"https:\/\/news.sap.com\/spain\/","name":"麻豆原创 Espa\u00f1a News Center","description":"Noticias e informaci\u00f3n sobre 麻豆原创","potentialAction":[{"@type":"SearchAction","target":{"@type":"EntryPoint","urlTemplate":"https:\/\/news.sap.com\/spain\/?s={search_term_string}"},"query-input":{"@type":"PropertyValueSpecification","valueRequired":true,"valueName":"search_term_string"}}],"inLanguage":"es"},{"@type":"Person","@id":"https:\/\/news.sap.com\/spain\/#\/schema\/person\/53b9854bd790d6f18f3fc4bbb2ad7570","name":"麻豆原创 News","image":{"@type":"ImageObject","inLanguage":"es","@id":"https:\/\/news.sap.com\/spain\/#\/schema\/person\/image\/","url":"https:\/\/news.sap.com\/spain\/wp-content\/plugins\/wp-user-avatars\/wp-user-avatars\/assets\/images\/mystery.jpg","contentUrl":"https:\/\/news.sap.com\/spain\/wp-content\/plugins\/wp-user-avatars\/wp-user-avatars\/assets\/images\/mystery.jpg","caption":"麻豆原创 News"},"url":"https:\/\/news.sap.com\/spain\/author\/colleenraftery\/"}]}},"amp_enabled":true,"_links":{"self":[{"href":"https:\/\/news.sap.com\/spain\/wp-json\/wp\/v2\/posts\/2507","targetHints":{"allow":["GET"]}}],"collection":[{"href":"https:\/\/news.sap.com\/spain\/wp-json\/wp\/v2\/posts"}],"about":[{"href":"https:\/\/news.sap.com\/spain\/wp-json\/wp\/v2\/types\/post"}],"author":[{"embeddable":true,"href":"https:\/\/news.sap.com\/spain\/wp-json\/wp\/v2\/users\/29"}],"replies":[{"embeddable":true,"href":"https:\/\/news.sap.com\/spain\/wp-json\/wp\/v2\/comments?post=2507"}],"version-history":[{"count":0,"href":"https:\/\/news.sap.com\/spain\/wp-json\/wp\/v2\/posts\/2507\/revisions"}],"wp:featuredmedia":[{"embeddable":true,"href":"https:\/\/news.sap.com\/spain\/wp-json\/wp\/v2\/media\/2241"}],"wp:attachment":[{"href":"https:\/\/news.sap.com\/spain\/wp-json\/wp\/v2\/media?parent=2507"}],"wp:term":[{"taxonomy":"category","embeddable":true,"href":"https:\/\/news.sap.com\/spain\/wp-json\/wp\/v2\/categories?post=2507"},{"taxonomy":"post_tag","embeddable":true,"href":"https:\/\/news.sap.com\/spain\/wp-json\/wp\/v2\/tags?post=2507"},{"taxonomy":"sapn-display","embeddable":true,"href":"https:\/\/news.sap.com\/spain\/wp-json\/wp\/v2\/sapn-display?post=2507"},{"taxonomy":"sapn-type","embeddable":true,"href":"https:\/\/news.sap.com\/spain\/wp-json\/wp\/v2\/sapn-type?post=2507"}],"curies":[{"name":"wp","href":"https:\/\/api.w.org\/{rel}","templated":true}]}}