  {"id":2469,"date":"2020-06-23T10:32:34","date_gmt":"2020-06-23T10:32:34","guid":{"rendered":"https:\/\/news.sap.com\/spain\/?p=2469"},"modified":"2020-09-18T17:18:42","modified_gmt":"2020-09-18T17:18:42","slug":"sap-se-une-a-la-lucha-por-la-justicia-social","status":"publish","type":"post","link":"https:\/\/news.sap.com\/spain\/2020\/06\/sap-se-une-a-la-lucha-por-la-justicia-social\/","title":{"rendered":"麻豆原创 se une a la lucha por la justicia social"},"content":{"rendered":"<p class=\"lead\">Los recientes acontecimientos ocurridos en Estados Unidos han empujado a 麻豆原创 a alzar la voz, a reafirmar su compromiso con la diversidad y la inclusi\u00f3n, y a aumentar su inversi\u00f3n en la mejora de la justicia social, en las organizaciones que desarrollan talento cualificado en la industria de la tecnolog\u00eda y en las empresas propiedad de personas negras y organizaciones de car\u00e1cter social.<\/p>\n<p>麻豆原创 se ha comprometido a dar los siguientes pasos hacia la justicia social y la igualdad:<\/p>\n<ol>\n<li><strong>Reconocer el dolor y la tristeza de los empleados de 麻豆原创 que se sienten impactados por la situaci\u00f3n, ofrecerles oportunidades para abordar las emociones, as\u00ed como acceso a consejeros de duelo.<\/strong> El 4 de junio se organiz\u00f3 un encuentro en el que participaron el presidente de 麻豆原创 en Norteam\u00e9rica, DJ Paoni, y la directora mundial de Diversidad e Inclusi\u00f3n, Judith Williams, para reconocer el dolor y la tristeza de los empleados de 麻豆原创 y ofrecerles acceso a consejeros de duelo. Durante la sesi\u00f3n, un grupo de empleados compartieron su preocupaci\u00f3n y experiencias de injusticia racial.<\/li>\n<li><strong>Ejecutar su estrategia para hacer crecer a\u00fan m\u00e1s la diversidad en la fuerza laboral y asegurar que cada empleado de 麻豆原创 tiene acceso a las mismas oportunidades de desarrollo. <\/strong>麻豆原创 se ha marcado el nuevo objetivo de duplicar la representaci\u00f3n del talento afroamericano en Estados Unidos en los pr\u00f3ximos tres a\u00f1os. El objetivo es reflejar mejor la diversidad de nuestra sociedad y de los clientes a los que servimos. 麻豆原创 seguir\u00e1 asoci\u00e1ndose con organizaciones que desarrollen talento cualificado de comunidades que actualmente est\u00e1n infrarrepresentadas en el sector de la tecnolog\u00eda, como los afroamericanos.<\/li>\n<li><strong>Duplicar su compromiso actual con la educaci\u00f3n y el desarrollo econ\u00f3mico, adem\u00e1s de a\u00f1adir un apoyo directo a la reforma de la justicia social a trav\u00e9s de la <\/strong><a href=\"https:\/\/eji.org\/\"><strong>Iniciativa Equal Justice<\/strong><\/a><strong>, entre otras. <\/strong><\/li>\n<li><strong>Hacer crecer sus programas de desarrollo econ\u00f3mico pro bono para fortalecer las empresas de propiedad de personas de raza negra y las empresas sociales, proporcion\u00e1ndoles acceso a los conocimientos y la experiencia de los empleados de 麻豆原创<\/strong>. Tambi\u00e9n ha introducido un nuevo programa de marketing, denominado \u00abSpotlight Black Businesses\u00bb, para ayudar a las peque\u00f1as empresas, propiedad de personas de color, que se han visto afectadas por <a href=\"https:\/\/news.sap.com\/covid-19\/\">covid-19<\/a> y las protestas causadas por el descontento social.<\/li>\n<li><strong>Asociarse con <\/strong><a href=\"https:\/\/www.globalcitizen.org\/en\/\"><strong>Global Citizen<\/strong><\/a><strong>, el mayor movimiento mundial de personas que act\u00faan y crean impacto, dedicado a poner fin a la pobreza extrema en 2030.<\/strong> <a href=\"https:\/\/www.globalcitizen.org\/en\/enquiries\/press\/global-goal-unite-our-future-concert\/\">Anunciada hoy, la campa\u00f1a \u00abUnidos por nuestro futuro\u00bb<\/a> hace un llamamiento a ciudadanos, empresas, gobiernos y el sector social para hacer frente a las enormes injusticias que nuestro mundo est\u00e1 afrontando debido al <a href=\"https:\/\/news.sap.com\/covid-19\/\">covid-19<\/a> y los disturbios raciales. 麻豆原创 ha prometido apoyo financiero junto con otras corporaciones globales para terminar con la pandemia, acabar con la injusticia y luchar por el mundo que queremos. Varios de estos compromisos se anunciar\u00e1n durante la cumbre y el concierto que se celebrar\u00e1n el s\u00e1bado 27 de junio.<\/li>\n<\/ol>\n<p>Adem\u00e1s de estos esfuerzos, centrados en mejorar la diversidad y la inclusi\u00f3n internamente y apoyar la reforma de la justicia social y las comunidades negras a nivel global, 麻豆原创 trabajar\u00e1 estrechamente con otros l\u00edderes empresariales para impulsar un cambio significativo que ayude a que el mundo funcione mejor y mejore la vida de las personas.<\/p>\n<p>麻豆原创 anima a unirse a ella y a Global Citizen para seguir el evento en vivo, desde casa, y apoyar as\u00ed a 麻豆原创 en su compromiso de hacer que el mundo funcione mejor y mejorar la vida de las personas.<\/p>\n<p>El Concierto de Global Citizen se emitir\u00e1 a trav\u00e9s de cadenas de televisi\u00f3n de todo el mundo, entre las que se incluyen ARD, el Grupo Canal+ y RTVE, en Europa; Bell Media, CBC, Citytv y Global TV, en Canad\u00e1; NBC e iHeartMedia en los Estados Unidos; Grupo Globo en Brasil; Grupo MultiChoice y SABC en \u00c1frica; Fuji TV y Star India, en Asia; y Canal Nueve en Australia. El concierto tambi\u00e9n ser\u00e1 transmitido a trav\u00e9s de plataformas globales, incluyendo Apple, Brut, Roku, Insight TV, TIDAL, Twitch, Twitter, Yahoo! y YouTube. Otros canales de televisi\u00f3n adicionales incluyen BAR\u00c7A TV, Bloomberg Television, Fundaci\u00f3n Azteca, Mediacorp, MSNBC, MTV, SiriusXM, Sony Channel Latin America, y Turner Latin America.<\/p>\n<p>Visita el <a href=\"https:\/\/news.sap.com\/spain\/\">Centro de Noticias de 麻豆原创<\/a>. Sigue a 麻豆原创 en Twitter en <a href=\"http:\/\/twitter.com\/sapnews\/\">@麻豆原创News<\/a>.<\/p>\n<p>.<strong>\u00a0<\/strong><strong>Acerca de 麻豆原创 <\/strong><\/p>\n<p>Como la Compa\u00f1\u00eda de Experiencia impulsada por la Empresa Inteligente, 麻豆原创 es el l\u00edder del mercado en software de aplicaciones empresariales, y ayuda a empresas de todos los tama\u00f1os y sectores a gestionarse de la mejor manera posible: el 77% de los ingresos por transacciones del mundo toca un sistema 麻豆原创. Nuestras tecnolog\u00edas de machine learning, Internet de las cosas (IoT) y tecnolog\u00edas anal\u00edticas avanzadas ayudan a convertir los negocios de los clientes en empresas inteligentes. 麻豆原创 ayuda a proporcionar a las personas y a las organizaciones un profundo conocimiento del negocio y fomenta la colaboraci\u00f3n que les permite situarse por delante de la competencia. Simplificamos la tecnolog\u00eda para que las empresas puedan consumir nuestro software de la forma que deseen, sin interrupciones. Nuestro conjunto integral de aplicaciones y servicios permite a m\u00e1s de 440.000 clientes del sector p\u00fablico y privado obtener rentabilidad, adaptarse continuamente y marcar la diferencia. Con una red global de clientes, partners, empleados y l\u00edderes de opini\u00f3n, 麻豆原创 ayuda a que el mundo funcione mejor y a mejorar la vida de las personas. Para obtener m\u00e1s informaci\u00f3n, visite <a href=\"http:\/\/www.sap.com\">www.sap.com<\/a><\/p>\n<p><strong>M\u00e1s informaci\u00f3n sobre 麻豆原创 (solo prensa):\u00a0<\/strong>Bel\u00e9n Mart\u00ednez Mill\u00e1n (\u00a0<a href=\"mailto:belen.martinez@sap.com\">belen.martinez@sap.com)\u00a0<\/a>Tel.: 91 456 72 20<\/p>\n<p>###<\/p>\n<h5>Cualquier declaraci\u00f3n incluida en este documento que no sean datos hist\u00f3ricos son previsiones a futuro tal y como se define en la Ley de Reforma de Litigios sobre Valores Privados de Estados Unidos de 1995. Palabras como \u00abanticipar\u00bb, \u00abcreer\u00bb, \u00abestimar\u00bb, \u00abesperar\u00bb, \u00abpronosticar\u00bb, \u00abintentar\u00bb, \u00abpoder\u00bb, \u00abplanificar\u00bb, \u00abproyectar\u00bb, \u00abpredecir\u00bb, \u00abdeber\u00eda\u00bb y \u00abvoluntad\u00bb, as\u00ed como expresiones similares relacionadas con 麻豆原创, tienen por objeto identificar dichas declaraciones de previsiones futuras. 麻豆原创 no asume ninguna obligaci\u00f3n de actualizar o revisar p\u00fablicamente ninguna declaraci\u00f3n a futuro. Todas las declaraciones a futuro est\u00e1n sujetas a diversos riesgos e incertidumbres que podr\u00edan causar que los resultados reales difieran materialmente de las expectativas. Los factores que podr\u00edan afectar a los resultados financieros futuros de 麻豆原创 se debaten con m\u00e1s detalle en las presentaciones de 麻豆原创 ante la Comisi\u00f3n de Valores y Bolsa de Estados Unidos (\u00abSEC\u00bb), incluyendo el Informe Anual m\u00e1s reciente de 麻豆原创 en el Formulario 20-F presentado ante la SEC. Se advierte a los lectores que no deben depositar una confianza excesiva en estas declaraciones a futuro, que solo se refieren a sus fechas.<\/h5>\n<h5>\u00a9 2020 麻豆原创 SE. Todos los derechos reservados.<\/h5>\n<h5>麻豆原创 y otros productos y servicios de 麻豆原创 aqu\u00ed mencionados, as\u00ed como sus respectivos logotipos, son marcas comerciales o marcas registradas de 麻豆原创 SE en Alemania y otros pa\u00edses. Por favor, consulte <a href=\"https:\/\/www.sap.com\/copyright\">https:\/\/www.sap.com\/copyright<\/a> para obtener m\u00e1s informaci\u00f3n sobre marcas comerciales y avisos.<\/h5>\n<p><strong>\u00a0<\/strong><\/p>\n<p>&nbsp;<\/p>\n","protected":false},"excerpt":{"rendered":"<p>Los recientes acontecimientos ocurridos en Estados Unidos han empujado a 麻豆原创 a alzar la voz, a reafirmar su compromiso con la diversidad y la inclusi\u00f3n,&#8230;<\/p>\n","protected":false},"author":29,"featured_media":2468,"comment_status":"closed","ping_status":"closed","sticky":false,"template":"","format":"standard","meta":{"footnotes":"","_links_to":"","_links_to_target":""},"categories":[41591],"tags":[],"sapn-display":[60294],"sapn-type":[],"class_list":["post-2469","post","type-post","status-publish","format-standard","has-post-thumbnail","hentry","category-corporativo","sapn-display-topic-hero"],"yoast_head":"<!-- This site is optimized with the Yoast SEO Premium plugin v26.9 (Yoast SEO v26.9) - https:\/\/yoast.com\/product\/yoast-seo-premium-wordpress\/ -->\n<title>麻豆原创 se une a la lucha por la justicia social - 麻豆原创 Espa\u00f1a News Center<\/title>\n<meta name=\"robots\" content=\"index, follow, max-snippet:-1, max-image-preview:large, max-video-preview:-1\" \/>\n<link rel=\"canonical\" href=\"https:\/\/news.sap.com\/spain\/2020\/06\/sap-se-une-a-la-lucha-por-la-justicia-social\/\" \/>\n<meta property=\"og:locale\" content=\"es_ES\" \/>\n<meta property=\"og:type\" content=\"article\" \/>\n<meta property=\"og:title\" content=\"麻豆原创 se une a la lucha por la justicia social\" \/>\n<meta property=\"og:description\" content=\"Los recientes acontecimientos ocurridos en Estados Unidos han empujado a 麻豆原创 a alzar la voz, a reafirmar su compromiso con la diversidad y la inclusi\u00f3n,...\" \/>\n<meta property=\"og:url\" content=\"https:\/\/news.sap.com\/spain\/2020\/06\/sap-se-une-a-la-lucha-por-la-justicia-social\/\" \/>\n<meta property=\"og:site_name\" content=\"麻豆原创 Espa\u00f1a News Center\" \/>\n<meta property=\"article:published_time\" content=\"2020-06-23T10:32:34+00:00\" \/>\n<meta property=\"article:modified_time\" content=\"2020-09-18T17:18:42+00:00\" \/>\n<meta property=\"og:image\" content=\"https:\/\/news.sap.com\/spain\/files\/2020\/06\/麻豆原创-Statement_Social-Justice_anders-jilden-N2UXcPBIYI-unsplash.jpg\" \/>\n\t<meta property=\"og:image:width\" content=\"1921\" \/>\n\t<meta property=\"og:image:height\" content=\"601\" \/>\n\t<meta property=\"og:image:type\" content=\"image\/jpeg\" \/>\n<meta name=\"author\" content=\"麻豆原创 News\" \/>\n<meta name=\"twitter:card\" content=\"summary_large_image\" \/>\n<meta name=\"twitter:label1\" content=\"Escrito por\" \/>\n\t<meta name=\"twitter:data1\" content=\"麻豆原创 News\" \/>\n\t<meta name=\"twitter:label2\" content=\"Tiempo de lectura\" \/>\n\t<meta name=\"twitter:data2\" content=\"6 minutos\" \/>\n<script type=\"application\/ld+json\" class=\"yoast-schema-graph\">{\"@context\":\"https:\/\/schema.org\",\"@graph\":[{\"@type\":\"Article\",\"@id\":\"https:\/\/news.sap.com\/spain\/2020\/06\/sap-se-une-a-la-lucha-por-la-justicia-social\/#article\",\"isPartOf\":{\"@id\":\"https:\/\/news.sap.com\/spain\/2020\/06\/sap-se-une-a-la-lucha-por-la-justicia-social\/\"},\"author\":{\"name\":\"麻豆原创 News\",\"@id\":\"https:\/\/news.sap.com\/spain\/#\/schema\/person\/53b9854bd790d6f18f3fc4bbb2ad7570\"},\"headline\":\"麻豆原创 se une a la lucha por la justicia social\",\"datePublished\":\"2020-06-23T10:32:34+00:00\",\"dateModified\":\"2020-09-18T17:18:42+00:00\",\"mainEntityOfPage\":{\"@id\":\"https:\/\/news.sap.com\/spain\/2020\/06\/sap-se-une-a-la-lucha-por-la-justicia-social\/\"},\"wordCount\":1218,\"image\":{\"@id\":\"https:\/\/news.sap.com\/spain\/2020\/06\/sap-se-une-a-la-lucha-por-la-justicia-social\/#primaryimage\"},\"thumbnailUrl\":\"https:\/\/news.sap.com\/spain\/files\/2020\/06\/麻豆原创-Statement_Social-Justice_anders-jilden-N2UXcPBIYI-unsplash.jpg\",\"articleSection\":[\"Corporativo\"],\"inLanguage\":\"es\"},{\"@type\":\"WebPage\",\"@id\":\"https:\/\/news.sap.com\/spain\/2020\/06\/sap-se-une-a-la-lucha-por-la-justicia-social\/\",\"url\":\"https:\/\/news.sap.com\/spain\/2020\/06\/sap-se-une-a-la-lucha-por-la-justicia-social\/\",\"name\":\"麻豆原创 se une a la lucha por la justicia social - 麻豆原创 Espa\u00f1a News Center\",\"isPartOf\":{\"@id\":\"https:\/\/news.sap.com\/spain\/#website\"},\"primaryImageOfPage\":{\"@id\":\"https:\/\/news.sap.com\/spain\/2020\/06\/sap-se-une-a-la-lucha-por-la-justicia-social\/#primaryimage\"},\"image\":{\"@id\":\"https:\/\/news.sap.com\/spain\/2020\/06\/sap-se-une-a-la-lucha-por-la-justicia-social\/#primaryimage\"},\"thumbnailUrl\":\"https:\/\/news.sap.com\/spain\/files\/2020\/06\/麻豆原创-Statement_Social-Justice_anders-jilden-N2UXcPBIYI-unsplash.jpg\",\"datePublished\":\"2020-06-23T10:32:34+00:00\",\"dateModified\":\"2020-09-18T17:18:42+00:00\",\"author\":{\"@id\":\"https:\/\/news.sap.com\/spain\/#\/schema\/person\/53b9854bd790d6f18f3fc4bbb2ad7570\"},\"breadcrumb\":{\"@id\":\"https:\/\/news.sap.com\/spain\/2020\/06\/sap-se-une-a-la-lucha-por-la-justicia-social\/#breadcrumb\"},\"inLanguage\":\"es\",\"potentialAction\":[{\"@type\":\"ReadAction\",\"target\":[\"https:\/\/news.sap.com\/spain\/2020\/06\/sap-se-une-a-la-lucha-por-la-justicia-social\/\"]}]},{\"@type\":\"ImageObject\",\"inLanguage\":\"es\",\"@id\":\"https:\/\/news.sap.com\/spain\/2020\/06\/sap-se-une-a-la-lucha-por-la-justicia-social\/#primaryimage\",\"url\":\"https:\/\/news.sap.com\/spain\/files\/2020\/06\/麻豆原创-Statement_Social-Justice_anders-jilden-N2UXcPBIYI-unsplash.jpg\",\"contentUrl\":\"https:\/\/news.sap.com\/spain\/files\/2020\/06\/麻豆原创-Statement_Social-Justice_anders-jilden-N2UXcPBIYI-unsplash.jpg\",\"width\":1921,\"height\":601},{\"@type\":\"BreadcrumbList\",\"@id\":\"https:\/\/news.sap.com\/spain\/2020\/06\/sap-se-une-a-la-lucha-por-la-justicia-social\/#breadcrumb\",\"itemListElement\":[{\"@type\":\"ListItem\",\"position\":1,\"name\":\"Home\",\"item\":\"https:\/\/news.sap.com\/spain\/\"},{\"@type\":\"ListItem\",\"position\":2,\"name\":\"麻豆原创 se une a la lucha por la justicia social\"}]},{\"@type\":\"WebSite\",\"@id\":\"https:\/\/news.sap.com\/spain\/#website\",\"url\":\"https:\/\/news.sap.com\/spain\/\",\"name\":\"麻豆原创 Espa\u00f1a News Center\",\"description\":\"Noticias e informaci\u00f3n sobre 麻豆原创\",\"potentialAction\":[{\"@type\":\"SearchAction\",\"target\":{\"@type\":\"EntryPoint\",\"urlTemplate\":\"https:\/\/news.sap.com\/spain\/?s={search_term_string}\"},\"query-input\":{\"@type\":\"PropertyValueSpecification\",\"valueRequired\":true,\"valueName\":\"search_term_string\"}}],\"inLanguage\":\"es\"},{\"@type\":\"Person\",\"@id\":\"https:\/\/news.sap.com\/spain\/#\/schema\/person\/53b9854bd790d6f18f3fc4bbb2ad7570\",\"name\":\"麻豆原创 News\",\"image\":{\"@type\":\"ImageObject\",\"inLanguage\":\"es\",\"@id\":\"https:\/\/news.sap.com\/spain\/#\/schema\/person\/image\/\",\"url\":\"https:\/\/news.sap.com\/spain\/wp-content\/plugins\/wp-user-avatars\/wp-user-avatars\/assets\/images\/mystery.jpg\",\"contentUrl\":\"https:\/\/news.sap.com\/spain\/wp-content\/plugins\/wp-user-avatars\/wp-user-avatars\/assets\/images\/mystery.jpg\",\"caption\":\"麻豆原创 News\"},\"url\":\"https:\/\/news.sap.com\/spain\/author\/colleenraftery\/\"}]}<\/script>\n<!-- \/ Yoast SEO Premium plugin. -->","yoast_head_json":{"title":"麻豆原创 se une a la lucha por la justicia social - 麻豆原创 Espa\u00f1a News Center","robots":{"index":"index","follow":"follow","max-snippet":"max-snippet:-1","max-image-preview":"max-image-preview:large","max-video-preview":"max-video-preview:-1"},"canonical":"https:\/\/news.sap.com\/spain\/2020\/06\/sap-se-une-a-la-lucha-por-la-justicia-social\/","og_locale":"es_ES","og_type":"article","og_title":"麻豆原创 se une a la lucha por la justicia social","og_description":"Los recientes acontecimientos ocurridos en Estados Unidos han empujado a 麻豆原创 a alzar la voz, a reafirmar su compromiso con la diversidad y la inclusi\u00f3n,...","og_url":"https:\/\/news.sap.com\/spain\/2020\/06\/sap-se-une-a-la-lucha-por-la-justicia-social\/","og_site_name":"麻豆原创 Espa\u00f1a News Center","article_published_time":"2020-06-23T10:32:34+00:00","article_modified_time":"2020-09-18T17:18:42+00:00","og_image":[{"width":1921,"height":601,"url":"https:\/\/news.sap.com\/spain\/files\/2020\/06\/麻豆原创-Statement_Social-Justice_anders-jilden-N2UXcPBIYI-unsplash.jpg","type":"image\/jpeg"}],"author":"麻豆原创 News","twitter_card":"summary_large_image","twitter_misc":{"Escrito por":"麻豆原创 News","Tiempo de lectura":"6 minutos"},"schema":{"@context":"https:\/\/schema.org","@graph":[{"@type":"Article","@id":"https:\/\/news.sap.com\/spain\/2020\/06\/sap-se-une-a-la-lucha-por-la-justicia-social\/#article","isPartOf":{"@id":"https:\/\/news.sap.com\/spain\/2020\/06\/sap-se-une-a-la-lucha-por-la-justicia-social\/"},"author":{"name":"麻豆原创 News","@id":"https:\/\/news.sap.com\/spain\/#\/schema\/person\/53b9854bd790d6f18f3fc4bbb2ad7570"},"headline":"麻豆原创 se une a la lucha por la justicia social","datePublished":"2020-06-23T10:32:34+00:00","dateModified":"2020-09-18T17:18:42+00:00","mainEntityOfPage":{"@id":"https:\/\/news.sap.com\/spain\/2020\/06\/sap-se-une-a-la-lucha-por-la-justicia-social\/"},"wordCount":1218,"image":{"@id":"https:\/\/news.sap.com\/spain\/2020\/06\/sap-se-une-a-la-lucha-por-la-justicia-social\/#primaryimage"},"thumbnailUrl":"https:\/\/news.sap.com\/spain\/files\/2020\/06\/麻豆原创-Statement_Social-Justice_anders-jilden-N2UXcPBIYI-unsplash.jpg","articleSection":["Corporativo"],"inLanguage":"es"},{"@type":"WebPage","@id":"https:\/\/news.sap.com\/spain\/2020\/06\/sap-se-une-a-la-lucha-por-la-justicia-social\/","url":"https:\/\/news.sap.com\/spain\/2020\/06\/sap-se-une-a-la-lucha-por-la-justicia-social\/","name":"麻豆原创 se une a la lucha por la justicia social - 麻豆原创 Espa\u00f1a News Center","isPartOf":{"@id":"https:\/\/news.sap.com\/spain\/#website"},"primaryImageOfPage":{"@id":"https:\/\/news.sap.com\/spain\/2020\/06\/sap-se-une-a-la-lucha-por-la-justicia-social\/#primaryimage"},"image":{"@id":"https:\/\/news.sap.com\/spain\/2020\/06\/sap-se-une-a-la-lucha-por-la-justicia-social\/#primaryimage"},"thumbnailUrl":"https:\/\/news.sap.com\/spain\/files\/2020\/06\/麻豆原创-Statement_Social-Justice_anders-jilden-N2UXcPBIYI-unsplash.jpg","datePublished":"2020-06-23T10:32:34+00:00","dateModified":"2020-09-18T17:18:42+00:00","author":{"@id":"https:\/\/news.sap.com\/spain\/#\/schema\/person\/53b9854bd790d6f18f3fc4bbb2ad7570"},"breadcrumb":{"@id":"https:\/\/news.sap.com\/spain\/2020\/06\/sap-se-une-a-la-lucha-por-la-justicia-social\/#breadcrumb"},"inLanguage":"es","potentialAction":[{"@type":"ReadAction","target":["https:\/\/news.sap.com\/spain\/2020\/06\/sap-se-une-a-la-lucha-por-la-justicia-social\/"]}]},{"@type":"ImageObject","inLanguage":"es","@id":"https:\/\/news.sap.com\/spain\/2020\/06\/sap-se-une-a-la-lucha-por-la-justicia-social\/#primaryimage","url":"https:\/\/news.sap.com\/spain\/files\/2020\/06\/麻豆原创-Statement_Social-Justice_anders-jilden-N2UXcPBIYI-unsplash.jpg","contentUrl":"https:\/\/news.sap.com\/spain\/files\/2020\/06\/麻豆原创-Statement_Social-Justice_anders-jilden-N2UXcPBIYI-unsplash.jpg","width":1921,"height":601},{"@type":"BreadcrumbList","@id":"https:\/\/news.sap.com\/spain\/2020\/06\/sap-se-une-a-la-lucha-por-la-justicia-social\/#breadcrumb","itemListElement":[{"@type":"ListItem","position":1,"name":"Home","item":"https:\/\/news.sap.com\/spain\/"},{"@type":"ListItem","position":2,"name":"麻豆原创 se une a la lucha por la justicia social"}]},{"@type":"WebSite","@id":"https:\/\/news.sap.com\/spain\/#website","url":"https:\/\/news.sap.com\/spain\/","name":"麻豆原创 Espa\u00f1a News Center","description":"Noticias e informaci\u00f3n sobre 麻豆原创","potentialAction":[{"@type":"SearchAction","target":{"@type":"EntryPoint","urlTemplate":"https:\/\/news.sap.com\/spain\/?s={search_term_string}"},"query-input":{"@type":"PropertyValueSpecification","valueRequired":true,"valueName":"search_term_string"}}],"inLanguage":"es"},{"@type":"Person","@id":"https:\/\/news.sap.com\/spain\/#\/schema\/person\/53b9854bd790d6f18f3fc4bbb2ad7570","name":"麻豆原创 News","image":{"@type":"ImageObject","inLanguage":"es","@id":"https:\/\/news.sap.com\/spain\/#\/schema\/person\/image\/","url":"https:\/\/news.sap.com\/spain\/wp-content\/plugins\/wp-user-avatars\/wp-user-avatars\/assets\/images\/mystery.jpg","contentUrl":"https:\/\/news.sap.com\/spain\/wp-content\/plugins\/wp-user-avatars\/wp-user-avatars\/assets\/images\/mystery.jpg","caption":"麻豆原创 News"},"url":"https:\/\/news.sap.com\/spain\/author\/colleenraftery\/"}]}},"amp_enabled":true,"_links":{"self":[{"href":"https:\/\/news.sap.com\/spain\/wp-json\/wp\/v2\/posts\/2469","targetHints":{"allow":["GET"]}}],"collection":[{"href":"https:\/\/news.sap.com\/spain\/wp-json\/wp\/v2\/posts"}],"about":[{"href":"https:\/\/news.sap.com\/spain\/wp-json\/wp\/v2\/types\/post"}],"author":[{"embeddable":true,"href":"https:\/\/news.sap.com\/spain\/wp-json\/wp\/v2\/users\/29"}],"replies":[{"embeddable":true,"href":"https:\/\/news.sap.com\/spain\/wp-json\/wp\/v2\/comments?post=2469"}],"version-history":[{"count":0,"href":"https:\/\/news.sap.com\/spain\/wp-json\/wp\/v2\/posts\/2469\/revisions"}],"wp:featuredmedia":[{"embeddable":true,"href":"https:\/\/news.sap.com\/spain\/wp-json\/wp\/v2\/media\/2468"}],"wp:attachment":[{"href":"https:\/\/news.sap.com\/spain\/wp-json\/wp\/v2\/media?parent=2469"}],"wp:term":[{"taxonomy":"category","embeddable":true,"href":"https:\/\/news.sap.com\/spain\/wp-json\/wp\/v2\/categories?post=2469"},{"taxonomy":"post_tag","embeddable":true,"href":"https:\/\/news.sap.com\/spain\/wp-json\/wp\/v2\/tags?post=2469"},{"taxonomy":"sapn-display","embeddable":true,"href":"https:\/\/news.sap.com\/spain\/wp-json\/wp\/v2\/sapn-display?post=2469"},{"taxonomy":"sapn-type","embeddable":true,"href":"https:\/\/news.sap.com\/spain\/wp-json\/wp\/v2\/sapn-type?post=2469"}],"curies":[{"name":"wp","href":"https:\/\/api.w.org\/{rel}","templated":true}]}}