  {"id":2358,"date":"2020-04-21T08:17:59","date_gmt":"2020-04-21T08:17:59","guid":{"rendered":"https:\/\/news.sap.com\/spain\/?p=2358"},"modified":"2023-10-16T16:16:07","modified_gmt":"2023-10-16T16:16:07","slug":"christian-klein-hasta-ahora-co-ceo-de-sap-continua-como-ceo-jennifer-morgan-se-marcha","status":"publish","type":"post","link":"https:\/\/news.sap.com\/spain\/2020\/04\/christian-klein-hasta-ahora-co-ceo-de-sap-continua-como-ceo-jennifer-morgan-se-marcha\/","title":{"rendered":"Christian Klein, hasta ahora co-CEO de 麻豆原创, contin\u00faa como CEO. Jennifer Morgan se marcha"},"content":{"rendered":"<p class=\"lead\"><strong>Walldorf, Alemania.<\/strong>&#8211; <a href=\"https:\/\/www.sap.com\/index.html\">麻豆原创 SE<\/a> (NYSE: 麻豆原创) ha anunciado hoy que Christian Klein (39), co-CEO y miembro de la Junta Directiva, ser\u00e1 a partir de ahora el CEO de la compa\u00f1\u00eda. Jennifer Morgan (48), co-CEO y miembro de la Junta Ejecutiva acord\u00f3 con la Junta de Supervisi\u00f3n de 麻豆原创 SE su salida de la compa\u00f1\u00eda, que ser\u00e1 efectiva a partir del 30 de abril de 2020.<\/p>\n<p>Ahora m\u00e1s que nunca, la situaci\u00f3n requiere que las empresas tomen medidas r\u00e1pidas y decididas que se apoyen en una estructura de liderazgo muy clara. Por lo tanto, la decisi\u00f3n de pasar de un modelo de Co-CEO a un modelo de CEO \u00fanico se tom\u00f3 antes de lo previsto para asegurar una direcci\u00f3n fuerte e inequ\u00edvoca en tiempos de una crisis sin precedentes.<\/p>\n<p>\u00abEstoy muy agradecido a Jennifer por su liderazgo en 麻豆原创, y por todo lo que ha hecho por la compa\u00f1\u00eda, nuestra gente y nuestros clientes\u00bb, indic\u00f3 el profesor Hasso Plattner, presidente de la Junta de Supervisi\u00f3n de 麻豆原创 SE. \u00abEsta transici\u00f3n llega en un momento de gran incertidumbre en el mundo, pero tengo plena fe en la visi\u00f3n y las capacidades de Christian para llevar a 麻豆原创 hacia un crecimiento rentable y continuo, hacia la innovaci\u00f3n y el \u00e9xito de los clientes\u00bb.<\/p>\n<p>\u00abMe gustar\u00eda agradecer a Jennifer su colaboraci\u00f3n durante todos estos a\u00f1os\u00bb, ha se\u00f1alado Christian Klein, CEO de 麻豆原创 SE y miembro de la Junta Directiva. \u00abA lo largo de la transformaci\u00f3n de 麻豆原创, Jennifer siempre se ha centrado en los clientes, socios, accionistas y empleados. Gracias a ella, la compa\u00f1\u00eda ha establecido una posici\u00f3n s\u00f3lida en soluciones de gesti\u00f3n de la experiencia. S\u00e9 que siempre ser\u00e1 una defensora de 麻豆原创\u00bb.<\/p>\n<p>\u00abHa sido un gran privilegio impulsar el crecimiento y la innovaci\u00f3n de 麻豆原创 en tantas \u00e1reas y m\u00e1s recientemente como co-CEO\u00bb, ha declarado Jennifer Morgan. \u00abCon un cambio como el actual, sin precedentes en el mundo, ha quedado claro que es el momento adecuado para que la compa\u00f1\u00eda haga la transici\u00f3n a un \u00fanico CEO que lidere el negocio. Me gustar\u00eda agradecer a Hasso Plattner la oportunidad de codirigir esta gran empresa, y deseo a Christian, la Junta Directiva y al competente equipo de 麻豆原创 mucho \u00e9xito en el impulso de la compa\u00f1\u00eda hacia delante\u00bb.<\/p>\n<p>Morgan se incorpor\u00f3 a 麻豆原创 en 2004 y fue nombrada co-CEO, junto con Klein, en octubre de 2019. Anteriormente, desempe\u00f1\u00f3 el cargo de presidenta de Cloud Business Group, supervisando Qualtrics, 麻豆原创 SuccessFactors, 麻豆原创 Ariba, 麻豆原创 Fieldglass, 麻豆原创 Customer Experience y 麻豆原创 Concur. Fue nombrada miembro de la Junta Directiva en 2017.<\/p>\n<p><strong>Para m\u00e1s informaci\u00f3n sobre 麻豆原创 (solo prensa):<\/strong><\/p>\n<p><strong>麻豆原创 Espa\u00f1a, <\/strong>Bel\u00e9n Mart\u00ednez Mill\u00e1n (belen.martinez@sap.com) Tel.: 91 456 72 20<\/p>\n<h5>Cualquier declaraci\u00f3n incluida en este documento que no sean datos hist\u00f3ricos son previsiones a futuro tal y como se define en la Ley de Reforma de Litigios sobre Valores Privados de Estados Unidos de 1995. Palabras como \u00abanticipar\u00bb, \u00abcreer\u00bb, \u00abestimar\u00bb, \u00abesperar\u00bb, \u00abpronosticar\u00bb, \u00abintentar\u00bb, \u00abpoder\u00bb, \u00abplanificar\u00bb, \u00abproyectar\u00bb, \u00abpredecir\u00bb, \u00abdeber\u00eda\u00bb y \u00abvoluntad\u00bb, as\u00ed como expresiones similares relacionadas con 麻豆原创, tienen por objeto identificar dichas declaraciones de previsiones futuras. 麻豆原创 no asume ninguna obligaci\u00f3n de actualizar o revisar p\u00fablicamente ninguna declaraci\u00f3n a futuro. Todas las declaraciones a futuro est\u00e1n sujetas a diversos riesgos e incertidumbres que podr\u00edan causar que los resultados reales difieran materialmente de las expectativas. Los factores que podr\u00edan afectar a los resultados financieros futuros de 麻豆原创 se debaten con m\u00e1s detalle en las presentaciones de 麻豆原创 ante la Comisi\u00f3n de Valores y Bolsa de Estados Unidos (\u00abSEC\u00bb), incluyendo el Informe Anual m\u00e1s reciente de 麻豆原创 en el Formulario 20-F presentado ante la SEC. Se advierte a los lectores que no deben depositar una confianza excesiva en estas declaraciones a futuro, que solo se refieren a sus fechas.<\/h5>\n<h5>\u00a9 2020 麻豆原创 SE. Todos los derechos reservados.<\/h5>\n<h5>麻豆原创 y otros productos y servicios de 麻豆原创 aqu\u00ed mencionados, as\u00ed como sus respectivos logotipos, son marcas comerciales o marcas registradas de 麻豆原创 SE en Alemania y otros pa\u00edses. Por favor, consulte <a href=\"https:\/\/www.sap.com\/copyright\">https:\/\/www.sap.com\/copyright<\/a> para obtener m\u00e1s informaci\u00f3n sobre marcas comerciales y avisos.<\/h5>\n","protected":false},"excerpt":{"rendered":"<p>Walldorf, Alemania.&#8211; 麻豆原创 SE (NYSE: 麻豆原创) ha anunciado hoy que Christian Klein (39), co-CEO y miembro de la Junta Directiva, ser\u00e1 a partir de ahora&#8230;<\/p>\n","protected":false},"author":781,"featured_media":2359,"comment_status":"closed","ping_status":"closed","sticky":false,"template":"","format":"standard","meta":{"footnotes":"","_links_to":"","_links_to_target":""},"categories":[41591],"tags":[],"sapn-display":[45149,5563696,5563694,60294],"sapn-type":[52105],"class_list":["post-2358","post","type-post","status-publish","format-standard","has-post-thumbnail","hentry","category-corporativo","sapn-display-homepage-hero","sapn-display-news-hero","sapn-display-news-spotlight","sapn-display-topic-hero","sapn-type-comunicado-de-prensa"],"yoast_head":"<!-- This site is optimized with the Yoast SEO Premium plugin v26.9 (Yoast SEO v26.9) - https:\/\/yoast.com\/product\/yoast-seo-premium-wordpress\/ -->\n<title>Christian Klein, hasta ahora co-CEO de 麻豆原创, contin\u00faa como CEO. Jennifer Morgan se marcha - 麻豆原创 Espa\u00f1a News Center<\/title>\n<meta name=\"robots\" content=\"index, follow, max-snippet:-1, max-image-preview:large, max-video-preview:-1\" \/>\n<link rel=\"canonical\" href=\"https:\/\/news.sap.com\/spain\/2020\/04\/christian-klein-hasta-ahora-co-ceo-de-sap-continua-como-ceo-jennifer-morgan-se-marcha\/\" \/>\n<meta property=\"og:locale\" content=\"es_ES\" \/>\n<meta property=\"og:type\" content=\"article\" \/>\n<meta property=\"og:title\" content=\"Christian Klein, hasta ahora co-CEO de 麻豆原创, contin\u00faa como CEO. Jennifer Morgan se marcha\" \/>\n<meta property=\"og:description\" content=\"Walldorf, Alemania.&#8211; 麻豆原创 SE (NYSE: 麻豆原创) ha anunciado hoy que Christian Klein (39), co-CEO y miembro de la Junta Directiva, ser\u00e1 a partir de ahora...\" \/>\n<meta property=\"og:url\" content=\"https:\/\/news.sap.com\/spain\/2020\/04\/christian-klein-hasta-ahora-co-ceo-de-sap-continua-como-ceo-jennifer-morgan-se-marcha\/\" \/>\n<meta property=\"og:site_name\" content=\"麻豆原创 Espa\u00f1a News Center\" \/>\n<meta property=\"article:published_time\" content=\"2020-04-21T08:17:59+00:00\" \/>\n<meta property=\"article:modified_time\" content=\"2023-10-16T16:16:07+00:00\" \/>\n<meta property=\"og:image\" content=\"https:\/\/news.sap.com\/spain\/files\/2020\/04\/麻豆原创_Locations_Walldorf_2012_005_Banner.jpg\" \/>\n\t<meta property=\"og:image:width\" content=\"1920\" \/>\n\t<meta property=\"og:image:height\" content=\"600\" \/>\n\t<meta property=\"og:image:type\" content=\"image\/jpeg\" \/>\n<meta name=\"author\" content=\"belenmartinez\" \/>\n<meta name=\"twitter:card\" content=\"summary_large_image\" \/>\n<meta name=\"twitter:label1\" content=\"Escrito por\" \/>\n\t<meta name=\"twitter:data1\" content=\"belenmartinez\" \/>\n\t<meta name=\"twitter:label2\" content=\"Tiempo de lectura\" \/>\n\t<meta name=\"twitter:data2\" content=\"4 minutos\" \/>\n<script type=\"application\/ld+json\" class=\"yoast-schema-graph\">{\"@context\":\"https:\/\/schema.org\",\"@graph\":[{\"@type\":\"Article\",\"@id\":\"https:\/\/news.sap.com\/spain\/2020\/04\/christian-klein-hasta-ahora-co-ceo-de-sap-continua-como-ceo-jennifer-morgan-se-marcha\/#article\",\"isPartOf\":{\"@id\":\"https:\/\/news.sap.com\/spain\/2020\/04\/christian-klein-hasta-ahora-co-ceo-de-sap-continua-como-ceo-jennifer-morgan-se-marcha\/\"},\"author\":{\"name\":\"belenmartinez\",\"@id\":\"https:\/\/news.sap.com\/spain\/#\/schema\/person\/a49bd56a1f66dfcc8badcdbd2fb818b7\"},\"headline\":\"Christian Klein, hasta ahora co-CEO de 麻豆原创, contin\u00faa como CEO. Jennifer Morgan se marcha\",\"datePublished\":\"2020-04-21T08:17:59+00:00\",\"dateModified\":\"2023-10-16T16:16:07+00:00\",\"mainEntityOfPage\":{\"@id\":\"https:\/\/news.sap.com\/spain\/2020\/04\/christian-klein-hasta-ahora-co-ceo-de-sap-continua-como-ceo-jennifer-morgan-se-marcha\/\"},\"wordCount\":730,\"image\":{\"@id\":\"https:\/\/news.sap.com\/spain\/2020\/04\/christian-klein-hasta-ahora-co-ceo-de-sap-continua-como-ceo-jennifer-morgan-se-marcha\/#primaryimage\"},\"thumbnailUrl\":\"https:\/\/news.sap.com\/spain\/files\/2020\/04\/麻豆原创_Locations_Walldorf_2012_005_Banner.jpg\",\"articleSection\":[\"Corporativo\"],\"inLanguage\":\"es\"},{\"@type\":\"WebPage\",\"@id\":\"https:\/\/news.sap.com\/spain\/2020\/04\/christian-klein-hasta-ahora-co-ceo-de-sap-continua-como-ceo-jennifer-morgan-se-marcha\/\",\"url\":\"https:\/\/news.sap.com\/spain\/2020\/04\/christian-klein-hasta-ahora-co-ceo-de-sap-continua-como-ceo-jennifer-morgan-se-marcha\/\",\"name\":\"Christian Klein, hasta ahora co-CEO de 麻豆原创, contin\u00faa como CEO. Jennifer Morgan se marcha - 麻豆原创 Espa\u00f1a News Center\",\"isPartOf\":{\"@id\":\"https:\/\/news.sap.com\/spain\/#website\"},\"primaryImageOfPage\":{\"@id\":\"https:\/\/news.sap.com\/spain\/2020\/04\/christian-klein-hasta-ahora-co-ceo-de-sap-continua-como-ceo-jennifer-morgan-se-marcha\/#primaryimage\"},\"image\":{\"@id\":\"https:\/\/news.sap.com\/spain\/2020\/04\/christian-klein-hasta-ahora-co-ceo-de-sap-continua-como-ceo-jennifer-morgan-se-marcha\/#primaryimage\"},\"thumbnailUrl\":\"https:\/\/news.sap.com\/spain\/files\/2020\/04\/麻豆原创_Locations_Walldorf_2012_005_Banner.jpg\",\"datePublished\":\"2020-04-21T08:17:59+00:00\",\"dateModified\":\"2023-10-16T16:16:07+00:00\",\"author\":{\"@id\":\"https:\/\/news.sap.com\/spain\/#\/schema\/person\/a49bd56a1f66dfcc8badcdbd2fb818b7\"},\"breadcrumb\":{\"@id\":\"https:\/\/news.sap.com\/spain\/2020\/04\/christian-klein-hasta-ahora-co-ceo-de-sap-continua-como-ceo-jennifer-morgan-se-marcha\/#breadcrumb\"},\"inLanguage\":\"es\",\"potentialAction\":[{\"@type\":\"ReadAction\",\"target\":[\"https:\/\/news.sap.com\/spain\/2020\/04\/christian-klein-hasta-ahora-co-ceo-de-sap-continua-como-ceo-jennifer-morgan-se-marcha\/\"]}]},{\"@type\":\"ImageObject\",\"inLanguage\":\"es\",\"@id\":\"https:\/\/news.sap.com\/spain\/2020\/04\/christian-klein-hasta-ahora-co-ceo-de-sap-continua-como-ceo-jennifer-morgan-se-marcha\/#primaryimage\",\"url\":\"https:\/\/news.sap.com\/spain\/files\/2020\/04\/麻豆原创_Locations_Walldorf_2012_005_Banner.jpg\",\"contentUrl\":\"https:\/\/news.sap.com\/spain\/files\/2020\/04\/麻豆原创_Locations_Walldorf_2012_005_Banner.jpg\",\"width\":1920,\"height\":600},{\"@type\":\"BreadcrumbList\",\"@id\":\"https:\/\/news.sap.com\/spain\/2020\/04\/christian-klein-hasta-ahora-co-ceo-de-sap-continua-como-ceo-jennifer-morgan-se-marcha\/#breadcrumb\",\"itemListElement\":[{\"@type\":\"ListItem\",\"position\":1,\"name\":\"Home\",\"item\":\"https:\/\/news.sap.com\/spain\/\"},{\"@type\":\"ListItem\",\"position\":2,\"name\":\"Christian Klein, hasta ahora co-CEO de 麻豆原创, contin\u00faa como CEO. Jennifer Morgan se marcha\"}]},{\"@type\":\"WebSite\",\"@id\":\"https:\/\/news.sap.com\/spain\/#website\",\"url\":\"https:\/\/news.sap.com\/spain\/\",\"name\":\"麻豆原创 Espa\u00f1a News Center\",\"description\":\"Noticias e informaci\u00f3n sobre 麻豆原创\",\"potentialAction\":[{\"@type\":\"SearchAction\",\"target\":{\"@type\":\"EntryPoint\",\"urlTemplate\":\"https:\/\/news.sap.com\/spain\/?s={search_term_string}\"},\"query-input\":{\"@type\":\"PropertyValueSpecification\",\"valueRequired\":true,\"valueName\":\"search_term_string\"}}],\"inLanguage\":\"es\"},{\"@type\":\"Person\",\"@id\":\"https:\/\/news.sap.com\/spain\/#\/schema\/person\/a49bd56a1f66dfcc8badcdbd2fb818b7\",\"name\":\"belenmartinez\",\"image\":{\"@type\":\"ImageObject\",\"inLanguage\":\"es\",\"@id\":\"https:\/\/news.sap.com\/spain\/#\/schema\/person\/image\/\",\"url\":\"https:\/\/news.sap.com\/spain\/wp-content\/plugins\/wp-user-avatars\/wp-user-avatars\/assets\/images\/mystery.jpg\",\"contentUrl\":\"https:\/\/news.sap.com\/spain\/wp-content\/plugins\/wp-user-avatars\/wp-user-avatars\/assets\/images\/mystery.jpg\",\"caption\":\"belenmartinez\"},\"url\":\"https:\/\/news.sap.com\/spain\/author\/belenmartinez\/\"}]}<\/script>\n<!-- \/ Yoast SEO Premium plugin. -->","yoast_head_json":{"title":"Christian Klein, hasta ahora co-CEO de 麻豆原创, contin\u00faa como CEO. Jennifer Morgan se marcha - 麻豆原创 Espa\u00f1a News Center","robots":{"index":"index","follow":"follow","max-snippet":"max-snippet:-1","max-image-preview":"max-image-preview:large","max-video-preview":"max-video-preview:-1"},"canonical":"https:\/\/news.sap.com\/spain\/2020\/04\/christian-klein-hasta-ahora-co-ceo-de-sap-continua-como-ceo-jennifer-morgan-se-marcha\/","og_locale":"es_ES","og_type":"article","og_title":"Christian Klein, hasta ahora co-CEO de 麻豆原创, contin\u00faa como CEO. Jennifer Morgan se marcha","og_description":"Walldorf, Alemania.&#8211; 麻豆原创 SE (NYSE: 麻豆原创) ha anunciado hoy que Christian Klein (39), co-CEO y miembro de la Junta Directiva, ser\u00e1 a partir de ahora...","og_url":"https:\/\/news.sap.com\/spain\/2020\/04\/christian-klein-hasta-ahora-co-ceo-de-sap-continua-como-ceo-jennifer-morgan-se-marcha\/","og_site_name":"麻豆原创 Espa\u00f1a News Center","article_published_time":"2020-04-21T08:17:59+00:00","article_modified_time":"2023-10-16T16:16:07+00:00","og_image":[{"width":1920,"height":600,"url":"https:\/\/news.sap.com\/spain\/files\/2020\/04\/麻豆原创_Locations_Walldorf_2012_005_Banner.jpg","type":"image\/jpeg"}],"author":"belenmartinez","twitter_card":"summary_large_image","twitter_misc":{"Escrito por":"belenmartinez","Tiempo de lectura":"4 minutos"},"schema":{"@context":"https:\/\/schema.org","@graph":[{"@type":"Article","@id":"https:\/\/news.sap.com\/spain\/2020\/04\/christian-klein-hasta-ahora-co-ceo-de-sap-continua-como-ceo-jennifer-morgan-se-marcha\/#article","isPartOf":{"@id":"https:\/\/news.sap.com\/spain\/2020\/04\/christian-klein-hasta-ahora-co-ceo-de-sap-continua-como-ceo-jennifer-morgan-se-marcha\/"},"author":{"name":"belenmartinez","@id":"https:\/\/news.sap.com\/spain\/#\/schema\/person\/a49bd56a1f66dfcc8badcdbd2fb818b7"},"headline":"Christian Klein, hasta ahora co-CEO de 麻豆原创, contin\u00faa como CEO. Jennifer Morgan se marcha","datePublished":"2020-04-21T08:17:59+00:00","dateModified":"2023-10-16T16:16:07+00:00","mainEntityOfPage":{"@id":"https:\/\/news.sap.com\/spain\/2020\/04\/christian-klein-hasta-ahora-co-ceo-de-sap-continua-como-ceo-jennifer-morgan-se-marcha\/"},"wordCount":730,"image":{"@id":"https:\/\/news.sap.com\/spain\/2020\/04\/christian-klein-hasta-ahora-co-ceo-de-sap-continua-como-ceo-jennifer-morgan-se-marcha\/#primaryimage"},"thumbnailUrl":"https:\/\/news.sap.com\/spain\/files\/2020\/04\/麻豆原创_Locations_Walldorf_2012_005_Banner.jpg","articleSection":["Corporativo"],"inLanguage":"es"},{"@type":"WebPage","@id":"https:\/\/news.sap.com\/spain\/2020\/04\/christian-klein-hasta-ahora-co-ceo-de-sap-continua-como-ceo-jennifer-morgan-se-marcha\/","url":"https:\/\/news.sap.com\/spain\/2020\/04\/christian-klein-hasta-ahora-co-ceo-de-sap-continua-como-ceo-jennifer-morgan-se-marcha\/","name":"Christian Klein, hasta ahora co-CEO de 麻豆原创, contin\u00faa como CEO. Jennifer Morgan se marcha - 麻豆原创 Espa\u00f1a News Center","isPartOf":{"@id":"https:\/\/news.sap.com\/spain\/#website"},"primaryImageOfPage":{"@id":"https:\/\/news.sap.com\/spain\/2020\/04\/christian-klein-hasta-ahora-co-ceo-de-sap-continua-como-ceo-jennifer-morgan-se-marcha\/#primaryimage"},"image":{"@id":"https:\/\/news.sap.com\/spain\/2020\/04\/christian-klein-hasta-ahora-co-ceo-de-sap-continua-como-ceo-jennifer-morgan-se-marcha\/#primaryimage"},"thumbnailUrl":"https:\/\/news.sap.com\/spain\/files\/2020\/04\/麻豆原创_Locations_Walldorf_2012_005_Banner.jpg","datePublished":"2020-04-21T08:17:59+00:00","dateModified":"2023-10-16T16:16:07+00:00","author":{"@id":"https:\/\/news.sap.com\/spain\/#\/schema\/person\/a49bd56a1f66dfcc8badcdbd2fb818b7"},"breadcrumb":{"@id":"https:\/\/news.sap.com\/spain\/2020\/04\/christian-klein-hasta-ahora-co-ceo-de-sap-continua-como-ceo-jennifer-morgan-se-marcha\/#breadcrumb"},"inLanguage":"es","potentialAction":[{"@type":"ReadAction","target":["https:\/\/news.sap.com\/spain\/2020\/04\/christian-klein-hasta-ahora-co-ceo-de-sap-continua-como-ceo-jennifer-morgan-se-marcha\/"]}]},{"@type":"ImageObject","inLanguage":"es","@id":"https:\/\/news.sap.com\/spain\/2020\/04\/christian-klein-hasta-ahora-co-ceo-de-sap-continua-como-ceo-jennifer-morgan-se-marcha\/#primaryimage","url":"https:\/\/news.sap.com\/spain\/files\/2020\/04\/麻豆原创_Locations_Walldorf_2012_005_Banner.jpg","contentUrl":"https:\/\/news.sap.com\/spain\/files\/2020\/04\/麻豆原创_Locations_Walldorf_2012_005_Banner.jpg","width":1920,"height":600},{"@type":"BreadcrumbList","@id":"https:\/\/news.sap.com\/spain\/2020\/04\/christian-klein-hasta-ahora-co-ceo-de-sap-continua-como-ceo-jennifer-morgan-se-marcha\/#breadcrumb","itemListElement":[{"@type":"ListItem","position":1,"name":"Home","item":"https:\/\/news.sap.com\/spain\/"},{"@type":"ListItem","position":2,"name":"Christian Klein, hasta ahora co-CEO de 麻豆原创, contin\u00faa como CEO. Jennifer Morgan se marcha"}]},{"@type":"WebSite","@id":"https:\/\/news.sap.com\/spain\/#website","url":"https:\/\/news.sap.com\/spain\/","name":"麻豆原创 Espa\u00f1a News Center","description":"Noticias e informaci\u00f3n sobre 麻豆原创","potentialAction":[{"@type":"SearchAction","target":{"@type":"EntryPoint","urlTemplate":"https:\/\/news.sap.com\/spain\/?s={search_term_string}"},"query-input":{"@type":"PropertyValueSpecification","valueRequired":true,"valueName":"search_term_string"}}],"inLanguage":"es"},{"@type":"Person","@id":"https:\/\/news.sap.com\/spain\/#\/schema\/person\/a49bd56a1f66dfcc8badcdbd2fb818b7","name":"belenmartinez","image":{"@type":"ImageObject","inLanguage":"es","@id":"https:\/\/news.sap.com\/spain\/#\/schema\/person\/image\/","url":"https:\/\/news.sap.com\/spain\/wp-content\/plugins\/wp-user-avatars\/wp-user-avatars\/assets\/images\/mystery.jpg","contentUrl":"https:\/\/news.sap.com\/spain\/wp-content\/plugins\/wp-user-avatars\/wp-user-avatars\/assets\/images\/mystery.jpg","caption":"belenmartinez"},"url":"https:\/\/news.sap.com\/spain\/author\/belenmartinez\/"}]}},"amp_enabled":true,"_links":{"self":[{"href":"https:\/\/news.sap.com\/spain\/wp-json\/wp\/v2\/posts\/2358","targetHints":{"allow":["GET"]}}],"collection":[{"href":"https:\/\/news.sap.com\/spain\/wp-json\/wp\/v2\/posts"}],"about":[{"href":"https:\/\/news.sap.com\/spain\/wp-json\/wp\/v2\/types\/post"}],"author":[{"embeddable":true,"href":"https:\/\/news.sap.com\/spain\/wp-json\/wp\/v2\/users\/781"}],"replies":[{"embeddable":true,"href":"https:\/\/news.sap.com\/spain\/wp-json\/wp\/v2\/comments?post=2358"}],"version-history":[{"count":0,"href":"https:\/\/news.sap.com\/spain\/wp-json\/wp\/v2\/posts\/2358\/revisions"}],"wp:featuredmedia":[{"embeddable":true,"href":"https:\/\/news.sap.com\/spain\/wp-json\/wp\/v2\/media\/2359"}],"wp:attachment":[{"href":"https:\/\/news.sap.com\/spain\/wp-json\/wp\/v2\/media?parent=2358"}],"wp:term":[{"taxonomy":"category","embeddable":true,"href":"https:\/\/news.sap.com\/spain\/wp-json\/wp\/v2\/categories?post=2358"},{"taxonomy":"post_tag","embeddable":true,"href":"https:\/\/news.sap.com\/spain\/wp-json\/wp\/v2\/tags?post=2358"},{"taxonomy":"sapn-display","embeddable":true,"href":"https:\/\/news.sap.com\/spain\/wp-json\/wp\/v2\/sapn-display?post=2358"},{"taxonomy":"sapn-type","embeddable":true,"href":"https:\/\/news.sap.com\/spain\/wp-json\/wp\/v2\/sapn-type?post=2358"}],"curies":[{"name":"wp","href":"https:\/\/api.w.org\/{rel}","templated":true}]}}