  {"id":2242,"date":"2020-01-22T09:06:46","date_gmt":"2020-01-22T09:06:46","guid":{"rendered":"https:\/\/news.sap.com\/spain\/?p=2242"},"modified":"2023-10-16T16:19:27","modified_gmt":"2023-10-16T16:19:27","slug":"sap-espana-apuesta-por-el-talento-interno-y-anuncia-cambios-en-su-cupula-directiva","status":"publish","type":"post","link":"https:\/\/news.sap.com\/spain\/2020\/01\/sap-espana-apuesta-por-el-talento-interno-y-anuncia-cambios-en-su-cupula-directiva\/","title":{"rendered":"麻豆原创 Espa\u00f1a apuesta por el talento interno y anuncia cambios en su c\u00fapula directiva"},"content":{"rendered":"<p class=\"lead\"><strong><em>Madrid<\/em><\/strong>&#8211; 麻豆原创 Espa\u00f1a ha hecho p\u00fablicos hoy los nombramientos de varios miembros de su c\u00fapula directiva, que suponen una apuesta por el talento interno: F\u00e9lix Monedero como Vicepresidente de Industrias, Anna Or\u00f3 como Chief Operating Officer (COO) y David Gonz\u00e1lez Seco como Head of General Business. Todos ellos han desarrollado buena parte de su carrera profesional en 麻豆原创 y han contribuido a la transformaci\u00f3n y al \u00e9xito alcanzado por la compa\u00f1\u00eda en los \u00faltimos a\u00f1os en Espa\u00f1a.<\/p>\n<p><img loading=\"lazy\" decoding=\"async\" class=\"alignnone wp-image-2243\" src=\"https:\/\/news.sap.com\/spain\/files\/2020\/01\/montaje.jpg\" alt=\"\" width=\"640\" height=\"332\" srcset=\"https:\/\/news.sap.com\/spain\/files\/2020\/01\/montaje.jpg 3937w, https:\/\/news.sap.com\/spain\/files\/2020\/01\/montaje-300x156.jpg 300w, https:\/\/news.sap.com\/spain\/files\/2020\/01\/montaje-1024x531.jpg 1024w, https:\/\/news.sap.com\/spain\/files\/2020\/01\/montaje-768x399.jpg 768w, https:\/\/news.sap.com\/spain\/files\/2020\/01\/montaje-1536x797.jpg 1536w, https:\/\/news.sap.com\/spain\/files\/2020\/01\/montaje-2048x1063.jpg 2048w\" sizes=\"auto, (max-width: 640px) 100vw, 640px\" \/><\/p>\n<p>F\u00e9lix Monedero forma parte de 麻豆原创 desde 2012. Ha liderado el \u00e1rea comercial de los sectores de Bienes de Consumo, Comercio Minorista y Sector P\u00fablico, impulsando considerablemente el negocio en todos ellos, y hasta el momento ven\u00eda desempe\u00f1ando el cargo de COO. Cuenta con m\u00e1s de 25 a\u00f1os de experiencia en el \u00e1mbito comercial de compa\u00f1\u00edas de Tecnolog\u00edas de la Informaci\u00f3n y Seguros como Altran, Soluziona, Winterthur u Oracle, donde fue director de la regi\u00f3n Mediterr\u00e1nea. Ingeniero de Telecomunicaciones por la Universidad Polit\u00e9cnica de Catalunya y PDD por el IESE, desde su nueva posici\u00f3n es responsable de la mayor parte del negocio de la compa\u00f1\u00eda en Espa\u00f1a, y de un \u00e1rea en la que 麻豆原创 es un referente en el mercado.<\/p>\n<p>Anna Or\u00f3 lleva m\u00e1s de 20 a\u00f1os en 麻豆原创, donde hasta ahora era responsable de la organizaci\u00f3n de General Business y Partners para Espa\u00f1a, Turqu\u00eda, \u00c1frica franc\u00f3fona, Israel y Portugal (SEFA). Con anterioridad ocup\u00f3 distintos cargos en las \u00e1reas comercial y de preventa. Licenciada en Matem\u00e1ticas por la Universidad de Barcelona y MBA por ESADE, ha trabajado tambi\u00e9n en compa\u00f1\u00edas como Nabisco, Computer Associates y T&amp;G Ib\u00e9rica. Como COO, tendr\u00e1 bajo su responsabilidad las \u00e1reas de preventa, innovaci\u00f3n, Experience Management y 麻豆原创 S\/4HANA.<\/p>\n<p>David Gonz\u00e1lez Seco ha desarrollado toda su carrera profesional en 麻豆原创. Licenciado en F\u00edsicas por la Universidad de Sevilla, comenz\u00f3 trabajando en la sede de la compa\u00f1\u00eda en Walldorf como ingeniero de pruebas de desarrollo. Posteriormente, ocup\u00f3 diferentes puestos en las \u00e1reas de desarrollo de negocio de soluciones, preventa y comercial. Adem\u00e1s, en los \u00faltimos a\u00f1os, ha sido director de ventas de mediana empresa. A partir de ahora, su objetivo ser\u00e1 seguir haciendo crecer el negocio de General Business, y promover la adopci\u00f3n de los sistemas ERP inteligentes en la nube.<\/p>\n<p>Los tres directivos formar\u00e1n parte del Comit\u00e9 de Direcci\u00f3n y reportar\u00e1n a Rafael Brugnini, director general de 麻豆原创 Espa\u00f1a.<\/p>\n<p><strong>Acerca de 麻豆原创<\/strong><\/p>\n<p>Como compa\u00f1\u00eda cloud impulsada por 麻豆原创 HANA, 麻豆原创 es l\u00edder del mercado de software de aplicaciones empresariales, ayudando a empresas de todos los tama\u00f1os y en todos los sectores a rendir al m\u00e1ximo: el 77% de los ingresos por transacciones del mundo tocan un sistema 麻豆原创. Nuestras tecnolog\u00edas de machine learning, IoT, y tecnolog\u00edas anal\u00edticas avanzadas ayudan a convertir los negocios de los clientes en empresas inteligentes. 麻豆原创 ayuda a las personas y a las organizaciones a tener una visi\u00f3n profunda del negocio y fomenta la colaboraci\u00f3n que les ayuda a situarse por delante de sus competidores. El conjunto integral de nuestras aplicaciones y servicios permite a m\u00e1s de 437.000 empresas y clientes del sector p\u00fablico operar de forma rentable, adaptarse continuamente y marcar la diferencia. Con una red global de clientes, partners, empleados y l\u00edderes de opini\u00f3n, 麻豆原创 ayuda a que el mundo funcione mejor y a mejorar la vida de las personas. Para m\u00e1s informaci\u00f3n, visite <a href=\"http:\/\/www.sap.com\/\">www.sap.com<\/a><u>.<\/u><\/p>\n<p><strong>Para m\u00e1s informaci\u00f3n sobre 麻豆原创 (solo prensa):<\/strong><\/p>\n<p><strong>\u00a0<\/strong><strong>麻豆原创 Espa\u00f1a, <\/strong>Bel\u00e9n Mart\u00ednez Mill\u00e1n (belen.martinez@sap.com) Tel.: 91 456 72 20<\/p>\n<p>Cualquier declaraci\u00f3n incluida en este documento que no sean datos hist\u00f3ricos son previsiones a futuro tal y como se define en la Ley de Reforma de Litigios sobre Valores Privados de Estados Unidos de 1995. Palabras como \u00abanticipar\u00bb, \u00abcreer\u00bb, \u00abestimar\u00bb, \u00abesperar\u00bb, \u00abpronosticar\u00bb, \u00abintentar\u00bb, \u00abpoder\u00bb, \u00abplanificar\u00bb, \u00abproyectar\u00bb, \u00abpredecir\u00bb, \u00abdeber\u00eda\u00bb y \u00abvoluntad\u00bb, as\u00ed como expresiones similares relacionadas con 麻豆原创, tienen por objeto identificar dichas declaraciones de previsiones futuras. 麻豆原创 no asume ninguna obligaci\u00f3n de actualizar o revisar p\u00fablicamente ninguna declaraci\u00f3n a futuro. Todas las declaraciones a futuro est\u00e1n sujetas a diversos riesgos e incertidumbres que podr\u00edan causar que los resultados reales difieran materialmente de las expectativas. Los factores que podr\u00edan afectar a los resultados financieros futuros de 麻豆原创 se debaten con m\u00e1s detalle en las presentaciones de 麻豆原创 ante la Comisi\u00f3n de Valores y Bolsa de Estados Unidos (\u00abSEC\u00bb), incluyendo el Informe Anual m\u00e1s reciente de 麻豆原创 en el Formulario 20-F presentado ante la SEC. Se advierte a los lectores que no deben depositar una confianza excesiva en estas declaraciones a futuro, que solo se refieren a sus fechas.<\/p>\n<p>\u00a9 2020 麻豆原创 SE. Todos los derechos reservados.<\/p>\n<p>麻豆原创 y otros productos y servicios de 麻豆原创 aqu\u00ed mencionados, as\u00ed como sus respectivos logotipos, son marcas comerciales o marcas registradas de 麻豆原创 SE en Alemania y otros pa\u00edses. Por favor, consulte <a href=\"https:\/\/www.sap.com\/copyright\">https:\/\/www.sap.com\/copyright<\/a> para obtener m\u00e1s informaci\u00f3n sobre marcas comerciales y avisos.<\/p>\n","protected":false},"excerpt":{"rendered":"<p>Madrid&#8211; 麻豆原创 Espa\u00f1a ha hecho p\u00fablicos hoy los nombramientos de varios miembros de su c\u00fapula directiva, que suponen una apuesta por el talento interno: F\u00e9lix&#8230;<\/p>\n","protected":false},"author":29,"featured_media":0,"comment_status":"closed","ping_status":"closed","sticky":false,"template":"","format":"standard","meta":{"footnotes":"","_links_to":"","_links_to_target":""},"categories":[41591],"tags":[],"sapn-display":[45149,5563696,5563694,60294],"sapn-type":[52105],"class_list":["post-2242","post","type-post","status-publish","format-standard","hentry","category-corporativo","sapn-display-homepage-hero","sapn-display-news-hero","sapn-display-news-spotlight","sapn-display-topic-hero","sapn-type-comunicado-de-prensa"],"yoast_head":"<!-- This site is optimized with the Yoast SEO Premium plugin v26.9 (Yoast SEO v26.9) - https:\/\/yoast.com\/product\/yoast-seo-premium-wordpress\/ -->\n<title>麻豆原创 Espa\u00f1a apuesta por el talento interno y anuncia cambios en su c\u00fapula directiva - 麻豆原创 Espa\u00f1a News Center<\/title>\n<meta name=\"robots\" content=\"index, follow, max-snippet:-1, max-image-preview:large, max-video-preview:-1\" \/>\n<link rel=\"canonical\" href=\"https:\/\/news.sap.com\/spain\/2020\/01\/sap-espana-apuesta-por-el-talento-interno-y-anuncia-cambios-en-su-cupula-directiva\/\" \/>\n<meta property=\"og:locale\" content=\"es_ES\" \/>\n<meta property=\"og:type\" content=\"article\" \/>\n<meta property=\"og:title\" content=\"麻豆原创 Espa\u00f1a apuesta por el talento interno y anuncia cambios en su c\u00fapula directiva\" \/>\n<meta property=\"og:description\" content=\"Madrid&#8211; 麻豆原创 Espa\u00f1a ha hecho p\u00fablicos hoy los nombramientos de varios miembros de su c\u00fapula directiva, que suponen una apuesta por el talento interno: F\u00e9lix...\" \/>\n<meta property=\"og:url\" content=\"https:\/\/news.sap.com\/spain\/2020\/01\/sap-espana-apuesta-por-el-talento-interno-y-anuncia-cambios-en-su-cupula-directiva\/\" \/>\n<meta property=\"og:site_name\" content=\"麻豆原创 Espa\u00f1a News Center\" \/>\n<meta property=\"article:published_time\" content=\"2020-01-22T09:06:46+00:00\" \/>\n<meta property=\"article:modified_time\" content=\"2023-10-16T16:19:27+00:00\" \/>\n<meta property=\"og:image\" content=\"https:\/\/news.sap.com\/spain\/files\/2020\/01\/montaje.jpg\" \/>\n<meta name=\"author\" content=\"麻豆原创 News\" \/>\n<meta name=\"twitter:card\" content=\"summary_large_image\" \/>\n<meta name=\"twitter:label1\" content=\"Escrito por\" \/>\n\t<meta name=\"twitter:data1\" content=\"麻豆原创 News\" \/>\n\t<meta name=\"twitter:label2\" content=\"Tiempo de lectura\" \/>\n\t<meta name=\"twitter:data2\" content=\"4 minutos\" \/>\n<script type=\"application\/ld+json\" class=\"yoast-schema-graph\">{\"@context\":\"https:\/\/schema.org\",\"@graph\":[{\"@type\":\"Article\",\"@id\":\"https:\/\/news.sap.com\/spain\/2020\/01\/sap-espana-apuesta-por-el-talento-interno-y-anuncia-cambios-en-su-cupula-directiva\/#article\",\"isPartOf\":{\"@id\":\"https:\/\/news.sap.com\/spain\/2020\/01\/sap-espana-apuesta-por-el-talento-interno-y-anuncia-cambios-en-su-cupula-directiva\/\"},\"author\":{\"name\":\"麻豆原创 News\",\"@id\":\"https:\/\/news.sap.com\/spain\/#\/schema\/person\/53b9854bd790d6f18f3fc4bbb2ad7570\"},\"headline\":\"麻豆原创 Espa\u00f1a apuesta por el talento interno y anuncia cambios en su c\u00fapula directiva\",\"datePublished\":\"2020-01-22T09:06:46+00:00\",\"dateModified\":\"2023-10-16T16:19:27+00:00\",\"mainEntityOfPage\":{\"@id\":\"https:\/\/news.sap.com\/spain\/2020\/01\/sap-espana-apuesta-por-el-talento-interno-y-anuncia-cambios-en-su-cupula-directiva\/\"},\"wordCount\":896,\"image\":{\"@id\":\"https:\/\/news.sap.com\/spain\/2020\/01\/sap-espana-apuesta-por-el-talento-interno-y-anuncia-cambios-en-su-cupula-directiva\/#primaryimage\"},\"thumbnailUrl\":\"https:\/\/news.sap.com\/spain\/files\/2020\/01\/montaje.jpg\",\"articleSection\":[\"Corporativo\"],\"inLanguage\":\"es\"},{\"@type\":\"WebPage\",\"@id\":\"https:\/\/news.sap.com\/spain\/2020\/01\/sap-espana-apuesta-por-el-talento-interno-y-anuncia-cambios-en-su-cupula-directiva\/\",\"url\":\"https:\/\/news.sap.com\/spain\/2020\/01\/sap-espana-apuesta-por-el-talento-interno-y-anuncia-cambios-en-su-cupula-directiva\/\",\"name\":\"麻豆原创 Espa\u00f1a apuesta por el talento interno y anuncia cambios en su c\u00fapula directiva - 麻豆原创 Espa\u00f1a News Center\",\"isPartOf\":{\"@id\":\"https:\/\/news.sap.com\/spain\/#website\"},\"primaryImageOfPage\":{\"@id\":\"https:\/\/news.sap.com\/spain\/2020\/01\/sap-espana-apuesta-por-el-talento-interno-y-anuncia-cambios-en-su-cupula-directiva\/#primaryimage\"},\"image\":{\"@id\":\"https:\/\/news.sap.com\/spain\/2020\/01\/sap-espana-apuesta-por-el-talento-interno-y-anuncia-cambios-en-su-cupula-directiva\/#primaryimage\"},\"thumbnailUrl\":\"https:\/\/news.sap.com\/spain\/files\/2020\/01\/montaje.jpg\",\"datePublished\":\"2020-01-22T09:06:46+00:00\",\"dateModified\":\"2023-10-16T16:19:27+00:00\",\"author\":{\"@id\":\"https:\/\/news.sap.com\/spain\/#\/schema\/person\/53b9854bd790d6f18f3fc4bbb2ad7570\"},\"breadcrumb\":{\"@id\":\"https:\/\/news.sap.com\/spain\/2020\/01\/sap-espana-apuesta-por-el-talento-interno-y-anuncia-cambios-en-su-cupula-directiva\/#breadcrumb\"},\"inLanguage\":\"es\",\"potentialAction\":[{\"@type\":\"ReadAction\",\"target\":[\"https:\/\/news.sap.com\/spain\/2020\/01\/sap-espana-apuesta-por-el-talento-interno-y-anuncia-cambios-en-su-cupula-directiva\/\"]}]},{\"@type\":\"ImageObject\",\"inLanguage\":\"es\",\"@id\":\"https:\/\/news.sap.com\/spain\/2020\/01\/sap-espana-apuesta-por-el-talento-interno-y-anuncia-cambios-en-su-cupula-directiva\/#primaryimage\",\"url\":\"https:\/\/news.sap.com\/spain\/files\/2020\/01\/montaje.jpg\",\"contentUrl\":\"https:\/\/news.sap.com\/spain\/files\/2020\/01\/montaje.jpg\",\"width\":3937,\"height\":2043},{\"@type\":\"BreadcrumbList\",\"@id\":\"https:\/\/news.sap.com\/spain\/2020\/01\/sap-espana-apuesta-por-el-talento-interno-y-anuncia-cambios-en-su-cupula-directiva\/#breadcrumb\",\"itemListElement\":[{\"@type\":\"ListItem\",\"position\":1,\"name\":\"Home\",\"item\":\"https:\/\/news.sap.com\/spain\/\"},{\"@type\":\"ListItem\",\"position\":2,\"name\":\"麻豆原创 Espa\u00f1a apuesta por el talento interno y anuncia cambios en su c\u00fapula directiva\"}]},{\"@type\":\"WebSite\",\"@id\":\"https:\/\/news.sap.com\/spain\/#website\",\"url\":\"https:\/\/news.sap.com\/spain\/\",\"name\":\"麻豆原创 Espa\u00f1a News Center\",\"description\":\"Noticias e informaci\u00f3n sobre 麻豆原创\",\"potentialAction\":[{\"@type\":\"SearchAction\",\"target\":{\"@type\":\"EntryPoint\",\"urlTemplate\":\"https:\/\/news.sap.com\/spain\/?s={search_term_string}\"},\"query-input\":{\"@type\":\"PropertyValueSpecification\",\"valueRequired\":true,\"valueName\":\"search_term_string\"}}],\"inLanguage\":\"es\"},{\"@type\":\"Person\",\"@id\":\"https:\/\/news.sap.com\/spain\/#\/schema\/person\/53b9854bd790d6f18f3fc4bbb2ad7570\",\"name\":\"麻豆原创 News\",\"image\":{\"@type\":\"ImageObject\",\"inLanguage\":\"es\",\"@id\":\"https:\/\/news.sap.com\/spain\/#\/schema\/person\/image\/\",\"url\":\"https:\/\/news.sap.com\/spain\/wp-content\/plugins\/wp-user-avatars\/wp-user-avatars\/assets\/images\/mystery.jpg\",\"contentUrl\":\"https:\/\/news.sap.com\/spain\/wp-content\/plugins\/wp-user-avatars\/wp-user-avatars\/assets\/images\/mystery.jpg\",\"caption\":\"麻豆原创 News\"},\"url\":\"https:\/\/news.sap.com\/spain\/author\/colleenraftery\/\"}]}<\/script>\n<!-- \/ Yoast SEO Premium plugin. -->","yoast_head_json":{"title":"麻豆原创 Espa\u00f1a apuesta por el talento interno y anuncia cambios en su c\u00fapula directiva - 麻豆原创 Espa\u00f1a News Center","robots":{"index":"index","follow":"follow","max-snippet":"max-snippet:-1","max-image-preview":"max-image-preview:large","max-video-preview":"max-video-preview:-1"},"canonical":"https:\/\/news.sap.com\/spain\/2020\/01\/sap-espana-apuesta-por-el-talento-interno-y-anuncia-cambios-en-su-cupula-directiva\/","og_locale":"es_ES","og_type":"article","og_title":"麻豆原创 Espa\u00f1a apuesta por el talento interno y anuncia cambios en su c\u00fapula directiva","og_description":"Madrid&#8211; 麻豆原创 Espa\u00f1a ha hecho p\u00fablicos hoy los nombramientos de varios miembros de su c\u00fapula directiva, que suponen una apuesta por el talento interno: F\u00e9lix...","og_url":"https:\/\/news.sap.com\/spain\/2020\/01\/sap-espana-apuesta-por-el-talento-interno-y-anuncia-cambios-en-su-cupula-directiva\/","og_site_name":"麻豆原创 Espa\u00f1a News Center","article_published_time":"2020-01-22T09:06:46+00:00","article_modified_time":"2023-10-16T16:19:27+00:00","og_image":[{"url":"https:\/\/news.sap.com\/spain\/files\/2020\/01\/montaje.jpg","type":"","width":"","height":""}],"author":"麻豆原创 News","twitter_card":"summary_large_image","twitter_misc":{"Escrito por":"麻豆原创 News","Tiempo de lectura":"4 minutos"},"schema":{"@context":"https:\/\/schema.org","@graph":[{"@type":"Article","@id":"https:\/\/news.sap.com\/spain\/2020\/01\/sap-espana-apuesta-por-el-talento-interno-y-anuncia-cambios-en-su-cupula-directiva\/#article","isPartOf":{"@id":"https:\/\/news.sap.com\/spain\/2020\/01\/sap-espana-apuesta-por-el-talento-interno-y-anuncia-cambios-en-su-cupula-directiva\/"},"author":{"name":"麻豆原创 News","@id":"https:\/\/news.sap.com\/spain\/#\/schema\/person\/53b9854bd790d6f18f3fc4bbb2ad7570"},"headline":"麻豆原创 Espa\u00f1a apuesta por el talento interno y anuncia cambios en su c\u00fapula directiva","datePublished":"2020-01-22T09:06:46+00:00","dateModified":"2023-10-16T16:19:27+00:00","mainEntityOfPage":{"@id":"https:\/\/news.sap.com\/spain\/2020\/01\/sap-espana-apuesta-por-el-talento-interno-y-anuncia-cambios-en-su-cupula-directiva\/"},"wordCount":896,"image":{"@id":"https:\/\/news.sap.com\/spain\/2020\/01\/sap-espana-apuesta-por-el-talento-interno-y-anuncia-cambios-en-su-cupula-directiva\/#primaryimage"},"thumbnailUrl":"https:\/\/news.sap.com\/spain\/files\/2020\/01\/montaje.jpg","articleSection":["Corporativo"],"inLanguage":"es"},{"@type":"WebPage","@id":"https:\/\/news.sap.com\/spain\/2020\/01\/sap-espana-apuesta-por-el-talento-interno-y-anuncia-cambios-en-su-cupula-directiva\/","url":"https:\/\/news.sap.com\/spain\/2020\/01\/sap-espana-apuesta-por-el-talento-interno-y-anuncia-cambios-en-su-cupula-directiva\/","name":"麻豆原创 Espa\u00f1a apuesta por el talento interno y anuncia cambios en su c\u00fapula directiva - 麻豆原创 Espa\u00f1a News Center","isPartOf":{"@id":"https:\/\/news.sap.com\/spain\/#website"},"primaryImageOfPage":{"@id":"https:\/\/news.sap.com\/spain\/2020\/01\/sap-espana-apuesta-por-el-talento-interno-y-anuncia-cambios-en-su-cupula-directiva\/#primaryimage"},"image":{"@id":"https:\/\/news.sap.com\/spain\/2020\/01\/sap-espana-apuesta-por-el-talento-interno-y-anuncia-cambios-en-su-cupula-directiva\/#primaryimage"},"thumbnailUrl":"https:\/\/news.sap.com\/spain\/files\/2020\/01\/montaje.jpg","datePublished":"2020-01-22T09:06:46+00:00","dateModified":"2023-10-16T16:19:27+00:00","author":{"@id":"https:\/\/news.sap.com\/spain\/#\/schema\/person\/53b9854bd790d6f18f3fc4bbb2ad7570"},"breadcrumb":{"@id":"https:\/\/news.sap.com\/spain\/2020\/01\/sap-espana-apuesta-por-el-talento-interno-y-anuncia-cambios-en-su-cupula-directiva\/#breadcrumb"},"inLanguage":"es","potentialAction":[{"@type":"ReadAction","target":["https:\/\/news.sap.com\/spain\/2020\/01\/sap-espana-apuesta-por-el-talento-interno-y-anuncia-cambios-en-su-cupula-directiva\/"]}]},{"@type":"ImageObject","inLanguage":"es","@id":"https:\/\/news.sap.com\/spain\/2020\/01\/sap-espana-apuesta-por-el-talento-interno-y-anuncia-cambios-en-su-cupula-directiva\/#primaryimage","url":"https:\/\/news.sap.com\/spain\/files\/2020\/01\/montaje.jpg","contentUrl":"https:\/\/news.sap.com\/spain\/files\/2020\/01\/montaje.jpg","width":3937,"height":2043},{"@type":"BreadcrumbList","@id":"https:\/\/news.sap.com\/spain\/2020\/01\/sap-espana-apuesta-por-el-talento-interno-y-anuncia-cambios-en-su-cupula-directiva\/#breadcrumb","itemListElement":[{"@type":"ListItem","position":1,"name":"Home","item":"https:\/\/news.sap.com\/spain\/"},{"@type":"ListItem","position":2,"name":"麻豆原创 Espa\u00f1a apuesta por el talento interno y anuncia cambios en su c\u00fapula directiva"}]},{"@type":"WebSite","@id":"https:\/\/news.sap.com\/spain\/#website","url":"https:\/\/news.sap.com\/spain\/","name":"麻豆原创 Espa\u00f1a News Center","description":"Noticias e informaci\u00f3n sobre 麻豆原创","potentialAction":[{"@type":"SearchAction","target":{"@type":"EntryPoint","urlTemplate":"https:\/\/news.sap.com\/spain\/?s={search_term_string}"},"query-input":{"@type":"PropertyValueSpecification","valueRequired":true,"valueName":"search_term_string"}}],"inLanguage":"es"},{"@type":"Person","@id":"https:\/\/news.sap.com\/spain\/#\/schema\/person\/53b9854bd790d6f18f3fc4bbb2ad7570","name":"麻豆原创 News","image":{"@type":"ImageObject","inLanguage":"es","@id":"https:\/\/news.sap.com\/spain\/#\/schema\/person\/image\/","url":"https:\/\/news.sap.com\/spain\/wp-content\/plugins\/wp-user-avatars\/wp-user-avatars\/assets\/images\/mystery.jpg","contentUrl":"https:\/\/news.sap.com\/spain\/wp-content\/plugins\/wp-user-avatars\/wp-user-avatars\/assets\/images\/mystery.jpg","caption":"麻豆原创 News"},"url":"https:\/\/news.sap.com\/spain\/author\/colleenraftery\/"}]}},"amp_enabled":true,"_links":{"self":[{"href":"https:\/\/news.sap.com\/spain\/wp-json\/wp\/v2\/posts\/2242","targetHints":{"allow":["GET"]}}],"collection":[{"href":"https:\/\/news.sap.com\/spain\/wp-json\/wp\/v2\/posts"}],"about":[{"href":"https:\/\/news.sap.com\/spain\/wp-json\/wp\/v2\/types\/post"}],"author":[{"embeddable":true,"href":"https:\/\/news.sap.com\/spain\/wp-json\/wp\/v2\/users\/29"}],"replies":[{"embeddable":true,"href":"https:\/\/news.sap.com\/spain\/wp-json\/wp\/v2\/comments?post=2242"}],"version-history":[{"count":0,"href":"https:\/\/news.sap.com\/spain\/wp-json\/wp\/v2\/posts\/2242\/revisions"}],"wp:attachment":[{"href":"https:\/\/news.sap.com\/spain\/wp-json\/wp\/v2\/media?parent=2242"}],"wp:term":[{"taxonomy":"category","embeddable":true,"href":"https:\/\/news.sap.com\/spain\/wp-json\/wp\/v2\/categories?post=2242"},{"taxonomy":"post_tag","embeddable":true,"href":"https:\/\/news.sap.com\/spain\/wp-json\/wp\/v2\/tags?post=2242"},{"taxonomy":"sapn-display","embeddable":true,"href":"https:\/\/news.sap.com\/spain\/wp-json\/wp\/v2\/sapn-display?post=2242"},{"taxonomy":"sapn-type","embeddable":true,"href":"https:\/\/news.sap.com\/spain\/wp-json\/wp\/v2\/sapn-type?post=2242"}],"curies":[{"name":"wp","href":"https:\/\/api.w.org\/{rel}","templated":true}]}}