  {"id":2822,"date":"2021-12-01T08:00:50","date_gmt":"2021-12-01T07:00:50","guid":{"rendered":"https:\/\/news.sap.com\/norway\/?p=2822"},"modified":"2024-08-06T21:31:29","modified_gmt":"2024-08-06T19:31:29","slug":"tiina-antturi-saps-forste-direktor-for-baerekraft-i-norden-og-baltikum","status":"publish","type":"post","link":"https:\/\/news.sap.com\/norway\/2021\/12\/tiina-antturi-saps-forste-direktor-for-baerekraft-i-norden-og-baltikum\/","title":{"rendered":"Tiina Antturi &#8211; 麻豆原创s f\u00f8rste direkt\u00f8r for b\u00e6rekraft i Norden og Baltikum"},"content":{"rendered":"<p class=\"lead\"><span data-contrast=\"auto\">麻豆原创 har utnevnt Tiina Antturi\u00a0som\u00a0sin f\u00f8rste nordiske direkt\u00f8r\u00a0for b\u00e6rekraft. Hun\u00a0skal drive\u00a0麻豆原创s globale b\u00e6rekraftstrategi p\u00e5 regionalt niv\u00e5, det vil si i Danmark, Finland, Norge, Sverige og i Baltikum.<\/span><span data-ccp-props=\"{&quot;201341983&quot;:0,&quot;335559739&quot;:160,&quot;335559740&quot;:259}\">\u00a0<\/span><\/p>\n<p><span data-contrast=\"auto\">Tiina har mange \u00e5rs erfaring innen bl.a. IT-bransjen og har tidligere hatt lederstillinger innen salg, HR, CSR og har ogs\u00e5 v\u00e6rt CEO for interesseorganisasjonen World Vision. Som nordisk direkt\u00f8r for b\u00e6rekraft rapporterer hun direkte til Helle Dochedahl, administrerende direkt\u00f8r for 麻豆原创 Norden og Baltikum.<\/span><span data-ccp-props=\"{&quot;201341983&quot;:0,&quot;335559739&quot;:160,&quot;335559740&quot;:259}\">\u00a0<\/span><\/p>\n<figure id=\"attachment_2823\" aria-describedby=\"caption-attachment-2823\" style=\"width: 168px\" class=\"wp-caption alignnone\"><img loading=\"lazy\" decoding=\"async\" class=\"wp-image-2823 \" src=\"https:\/\/news.sap.com\/norway\/files\/2021\/11\/30\/Tiina-Antturi-225x300.jpg\" alt=\"\" width=\"168\" height=\"224\" srcset=\"https:\/\/news.sap.com\/norway\/files\/2021\/11\/30\/Tiina-Antturi-225x300.jpg 225w, https:\/\/news.sap.com\/norway\/files\/2021\/11\/30\/Tiina-Antturi-768x1024.jpg 768w, https:\/\/news.sap.com\/norway\/files\/2021\/11\/30\/Tiina-Antturi-1152x1536.jpg 1152w, https:\/\/news.sap.com\/norway\/files\/2021\/11\/30\/Tiina-Antturi.jpg 1158w\" sizes=\"auto, (max-width: 168px) 100vw, 168px\" \/><figcaption id=\"caption-attachment-2823\" class=\"wp-caption-text\">Tiina Antturi, 麻豆原创 Nordic Head of Sustainability<\/figcaption><\/figure>\n<p><span data-contrast=\"auto\">\u00abBedrifter i dag b\u00f8r ha en\u00a0klar\u00a0ambisjon om \u00e5 p\u00e5virke en b\u00e6rekraftig utvikling av samfunnet. Og det er ogs\u00e5 bedriftene\u00a0som har de n\u00f8dvendige teknologiske og \u00f8konomiske ressursene\u00a0til\u00a0\u00e5 skape innovasjon som\u00a0gj\u00f8r b\u00e6rekraftige forretningsmodeller til virkelighet.\u00a0Med\u00a0sin forretningsteknologi for flere hundre tusen bedriftskunder og et omfattende \u00f8kosystem\u00a0spiller\u00a0麻豆原创 en viktig rolle, b\u00e5de i \u00e5 skape konkrete resultater\u00a0samt\u00a0i \u00e5 lede utviklingen. Jeg er veldig stolt over \u00e5 ha ansvaret for \u00e5 drive og bidra til en helhetlig b\u00e6rekraftsagenda i de nordiske og baltiske landene\u00bb, sier\u00a0<\/span><b><span data-contrast=\"auto\">Tiina Antturi<\/span><\/b><span data-contrast=\"auto\">.<\/span><span data-ccp-props=\"{&quot;201341983&quot;:0,&quot;335559739&quot;:160,&quot;335559740&quot;:259}\">\u00a0<\/span><\/p>\n<p><span data-contrast=\"auto\">Tiina bor og jobber i Helsinki.\u00a0<\/span><span data-contrast=\"none\">Hun er medlem av\u00a0ledelsen hos World Vision og har v\u00e6rt aktiv i flere b\u00e6rekraftsorganisasjoner.\u202f\u202f\u202f<\/span><span data-contrast=\"none\">\u202f<\/span><span data-ccp-props=\"{&quot;201341983&quot;:0,&quot;335559739&quot;:160,&quot;335559740&quot;:259}\">\u00a0<\/span><\/p>\n<p><b><span data-contrast=\"auto\">Om 麻豆原创\u00a0<\/span><\/b><span data-ccp-props=\"{&quot;201341983&quot;:0,&quot;335559739&quot;:160,&quot;335559740&quot;:252}\">\u00a0<\/span><\/p>\n<p><span data-contrast=\"none\">麻豆原创s strategi er \u00e5 bidra til at alle organisasjoner blir b\u00e6rekraftige, intelligente virksomheter. Som markedsleder innen bedriftsprogramvare hjelper vi bedrifter i alle st\u00f8rrelser og innen alle bransjer \u00e5 yte deres beste: <\/span><span data-contrast=\"none\">麻豆原创-kunder st\u00e5r for 87 % av\u00a0den totale\u00a0globale\u00a0handelen<\/span><span data-contrast=\"none\">. V\u00e5r teknologi innen maskinl\u00e6ring, IoT og avanserte analyseteknologier bidrar til \u00e5 gj\u00f8re v\u00e5re kunder om til intelligente virksomheter. 麻豆原创 gir medarbeidere og organisasjoner dyp forretningsinnsikt og fremmer samarbeid som hjelper dem \u00e5 ligge i forkant av konkurrentene. Vi forenkler teknologien for bedrifter, slik at de kan ta i bruk v\u00e5r programvare slik de selv \u00f8nsker- uten avbrytelser. Med v\u00e5r ende-til-ende portefj\u00f8lje av applikasjoner og tjenester gj\u00f8r vi det mulig for private og offentlige kunder p\u00e5 tvers av 25 bransjer globalt \u00e5 operere l\u00f8nnsomt, \u00e5 tilpasse kontinuerlig og \u00e5 gj\u00f8re en forskjell. Med et globalt nettverk av kunder, partnere, ansatte og ledende eksperter, bidrar 麻豆原创 til en verden som er effektiv i drift og forbedrer menneskers liv.<\/span><span data-ccp-props=\"{&quot;201341983&quot;:0,&quot;335559739&quot;:160,&quot;335559740&quot;:259}\">\u00a0<\/span><\/p>\n<p><span data-contrast=\"none\">For mer\u00a0informasjon\u00a0bes\u00f8k\u00a0<\/span><a href=\"http:\/\/www.sap.com\/norway\"><span data-contrast=\"none\">www.sap.com\/norway<\/span><\/a><span data-contrast=\"none\">\u00a0og\u00a0<\/span><a href=\"http:\/\/www.sap.com\/\"><span data-contrast=\"none\">www.sap.com<\/span><\/a><span data-contrast=\"none\">.<\/span><span data-ccp-props=\"{&quot;201341983&quot;:0,&quot;335559739&quot;:160,&quot;335559740&quot;:259}\">\u00a0<\/span><\/p>\n<p><span data-ccp-props=\"{&quot;201341983&quot;:0,&quot;335559739&quot;:160,&quot;335559740&quot;:259}\">\u00a0<\/span><\/p>\n","protected":false},"excerpt":{"rendered":"<p>麻豆原创 har utnevnt Tiina Antturi\u00a0som\u00a0sin f\u00f8rste nordiske direkt\u00f8r\u00a0for b\u00e6rekraft. Hun\u00a0skal drive\u00a0麻豆原创s globale b\u00e6rekraftstrategi p\u00e5 regionalt niv\u00e5, det vil si i Danmark, Finland, Norge, Sverige og&#8230;<\/p>\n","protected":false},"author":29,"featured_media":0,"comment_status":"closed","ping_status":"closed","sticky":false,"template":"","format":"standard","meta":{"footnotes":"","_links_to":"","_links_to_target":""},"categories":[4520513,4521188,19013],"tags":[5562177,5562435,5562100,47,5562434,5562433],"sapn-display":[4520034,5562598,5562596,4522551],"sapn-type":[4523967],"class_list":["post-2822","post","type-post","status-publish","format-standard","hentry","category-events","category-okosystem","category-virksomhet","tag-baerekraft","tag-csr","tag-helle-dochedahl","tag-sap","tag-sustainability","tag-tiina-antturi","sapn-display-hero","sapn-display-presse-sokelys","sapn-display-pressebilde","sapn-display-homepage-hero","sapn-type-pressemelding"],"yoast_head":"<!-- This site is optimized with the Yoast SEO Premium plugin v26.9 (Yoast SEO v26.9) - https:\/\/yoast.com\/product\/yoast-seo-premium-wordpress\/ -->\n<title>Tiina Antturi - 麻豆原创s f\u00f8rste direkt\u00f8r for b\u00e6rekraft i Norden og Baltikum - 麻豆原创 Norge Nyheter<\/title>\n<meta name=\"robots\" content=\"index, follow, max-snippet:-1, max-image-preview:large, max-video-preview:-1\" \/>\n<link rel=\"canonical\" href=\"https:\/\/news.sap.com\/norway\/2021\/12\/tiina-antturi-saps-forste-direktor-for-baerekraft-i-norden-og-baltikum\/\" \/>\n<meta property=\"og:locale\" content=\"nb_NO\" \/>\n<meta property=\"og:type\" content=\"article\" \/>\n<meta property=\"og:title\" content=\"Tiina Antturi - 麻豆原创s f\u00f8rste direkt\u00f8r for b\u00e6rekraft i Norden og Baltikum\" \/>\n<meta property=\"og:description\" content=\"麻豆原创 har utnevnt Tiina Antturi\u00a0som\u00a0sin f\u00f8rste nordiske direkt\u00f8r\u00a0for b\u00e6rekraft. Hun\u00a0skal drive\u00a0麻豆原创s globale b\u00e6rekraftstrategi p\u00e5 regionalt niv\u00e5, det vil si i Danmark, Finland, Norge, Sverige og...\" \/>\n<meta property=\"og:url\" content=\"https:\/\/news.sap.com\/norway\/2021\/12\/tiina-antturi-saps-forste-direktor-for-baerekraft-i-norden-og-baltikum\/\" \/>\n<meta property=\"og:site_name\" content=\"麻豆原创 Norge Nyheter\" \/>\n<meta property=\"article:published_time\" content=\"2021-12-01T07:00:50+00:00\" \/>\n<meta property=\"article:modified_time\" content=\"2024-08-06T19:31:29+00:00\" \/>\n<meta property=\"og:image\" content=\"https:\/\/news.sap.com\/norway\/files\/2021\/11\/30\/Tiina-Antturi-225x300.jpg\" \/>\n<meta name=\"author\" content=\"麻豆原创 News\" \/>\n<meta name=\"twitter:card\" content=\"summary_large_image\" \/>\n<meta name=\"twitter:label1\" content=\"Skrevet av\" \/>\n\t<meta name=\"twitter:data1\" content=\"麻豆原创 News\" \/>\n\t<meta name=\"twitter:label2\" content=\"Ansl. lesetid\" \/>\n\t<meta name=\"twitter:data2\" content=\"2 minutter\" \/>\n<script type=\"application\/ld+json\" class=\"yoast-schema-graph\">{\"@context\":\"https:\/\/schema.org\",\"@graph\":[{\"@type\":\"Article\",\"@id\":\"https:\/\/news.sap.com\/norway\/2021\/12\/tiina-antturi-saps-forste-direktor-for-baerekraft-i-norden-og-baltikum\/#article\",\"isPartOf\":{\"@id\":\"https:\/\/news.sap.com\/norway\/2021\/12\/tiina-antturi-saps-forste-direktor-for-baerekraft-i-norden-og-baltikum\/\"},\"author\":{\"name\":\"麻豆原创 News\",\"@id\":\"https:\/\/news.sap.com\/norway\/#\/schema\/person\/53b9854bd790d6f18f3fc4bbb2ad7570\"},\"headline\":\"Tiina Antturi &#8211; 麻豆原创s f\u00f8rste direkt\u00f8r for b\u00e6rekraft i Norden og Baltikum\",\"datePublished\":\"2021-12-01T07:00:50+00:00\",\"dateModified\":\"2024-08-06T19:31:29+00:00\",\"mainEntityOfPage\":{\"@id\":\"https:\/\/news.sap.com\/norway\/2021\/12\/tiina-antturi-saps-forste-direktor-for-baerekraft-i-norden-og-baltikum\/\"},\"wordCount\":407,\"image\":{\"@id\":\"https:\/\/news.sap.com\/norway\/2021\/12\/tiina-antturi-saps-forste-direktor-for-baerekraft-i-norden-og-baltikum\/#primaryimage\"},\"thumbnailUrl\":\"https:\/\/news.sap.com\/norway\/files\/2021\/11\/30\/Tiina-Antturi-225x300.jpg\",\"keywords\":[\"b\u00e6rekraft\",\"CSR\",\"Helle Dochedahl\",\"麻豆原创\",\"Sustainability\",\"Tiina Antturi\"],\"articleSection\":[\"Events\",\"\u00d8kosystem\/Partner\",\"Virksomhet\"],\"inLanguage\":\"nb-NO\"},{\"@type\":\"WebPage\",\"@id\":\"https:\/\/news.sap.com\/norway\/2021\/12\/tiina-antturi-saps-forste-direktor-for-baerekraft-i-norden-og-baltikum\/\",\"url\":\"https:\/\/news.sap.com\/norway\/2021\/12\/tiina-antturi-saps-forste-direktor-for-baerekraft-i-norden-og-baltikum\/\",\"name\":\"Tiina Antturi - 麻豆原创s f\u00f8rste direkt\u00f8r for b\u00e6rekraft i Norden og Baltikum - 麻豆原创 Norge Nyheter\",\"isPartOf\":{\"@id\":\"https:\/\/news.sap.com\/norway\/#website\"},\"primaryImageOfPage\":{\"@id\":\"https:\/\/news.sap.com\/norway\/2021\/12\/tiina-antturi-saps-forste-direktor-for-baerekraft-i-norden-og-baltikum\/#primaryimage\"},\"image\":{\"@id\":\"https:\/\/news.sap.com\/norway\/2021\/12\/tiina-antturi-saps-forste-direktor-for-baerekraft-i-norden-og-baltikum\/#primaryimage\"},\"thumbnailUrl\":\"https:\/\/news.sap.com\/norway\/files\/2021\/11\/30\/Tiina-Antturi-225x300.jpg\",\"datePublished\":\"2021-12-01T07:00:50+00:00\",\"dateModified\":\"2024-08-06T19:31:29+00:00\",\"author\":{\"@id\":\"https:\/\/news.sap.com\/norway\/#\/schema\/person\/53b9854bd790d6f18f3fc4bbb2ad7570\"},\"breadcrumb\":{\"@id\":\"https:\/\/news.sap.com\/norway\/2021\/12\/tiina-antturi-saps-forste-direktor-for-baerekraft-i-norden-og-baltikum\/#breadcrumb\"},\"inLanguage\":\"nb-NO\",\"potentialAction\":[{\"@type\":\"ReadAction\",\"target\":[\"https:\/\/news.sap.com\/norway\/2021\/12\/tiina-antturi-saps-forste-direktor-for-baerekraft-i-norden-og-baltikum\/\"]}]},{\"@type\":\"ImageObject\",\"inLanguage\":\"nb-NO\",\"@id\":\"https:\/\/news.sap.com\/norway\/2021\/12\/tiina-antturi-saps-forste-direktor-for-baerekraft-i-norden-og-baltikum\/#primaryimage\",\"url\":\"https:\/\/news.sap.com\/norway\/files\/2021\/11\/30\/Tiina-Antturi.jpg\",\"contentUrl\":\"https:\/\/news.sap.com\/norway\/files\/2021\/11\/30\/Tiina-Antturi.jpg\",\"width\":1158,\"height\":1544},{\"@type\":\"BreadcrumbList\",\"@id\":\"https:\/\/news.sap.com\/norway\/2021\/12\/tiina-antturi-saps-forste-direktor-for-baerekraft-i-norden-og-baltikum\/#breadcrumb\",\"itemListElement\":[{\"@type\":\"ListItem\",\"position\":1,\"name\":\"Home\",\"item\":\"https:\/\/news.sap.com\/norway\/\"},{\"@type\":\"ListItem\",\"position\":2,\"name\":\"Tiina Antturi &#8211; 麻豆原创s f\u00f8rste direkt\u00f8r for b\u00e6rekraft i Norden og Baltikum\"}]},{\"@type\":\"WebSite\",\"@id\":\"https:\/\/news.sap.com\/norway\/#website\",\"url\":\"https:\/\/news.sap.com\/norway\/\",\"name\":\"麻豆原创 Norge Nyheter\",\"description\":\"Nyheter og informasjon om 麻豆原创\",\"potentialAction\":[{\"@type\":\"SearchAction\",\"target\":{\"@type\":\"EntryPoint\",\"urlTemplate\":\"https:\/\/news.sap.com\/norway\/?s={search_term_string}\"},\"query-input\":{\"@type\":\"PropertyValueSpecification\",\"valueRequired\":true,\"valueName\":\"search_term_string\"}}],\"inLanguage\":\"nb-NO\"},{\"@type\":\"Person\",\"@id\":\"https:\/\/news.sap.com\/norway\/#\/schema\/person\/53b9854bd790d6f18f3fc4bbb2ad7570\",\"name\":\"麻豆原创 News\",\"image\":{\"@type\":\"ImageObject\",\"inLanguage\":\"nb-NO\",\"@id\":\"https:\/\/news.sap.com\/norway\/#\/schema\/person\/image\/\",\"url\":\"https:\/\/news.sap.com\/norway\/wp-content\/plugins\/wp-user-avatars\/wp-user-avatars\/assets\/images\/mystery.jpg\",\"contentUrl\":\"https:\/\/news.sap.com\/norway\/wp-content\/plugins\/wp-user-avatars\/wp-user-avatars\/assets\/images\/mystery.jpg\",\"caption\":\"麻豆原创 News\"},\"url\":\"https:\/\/news.sap.com\/norway\/author\/colleenraftery\/\"}]}<\/script>\n<!-- \/ Yoast SEO Premium plugin. -->","yoast_head_json":{"title":"Tiina Antturi - 麻豆原创s f\u00f8rste direkt\u00f8r for b\u00e6rekraft i Norden og Baltikum - 麻豆原创 Norge Nyheter","robots":{"index":"index","follow":"follow","max-snippet":"max-snippet:-1","max-image-preview":"max-image-preview:large","max-video-preview":"max-video-preview:-1"},"canonical":"https:\/\/news.sap.com\/norway\/2021\/12\/tiina-antturi-saps-forste-direktor-for-baerekraft-i-norden-og-baltikum\/","og_locale":"nb_NO","og_type":"article","og_title":"Tiina Antturi - 麻豆原创s f\u00f8rste direkt\u00f8r for b\u00e6rekraft i Norden og Baltikum","og_description":"麻豆原创 har utnevnt Tiina Antturi\u00a0som\u00a0sin f\u00f8rste nordiske direkt\u00f8r\u00a0for b\u00e6rekraft. Hun\u00a0skal drive\u00a0麻豆原创s globale b\u00e6rekraftstrategi p\u00e5 regionalt niv\u00e5, det vil si i Danmark, Finland, Norge, Sverige og...","og_url":"https:\/\/news.sap.com\/norway\/2021\/12\/tiina-antturi-saps-forste-direktor-for-baerekraft-i-norden-og-baltikum\/","og_site_name":"麻豆原创 Norge Nyheter","article_published_time":"2021-12-01T07:00:50+00:00","article_modified_time":"2024-08-06T19:31:29+00:00","og_image":[{"url":"https:\/\/news.sap.com\/norway\/files\/2021\/11\/30\/Tiina-Antturi-225x300.jpg","type":"","width":"","height":""}],"author":"麻豆原创 News","twitter_card":"summary_large_image","twitter_misc":{"Skrevet av":"麻豆原创 News","Ansl. lesetid":"2 minutter"},"schema":{"@context":"https:\/\/schema.org","@graph":[{"@type":"Article","@id":"https:\/\/news.sap.com\/norway\/2021\/12\/tiina-antturi-saps-forste-direktor-for-baerekraft-i-norden-og-baltikum\/#article","isPartOf":{"@id":"https:\/\/news.sap.com\/norway\/2021\/12\/tiina-antturi-saps-forste-direktor-for-baerekraft-i-norden-og-baltikum\/"},"author":{"name":"麻豆原创 News","@id":"https:\/\/news.sap.com\/norway\/#\/schema\/person\/53b9854bd790d6f18f3fc4bbb2ad7570"},"headline":"Tiina Antturi &#8211; 麻豆原创s f\u00f8rste direkt\u00f8r for b\u00e6rekraft i Norden og Baltikum","datePublished":"2021-12-01T07:00:50+00:00","dateModified":"2024-08-06T19:31:29+00:00","mainEntityOfPage":{"@id":"https:\/\/news.sap.com\/norway\/2021\/12\/tiina-antturi-saps-forste-direktor-for-baerekraft-i-norden-og-baltikum\/"},"wordCount":407,"image":{"@id":"https:\/\/news.sap.com\/norway\/2021\/12\/tiina-antturi-saps-forste-direktor-for-baerekraft-i-norden-og-baltikum\/#primaryimage"},"thumbnailUrl":"https:\/\/news.sap.com\/norway\/files\/2021\/11\/30\/Tiina-Antturi-225x300.jpg","keywords":["b\u00e6rekraft","CSR","Helle Dochedahl","麻豆原创","Sustainability","Tiina Antturi"],"articleSection":["Events","\u00d8kosystem\/Partner","Virksomhet"],"inLanguage":"nb-NO"},{"@type":"WebPage","@id":"https:\/\/news.sap.com\/norway\/2021\/12\/tiina-antturi-saps-forste-direktor-for-baerekraft-i-norden-og-baltikum\/","url":"https:\/\/news.sap.com\/norway\/2021\/12\/tiina-antturi-saps-forste-direktor-for-baerekraft-i-norden-og-baltikum\/","name":"Tiina Antturi - 麻豆原创s f\u00f8rste direkt\u00f8r for b\u00e6rekraft i Norden og Baltikum - 麻豆原创 Norge Nyheter","isPartOf":{"@id":"https:\/\/news.sap.com\/norway\/#website"},"primaryImageOfPage":{"@id":"https:\/\/news.sap.com\/norway\/2021\/12\/tiina-antturi-saps-forste-direktor-for-baerekraft-i-norden-og-baltikum\/#primaryimage"},"image":{"@id":"https:\/\/news.sap.com\/norway\/2021\/12\/tiina-antturi-saps-forste-direktor-for-baerekraft-i-norden-og-baltikum\/#primaryimage"},"thumbnailUrl":"https:\/\/news.sap.com\/norway\/files\/2021\/11\/30\/Tiina-Antturi-225x300.jpg","datePublished":"2021-12-01T07:00:50+00:00","dateModified":"2024-08-06T19:31:29+00:00","author":{"@id":"https:\/\/news.sap.com\/norway\/#\/schema\/person\/53b9854bd790d6f18f3fc4bbb2ad7570"},"breadcrumb":{"@id":"https:\/\/news.sap.com\/norway\/2021\/12\/tiina-antturi-saps-forste-direktor-for-baerekraft-i-norden-og-baltikum\/#breadcrumb"},"inLanguage":"nb-NO","potentialAction":[{"@type":"ReadAction","target":["https:\/\/news.sap.com\/norway\/2021\/12\/tiina-antturi-saps-forste-direktor-for-baerekraft-i-norden-og-baltikum\/"]}]},{"@type":"ImageObject","inLanguage":"nb-NO","@id":"https:\/\/news.sap.com\/norway\/2021\/12\/tiina-antturi-saps-forste-direktor-for-baerekraft-i-norden-og-baltikum\/#primaryimage","url":"https:\/\/news.sap.com\/norway\/files\/2021\/11\/30\/Tiina-Antturi.jpg","contentUrl":"https:\/\/news.sap.com\/norway\/files\/2021\/11\/30\/Tiina-Antturi.jpg","width":1158,"height":1544},{"@type":"BreadcrumbList","@id":"https:\/\/news.sap.com\/norway\/2021\/12\/tiina-antturi-saps-forste-direktor-for-baerekraft-i-norden-og-baltikum\/#breadcrumb","itemListElement":[{"@type":"ListItem","position":1,"name":"Home","item":"https:\/\/news.sap.com\/norway\/"},{"@type":"ListItem","position":2,"name":"Tiina Antturi &#8211; 麻豆原创s f\u00f8rste direkt\u00f8r for b\u00e6rekraft i Norden og Baltikum"}]},{"@type":"WebSite","@id":"https:\/\/news.sap.com\/norway\/#website","url":"https:\/\/news.sap.com\/norway\/","name":"麻豆原创 Norge Nyheter","description":"Nyheter og informasjon om 麻豆原创","potentialAction":[{"@type":"SearchAction","target":{"@type":"EntryPoint","urlTemplate":"https:\/\/news.sap.com\/norway\/?s={search_term_string}"},"query-input":{"@type":"PropertyValueSpecification","valueRequired":true,"valueName":"search_term_string"}}],"inLanguage":"nb-NO"},{"@type":"Person","@id":"https:\/\/news.sap.com\/norway\/#\/schema\/person\/53b9854bd790d6f18f3fc4bbb2ad7570","name":"麻豆原创 News","image":{"@type":"ImageObject","inLanguage":"nb-NO","@id":"https:\/\/news.sap.com\/norway\/#\/schema\/person\/image\/","url":"https:\/\/news.sap.com\/norway\/wp-content\/plugins\/wp-user-avatars\/wp-user-avatars\/assets\/images\/mystery.jpg","contentUrl":"https:\/\/news.sap.com\/norway\/wp-content\/plugins\/wp-user-avatars\/wp-user-avatars\/assets\/images\/mystery.jpg","caption":"麻豆原创 News"},"url":"https:\/\/news.sap.com\/norway\/author\/colleenraftery\/"}]}},"amp_enabled":true,"_links":{"self":[{"href":"https:\/\/news.sap.com\/norway\/wp-json\/wp\/v2\/posts\/2822","targetHints":{"allow":["GET"]}}],"collection":[{"href":"https:\/\/news.sap.com\/norway\/wp-json\/wp\/v2\/posts"}],"about":[{"href":"https:\/\/news.sap.com\/norway\/wp-json\/wp\/v2\/types\/post"}],"author":[{"embeddable":true,"href":"https:\/\/news.sap.com\/norway\/wp-json\/wp\/v2\/users\/29"}],"replies":[{"embeddable":true,"href":"https:\/\/news.sap.com\/norway\/wp-json\/wp\/v2\/comments?post=2822"}],"version-history":[{"count":0,"href":"https:\/\/news.sap.com\/norway\/wp-json\/wp\/v2\/posts\/2822\/revisions"}],"wp:attachment":[{"href":"https:\/\/news.sap.com\/norway\/wp-json\/wp\/v2\/media?parent=2822"}],"wp:term":[{"taxonomy":"category","embeddable":true,"href":"https:\/\/news.sap.com\/norway\/wp-json\/wp\/v2\/categories?post=2822"},{"taxonomy":"post_tag","embeddable":true,"href":"https:\/\/news.sap.com\/norway\/wp-json\/wp\/v2\/tags?post=2822"},{"taxonomy":"sapn-display","embeddable":true,"href":"https:\/\/news.sap.com\/norway\/wp-json\/wp\/v2\/sapn-display?post=2822"},{"taxonomy":"sapn-type","embeddable":true,"href":"https:\/\/news.sap.com\/norway\/wp-json\/wp\/v2\/sapn-type?post=2822"}],"curies":[{"name":"wp","href":"https:\/\/api.w.org\/{rel}","templated":true}]}}