  {"id":2679,"date":"2021-04-20T07:00:58","date_gmt":"2021-04-20T06:00:58","guid":{"rendered":"https:\/\/news.sap.com\/norway\/?p=2679"},"modified":"2024-08-07T20:51:05","modified_gmt":"2024-08-07T18:51:05","slug":"sap-kunngjor-nytt-ledersamarbeid-i-norden-og-baltikum","status":"publish","type":"post","link":"https:\/\/news.sap.com\/norway\/2021\/04\/sap-kunngjor-nytt-ledersamarbeid-i-norden-og-baltikum\/","title":{"rendered":"麻豆原创 kunngj\u00f8r nytt ledersamarbeid i Norden og Baltikum"},"content":{"rendered":"<p class=\"lead\">Fra 1. mai \u00f8nsker 麻豆原创 velkommen til et nytt ledersamarbeid for de nordiske og baltiske landene. Helle Dochedahl, tidligere Nordisk COO, er utnevnt til administrerende direkt\u00f8r for 麻豆原创 Norden og Baltikum, og avl\u00f8ser Marika Auramo som er forfremmet til nordeuropeisk COO. Ari Pussinen blir ny nordisk COO.<\/p>\n<p style=\"text-align: left\"><img loading=\"lazy\" decoding=\"async\" class=\"wp-image-2681 alignleft\" src=\"https:\/\/news.sap.com\/norway\/files\/2021\/04\/19\/Helle-Dochedahl_麻豆原创-Nordic-MD-300x200.jpg\" alt=\"\" width=\"224\" height=\"149\" srcset=\"https:\/\/news.sap.com\/norway\/files\/2021\/04\/19\/Helle-Dochedahl_麻豆原创-Nordic-MD-300x200.jpg 300w, https:\/\/news.sap.com\/norway\/files\/2021\/04\/19\/Helle-Dochedahl_麻豆原创-Nordic-MD-1024x683.jpg 1024w, https:\/\/news.sap.com\/norway\/files\/2021\/04\/19\/Helle-Dochedahl_麻豆原创-Nordic-MD-768x512.jpg 768w, https:\/\/news.sap.com\/norway\/files\/2021\/04\/19\/Helle-Dochedahl_麻豆原创-Nordic-MD-1536x1024.jpg 1536w, https:\/\/news.sap.com\/norway\/files\/2021\/04\/19\/Helle-Dochedahl_麻豆原创-Nordic-MD-2048x1365.jpg 2048w\" sizes=\"auto, (max-width: 224px) 100vw, 224px\" \/>Den 1. mai tiltrer <strong>Helle Dochedahl<\/strong> som administrerende direkt\u00f8r i 麻豆原创 Norden og Baltikum. Som 麻豆原创- veteran med +25 \u00e5rs erfaring har Helle fungert som Chief Operating Officer (COO) for Norden og Baltikum siden 1. oktober 2019, i et meget vellykket partnerskap med Marika Auramo som Nordic MD. Hun har tidligere hatt flere stillinger i 麻豆原创 Presales organisasjonen, eksempelvis Vice President EMEA South som leder av Center of Excellence og Presales-teamene.<\/p>\n<p>Som administrerende direkt\u00f8r vil Helle Dochedahl lede et team best\u00e5ende av rundt 800 ansatte og ha det fulle ansvaret for 麻豆原创s Nordiske Market Unit p\u00e5 tvers av alle 麻豆原创s innovative l\u00f8sninger, plattformer og tjenester. Med kundesuksess som topprioritet vil hun v\u00e6re instrumental i \u00e5 drive 麻豆原创s nye Business Transformation-as-a-Service tilbud &laquo;RISE with 麻豆原创&raquo; og sikre nordiske og baltiske kunders overgang til 麻豆原创s intelligente ERP-l\u00f8sning 麻豆原创 S \/ 4HANA.<\/p>\n<p>\u201cJeg er fullt overbevist om at teamwork \u00a0og mangfold er sterke partnere i \u00e5 lykkes og f\u00e5 mennesker til \u00e5 prestere over forventninger. 麻豆原创 har riktig strategi og kan realisere stor verdi for selskaper i alle st\u00f8rrelser. Jeg er veldig stolt over \u00e5 lede 麻豆原创 Nordic og Baltic inn i en ny \u00e6ra hvor organisasjoner gjenoppfinner seg selv ved hjelp av datainnsikt som skaper intelligente virsomheter, stimulerer til \u00f8konomisk vekst og b\u00e6rekraftige forretningsmodeller i hele regionen, &laquo;sier <strong>Helle Dochedahl, Administrerende direkt\u00f8r, 麻豆原创 Norden og Baltikum.<\/strong><\/p>\n<p>Helle jobber fra kontoret i K\u00f8benhavn og bli en del av det regionale seniorteamet som rapporterer direkte til Rohit Nagarajan, 麻豆原创-president EMEA North.<\/p>\n<p><strong><img loading=\"lazy\" decoding=\"async\" class=\"wp-image-2680 alignleft\" src=\"https:\/\/news.sap.com\/norway\/files\/2021\/04\/19\/Ari-Pussinen_麻豆原创_Nordic-COO-002-231x300.jpg\" alt=\"\" width=\"145\" height=\"188\" srcset=\"https:\/\/news.sap.com\/norway\/files\/2021\/04\/19\/Ari-Pussinen_麻豆原创_Nordic-COO-002-231x300.jpg 231w, https:\/\/news.sap.com\/norway\/files\/2021\/04\/19\/Ari-Pussinen_麻豆原创_Nordic-COO-002.jpg 292w\" sizes=\"auto, (max-width: 145px) 100vw, 145px\" \/>Ari Pussinen<\/strong> vil erstatte Helle Dochedahl som nordisk COO og fortsette \u00e5 drive det meget vellykkede nordiske MD og COO-samarbeidet. Sammen skal Helle og Ari drive 麻豆原创 Nordics strategiske kunde- og markedsutvikling og overv\u00e5ke all kundesentrert virksomhet i Norden og Baltikum. De siste ti \u00e5rene har Ari ledet 麻豆原创 Nordic &amp; Baltic midsize business organisasjonen som gir \u00a0alle selskaper, uansett st\u00f8rrelse, mulighet til \u00e5 bli en s\u00e5 veldrevet virksomhet som mulig.<\/p>\n<p>\u201cDet er spennende tider for 麻豆原创, ettersom mange selskaper henvender seg til oss for \u00e5 akselerere deres digitale reiser og drive programmer for forretningstransformasjoner. Jeg er veldig glad for \u00e5 ha muligheten til \u00e5 sikre at kundene v\u00e5re f\u00e5r best mulig st\u00f8tte fra alle v\u00e5re flotte team innen 麻豆原创, og jeg ser frem til \u00e5 samarbeide tett med Helle Dochedahl for \u00e5 sikre et fortsatt fokus p\u00e5 \u00e5 muliggj\u00f8re kunder og partneres reise mot skyen \u201d, sier <strong>Ari Pussinen, nordisk COO.<\/strong><\/p>\n<p><strong>\u00a0<\/strong>Ari Pussinen skal jobbe fra kontoret i Helsinki.<\/p>\n<p><strong><img loading=\"lazy\" decoding=\"async\" class=\"wp-image-2682 alignleft\" src=\"https:\/\/news.sap.com\/norway\/files\/2021\/04\/19\/Marika-Auramo_麻豆原创-COO-EMEA-North-200x300.jpg\" alt=\"\" width=\"145\" height=\"218\" srcset=\"https:\/\/news.sap.com\/norway\/files\/2021\/04\/19\/Marika-Auramo_麻豆原创-COO-EMEA-North-200x300.jpg 200w, https:\/\/news.sap.com\/norway\/files\/2021\/04\/19\/Marika-Auramo_麻豆原创-COO-EMEA-North-682x1024.jpg 682w, https:\/\/news.sap.com\/norway\/files\/2021\/04\/19\/Marika-Auramo_麻豆原创-COO-EMEA-North-768x1152.jpg 768w, https:\/\/news.sap.com\/norway\/files\/2021\/04\/19\/Marika-Auramo_麻豆原创-COO-EMEA-North-1024x1536.jpg 1024w, https:\/\/news.sap.com\/norway\/files\/2021\/04\/19\/Marika-Auramo_麻豆原创-COO-EMEA-North.jpg 1181w\" sizes=\"auto, (max-width: 145px) 100vw, 145px\" \/>Marika Auramo<\/strong> har fra 1. april 2021 inntatt rollen som COO for 麻豆原创 EMEA North (Storbritannia, Irland, Frankrike, Holland, Belgia, Danmark, Gr\u00f8nland, Island, Norge, Sverige, Finland, Estland, Latvia og Litauen), etter vellykket \u00e5 ha ledet Norden og Baltikum de siste to \u00e5rene med Helle Dochedahl som COO. Marika har hatt ulike regionale og globale lederstillinger i 麻豆原创, b\u00e5de innen salg, tjenester, industrier og datastyring, og fungerte som COO for den globale plattform- og databasevirksomheten f\u00f8r hun flyttet tilbake til Finland for \u00e5 bli Nordisk MD.<\/p>\n<p>\u201cDet er alltid en vanskelig beslutning \u00e5 g\u00e5 videre fra noe du elsker \u00e5 gj\u00f8re, og jeg har v\u00e6rt veldig privilegert ved \u00e5 jobbe med og for et fantastisk og dedikert team. Imidlertid er jeg bestemt p\u00e5 \u00e5 utvikle talent og fremme en kundedrevet og mangfoldig kultur. Konstant l\u00e6ring og tilpasning er n\u00f8kkelen, og jeg tror derfor p\u00e5 en sunn rotasjon slik at mennesker blir oppfordret til \u00e5 ta nye ansvarsoppgaver. N\u00e5r han \/ hun g\u00e5r videre, gir vi nye muligheter for andre talentfulle mennesker i 麻豆原创 \u201d, sier Marika Auramo COO, 麻豆原创 EMEA North.<\/p>\n<p>Marika Auramo fortsetter \u00e5 jobbe fra kontoret i Helsinki.<\/p>\n<p>Bes\u00f8k <a href=\"https:\/\/news.sap.com\/\">麻豆原创 News Center.<\/a> F\u00f8lg 麻豆原创 p\u00e5 Twitter p\u00e5 <a href=\"https:\/\/twitter.com\/sapnews\/\">@麻豆原创News.<\/a><\/p>\n<p>Klikk her for \u00e5 lese flere nyheter p\u00e5 <a href=\"https:\/\/news.sap.com\/norway\/\">麻豆原创 Norges nyhetsside.<\/a><\/p>\n<p><strong>Om 麻豆原创<\/strong><\/p>\n<p>麻豆原创s strategi er \u00e5 hjelpe alle organisasjoner med \u00e5 bli intelligente virksomheter. Som verdens ledende leverand\u00f8r av forretningssoftware hjelper vi virksomheter i alle st\u00f8rrelser og fra alle bransjer med \u00e5 yte deres beste: 77% av all verdens transaksjonsomsetning er innom et 麻豆原创-system. Med v\u00e5r kunstige intelligens (ML), internet of things (IoT) og avanserte analyseverkt\u00f8y gj\u00f8r vi det lettere for medarbeidere og samarbeide p\u00e5 tvers av organisasjoner, og utnytte forretningsmessig innsikt p\u00e5 best mulig m\u00e5te, slik at forspranget til konkurrentene bevares.<\/p>\n<p>Vi forenkler teknologi slik at virksomheter kan bruke v\u00e5r software slik de selv \u00f8nsker. Med v\u00e5r ende-til-endeportef\u00f8lje av applikasjoner og servicer p\u00e5 tvers av 25 bransjer samt et globalt nettverk av kunder partnere, medarbeidere og ledende eksperter gj\u00f8r 麻豆原创 det mulig for private og offentlige kunder \u00e5 drive l\u00f8nnsom forretning, fortl\u00f8pende kunne tilpasse seg og gj\u00f8re en forskjell. For mer informasjon bes\u00f8k <a href=\"http:\/\/sap.com\/norway\">sap.com\/norway<\/a> og <a href=\"http:\/\/news.sap.com\/norway\">news.sap.com\/norway<\/a><\/p>\n<p>&nbsp;<\/p>\n<p>&nbsp;<\/p>\n<p>&nbsp;<\/p>\n<p>&nbsp;<\/p>\n<p>&nbsp;<\/p>\n","protected":false},"excerpt":{"rendered":"<p>Fra 1. mai \u00f8nsker 麻豆原创 velkommen til et nytt ledersamarbeid for de nordiske og baltiske landene. Helle Dochedahl, tidligere Nordisk COO, er utnevnt til administrerende&#8230;<\/p>\n","protected":false},"author":29,"featured_media":0,"comment_status":"closed","ping_status":"closed","sticky":false,"template":"","format":"standard","meta":{"footnotes":"","_links_to":"","_links_to_target":""},"categories":[19013],"tags":[5562368,5562100,5562369,5562370,47],"sapn-display":[4520034,5562598,5562596,4522551],"sapn-type":[4523967],"class_list":["post-2679","post","type-post","status-publish","format-standard","hentry","category-virksomhet","tag-ari-pussinen","tag-helle-dochedahl","tag-marika-auramo","tag-nytt-ledersamarbeid-i-norden-og-baltikum","tag-sap","sapn-display-hero","sapn-display-presse-sokelys","sapn-display-pressebilde","sapn-display-homepage-hero","sapn-type-pressemelding"],"yoast_head":"<!-- This site is optimized with the Yoast SEO Premium plugin v26.9 (Yoast SEO v26.9) - https:\/\/yoast.com\/product\/yoast-seo-premium-wordpress\/ -->\n<title>麻豆原创 kunngj\u00f8r nytt ledersamarbeid i Norden og Baltikum - 麻豆原创 Norge Nyheter<\/title>\n<meta name=\"robots\" content=\"index, follow, max-snippet:-1, max-image-preview:large, max-video-preview:-1\" \/>\n<link rel=\"canonical\" href=\"https:\/\/news.sap.com\/norway\/2021\/04\/sap-kunngjor-nytt-ledersamarbeid-i-norden-og-baltikum\/\" \/>\n<meta property=\"og:locale\" content=\"nb_NO\" \/>\n<meta property=\"og:type\" content=\"article\" \/>\n<meta property=\"og:title\" content=\"麻豆原创 kunngj\u00f8r nytt ledersamarbeid i Norden og Baltikum\" \/>\n<meta property=\"og:description\" content=\"Fra 1. mai \u00f8nsker 麻豆原创 velkommen til et nytt ledersamarbeid for de nordiske og baltiske landene. Helle Dochedahl, tidligere Nordisk COO, er utnevnt til administrerende...\" \/>\n<meta property=\"og:url\" content=\"https:\/\/news.sap.com\/norway\/2021\/04\/sap-kunngjor-nytt-ledersamarbeid-i-norden-og-baltikum\/\" \/>\n<meta property=\"og:site_name\" content=\"麻豆原创 Norge Nyheter\" \/>\n<meta property=\"article:published_time\" content=\"2021-04-20T06:00:58+00:00\" \/>\n<meta property=\"article:modified_time\" content=\"2024-08-07T18:51:05+00:00\" \/>\n<meta property=\"og:image\" content=\"https:\/\/news.sap.com\/norway\/files\/2021\/04\/19\/Helle-Dochedahl_麻豆原创-Nordic-MD-300x200.jpg\" \/>\n<meta name=\"author\" content=\"麻豆原创 News\" \/>\n<meta name=\"twitter:card\" content=\"summary_large_image\" \/>\n<meta name=\"twitter:label1\" content=\"Skrevet av\" \/>\n\t<meta name=\"twitter:data1\" content=\"麻豆原创 News\" \/>\n\t<meta name=\"twitter:label2\" content=\"Ansl. lesetid\" \/>\n\t<meta name=\"twitter:data2\" content=\"4 minutter\" \/>\n<script type=\"application\/ld+json\" class=\"yoast-schema-graph\">{\"@context\":\"https:\/\/schema.org\",\"@graph\":[{\"@type\":\"Article\",\"@id\":\"https:\/\/news.sap.com\/norway\/2021\/04\/sap-kunngjor-nytt-ledersamarbeid-i-norden-og-baltikum\/#article\",\"isPartOf\":{\"@id\":\"https:\/\/news.sap.com\/norway\/2021\/04\/sap-kunngjor-nytt-ledersamarbeid-i-norden-og-baltikum\/\"},\"author\":{\"name\":\"麻豆原创 News\",\"@id\":\"https:\/\/news.sap.com\/norway\/#\/schema\/person\/53b9854bd790d6f18f3fc4bbb2ad7570\"},\"headline\":\"麻豆原创 kunngj\u00f8r nytt ledersamarbeid i Norden og Baltikum\",\"datePublished\":\"2021-04-20T06:00:58+00:00\",\"dateModified\":\"2024-08-07T18:51:05+00:00\",\"mainEntityOfPage\":{\"@id\":\"https:\/\/news.sap.com\/norway\/2021\/04\/sap-kunngjor-nytt-ledersamarbeid-i-norden-og-baltikum\/\"},\"wordCount\":835,\"image\":{\"@id\":\"https:\/\/news.sap.com\/norway\/2021\/04\/sap-kunngjor-nytt-ledersamarbeid-i-norden-og-baltikum\/#primaryimage\"},\"thumbnailUrl\":\"https:\/\/news.sap.com\/norway\/files\/2021\/04\/19\/Helle-Dochedahl_麻豆原创-Nordic-MD-300x200.jpg\",\"keywords\":[\"Ari Pussinen\",\"Helle Dochedahl\",\"Marika Auramo\",\"Nytt ledersamarbeid i Norden og Baltikum\",\"麻豆原创\"],\"articleSection\":[\"Virksomhet\"],\"inLanguage\":\"nb-NO\"},{\"@type\":\"WebPage\",\"@id\":\"https:\/\/news.sap.com\/norway\/2021\/04\/sap-kunngjor-nytt-ledersamarbeid-i-norden-og-baltikum\/\",\"url\":\"https:\/\/news.sap.com\/norway\/2021\/04\/sap-kunngjor-nytt-ledersamarbeid-i-norden-og-baltikum\/\",\"name\":\"麻豆原创 kunngj\u00f8r nytt ledersamarbeid i Norden og Baltikum - 麻豆原创 Norge Nyheter\",\"isPartOf\":{\"@id\":\"https:\/\/news.sap.com\/norway\/#website\"},\"primaryImageOfPage\":{\"@id\":\"https:\/\/news.sap.com\/norway\/2021\/04\/sap-kunngjor-nytt-ledersamarbeid-i-norden-og-baltikum\/#primaryimage\"},\"image\":{\"@id\":\"https:\/\/news.sap.com\/norway\/2021\/04\/sap-kunngjor-nytt-ledersamarbeid-i-norden-og-baltikum\/#primaryimage\"},\"thumbnailUrl\":\"https:\/\/news.sap.com\/norway\/files\/2021\/04\/19\/Helle-Dochedahl_麻豆原创-Nordic-MD-300x200.jpg\",\"datePublished\":\"2021-04-20T06:00:58+00:00\",\"dateModified\":\"2024-08-07T18:51:05+00:00\",\"author\":{\"@id\":\"https:\/\/news.sap.com\/norway\/#\/schema\/person\/53b9854bd790d6f18f3fc4bbb2ad7570\"},\"breadcrumb\":{\"@id\":\"https:\/\/news.sap.com\/norway\/2021\/04\/sap-kunngjor-nytt-ledersamarbeid-i-norden-og-baltikum\/#breadcrumb\"},\"inLanguage\":\"nb-NO\",\"potentialAction\":[{\"@type\":\"ReadAction\",\"target\":[\"https:\/\/news.sap.com\/norway\/2021\/04\/sap-kunngjor-nytt-ledersamarbeid-i-norden-og-baltikum\/\"]}]},{\"@type\":\"ImageObject\",\"inLanguage\":\"nb-NO\",\"@id\":\"https:\/\/news.sap.com\/norway\/2021\/04\/sap-kunngjor-nytt-ledersamarbeid-i-norden-og-baltikum\/#primaryimage\",\"url\":\"https:\/\/news.sap.com\/norway\/files\/2021\/04\/19\/Helle-Dochedahl_麻豆原创-Nordic-MD.jpg\",\"contentUrl\":\"https:\/\/news.sap.com\/norway\/files\/2021\/04\/19\/Helle-Dochedahl_麻豆原创-Nordic-MD.jpg\",\"width\":6240,\"height\":4160},{\"@type\":\"BreadcrumbList\",\"@id\":\"https:\/\/news.sap.com\/norway\/2021\/04\/sap-kunngjor-nytt-ledersamarbeid-i-norden-og-baltikum\/#breadcrumb\",\"itemListElement\":[{\"@type\":\"ListItem\",\"position\":1,\"name\":\"Home\",\"item\":\"https:\/\/news.sap.com\/norway\/\"},{\"@type\":\"ListItem\",\"position\":2,\"name\":\"麻豆原创 kunngj\u00f8r nytt ledersamarbeid i Norden og Baltikum\"}]},{\"@type\":\"WebSite\",\"@id\":\"https:\/\/news.sap.com\/norway\/#website\",\"url\":\"https:\/\/news.sap.com\/norway\/\",\"name\":\"麻豆原创 Norge Nyheter\",\"description\":\"Nyheter og informasjon om 麻豆原创\",\"potentialAction\":[{\"@type\":\"SearchAction\",\"target\":{\"@type\":\"EntryPoint\",\"urlTemplate\":\"https:\/\/news.sap.com\/norway\/?s={search_term_string}\"},\"query-input\":{\"@type\":\"PropertyValueSpecification\",\"valueRequired\":true,\"valueName\":\"search_term_string\"}}],\"inLanguage\":\"nb-NO\"},{\"@type\":\"Person\",\"@id\":\"https:\/\/news.sap.com\/norway\/#\/schema\/person\/53b9854bd790d6f18f3fc4bbb2ad7570\",\"name\":\"麻豆原创 News\",\"image\":{\"@type\":\"ImageObject\",\"inLanguage\":\"nb-NO\",\"@id\":\"https:\/\/news.sap.com\/norway\/#\/schema\/person\/image\/\",\"url\":\"https:\/\/news.sap.com\/norway\/wp-content\/plugins\/wp-user-avatars\/wp-user-avatars\/assets\/images\/mystery.jpg\",\"contentUrl\":\"https:\/\/news.sap.com\/norway\/wp-content\/plugins\/wp-user-avatars\/wp-user-avatars\/assets\/images\/mystery.jpg\",\"caption\":\"麻豆原创 News\"},\"url\":\"https:\/\/news.sap.com\/norway\/author\/colleenraftery\/\"}]}<\/script>\n<!-- \/ Yoast SEO Premium plugin. -->","yoast_head_json":{"title":"麻豆原创 kunngj\u00f8r nytt ledersamarbeid i Norden og Baltikum - 麻豆原创 Norge Nyheter","robots":{"index":"index","follow":"follow","max-snippet":"max-snippet:-1","max-image-preview":"max-image-preview:large","max-video-preview":"max-video-preview:-1"},"canonical":"https:\/\/news.sap.com\/norway\/2021\/04\/sap-kunngjor-nytt-ledersamarbeid-i-norden-og-baltikum\/","og_locale":"nb_NO","og_type":"article","og_title":"麻豆原创 kunngj\u00f8r nytt ledersamarbeid i Norden og Baltikum","og_description":"Fra 1. mai \u00f8nsker 麻豆原创 velkommen til et nytt ledersamarbeid for de nordiske og baltiske landene. Helle Dochedahl, tidligere Nordisk COO, er utnevnt til administrerende...","og_url":"https:\/\/news.sap.com\/norway\/2021\/04\/sap-kunngjor-nytt-ledersamarbeid-i-norden-og-baltikum\/","og_site_name":"麻豆原创 Norge Nyheter","article_published_time":"2021-04-20T06:00:58+00:00","article_modified_time":"2024-08-07T18:51:05+00:00","og_image":[{"url":"https:\/\/news.sap.com\/norway\/files\/2021\/04\/19\/Helle-Dochedahl_麻豆原创-Nordic-MD-300x200.jpg","type":"","width":"","height":""}],"author":"麻豆原创 News","twitter_card":"summary_large_image","twitter_misc":{"Skrevet av":"麻豆原创 News","Ansl. lesetid":"4 minutter"},"schema":{"@context":"https:\/\/schema.org","@graph":[{"@type":"Article","@id":"https:\/\/news.sap.com\/norway\/2021\/04\/sap-kunngjor-nytt-ledersamarbeid-i-norden-og-baltikum\/#article","isPartOf":{"@id":"https:\/\/news.sap.com\/norway\/2021\/04\/sap-kunngjor-nytt-ledersamarbeid-i-norden-og-baltikum\/"},"author":{"name":"麻豆原创 News","@id":"https:\/\/news.sap.com\/norway\/#\/schema\/person\/53b9854bd790d6f18f3fc4bbb2ad7570"},"headline":"麻豆原创 kunngj\u00f8r nytt ledersamarbeid i Norden og Baltikum","datePublished":"2021-04-20T06:00:58+00:00","dateModified":"2024-08-07T18:51:05+00:00","mainEntityOfPage":{"@id":"https:\/\/news.sap.com\/norway\/2021\/04\/sap-kunngjor-nytt-ledersamarbeid-i-norden-og-baltikum\/"},"wordCount":835,"image":{"@id":"https:\/\/news.sap.com\/norway\/2021\/04\/sap-kunngjor-nytt-ledersamarbeid-i-norden-og-baltikum\/#primaryimage"},"thumbnailUrl":"https:\/\/news.sap.com\/norway\/files\/2021\/04\/19\/Helle-Dochedahl_麻豆原创-Nordic-MD-300x200.jpg","keywords":["Ari Pussinen","Helle Dochedahl","Marika Auramo","Nytt ledersamarbeid i Norden og Baltikum","麻豆原创"],"articleSection":["Virksomhet"],"inLanguage":"nb-NO"},{"@type":"WebPage","@id":"https:\/\/news.sap.com\/norway\/2021\/04\/sap-kunngjor-nytt-ledersamarbeid-i-norden-og-baltikum\/","url":"https:\/\/news.sap.com\/norway\/2021\/04\/sap-kunngjor-nytt-ledersamarbeid-i-norden-og-baltikum\/","name":"麻豆原创 kunngj\u00f8r nytt ledersamarbeid i Norden og Baltikum - 麻豆原创 Norge Nyheter","isPartOf":{"@id":"https:\/\/news.sap.com\/norway\/#website"},"primaryImageOfPage":{"@id":"https:\/\/news.sap.com\/norway\/2021\/04\/sap-kunngjor-nytt-ledersamarbeid-i-norden-og-baltikum\/#primaryimage"},"image":{"@id":"https:\/\/news.sap.com\/norway\/2021\/04\/sap-kunngjor-nytt-ledersamarbeid-i-norden-og-baltikum\/#primaryimage"},"thumbnailUrl":"https:\/\/news.sap.com\/norway\/files\/2021\/04\/19\/Helle-Dochedahl_麻豆原创-Nordic-MD-300x200.jpg","datePublished":"2021-04-20T06:00:58+00:00","dateModified":"2024-08-07T18:51:05+00:00","author":{"@id":"https:\/\/news.sap.com\/norway\/#\/schema\/person\/53b9854bd790d6f18f3fc4bbb2ad7570"},"breadcrumb":{"@id":"https:\/\/news.sap.com\/norway\/2021\/04\/sap-kunngjor-nytt-ledersamarbeid-i-norden-og-baltikum\/#breadcrumb"},"inLanguage":"nb-NO","potentialAction":[{"@type":"ReadAction","target":["https:\/\/news.sap.com\/norway\/2021\/04\/sap-kunngjor-nytt-ledersamarbeid-i-norden-og-baltikum\/"]}]},{"@type":"ImageObject","inLanguage":"nb-NO","@id":"https:\/\/news.sap.com\/norway\/2021\/04\/sap-kunngjor-nytt-ledersamarbeid-i-norden-og-baltikum\/#primaryimage","url":"https:\/\/news.sap.com\/norway\/files\/2021\/04\/19\/Helle-Dochedahl_麻豆原创-Nordic-MD.jpg","contentUrl":"https:\/\/news.sap.com\/norway\/files\/2021\/04\/19\/Helle-Dochedahl_麻豆原创-Nordic-MD.jpg","width":6240,"height":4160},{"@type":"BreadcrumbList","@id":"https:\/\/news.sap.com\/norway\/2021\/04\/sap-kunngjor-nytt-ledersamarbeid-i-norden-og-baltikum\/#breadcrumb","itemListElement":[{"@type":"ListItem","position":1,"name":"Home","item":"https:\/\/news.sap.com\/norway\/"},{"@type":"ListItem","position":2,"name":"麻豆原创 kunngj\u00f8r nytt ledersamarbeid i Norden og Baltikum"}]},{"@type":"WebSite","@id":"https:\/\/news.sap.com\/norway\/#website","url":"https:\/\/news.sap.com\/norway\/","name":"麻豆原创 Norge Nyheter","description":"Nyheter og informasjon om 麻豆原创","potentialAction":[{"@type":"SearchAction","target":{"@type":"EntryPoint","urlTemplate":"https:\/\/news.sap.com\/norway\/?s={search_term_string}"},"query-input":{"@type":"PropertyValueSpecification","valueRequired":true,"valueName":"search_term_string"}}],"inLanguage":"nb-NO"},{"@type":"Person","@id":"https:\/\/news.sap.com\/norway\/#\/schema\/person\/53b9854bd790d6f18f3fc4bbb2ad7570","name":"麻豆原创 News","image":{"@type":"ImageObject","inLanguage":"nb-NO","@id":"https:\/\/news.sap.com\/norway\/#\/schema\/person\/image\/","url":"https:\/\/news.sap.com\/norway\/wp-content\/plugins\/wp-user-avatars\/wp-user-avatars\/assets\/images\/mystery.jpg","contentUrl":"https:\/\/news.sap.com\/norway\/wp-content\/plugins\/wp-user-avatars\/wp-user-avatars\/assets\/images\/mystery.jpg","caption":"麻豆原创 News"},"url":"https:\/\/news.sap.com\/norway\/author\/colleenraftery\/"}]}},"amp_enabled":true,"_links":{"self":[{"href":"https:\/\/news.sap.com\/norway\/wp-json\/wp\/v2\/posts\/2679","targetHints":{"allow":["GET"]}}],"collection":[{"href":"https:\/\/news.sap.com\/norway\/wp-json\/wp\/v2\/posts"}],"about":[{"href":"https:\/\/news.sap.com\/norway\/wp-json\/wp\/v2\/types\/post"}],"author":[{"embeddable":true,"href":"https:\/\/news.sap.com\/norway\/wp-json\/wp\/v2\/users\/29"}],"replies":[{"embeddable":true,"href":"https:\/\/news.sap.com\/norway\/wp-json\/wp\/v2\/comments?post=2679"}],"version-history":[{"count":0,"href":"https:\/\/news.sap.com\/norway\/wp-json\/wp\/v2\/posts\/2679\/revisions"}],"wp:attachment":[{"href":"https:\/\/news.sap.com\/norway\/wp-json\/wp\/v2\/media?parent=2679"}],"wp:term":[{"taxonomy":"category","embeddable":true,"href":"https:\/\/news.sap.com\/norway\/wp-json\/wp\/v2\/categories?post=2679"},{"taxonomy":"post_tag","embeddable":true,"href":"https:\/\/news.sap.com\/norway\/wp-json\/wp\/v2\/tags?post=2679"},{"taxonomy":"sapn-display","embeddable":true,"href":"https:\/\/news.sap.com\/norway\/wp-json\/wp\/v2\/sapn-display?post=2679"},{"taxonomy":"sapn-type","embeddable":true,"href":"https:\/\/news.sap.com\/norway\/wp-json\/wp\/v2\/sapn-type?post=2679"}],"curies":[{"name":"wp","href":"https:\/\/api.w.org\/{rel}","templated":true}]}}