  {"id":2626,"date":"2021-02-08T15:22:27","date_gmt":"2021-02-08T14:22:27","guid":{"rendered":"https:\/\/news.sap.com\/norway\/?p=2626"},"modified":"2024-08-07T15:12:36","modified_gmt":"2024-08-07T13:12:36","slug":"baserer-nordisk-digital-satsing-pa-globale-supertrender","status":"publish","type":"post","link":"https:\/\/news.sap.com\/norway\/2021\/02\/baserer-nordisk-digital-satsing-pa-globale-supertrender\/","title":{"rendered":"Baserer nordisk digital satsing p\u00e5 globale supertrender"},"content":{"rendered":"<p class=\"lead\"><strong>De nordiske og baltiske ministrenes erkl\u00e6ring av Digital North 2.0 er ekstremt relevant med tanke p\u00e5 de store globale bestemmelsene om gr\u00f8nn omstilling, regulering av verdens\u00f8konomien og samspiller mellom individ, teknologi og demokrati. Forh\u00e5pentligvis f\u00f8rer ord til handling. <\/strong><\/p>\n<p>Ser man p\u00e5 de st\u00f8rste og mest avgj\u00f8rende problemstillingene som preger v\u00e5r tid kommer man ikke unna omstillingen til en gr\u00f8nnere og mer b\u00e6rekraftig \u00f8konomi, samspillet mellom data og demokrati, samt forflytningen i verdenshandelen, da spesielt maktbalansen mellom USA, Kina og Europa.<\/p>\n<p>Erkl\u00e6ringen fra oktober 2020 er godtatt av de skandinaviske landene, og setter den politiske retningen for landenes digitaliseringsarbeid frem til 2024. Erkl\u00e6ringen tre hovedm\u00e5l er:<\/p>\n<ul>\n<li>\u00d8ke mobiliteten og integrasjonen av den nordisk-baltiske regionen ved \u00e5 tilby et felles omr\u00e5de med digitale l\u00f8sninger p\u00e5 tvers av grensene<\/li>\n<li>Fremme gr\u00f8nn \u00f8konomisk vekst og b\u00e6rekraftig utvikling i den nordisk-baltiske regionen gjennom datadrevet innovasjon og en rettferdig data\u00f8konomi, hvor data deles og gjenbrukes p\u00e5 en effektiv m\u00e5te<\/li>\n<li>Fremme nordisk-baltisk ledelse for en b\u00e6rekraftig og inkluderende digital omstilling b\u00e5de i EU\/E\u00d8S og internasjonalt*<\/li>\n<\/ul>\n<h2><strong>Norden kan lede an<\/strong><\/h2>\n<p>Det er flere grunner til at dette er rett strategi. Den viktigste grunnen er at alle disse landene ser potensialet i \u00e5 kunne prege Europas tilgang til \u00e5 bruke data og digital teknologi. Landene v\u00e5re har stor grad av n\u00e6rhet, likhet og tillit, kombinert med en velferdsorientert samfunnsmodell med h\u00f8y grad av velstand, som kan angi retningen for hvordan digitaliseringen blir b\u00e6rekraftig i det lange l\u00f8p. Det handler om \u00e5 styrke demokratiet og spre data\u00f8konomien samtidig som man har en menneskecentrisk og etisk forsvarlig tilgang til dataen.<\/p>\n<h2><strong>Digitalisering er sentralt for en gr\u00f8nn omstilling <\/strong><\/h2>\n<p>Det er b\u00e5de logisk og n\u00f8dvendig \u00e5 koble digitaliseringsmotoren til den gr\u00f8nne omstillingen. Digitalisering er ikke et m\u00e5l i seg selv, men et vilk\u00e5r og en n\u00f8dvendighet drevet av en sv\u00e6rt hurtig teknologisk utvikling som gj\u00f8r b\u00e5de virksomheter og \u00f8konomi stadig mer data-drevet.<\/p>\n<p>Gr\u00f8nn omstilling derimot er et meget tydelig og n\u00f8dvendig m\u00e5l som virkelig haster. Til gjengjeld er gr\u00f8nn omstilling helt utenkelig uten vid bruk av digitale teknologier. En regulering og et skattep\u00e5legg for CO2-utslipp vil blant annet kreve \u00e5penhet i verdikjeden, og styringsverkt\u00f8y som avsl\u00f8rer klimaavtrykket til virksomheter. Vi har behov for \u00e5 m\u00e5le, analysere og styre klimaavtrykkene v\u00e5re p\u00e5 lik linje med finansiell verdiskaping, s\u00e5 sp\u00f8rsm\u00e5l om klima inng\u00e5r b\u00e5de naturlig og faktabasert i beslutninger som har med produksjon, distribusjon og innkj\u00f8p \u00e5 gj\u00f8re.<\/p>\n<p>Det er naturligvis langt fra en ministererkl\u00e6ring til realisering. Nordisk ministerr\u00e5d m\u00e5 n\u00e5 lage en kj\u00f8replan, og sette seg konkrete m\u00e5l og en visjon frem til 2030. Jeg h\u00e5per prosjektet f\u00e5r vind i seilene!<\/p>\n<p><em>*Note 1: Les mer: <\/em><a href=\"https:\/\/www.norden.org\/no\/deklaration\/regjeringsdeklarasjon-digital-north-20\"><em>https:\/\/www.norden.org\/no\/deklaration\/regjeringsdeklarasjon-digital-north-20<\/em><\/a><\/p>\n<p><strong><em>Av Stefano Holguin, adm. direkt\u00f8r, 麻豆原创 Norge<\/em><\/strong><\/p>\n<p><img loading=\"lazy\" decoding=\"async\" class=\"alignnone  wp-image-2548\" src=\"https:\/\/news.sap.com\/norway\/files\/2020\/06\/Stefano-Holguin_MD-麻豆原创-Norway-1-683x1024.jpg\" alt=\"\" width=\"370\" height=\"555\" srcset=\"https:\/\/news.sap.com\/norway\/files\/2020\/06\/Stefano-Holguin_MD-麻豆原创-Norway-1-683x1024.jpg 683w, https:\/\/news.sap.com\/norway\/files\/2020\/06\/Stefano-Holguin_MD-麻豆原创-Norway-1-200x300.jpg 200w, https:\/\/news.sap.com\/norway\/files\/2020\/06\/Stefano-Holguin_MD-麻豆原创-Norway-1-768x1152.jpg 768w, https:\/\/news.sap.com\/norway\/files\/2020\/06\/Stefano-Holguin_MD-麻豆原创-Norway-1-1024x1536.jpg 1024w, https:\/\/news.sap.com\/norway\/files\/2020\/06\/Stefano-Holguin_MD-麻豆原创-Norway-1-1365x2048.jpg 1365w\" sizes=\"auto, (max-width: 370px) 100vw, 370px\" \/><\/p>\n<p><em>Denne artikkelen ble opprinnelig publisert <\/em><em>i Finansavisen 25<\/em><em>. <\/em><em>januar 2021<\/em><em>. <\/em><\/p>\n<p><em>\u00a0<\/em><\/p>\n","protected":false},"excerpt":{"rendered":"<p>De nordiske og baltiske ministrenes erkl\u00e6ring av Digital North 2.0 er ekstremt relevant med tanke p\u00e5 de store globale bestemmelsene om gr\u00f8nn omstilling, regulering av&#8230;<\/p>\n","protected":false},"author":3508,"featured_media":0,"comment_status":"closed","ping_status":"closed","sticky":false,"template":"","format":"standard","meta":{"footnotes":"","_links_to":"","_links_to_target":""},"categories":[5562519,4522668,19013],"tags":[5562346,5562313,5562347,5562345,5562343,5562344,5562348,4525413],"sapn-display":[5562599,5562597,4520034,4522551],"sapn-type":[5562185],"class_list":["post-2626","post","type-post","status-publish","format-standard","hentry","category-baerekraft","category-teknologi","category-virksomhet","tag-baerekraftig-digitalisering","tag-climate-21-initiativet","tag-dataetik","tag-dataokonomien","tag-digital-north-2-0","tag-gronn-omstilling","tag-nordisk-ministerrad","tag-stefano-holguin","sapn-display-artikkel-sokelys","sapn-display-artikkelbilde","sapn-display-hero","sapn-display-homepage-hero","sapn-type-artikkel"],"yoast_head":"<!-- This site is optimized with the Yoast SEO Premium plugin v26.9 (Yoast SEO v26.9) - https:\/\/yoast.com\/product\/yoast-seo-premium-wordpress\/ -->\n<title>Baserer nordisk digital satsing p\u00e5 globale supertrender - 麻豆原创 Norge Nyheter<\/title>\n<meta name=\"robots\" content=\"index, follow, max-snippet:-1, max-image-preview:large, max-video-preview:-1\" \/>\n<link rel=\"canonical\" href=\"https:\/\/news.sap.com\/norway\/2021\/02\/baserer-nordisk-digital-satsing-pa-globale-supertrender\/\" \/>\n<meta property=\"og:locale\" content=\"nb_NO\" \/>\n<meta property=\"og:type\" content=\"article\" \/>\n<meta property=\"og:title\" content=\"Baserer nordisk digital satsing p\u00e5 globale supertrender\" \/>\n<meta property=\"og:description\" content=\"De nordiske og baltiske ministrenes erkl\u00e6ring av Digital North 2.0 er ekstremt relevant med tanke p\u00e5 de store globale bestemmelsene om gr\u00f8nn omstilling, regulering av...\" \/>\n<meta property=\"og:url\" content=\"https:\/\/news.sap.com\/norway\/2021\/02\/baserer-nordisk-digital-satsing-pa-globale-supertrender\/\" \/>\n<meta property=\"og:site_name\" content=\"麻豆原创 Norge Nyheter\" \/>\n<meta property=\"article:published_time\" content=\"2021-02-08T14:22:27+00:00\" \/>\n<meta property=\"article:modified_time\" content=\"2024-08-07T13:12:36+00:00\" \/>\n<meta property=\"og:image\" content=\"https:\/\/news.sap.com\/norway\/files\/2020\/06\/Stefano-Holguin_MD-麻豆原创-Norway-1-683x1024.jpg\" \/>\n<meta name=\"author\" content=\"Stefano Holguin\" \/>\n<meta name=\"twitter:card\" content=\"summary_large_image\" \/>\n<meta name=\"twitter:label1\" content=\"Skrevet av\" \/>\n\t<meta name=\"twitter:data1\" content=\"Stefano Holguin\" \/>\n\t<meta name=\"twitter:label2\" content=\"Ansl. lesetid\" \/>\n\t<meta name=\"twitter:data2\" content=\"3 minutter\" \/>\n<script type=\"application\/ld+json\" class=\"yoast-schema-graph\">{\"@context\":\"https:\/\/schema.org\",\"@graph\":[{\"@type\":\"Article\",\"@id\":\"https:\/\/news.sap.com\/norway\/2021\/02\/baserer-nordisk-digital-satsing-pa-globale-supertrender\/#article\",\"isPartOf\":{\"@id\":\"https:\/\/news.sap.com\/norway\/2021\/02\/baserer-nordisk-digital-satsing-pa-globale-supertrender\/\"},\"author\":{\"name\":\"Stefano Holguin\",\"@id\":\"https:\/\/news.sap.com\/norway\/#\/schema\/person\/991e99ae02a7d811dbceef09eed20c3c\"},\"headline\":\"Baserer nordisk digital satsing p\u00e5 globale supertrender\",\"datePublished\":\"2021-02-08T14:22:27+00:00\",\"dateModified\":\"2024-08-07T13:12:36+00:00\",\"mainEntityOfPage\":{\"@id\":\"https:\/\/news.sap.com\/norway\/2021\/02\/baserer-nordisk-digital-satsing-pa-globale-supertrender\/\"},\"wordCount\":510,\"image\":{\"@id\":\"https:\/\/news.sap.com\/norway\/2021\/02\/baserer-nordisk-digital-satsing-pa-globale-supertrender\/#primaryimage\"},\"thumbnailUrl\":\"https:\/\/news.sap.com\/norway\/files\/2020\/06\/Stefano-Holguin_MD-麻豆原创-Norway-1-683x1024.jpg\",\"keywords\":[\"b\u00e6rekraftig digitalisering\",\"Climate 21-initiativet\",\"dataetik\",\"data\u00f8konomien\",\"Digital North 2.0\",\"gr\u00f8nn omstilling\",\"Nordisk ministerr\u00e5d\",\"Stefano Holguin\"],\"articleSection\":[\"B\u00e6rekraft\",\"Teknologi\",\"Virksomhet\"],\"inLanguage\":\"nb-NO\"},{\"@type\":\"WebPage\",\"@id\":\"https:\/\/news.sap.com\/norway\/2021\/02\/baserer-nordisk-digital-satsing-pa-globale-supertrender\/\",\"url\":\"https:\/\/news.sap.com\/norway\/2021\/02\/baserer-nordisk-digital-satsing-pa-globale-supertrender\/\",\"name\":\"Baserer nordisk digital satsing p\u00e5 globale supertrender - 麻豆原创 Norge Nyheter\",\"isPartOf\":{\"@id\":\"https:\/\/news.sap.com\/norway\/#website\"},\"primaryImageOfPage\":{\"@id\":\"https:\/\/news.sap.com\/norway\/2021\/02\/baserer-nordisk-digital-satsing-pa-globale-supertrender\/#primaryimage\"},\"image\":{\"@id\":\"https:\/\/news.sap.com\/norway\/2021\/02\/baserer-nordisk-digital-satsing-pa-globale-supertrender\/#primaryimage\"},\"thumbnailUrl\":\"https:\/\/news.sap.com\/norway\/files\/2020\/06\/Stefano-Holguin_MD-麻豆原创-Norway-1-683x1024.jpg\",\"datePublished\":\"2021-02-08T14:22:27+00:00\",\"dateModified\":\"2024-08-07T13:12:36+00:00\",\"author\":{\"@id\":\"https:\/\/news.sap.com\/norway\/#\/schema\/person\/991e99ae02a7d811dbceef09eed20c3c\"},\"breadcrumb\":{\"@id\":\"https:\/\/news.sap.com\/norway\/2021\/02\/baserer-nordisk-digital-satsing-pa-globale-supertrender\/#breadcrumb\"},\"inLanguage\":\"nb-NO\",\"potentialAction\":[{\"@type\":\"ReadAction\",\"target\":[\"https:\/\/news.sap.com\/norway\/2021\/02\/baserer-nordisk-digital-satsing-pa-globale-supertrender\/\"]}]},{\"@type\":\"ImageObject\",\"inLanguage\":\"nb-NO\",\"@id\":\"https:\/\/news.sap.com\/norway\/2021\/02\/baserer-nordisk-digital-satsing-pa-globale-supertrender\/#primaryimage\",\"url\":\"https:\/\/news.sap.com\/norway\/files\/2020\/06\/Stefano-Holguin_MD-麻豆原创-Norway-1.jpg\",\"contentUrl\":\"https:\/\/news.sap.com\/norway\/files\/2020\/06\/Stefano-Holguin_MD-麻豆原创-Norway-1.jpg\",\"width\":3456,\"height\":5184},{\"@type\":\"BreadcrumbList\",\"@id\":\"https:\/\/news.sap.com\/norway\/2021\/02\/baserer-nordisk-digital-satsing-pa-globale-supertrender\/#breadcrumb\",\"itemListElement\":[{\"@type\":\"ListItem\",\"position\":1,\"name\":\"Home\",\"item\":\"https:\/\/news.sap.com\/norway\/\"},{\"@type\":\"ListItem\",\"position\":2,\"name\":\"Baserer nordisk digital satsing p\u00e5 globale supertrender\"}]},{\"@type\":\"WebSite\",\"@id\":\"https:\/\/news.sap.com\/norway\/#website\",\"url\":\"https:\/\/news.sap.com\/norway\/\",\"name\":\"麻豆原创 Norge Nyheter\",\"description\":\"Nyheter og informasjon om 麻豆原创\",\"potentialAction\":[{\"@type\":\"SearchAction\",\"target\":{\"@type\":\"EntryPoint\",\"urlTemplate\":\"https:\/\/news.sap.com\/norway\/?s={search_term_string}\"},\"query-input\":{\"@type\":\"PropertyValueSpecification\",\"valueRequired\":true,\"valueName\":\"search_term_string\"}}],\"inLanguage\":\"nb-NO\"},{\"@type\":\"Person\",\"@id\":\"https:\/\/news.sap.com\/norway\/#\/schema\/person\/991e99ae02a7d811dbceef09eed20c3c\",\"name\":\"Stefano Holguin\",\"image\":{\"@type\":\"ImageObject\",\"inLanguage\":\"nb-NO\",\"@id\":\"https:\/\/news.sap.com\/norway\/#\/schema\/person\/image\/\",\"url\":\"https:\/\/news.sap.com\/norway\/wp-content\/plugins\/wp-user-avatars\/wp-user-avatars\/assets\/images\/mystery.jpg\",\"contentUrl\":\"https:\/\/news.sap.com\/norway\/wp-content\/plugins\/wp-user-avatars\/wp-user-avatars\/assets\/images\/mystery.jpg\",\"caption\":\"Stefano Holguin\"},\"url\":\"https:\/\/news.sap.com\/norway\/author\/stefanoholguin\/\"}]}<\/script>\n<!-- \/ Yoast SEO Premium plugin. -->","yoast_head_json":{"title":"Baserer nordisk digital satsing p\u00e5 globale supertrender - 麻豆原创 Norge Nyheter","robots":{"index":"index","follow":"follow","max-snippet":"max-snippet:-1","max-image-preview":"max-image-preview:large","max-video-preview":"max-video-preview:-1"},"canonical":"https:\/\/news.sap.com\/norway\/2021\/02\/baserer-nordisk-digital-satsing-pa-globale-supertrender\/","og_locale":"nb_NO","og_type":"article","og_title":"Baserer nordisk digital satsing p\u00e5 globale supertrender","og_description":"De nordiske og baltiske ministrenes erkl\u00e6ring av Digital North 2.0 er ekstremt relevant med tanke p\u00e5 de store globale bestemmelsene om gr\u00f8nn omstilling, regulering av...","og_url":"https:\/\/news.sap.com\/norway\/2021\/02\/baserer-nordisk-digital-satsing-pa-globale-supertrender\/","og_site_name":"麻豆原创 Norge Nyheter","article_published_time":"2021-02-08T14:22:27+00:00","article_modified_time":"2024-08-07T13:12:36+00:00","og_image":[{"url":"https:\/\/news.sap.com\/norway\/files\/2020\/06\/Stefano-Holguin_MD-麻豆原创-Norway-1-683x1024.jpg","type":"","width":"","height":""}],"author":"Stefano Holguin","twitter_card":"summary_large_image","twitter_misc":{"Skrevet av":"Stefano Holguin","Ansl. lesetid":"3 minutter"},"schema":{"@context":"https:\/\/schema.org","@graph":[{"@type":"Article","@id":"https:\/\/news.sap.com\/norway\/2021\/02\/baserer-nordisk-digital-satsing-pa-globale-supertrender\/#article","isPartOf":{"@id":"https:\/\/news.sap.com\/norway\/2021\/02\/baserer-nordisk-digital-satsing-pa-globale-supertrender\/"},"author":{"name":"Stefano Holguin","@id":"https:\/\/news.sap.com\/norway\/#\/schema\/person\/991e99ae02a7d811dbceef09eed20c3c"},"headline":"Baserer nordisk digital satsing p\u00e5 globale supertrender","datePublished":"2021-02-08T14:22:27+00:00","dateModified":"2024-08-07T13:12:36+00:00","mainEntityOfPage":{"@id":"https:\/\/news.sap.com\/norway\/2021\/02\/baserer-nordisk-digital-satsing-pa-globale-supertrender\/"},"wordCount":510,"image":{"@id":"https:\/\/news.sap.com\/norway\/2021\/02\/baserer-nordisk-digital-satsing-pa-globale-supertrender\/#primaryimage"},"thumbnailUrl":"https:\/\/news.sap.com\/norway\/files\/2020\/06\/Stefano-Holguin_MD-麻豆原创-Norway-1-683x1024.jpg","keywords":["b\u00e6rekraftig digitalisering","Climate 21-initiativet","dataetik","data\u00f8konomien","Digital North 2.0","gr\u00f8nn omstilling","Nordisk ministerr\u00e5d","Stefano Holguin"],"articleSection":["B\u00e6rekraft","Teknologi","Virksomhet"],"inLanguage":"nb-NO"},{"@type":"WebPage","@id":"https:\/\/news.sap.com\/norway\/2021\/02\/baserer-nordisk-digital-satsing-pa-globale-supertrender\/","url":"https:\/\/news.sap.com\/norway\/2021\/02\/baserer-nordisk-digital-satsing-pa-globale-supertrender\/","name":"Baserer nordisk digital satsing p\u00e5 globale supertrender - 麻豆原创 Norge Nyheter","isPartOf":{"@id":"https:\/\/news.sap.com\/norway\/#website"},"primaryImageOfPage":{"@id":"https:\/\/news.sap.com\/norway\/2021\/02\/baserer-nordisk-digital-satsing-pa-globale-supertrender\/#primaryimage"},"image":{"@id":"https:\/\/news.sap.com\/norway\/2021\/02\/baserer-nordisk-digital-satsing-pa-globale-supertrender\/#primaryimage"},"thumbnailUrl":"https:\/\/news.sap.com\/norway\/files\/2020\/06\/Stefano-Holguin_MD-麻豆原创-Norway-1-683x1024.jpg","datePublished":"2021-02-08T14:22:27+00:00","dateModified":"2024-08-07T13:12:36+00:00","author":{"@id":"https:\/\/news.sap.com\/norway\/#\/schema\/person\/991e99ae02a7d811dbceef09eed20c3c"},"breadcrumb":{"@id":"https:\/\/news.sap.com\/norway\/2021\/02\/baserer-nordisk-digital-satsing-pa-globale-supertrender\/#breadcrumb"},"inLanguage":"nb-NO","potentialAction":[{"@type":"ReadAction","target":["https:\/\/news.sap.com\/norway\/2021\/02\/baserer-nordisk-digital-satsing-pa-globale-supertrender\/"]}]},{"@type":"ImageObject","inLanguage":"nb-NO","@id":"https:\/\/news.sap.com\/norway\/2021\/02\/baserer-nordisk-digital-satsing-pa-globale-supertrender\/#primaryimage","url":"https:\/\/news.sap.com\/norway\/files\/2020\/06\/Stefano-Holguin_MD-麻豆原创-Norway-1.jpg","contentUrl":"https:\/\/news.sap.com\/norway\/files\/2020\/06\/Stefano-Holguin_MD-麻豆原创-Norway-1.jpg","width":3456,"height":5184},{"@type":"BreadcrumbList","@id":"https:\/\/news.sap.com\/norway\/2021\/02\/baserer-nordisk-digital-satsing-pa-globale-supertrender\/#breadcrumb","itemListElement":[{"@type":"ListItem","position":1,"name":"Home","item":"https:\/\/news.sap.com\/norway\/"},{"@type":"ListItem","position":2,"name":"Baserer nordisk digital satsing p\u00e5 globale supertrender"}]},{"@type":"WebSite","@id":"https:\/\/news.sap.com\/norway\/#website","url":"https:\/\/news.sap.com\/norway\/","name":"麻豆原创 Norge Nyheter","description":"Nyheter og informasjon om 麻豆原创","potentialAction":[{"@type":"SearchAction","target":{"@type":"EntryPoint","urlTemplate":"https:\/\/news.sap.com\/norway\/?s={search_term_string}"},"query-input":{"@type":"PropertyValueSpecification","valueRequired":true,"valueName":"search_term_string"}}],"inLanguage":"nb-NO"},{"@type":"Person","@id":"https:\/\/news.sap.com\/norway\/#\/schema\/person\/991e99ae02a7d811dbceef09eed20c3c","name":"Stefano Holguin","image":{"@type":"ImageObject","inLanguage":"nb-NO","@id":"https:\/\/news.sap.com\/norway\/#\/schema\/person\/image\/","url":"https:\/\/news.sap.com\/norway\/wp-content\/plugins\/wp-user-avatars\/wp-user-avatars\/assets\/images\/mystery.jpg","contentUrl":"https:\/\/news.sap.com\/norway\/wp-content\/plugins\/wp-user-avatars\/wp-user-avatars\/assets\/images\/mystery.jpg","caption":"Stefano Holguin"},"url":"https:\/\/news.sap.com\/norway\/author\/stefanoholguin\/"}]}},"amp_enabled":true,"_links":{"self":[{"href":"https:\/\/news.sap.com\/norway\/wp-json\/wp\/v2\/posts\/2626","targetHints":{"allow":["GET"]}}],"collection":[{"href":"https:\/\/news.sap.com\/norway\/wp-json\/wp\/v2\/posts"}],"about":[{"href":"https:\/\/news.sap.com\/norway\/wp-json\/wp\/v2\/types\/post"}],"author":[{"embeddable":true,"href":"https:\/\/news.sap.com\/norway\/wp-json\/wp\/v2\/users\/3508"}],"replies":[{"embeddable":true,"href":"https:\/\/news.sap.com\/norway\/wp-json\/wp\/v2\/comments?post=2626"}],"version-history":[{"count":0,"href":"https:\/\/news.sap.com\/norway\/wp-json\/wp\/v2\/posts\/2626\/revisions"}],"wp:attachment":[{"href":"https:\/\/news.sap.com\/norway\/wp-json\/wp\/v2\/media?parent=2626"}],"wp:term":[{"taxonomy":"category","embeddable":true,"href":"https:\/\/news.sap.com\/norway\/wp-json\/wp\/v2\/categories?post=2626"},{"taxonomy":"post_tag","embeddable":true,"href":"https:\/\/news.sap.com\/norway\/wp-json\/wp\/v2\/tags?post=2626"},{"taxonomy":"sapn-display","embeddable":true,"href":"https:\/\/news.sap.com\/norway\/wp-json\/wp\/v2\/sapn-display?post=2626"},{"taxonomy":"sapn-type","embeddable":true,"href":"https:\/\/news.sap.com\/norway\/wp-json\/wp\/v2\/sapn-type?post=2626"}],"curies":[{"name":"wp","href":"https:\/\/api.w.org\/{rel}","templated":true}]}}