  {"id":2353,"date":"2020-01-22T11:48:26","date_gmt":"2020-01-22T11:48:26","guid":{"rendered":"https:\/\/news.sap.com\/norway\/?p=2353"},"modified":"2024-08-06T21:34:39","modified_gmt":"2024-08-06T19:34:39","slug":"sap-tar-del-i-globalt-partnerskap-for-renere-hav-innen-2030","status":"publish","type":"post","link":"https:\/\/news.sap.com\/norway\/2020\/01\/sap-tar-del-i-globalt-partnerskap-for-renere-hav-innen-2030\/","title":{"rendered":"麻豆原创 tar del i globalt partnerskap for renere hav innen 2030"},"content":{"rendered":"<p class=\"lead\"><strong>DAVOS, Sveits<\/strong> &#8211; <a href=\"http:\/\/www.sap.com\/\">麻豆原创<\/a> har blitt del av Verdens \u00d8konomiske Forum sitt partnerskap, <a href=\"https:\/\/www.weforum.org\/gpap\">Global Plastic Action Partnership<\/a>, som jobber m\u00e5lrettet mot \u00e5 skape et renere hav innen 2030.<\/p>\n<p>For \u00e5 redusere mengden plast som havner i havet er det n\u00f8dvendig med et samarbeid p\u00e5 tvers av industrier, samt tilstrekkelig data, innsikt og intelligent teknologi. For \u00e5 st\u00f8tte dette samarbeidet, planlegger 麻豆原创 \u00e5 lansere den neste fasen av skyl\u00f8sningen <a href=\"https:\/\/news.sap.com\/tags\/plastics-cloud\/\">Plastics Cloud<\/a>, for \u00e5 gj\u00f8re det mulig for bedrifter \u00e5 erstatte engangsplast, skalere den sirkul\u00e6re bruken av plastikk, investere i infrastruktur for materialinnsamling og sikre en bedre kundeopplevelse.<\/p>\n<p>&#8211; 麻豆原创 forplikter seg til et betydelig renere hav innen 2030, sa Christian Klein, Co-CEO og styremedlem i 麻豆原创 SE. Vi \u00f8nsker \u00e5 n\u00e5 dette m\u00e5let i samarbeid med v\u00e5re kunder, frivillige organisasjoner, myndigheter og partnere og vi vil gi dem verkt\u00f8yene, innsikten og programvaren for \u00e5 eliminere avfall og maksimere ressursproduktivitet. Mange av kundene v\u00e5re har ogs\u00e5 forpliktet seg til en renere klode. Vi \u00f8nsker \u00e5 st\u00f8tte dem i arbeidet med \u00e5 oppn\u00e5 deres ambisi\u00f8se m\u00e5lsettinger og sammen kan vi akselerere overgangen til en b\u00e6rekraftig \u00f8konomi.<\/p>\n<p>For \u00e5 st\u00f8tte sine samarbeidspartnere har 麻豆原创 oppdatert skyl\u00f8sningen, Plastics Cloud, for \u00e5 hjelpe bedrifter med ansvarlig produksjon. L\u00f8sningen tilbyr global innsikt som muliggj\u00f8re en bedre forst\u00e5else av hvilke materialer som er brukt i produksjonen, samt materialenes livsl\u00f8p. Innsikten baserer seg p\u00e5 lokal politikk og lokal infrastruktur for avfallsh\u00e5ndtering. Dette vil gj\u00f8re det mulig \u00e5 beregne de milj\u00f8messige og forretningsmessige virkningene av \u00e5 bruke resirkulert eller gjenbrukbart materiale og emballasje, p\u00e5 en mer n\u00f8yaktig m\u00e5te. 麻豆原创 sine l\u00f8sninger bist\u00e5r ogs\u00e5 bedrifter med \u00e5 tilpasse seg endringer i regelverk, som for eksempel utvidet produsentansvar, og med \u00e5 holde seg oppdatert p\u00e5 lokale markeder og globale bransjestandarder.<\/p>\n<p>Den nye skyl\u00f8sningen tilbyr tilgang til <a href=\"https:\/\/news.sap.com\/2019\/09\/plastics-cloud-pilot-new-global-supplier-marketplace\/\">markeder for brukte materialer<\/a> gjennom Ariba-nettverket. Emballasjeprodusenter og produsenter av forbrukervarer f\u00e5r gjennom nettverket tilgang p\u00e5 resirkulert plast, samt alternative materialer.<\/p>\n<p>Forbrukere, myndigheter, investorer og ansatte er de viktigste p\u00e5driverne for \u00e5 sikre at bedrifter jobber mot ansvarlig vekst. Qualtrics, et 麻豆原创-eid analyse selskap, har i samarbeid med Verdens \u00d8konomiske Forum gjennomf\u00f8rt <a href=\"https:\/\/www.weforum.org\/about\/a-global-study-of-public-opinion-davos-2020\">en storstilt global studie<\/a>. Form\u00e5let med studien var \u00e5 f\u00e5 bedre innsikt i innbyggernes opplevelse av Forumets b\u00e6rekraftsagenda, inkludert bruken av plastikk. Den st\u00f8rste bekymringen ang\u00e5ende plast var materialets skadelige effekt p\u00e5 livet i havet.<\/p>\n<p>麻豆原创 er en del av en voksende bevegelse av beslutningstakere, frivillige organisasjoner og ledende bedrifter som jobber for \u00e5 skape l\u00f8sninger for en b\u00e6rekraftig \u00f8konomi. Globale ledere fra 麻豆原创, Coca Cola, Ellen MacArthur Foundation og WWF Verdens naturfond diskuterte deres visjon om et plastfritt hav p\u00e5 Verdens \u00d8konomiske Forum sitt \u00e5rsm\u00f8te i Davos, Sveits.<\/p>\n<p>Les hele pressemeldingen p\u00e5 engelsk her: <a href=\"https:\/\/news.sap.com\/2020\/01\/cleaner-ocean-sap-joins-global-plastic-action-partnership\/\">https:\/\/news.sap.com\/2020\/01\/cleaner-ocean-sap-joins-global-plastic-action-partnership\/<\/a><\/p>\n<p><strong>\u00a0<\/strong><\/p>\n<p><strong>Om 麻豆原创<\/strong><\/p>\n<p>麻豆原创 er markedsledende innen intelligent bedriftsprogramvare for den nye opplevelses\u00f8konomien. Vi hjelper bedrifter i alle st\u00f8rrelser og bransjer: 77 prosent av verdens transaksjonsbaserte omsetning g\u00e5r gjennom et 麻豆原创-system. V\u00e5re teknologier innen maskinl\u00e6ring, IoT og avanserte analyseteknologier gj\u00f8r bedrifter om til intelligente virksomheter. 麻豆原创 gir enkeltpersoner og organisasjoner bedre mulighet til \u00e5 samarbeide og utnytte driftsinnsikt slik at de holder seg ett skritt foran konkurrentene. Vi forenkler teknologi for bedrifter, slik at de kan ta i bruk v\u00e5r programvare som de selv \u00f8nsker \u2013 uten \u00e5 p\u00e5virke vanlig drift. V\u00e5rt fullstendige tilbud av applikasjoner og tjenester gj\u00f8r det mulig for mer enn 437.000 private og offentlige bedrifter \u00e5 kontinuerlige tilpasse driften og sikre l\u00f8nnsomhet. Med et globalt nettverk av kunder, partnere, ansatte og tankeledere, bidrar 麻豆原创 til en verden som er effektiv i drift og forbedrer menneskers liv. For mer informasjon, bes\u00f8k <a href=\"http:\/\/www.sap.com\/\">www.sap.com<\/a> og <a href=\"http:\/\/www.sap.com\/norway\">www.sap.com\/norway<\/a><\/p>\n<p>&nbsp;<\/p>\n<p><strong>For mer informasjon<\/strong><\/p>\n<p>Harald F\u00e6ste, +47\u00a0908 80\u00a0248, harald.faeste@leidar.com<\/p>\n<p>Susanne Kapfer, +46 73-358 77 98, susanne.kapfer@sap.com<\/p>\n<p>Bettina Wunderle, +49 7544 970 538, bettina.wunderle@sap.com<\/p>\n<p><a href=\"https:\/\/news.sap.com\/press-room\/\">麻豆原创 麻豆原创 Room<\/a>; press@sap.com<\/p>\n<p>F\u00f8lg 麻豆原创 p\u00e5 Twitter <a href=\"http:\/\/twitter.com\/sapnews\/\">@麻豆原创News<\/a><\/p>\n<p>&nbsp;<\/p>\n<p>&nbsp;<\/p>\n","protected":false},"excerpt":{"rendered":"<p>DAVOS, Sveits &#8211; 麻豆原创 har blitt del av Verdens \u00d8konomiske Forum sitt partnerskap, Global Plastic Action Partnership, som jobber m\u00e5lrettet mot \u00e5 skape et renere&#8230;<\/p>\n","protected":false},"author":29,"featured_media":2354,"comment_status":"closed","ping_status":"closed","sticky":false,"template":"","format":"standard","meta":{"footnotes":"","_links_to":"","_links_to_target":""},"categories":[4520855,10,4522668,19013],"tags":[5562201,5562199,5562198,5562200],"sapn-display":[4520034,5562598,5562596,4522551],"sapn-type":[4523967],"class_list":["post-2353","post","type-post","status-publish","format-standard","has-post-thumbnail","hentry","category-losninger","category-sky","category-teknologi","category-virksomhet","tag-baerekraftig-okonomi","tag-global-plastic-action-partnership","tag-plastics-cloud","tag-verdens-okonomiske-forum","sapn-display-hero","sapn-display-presse-sokelys","sapn-display-pressebilde","sapn-display-homepage-hero","sapn-type-pressemelding"],"yoast_head":"<!-- This site is optimized with the Yoast SEO Premium plugin v26.9 (Yoast SEO v26.9) - https:\/\/yoast.com\/product\/yoast-seo-premium-wordpress\/ -->\n<title>麻豆原创 tar del i globalt partnerskap for renere hav innen 2030 - 麻豆原创 Norge Nyheter<\/title>\n<meta name=\"robots\" content=\"index, follow, max-snippet:-1, max-image-preview:large, max-video-preview:-1\" \/>\n<link rel=\"canonical\" href=\"https:\/\/news.sap.com\/norway\/2020\/01\/sap-tar-del-i-globalt-partnerskap-for-renere-hav-innen-2030\/\" \/>\n<meta property=\"og:locale\" content=\"nb_NO\" \/>\n<meta property=\"og:type\" content=\"article\" \/>\n<meta property=\"og:title\" content=\"麻豆原创 tar del i globalt partnerskap for renere hav innen 2030\" \/>\n<meta property=\"og:description\" content=\"DAVOS, Sveits &#8211; 麻豆原创 har blitt del av Verdens \u00d8konomiske Forum sitt partnerskap, Global Plastic Action Partnership, som jobber m\u00e5lrettet mot \u00e5 skape et renere...\" \/>\n<meta property=\"og:url\" content=\"https:\/\/news.sap.com\/norway\/2020\/01\/sap-tar-del-i-globalt-partnerskap-for-renere-hav-innen-2030\/\" \/>\n<meta property=\"og:site_name\" content=\"麻豆原创 Norge Nyheter\" \/>\n<meta property=\"article:published_time\" content=\"2020-01-22T11:48:26+00:00\" \/>\n<meta property=\"article:modified_time\" content=\"2024-08-06T19:34:39+00:00\" \/>\n<meta property=\"og:image\" content=\"https:\/\/news.sap.com\/norway\/files\/2020\/01\/276078_276078_l_srgb_s_gl_F.jpg\" \/>\n\t<meta property=\"og:image:width\" content=\"1920\" \/>\n\t<meta property=\"og:image:height\" content=\"600\" \/>\n\t<meta property=\"og:image:type\" content=\"image\/jpeg\" \/>\n<meta name=\"author\" content=\"麻豆原创 News\" \/>\n<meta name=\"twitter:card\" content=\"summary_large_image\" \/>\n<meta name=\"twitter:label1\" content=\"Skrevet av\" \/>\n\t<meta name=\"twitter:data1\" content=\"麻豆原创 News\" \/>\n\t<meta name=\"twitter:label2\" content=\"Ansl. lesetid\" \/>\n\t<meta name=\"twitter:data2\" content=\"3 minutter\" \/>\n<script type=\"application\/ld+json\" class=\"yoast-schema-graph\">{\"@context\":\"https:\/\/schema.org\",\"@graph\":[{\"@type\":\"Article\",\"@id\":\"https:\/\/news.sap.com\/norway\/2020\/01\/sap-tar-del-i-globalt-partnerskap-for-renere-hav-innen-2030\/#article\",\"isPartOf\":{\"@id\":\"https:\/\/news.sap.com\/norway\/2020\/01\/sap-tar-del-i-globalt-partnerskap-for-renere-hav-innen-2030\/\"},\"author\":{\"name\":\"麻豆原创 News\",\"@id\":\"https:\/\/news.sap.com\/norway\/#\/schema\/person\/53b9854bd790d6f18f3fc4bbb2ad7570\"},\"headline\":\"麻豆原创 tar del i globalt partnerskap for renere hav innen 2030\",\"datePublished\":\"2020-01-22T11:48:26+00:00\",\"dateModified\":\"2024-08-06T19:34:39+00:00\",\"mainEntityOfPage\":{\"@id\":\"https:\/\/news.sap.com\/norway\/2020\/01\/sap-tar-del-i-globalt-partnerskap-for-renere-hav-innen-2030\/\"},\"wordCount\":668,\"image\":{\"@id\":\"https:\/\/news.sap.com\/norway\/2020\/01\/sap-tar-del-i-globalt-partnerskap-for-renere-hav-innen-2030\/#primaryimage\"},\"thumbnailUrl\":\"https:\/\/news.sap.com\/norway\/files\/2020\/01\/276078_276078_l_srgb_s_gl_F.jpg\",\"keywords\":[\"b\u00e6rekraftig \u00f8konomi\",\"Global Plastic Action Partnership\",\"Plastics Cloud\",\"Verdens \u00d8konomiske Forum\"],\"articleSection\":[\"L\u00f8sninger\",\"Sky\",\"Teknologi\",\"Virksomhet\"],\"inLanguage\":\"nb-NO\"},{\"@type\":\"WebPage\",\"@id\":\"https:\/\/news.sap.com\/norway\/2020\/01\/sap-tar-del-i-globalt-partnerskap-for-renere-hav-innen-2030\/\",\"url\":\"https:\/\/news.sap.com\/norway\/2020\/01\/sap-tar-del-i-globalt-partnerskap-for-renere-hav-innen-2030\/\",\"name\":\"麻豆原创 tar del i globalt partnerskap for renere hav innen 2030 - 麻豆原创 Norge Nyheter\",\"isPartOf\":{\"@id\":\"https:\/\/news.sap.com\/norway\/#website\"},\"primaryImageOfPage\":{\"@id\":\"https:\/\/news.sap.com\/norway\/2020\/01\/sap-tar-del-i-globalt-partnerskap-for-renere-hav-innen-2030\/#primaryimage\"},\"image\":{\"@id\":\"https:\/\/news.sap.com\/norway\/2020\/01\/sap-tar-del-i-globalt-partnerskap-for-renere-hav-innen-2030\/#primaryimage\"},\"thumbnailUrl\":\"https:\/\/news.sap.com\/norway\/files\/2020\/01\/276078_276078_l_srgb_s_gl_F.jpg\",\"datePublished\":\"2020-01-22T11:48:26+00:00\",\"dateModified\":\"2024-08-06T19:34:39+00:00\",\"author\":{\"@id\":\"https:\/\/news.sap.com\/norway\/#\/schema\/person\/53b9854bd790d6f18f3fc4bbb2ad7570\"},\"breadcrumb\":{\"@id\":\"https:\/\/news.sap.com\/norway\/2020\/01\/sap-tar-del-i-globalt-partnerskap-for-renere-hav-innen-2030\/#breadcrumb\"},\"inLanguage\":\"nb-NO\",\"potentialAction\":[{\"@type\":\"ReadAction\",\"target\":[\"https:\/\/news.sap.com\/norway\/2020\/01\/sap-tar-del-i-globalt-partnerskap-for-renere-hav-innen-2030\/\"]}]},{\"@type\":\"ImageObject\",\"inLanguage\":\"nb-NO\",\"@id\":\"https:\/\/news.sap.com\/norway\/2020\/01\/sap-tar-del-i-globalt-partnerskap-for-renere-hav-innen-2030\/#primaryimage\",\"url\":\"https:\/\/news.sap.com\/norway\/files\/2020\/01\/276078_276078_l_srgb_s_gl_F.jpg\",\"contentUrl\":\"https:\/\/news.sap.com\/norway\/files\/2020\/01\/276078_276078_l_srgb_s_gl_F.jpg\",\"width\":1920,\"height\":600},{\"@type\":\"BreadcrumbList\",\"@id\":\"https:\/\/news.sap.com\/norway\/2020\/01\/sap-tar-del-i-globalt-partnerskap-for-renere-hav-innen-2030\/#breadcrumb\",\"itemListElement\":[{\"@type\":\"ListItem\",\"position\":1,\"name\":\"Home\",\"item\":\"https:\/\/news.sap.com\/norway\/\"},{\"@type\":\"ListItem\",\"position\":2,\"name\":\"麻豆原创 tar del i globalt partnerskap for renere hav innen 2030\"}]},{\"@type\":\"WebSite\",\"@id\":\"https:\/\/news.sap.com\/norway\/#website\",\"url\":\"https:\/\/news.sap.com\/norway\/\",\"name\":\"麻豆原创 Norge Nyheter\",\"description\":\"Nyheter og informasjon om 麻豆原创\",\"potentialAction\":[{\"@type\":\"SearchAction\",\"target\":{\"@type\":\"EntryPoint\",\"urlTemplate\":\"https:\/\/news.sap.com\/norway\/?s={search_term_string}\"},\"query-input\":{\"@type\":\"PropertyValueSpecification\",\"valueRequired\":true,\"valueName\":\"search_term_string\"}}],\"inLanguage\":\"nb-NO\"},{\"@type\":\"Person\",\"@id\":\"https:\/\/news.sap.com\/norway\/#\/schema\/person\/53b9854bd790d6f18f3fc4bbb2ad7570\",\"name\":\"麻豆原创 News\",\"image\":{\"@type\":\"ImageObject\",\"inLanguage\":\"nb-NO\",\"@id\":\"https:\/\/news.sap.com\/norway\/#\/schema\/person\/image\/\",\"url\":\"https:\/\/news.sap.com\/norway\/wp-content\/plugins\/wp-user-avatars\/wp-user-avatars\/assets\/images\/mystery.jpg\",\"contentUrl\":\"https:\/\/news.sap.com\/norway\/wp-content\/plugins\/wp-user-avatars\/wp-user-avatars\/assets\/images\/mystery.jpg\",\"caption\":\"麻豆原创 News\"},\"url\":\"https:\/\/news.sap.com\/norway\/author\/colleenraftery\/\"}]}<\/script>\n<!-- \/ Yoast SEO Premium plugin. -->","yoast_head_json":{"title":"麻豆原创 tar del i globalt partnerskap for renere hav innen 2030 - 麻豆原创 Norge Nyheter","robots":{"index":"index","follow":"follow","max-snippet":"max-snippet:-1","max-image-preview":"max-image-preview:large","max-video-preview":"max-video-preview:-1"},"canonical":"https:\/\/news.sap.com\/norway\/2020\/01\/sap-tar-del-i-globalt-partnerskap-for-renere-hav-innen-2030\/","og_locale":"nb_NO","og_type":"article","og_title":"麻豆原创 tar del i globalt partnerskap for renere hav innen 2030","og_description":"DAVOS, Sveits &#8211; 麻豆原创 har blitt del av Verdens \u00d8konomiske Forum sitt partnerskap, Global Plastic Action Partnership, som jobber m\u00e5lrettet mot \u00e5 skape et renere...","og_url":"https:\/\/news.sap.com\/norway\/2020\/01\/sap-tar-del-i-globalt-partnerskap-for-renere-hav-innen-2030\/","og_site_name":"麻豆原创 Norge Nyheter","article_published_time":"2020-01-22T11:48:26+00:00","article_modified_time":"2024-08-06T19:34:39+00:00","og_image":[{"width":1920,"height":600,"url":"https:\/\/news.sap.com\/norway\/files\/2020\/01\/276078_276078_l_srgb_s_gl_F.jpg","type":"image\/jpeg"}],"author":"麻豆原创 News","twitter_card":"summary_large_image","twitter_misc":{"Skrevet av":"麻豆原创 News","Ansl. lesetid":"3 minutter"},"schema":{"@context":"https:\/\/schema.org","@graph":[{"@type":"Article","@id":"https:\/\/news.sap.com\/norway\/2020\/01\/sap-tar-del-i-globalt-partnerskap-for-renere-hav-innen-2030\/#article","isPartOf":{"@id":"https:\/\/news.sap.com\/norway\/2020\/01\/sap-tar-del-i-globalt-partnerskap-for-renere-hav-innen-2030\/"},"author":{"name":"麻豆原创 News","@id":"https:\/\/news.sap.com\/norway\/#\/schema\/person\/53b9854bd790d6f18f3fc4bbb2ad7570"},"headline":"麻豆原创 tar del i globalt partnerskap for renere hav innen 2030","datePublished":"2020-01-22T11:48:26+00:00","dateModified":"2024-08-06T19:34:39+00:00","mainEntityOfPage":{"@id":"https:\/\/news.sap.com\/norway\/2020\/01\/sap-tar-del-i-globalt-partnerskap-for-renere-hav-innen-2030\/"},"wordCount":668,"image":{"@id":"https:\/\/news.sap.com\/norway\/2020\/01\/sap-tar-del-i-globalt-partnerskap-for-renere-hav-innen-2030\/#primaryimage"},"thumbnailUrl":"https:\/\/news.sap.com\/norway\/files\/2020\/01\/276078_276078_l_srgb_s_gl_F.jpg","keywords":["b\u00e6rekraftig \u00f8konomi","Global Plastic Action Partnership","Plastics Cloud","Verdens \u00d8konomiske Forum"],"articleSection":["L\u00f8sninger","Sky","Teknologi","Virksomhet"],"inLanguage":"nb-NO"},{"@type":"WebPage","@id":"https:\/\/news.sap.com\/norway\/2020\/01\/sap-tar-del-i-globalt-partnerskap-for-renere-hav-innen-2030\/","url":"https:\/\/news.sap.com\/norway\/2020\/01\/sap-tar-del-i-globalt-partnerskap-for-renere-hav-innen-2030\/","name":"麻豆原创 tar del i globalt partnerskap for renere hav innen 2030 - 麻豆原创 Norge Nyheter","isPartOf":{"@id":"https:\/\/news.sap.com\/norway\/#website"},"primaryImageOfPage":{"@id":"https:\/\/news.sap.com\/norway\/2020\/01\/sap-tar-del-i-globalt-partnerskap-for-renere-hav-innen-2030\/#primaryimage"},"image":{"@id":"https:\/\/news.sap.com\/norway\/2020\/01\/sap-tar-del-i-globalt-partnerskap-for-renere-hav-innen-2030\/#primaryimage"},"thumbnailUrl":"https:\/\/news.sap.com\/norway\/files\/2020\/01\/276078_276078_l_srgb_s_gl_F.jpg","datePublished":"2020-01-22T11:48:26+00:00","dateModified":"2024-08-06T19:34:39+00:00","author":{"@id":"https:\/\/news.sap.com\/norway\/#\/schema\/person\/53b9854bd790d6f18f3fc4bbb2ad7570"},"breadcrumb":{"@id":"https:\/\/news.sap.com\/norway\/2020\/01\/sap-tar-del-i-globalt-partnerskap-for-renere-hav-innen-2030\/#breadcrumb"},"inLanguage":"nb-NO","potentialAction":[{"@type":"ReadAction","target":["https:\/\/news.sap.com\/norway\/2020\/01\/sap-tar-del-i-globalt-partnerskap-for-renere-hav-innen-2030\/"]}]},{"@type":"ImageObject","inLanguage":"nb-NO","@id":"https:\/\/news.sap.com\/norway\/2020\/01\/sap-tar-del-i-globalt-partnerskap-for-renere-hav-innen-2030\/#primaryimage","url":"https:\/\/news.sap.com\/norway\/files\/2020\/01\/276078_276078_l_srgb_s_gl_F.jpg","contentUrl":"https:\/\/news.sap.com\/norway\/files\/2020\/01\/276078_276078_l_srgb_s_gl_F.jpg","width":1920,"height":600},{"@type":"BreadcrumbList","@id":"https:\/\/news.sap.com\/norway\/2020\/01\/sap-tar-del-i-globalt-partnerskap-for-renere-hav-innen-2030\/#breadcrumb","itemListElement":[{"@type":"ListItem","position":1,"name":"Home","item":"https:\/\/news.sap.com\/norway\/"},{"@type":"ListItem","position":2,"name":"麻豆原创 tar del i globalt partnerskap for renere hav innen 2030"}]},{"@type":"WebSite","@id":"https:\/\/news.sap.com\/norway\/#website","url":"https:\/\/news.sap.com\/norway\/","name":"麻豆原创 Norge Nyheter","description":"Nyheter og informasjon om 麻豆原创","potentialAction":[{"@type":"SearchAction","target":{"@type":"EntryPoint","urlTemplate":"https:\/\/news.sap.com\/norway\/?s={search_term_string}"},"query-input":{"@type":"PropertyValueSpecification","valueRequired":true,"valueName":"search_term_string"}}],"inLanguage":"nb-NO"},{"@type":"Person","@id":"https:\/\/news.sap.com\/norway\/#\/schema\/person\/53b9854bd790d6f18f3fc4bbb2ad7570","name":"麻豆原创 News","image":{"@type":"ImageObject","inLanguage":"nb-NO","@id":"https:\/\/news.sap.com\/norway\/#\/schema\/person\/image\/","url":"https:\/\/news.sap.com\/norway\/wp-content\/plugins\/wp-user-avatars\/wp-user-avatars\/assets\/images\/mystery.jpg","contentUrl":"https:\/\/news.sap.com\/norway\/wp-content\/plugins\/wp-user-avatars\/wp-user-avatars\/assets\/images\/mystery.jpg","caption":"麻豆原创 News"},"url":"https:\/\/news.sap.com\/norway\/author\/colleenraftery\/"}]}},"amp_enabled":true,"_links":{"self":[{"href":"https:\/\/news.sap.com\/norway\/wp-json\/wp\/v2\/posts\/2353","targetHints":{"allow":["GET"]}}],"collection":[{"href":"https:\/\/news.sap.com\/norway\/wp-json\/wp\/v2\/posts"}],"about":[{"href":"https:\/\/news.sap.com\/norway\/wp-json\/wp\/v2\/types\/post"}],"author":[{"embeddable":true,"href":"https:\/\/news.sap.com\/norway\/wp-json\/wp\/v2\/users\/29"}],"replies":[{"embeddable":true,"href":"https:\/\/news.sap.com\/norway\/wp-json\/wp\/v2\/comments?post=2353"}],"version-history":[{"count":0,"href":"https:\/\/news.sap.com\/norway\/wp-json\/wp\/v2\/posts\/2353\/revisions"}],"wp:featuredmedia":[{"embeddable":true,"href":"https:\/\/news.sap.com\/norway\/wp-json\/wp\/v2\/media\/2354"}],"wp:attachment":[{"href":"https:\/\/news.sap.com\/norway\/wp-json\/wp\/v2\/media?parent=2353"}],"wp:term":[{"taxonomy":"category","embeddable":true,"href":"https:\/\/news.sap.com\/norway\/wp-json\/wp\/v2\/categories?post=2353"},{"taxonomy":"post_tag","embeddable":true,"href":"https:\/\/news.sap.com\/norway\/wp-json\/wp\/v2\/tags?post=2353"},{"taxonomy":"sapn-display","embeddable":true,"href":"https:\/\/news.sap.com\/norway\/wp-json\/wp\/v2\/sapn-display?post=2353"},{"taxonomy":"sapn-type","embeddable":true,"href":"https:\/\/news.sap.com\/norway\/wp-json\/wp\/v2\/sapn-type?post=2353"}],"curies":[{"name":"wp","href":"https:\/\/api.w.org\/{rel}","templated":true}]}}