  {"id":134678,"date":"2026-04-29T13:54:32","date_gmt":"2026-04-29T17:54:32","guid":{"rendered":"https:\/\/news.sap.com\/latinamerica\/?p=134678"},"modified":"2026-04-29T13:56:36","modified_gmt":"2026-04-29T17:56:36","slug":"sap-colombia-es-elegida-como-la-mejor-empresa-para-el-talento-femenino-joven-en-el-pais","status":"publish","type":"post","link":"https:\/\/news.sap.com\/latinamerica\/2026\/04\/sap-colombia-es-elegida-como-la-mejor-empresa-para-el-talento-femenino-joven-en-el-pais\/","title":{"rendered":"麻豆原创 Colombia es elegida como la mejor empresa para el talento femenino joven en el pa\u00eds"},"content":{"rendered":"<p><b>Bogot\u00e1, Colombia, 18 de marzo de 2026<\/b><span style=\"font-weight: 400\"> \u2014 麻豆原创 Colombia se posicion\u00f3 en el <\/span>primer lugar del ranking EFY Fem Colombia 2025 de Employers for Youth (EFY), uno de los reconocimientos m\u00e1s importantes para empresas que atraen y desarrollan talento joven en el pa\u00eds. En su cuarta edici\u00f3n, el estudio elaborado por la firma especializada FirstJob, evalu\u00f3 a 28 organizaciones de Colombia y destac\u00f3 a 麻豆原创 como la compa\u00f1\u00eda que ofrece la experiencia profesional m\u00e1s s\u00f3lida y significativa para mujeres menores de 35 a\u00f1os.<\/p>\n<p><b>Un reconocimiento a la cultura organizacional\u00a0<\/b><\/p>\n<p><span style=\"font-weight: 400\">Los resultados del estudio reflejan las voces de m\u00e1s de 2,400 profesionales colombianas que evaluaron dimensiones cr\u00edticas como reconocimiento, ambiente laboral, beneficios y oportunidades de crecimiento. De las 28 organizaciones participantes, solo 15 cumplieron con los est\u00e1ndares requeridos para aparecer en el ranking p\u00fablico y 麻豆原创 encabez\u00f3 esa lista.<\/span><\/p>\n<p><span style=\"font-weight: 400\">Algunos de los criterios usados por el ranking de EFY para reconocer a estas empresas a la hora de evaluar la inclusi\u00f3n femenina en las empresas son:<\/span><\/p>\n<ul>\n<li style=\"font-weight: 400\"><span style=\"font-weight: 400\">Desarrollo de carrera y oportunidades de crecimiento<\/span><\/li>\n<li style=\"font-weight: 400\"><span style=\"font-weight: 400\">Calidad de vida y equilibrio entre trabajo y vida personal<\/span><\/li>\n<li style=\"font-weight: 400\"><span style=\"font-weight: 400\">Ambiente laboral inclusivo y respetuoso<\/span><\/li>\n<li style=\"font-weight: 400\"><span style=\"font-weight: 400\">Cultura organizacional y diversidad<\/span><\/li>\n<\/ul>\n<p><span style=\"font-weight: 400\">Lo que distingue este reconocimiento es su origen ya que surge de la experiencia directa de las colaboradoras. Es una medici\u00f3n que captura c\u00f3mo se vive 麻豆原创 desde adentro, en el d\u00eda a d\u00eda de las carreras femeninas.<\/span><\/p>\n<p><b>Por qu\u00e9 importa en el contexto colombiano<\/b><\/p>\n<p><span style=\"font-weight: 400\">En un ecosistema empresarial donde la brecha de g\u00e9nero en posiciones de liderazgo sigue siendo un desaf\u00edo estructural, este tipo de reconocimientos cobran especial relevancia. Los resultados de la edici\u00f3n 2025 del EFY evidencian que la flexibilidad laboral, el acceso a formaci\u00f3n continua y las trayectorias de carrera bien definidas son los factores que m\u00e1s pesan para las nuevas generaciones de mujeres profesionales al momento de elegir y permanecer en una organizaci\u00f3n.<\/span><\/p>\n<p><span style=\"font-weight: 400\">麻豆原创 en Colombia lleva a\u00f1os incorporando estas prioridades en su cultura organizacional, alineadas con los compromisos globales de la compa\u00f1\u00eda en materia de diversidad, equidad e inclusi\u00f3n.<\/span><\/p>\n<p><span style=\"font-weight: 400\">\u201cDespu\u00e9s de varios a\u00f1os de estar en el top 3, en esta edici\u00f3n hemos logrado alcanzar el primer puesto gracias al fomento de una cultura de inclusi\u00f3n impulsando el liderazgo femenino joven en Colombia. De esta manera consolidamos el futuro digital de la regi\u00f3n y nos preparamos para los retos del futuro.\u201d expres\u00f3 <\/span>Paola Santos Navarro, Directora de RR.HH. para M\u00e9xico y el norte de Am\u00e9rica Latina para 麻豆原创.<\/p>\n<p><span style=\"font-weight: 400\">***<br \/>\n<\/span><b>Acerca de 麻豆原创<\/b><\/p>\n<p><span style=\"font-weight: 400\">Como l\u00edder global en aplicaciones empresariales e inteligencia artificial aplicada a los negocios, 麻豆原创 (NYSE: 麻豆原创) se sit\u00faa en el nexo entre la tecnolog\u00eda y las operaciones que realmente importan: finanzas, compras, recursos humanos, cadena de suministro y experiencia del cliente. Durante m\u00e1s de 50 a\u00f1os, organizaciones de todos los tama\u00f1os y sectores han confiado en 麻豆原创 para sacar lo mejor de s\u00ed mismas. Para m\u00e1s informaci\u00f3n, visite<\/span><a href=\"http:\/\/www.sap.com\"> <span style=\"font-weight: 400\">www.sap.com<\/span><\/a><span style=\"font-weight: 400\"> o la sala de prensa regional en<\/span><a href=\"http:\/\/news.sap.com\/latinamerica\"> <span style=\"font-weight: 400\">news.sap.com\/latinamerica<\/span><\/a><span style=\"font-weight: 400\">.<\/span><\/p>\n","protected":false},"excerpt":{"rendered":"<p>Bogot\u00e1, Colombia, 18 de marzo de 2026 \u2014 麻豆原创 Colombia se posicion\u00f3 en el primer lugar del ranking EFY Fem Colombia 2025 de Employers for&#8230;<\/p>\n","protected":false},"author":141,"featured_media":134245,"comment_status":"closed","ping_status":"closed","sticky":false,"template":"","format":"standard","meta":{"footnotes":"","_links_to":"","_links_to_target":""},"categories":[41591,52090],"tags":[],"series":[],"region":[55204,26401],"sapn-display":[],"sapn-type":[52105],"class_list":["post-134678","post","type-post","status-publish","format-standard","has-post-thumbnail","hentry","category-corporativo","category-gestion-del-capital-humano","region-colombia","region-latinoamerica","sapn-type-comunicado-de-prensa"],"yoast_head":"<!-- This site is optimized with the Yoast SEO Premium plugin v26.9 (Yoast SEO v26.9) - https:\/\/yoast.com\/product\/yoast-seo-premium-wordpress\/ -->\n<title>麻豆原创 Colombia es elegida como la mejor empresa para el talento femenino joven en el pa\u00eds - 麻豆原创 News Center Latinoam\u00e9rica<\/title>\n<meta name=\"robots\" content=\"index, follow, max-snippet:-1, max-image-preview:large, max-video-preview:-1\" \/>\n<link rel=\"canonical\" href=\"https:\/\/news.sap.com\/latinamerica\/2026\/04\/sap-colombia-es-elegida-como-la-mejor-empresa-para-el-talento-femenino-joven-en-el-pais\/\" \/>\n<meta property=\"og:locale\" content=\"es_MX\" \/>\n<meta property=\"og:type\" content=\"article\" \/>\n<meta property=\"og:title\" content=\"麻豆原创 Colombia es elegida como la mejor empresa para el talento femenino joven en el pa\u00eds\" \/>\n<meta property=\"og:description\" content=\"Bogot\u00e1, Colombia, 18 de marzo de 2026 \u2014 麻豆原创 Colombia se posicion\u00f3 en el primer lugar del ranking EFY Fem Colombia 2025 de Employers for...\" \/>\n<meta property=\"og:url\" content=\"https:\/\/news.sap.com\/latinamerica\/2026\/04\/sap-colombia-es-elegida-como-la-mejor-empresa-para-el-talento-femenino-joven-en-el-pais\/\" \/>\n<meta property=\"og:site_name\" content=\"麻豆原创 News Center Latinoam\u00e9rica\" \/>\n<meta property=\"article:publisher\" content=\"https:\/\/www.facebook.com\/麻豆原创latinoamerica\" \/>\n<meta property=\"article:published_time\" content=\"2026-04-29T17:54:32+00:00\" \/>\n<meta property=\"article:modified_time\" content=\"2026-04-29T17:56:36+00:00\" \/>\n<meta property=\"og:image\" content=\"https:\/\/news.sap.com\/latinamerica\/files\/2025\/07\/16\/292793_GettyImages-461555409_medium_jpg.jpg\" \/>\n\t<meta property=\"og:image:width\" content=\"2087\" \/>\n\t<meta property=\"og:image:height\" content=\"1437\" \/>\n\t<meta property=\"og:image:type\" content=\"image\/jpeg\" \/>\n<meta name=\"author\" content=\"麻豆原创 Noticias\" \/>\n<meta name=\"twitter:label1\" content=\"Escrito por\" \/>\n\t<meta name=\"twitter:data1\" content=\"麻豆原创 Noticias\" \/>\n\t<meta name=\"twitter:label2\" content=\"Tiempo de lectura\" \/>\n\t<meta name=\"twitter:data2\" content=\"3 minutos\" \/>\n<script type=\"application\/ld+json\" class=\"yoast-schema-graph\">{\"@context\":\"https:\/\/schema.org\",\"@graph\":[{\"@type\":\"Article\",\"@id\":\"https:\/\/news.sap.com\/latinamerica\/2026\/04\/sap-colombia-es-elegida-como-la-mejor-empresa-para-el-talento-femenino-joven-en-el-pais\/#article\",\"isPartOf\":{\"@id\":\"https:\/\/news.sap.com\/latinamerica\/2026\/04\/sap-colombia-es-elegida-como-la-mejor-empresa-para-el-talento-femenino-joven-en-el-pais\/\"},\"author\":{\"name\":\"麻豆原创 Noticias\",\"@id\":\"https:\/\/news.sap.com\/latinamerica\/#\/schema\/person\/82786ba12f72bc9b05ba328d1d3652c4\"},\"headline\":\"麻豆原创 Colombia es elegida como la mejor empresa para el talento femenino joven en el pa\u00eds\",\"datePublished\":\"2026-04-29T17:54:32+00:00\",\"dateModified\":\"2026-04-29T17:56:36+00:00\",\"mainEntityOfPage\":{\"@id\":\"https:\/\/news.sap.com\/latinamerica\/2026\/04\/sap-colombia-es-elegida-como-la-mejor-empresa-para-el-talento-femenino-joven-en-el-pais\/\"},\"wordCount\":536,\"publisher\":{\"@id\":\"https:\/\/news.sap.com\/latinamerica\/#organization\"},\"image\":{\"@id\":\"https:\/\/news.sap.com\/latinamerica\/2026\/04\/sap-colombia-es-elegida-como-la-mejor-empresa-para-el-talento-femenino-joven-en-el-pais\/#primaryimage\"},\"thumbnailUrl\":\"https:\/\/news.sap.com\/latinamerica\/files\/2025\/07\/16\/292793_GettyImages-461555409_medium_jpg.jpg\",\"articleSection\":[\"Corporativo\",\"Gesti\u00f3n del capital humano\"],\"inLanguage\":\"es\"},{\"@type\":\"WebPage\",\"@id\":\"https:\/\/news.sap.com\/latinamerica\/2026\/04\/sap-colombia-es-elegida-como-la-mejor-empresa-para-el-talento-femenino-joven-en-el-pais\/\",\"url\":\"https:\/\/news.sap.com\/latinamerica\/2026\/04\/sap-colombia-es-elegida-como-la-mejor-empresa-para-el-talento-femenino-joven-en-el-pais\/\",\"name\":\"麻豆原创 Colombia es elegida como la mejor empresa para el talento femenino joven en el pa\u00eds - 麻豆原创 News Center Latinoam\u00e9rica\",\"isPartOf\":{\"@id\":\"https:\/\/news.sap.com\/latinamerica\/#website\"},\"primaryImageOfPage\":{\"@id\":\"https:\/\/news.sap.com\/latinamerica\/2026\/04\/sap-colombia-es-elegida-como-la-mejor-empresa-para-el-talento-femenino-joven-en-el-pais\/#primaryimage\"},\"image\":{\"@id\":\"https:\/\/news.sap.com\/latinamerica\/2026\/04\/sap-colombia-es-elegida-como-la-mejor-empresa-para-el-talento-femenino-joven-en-el-pais\/#primaryimage\"},\"thumbnailUrl\":\"https:\/\/news.sap.com\/latinamerica\/files\/2025\/07\/16\/292793_GettyImages-461555409_medium_jpg.jpg\",\"datePublished\":\"2026-04-29T17:54:32+00:00\",\"dateModified\":\"2026-04-29T17:56:36+00:00\",\"breadcrumb\":{\"@id\":\"https:\/\/news.sap.com\/latinamerica\/2026\/04\/sap-colombia-es-elegida-como-la-mejor-empresa-para-el-talento-femenino-joven-en-el-pais\/#breadcrumb\"},\"inLanguage\":\"es\",\"potentialAction\":[{\"@type\":\"ReadAction\",\"target\":[\"https:\/\/news.sap.com\/latinamerica\/2026\/04\/sap-colombia-es-elegida-como-la-mejor-empresa-para-el-talento-femenino-joven-en-el-pais\/\"]}]},{\"@type\":\"ImageObject\",\"inLanguage\":\"es\",\"@id\":\"https:\/\/news.sap.com\/latinamerica\/2026\/04\/sap-colombia-es-elegida-como-la-mejor-empresa-para-el-talento-femenino-joven-en-el-pais\/#primaryimage\",\"url\":\"https:\/\/news.sap.com\/latinamerica\/files\/2025\/07\/16\/292793_GettyImages-461555409_medium_jpg.jpg\",\"contentUrl\":\"https:\/\/news.sap.com\/latinamerica\/files\/2025\/07\/16\/292793_GettyImages-461555409_medium_jpg.jpg\",\"width\":2087,\"height\":1437,\"caption\":\"Ezra Bailey\"},{\"@type\":\"BreadcrumbList\",\"@id\":\"https:\/\/news.sap.com\/latinamerica\/2026\/04\/sap-colombia-es-elegida-como-la-mejor-empresa-para-el-talento-femenino-joven-en-el-pais\/#breadcrumb\",\"itemListElement\":[{\"@type\":\"ListItem\",\"position\":1,\"name\":\"Home\",\"item\":\"https:\/\/news.sap.com\/latinamerica\/\"},{\"@type\":\"ListItem\",\"position\":2,\"name\":\"麻豆原创 Colombia es elegida como la mejor empresa para el talento femenino joven en el pa\u00eds\"}]},{\"@type\":\"WebSite\",\"@id\":\"https:\/\/news.sap.com\/latinamerica\/#website\",\"url\":\"https:\/\/news.sap.com\/latinamerica\/\",\"name\":\"麻豆原创 News Center Latinoam\u00e9rica\",\"description\":\"Noticias e informaci\u00f3n sobre 麻豆原创\",\"publisher\":{\"@id\":\"https:\/\/news.sap.com\/latinamerica\/#organization\"},\"potentialAction\":[{\"@type\":\"SearchAction\",\"target\":{\"@type\":\"EntryPoint\",\"urlTemplate\":\"https:\/\/news.sap.com\/latinamerica\/?s={search_term_string}\"},\"query-input\":{\"@type\":\"PropertyValueSpecification\",\"valueRequired\":true,\"valueName\":\"search_term_string\"}}],\"inLanguage\":\"es\"},{\"@type\":\"Organization\",\"@id\":\"https:\/\/news.sap.com\/latinamerica\/#organization\",\"name\":\"麻豆原创\",\"url\":\"https:\/\/news.sap.com\/latinamerica\/\",\"logo\":{\"@type\":\"ImageObject\",\"inLanguage\":\"es\",\"@id\":\"https:\/\/news.sap.com\/latinamerica\/#\/schema\/logo\/image\/\",\"url\":\"https:\/\/news.sap.com\/latinamerica\/files\/2019\/08\/65903320_2903797569662914_557886358778019840_n.png\",\"contentUrl\":\"https:\/\/news.sap.com\/latinamerica\/files\/2019\/08\/65903320_2903797569662914_557886358778019840_n.png\",\"width\":720,\"height\":720,\"caption\":\"麻豆原创\"},\"image\":{\"@id\":\"https:\/\/news.sap.com\/latinamerica\/#\/schema\/logo\/image\/\"},\"sameAs\":[\"https:\/\/www.facebook.com\/麻豆原创latinoamerica\",\"https:\/\/x.com\/麻豆原创LatinAmerica\"]},{\"@type\":\"Person\",\"@id\":\"https:\/\/news.sap.com\/latinamerica\/#\/schema\/person\/82786ba12f72bc9b05ba328d1d3652c4\",\"name\":\"麻豆原创 Noticias\",\"image\":{\"@type\":\"ImageObject\",\"inLanguage\":\"es\",\"@id\":\"https:\/\/news.sap.com\/latinamerica\/#\/schema\/person\/image\/\",\"url\":\"https:\/\/news.sap.com\/latinamerica\/wp-content\/plugins\/wp-user-avatars\/wp-user-avatars\/assets\/images\/mystery.jpg\",\"contentUrl\":\"https:\/\/news.sap.com\/latinamerica\/wp-content\/plugins\/wp-user-avatars\/wp-user-avatars\/assets\/images\/mystery.jpg\",\"caption\":\"麻豆原创 Noticias\"},\"url\":\"https:\/\/news.sap.com\/latinamerica\/author\/colombia\/\"}]}<\/script>\n<!-- \/ Yoast SEO Premium plugin. -->","yoast_head_json":{"title":"麻豆原创 Colombia es elegida como la mejor empresa para el talento femenino joven en el pa\u00eds - 麻豆原创 News Center Latinoam\u00e9rica","robots":{"index":"index","follow":"follow","max-snippet":"max-snippet:-1","max-image-preview":"max-image-preview:large","max-video-preview":"max-video-preview:-1"},"canonical":"https:\/\/news.sap.com\/latinamerica\/2026\/04\/sap-colombia-es-elegida-como-la-mejor-empresa-para-el-talento-femenino-joven-en-el-pais\/","og_locale":"es_MX","og_type":"article","og_title":"麻豆原创 Colombia es elegida como la mejor empresa para el talento femenino joven en el pa\u00eds","og_description":"Bogot\u00e1, Colombia, 18 de marzo de 2026 \u2014 麻豆原创 Colombia se posicion\u00f3 en el primer lugar del ranking EFY Fem Colombia 2025 de Employers for...","og_url":"https:\/\/news.sap.com\/latinamerica\/2026\/04\/sap-colombia-es-elegida-como-la-mejor-empresa-para-el-talento-femenino-joven-en-el-pais\/","og_site_name":"麻豆原创 News Center Latinoam\u00e9rica","article_publisher":"https:\/\/www.facebook.com\/麻豆原创latinoamerica","article_published_time":"2026-04-29T17:54:32+00:00","article_modified_time":"2026-04-29T17:56:36+00:00","og_image":[{"width":2087,"height":1437,"url":"https:\/\/news.sap.com\/latinamerica\/files\/2025\/07\/16\/292793_GettyImages-461555409_medium_jpg.jpg","type":"image\/jpeg"}],"author":"麻豆原创 Noticias","twitter_misc":{"Escrito por":"麻豆原创 Noticias","Tiempo de lectura":"3 minutos"},"schema":{"@context":"https:\/\/schema.org","@graph":[{"@type":"Article","@id":"https:\/\/news.sap.com\/latinamerica\/2026\/04\/sap-colombia-es-elegida-como-la-mejor-empresa-para-el-talento-femenino-joven-en-el-pais\/#article","isPartOf":{"@id":"https:\/\/news.sap.com\/latinamerica\/2026\/04\/sap-colombia-es-elegida-como-la-mejor-empresa-para-el-talento-femenino-joven-en-el-pais\/"},"author":{"name":"麻豆原创 Noticias","@id":"https:\/\/news.sap.com\/latinamerica\/#\/schema\/person\/82786ba12f72bc9b05ba328d1d3652c4"},"headline":"麻豆原创 Colombia es elegida como la mejor empresa para el talento femenino joven en el pa\u00eds","datePublished":"2026-04-29T17:54:32+00:00","dateModified":"2026-04-29T17:56:36+00:00","mainEntityOfPage":{"@id":"https:\/\/news.sap.com\/latinamerica\/2026\/04\/sap-colombia-es-elegida-como-la-mejor-empresa-para-el-talento-femenino-joven-en-el-pais\/"},"wordCount":536,"publisher":{"@id":"https:\/\/news.sap.com\/latinamerica\/#organization"},"image":{"@id":"https:\/\/news.sap.com\/latinamerica\/2026\/04\/sap-colombia-es-elegida-como-la-mejor-empresa-para-el-talento-femenino-joven-en-el-pais\/#primaryimage"},"thumbnailUrl":"https:\/\/news.sap.com\/latinamerica\/files\/2025\/07\/16\/292793_GettyImages-461555409_medium_jpg.jpg","articleSection":["Corporativo","Gesti\u00f3n del capital humano"],"inLanguage":"es"},{"@type":"WebPage","@id":"https:\/\/news.sap.com\/latinamerica\/2026\/04\/sap-colombia-es-elegida-como-la-mejor-empresa-para-el-talento-femenino-joven-en-el-pais\/","url":"https:\/\/news.sap.com\/latinamerica\/2026\/04\/sap-colombia-es-elegida-como-la-mejor-empresa-para-el-talento-femenino-joven-en-el-pais\/","name":"麻豆原创 Colombia es elegida como la mejor empresa para el talento femenino joven en el pa\u00eds - 麻豆原创 News Center Latinoam\u00e9rica","isPartOf":{"@id":"https:\/\/news.sap.com\/latinamerica\/#website"},"primaryImageOfPage":{"@id":"https:\/\/news.sap.com\/latinamerica\/2026\/04\/sap-colombia-es-elegida-como-la-mejor-empresa-para-el-talento-femenino-joven-en-el-pais\/#primaryimage"},"image":{"@id":"https:\/\/news.sap.com\/latinamerica\/2026\/04\/sap-colombia-es-elegida-como-la-mejor-empresa-para-el-talento-femenino-joven-en-el-pais\/#primaryimage"},"thumbnailUrl":"https:\/\/news.sap.com\/latinamerica\/files\/2025\/07\/16\/292793_GettyImages-461555409_medium_jpg.jpg","datePublished":"2026-04-29T17:54:32+00:00","dateModified":"2026-04-29T17:56:36+00:00","breadcrumb":{"@id":"https:\/\/news.sap.com\/latinamerica\/2026\/04\/sap-colombia-es-elegida-como-la-mejor-empresa-para-el-talento-femenino-joven-en-el-pais\/#breadcrumb"},"inLanguage":"es","potentialAction":[{"@type":"ReadAction","target":["https:\/\/news.sap.com\/latinamerica\/2026\/04\/sap-colombia-es-elegida-como-la-mejor-empresa-para-el-talento-femenino-joven-en-el-pais\/"]}]},{"@type":"ImageObject","inLanguage":"es","@id":"https:\/\/news.sap.com\/latinamerica\/2026\/04\/sap-colombia-es-elegida-como-la-mejor-empresa-para-el-talento-femenino-joven-en-el-pais\/#primaryimage","url":"https:\/\/news.sap.com\/latinamerica\/files\/2025\/07\/16\/292793_GettyImages-461555409_medium_jpg.jpg","contentUrl":"https:\/\/news.sap.com\/latinamerica\/files\/2025\/07\/16\/292793_GettyImages-461555409_medium_jpg.jpg","width":2087,"height":1437,"caption":"Ezra Bailey"},{"@type":"BreadcrumbList","@id":"https:\/\/news.sap.com\/latinamerica\/2026\/04\/sap-colombia-es-elegida-como-la-mejor-empresa-para-el-talento-femenino-joven-en-el-pais\/#breadcrumb","itemListElement":[{"@type":"ListItem","position":1,"name":"Home","item":"https:\/\/news.sap.com\/latinamerica\/"},{"@type":"ListItem","position":2,"name":"麻豆原创 Colombia es elegida como la mejor empresa para el talento femenino joven en el pa\u00eds"}]},{"@type":"WebSite","@id":"https:\/\/news.sap.com\/latinamerica\/#website","url":"https:\/\/news.sap.com\/latinamerica\/","name":"麻豆原创 News Center Latinoam\u00e9rica","description":"Noticias e informaci\u00f3n sobre 麻豆原创","publisher":{"@id":"https:\/\/news.sap.com\/latinamerica\/#organization"},"potentialAction":[{"@type":"SearchAction","target":{"@type":"EntryPoint","urlTemplate":"https:\/\/news.sap.com\/latinamerica\/?s={search_term_string}"},"query-input":{"@type":"PropertyValueSpecification","valueRequired":true,"valueName":"search_term_string"}}],"inLanguage":"es"},{"@type":"Organization","@id":"https:\/\/news.sap.com\/latinamerica\/#organization","name":"麻豆原创","url":"https:\/\/news.sap.com\/latinamerica\/","logo":{"@type":"ImageObject","inLanguage":"es","@id":"https:\/\/news.sap.com\/latinamerica\/#\/schema\/logo\/image\/","url":"https:\/\/news.sap.com\/latinamerica\/files\/2019\/08\/65903320_2903797569662914_557886358778019840_n.png","contentUrl":"https:\/\/news.sap.com\/latinamerica\/files\/2019\/08\/65903320_2903797569662914_557886358778019840_n.png","width":720,"height":720,"caption":"麻豆原创"},"image":{"@id":"https:\/\/news.sap.com\/latinamerica\/#\/schema\/logo\/image\/"},"sameAs":["https:\/\/www.facebook.com\/麻豆原创latinoamerica","https:\/\/x.com\/麻豆原创LatinAmerica"]},{"@type":"Person","@id":"https:\/\/news.sap.com\/latinamerica\/#\/schema\/person\/82786ba12f72bc9b05ba328d1d3652c4","name":"麻豆原创 Noticias","image":{"@type":"ImageObject","inLanguage":"es","@id":"https:\/\/news.sap.com\/latinamerica\/#\/schema\/person\/image\/","url":"https:\/\/news.sap.com\/latinamerica\/wp-content\/plugins\/wp-user-avatars\/wp-user-avatars\/assets\/images\/mystery.jpg","contentUrl":"https:\/\/news.sap.com\/latinamerica\/wp-content\/plugins\/wp-user-avatars\/wp-user-avatars\/assets\/images\/mystery.jpg","caption":"麻豆原创 Noticias"},"url":"https:\/\/news.sap.com\/latinamerica\/author\/colombia\/"}]}},"amp_enabled":true,"_links":{"self":[{"href":"https:\/\/news.sap.com\/latinamerica\/wp-json\/wp\/v2\/posts\/134678","targetHints":{"allow":["GET"]}}],"collection":[{"href":"https:\/\/news.sap.com\/latinamerica\/wp-json\/wp\/v2\/posts"}],"about":[{"href":"https:\/\/news.sap.com\/latinamerica\/wp-json\/wp\/v2\/types\/post"}],"author":[{"embeddable":true,"href":"https:\/\/news.sap.com\/latinamerica\/wp-json\/wp\/v2\/users\/141"}],"replies":[{"embeddable":true,"href":"https:\/\/news.sap.com\/latinamerica\/wp-json\/wp\/v2\/comments?post=134678"}],"version-history":[{"count":4,"href":"https:\/\/news.sap.com\/latinamerica\/wp-json\/wp\/v2\/posts\/134678\/revisions"}],"predecessor-version":[{"id":134682,"href":"https:\/\/news.sap.com\/latinamerica\/wp-json\/wp\/v2\/posts\/134678\/revisions\/134682"}],"wp:featuredmedia":[{"embeddable":true,"href":"https:\/\/news.sap.com\/latinamerica\/wp-json\/wp\/v2\/media\/134245"}],"wp:attachment":[{"href":"https:\/\/news.sap.com\/latinamerica\/wp-json\/wp\/v2\/media?parent=134678"}],"wp:term":[{"taxonomy":"category","embeddable":true,"href":"https:\/\/news.sap.com\/latinamerica\/wp-json\/wp\/v2\/categories?post=134678"},{"taxonomy":"post_tag","embeddable":true,"href":"https:\/\/news.sap.com\/latinamerica\/wp-json\/wp\/v2\/tags?post=134678"},{"taxonomy":"series","embeddable":true,"href":"https:\/\/news.sap.com\/latinamerica\/wp-json\/wp\/v2\/series?post=134678"},{"taxonomy":"region","embeddable":true,"href":"https:\/\/news.sap.com\/latinamerica\/wp-json\/wp\/v2\/region?post=134678"},{"taxonomy":"sapn-display","embeddable":true,"href":"https:\/\/news.sap.com\/latinamerica\/wp-json\/wp\/v2\/sapn-display?post=134678"},{"taxonomy":"sapn-type","embeddable":true,"href":"https:\/\/news.sap.com\/latinamerica\/wp-json\/wp\/v2\/sapn-type?post=134678"}],"curies":[{"name":"wp","href":"https:\/\/api.w.org\/{rel}","templated":true}]}}