  {"id":134566,"date":"2026-02-03T11:20:24","date_gmt":"2026-02-03T16:20:24","guid":{"rendered":"https:\/\/news.sap.com\/latinamerica\/?p=134566"},"modified":"2026-02-03T12:19:45","modified_gmt":"2026-02-03T17:19:45","slug":"adopcion-bottom-la-cultura-de-datos","status":"publish","type":"post","link":"https:\/\/news.sap.com\/latinamerica\/2026\/02\/adopcion-bottom-la-cultura-de-datos\/","title":{"rendered":"Adopci\u00f3n Bottom-Up: Qu\u00e9 Revela Sobre La Cultura De Datos"},"content":{"rendered":"<p><em>Un espejo de la cultura de datos dentro de las compa\u00f1\u00edas.<\/em><\/p>\n<p>Si pensamos en nuestro manejo de herramientas de <a href=\"https:\/\/www.sap.com\/latinamerica\/products\/artificial-intelligence\/what-is-artificial-intelligence.html\" target=\"_blank\" rel=\"noopener\">inteligencia artificial (IA)<\/a> lo m\u00e1s probable es que, tanto para uso personal como profesional, el proceso de adopci\u00f3n haya sido de forma org\u00e1nica, intuitiva y, sobre todo, autodidacta.<\/p>\n<p>Es que los \u00faltimos a\u00f1os estuvimos asistiendo a un fen\u00f3meno silencioso, pero de gran impacto para el futuro de las empresas: un creciente uso espont\u00e1neo de las herramientas por parte de los colaboradores, incluso antes de que la organizaci\u00f3n formalice pol\u00edticas, estrategias o inversiones en IA. Esa adopci\u00f3n <em>bottom-up<\/em> (desde abajo hacia arriba) revela m\u00e1s de lo que parece. Se trata de un espejo de la cultura de datos real dentro de la compa\u00f1\u00eda y, quiz\u00e1s, un indicador temprano de su madurez.<\/p>\n<h2><strong>Un desajuste entre percepci\u00f3n de l\u00edderes y realidad operativa<\/strong><\/h2>\n<p>Un informe reciente de McKinsey &amp; Company muestra que mientras los ejecutivos o C-levels encuestados estimaron que solo un 4% de sus empleados usaban <a href=\"https:\/\/www.sap.com\/latinamerica\/products\/artificial-intelligence\/what-is-generative-ai.html\" target=\"_blank\" rel=\"noopener\">IA generativa<\/a> para al menos 30% de su trabajo diario, en la pr\u00e1ctica ese n\u00famero asciende al 13% de los empleados.<\/p>\n<p>La expectativa de innovar, resolver tareas con agilidad, ser m\u00e1s eficaces o competitivos \u2013o la simple curiosidad por explorar nuevas herramientas\u2013 muchas veces nace desde dentro de los equipos operativos. En la pr\u00e1ctica, esa adopci\u00f3n temprana <a href=\"https:\/\/knowledge.wharton.upenn.edu\/special-report\/2025-ai-adoption-report\/\" target=\"_blank\" rel=\"noopener\">suele darse en usos concretos<\/a>: automatizaci\u00f3n de reportes, redacci\u00f3n y s\u00edntesis de informaci\u00f3n, an\u00e1lisis preliminar de datos, apoyo a la toma de decisiones o mejora de procesos cotidianos.<\/p>\n<p>Y ese uso que empieza de forma improvisada puede indicar apertura hacia lo nuevo, pero tambi\u00e9n confianza impl\u00edcita en los datos para potenciar la experiencia.<\/p>\n<p>No quiero pasar por alto el rol del liderazgo intermedio tampoco. Sobre todo teniendo en cuenta el punto de tensi\u00f3n entre las iniciativas de equipos y la visi\u00f3n del C-Level. Los mandos medios suelen estar atravesados por la presi\u00f3n de resultados de corto plazo, la necesidad de mantener el orden operativo y, al mismo tiempo, la demanda de innovar. Cuando ese equilibrio se gestiona bien, el middle management puede actuar como traductor y habilitador: convierte la adopci\u00f3n espont\u00e1nea en aprendizajes accionables.<\/p>\n<p>En Latinoam\u00e9rica, una regi\u00f3n marcada por su heterogeneidad en donde conviven PyMEs, corporaciones, econom\u00edas informales, diversidad cultural y productiva, este fen\u00f3meno se traduce en talento dispuesto, creatividad, adaptabilidad y muchas veces necesidad. Si las compa\u00f1\u00edas prestan atenci\u00f3n, ese entusiasmo puede tomar una nueva forma y convertirse en ventaja competitiva real.<\/p>\n<h2><strong>Oportunidades de una adopci\u00f3n <em>bottom-up<\/em><\/strong><\/h2>\n<p><strong>\u00a0<\/strong>El primer impulso individual puede transformarse en un motor de innovaci\u00f3n. A partir de la experimentaci\u00f3n r\u00e1pida, los colaboradores prueban nuevas herramientas, descubren flujos de trabajo alternativos y optimizan tareas repetitivas. Dicho de otro modo: generan valor antes de que exista un plan formal.<\/p>\n<p>Adem\u00e1s, la democratizaci\u00f3n de la innovaci\u00f3n puede proveer pistas valiosas sobre las necesidades operativas reales. Se comienzan a sentar precedentes sobre lo que funcion\u00f3 en un equipo, para replicarlo a otra escala dentro de la organizaci\u00f3n.<\/p>\n<p>El impulso de una cultura de datos desde un enfoque pr\u00e1ctico es vital. Cuando el dato deja de considerarse un insumo t\u00e9cnico y empieza a formar parte de la rutina, la organizaci\u00f3n empieza a internalizar su valor estrat\u00e9gico.<\/p>\n<p>Cuando la informalidad, los recursos limitados o la fragmentaci\u00f3n organizativa compite con la ambici\u00f3n de transformar procesos, este tipo de adopci\u00f3n puede catapultar la aceleraci\u00f3n de nuevas tecnolog\u00edas.<\/p>\n<h2><strong>Riesgos y vulnerabilidades: por qu\u00e9 es importante la gobernanza de datos<\/strong><\/h2>\n<p><img loading=\"lazy\" decoding=\"async\" class=\" wp-image-134573 alignleft\" src=\"https:\/\/news.sap.com\/latinamerica\/files\/2026\/02\/03\/306090_Hacker2_R.png\" alt=\"\" width=\"224\" height=\"224\" srcset=\"https:\/\/news.sap.com\/latinamerica\/files\/2026\/02\/03\/306090_Hacker2_R.png 1000w, https:\/\/news.sap.com\/latinamerica\/files\/2026\/02\/03\/306090_Hacker2_R-300x300.png 300w, https:\/\/news.sap.com\/latinamerica\/files\/2026\/02\/03\/306090_Hacker2_R-150x150.png 150w, https:\/\/news.sap.com\/latinamerica\/files\/2026\/02\/03\/306090_Hacker2_R-768x768.png 768w\" sizes=\"auto, (max-width: 224px) 100vw, 224px\" \/>Como toda posibilidad de crecimiento, tambi\u00e9n tiene sus riesgos. Si cada equipo adopta herramientas por su cuenta, pueden generarse silos de informaci\u00f3n, inconsistencias en formatos y ausencia de control de calidad. Sin caer en dramatismos, esto puede limitar la confiabilidad y la oportunidad de escalar.<\/p>\n<p>Aqu\u00ed es donde la <a href=\"https:\/\/www.sap.com\/latinamerica\/products\/data-cloud\/master-data-governance\/what-is-data-governance.html\">gobernanza de datos<\/a> se vuelve cr\u00edtica: establece pol\u00edticas, procesos y responsabilidades claras para garantizar que los datos sean precisos, seguros y utilizados de manera \u00e9tica. Sin una gobernanza, las decisiones sin trazabilidad ni respaldo anal\u00edtico, es decir, las decisiones basadas en IA usadas \u201coff the books\u201d pueden carecer de transparencia, control y criterios claros de responsabilidad o \u00e9tica.<\/p>\n<p>Si hay una falta de supervisi\u00f3n sobre qu\u00e9 datos se usan, c\u00f3mo se almacenan o comparten, se puede exponer a la empresa a riesgos legales o reputacionales: un tema no menor en mercados latinoamericanos con marcos regulatorios en desarrollo.<\/p>\n<p>Y, no menos importante, el uso espont\u00e1neo no garantiza que las soluciones sean sostenibles. Lo que funciona en un equipo, de modo artesanal o puntual, puede no resistir para una estrategia de expansi\u00f3n o crecimiento.<\/p>\n<h2><strong>Transformando el entusiasmo en estrategia<\/strong><\/h2>\n<p>Como primera recomendaci\u00f3n para las empresas, es clave empezar por mapear el uso real de IA y datos en toda la organizaci\u00f3n. Qu\u00e9 herramientas, en qu\u00e9 \u00e1reas, con qu\u00e9 frecuencia, en definitiva, qu\u00e9 datos intervienen, con qu\u00e9 objetivos y con qu\u00e9 resultados.<\/p>\n<p>A partir de ah\u00ed, se podr\u00eda dise\u00f1ar un marco de gobernanza de datos e IA a partir de est\u00e1ndares de calidad, trazabilidad, privacidad, acceso, roles y responsabilidades. Darle lugar a este proceso es el paso m\u00e1s importante para consolidar las bases de un uso ordenado.<\/p>\n<p>Pero la capacitaci\u00f3n ya no puede ser solo t\u00e9cnica: debe incluir conciencia \u00e9tica, entendimiento del valor <a href=\"https:\/\/www.sap.com\/latinamerica\/resources\/what-is-data-strategy\" target=\"_blank\" rel=\"noopener\">estrat\u00e9gico del dato<\/a>, habilidades para interpretar resultados y c\u00f3mo tomar decisiones a partir de la informaci\u00f3n obtenida. En la regi\u00f3n, muchas veces esa capacidad de an\u00e1lisis es uno de los activos m\u00e1s valiosos. De hecho, seg\u00fan un <a href=\"https:\/\/news.sap.com\/latinamerica\/2025\/06\/el-poder-transformador-de-la-ia-en-america-latina\/\" target=\"_blank\" rel=\"noopener\">informe reciente de 麻豆原创 Latin America<\/a>, el 43% de las empresas en la regi\u00f3n ya ve la IA con buena perspectiva, con planes de aumentar la inversi\u00f3n.<\/p>\n<p>No es menor que una <a href=\"https:\/\/news.sap.com\/latinamerica\/2024\/02\/sap-y-mercado-libre-se-unen-para-explorar-nuevos-casos-de-uso-con-ia-generativa\/\">compa\u00f1\u00eda como Mercado Libre<\/a>, a partir de la exploraci\u00f3n de casos concretos de IA generativa, est\u00e9 avanzando en la construcci\u00f3n de una estrategia m\u00e1s integrada de datos e IA. Sobre todo para anticipar escenarios financieros, aumentar la productividad en auditor\u00edas y mejorar experiencias de talento interno: un uso de datos concreto y estrat\u00e9gico.<\/p>\n<p>La adopci\u00f3n bottom-up, en ese sentido, deja una ense\u00f1anza clara: se debe garantizar privacidad, integridad y trazabilidad. Y esto es una responsabilidad compartida entre TI, las \u00e1reas de negocio y los propios usuarios bajo reglas, roles y una sem\u00e1ntica de datos clara y unificada. Este enfoque de gobernanza federada permite escalar el uso de IA sin perder control, alineando autonom\u00eda operativa con consistencia y responsabilidad.<\/p>\n<p>Porque reconocer a los datos como insumo esencial no es un gesto menor, es la base sobre la que se construyen mejores herramientas, an\u00e1lisis, previsiones y, en definitiva, un condicionante para la innovaci\u00f3n.<\/p>\n<p>En Latinoam\u00e9rica, esa infraestructura de datos tiene que ser flexible, representativa y escalable. Por eso, la adopci\u00f3n <em>bottom-up<\/em> no es un s\u00edntoma de desorden, sino de necesidad. Incorporar dentro de las decisiones estrat\u00e9gicas un manejo de datos inteligente puede revelar nuevos productos, servicios o mejoras.<\/p>\n<p><!--more-->En un momento en que la digitalizaci\u00f3n convive con desigualdades estructurales, contar con una infraestructura de datos capaz de integrar informaci\u00f3n proveniente de diversas fuentes, formatos y sistemas se vuelve una oportunidad para construir futuro. Una estrategia de datos consciente, responsable y alineada al contexto potencia la resiliencia, la competitividad y la capacidad de innovar.<\/p>\n<p>&nbsp;<\/p>\n<p><i><span lang=\"ES\">Este art\u00edculo de opini\u00f3n tambi\u00e9n est\u00e1 disponible en <a href=\"https:\/\/news.sap.com\/brazil\/2026\/02\/adocao-bottom-up-a-cultura-de-dados\/\">portugu\u00e9s<\/a><\/span><\/i><\/p>\n<p>&nbsp;<\/p>\n<h4><img loading=\"lazy\" decoding=\"async\" class=\" wp-image-134574 alignleft\" src=\"https:\/\/news.sap.com\/latinamerica\/files\/2026\/02\/03\/301614_Binoculars_R.png\" alt=\"Binoculares\" width=\"67\" height=\"67\" srcset=\"https:\/\/news.sap.com\/latinamerica\/files\/2026\/02\/03\/301614_Binoculars_R.png 1000w, https:\/\/news.sap.com\/latinamerica\/files\/2026\/02\/03\/301614_Binoculars_R-300x300.png 300w, https:\/\/news.sap.com\/latinamerica\/files\/2026\/02\/03\/301614_Binoculars_R-150x150.png 150w, https:\/\/news.sap.com\/latinamerica\/files\/2026\/02\/03\/301614_Binoculars_R-768x768.png 768w\" sizes=\"auto, (max-width: 67px) 100vw, 67px\" \/><\/h4>\n<h4><\/h4>\n<h4><a class=\"button\" href=\"https:\/\/www.sap.com\/latinamerica\/products\/data-cloud.html\" target=\"_blank\" rel=\"noopener\"><strong>麻豆原创 Business Data Cloud<\/strong><\/a><\/h4>\n","protected":false},"excerpt":{"rendered":"<p>Un espejo de la cultura de datos dentro de las compa\u00f1\u00edas. Si pensamos en nuestro manejo de herramientas de inteligencia artificial (IA) lo m\u00e1s probable&#8230;<\/p>\n","protected":false},"author":5198,"featured_media":134585,"comment_status":"closed","ping_status":"closed","sticky":false,"template":"","format":"standard","meta":{"footnotes":"","_links_to":"","_links_to_target":""},"categories":[5600584],"tags":[1494787,5595006],"series":[],"region":[26401],"sapn-display":[5600440,53499],"sapn-type":[6114],"class_list":["post-134566","post","type-post","status-publish","format-standard","has-post-thumbnail","hentry","category-datos-y-analiticas","tag-ai","tag-data-analysis","region-latinoamerica","sapn-display-articulo-principal","sapn-display-hero","sapn-type-articulo"],"yoast_head":"<!-- This site is optimized with the Yoast SEO Premium plugin v26.9 (Yoast SEO v26.9) - https:\/\/yoast.com\/product\/yoast-seo-premium-wordpress\/ -->\n<title>Adopci\u00f3n Bottom-Up: Qu\u00e9 Revela Sobre La Cultura De Datos - 麻豆原创 News Center Latinoam\u00e9rica<\/title>\n<meta name=\"description\" content=\"Descubre la cultura de los datos en las empresas y c\u00f3mo la adopci\u00f3n de herramientas de inteligencia artificial revela su madurez.\" \/>\n<meta name=\"robots\" content=\"index, follow, max-snippet:-1, max-image-preview:large, max-video-preview:-1\" \/>\n<link rel=\"canonical\" href=\"https:\/\/news.sap.com\/latinamerica\/2026\/02\/adopcion-bottom-la-cultura-de-datos\/\" \/>\n<meta property=\"og:locale\" content=\"es_MX\" \/>\n<meta property=\"og:type\" content=\"article\" \/>\n<meta property=\"og:title\" content=\"Adopci\u00f3n Bottom-Up: Qu\u00e9 Revela Sobre La Cultura De Datos\" \/>\n<meta property=\"og:description\" content=\"Descubre la cultura de los datos en las empresas y c\u00f3mo la adopci\u00f3n de herramientas de inteligencia artificial revela su madurez.\" \/>\n<meta property=\"og:url\" content=\"https:\/\/news.sap.com\/latinamerica\/2026\/02\/adopcion-bottom-la-cultura-de-datos\/\" \/>\n<meta property=\"og:site_name\" content=\"麻豆原创 News Center Latinoam\u00e9rica\" \/>\n<meta property=\"article:publisher\" content=\"https:\/\/www.facebook.com\/麻豆原创latinoamerica\" \/>\n<meta property=\"article:published_time\" content=\"2026-02-03T16:20:24+00:00\" \/>\n<meta property=\"article:modified_time\" content=\"2026-02-03T17:19:45+00:00\" \/>\n<meta property=\"og:image\" content=\"https:\/\/news.sap.com\/latinamerica\/files\/2026\/02\/03\/287438_GettyImages-930806306-1024x683.jpg\" \/>\n\t<meta property=\"og:image:width\" content=\"1024\" \/>\n\t<meta property=\"og:image:height\" content=\"683\" \/>\n\t<meta property=\"og:image:type\" content=\"image\/jpeg\" \/>\n<meta name=\"author\" content=\"Rodrigo Solon, Regional Vice President Americas, 麻豆原创 Business Technology Platform (BTP)\" \/>\n<meta name=\"twitter:label1\" content=\"Escrito por\" \/>\n\t<meta name=\"twitter:data1\" content=\"Rodrigo Solon, Regional Vice President Americas, 麻豆原创 Business Technology Platform (BTP)\" \/>\n\t<meta name=\"twitter:label2\" content=\"Tiempo de lectura\" \/>\n\t<meta name=\"twitter:data2\" content=\"7 minutos\" \/>\n<script type=\"application\/ld+json\" class=\"yoast-schema-graph\">{\"@context\":\"https:\/\/schema.org\",\"@graph\":[{\"@type\":\"Article\",\"@id\":\"https:\/\/news.sap.com\/latinamerica\/2026\/02\/adopcion-bottom-la-cultura-de-datos\/#article\",\"isPartOf\":{\"@id\":\"https:\/\/news.sap.com\/latinamerica\/2026\/02\/adopcion-bottom-la-cultura-de-datos\/\"},\"author\":{\"name\":\"Rodrigo Solon, Regional Vice President Americas, 麻豆原创 Business Technology Platform (BTP)\",\"@id\":\"https:\/\/news.sap.com\/latinamerica\/#\/schema\/person\/f3a95bbe0a949c0ac955ffb49a60ceea\"},\"headline\":\"Adopci\u00f3n Bottom-Up: Qu\u00e9 Revela Sobre La Cultura De Datos\",\"datePublished\":\"2026-02-03T16:20:24+00:00\",\"dateModified\":\"2026-02-03T17:19:45+00:00\",\"mainEntityOfPage\":{\"@id\":\"https:\/\/news.sap.com\/latinamerica\/2026\/02\/adopcion-bottom-la-cultura-de-datos\/\"},\"wordCount\":1298,\"publisher\":{\"@id\":\"https:\/\/news.sap.com\/latinamerica\/#organization\"},\"image\":{\"@id\":\"https:\/\/news.sap.com\/latinamerica\/2026\/02\/adopcion-bottom-la-cultura-de-datos\/#primaryimage\"},\"thumbnailUrl\":\"https:\/\/news.sap.com\/latinamerica\/files\/2026\/02\/03\/287438_GettyImages-930806306.jpg\",\"keywords\":[\"AI\",\"Data Analysis\"],\"articleSection\":[\"Datos y Anal\u00edticas\"],\"inLanguage\":\"es\"},{\"@type\":\"WebPage\",\"@id\":\"https:\/\/news.sap.com\/latinamerica\/2026\/02\/adopcion-bottom-la-cultura-de-datos\/\",\"url\":\"https:\/\/news.sap.com\/latinamerica\/2026\/02\/adopcion-bottom-la-cultura-de-datos\/\",\"name\":\"Adopci\u00f3n Bottom-Up: Qu\u00e9 Revela Sobre La Cultura De Datos - 麻豆原创 News Center Latinoam\u00e9rica\",\"isPartOf\":{\"@id\":\"https:\/\/news.sap.com\/latinamerica\/#website\"},\"primaryImageOfPage\":{\"@id\":\"https:\/\/news.sap.com\/latinamerica\/2026\/02\/adopcion-bottom-la-cultura-de-datos\/#primaryimage\"},\"image\":{\"@id\":\"https:\/\/news.sap.com\/latinamerica\/2026\/02\/adopcion-bottom-la-cultura-de-datos\/#primaryimage\"},\"thumbnailUrl\":\"https:\/\/news.sap.com\/latinamerica\/files\/2026\/02\/03\/287438_GettyImages-930806306.jpg\",\"datePublished\":\"2026-02-03T16:20:24+00:00\",\"dateModified\":\"2026-02-03T17:19:45+00:00\",\"description\":\"Descubre la cultura de los datos en las empresas y c\u00f3mo la adopci\u00f3n de herramientas de inteligencia artificial revela su madurez.\",\"breadcrumb\":{\"@id\":\"https:\/\/news.sap.com\/latinamerica\/2026\/02\/adopcion-bottom-la-cultura-de-datos\/#breadcrumb\"},\"inLanguage\":\"es\",\"potentialAction\":[{\"@type\":\"ReadAction\",\"target\":[\"https:\/\/news.sap.com\/latinamerica\/2026\/02\/adopcion-bottom-la-cultura-de-datos\/\"]}]},{\"@type\":\"ImageObject\",\"inLanguage\":\"es\",\"@id\":\"https:\/\/news.sap.com\/latinamerica\/2026\/02\/adopcion-bottom-la-cultura-de-datos\/#primaryimage\",\"url\":\"https:\/\/news.sap.com\/latinamerica\/files\/2026\/02\/03\/287438_GettyImages-930806306.jpg\",\"contentUrl\":\"https:\/\/news.sap.com\/latinamerica\/files\/2026\/02\/03\/287438_GettyImages-930806306.jpg\",\"width\":6000,\"height\":4000,\"caption\":\"Un usuario analizando datos en dispositivos inteligentes\"},{\"@type\":\"BreadcrumbList\",\"@id\":\"https:\/\/news.sap.com\/latinamerica\/2026\/02\/adopcion-bottom-la-cultura-de-datos\/#breadcrumb\",\"itemListElement\":[{\"@type\":\"ListItem\",\"position\":1,\"name\":\"Home\",\"item\":\"https:\/\/news.sap.com\/latinamerica\/\"},{\"@type\":\"ListItem\",\"position\":2,\"name\":\"Adopci\u00f3n Bottom-Up: Qu\u00e9 Revela Sobre La Cultura De Datos\"}]},{\"@type\":\"WebSite\",\"@id\":\"https:\/\/news.sap.com\/latinamerica\/#website\",\"url\":\"https:\/\/news.sap.com\/latinamerica\/\",\"name\":\"麻豆原创 News Center Latinoam\u00e9rica\",\"description\":\"Noticias e informaci\u00f3n sobre 麻豆原创\",\"publisher\":{\"@id\":\"https:\/\/news.sap.com\/latinamerica\/#organization\"},\"potentialAction\":[{\"@type\":\"SearchAction\",\"target\":{\"@type\":\"EntryPoint\",\"urlTemplate\":\"https:\/\/news.sap.com\/latinamerica\/?s={search_term_string}\"},\"query-input\":{\"@type\":\"PropertyValueSpecification\",\"valueRequired\":true,\"valueName\":\"search_term_string\"}}],\"inLanguage\":\"es\"},{\"@type\":\"Organization\",\"@id\":\"https:\/\/news.sap.com\/latinamerica\/#organization\",\"name\":\"麻豆原创\",\"url\":\"https:\/\/news.sap.com\/latinamerica\/\",\"logo\":{\"@type\":\"ImageObject\",\"inLanguage\":\"es\",\"@id\":\"https:\/\/news.sap.com\/latinamerica\/#\/schema\/logo\/image\/\",\"url\":\"https:\/\/news.sap.com\/latinamerica\/files\/2019\/08\/65903320_2903797569662914_557886358778019840_n.png\",\"contentUrl\":\"https:\/\/news.sap.com\/latinamerica\/files\/2019\/08\/65903320_2903797569662914_557886358778019840_n.png\",\"width\":720,\"height\":720,\"caption\":\"麻豆原创\"},\"image\":{\"@id\":\"https:\/\/news.sap.com\/latinamerica\/#\/schema\/logo\/image\/\"},\"sameAs\":[\"https:\/\/www.facebook.com\/麻豆原创latinoamerica\",\"https:\/\/x.com\/麻豆原创LatinAmerica\"]},{\"@type\":\"Person\",\"@id\":\"https:\/\/news.sap.com\/latinamerica\/#\/schema\/person\/f3a95bbe0a949c0ac955ffb49a60ceea\",\"name\":\"Rodrigo Solon, Regional Vice President Americas, 麻豆原创 Business Technology Platform (BTP)\",\"image\":{\"@type\":\"ImageObject\",\"inLanguage\":\"es\",\"@id\":\"https:\/\/news.sap.com\/latinamerica\/#\/schema\/person\/image\/\",\"url\":\"https:\/\/news.sap.com\/latinamerica\/wp-content\/plugins\/wp-user-avatars\/wp-user-avatars\/assets\/images\/mystery.jpg\",\"contentUrl\":\"https:\/\/news.sap.com\/latinamerica\/wp-content\/plugins\/wp-user-avatars\/wp-user-avatars\/assets\/images\/mystery.jpg\",\"caption\":\"Rodrigo Solon, Regional Vice President Americas, 麻豆原创 Business Technology Platform (BTP)\"},\"url\":\"https:\/\/news.sap.com\/latinamerica\/author\/rodrigosolonregionalvicepresidentamericassapbusine\/\"}]}<\/script>\n<!-- \/ Yoast SEO Premium plugin. -->","yoast_head_json":{"title":"Adopci\u00f3n Bottom-Up: Qu\u00e9 Revela Sobre La Cultura De Datos - 麻豆原创 News Center Latinoam\u00e9rica","description":"Descubre la cultura de los datos en las empresas y c\u00f3mo la adopci\u00f3n de herramientas de inteligencia artificial revela su madurez.","robots":{"index":"index","follow":"follow","max-snippet":"max-snippet:-1","max-image-preview":"max-image-preview:large","max-video-preview":"max-video-preview:-1"},"canonical":"https:\/\/news.sap.com\/latinamerica\/2026\/02\/adopcion-bottom-la-cultura-de-datos\/","og_locale":"es_MX","og_type":"article","og_title":"Adopci\u00f3n Bottom-Up: Qu\u00e9 Revela Sobre La Cultura De Datos","og_description":"Descubre la cultura de los datos en las empresas y c\u00f3mo la adopci\u00f3n de herramientas de inteligencia artificial revela su madurez.","og_url":"https:\/\/news.sap.com\/latinamerica\/2026\/02\/adopcion-bottom-la-cultura-de-datos\/","og_site_name":"麻豆原创 News Center Latinoam\u00e9rica","article_publisher":"https:\/\/www.facebook.com\/麻豆原创latinoamerica","article_published_time":"2026-02-03T16:20:24+00:00","article_modified_time":"2026-02-03T17:19:45+00:00","og_image":[{"width":1024,"height":683,"url":"https:\/\/news.sap.com\/latinamerica\/files\/2026\/02\/03\/287438_GettyImages-930806306-1024x683.jpg","type":"image\/jpeg"}],"author":"Rodrigo Solon, Regional Vice President Americas, 麻豆原创 Business Technology Platform (BTP)","twitter_misc":{"Escrito por":"Rodrigo Solon, Regional Vice President Americas, 麻豆原创 Business Technology Platform (BTP)","Tiempo de lectura":"7 minutos"},"schema":{"@context":"https:\/\/schema.org","@graph":[{"@type":"Article","@id":"https:\/\/news.sap.com\/latinamerica\/2026\/02\/adopcion-bottom-la-cultura-de-datos\/#article","isPartOf":{"@id":"https:\/\/news.sap.com\/latinamerica\/2026\/02\/adopcion-bottom-la-cultura-de-datos\/"},"author":{"name":"Rodrigo Solon, Regional Vice President Americas, 麻豆原创 Business Technology Platform (BTP)","@id":"https:\/\/news.sap.com\/latinamerica\/#\/schema\/person\/f3a95bbe0a949c0ac955ffb49a60ceea"},"headline":"Adopci\u00f3n Bottom-Up: Qu\u00e9 Revela Sobre La Cultura De Datos","datePublished":"2026-02-03T16:20:24+00:00","dateModified":"2026-02-03T17:19:45+00:00","mainEntityOfPage":{"@id":"https:\/\/news.sap.com\/latinamerica\/2026\/02\/adopcion-bottom-la-cultura-de-datos\/"},"wordCount":1298,"publisher":{"@id":"https:\/\/news.sap.com\/latinamerica\/#organization"},"image":{"@id":"https:\/\/news.sap.com\/latinamerica\/2026\/02\/adopcion-bottom-la-cultura-de-datos\/#primaryimage"},"thumbnailUrl":"https:\/\/news.sap.com\/latinamerica\/files\/2026\/02\/03\/287438_GettyImages-930806306.jpg","keywords":["AI","Data Analysis"],"articleSection":["Datos y Anal\u00edticas"],"inLanguage":"es"},{"@type":"WebPage","@id":"https:\/\/news.sap.com\/latinamerica\/2026\/02\/adopcion-bottom-la-cultura-de-datos\/","url":"https:\/\/news.sap.com\/latinamerica\/2026\/02\/adopcion-bottom-la-cultura-de-datos\/","name":"Adopci\u00f3n Bottom-Up: Qu\u00e9 Revela Sobre La Cultura De Datos - 麻豆原创 News Center Latinoam\u00e9rica","isPartOf":{"@id":"https:\/\/news.sap.com\/latinamerica\/#website"},"primaryImageOfPage":{"@id":"https:\/\/news.sap.com\/latinamerica\/2026\/02\/adopcion-bottom-la-cultura-de-datos\/#primaryimage"},"image":{"@id":"https:\/\/news.sap.com\/latinamerica\/2026\/02\/adopcion-bottom-la-cultura-de-datos\/#primaryimage"},"thumbnailUrl":"https:\/\/news.sap.com\/latinamerica\/files\/2026\/02\/03\/287438_GettyImages-930806306.jpg","datePublished":"2026-02-03T16:20:24+00:00","dateModified":"2026-02-03T17:19:45+00:00","description":"Descubre la cultura de los datos en las empresas y c\u00f3mo la adopci\u00f3n de herramientas de inteligencia artificial revela su madurez.","breadcrumb":{"@id":"https:\/\/news.sap.com\/latinamerica\/2026\/02\/adopcion-bottom-la-cultura-de-datos\/#breadcrumb"},"inLanguage":"es","potentialAction":[{"@type":"ReadAction","target":["https:\/\/news.sap.com\/latinamerica\/2026\/02\/adopcion-bottom-la-cultura-de-datos\/"]}]},{"@type":"ImageObject","inLanguage":"es","@id":"https:\/\/news.sap.com\/latinamerica\/2026\/02\/adopcion-bottom-la-cultura-de-datos\/#primaryimage","url":"https:\/\/news.sap.com\/latinamerica\/files\/2026\/02\/03\/287438_GettyImages-930806306.jpg","contentUrl":"https:\/\/news.sap.com\/latinamerica\/files\/2026\/02\/03\/287438_GettyImages-930806306.jpg","width":6000,"height":4000,"caption":"Un usuario analizando datos en dispositivos inteligentes"},{"@type":"BreadcrumbList","@id":"https:\/\/news.sap.com\/latinamerica\/2026\/02\/adopcion-bottom-la-cultura-de-datos\/#breadcrumb","itemListElement":[{"@type":"ListItem","position":1,"name":"Home","item":"https:\/\/news.sap.com\/latinamerica\/"},{"@type":"ListItem","position":2,"name":"Adopci\u00f3n Bottom-Up: Qu\u00e9 Revela Sobre La Cultura De Datos"}]},{"@type":"WebSite","@id":"https:\/\/news.sap.com\/latinamerica\/#website","url":"https:\/\/news.sap.com\/latinamerica\/","name":"麻豆原创 News Center Latinoam\u00e9rica","description":"Noticias e informaci\u00f3n sobre 麻豆原创","publisher":{"@id":"https:\/\/news.sap.com\/latinamerica\/#organization"},"potentialAction":[{"@type":"SearchAction","target":{"@type":"EntryPoint","urlTemplate":"https:\/\/news.sap.com\/latinamerica\/?s={search_term_string}"},"query-input":{"@type":"PropertyValueSpecification","valueRequired":true,"valueName":"search_term_string"}}],"inLanguage":"es"},{"@type":"Organization","@id":"https:\/\/news.sap.com\/latinamerica\/#organization","name":"麻豆原创","url":"https:\/\/news.sap.com\/latinamerica\/","logo":{"@type":"ImageObject","inLanguage":"es","@id":"https:\/\/news.sap.com\/latinamerica\/#\/schema\/logo\/image\/","url":"https:\/\/news.sap.com\/latinamerica\/files\/2019\/08\/65903320_2903797569662914_557886358778019840_n.png","contentUrl":"https:\/\/news.sap.com\/latinamerica\/files\/2019\/08\/65903320_2903797569662914_557886358778019840_n.png","width":720,"height":720,"caption":"麻豆原创"},"image":{"@id":"https:\/\/news.sap.com\/latinamerica\/#\/schema\/logo\/image\/"},"sameAs":["https:\/\/www.facebook.com\/麻豆原创latinoamerica","https:\/\/x.com\/麻豆原创LatinAmerica"]},{"@type":"Person","@id":"https:\/\/news.sap.com\/latinamerica\/#\/schema\/person\/f3a95bbe0a949c0ac955ffb49a60ceea","name":"Rodrigo Solon, Regional Vice President Americas, 麻豆原创 Business Technology Platform (BTP)","image":{"@type":"ImageObject","inLanguage":"es","@id":"https:\/\/news.sap.com\/latinamerica\/#\/schema\/person\/image\/","url":"https:\/\/news.sap.com\/latinamerica\/wp-content\/plugins\/wp-user-avatars\/wp-user-avatars\/assets\/images\/mystery.jpg","contentUrl":"https:\/\/news.sap.com\/latinamerica\/wp-content\/plugins\/wp-user-avatars\/wp-user-avatars\/assets\/images\/mystery.jpg","caption":"Rodrigo Solon, Regional Vice President Americas, 麻豆原创 Business Technology Platform (BTP)"},"url":"https:\/\/news.sap.com\/latinamerica\/author\/rodrigosolonregionalvicepresidentamericassapbusine\/"}]}},"amp_enabled":true,"_links":{"self":[{"href":"https:\/\/news.sap.com\/latinamerica\/wp-json\/wp\/v2\/posts\/134566","targetHints":{"allow":["GET"]}}],"collection":[{"href":"https:\/\/news.sap.com\/latinamerica\/wp-json\/wp\/v2\/posts"}],"about":[{"href":"https:\/\/news.sap.com\/latinamerica\/wp-json\/wp\/v2\/types\/post"}],"author":[{"embeddable":true,"href":"https:\/\/news.sap.com\/latinamerica\/wp-json\/wp\/v2\/users\/5198"}],"replies":[{"embeddable":true,"href":"https:\/\/news.sap.com\/latinamerica\/wp-json\/wp\/v2\/comments?post=134566"}],"version-history":[{"count":0,"href":"https:\/\/news.sap.com\/latinamerica\/wp-json\/wp\/v2\/posts\/134566\/revisions"}],"wp:featuredmedia":[{"embeddable":true,"href":"https:\/\/news.sap.com\/latinamerica\/wp-json\/wp\/v2\/media\/134585"}],"wp:attachment":[{"href":"https:\/\/news.sap.com\/latinamerica\/wp-json\/wp\/v2\/media?parent=134566"}],"wp:term":[{"taxonomy":"category","embeddable":true,"href":"https:\/\/news.sap.com\/latinamerica\/wp-json\/wp\/v2\/categories?post=134566"},{"taxonomy":"post_tag","embeddable":true,"href":"https:\/\/news.sap.com\/latinamerica\/wp-json\/wp\/v2\/tags?post=134566"},{"taxonomy":"series","embeddable":true,"href":"https:\/\/news.sap.com\/latinamerica\/wp-json\/wp\/v2\/series?post=134566"},{"taxonomy":"region","embeddable":true,"href":"https:\/\/news.sap.com\/latinamerica\/wp-json\/wp\/v2\/region?post=134566"},{"taxonomy":"sapn-display","embeddable":true,"href":"https:\/\/news.sap.com\/latinamerica\/wp-json\/wp\/v2\/sapn-display?post=134566"},{"taxonomy":"sapn-type","embeddable":true,"href":"https:\/\/news.sap.com\/latinamerica\/wp-json\/wp\/v2\/sapn-type?post=134566"}],"curies":[{"name":"wp","href":"https:\/\/api.w.org\/{rel}","templated":true}]}}