  {"id":134540,"date":"2026-01-13T10:51:26","date_gmt":"2026-01-13T15:51:26","guid":{"rendered":"https:\/\/news.sap.com\/latinamerica\/?p=134540"},"modified":"2026-01-13T10:51:26","modified_gmt":"2026-01-13T15:51:26","slug":"colombina-impulsa-la-armonizacion-de-procesos-y-el-crecimiento-global-con-sap","status":"publish","type":"post","link":"https:\/\/news.sap.com\/latinamerica\/2026\/01\/colombina-impulsa-la-armonizacion-de-procesos-y-el-crecimiento-global-con-sap\/","title":{"rendered":"Colombina Impulsa la armonizaci\u00f3n de procesos y el crecimiento global con 麻豆原创"},"content":{"rendered":"<p><i><span style=\"font-weight: 400\">La compa\u00f1\u00eda colombiana migr\u00f3 a una soluci\u00f3n Cloud ERP Privada para estandarizar sus operaciones, logrando una mejora del 62% en los tiempos de respuesta al cliente y optimizando la toma de decisiones estrat\u00e9gicas.<\/span><\/i><\/p>\n<p><b>Bogot\u00e1, Colombia. 13 de enero de 2026<\/b><span style=\"font-weight: 400\"> \u2014 Colombina S.A., la reconocida multinacional de alimentos y l\u00edder en la industria de la confiter\u00eda en Colombia y Centroam\u00e9rica, ha completado con \u00e9xito su migraci\u00f3n al ecosistema <\/span><b>cloud<\/b><span style=\"font-weight: 400\"> con la implementaci\u00f3n de <\/span><b>RISE with 麻豆原创<\/b><span style=\"font-weight: 400\"> y la soluci\u00f3n <\/span><b>麻豆原创 Cloud ERP Private<\/b><span style=\"font-weight: 400\">.<\/span><\/p>\n<p><span style=\"font-weight: 400\">Con operaciones en m\u00e1s de 80 pa\u00edses, siete plantas de procesamiento y una vasta red que atiende a 750.000 clientes en todo el mundo, la compa\u00f1\u00eda se enfrentaba al desaf\u00edo de estandarizar procesos de negocio clave, como las finanzas y la cadena de suministro, a trav\u00e9s de sus diversos segmentos de mercado. El objetivo principal era impulsar el crecimiento de las ventas, gestionar eficientemente los costos, y asegurar la integridad, disponibilidad y confidencialidad de su informaci\u00f3n.<\/span><\/p>\n<h3><b>La nube como catalizador de la estandarizaci\u00f3n global<\/b><\/h3>\n<p><span style=\"font-weight: 400\">Colombina eligi\u00f3 el camino <\/span><b>RISE with 麻豆原创<\/b><span style=\"font-weight: 400\"> para su migraci\u00f3n desde<\/span><b> 麻豆原创 S\/4HANA<\/b><span style=\"font-weight: 400\"> hacia la nube, adoptando la soluci\u00f3n <\/span><b>麻豆原创 Cloud ERP Private<\/b><span style=\"font-weight: 400\"> a lo largo de 16 pa\u00edses. Esta estrategia le permiti\u00f3 a la compa\u00f1\u00eda integrar y armonizar sus procesos a gran escala, combinando la nueva plataforma con sistemas existentes como <\/span><b>麻豆原创 Fiori<\/b><span style=\"font-weight: 400\">, <\/span><b>麻豆原创 SuccessFactors<\/b><span style=\"font-weight: 400\">,<\/span><b> 麻豆原创 Analytics Cloud<\/b><span style=\"font-weight: 400\"> y <\/span><b>麻豆原创 IBP<\/b><span style=\"font-weight: 400\">. .<\/span><\/p>\n<p><span style=\"font-weight: 400\">&#8220;Busc\u00e1bamos impulsar la innovaci\u00f3n, a la vez que optimiz\u00e1bamos y mejor\u00e1bamos continuamente nuestros procesos operativos, t\u00e1cticos y estrat\u00e9gicos, ya que estos influyen en el crecimiento de nuestras ventas y en el control de gastos.&#8221;, afirm\u00f3 <\/span><b>Jes\u00fas Brand, CIO de Colombina S.A., quien adem\u00e1s agreg\u00f3 que<\/b><span style=\"font-weight: 400\"> &#8220;la soluci\u00f3n 麻豆原创 Cloud ERP Private nos ha ayudado a obtener informaci\u00f3n veraz y oportuna que contribuye a una mejor toma de decisiones&#8221;.<\/span><\/p>\n<h3><b>Resultados medibles y transformaci\u00f3n operacional<\/b><\/h3>\n<p><span style=\"font-weight: 400\">La implementaci\u00f3n no solo ha fortalecido los procesos comerciales, mejorando la experiencia del cliente y contribuyendo a la disminuci\u00f3n de devoluciones, sino que tambi\u00e9n ha arrojado resultados tangibles en eficiencia operativa:<\/span><\/p>\n<ul>\n<li style=\"font-weight: 400\"><b>Tiempos de respuesta optimizados:<\/b><span style=\"font-weight: 400\"> Se logr\u00f3 una <\/span><b>mejora del 62% en los tiempos promedio de respuesta al cliente<\/b><span style=\"font-weight: 400\">.<\/span><\/li>\n<li style=\"font-weight: 400\"><b>Distribuci\u00f3n de carga de trabajo:<\/b><span style=\"font-weight: 400\"> Se observ\u00f3 una <\/span><b>mejora del 167% en la distribuci\u00f3n de la carga de trabajo<\/b><span style=\"font-weight: 400\">, lo que tambi\u00e9n signific\u00f3 una reducci\u00f3n significativa en el uso de CPU en los servidores de aplicaciones.<\/span><\/li>\n<li style=\"font-weight: 400\"><b>Experiencia de usuario: <\/b><span style=\"font-weight: 400\">El n\u00famero de usuarios de las aplicaciones sistema de dise\u00f1o de interfaces de usuario para las aplicaciones de <\/span><b>麻豆原创 Fiori<\/b><span style=\"font-weight: 400\"> aument\u00f3 en un <\/span><b>105%<\/b><span style=\"font-weight: 400\">,\u00a0 facilitando el acceso a la informaci\u00f3n y la gesti\u00f3n de tareas para sus m\u00e1s de <\/span><b>3.000<\/b><span style=\"font-weight: 400\"> empleados.\u00a0<\/span><\/li>\n<\/ul>\n<p><span style=\"font-weight: 400\">Adicionalmente, la soluci\u00f3n le ha dado a Colombina la capacidad de ofrecer <\/span><b>entregas al d\u00eda siguiente<\/b><span style=\"font-weight: 400\"> despu\u00e9s de realizado el pedido, proporcionando informaci\u00f3n de gesti\u00f3n el d\u00eda posterior al cierre de fin de mes, lo cual es fundamental para la planificaci\u00f3n y la toma de decisiones estrat\u00e9gicas.<\/span><\/p>\n<p><span style=\"font-weight: 400\">\u201cEn 麻豆原创, creemos firmemente que la transformaci\u00f3n digital a trav\u00e9s de la nube es el motor de la agilidad y la resiliencia en el mercado actual. Casos como el de Colombina demuestran c\u00f3mo la adopci\u00f3n de un ERP en la nube permite a las empresas modernizar sus procesos a escala global, asegurando que sus decisiones se basen con datos en tiempo real para un crecimiento sostenido\u201d, <\/span><b>Catalina Manrique, Country Manager de 麻豆原创 en Colombia.<\/b><\/p>\n<p><span style=\"font-weight: 400\">****<\/span><\/p>\n<p><b>Acerca de 麻豆原创\u00a0<\/b><\/p>\n<p><span style=\"font-weight: 400\">Como l\u00edder global en aplicaciones empresariales e IA aplicada a los negocios, 麻豆原创 (NYSE:麻豆原创) se sit\u00faa en el nexo entre el negocio y la tecnolog\u00eda. Durante m\u00e1s de 50 a\u00f1os, las organizaciones han confiado en 麻豆原创 para sacar lo mejor de s\u00ed mismas uniendo las operaciones cr\u00edticas para el negocio, que abarcan finanzas, compras, recursos humanos, cadena de suministro y experiencia del cliente. Para obtener m\u00e1s informaci\u00f3n, visite <\/span><a href=\"http:\/\/www.sap.com\/\"><span style=\"font-weight: 400\">www.sap.com<\/span><\/a><span style=\"font-weight: 400\"> o nuestra sala de prensa, <\/span><a href=\"http:\/\/news.sap.com\/latinamerica\"><span style=\"font-weight: 400\">http:\/\/news.sap.com\/latinamerica<\/span><\/a><span style=\"font-weight: 400\">.<\/span><i><\/i><\/p>\n","protected":false},"excerpt":{"rendered":"<p>La compa\u00f1\u00eda colombiana migr\u00f3 a una soluci\u00f3n Cloud ERP Privada para estandarizar sus operaciones, logrando una mejora del 62% en los tiempos de respuesta al&#8230;<\/p>\n","protected":false},"author":141,"featured_media":134393,"comment_status":"closed","ping_status":"closed","sticky":false,"template":"","format":"standard","meta":{"footnotes":"","_links_to":"","_links_to_target":""},"categories":[5600430,52084],"tags":[5600000,5600578,269944],"series":[],"region":[],"sapn-display":[5600442],"sapn-type":[52105],"class_list":["post-134540","post","type-post","status-publish","format-standard","has-post-thumbnail","hentry","category-clientes","category-cloud-temas","tag-rise-with-sap","tag-sap-cloud-erp-private","tag-transformacion-digital","sapn-display-articulo-destacado","sapn-type-comunicado-de-prensa"],"yoast_head":"<!-- This site is optimized with the Yoast SEO Premium plugin v26.9 (Yoast SEO v26.9) - https:\/\/yoast.com\/product\/yoast-seo-premium-wordpress\/ -->\n<title>Colombina Impulsa la armonizaci\u00f3n de procesos y el crecimiento global con 麻豆原创 - 麻豆原创 News Center Latinoam\u00e9rica<\/title>\n<meta name=\"robots\" content=\"index, follow, max-snippet:-1, max-image-preview:large, max-video-preview:-1\" \/>\n<link rel=\"canonical\" href=\"https:\/\/news.sap.com\/latinamerica\/2026\/01\/colombina-impulsa-la-armonizacion-de-procesos-y-el-crecimiento-global-con-sap\/\" \/>\n<meta property=\"og:locale\" content=\"es_MX\" \/>\n<meta property=\"og:type\" content=\"article\" \/>\n<meta property=\"og:title\" content=\"Colombina Impulsa la armonizaci\u00f3n de procesos y el crecimiento global con 麻豆原创\" \/>\n<meta property=\"og:description\" content=\"La compa\u00f1\u00eda colombiana migr\u00f3 a una soluci\u00f3n Cloud ERP Privada para estandarizar sus operaciones, logrando una mejora del 62% en los tiempos de respuesta al...\" \/>\n<meta property=\"og:url\" content=\"https:\/\/news.sap.com\/latinamerica\/2026\/01\/colombina-impulsa-la-armonizacion-de-procesos-y-el-crecimiento-global-con-sap\/\" \/>\n<meta property=\"og:site_name\" content=\"麻豆原创 News Center Latinoam\u00e9rica\" \/>\n<meta property=\"article:publisher\" content=\"https:\/\/www.facebook.com\/麻豆原创latinoamerica\" \/>\n<meta property=\"article:published_time\" content=\"2026-01-13T15:51:26+00:00\" \/>\n<meta property=\"og:image\" content=\"https:\/\/news.sap.com\/latinamerica\/files\/2025\/10\/28\/293368_GettyImages-483147081_large_jpg-1024x544.jpg\" \/>\n\t<meta property=\"og:image:width\" content=\"1024\" \/>\n\t<meta property=\"og:image:height\" content=\"544\" \/>\n\t<meta property=\"og:image:type\" content=\"image\/jpeg\" \/>\n<meta name=\"author\" content=\"麻豆原创 Noticias\" \/>\n<meta name=\"twitter:label1\" content=\"Escrito por\" \/>\n\t<meta name=\"twitter:data1\" content=\"麻豆原创 Noticias\" \/>\n\t<meta name=\"twitter:label2\" content=\"Tiempo de lectura\" \/>\n\t<meta name=\"twitter:data2\" content=\"4 minutos\" \/>\n<script type=\"application\/ld+json\" class=\"yoast-schema-graph\">{\"@context\":\"https:\/\/schema.org\",\"@graph\":[{\"@type\":\"Article\",\"@id\":\"https:\/\/news.sap.com\/latinamerica\/2026\/01\/colombina-impulsa-la-armonizacion-de-procesos-y-el-crecimiento-global-con-sap\/#article\",\"isPartOf\":{\"@id\":\"https:\/\/news.sap.com\/latinamerica\/2026\/01\/colombina-impulsa-la-armonizacion-de-procesos-y-el-crecimiento-global-con-sap\/\"},\"author\":{\"name\":\"麻豆原创 Noticias\",\"@id\":\"https:\/\/news.sap.com\/latinamerica\/#\/schema\/person\/82786ba12f72bc9b05ba328d1d3652c4\"},\"headline\":\"Colombina Impulsa la armonizaci\u00f3n de procesos y el crecimiento global con 麻豆原创\",\"datePublished\":\"2026-01-13T15:51:26+00:00\",\"mainEntityOfPage\":{\"@id\":\"https:\/\/news.sap.com\/latinamerica\/2026\/01\/colombina-impulsa-la-armonizacion-de-procesos-y-el-crecimiento-global-con-sap\/\"},\"wordCount\":704,\"publisher\":{\"@id\":\"https:\/\/news.sap.com\/latinamerica\/#organization\"},\"image\":{\"@id\":\"https:\/\/news.sap.com\/latinamerica\/2026\/01\/colombina-impulsa-la-armonizacion-de-procesos-y-el-crecimiento-global-con-sap\/#primaryimage\"},\"thumbnailUrl\":\"https:\/\/news.sap.com\/latinamerica\/files\/2025\/10\/28\/293368_GettyImages-483147081_large_jpg.jpg\",\"keywords\":[\"RISE with 麻豆原创\",\"麻豆原创 Cloud ERP Private\",\"transformaci\u00f3n digital\"],\"articleSection\":[\"Clientes\",\"Cloud\"],\"inLanguage\":\"es\"},{\"@type\":\"WebPage\",\"@id\":\"https:\/\/news.sap.com\/latinamerica\/2026\/01\/colombina-impulsa-la-armonizacion-de-procesos-y-el-crecimiento-global-con-sap\/\",\"url\":\"https:\/\/news.sap.com\/latinamerica\/2026\/01\/colombina-impulsa-la-armonizacion-de-procesos-y-el-crecimiento-global-con-sap\/\",\"name\":\"Colombina Impulsa la armonizaci\u00f3n de procesos y el crecimiento global con 麻豆原创 - 麻豆原创 News Center Latinoam\u00e9rica\",\"isPartOf\":{\"@id\":\"https:\/\/news.sap.com\/latinamerica\/#website\"},\"primaryImageOfPage\":{\"@id\":\"https:\/\/news.sap.com\/latinamerica\/2026\/01\/colombina-impulsa-la-armonizacion-de-procesos-y-el-crecimiento-global-con-sap\/#primaryimage\"},\"image\":{\"@id\":\"https:\/\/news.sap.com\/latinamerica\/2026\/01\/colombina-impulsa-la-armonizacion-de-procesos-y-el-crecimiento-global-con-sap\/#primaryimage\"},\"thumbnailUrl\":\"https:\/\/news.sap.com\/latinamerica\/files\/2025\/10\/28\/293368_GettyImages-483147081_large_jpg.jpg\",\"datePublished\":\"2026-01-13T15:51:26+00:00\",\"breadcrumb\":{\"@id\":\"https:\/\/news.sap.com\/latinamerica\/2026\/01\/colombina-impulsa-la-armonizacion-de-procesos-y-el-crecimiento-global-con-sap\/#breadcrumb\"},\"inLanguage\":\"es\",\"potentialAction\":[{\"@type\":\"ReadAction\",\"target\":[\"https:\/\/news.sap.com\/latinamerica\/2026\/01\/colombina-impulsa-la-armonizacion-de-procesos-y-el-crecimiento-global-con-sap\/\"]}]},{\"@type\":\"ImageObject\",\"inLanguage\":\"es\",\"@id\":\"https:\/\/news.sap.com\/latinamerica\/2026\/01\/colombina-impulsa-la-armonizacion-de-procesos-y-el-crecimiento-global-con-sap\/#primaryimage\",\"url\":\"https:\/\/news.sap.com\/latinamerica\/files\/2025\/10\/28\/293368_GettyImages-483147081_large_jpg.jpg\",\"contentUrl\":\"https:\/\/news.sap.com\/latinamerica\/files\/2025\/10\/28\/293368_GettyImages-483147081_large_jpg.jpg\",\"width\":6493,\"height\":3450,\"caption\":\"High angle view of a futuristic circuit board. Created exclusively for iStockphoto.\"},{\"@type\":\"BreadcrumbList\",\"@id\":\"https:\/\/news.sap.com\/latinamerica\/2026\/01\/colombina-impulsa-la-armonizacion-de-procesos-y-el-crecimiento-global-con-sap\/#breadcrumb\",\"itemListElement\":[{\"@type\":\"ListItem\",\"position\":1,\"name\":\"Home\",\"item\":\"https:\/\/news.sap.com\/latinamerica\/\"},{\"@type\":\"ListItem\",\"position\":2,\"name\":\"Colombina Impulsa la armonizaci\u00f3n de procesos y el crecimiento global con 麻豆原创\"}]},{\"@type\":\"WebSite\",\"@id\":\"https:\/\/news.sap.com\/latinamerica\/#website\",\"url\":\"https:\/\/news.sap.com\/latinamerica\/\",\"name\":\"麻豆原创 News Center Latinoam\u00e9rica\",\"description\":\"Noticias e informaci\u00f3n sobre 麻豆原创\",\"publisher\":{\"@id\":\"https:\/\/news.sap.com\/latinamerica\/#organization\"},\"potentialAction\":[{\"@type\":\"SearchAction\",\"target\":{\"@type\":\"EntryPoint\",\"urlTemplate\":\"https:\/\/news.sap.com\/latinamerica\/?s={search_term_string}\"},\"query-input\":{\"@type\":\"PropertyValueSpecification\",\"valueRequired\":true,\"valueName\":\"search_term_string\"}}],\"inLanguage\":\"es\"},{\"@type\":\"Organization\",\"@id\":\"https:\/\/news.sap.com\/latinamerica\/#organization\",\"name\":\"麻豆原创\",\"url\":\"https:\/\/news.sap.com\/latinamerica\/\",\"logo\":{\"@type\":\"ImageObject\",\"inLanguage\":\"es\",\"@id\":\"https:\/\/news.sap.com\/latinamerica\/#\/schema\/logo\/image\/\",\"url\":\"https:\/\/news.sap.com\/latinamerica\/files\/2019\/08\/65903320_2903797569662914_557886358778019840_n.png\",\"contentUrl\":\"https:\/\/news.sap.com\/latinamerica\/files\/2019\/08\/65903320_2903797569662914_557886358778019840_n.png\",\"width\":720,\"height\":720,\"caption\":\"麻豆原创\"},\"image\":{\"@id\":\"https:\/\/news.sap.com\/latinamerica\/#\/schema\/logo\/image\/\"},\"sameAs\":[\"https:\/\/www.facebook.com\/麻豆原创latinoamerica\",\"https:\/\/x.com\/麻豆原创LatinAmerica\"]},{\"@type\":\"Person\",\"@id\":\"https:\/\/news.sap.com\/latinamerica\/#\/schema\/person\/82786ba12f72bc9b05ba328d1d3652c4\",\"name\":\"麻豆原创 Noticias\",\"image\":{\"@type\":\"ImageObject\",\"inLanguage\":\"es\",\"@id\":\"https:\/\/news.sap.com\/latinamerica\/#\/schema\/person\/image\/\",\"url\":\"https:\/\/news.sap.com\/latinamerica\/wp-content\/plugins\/wp-user-avatars\/wp-user-avatars\/assets\/images\/mystery.jpg\",\"contentUrl\":\"https:\/\/news.sap.com\/latinamerica\/wp-content\/plugins\/wp-user-avatars\/wp-user-avatars\/assets\/images\/mystery.jpg\",\"caption\":\"麻豆原创 Noticias\"},\"url\":\"https:\/\/news.sap.com\/latinamerica\/author\/colombia\/\"}]}<\/script>\n<!-- \/ Yoast SEO Premium plugin. -->","yoast_head_json":{"title":"Colombina Impulsa la armonizaci\u00f3n de procesos y el crecimiento global con 麻豆原创 - 麻豆原创 News Center Latinoam\u00e9rica","robots":{"index":"index","follow":"follow","max-snippet":"max-snippet:-1","max-image-preview":"max-image-preview:large","max-video-preview":"max-video-preview:-1"},"canonical":"https:\/\/news.sap.com\/latinamerica\/2026\/01\/colombina-impulsa-la-armonizacion-de-procesos-y-el-crecimiento-global-con-sap\/","og_locale":"es_MX","og_type":"article","og_title":"Colombina Impulsa la armonizaci\u00f3n de procesos y el crecimiento global con 麻豆原创","og_description":"La compa\u00f1\u00eda colombiana migr\u00f3 a una soluci\u00f3n Cloud ERP Privada para estandarizar sus operaciones, logrando una mejora del 62% en los tiempos de respuesta al...","og_url":"https:\/\/news.sap.com\/latinamerica\/2026\/01\/colombina-impulsa-la-armonizacion-de-procesos-y-el-crecimiento-global-con-sap\/","og_site_name":"麻豆原创 News Center Latinoam\u00e9rica","article_publisher":"https:\/\/www.facebook.com\/麻豆原创latinoamerica","article_published_time":"2026-01-13T15:51:26+00:00","og_image":[{"width":1024,"height":544,"url":"https:\/\/news.sap.com\/latinamerica\/files\/2025\/10\/28\/293368_GettyImages-483147081_large_jpg-1024x544.jpg","type":"image\/jpeg"}],"author":"麻豆原创 Noticias","twitter_misc":{"Escrito por":"麻豆原创 Noticias","Tiempo de lectura":"4 minutos"},"schema":{"@context":"https:\/\/schema.org","@graph":[{"@type":"Article","@id":"https:\/\/news.sap.com\/latinamerica\/2026\/01\/colombina-impulsa-la-armonizacion-de-procesos-y-el-crecimiento-global-con-sap\/#article","isPartOf":{"@id":"https:\/\/news.sap.com\/latinamerica\/2026\/01\/colombina-impulsa-la-armonizacion-de-procesos-y-el-crecimiento-global-con-sap\/"},"author":{"name":"麻豆原创 Noticias","@id":"https:\/\/news.sap.com\/latinamerica\/#\/schema\/person\/82786ba12f72bc9b05ba328d1d3652c4"},"headline":"Colombina Impulsa la armonizaci\u00f3n de procesos y el crecimiento global con 麻豆原创","datePublished":"2026-01-13T15:51:26+00:00","mainEntityOfPage":{"@id":"https:\/\/news.sap.com\/latinamerica\/2026\/01\/colombina-impulsa-la-armonizacion-de-procesos-y-el-crecimiento-global-con-sap\/"},"wordCount":704,"publisher":{"@id":"https:\/\/news.sap.com\/latinamerica\/#organization"},"image":{"@id":"https:\/\/news.sap.com\/latinamerica\/2026\/01\/colombina-impulsa-la-armonizacion-de-procesos-y-el-crecimiento-global-con-sap\/#primaryimage"},"thumbnailUrl":"https:\/\/news.sap.com\/latinamerica\/files\/2025\/10\/28\/293368_GettyImages-483147081_large_jpg.jpg","keywords":["RISE with 麻豆原创","麻豆原创 Cloud ERP Private","transformaci\u00f3n digital"],"articleSection":["Clientes","Cloud"],"inLanguage":"es"},{"@type":"WebPage","@id":"https:\/\/news.sap.com\/latinamerica\/2026\/01\/colombina-impulsa-la-armonizacion-de-procesos-y-el-crecimiento-global-con-sap\/","url":"https:\/\/news.sap.com\/latinamerica\/2026\/01\/colombina-impulsa-la-armonizacion-de-procesos-y-el-crecimiento-global-con-sap\/","name":"Colombina Impulsa la armonizaci\u00f3n de procesos y el crecimiento global con 麻豆原创 - 麻豆原创 News Center Latinoam\u00e9rica","isPartOf":{"@id":"https:\/\/news.sap.com\/latinamerica\/#website"},"primaryImageOfPage":{"@id":"https:\/\/news.sap.com\/latinamerica\/2026\/01\/colombina-impulsa-la-armonizacion-de-procesos-y-el-crecimiento-global-con-sap\/#primaryimage"},"image":{"@id":"https:\/\/news.sap.com\/latinamerica\/2026\/01\/colombina-impulsa-la-armonizacion-de-procesos-y-el-crecimiento-global-con-sap\/#primaryimage"},"thumbnailUrl":"https:\/\/news.sap.com\/latinamerica\/files\/2025\/10\/28\/293368_GettyImages-483147081_large_jpg.jpg","datePublished":"2026-01-13T15:51:26+00:00","breadcrumb":{"@id":"https:\/\/news.sap.com\/latinamerica\/2026\/01\/colombina-impulsa-la-armonizacion-de-procesos-y-el-crecimiento-global-con-sap\/#breadcrumb"},"inLanguage":"es","potentialAction":[{"@type":"ReadAction","target":["https:\/\/news.sap.com\/latinamerica\/2026\/01\/colombina-impulsa-la-armonizacion-de-procesos-y-el-crecimiento-global-con-sap\/"]}]},{"@type":"ImageObject","inLanguage":"es","@id":"https:\/\/news.sap.com\/latinamerica\/2026\/01\/colombina-impulsa-la-armonizacion-de-procesos-y-el-crecimiento-global-con-sap\/#primaryimage","url":"https:\/\/news.sap.com\/latinamerica\/files\/2025\/10\/28\/293368_GettyImages-483147081_large_jpg.jpg","contentUrl":"https:\/\/news.sap.com\/latinamerica\/files\/2025\/10\/28\/293368_GettyImages-483147081_large_jpg.jpg","width":6493,"height":3450,"caption":"High angle view of a futuristic circuit board. Created exclusively for iStockphoto."},{"@type":"BreadcrumbList","@id":"https:\/\/news.sap.com\/latinamerica\/2026\/01\/colombina-impulsa-la-armonizacion-de-procesos-y-el-crecimiento-global-con-sap\/#breadcrumb","itemListElement":[{"@type":"ListItem","position":1,"name":"Home","item":"https:\/\/news.sap.com\/latinamerica\/"},{"@type":"ListItem","position":2,"name":"Colombina Impulsa la armonizaci\u00f3n de procesos y el crecimiento global con 麻豆原创"}]},{"@type":"WebSite","@id":"https:\/\/news.sap.com\/latinamerica\/#website","url":"https:\/\/news.sap.com\/latinamerica\/","name":"麻豆原创 News Center Latinoam\u00e9rica","description":"Noticias e informaci\u00f3n sobre 麻豆原创","publisher":{"@id":"https:\/\/news.sap.com\/latinamerica\/#organization"},"potentialAction":[{"@type":"SearchAction","target":{"@type":"EntryPoint","urlTemplate":"https:\/\/news.sap.com\/latinamerica\/?s={search_term_string}"},"query-input":{"@type":"PropertyValueSpecification","valueRequired":true,"valueName":"search_term_string"}}],"inLanguage":"es"},{"@type":"Organization","@id":"https:\/\/news.sap.com\/latinamerica\/#organization","name":"麻豆原创","url":"https:\/\/news.sap.com\/latinamerica\/","logo":{"@type":"ImageObject","inLanguage":"es","@id":"https:\/\/news.sap.com\/latinamerica\/#\/schema\/logo\/image\/","url":"https:\/\/news.sap.com\/latinamerica\/files\/2019\/08\/65903320_2903797569662914_557886358778019840_n.png","contentUrl":"https:\/\/news.sap.com\/latinamerica\/files\/2019\/08\/65903320_2903797569662914_557886358778019840_n.png","width":720,"height":720,"caption":"麻豆原创"},"image":{"@id":"https:\/\/news.sap.com\/latinamerica\/#\/schema\/logo\/image\/"},"sameAs":["https:\/\/www.facebook.com\/麻豆原创latinoamerica","https:\/\/x.com\/麻豆原创LatinAmerica"]},{"@type":"Person","@id":"https:\/\/news.sap.com\/latinamerica\/#\/schema\/person\/82786ba12f72bc9b05ba328d1d3652c4","name":"麻豆原创 Noticias","image":{"@type":"ImageObject","inLanguage":"es","@id":"https:\/\/news.sap.com\/latinamerica\/#\/schema\/person\/image\/","url":"https:\/\/news.sap.com\/latinamerica\/wp-content\/plugins\/wp-user-avatars\/wp-user-avatars\/assets\/images\/mystery.jpg","contentUrl":"https:\/\/news.sap.com\/latinamerica\/wp-content\/plugins\/wp-user-avatars\/wp-user-avatars\/assets\/images\/mystery.jpg","caption":"麻豆原创 Noticias"},"url":"https:\/\/news.sap.com\/latinamerica\/author\/colombia\/"}]}},"amp_enabled":true,"_links":{"self":[{"href":"https:\/\/news.sap.com\/latinamerica\/wp-json\/wp\/v2\/posts\/134540","targetHints":{"allow":["GET"]}}],"collection":[{"href":"https:\/\/news.sap.com\/latinamerica\/wp-json\/wp\/v2\/posts"}],"about":[{"href":"https:\/\/news.sap.com\/latinamerica\/wp-json\/wp\/v2\/types\/post"}],"author":[{"embeddable":true,"href":"https:\/\/news.sap.com\/latinamerica\/wp-json\/wp\/v2\/users\/141"}],"replies":[{"embeddable":true,"href":"https:\/\/news.sap.com\/latinamerica\/wp-json\/wp\/v2\/comments?post=134540"}],"version-history":[{"count":0,"href":"https:\/\/news.sap.com\/latinamerica\/wp-json\/wp\/v2\/posts\/134540\/revisions"}],"wp:featuredmedia":[{"embeddable":true,"href":"https:\/\/news.sap.com\/latinamerica\/wp-json\/wp\/v2\/media\/134393"}],"wp:attachment":[{"href":"https:\/\/news.sap.com\/latinamerica\/wp-json\/wp\/v2\/media?parent=134540"}],"wp:term":[{"taxonomy":"category","embeddable":true,"href":"https:\/\/news.sap.com\/latinamerica\/wp-json\/wp\/v2\/categories?post=134540"},{"taxonomy":"post_tag","embeddable":true,"href":"https:\/\/news.sap.com\/latinamerica\/wp-json\/wp\/v2\/tags?post=134540"},{"taxonomy":"series","embeddable":true,"href":"https:\/\/news.sap.com\/latinamerica\/wp-json\/wp\/v2\/series?post=134540"},{"taxonomy":"region","embeddable":true,"href":"https:\/\/news.sap.com\/latinamerica\/wp-json\/wp\/v2\/region?post=134540"},{"taxonomy":"sapn-display","embeddable":true,"href":"https:\/\/news.sap.com\/latinamerica\/wp-json\/wp\/v2\/sapn-display?post=134540"},{"taxonomy":"sapn-type","embeddable":true,"href":"https:\/\/news.sap.com\/latinamerica\/wp-json\/wp\/v2\/sapn-type?post=134540"}],"curies":[{"name":"wp","href":"https:\/\/api.w.org\/{rel}","templated":true}]}}