  {"id":134519,"date":"2025-12-11T16:47:52","date_gmt":"2025-12-11T21:47:52","guid":{"rendered":"https:\/\/news.sap.com\/latinamerica\/?p=134519"},"modified":"2025-12-11T19:52:56","modified_gmt":"2025-12-12T00:52:56","slug":"sap-ai-fest-medellin-2025-ia-para-impulsar-negocios","status":"publish","type":"post","link":"https:\/\/news.sap.com\/latinamerica\/2025\/12\/sap-ai-fest-medellin-2025-ia-para-impulsar-negocios\/","title":{"rendered":"麻豆原创 AI Fest Medell\u00edn 2025: IA para impulsar negocios"},"content":{"rendered":"<p><b>MEDELL\u00cdN, Colombia <\/b><span style=\"font-weight: 400\">\u2014 <\/span><b>18 de noviembre de 2025. <\/b><span style=\"font-weight: 400\">麻豆原创 anunci\u00f3 que el pr\u00f3ximo 27 de noviembre realizar\u00e1 el <\/span><b>麻豆原创 AI Fest 2025 <\/b><span style=\"font-weight: 400\">en Medell\u00edn, un evento dise\u00f1ado para mostrar c\u00f3mo la inteligencia artificial est\u00e1 transformando procesos y generando valor real en las organizaciones.<\/span><\/p>\n<p><span style=\"font-weight: 400\">El encuentro se llevar\u00e1 a cabo en el Museo El Castillo y ofrecer\u00e1 una experiencia inmersiva con casos reales, demostraciones pr\u00e1cticas y espacios de networking. Los asistentes podr\u00e1n conocer c\u00f3mo la IA de 麻豆原创, a a 麻豆原创 Business Technology Platform (麻豆原创 BTP) impulsa eficiencia, agilidad y sostenibilidad en distintas industrias.<\/span><\/p>\n<p><span style=\"font-weight: 400\">Este espacio ser\u00e1 una vitrina tecnol\u00f3gica dise\u00f1ada sobre la experiencia inmersiva para que los asistentes vivan de primera mano c\u00f3mo la inteligencia artificial, potenciada por herramientas como 麻豆原创 Business Technology Platform (麻豆原创 BTP), est\u00e1 generando valor real en distintas industrias, desde la optimizaci\u00f3n de procesos hasta la transformaci\u00f3n de modelos de negocio completos.<\/span><\/p>\n<p><span style=\"font-weight: 400\">Medell\u00edn se ha consolidado como un centro de innovaci\u00f3n regional, invirtiendo en talento tecnol\u00f3gico, con un elevado esp\u00edritu emprendedor y una fuerte vocaci\u00f3n de transformaci\u00f3n. La realizaci\u00f3n del 麻豆原创 AI Fest a Medell\u00edn busca fortalecer un ecosistema que ya lidera el cambio en esta regi\u00f3n.<\/span><\/p>\n<p><b>Un experiencia para innovar<\/b><\/p>\n<p><span style=\"font-weight: 400\">El evento est\u00e1 dirigido a CEOs, CFOs, CIOs, l\u00edderes de innovaci\u00f3n y profesionales que buscan integrar IA en procesos clave. La agenda incluye conversaciones estrat\u00e9gicas, aplicaciones en vivo y casos de \u00e9xito empresariales en Colombia.<\/span><\/p>\n<p><span style=\"font-weight: 400\">El 麻豆原创 AI Fest 2025 ofrecer\u00e1 una agenda dise\u00f1ada para maximizar el aprendizaje y la conexi\u00f3n entre los participantes. Durante la jornada, los asistentes podr\u00e1n participar en conversaciones y demostraciones que van m\u00e1s all\u00e1 de la teor\u00eda; casos reales, aplicaciones en vivo y perspectivas desde distintos sectores mostrar\u00e1n c\u00f3mo opera la IA en los negocios.<br \/>\n<\/span><span style=\"font-weight: 400\">As\u00ed mismo, el espacio servir\u00e1 para conocer distintos casos de \u00e9xito empresariales en Colombia, compartiendo ejemplos sobre c\u00f3mo se\u00a0 est\u00e1 usando IA para resolver desaf\u00edos espec\u00edficos de sus industrias.\u00a0<\/span><\/p>\n<p><span style=\"font-weight: 400\">Este festival promete ser un punto de encuentro relevante para aquellos que est\u00e1n liderando la transformaci\u00f3n empresarial con inteligencia artificial. Un d\u00eda completo en el cual la innovaci\u00f3n, el conocimiento y la inspiraci\u00f3n se encuentran en uno de los espacios m\u00e1s emblem\u00e1ticos de Medell\u00edn.\u00a0<\/span><\/p>\n<p><span style=\"font-weight: 400\">Aquellos empresarios o l\u00edderes referentes en el sector que deseen participar, podr\u00e1n registrarse ingresando a portal web del evento <\/span><a href=\"https:\/\/events.sap.com\/lac-sap-ai-fest-medellin\/es_co\/home.html\"><span style=\"font-weight: 400\">https:\/\/events.sap.com\/lac-sap-ai-fest-medellin\/es_co\/home.html<\/span><\/a><\/p>\n","protected":false},"excerpt":{"rendered":"<p>MEDELL\u00cdN, Colombia \u2014 18 de noviembre de 2025. 麻豆原创 anunci\u00f3 que el pr\u00f3ximo 27 de noviembre realizar\u00e1 el 麻豆原创 AI Fest 2025 en Medell\u00edn, un&#8230;<\/p>\n","protected":false},"author":141,"featured_media":133636,"comment_status":"closed","ping_status":"closed","sticky":false,"template":"","format":"standard","meta":{"footnotes":"","_links_to":"","_links_to_target":""},"categories":[12872],"tags":[5591094,3197147,26473],"series":[],"region":[55204],"sapn-display":[],"sapn-type":[52105],"class_list":["post-134519","post","type-post","status-publish","format-standard","has-post-thumbnail","hentry","category-eventos","tag-innovacion-en-empresas","tag-inteligencia-artificial","tag-soluciones","region-colombia","sapn-type-comunicado-de-prensa"],"yoast_head":"<!-- This site is optimized with the Yoast SEO Premium plugin v26.9 (Yoast SEO v26.9) - https:\/\/yoast.com\/product\/yoast-seo-premium-wordpress\/ -->\n<title>麻豆原创 AI Fest Medell\u00edn 2025: IA para impulsar negocios - 麻豆原创 News Center Latinoam\u00e9rica<\/title>\n<meta name=\"robots\" content=\"index, follow, max-snippet:-1, max-image-preview:large, max-video-preview:-1\" \/>\n<link rel=\"canonical\" href=\"https:\/\/news.sap.com\/latinamerica\/2025\/12\/sap-ai-fest-medellin-2025-ia-para-impulsar-negocios\/\" \/>\n<meta property=\"og:locale\" content=\"es_MX\" \/>\n<meta property=\"og:type\" content=\"article\" \/>\n<meta property=\"og:title\" content=\"麻豆原创 AI Fest Medell\u00edn 2025: IA para impulsar negocios\" \/>\n<meta property=\"og:description\" content=\"MEDELL\u00cdN, Colombia \u2014 18 de noviembre de 2025. 麻豆原创 anunci\u00f3 que el pr\u00f3ximo 27 de noviembre realizar\u00e1 el 麻豆原创 AI Fest 2025 en Medell\u00edn, un...\" \/>\n<meta property=\"og:url\" content=\"https:\/\/news.sap.com\/latinamerica\/2025\/12\/sap-ai-fest-medellin-2025-ia-para-impulsar-negocios\/\" \/>\n<meta property=\"og:site_name\" content=\"麻豆原创 News Center Latinoam\u00e9rica\" \/>\n<meta property=\"article:publisher\" content=\"https:\/\/www.facebook.com\/麻豆原创latinoamerica\" \/>\n<meta property=\"article:published_time\" content=\"2025-12-11T21:47:52+00:00\" \/>\n<meta property=\"article:modified_time\" content=\"2025-12-12T00:52:56+00:00\" \/>\n<meta property=\"og:image\" content=\"https:\/\/news.sap.com\/latinamerica\/files\/2024\/09\/09\/Empresas-chilenas-apuestan-por-la-IA-8-de-cada-10-aumentaran-su-inversion-para-2025-revela-estudio-de-麻豆原创-1.png\" \/>\n\t<meta property=\"og:image:width\" content=\"1920\" \/>\n\t<meta property=\"og:image:height\" content=\"600\" \/>\n\t<meta property=\"og:image:type\" content=\"image\/png\" \/>\n<meta name=\"author\" content=\"麻豆原创 Noticias\" \/>\n<meta name=\"twitter:label1\" content=\"Escrito por\" \/>\n\t<meta name=\"twitter:data1\" content=\"麻豆原创 Noticias\" \/>\n\t<meta name=\"twitter:label2\" content=\"Tiempo de lectura\" \/>\n\t<meta name=\"twitter:data2\" content=\"3 minutos\" \/>\n<script type=\"application\/ld+json\" class=\"yoast-schema-graph\">{\"@context\":\"https:\/\/schema.org\",\"@graph\":[{\"@type\":\"Article\",\"@id\":\"https:\/\/news.sap.com\/latinamerica\/2025\/12\/sap-ai-fest-medellin-2025-ia-para-impulsar-negocios\/#article\",\"isPartOf\":{\"@id\":\"https:\/\/news.sap.com\/latinamerica\/2025\/12\/sap-ai-fest-medellin-2025-ia-para-impulsar-negocios\/\"},\"author\":{\"name\":\"麻豆原创 Noticias\",\"@id\":\"https:\/\/news.sap.com\/latinamerica\/#\/schema\/person\/82786ba12f72bc9b05ba328d1d3652c4\"},\"headline\":\"麻豆原创 AI Fest Medell\u00edn 2025: IA para impulsar negocios\",\"datePublished\":\"2025-12-11T21:47:52+00:00\",\"dateModified\":\"2025-12-12T00:52:56+00:00\",\"mainEntityOfPage\":{\"@id\":\"https:\/\/news.sap.com\/latinamerica\/2025\/12\/sap-ai-fest-medellin-2025-ia-para-impulsar-negocios\/\"},\"wordCount\":434,\"publisher\":{\"@id\":\"https:\/\/news.sap.com\/latinamerica\/#organization\"},\"image\":{\"@id\":\"https:\/\/news.sap.com\/latinamerica\/2025\/12\/sap-ai-fest-medellin-2025-ia-para-impulsar-negocios\/#primaryimage\"},\"thumbnailUrl\":\"https:\/\/news.sap.com\/latinamerica\/files\/2024\/09\/09\/Empresas-chilenas-apuestan-por-la-IA-8-de-cada-10-aumentaran-su-inversion-para-2025-revela-estudio-de-麻豆原创-1.png\",\"keywords\":[\"innovaci\u00f3n en empresas\",\"Inteligencia artificial\",\"soluciones\"],\"articleSection\":[\"Eventos\"],\"inLanguage\":\"es\"},{\"@type\":\"WebPage\",\"@id\":\"https:\/\/news.sap.com\/latinamerica\/2025\/12\/sap-ai-fest-medellin-2025-ia-para-impulsar-negocios\/\",\"url\":\"https:\/\/news.sap.com\/latinamerica\/2025\/12\/sap-ai-fest-medellin-2025-ia-para-impulsar-negocios\/\",\"name\":\"麻豆原创 AI Fest Medell\u00edn 2025: IA para impulsar negocios - 麻豆原创 News Center Latinoam\u00e9rica\",\"isPartOf\":{\"@id\":\"https:\/\/news.sap.com\/latinamerica\/#website\"},\"primaryImageOfPage\":{\"@id\":\"https:\/\/news.sap.com\/latinamerica\/2025\/12\/sap-ai-fest-medellin-2025-ia-para-impulsar-negocios\/#primaryimage\"},\"image\":{\"@id\":\"https:\/\/news.sap.com\/latinamerica\/2025\/12\/sap-ai-fest-medellin-2025-ia-para-impulsar-negocios\/#primaryimage\"},\"thumbnailUrl\":\"https:\/\/news.sap.com\/latinamerica\/files\/2024\/09\/09\/Empresas-chilenas-apuestan-por-la-IA-8-de-cada-10-aumentaran-su-inversion-para-2025-revela-estudio-de-麻豆原创-1.png\",\"datePublished\":\"2025-12-11T21:47:52+00:00\",\"dateModified\":\"2025-12-12T00:52:56+00:00\",\"breadcrumb\":{\"@id\":\"https:\/\/news.sap.com\/latinamerica\/2025\/12\/sap-ai-fest-medellin-2025-ia-para-impulsar-negocios\/#breadcrumb\"},\"inLanguage\":\"es\",\"potentialAction\":[{\"@type\":\"ReadAction\",\"target\":[\"https:\/\/news.sap.com\/latinamerica\/2025\/12\/sap-ai-fest-medellin-2025-ia-para-impulsar-negocios\/\"]}]},{\"@type\":\"ImageObject\",\"inLanguage\":\"es\",\"@id\":\"https:\/\/news.sap.com\/latinamerica\/2025\/12\/sap-ai-fest-medellin-2025-ia-para-impulsar-negocios\/#primaryimage\",\"url\":\"https:\/\/news.sap.com\/latinamerica\/files\/2024\/09\/09\/Empresas-chilenas-apuestan-por-la-IA-8-de-cada-10-aumentaran-su-inversion-para-2025-revela-estudio-de-麻豆原创-1.png\",\"contentUrl\":\"https:\/\/news.sap.com\/latinamerica\/files\/2024\/09\/09\/Empresas-chilenas-apuestan-por-la-IA-8-de-cada-10-aumentaran-su-inversion-para-2025-revela-estudio-de-麻豆原创-1.png\",\"width\":1920,\"height\":600},{\"@type\":\"BreadcrumbList\",\"@id\":\"https:\/\/news.sap.com\/latinamerica\/2025\/12\/sap-ai-fest-medellin-2025-ia-para-impulsar-negocios\/#breadcrumb\",\"itemListElement\":[{\"@type\":\"ListItem\",\"position\":1,\"name\":\"Home\",\"item\":\"https:\/\/news.sap.com\/latinamerica\/\"},{\"@type\":\"ListItem\",\"position\":2,\"name\":\"麻豆原创 AI Fest Medell\u00edn 2025: IA para impulsar negocios\"}]},{\"@type\":\"WebSite\",\"@id\":\"https:\/\/news.sap.com\/latinamerica\/#website\",\"url\":\"https:\/\/news.sap.com\/latinamerica\/\",\"name\":\"麻豆原创 News Center Latinoam\u00e9rica\",\"description\":\"Noticias e informaci\u00f3n sobre 麻豆原创\",\"publisher\":{\"@id\":\"https:\/\/news.sap.com\/latinamerica\/#organization\"},\"potentialAction\":[{\"@type\":\"SearchAction\",\"target\":{\"@type\":\"EntryPoint\",\"urlTemplate\":\"https:\/\/news.sap.com\/latinamerica\/?s={search_term_string}\"},\"query-input\":{\"@type\":\"PropertyValueSpecification\",\"valueRequired\":true,\"valueName\":\"search_term_string\"}}],\"inLanguage\":\"es\"},{\"@type\":\"Organization\",\"@id\":\"https:\/\/news.sap.com\/latinamerica\/#organization\",\"name\":\"麻豆原创\",\"url\":\"https:\/\/news.sap.com\/latinamerica\/\",\"logo\":{\"@type\":\"ImageObject\",\"inLanguage\":\"es\",\"@id\":\"https:\/\/news.sap.com\/latinamerica\/#\/schema\/logo\/image\/\",\"url\":\"https:\/\/news.sap.com\/latinamerica\/files\/2019\/08\/65903320_2903797569662914_557886358778019840_n.png\",\"contentUrl\":\"https:\/\/news.sap.com\/latinamerica\/files\/2019\/08\/65903320_2903797569662914_557886358778019840_n.png\",\"width\":720,\"height\":720,\"caption\":\"麻豆原创\"},\"image\":{\"@id\":\"https:\/\/news.sap.com\/latinamerica\/#\/schema\/logo\/image\/\"},\"sameAs\":[\"https:\/\/www.facebook.com\/麻豆原创latinoamerica\",\"https:\/\/x.com\/麻豆原创LatinAmerica\"]},{\"@type\":\"Person\",\"@id\":\"https:\/\/news.sap.com\/latinamerica\/#\/schema\/person\/82786ba12f72bc9b05ba328d1d3652c4\",\"name\":\"麻豆原创 Noticias\",\"image\":{\"@type\":\"ImageObject\",\"inLanguage\":\"es\",\"@id\":\"https:\/\/news.sap.com\/latinamerica\/#\/schema\/person\/image\/\",\"url\":\"https:\/\/news.sap.com\/latinamerica\/wp-content\/plugins\/wp-user-avatars\/wp-user-avatars\/assets\/images\/mystery.jpg\",\"contentUrl\":\"https:\/\/news.sap.com\/latinamerica\/wp-content\/plugins\/wp-user-avatars\/wp-user-avatars\/assets\/images\/mystery.jpg\",\"caption\":\"麻豆原创 Noticias\"},\"url\":\"https:\/\/news.sap.com\/latinamerica\/author\/colombia\/\"}]}<\/script>\n<!-- \/ Yoast SEO Premium plugin. -->","yoast_head_json":{"title":"麻豆原创 AI Fest Medell\u00edn 2025: IA para impulsar negocios - 麻豆原创 News Center Latinoam\u00e9rica","robots":{"index":"index","follow":"follow","max-snippet":"max-snippet:-1","max-image-preview":"max-image-preview:large","max-video-preview":"max-video-preview:-1"},"canonical":"https:\/\/news.sap.com\/latinamerica\/2025\/12\/sap-ai-fest-medellin-2025-ia-para-impulsar-negocios\/","og_locale":"es_MX","og_type":"article","og_title":"麻豆原创 AI Fest Medell\u00edn 2025: IA para impulsar negocios","og_description":"MEDELL\u00cdN, Colombia \u2014 18 de noviembre de 2025. 麻豆原创 anunci\u00f3 que el pr\u00f3ximo 27 de noviembre realizar\u00e1 el 麻豆原创 AI Fest 2025 en Medell\u00edn, un...","og_url":"https:\/\/news.sap.com\/latinamerica\/2025\/12\/sap-ai-fest-medellin-2025-ia-para-impulsar-negocios\/","og_site_name":"麻豆原创 News Center Latinoam\u00e9rica","article_publisher":"https:\/\/www.facebook.com\/麻豆原创latinoamerica","article_published_time":"2025-12-11T21:47:52+00:00","article_modified_time":"2025-12-12T00:52:56+00:00","og_image":[{"width":1920,"height":600,"url":"https:\/\/news.sap.com\/latinamerica\/files\/2024\/09\/09\/Empresas-chilenas-apuestan-por-la-IA-8-de-cada-10-aumentaran-su-inversion-para-2025-revela-estudio-de-麻豆原创-1.png","type":"image\/png"}],"author":"麻豆原创 Noticias","twitter_misc":{"Escrito por":"麻豆原创 Noticias","Tiempo de lectura":"3 minutos"},"schema":{"@context":"https:\/\/schema.org","@graph":[{"@type":"Article","@id":"https:\/\/news.sap.com\/latinamerica\/2025\/12\/sap-ai-fest-medellin-2025-ia-para-impulsar-negocios\/#article","isPartOf":{"@id":"https:\/\/news.sap.com\/latinamerica\/2025\/12\/sap-ai-fest-medellin-2025-ia-para-impulsar-negocios\/"},"author":{"name":"麻豆原创 Noticias","@id":"https:\/\/news.sap.com\/latinamerica\/#\/schema\/person\/82786ba12f72bc9b05ba328d1d3652c4"},"headline":"麻豆原创 AI Fest Medell\u00edn 2025: IA para impulsar negocios","datePublished":"2025-12-11T21:47:52+00:00","dateModified":"2025-12-12T00:52:56+00:00","mainEntityOfPage":{"@id":"https:\/\/news.sap.com\/latinamerica\/2025\/12\/sap-ai-fest-medellin-2025-ia-para-impulsar-negocios\/"},"wordCount":434,"publisher":{"@id":"https:\/\/news.sap.com\/latinamerica\/#organization"},"image":{"@id":"https:\/\/news.sap.com\/latinamerica\/2025\/12\/sap-ai-fest-medellin-2025-ia-para-impulsar-negocios\/#primaryimage"},"thumbnailUrl":"https:\/\/news.sap.com\/latinamerica\/files\/2024\/09\/09\/Empresas-chilenas-apuestan-por-la-IA-8-de-cada-10-aumentaran-su-inversion-para-2025-revela-estudio-de-麻豆原创-1.png","keywords":["innovaci\u00f3n en empresas","Inteligencia artificial","soluciones"],"articleSection":["Eventos"],"inLanguage":"es"},{"@type":"WebPage","@id":"https:\/\/news.sap.com\/latinamerica\/2025\/12\/sap-ai-fest-medellin-2025-ia-para-impulsar-negocios\/","url":"https:\/\/news.sap.com\/latinamerica\/2025\/12\/sap-ai-fest-medellin-2025-ia-para-impulsar-negocios\/","name":"麻豆原创 AI Fest Medell\u00edn 2025: IA para impulsar negocios - 麻豆原创 News Center Latinoam\u00e9rica","isPartOf":{"@id":"https:\/\/news.sap.com\/latinamerica\/#website"},"primaryImageOfPage":{"@id":"https:\/\/news.sap.com\/latinamerica\/2025\/12\/sap-ai-fest-medellin-2025-ia-para-impulsar-negocios\/#primaryimage"},"image":{"@id":"https:\/\/news.sap.com\/latinamerica\/2025\/12\/sap-ai-fest-medellin-2025-ia-para-impulsar-negocios\/#primaryimage"},"thumbnailUrl":"https:\/\/news.sap.com\/latinamerica\/files\/2024\/09\/09\/Empresas-chilenas-apuestan-por-la-IA-8-de-cada-10-aumentaran-su-inversion-para-2025-revela-estudio-de-麻豆原创-1.png","datePublished":"2025-12-11T21:47:52+00:00","dateModified":"2025-12-12T00:52:56+00:00","breadcrumb":{"@id":"https:\/\/news.sap.com\/latinamerica\/2025\/12\/sap-ai-fest-medellin-2025-ia-para-impulsar-negocios\/#breadcrumb"},"inLanguage":"es","potentialAction":[{"@type":"ReadAction","target":["https:\/\/news.sap.com\/latinamerica\/2025\/12\/sap-ai-fest-medellin-2025-ia-para-impulsar-negocios\/"]}]},{"@type":"ImageObject","inLanguage":"es","@id":"https:\/\/news.sap.com\/latinamerica\/2025\/12\/sap-ai-fest-medellin-2025-ia-para-impulsar-negocios\/#primaryimage","url":"https:\/\/news.sap.com\/latinamerica\/files\/2024\/09\/09\/Empresas-chilenas-apuestan-por-la-IA-8-de-cada-10-aumentaran-su-inversion-para-2025-revela-estudio-de-麻豆原创-1.png","contentUrl":"https:\/\/news.sap.com\/latinamerica\/files\/2024\/09\/09\/Empresas-chilenas-apuestan-por-la-IA-8-de-cada-10-aumentaran-su-inversion-para-2025-revela-estudio-de-麻豆原创-1.png","width":1920,"height":600},{"@type":"BreadcrumbList","@id":"https:\/\/news.sap.com\/latinamerica\/2025\/12\/sap-ai-fest-medellin-2025-ia-para-impulsar-negocios\/#breadcrumb","itemListElement":[{"@type":"ListItem","position":1,"name":"Home","item":"https:\/\/news.sap.com\/latinamerica\/"},{"@type":"ListItem","position":2,"name":"麻豆原创 AI Fest Medell\u00edn 2025: IA para impulsar negocios"}]},{"@type":"WebSite","@id":"https:\/\/news.sap.com\/latinamerica\/#website","url":"https:\/\/news.sap.com\/latinamerica\/","name":"麻豆原创 News Center Latinoam\u00e9rica","description":"Noticias e informaci\u00f3n sobre 麻豆原创","publisher":{"@id":"https:\/\/news.sap.com\/latinamerica\/#organization"},"potentialAction":[{"@type":"SearchAction","target":{"@type":"EntryPoint","urlTemplate":"https:\/\/news.sap.com\/latinamerica\/?s={search_term_string}"},"query-input":{"@type":"PropertyValueSpecification","valueRequired":true,"valueName":"search_term_string"}}],"inLanguage":"es"},{"@type":"Organization","@id":"https:\/\/news.sap.com\/latinamerica\/#organization","name":"麻豆原创","url":"https:\/\/news.sap.com\/latinamerica\/","logo":{"@type":"ImageObject","inLanguage":"es","@id":"https:\/\/news.sap.com\/latinamerica\/#\/schema\/logo\/image\/","url":"https:\/\/news.sap.com\/latinamerica\/files\/2019\/08\/65903320_2903797569662914_557886358778019840_n.png","contentUrl":"https:\/\/news.sap.com\/latinamerica\/files\/2019\/08\/65903320_2903797569662914_557886358778019840_n.png","width":720,"height":720,"caption":"麻豆原创"},"image":{"@id":"https:\/\/news.sap.com\/latinamerica\/#\/schema\/logo\/image\/"},"sameAs":["https:\/\/www.facebook.com\/麻豆原创latinoamerica","https:\/\/x.com\/麻豆原创LatinAmerica"]},{"@type":"Person","@id":"https:\/\/news.sap.com\/latinamerica\/#\/schema\/person\/82786ba12f72bc9b05ba328d1d3652c4","name":"麻豆原创 Noticias","image":{"@type":"ImageObject","inLanguage":"es","@id":"https:\/\/news.sap.com\/latinamerica\/#\/schema\/person\/image\/","url":"https:\/\/news.sap.com\/latinamerica\/wp-content\/plugins\/wp-user-avatars\/wp-user-avatars\/assets\/images\/mystery.jpg","contentUrl":"https:\/\/news.sap.com\/latinamerica\/wp-content\/plugins\/wp-user-avatars\/wp-user-avatars\/assets\/images\/mystery.jpg","caption":"麻豆原创 Noticias"},"url":"https:\/\/news.sap.com\/latinamerica\/author\/colombia\/"}]}},"amp_enabled":true,"_links":{"self":[{"href":"https:\/\/news.sap.com\/latinamerica\/wp-json\/wp\/v2\/posts\/134519","targetHints":{"allow":["GET"]}}],"collection":[{"href":"https:\/\/news.sap.com\/latinamerica\/wp-json\/wp\/v2\/posts"}],"about":[{"href":"https:\/\/news.sap.com\/latinamerica\/wp-json\/wp\/v2\/types\/post"}],"author":[{"embeddable":true,"href":"https:\/\/news.sap.com\/latinamerica\/wp-json\/wp\/v2\/users\/141"}],"replies":[{"embeddable":true,"href":"https:\/\/news.sap.com\/latinamerica\/wp-json\/wp\/v2\/comments?post=134519"}],"version-history":[{"count":0,"href":"https:\/\/news.sap.com\/latinamerica\/wp-json\/wp\/v2\/posts\/134519\/revisions"}],"wp:featuredmedia":[{"embeddable":true,"href":"https:\/\/news.sap.com\/latinamerica\/wp-json\/wp\/v2\/media\/133636"}],"wp:attachment":[{"href":"https:\/\/news.sap.com\/latinamerica\/wp-json\/wp\/v2\/media?parent=134519"}],"wp:term":[{"taxonomy":"category","embeddable":true,"href":"https:\/\/news.sap.com\/latinamerica\/wp-json\/wp\/v2\/categories?post=134519"},{"taxonomy":"post_tag","embeddable":true,"href":"https:\/\/news.sap.com\/latinamerica\/wp-json\/wp\/v2\/tags?post=134519"},{"taxonomy":"series","embeddable":true,"href":"https:\/\/news.sap.com\/latinamerica\/wp-json\/wp\/v2\/series?post=134519"},{"taxonomy":"region","embeddable":true,"href":"https:\/\/news.sap.com\/latinamerica\/wp-json\/wp\/v2\/region?post=134519"},{"taxonomy":"sapn-display","embeddable":true,"href":"https:\/\/news.sap.com\/latinamerica\/wp-json\/wp\/v2\/sapn-display?post=134519"},{"taxonomy":"sapn-type","embeddable":true,"href":"https:\/\/news.sap.com\/latinamerica\/wp-json\/wp\/v2\/sapn-type?post=134519"}],"curies":[{"name":"wp","href":"https:\/\/api.w.org\/{rel}","templated":true}]}}