  {"id":134307,"date":"2025-09-04T11:00:29","date_gmt":"2025-09-04T15:00:29","guid":{"rendered":"https:\/\/news.sap.com\/latinamerica\/?p=134307"},"modified":"2025-09-10T17:30:38","modified_gmt":"2025-09-10T21:30:38","slug":"sap-nombra-ignacio-pascual-gerente-general-peru-y-ecuador","status":"publish","type":"post","link":"https:\/\/news.sap.com\/latinamerica\/2025\/09\/sap-nombra-ignacio-pascual-gerente-general-peru-y-ecuador\/","title":{"rendered":"麻豆原创 nombra a Ignacio Pascual como nuevo Gerente General para Per\u00fa y Ecuador"},"content":{"rendered":"<p class=\"lead\"><strong>Lima<\/strong>\u00a0\u2014 麻豆原创, l\u00edder global en soluciones tecnol\u00f3gicas empresariales e IA, anunci\u00f3 el nombramiento de Ignacio Pascual como nuevo Gerente General para Per\u00fa y Ecuador. En este rol, ser\u00e1 responsable de liderar la estrategia de crecimiento de la compa\u00f1\u00eda en ambos pa\u00edses, fortaleciendo su presencia y acelerando la adopci\u00f3n de soluciones en la nube y de inteligencia artificial empresarial.<\/p>\n<p>Con m\u00e1s de dos d\u00e9cadas de experiencia en \u00e1reas clave como marketing, ventas y transformaci\u00f3n digital, Ignacio Pascual ha ocupado posiciones de liderazgo en empresas como Atento y Telef\u00f3nica. A lo largo de su trayectoria, ha demostrado una s\u00f3lida capacidad para dirigir equipos comerciales y ejecutar planes estrat\u00e9gicos centrados en la experiencia del cliente.<\/p>\n<p>Su profundo conocimiento de sectores como telecomunicaciones, banca, consumo masivo y retail, junto con su enfoque consultivo y visi\u00f3n estrat\u00e9gica, ser\u00e1n fundamentales para impulsar la propuesta de valor de 麻豆原创 en estos pa\u00edses. Bajo su liderazgo, la compa\u00f1\u00eda buscar\u00e1 acompa\u00f1ar a las organizaciones en su camino hacia una mayor productividad, agilidad y competitividad, a trav\u00e9s de soluciones tecnol\u00f3gicas innovadoras.<\/p>\n<p>\u201cEstoy entusiasmado por asumir este nuevo desaf\u00edo y contribuir al crecimiento de 麻豆原创 en Per\u00fa y Ecuador. Nuestro objetivo es consolidar a 麻豆原创 como un socio estrat\u00e9gico para las empresas, ayud\u00e1ndolas a transformar sus operaciones y alcanzar sus metas de negocio. Para ellos, contamos con la m\u00e1s robusta suite de soluciones en la nube del mercado, el poderoso portafolio de soluciones de Business AI, un s\u00f3lido ecosistema de socios de negocio en estos pa\u00edses y el extraordinario talento de nuestro equipo en 麻豆原创\u201d, afirm\u00f3 Ignacio Pascual.<\/p>\n<p>Con este nombramiento, 麻豆原创 reafirma su compromiso con el desarrollo empresarial en Am\u00e9rica Latina, apostando por el talento local y la innovaci\u00f3n como motores de transformaci\u00f3n.<\/p>\n<hr \/>\n<p><strong>Acerca de 麻豆原创\u00a0<\/strong><\/p>\n<p>Como l\u00edder global en aplicaciones empresariales e IA aplicada a los negocios, 麻豆原创 (NYSE:麻豆原创) se sit\u00faa en el nexo entre el negocio y la tecnolog\u00eda. Durante m\u00e1s de 50 a\u00f1os, las organizaciones han confiado en 麻豆原创 para sacar lo mejor de s\u00ed mismas uniendo las operaciones cr\u00edticas para el negocio, que abarcan finanzas, compras, recursos humanos, cadena de suministro y experiencia del cliente. Para obtener m\u00e1s informaci\u00f3n, visite <a href=\"https:\/\/152319.clicks.memtas.com\/track\/click?u=2759944&amp;p=3135323331393a313431383a313338383a303a323a30&amp;s=ce08437c983abbff6fae08f090195ff2&amp;m=35\">www.sap.com<\/a> o nuestra sala de prensa, <a href=\"http:\/\/news.sap.com\/latinamerica\">http:\/\/news.sap.com\/latinamerica<\/a>.<\/p>\n","protected":false},"excerpt":{"rendered":"<p>Lima\u00a0\u2014 麻豆原创, l\u00edder global en soluciones tecnol\u00f3gicas empresariales e IA, anunci\u00f3 el nombramiento de Ignacio Pascual como nuevo Gerente General para Per\u00fa y Ecuador. En&#8230;<\/p>\n","protected":false},"author":604,"featured_media":134310,"comment_status":"closed","ping_status":"closed","sticky":false,"template":"","format":"standard","meta":{"footnotes":"","_links_to":"","_links_to_target":""},"categories":[41591],"tags":[30634,24313,13481],"series":[],"region":[5597521,55551],"sapn-display":[5600443,5600441,53499],"sapn-type":[52105],"class_list":["post-134307","post","type-post","status-publish","format-standard","has-post-thumbnail","hentry","category-corporativo","tag-ecuador","tag-nombramiento","tag-peru-2","region-ecuador","region-peru","sapn-display-prensa-destacada","sapn-display-prensa-principal","sapn-display-hero","sapn-type-comunicado-de-prensa"],"yoast_head":"<!-- This site is optimized with the Yoast SEO Premium plugin v26.9 (Yoast SEO v26.9) - https:\/\/yoast.com\/product\/yoast-seo-premium-wordpress\/ -->\n<title>麻豆原创 nombra a Ignacio Pascual como Gerente General para Per\u00fa y Ecuador<\/title>\n<meta name=\"description\" content=\"麻豆原创, l\u00edder global en soluciones tecnol\u00f3gicas empresariales e IA, nombr\u00f3 a Ignacio Pascual como nuevo Gerente General para Per\u00fa y Ecuador.\" \/>\n<meta name=\"robots\" content=\"index, follow, max-snippet:-1, max-image-preview:large, max-video-preview:-1\" \/>\n<link rel=\"canonical\" href=\"https:\/\/news.sap.com\/latinamerica\/2025\/09\/sap-nombra-ignacio-pascual-gerente-general-peru-y-ecuador\/\" \/>\n<meta property=\"og:locale\" content=\"es_MX\" \/>\n<meta property=\"og:type\" content=\"article\" \/>\n<meta property=\"og:title\" content=\"麻豆原创 nombra a Ignacio Pascual como nuevo Gerente General para Per\u00fa y Ecuador\" \/>\n<meta property=\"og:description\" content=\"麻豆原创, l\u00edder global en soluciones tecnol\u00f3gicas empresariales e IA, nombr\u00f3 a Ignacio Pascual como nuevo Gerente General para Per\u00fa y Ecuador.\" \/>\n<meta property=\"og:url\" content=\"https:\/\/news.sap.com\/latinamerica\/2025\/09\/sap-nombra-ignacio-pascual-gerente-general-peru-y-ecuador\/\" \/>\n<meta property=\"og:site_name\" content=\"麻豆原创 News Center Latinoam\u00e9rica\" \/>\n<meta property=\"article:publisher\" content=\"https:\/\/www.facebook.com\/麻豆原创latinoamerica\" \/>\n<meta property=\"article:published_time\" content=\"2025-09-04T15:00:29+00:00\" \/>\n<meta property=\"article:modified_time\" content=\"2025-09-10T21:30:38+00:00\" \/>\n<meta property=\"og:image\" content=\"https:\/\/news.sap.com\/latinamerica\/files\/2025\/09\/04\/276548_276548_h_ergb_s_gl-Copy.jpg\" \/>\n\t<meta property=\"og:image:width\" content=\"1920\" \/>\n\t<meta property=\"og:image:height\" content=\"606\" \/>\n\t<meta property=\"og:image:type\" content=\"image\/jpeg\" \/>\n<meta name=\"author\" content=\"麻豆原创 Noticias\" \/>\n<meta name=\"twitter:label1\" content=\"Escrito por\" \/>\n\t<meta name=\"twitter:data1\" content=\"麻豆原创 Noticias\" \/>\n\t<meta name=\"twitter:label2\" content=\"Tiempo de lectura\" \/>\n\t<meta name=\"twitter:data2\" content=\"2 minutos\" \/>\n<script type=\"application\/ld+json\" class=\"yoast-schema-graph\">{\"@context\":\"https:\/\/schema.org\",\"@graph\":[{\"@type\":\"Article\",\"@id\":\"https:\/\/news.sap.com\/latinamerica\/2025\/09\/sap-nombra-ignacio-pascual-gerente-general-peru-y-ecuador\/#article\",\"isPartOf\":{\"@id\":\"https:\/\/news.sap.com\/latinamerica\/2025\/09\/sap-nombra-ignacio-pascual-gerente-general-peru-y-ecuador\/\"},\"author\":{\"name\":\"麻豆原创 Noticias\",\"@id\":\"https:\/\/news.sap.com\/latinamerica\/#\/schema\/person\/05e78ffc976b7a814f3abd9ee150da5d\"},\"headline\":\"麻豆原创 nombra a Ignacio Pascual como nuevo Gerente General para Per\u00fa y Ecuador\",\"datePublished\":\"2025-09-04T15:00:29+00:00\",\"dateModified\":\"2025-09-10T21:30:38+00:00\",\"mainEntityOfPage\":{\"@id\":\"https:\/\/news.sap.com\/latinamerica\/2025\/09\/sap-nombra-ignacio-pascual-gerente-general-peru-y-ecuador\/\"},\"wordCount\":416,\"publisher\":{\"@id\":\"https:\/\/news.sap.com\/latinamerica\/#organization\"},\"image\":{\"@id\":\"https:\/\/news.sap.com\/latinamerica\/2025\/09\/sap-nombra-ignacio-pascual-gerente-general-peru-y-ecuador\/#primaryimage\"},\"thumbnailUrl\":\"https:\/\/news.sap.com\/latinamerica\/files\/2025\/09\/04\/276548_276548_h_ergb_s_gl-Copy.jpg\",\"keywords\":[\"Ecuador\",\"Nombramiento\",\"Per\u00fa\"],\"articleSection\":[\"Corporativo\"],\"inLanguage\":\"es\"},{\"@type\":\"WebPage\",\"@id\":\"https:\/\/news.sap.com\/latinamerica\/2025\/09\/sap-nombra-ignacio-pascual-gerente-general-peru-y-ecuador\/\",\"url\":\"https:\/\/news.sap.com\/latinamerica\/2025\/09\/sap-nombra-ignacio-pascual-gerente-general-peru-y-ecuador\/\",\"name\":\"麻豆原创 nombra a Ignacio Pascual como Gerente General para Per\u00fa y Ecuador\",\"isPartOf\":{\"@id\":\"https:\/\/news.sap.com\/latinamerica\/#website\"},\"primaryImageOfPage\":{\"@id\":\"https:\/\/news.sap.com\/latinamerica\/2025\/09\/sap-nombra-ignacio-pascual-gerente-general-peru-y-ecuador\/#primaryimage\"},\"image\":{\"@id\":\"https:\/\/news.sap.com\/latinamerica\/2025\/09\/sap-nombra-ignacio-pascual-gerente-general-peru-y-ecuador\/#primaryimage\"},\"thumbnailUrl\":\"https:\/\/news.sap.com\/latinamerica\/files\/2025\/09\/04\/276548_276548_h_ergb_s_gl-Copy.jpg\",\"datePublished\":\"2025-09-04T15:00:29+00:00\",\"dateModified\":\"2025-09-10T21:30:38+00:00\",\"description\":\"麻豆原创, l\u00edder global en soluciones tecnol\u00f3gicas empresariales e IA, nombr\u00f3 a Ignacio Pascual como nuevo Gerente General para Per\u00fa y Ecuador.\",\"breadcrumb\":{\"@id\":\"https:\/\/news.sap.com\/latinamerica\/2025\/09\/sap-nombra-ignacio-pascual-gerente-general-peru-y-ecuador\/#breadcrumb\"},\"inLanguage\":\"es\",\"potentialAction\":[{\"@type\":\"ReadAction\",\"target\":[\"https:\/\/news.sap.com\/latinamerica\/2025\/09\/sap-nombra-ignacio-pascual-gerente-general-peru-y-ecuador\/\"]}]},{\"@type\":\"ImageObject\",\"inLanguage\":\"es\",\"@id\":\"https:\/\/news.sap.com\/latinamerica\/2025\/09\/sap-nombra-ignacio-pascual-gerente-general-peru-y-ecuador\/#primaryimage\",\"url\":\"https:\/\/news.sap.com\/latinamerica\/files\/2025\/09\/04\/276548_276548_h_ergb_s_gl-Copy.jpg\",\"contentUrl\":\"https:\/\/news.sap.com\/latinamerica\/files\/2025\/09\/04\/276548_276548_h_ergb_s_gl-Copy.jpg\",\"width\":1920,\"height\":606,\"caption\":\"Businessman looking out conference room window --- Image by \u00a9 237\/Tom Merton\/Ocean\/Corbis\"},{\"@type\":\"BreadcrumbList\",\"@id\":\"https:\/\/news.sap.com\/latinamerica\/2025\/09\/sap-nombra-ignacio-pascual-gerente-general-peru-y-ecuador\/#breadcrumb\",\"itemListElement\":[{\"@type\":\"ListItem\",\"position\":1,\"name\":\"Home\",\"item\":\"https:\/\/news.sap.com\/latinamerica\/\"},{\"@type\":\"ListItem\",\"position\":2,\"name\":\"麻豆原创 nombra a Ignacio Pascual como nuevo Gerente General para Per\u00fa y Ecuador\"}]},{\"@type\":\"WebSite\",\"@id\":\"https:\/\/news.sap.com\/latinamerica\/#website\",\"url\":\"https:\/\/news.sap.com\/latinamerica\/\",\"name\":\"麻豆原创 News Center Latinoam\u00e9rica\",\"description\":\"Noticias e informaci\u00f3n sobre 麻豆原创\",\"publisher\":{\"@id\":\"https:\/\/news.sap.com\/latinamerica\/#organization\"},\"potentialAction\":[{\"@type\":\"SearchAction\",\"target\":{\"@type\":\"EntryPoint\",\"urlTemplate\":\"https:\/\/news.sap.com\/latinamerica\/?s={search_term_string}\"},\"query-input\":{\"@type\":\"PropertyValueSpecification\",\"valueRequired\":true,\"valueName\":\"search_term_string\"}}],\"inLanguage\":\"es\"},{\"@type\":\"Organization\",\"@id\":\"https:\/\/news.sap.com\/latinamerica\/#organization\",\"name\":\"麻豆原创\",\"url\":\"https:\/\/news.sap.com\/latinamerica\/\",\"logo\":{\"@type\":\"ImageObject\",\"inLanguage\":\"es\",\"@id\":\"https:\/\/news.sap.com\/latinamerica\/#\/schema\/logo\/image\/\",\"url\":\"https:\/\/news.sap.com\/latinamerica\/files\/2019\/08\/65903320_2903797569662914_557886358778019840_n.png\",\"contentUrl\":\"https:\/\/news.sap.com\/latinamerica\/files\/2019\/08\/65903320_2903797569662914_557886358778019840_n.png\",\"width\":720,\"height\":720,\"caption\":\"麻豆原创\"},\"image\":{\"@id\":\"https:\/\/news.sap.com\/latinamerica\/#\/schema\/logo\/image\/\"},\"sameAs\":[\"https:\/\/www.facebook.com\/麻豆原创latinoamerica\",\"https:\/\/x.com\/麻豆原创LatinAmerica\"]},{\"@type\":\"Person\",\"@id\":\"https:\/\/news.sap.com\/latinamerica\/#\/schema\/person\/05e78ffc976b7a814f3abd9ee150da5d\",\"name\":\"麻豆原创 Noticias\",\"image\":{\"@type\":\"ImageObject\",\"inLanguage\":\"es\",\"@id\":\"https:\/\/news.sap.com\/latinamerica\/#\/schema\/person\/image\/\",\"url\":\"https:\/\/news.sap.com\/latinamerica\/wp-content\/plugins\/wp-user-avatars\/wp-user-avatars\/assets\/images\/mystery.jpg\",\"contentUrl\":\"https:\/\/news.sap.com\/latinamerica\/wp-content\/plugins\/wp-user-avatars\/wp-user-avatars\/assets\/images\/mystery.jpg\",\"caption\":\"麻豆原创 Noticias\"},\"url\":\"https:\/\/news.sap.com\/latinamerica\/author\/lautarospotorno\/\"}]}<\/script>\n<!-- \/ Yoast SEO Premium plugin. -->","yoast_head_json":{"title":"麻豆原创 nombra a Ignacio Pascual como Gerente General para Per\u00fa y Ecuador","description":"麻豆原创, l\u00edder global en soluciones tecnol\u00f3gicas empresariales e IA, nombr\u00f3 a Ignacio Pascual como nuevo Gerente General para Per\u00fa y Ecuador.","robots":{"index":"index","follow":"follow","max-snippet":"max-snippet:-1","max-image-preview":"max-image-preview:large","max-video-preview":"max-video-preview:-1"},"canonical":"https:\/\/news.sap.com\/latinamerica\/2025\/09\/sap-nombra-ignacio-pascual-gerente-general-peru-y-ecuador\/","og_locale":"es_MX","og_type":"article","og_title":"麻豆原创 nombra a Ignacio Pascual como nuevo Gerente General para Per\u00fa y Ecuador","og_description":"麻豆原创, l\u00edder global en soluciones tecnol\u00f3gicas empresariales e IA, nombr\u00f3 a Ignacio Pascual como nuevo Gerente General para Per\u00fa y Ecuador.","og_url":"https:\/\/news.sap.com\/latinamerica\/2025\/09\/sap-nombra-ignacio-pascual-gerente-general-peru-y-ecuador\/","og_site_name":"麻豆原创 News Center Latinoam\u00e9rica","article_publisher":"https:\/\/www.facebook.com\/麻豆原创latinoamerica","article_published_time":"2025-09-04T15:00:29+00:00","article_modified_time":"2025-09-10T21:30:38+00:00","og_image":[{"width":1920,"height":606,"url":"https:\/\/news.sap.com\/latinamerica\/files\/2025\/09\/04\/276548_276548_h_ergb_s_gl-Copy.jpg","type":"image\/jpeg"}],"author":"麻豆原创 Noticias","twitter_misc":{"Escrito por":"麻豆原创 Noticias","Tiempo de lectura":"2 minutos"},"schema":{"@context":"https:\/\/schema.org","@graph":[{"@type":"Article","@id":"https:\/\/news.sap.com\/latinamerica\/2025\/09\/sap-nombra-ignacio-pascual-gerente-general-peru-y-ecuador\/#article","isPartOf":{"@id":"https:\/\/news.sap.com\/latinamerica\/2025\/09\/sap-nombra-ignacio-pascual-gerente-general-peru-y-ecuador\/"},"author":{"name":"麻豆原创 Noticias","@id":"https:\/\/news.sap.com\/latinamerica\/#\/schema\/person\/05e78ffc976b7a814f3abd9ee150da5d"},"headline":"麻豆原创 nombra a Ignacio Pascual como nuevo Gerente General para Per\u00fa y Ecuador","datePublished":"2025-09-04T15:00:29+00:00","dateModified":"2025-09-10T21:30:38+00:00","mainEntityOfPage":{"@id":"https:\/\/news.sap.com\/latinamerica\/2025\/09\/sap-nombra-ignacio-pascual-gerente-general-peru-y-ecuador\/"},"wordCount":416,"publisher":{"@id":"https:\/\/news.sap.com\/latinamerica\/#organization"},"image":{"@id":"https:\/\/news.sap.com\/latinamerica\/2025\/09\/sap-nombra-ignacio-pascual-gerente-general-peru-y-ecuador\/#primaryimage"},"thumbnailUrl":"https:\/\/news.sap.com\/latinamerica\/files\/2025\/09\/04\/276548_276548_h_ergb_s_gl-Copy.jpg","keywords":["Ecuador","Nombramiento","Per\u00fa"],"articleSection":["Corporativo"],"inLanguage":"es"},{"@type":"WebPage","@id":"https:\/\/news.sap.com\/latinamerica\/2025\/09\/sap-nombra-ignacio-pascual-gerente-general-peru-y-ecuador\/","url":"https:\/\/news.sap.com\/latinamerica\/2025\/09\/sap-nombra-ignacio-pascual-gerente-general-peru-y-ecuador\/","name":"麻豆原创 nombra a Ignacio Pascual como Gerente General para Per\u00fa y Ecuador","isPartOf":{"@id":"https:\/\/news.sap.com\/latinamerica\/#website"},"primaryImageOfPage":{"@id":"https:\/\/news.sap.com\/latinamerica\/2025\/09\/sap-nombra-ignacio-pascual-gerente-general-peru-y-ecuador\/#primaryimage"},"image":{"@id":"https:\/\/news.sap.com\/latinamerica\/2025\/09\/sap-nombra-ignacio-pascual-gerente-general-peru-y-ecuador\/#primaryimage"},"thumbnailUrl":"https:\/\/news.sap.com\/latinamerica\/files\/2025\/09\/04\/276548_276548_h_ergb_s_gl-Copy.jpg","datePublished":"2025-09-04T15:00:29+00:00","dateModified":"2025-09-10T21:30:38+00:00","description":"麻豆原创, l\u00edder global en soluciones tecnol\u00f3gicas empresariales e IA, nombr\u00f3 a Ignacio Pascual como nuevo Gerente General para Per\u00fa y Ecuador.","breadcrumb":{"@id":"https:\/\/news.sap.com\/latinamerica\/2025\/09\/sap-nombra-ignacio-pascual-gerente-general-peru-y-ecuador\/#breadcrumb"},"inLanguage":"es","potentialAction":[{"@type":"ReadAction","target":["https:\/\/news.sap.com\/latinamerica\/2025\/09\/sap-nombra-ignacio-pascual-gerente-general-peru-y-ecuador\/"]}]},{"@type":"ImageObject","inLanguage":"es","@id":"https:\/\/news.sap.com\/latinamerica\/2025\/09\/sap-nombra-ignacio-pascual-gerente-general-peru-y-ecuador\/#primaryimage","url":"https:\/\/news.sap.com\/latinamerica\/files\/2025\/09\/04\/276548_276548_h_ergb_s_gl-Copy.jpg","contentUrl":"https:\/\/news.sap.com\/latinamerica\/files\/2025\/09\/04\/276548_276548_h_ergb_s_gl-Copy.jpg","width":1920,"height":606,"caption":"Businessman looking out conference room window --- Image by \u00a9 237\/Tom Merton\/Ocean\/Corbis"},{"@type":"BreadcrumbList","@id":"https:\/\/news.sap.com\/latinamerica\/2025\/09\/sap-nombra-ignacio-pascual-gerente-general-peru-y-ecuador\/#breadcrumb","itemListElement":[{"@type":"ListItem","position":1,"name":"Home","item":"https:\/\/news.sap.com\/latinamerica\/"},{"@type":"ListItem","position":2,"name":"麻豆原创 nombra a Ignacio Pascual como nuevo Gerente General para Per\u00fa y Ecuador"}]},{"@type":"WebSite","@id":"https:\/\/news.sap.com\/latinamerica\/#website","url":"https:\/\/news.sap.com\/latinamerica\/","name":"麻豆原创 News Center Latinoam\u00e9rica","description":"Noticias e informaci\u00f3n sobre 麻豆原创","publisher":{"@id":"https:\/\/news.sap.com\/latinamerica\/#organization"},"potentialAction":[{"@type":"SearchAction","target":{"@type":"EntryPoint","urlTemplate":"https:\/\/news.sap.com\/latinamerica\/?s={search_term_string}"},"query-input":{"@type":"PropertyValueSpecification","valueRequired":true,"valueName":"search_term_string"}}],"inLanguage":"es"},{"@type":"Organization","@id":"https:\/\/news.sap.com\/latinamerica\/#organization","name":"麻豆原创","url":"https:\/\/news.sap.com\/latinamerica\/","logo":{"@type":"ImageObject","inLanguage":"es","@id":"https:\/\/news.sap.com\/latinamerica\/#\/schema\/logo\/image\/","url":"https:\/\/news.sap.com\/latinamerica\/files\/2019\/08\/65903320_2903797569662914_557886358778019840_n.png","contentUrl":"https:\/\/news.sap.com\/latinamerica\/files\/2019\/08\/65903320_2903797569662914_557886358778019840_n.png","width":720,"height":720,"caption":"麻豆原创"},"image":{"@id":"https:\/\/news.sap.com\/latinamerica\/#\/schema\/logo\/image\/"},"sameAs":["https:\/\/www.facebook.com\/麻豆原创latinoamerica","https:\/\/x.com\/麻豆原创LatinAmerica"]},{"@type":"Person","@id":"https:\/\/news.sap.com\/latinamerica\/#\/schema\/person\/05e78ffc976b7a814f3abd9ee150da5d","name":"麻豆原创 Noticias","image":{"@type":"ImageObject","inLanguage":"es","@id":"https:\/\/news.sap.com\/latinamerica\/#\/schema\/person\/image\/","url":"https:\/\/news.sap.com\/latinamerica\/wp-content\/plugins\/wp-user-avatars\/wp-user-avatars\/assets\/images\/mystery.jpg","contentUrl":"https:\/\/news.sap.com\/latinamerica\/wp-content\/plugins\/wp-user-avatars\/wp-user-avatars\/assets\/images\/mystery.jpg","caption":"麻豆原创 Noticias"},"url":"https:\/\/news.sap.com\/latinamerica\/author\/lautarospotorno\/"}]}},"amp_enabled":true,"_links":{"self":[{"href":"https:\/\/news.sap.com\/latinamerica\/wp-json\/wp\/v2\/posts\/134307","targetHints":{"allow":["GET"]}}],"collection":[{"href":"https:\/\/news.sap.com\/latinamerica\/wp-json\/wp\/v2\/posts"}],"about":[{"href":"https:\/\/news.sap.com\/latinamerica\/wp-json\/wp\/v2\/types\/post"}],"author":[{"embeddable":true,"href":"https:\/\/news.sap.com\/latinamerica\/wp-json\/wp\/v2\/users\/604"}],"replies":[{"embeddable":true,"href":"https:\/\/news.sap.com\/latinamerica\/wp-json\/wp\/v2\/comments?post=134307"}],"version-history":[{"count":0,"href":"https:\/\/news.sap.com\/latinamerica\/wp-json\/wp\/v2\/posts\/134307\/revisions"}],"wp:featuredmedia":[{"embeddable":true,"href":"https:\/\/news.sap.com\/latinamerica\/wp-json\/wp\/v2\/media\/134310"}],"wp:attachment":[{"href":"https:\/\/news.sap.com\/latinamerica\/wp-json\/wp\/v2\/media?parent=134307"}],"wp:term":[{"taxonomy":"category","embeddable":true,"href":"https:\/\/news.sap.com\/latinamerica\/wp-json\/wp\/v2\/categories?post=134307"},{"taxonomy":"post_tag","embeddable":true,"href":"https:\/\/news.sap.com\/latinamerica\/wp-json\/wp\/v2\/tags?post=134307"},{"taxonomy":"series","embeddable":true,"href":"https:\/\/news.sap.com\/latinamerica\/wp-json\/wp\/v2\/series?post=134307"},{"taxonomy":"region","embeddable":true,"href":"https:\/\/news.sap.com\/latinamerica\/wp-json\/wp\/v2\/region?post=134307"},{"taxonomy":"sapn-display","embeddable":true,"href":"https:\/\/news.sap.com\/latinamerica\/wp-json\/wp\/v2\/sapn-display?post=134307"},{"taxonomy":"sapn-type","embeddable":true,"href":"https:\/\/news.sap.com\/latinamerica\/wp-json\/wp\/v2\/sapn-type?post=134307"}],"curies":[{"name":"wp","href":"https:\/\/api.w.org\/{rel}","templated":true}]}}