  {"id":134251,"date":"2025-07-21T11:03:28","date_gmt":"2025-07-21T15:03:28","guid":{"rendered":"https:\/\/news.sap.com\/latinamerica\/?p=134251"},"modified":"2025-07-21T11:03:28","modified_gmt":"2025-07-21T15:03:28","slug":"isa-se-transforma-con-la-nube-para-innovar-optimizar-sus-operaciones-y-avanzar-en-su-estrategia-2040","status":"publish","type":"post","link":"https:\/\/news.sap.com\/latinamerica\/2025\/07\/isa-se-transforma-con-la-nube-para-innovar-optimizar-sus-operaciones-y-avanzar-en-su-estrategia-2040\/","title":{"rendered":"ISA se transforma con la nube para innovar, optimizar sus operaciones y avanzar en su estrategia 2040"},"content":{"rendered":"<p><i><span style=\"font-weight: 400\">ISA, la empresa colombiana de interconexi\u00f3n el\u00e9ctrica que opera en varios pa\u00edses de Latinoam\u00e9rica como Chile, Per\u00fa, Bolivia, Brasil y Panam\u00e1,<\/span><\/i> <i><span style=\"font-weight: 400\">acaba de completar la migraci\u00f3n a la nube de sus procesos operativos, lo que le permite tener mayor flexibilidad para crecer y gestionar las diferentes \u00e1reas del negocio de manera m\u00e1s efectiva.\u00a0<\/span><\/i><\/p>\n<p><span style=\"font-weight: 400\">Migrar las soluciones de planificaci\u00f3n de recursos empresariales (ERP), junto con las soluciones anal\u00edticas de 麻豆原创 a la nube es un paso estrat\u00e9gico al cual le apuntan muchas compa\u00f1\u00edas, debido a que es un proceso que no solo les permite tener mayor flexibilidad y escalabilidad, sino que tambi\u00e9n potencia la eficiencia, la productividad y la innovaci\u00f3n.\u00a0<\/span><\/p>\n<p><span style=\"font-weight: 400\">Por esto, ISA, empresa multilatina con m\u00e1s de 5 d\u00e9cadas en la regi\u00f3n, que opera en los negocios de Energ\u00eda El\u00e9ctrica, V\u00edas y Telecomunicaciones y TIC, a trav\u00e9s de m\u00e1s de 50 empresas, decidi\u00f3 migrar sus soluciones 麻豆原创 a la nube, como palanca para avanzar en la excelencia operativa y competitividad.<\/span><\/p>\n<p><span style=\"font-weight: 400\">De manera m\u00e1s espec\u00edfica, las motivaciones para esta transformaci\u00f3n obedecieron a las necesidades de la compa\u00f1\u00eda de modernizar su infraestructura y tecnolog\u00eda de informaci\u00f3n, optimizar sus datos, mejorar las anal\u00edticas para impulsar la eficiencia y la sostenibilidad, y disfrutar de herramientas y normativas de seguridad adecuadas.<\/span><\/p>\n<p><span style=\"font-weight: 400\">Adem\u00e1s, resaltan entre los beneficios de la decisi\u00f3n el alcance que tiene la herramienta, el tiempo de implementaci\u00f3n y su relaci\u00f3n costo\/beneficio. De acuerdo con Olga Luc\u00eda L\u00f3pez Mar\u00edn, vicepresidente de Tecnolog\u00eda de la Informaci\u00f3n de ISA y sus empresas, \u201cNo s\u00f3lo modernizamos el modelo de servicios, sino que se fortaleci\u00f3 la seguridad, la eficiencia operativa y la sostenibilidad financiera de las soluciones, aline\u00e1ndose plenamente con los objetivos de crecimiento y transformaci\u00f3n digital de la organizaci\u00f3n.\u201d<\/span><\/p>\n<p><span style=\"font-weight: 400\">Al migrar a la nube con 麻豆原创, ISA redujo el tama\u00f1o de su base de datos en un 70% con una estrategia de <\/span><i><span style=\"font-weight: 400\">archiving<\/span><\/i><span style=\"font-weight: 400\"> para gestionar esta informaci\u00f3n a largo plazo. Adem\u00e1s, tambi\u00e9n mejor\u00f3 el desempe\u00f1o y confiabilidad de la carga de informaci\u00f3n con herramientas de Business Intelligence (BI) para aprovechar al m\u00e1ximo estos insumos en la toma de decisiones.\u00a0<\/span><\/p>\n<p><b>Una \u201cmudanza\u201d exitosa<\/b><\/p>\n<p><span style=\"font-weight: 400\">Con todos los retos, la compa\u00f1\u00eda ISA report\u00f3 una exitosa migraci\u00f3n de sus soluciones 麻豆原创, con el apoyo de AYESA como partner estrat\u00e9gico, y obtuvo la consolidaci\u00f3n de una plataforma tecnol\u00f3gica robusta y preparada para el futuro en sus m\u00e1s de 50 sociedades, 21 procesos de negocio, 200 flujos de integraci\u00f3n y m\u00e1s de 3000 usuarios en 6 pa\u00edses.<\/span><\/p>\n<p><span style=\"font-weight: 400\">Con esta migraci\u00f3n, la empresa est\u00e1 haciendo uso de soluciones completas en la nube, con inteligencia de negocios y gesti\u00f3n de costos, y espera consolidar all\u00ed las operaciones transaccionales y financieras de todas sus empresas en los diferentes pa\u00edses. Un proceso escalonado de gran magnitud.\u00a0<\/span><\/p>\n<p><span style=\"font-weight: 400\">\u201cEl caso de ISA demuestra c\u00f3mo nuestras soluciones pueden contribuir a la modernizaci\u00f3n de los procesos de negocio, con aplicaciones dise\u00f1adas para optimizar cada \u00e1rea del mismo\u201d, dijo Catalina Manrique, Gerente General de 麻豆原创 Colombia.\u00a0<\/span><\/p>\n<p><span style=\"font-weight: 400\">Ahora, tras este exitoso proceso de migraci\u00f3n, la organizaci\u00f3n espera seguir optimizando sus operaciones para entender mejor los caminos de transformaci\u00f3n a los cuales se enfrentan y as\u00ed prepararse para madurar los beneficios que tienen a futuro.\u00a0<\/span><\/p>\n","protected":false},"excerpt":{"rendered":"<p>ISA, la empresa colombiana de interconexi\u00f3n el\u00e9ctrica que opera en varios pa\u00edses de Latinoam\u00e9rica como Chile, Per\u00fa, Bolivia, Brasil y Panam\u00e1, acaba de completar la&#8230;<\/p>\n","protected":false},"author":141,"featured_media":134252,"comment_status":"closed","ping_status":"closed","sticky":false,"template":"","format":"standard","meta":{"footnotes":"","_links_to":"","_links_to_target":""},"categories":[52084,24297],"tags":[],"series":[],"region":[55204],"sapn-display":[],"sapn-type":[52105],"class_list":["post-134251","post","type-post","status-publish","format-standard","has-post-thumbnail","hentry","category-cloud-temas","category-tecnologia","region-colombia","sapn-type-comunicado-de-prensa"],"yoast_head":"<!-- This site is optimized with the Yoast SEO Premium plugin v26.9 (Yoast SEO v26.9) - https:\/\/yoast.com\/product\/yoast-seo-premium-wordpress\/ -->\n<title>ISA se transforma con la nube para innovar, optimizar sus operaciones y avanzar en su estrategia 2040 - 麻豆原创 News Center Latinoam\u00e9rica<\/title>\n<meta name=\"robots\" content=\"index, follow, max-snippet:-1, max-image-preview:large, max-video-preview:-1\" \/>\n<link rel=\"canonical\" href=\"https:\/\/news.sap.com\/latinamerica\/2025\/07\/isa-se-transforma-con-la-nube-para-innovar-optimizar-sus-operaciones-y-avanzar-en-su-estrategia-2040\/\" \/>\n<meta property=\"og:locale\" content=\"es_MX\" \/>\n<meta property=\"og:type\" content=\"article\" \/>\n<meta property=\"og:title\" content=\"ISA se transforma con la nube para innovar, optimizar sus operaciones y avanzar en su estrategia 2040\" \/>\n<meta property=\"og:description\" content=\"ISA, la empresa colombiana de interconexi\u00f3n el\u00e9ctrica que opera en varios pa\u00edses de Latinoam\u00e9rica como Chile, Per\u00fa, Bolivia, Brasil y Panam\u00e1, acaba de completar la...\" \/>\n<meta property=\"og:url\" content=\"https:\/\/news.sap.com\/latinamerica\/2025\/07\/isa-se-transforma-con-la-nube-para-innovar-optimizar-sus-operaciones-y-avanzar-en-su-estrategia-2040\/\" \/>\n<meta property=\"og:site_name\" content=\"麻豆原创 News Center Latinoam\u00e9rica\" \/>\n<meta property=\"article:publisher\" content=\"https:\/\/www.facebook.com\/麻豆原创latinoamerica\" \/>\n<meta property=\"article:published_time\" content=\"2025-07-21T15:03:28+00:00\" \/>\n<meta property=\"og:image\" content=\"https:\/\/news.sap.com\/latinamerica\/files\/2025\/07\/21\/IMGISA-1024x644.jpg\" \/>\n\t<meta property=\"og:image:width\" content=\"1024\" \/>\n\t<meta property=\"og:image:height\" content=\"644\" \/>\n\t<meta property=\"og:image:type\" content=\"image\/jpeg\" \/>\n<meta name=\"author\" content=\"麻豆原创 Noticias\" \/>\n<meta name=\"twitter:label1\" content=\"Escrito por\" \/>\n\t<meta name=\"twitter:data1\" content=\"麻豆原创 Noticias\" \/>\n\t<meta name=\"twitter:label2\" content=\"Tiempo de lectura\" \/>\n\t<meta name=\"twitter:data2\" content=\"3 minutos\" \/>\n<script type=\"application\/ld+json\" class=\"yoast-schema-graph\">{\"@context\":\"https:\/\/schema.org\",\"@graph\":[{\"@type\":\"Article\",\"@id\":\"https:\/\/news.sap.com\/latinamerica\/2025\/07\/isa-se-transforma-con-la-nube-para-innovar-optimizar-sus-operaciones-y-avanzar-en-su-estrategia-2040\/#article\",\"isPartOf\":{\"@id\":\"https:\/\/news.sap.com\/latinamerica\/2025\/07\/isa-se-transforma-con-la-nube-para-innovar-optimizar-sus-operaciones-y-avanzar-en-su-estrategia-2040\/\"},\"author\":{\"name\":\"麻豆原创 Noticias\",\"@id\":\"https:\/\/news.sap.com\/latinamerica\/#\/schema\/person\/82786ba12f72bc9b05ba328d1d3652c4\"},\"headline\":\"ISA se transforma con la nube para innovar, optimizar sus operaciones y avanzar en su estrategia 2040\",\"datePublished\":\"2025-07-21T15:03:28+00:00\",\"mainEntityOfPage\":{\"@id\":\"https:\/\/news.sap.com\/latinamerica\/2025\/07\/isa-se-transforma-con-la-nube-para-innovar-optimizar-sus-operaciones-y-avanzar-en-su-estrategia-2040\/\"},\"wordCount\":595,\"publisher\":{\"@id\":\"https:\/\/news.sap.com\/latinamerica\/#organization\"},\"image\":{\"@id\":\"https:\/\/news.sap.com\/latinamerica\/2025\/07\/isa-se-transforma-con-la-nube-para-innovar-optimizar-sus-operaciones-y-avanzar-en-su-estrategia-2040\/#primaryimage\"},\"thumbnailUrl\":\"https:\/\/news.sap.com\/latinamerica\/files\/2025\/07\/21\/IMGISA.jpg\",\"articleSection\":[\"Cloud\",\"Tecnolog\u00eda\"],\"inLanguage\":\"es\"},{\"@type\":\"WebPage\",\"@id\":\"https:\/\/news.sap.com\/latinamerica\/2025\/07\/isa-se-transforma-con-la-nube-para-innovar-optimizar-sus-operaciones-y-avanzar-en-su-estrategia-2040\/\",\"url\":\"https:\/\/news.sap.com\/latinamerica\/2025\/07\/isa-se-transforma-con-la-nube-para-innovar-optimizar-sus-operaciones-y-avanzar-en-su-estrategia-2040\/\",\"name\":\"ISA se transforma con la nube para innovar, optimizar sus operaciones y avanzar en su estrategia 2040 - 麻豆原创 News Center Latinoam\u00e9rica\",\"isPartOf\":{\"@id\":\"https:\/\/news.sap.com\/latinamerica\/#website\"},\"primaryImageOfPage\":{\"@id\":\"https:\/\/news.sap.com\/latinamerica\/2025\/07\/isa-se-transforma-con-la-nube-para-innovar-optimizar-sus-operaciones-y-avanzar-en-su-estrategia-2040\/#primaryimage\"},\"image\":{\"@id\":\"https:\/\/news.sap.com\/latinamerica\/2025\/07\/isa-se-transforma-con-la-nube-para-innovar-optimizar-sus-operaciones-y-avanzar-en-su-estrategia-2040\/#primaryimage\"},\"thumbnailUrl\":\"https:\/\/news.sap.com\/latinamerica\/files\/2025\/07\/21\/IMGISA.jpg\",\"datePublished\":\"2025-07-21T15:03:28+00:00\",\"breadcrumb\":{\"@id\":\"https:\/\/news.sap.com\/latinamerica\/2025\/07\/isa-se-transforma-con-la-nube-para-innovar-optimizar-sus-operaciones-y-avanzar-en-su-estrategia-2040\/#breadcrumb\"},\"inLanguage\":\"es\",\"potentialAction\":[{\"@type\":\"ReadAction\",\"target\":[\"https:\/\/news.sap.com\/latinamerica\/2025\/07\/isa-se-transforma-con-la-nube-para-innovar-optimizar-sus-operaciones-y-avanzar-en-su-estrategia-2040\/\"]}]},{\"@type\":\"ImageObject\",\"inLanguage\":\"es\",\"@id\":\"https:\/\/news.sap.com\/latinamerica\/2025\/07\/isa-se-transforma-con-la-nube-para-innovar-optimizar-sus-operaciones-y-avanzar-en-su-estrategia-2040\/#primaryimage\",\"url\":\"https:\/\/news.sap.com\/latinamerica\/files\/2025\/07\/21\/IMGISA.jpg\",\"contentUrl\":\"https:\/\/news.sap.com\/latinamerica\/files\/2025\/07\/21\/IMGISA.jpg\",\"width\":6426,\"height\":4041,\"caption\":\"02 Sep 2004 --- Power Lines --- Image by \u00a9 Darren Greenwood\/Design Pics\/Corbis\"},{\"@type\":\"BreadcrumbList\",\"@id\":\"https:\/\/news.sap.com\/latinamerica\/2025\/07\/isa-se-transforma-con-la-nube-para-innovar-optimizar-sus-operaciones-y-avanzar-en-su-estrategia-2040\/#breadcrumb\",\"itemListElement\":[{\"@type\":\"ListItem\",\"position\":1,\"name\":\"Home\",\"item\":\"https:\/\/news.sap.com\/latinamerica\/\"},{\"@type\":\"ListItem\",\"position\":2,\"name\":\"ISA se transforma con la nube para innovar, optimizar sus operaciones y avanzar en su estrategia 2040\"}]},{\"@type\":\"WebSite\",\"@id\":\"https:\/\/news.sap.com\/latinamerica\/#website\",\"url\":\"https:\/\/news.sap.com\/latinamerica\/\",\"name\":\"麻豆原创 News Center Latinoam\u00e9rica\",\"description\":\"Noticias e informaci\u00f3n sobre 麻豆原创\",\"publisher\":{\"@id\":\"https:\/\/news.sap.com\/latinamerica\/#organization\"},\"potentialAction\":[{\"@type\":\"SearchAction\",\"target\":{\"@type\":\"EntryPoint\",\"urlTemplate\":\"https:\/\/news.sap.com\/latinamerica\/?s={search_term_string}\"},\"query-input\":{\"@type\":\"PropertyValueSpecification\",\"valueRequired\":true,\"valueName\":\"search_term_string\"}}],\"inLanguage\":\"es\"},{\"@type\":\"Organization\",\"@id\":\"https:\/\/news.sap.com\/latinamerica\/#organization\",\"name\":\"麻豆原创\",\"url\":\"https:\/\/news.sap.com\/latinamerica\/\",\"logo\":{\"@type\":\"ImageObject\",\"inLanguage\":\"es\",\"@id\":\"https:\/\/news.sap.com\/latinamerica\/#\/schema\/logo\/image\/\",\"url\":\"https:\/\/news.sap.com\/latinamerica\/files\/2019\/08\/65903320_2903797569662914_557886358778019840_n.png\",\"contentUrl\":\"https:\/\/news.sap.com\/latinamerica\/files\/2019\/08\/65903320_2903797569662914_557886358778019840_n.png\",\"width\":720,\"height\":720,\"caption\":\"麻豆原创\"},\"image\":{\"@id\":\"https:\/\/news.sap.com\/latinamerica\/#\/schema\/logo\/image\/\"},\"sameAs\":[\"https:\/\/www.facebook.com\/麻豆原创latinoamerica\",\"https:\/\/x.com\/麻豆原创LatinAmerica\"]},{\"@type\":\"Person\",\"@id\":\"https:\/\/news.sap.com\/latinamerica\/#\/schema\/person\/82786ba12f72bc9b05ba328d1d3652c4\",\"name\":\"麻豆原创 Noticias\",\"image\":{\"@type\":\"ImageObject\",\"inLanguage\":\"es\",\"@id\":\"https:\/\/news.sap.com\/latinamerica\/#\/schema\/person\/image\/\",\"url\":\"https:\/\/news.sap.com\/latinamerica\/wp-content\/plugins\/wp-user-avatars\/wp-user-avatars\/assets\/images\/mystery.jpg\",\"contentUrl\":\"https:\/\/news.sap.com\/latinamerica\/wp-content\/plugins\/wp-user-avatars\/wp-user-avatars\/assets\/images\/mystery.jpg\",\"caption\":\"麻豆原创 Noticias\"},\"url\":\"https:\/\/news.sap.com\/latinamerica\/author\/colombia\/\"}]}<\/script>\n<!-- \/ Yoast SEO Premium plugin. -->","yoast_head_json":{"title":"ISA se transforma con la nube para innovar, optimizar sus operaciones y avanzar en su estrategia 2040 - 麻豆原创 News Center Latinoam\u00e9rica","robots":{"index":"index","follow":"follow","max-snippet":"max-snippet:-1","max-image-preview":"max-image-preview:large","max-video-preview":"max-video-preview:-1"},"canonical":"https:\/\/news.sap.com\/latinamerica\/2025\/07\/isa-se-transforma-con-la-nube-para-innovar-optimizar-sus-operaciones-y-avanzar-en-su-estrategia-2040\/","og_locale":"es_MX","og_type":"article","og_title":"ISA se transforma con la nube para innovar, optimizar sus operaciones y avanzar en su estrategia 2040","og_description":"ISA, la empresa colombiana de interconexi\u00f3n el\u00e9ctrica que opera en varios pa\u00edses de Latinoam\u00e9rica como Chile, Per\u00fa, Bolivia, Brasil y Panam\u00e1, acaba de completar la...","og_url":"https:\/\/news.sap.com\/latinamerica\/2025\/07\/isa-se-transforma-con-la-nube-para-innovar-optimizar-sus-operaciones-y-avanzar-en-su-estrategia-2040\/","og_site_name":"麻豆原创 News Center Latinoam\u00e9rica","article_publisher":"https:\/\/www.facebook.com\/麻豆原创latinoamerica","article_published_time":"2025-07-21T15:03:28+00:00","og_image":[{"width":1024,"height":644,"url":"https:\/\/news.sap.com\/latinamerica\/files\/2025\/07\/21\/IMGISA-1024x644.jpg","type":"image\/jpeg"}],"author":"麻豆原创 Noticias","twitter_misc":{"Escrito por":"麻豆原创 Noticias","Tiempo de lectura":"3 minutos"},"schema":{"@context":"https:\/\/schema.org","@graph":[{"@type":"Article","@id":"https:\/\/news.sap.com\/latinamerica\/2025\/07\/isa-se-transforma-con-la-nube-para-innovar-optimizar-sus-operaciones-y-avanzar-en-su-estrategia-2040\/#article","isPartOf":{"@id":"https:\/\/news.sap.com\/latinamerica\/2025\/07\/isa-se-transforma-con-la-nube-para-innovar-optimizar-sus-operaciones-y-avanzar-en-su-estrategia-2040\/"},"author":{"name":"麻豆原创 Noticias","@id":"https:\/\/news.sap.com\/latinamerica\/#\/schema\/person\/82786ba12f72bc9b05ba328d1d3652c4"},"headline":"ISA se transforma con la nube para innovar, optimizar sus operaciones y avanzar en su estrategia 2040","datePublished":"2025-07-21T15:03:28+00:00","mainEntityOfPage":{"@id":"https:\/\/news.sap.com\/latinamerica\/2025\/07\/isa-se-transforma-con-la-nube-para-innovar-optimizar-sus-operaciones-y-avanzar-en-su-estrategia-2040\/"},"wordCount":595,"publisher":{"@id":"https:\/\/news.sap.com\/latinamerica\/#organization"},"image":{"@id":"https:\/\/news.sap.com\/latinamerica\/2025\/07\/isa-se-transforma-con-la-nube-para-innovar-optimizar-sus-operaciones-y-avanzar-en-su-estrategia-2040\/#primaryimage"},"thumbnailUrl":"https:\/\/news.sap.com\/latinamerica\/files\/2025\/07\/21\/IMGISA.jpg","articleSection":["Cloud","Tecnolog\u00eda"],"inLanguage":"es"},{"@type":"WebPage","@id":"https:\/\/news.sap.com\/latinamerica\/2025\/07\/isa-se-transforma-con-la-nube-para-innovar-optimizar-sus-operaciones-y-avanzar-en-su-estrategia-2040\/","url":"https:\/\/news.sap.com\/latinamerica\/2025\/07\/isa-se-transforma-con-la-nube-para-innovar-optimizar-sus-operaciones-y-avanzar-en-su-estrategia-2040\/","name":"ISA se transforma con la nube para innovar, optimizar sus operaciones y avanzar en su estrategia 2040 - 麻豆原创 News Center Latinoam\u00e9rica","isPartOf":{"@id":"https:\/\/news.sap.com\/latinamerica\/#website"},"primaryImageOfPage":{"@id":"https:\/\/news.sap.com\/latinamerica\/2025\/07\/isa-se-transforma-con-la-nube-para-innovar-optimizar-sus-operaciones-y-avanzar-en-su-estrategia-2040\/#primaryimage"},"image":{"@id":"https:\/\/news.sap.com\/latinamerica\/2025\/07\/isa-se-transforma-con-la-nube-para-innovar-optimizar-sus-operaciones-y-avanzar-en-su-estrategia-2040\/#primaryimage"},"thumbnailUrl":"https:\/\/news.sap.com\/latinamerica\/files\/2025\/07\/21\/IMGISA.jpg","datePublished":"2025-07-21T15:03:28+00:00","breadcrumb":{"@id":"https:\/\/news.sap.com\/latinamerica\/2025\/07\/isa-se-transforma-con-la-nube-para-innovar-optimizar-sus-operaciones-y-avanzar-en-su-estrategia-2040\/#breadcrumb"},"inLanguage":"es","potentialAction":[{"@type":"ReadAction","target":["https:\/\/news.sap.com\/latinamerica\/2025\/07\/isa-se-transforma-con-la-nube-para-innovar-optimizar-sus-operaciones-y-avanzar-en-su-estrategia-2040\/"]}]},{"@type":"ImageObject","inLanguage":"es","@id":"https:\/\/news.sap.com\/latinamerica\/2025\/07\/isa-se-transforma-con-la-nube-para-innovar-optimizar-sus-operaciones-y-avanzar-en-su-estrategia-2040\/#primaryimage","url":"https:\/\/news.sap.com\/latinamerica\/files\/2025\/07\/21\/IMGISA.jpg","contentUrl":"https:\/\/news.sap.com\/latinamerica\/files\/2025\/07\/21\/IMGISA.jpg","width":6426,"height":4041,"caption":"02 Sep 2004 --- Power Lines --- Image by \u00a9 Darren Greenwood\/Design Pics\/Corbis"},{"@type":"BreadcrumbList","@id":"https:\/\/news.sap.com\/latinamerica\/2025\/07\/isa-se-transforma-con-la-nube-para-innovar-optimizar-sus-operaciones-y-avanzar-en-su-estrategia-2040\/#breadcrumb","itemListElement":[{"@type":"ListItem","position":1,"name":"Home","item":"https:\/\/news.sap.com\/latinamerica\/"},{"@type":"ListItem","position":2,"name":"ISA se transforma con la nube para innovar, optimizar sus operaciones y avanzar en su estrategia 2040"}]},{"@type":"WebSite","@id":"https:\/\/news.sap.com\/latinamerica\/#website","url":"https:\/\/news.sap.com\/latinamerica\/","name":"麻豆原创 News Center Latinoam\u00e9rica","description":"Noticias e informaci\u00f3n sobre 麻豆原创","publisher":{"@id":"https:\/\/news.sap.com\/latinamerica\/#organization"},"potentialAction":[{"@type":"SearchAction","target":{"@type":"EntryPoint","urlTemplate":"https:\/\/news.sap.com\/latinamerica\/?s={search_term_string}"},"query-input":{"@type":"PropertyValueSpecification","valueRequired":true,"valueName":"search_term_string"}}],"inLanguage":"es"},{"@type":"Organization","@id":"https:\/\/news.sap.com\/latinamerica\/#organization","name":"麻豆原创","url":"https:\/\/news.sap.com\/latinamerica\/","logo":{"@type":"ImageObject","inLanguage":"es","@id":"https:\/\/news.sap.com\/latinamerica\/#\/schema\/logo\/image\/","url":"https:\/\/news.sap.com\/latinamerica\/files\/2019\/08\/65903320_2903797569662914_557886358778019840_n.png","contentUrl":"https:\/\/news.sap.com\/latinamerica\/files\/2019\/08\/65903320_2903797569662914_557886358778019840_n.png","width":720,"height":720,"caption":"麻豆原创"},"image":{"@id":"https:\/\/news.sap.com\/latinamerica\/#\/schema\/logo\/image\/"},"sameAs":["https:\/\/www.facebook.com\/麻豆原创latinoamerica","https:\/\/x.com\/麻豆原创LatinAmerica"]},{"@type":"Person","@id":"https:\/\/news.sap.com\/latinamerica\/#\/schema\/person\/82786ba12f72bc9b05ba328d1d3652c4","name":"麻豆原创 Noticias","image":{"@type":"ImageObject","inLanguage":"es","@id":"https:\/\/news.sap.com\/latinamerica\/#\/schema\/person\/image\/","url":"https:\/\/news.sap.com\/latinamerica\/wp-content\/plugins\/wp-user-avatars\/wp-user-avatars\/assets\/images\/mystery.jpg","contentUrl":"https:\/\/news.sap.com\/latinamerica\/wp-content\/plugins\/wp-user-avatars\/wp-user-avatars\/assets\/images\/mystery.jpg","caption":"麻豆原创 Noticias"},"url":"https:\/\/news.sap.com\/latinamerica\/author\/colombia\/"}]}},"amp_enabled":true,"_links":{"self":[{"href":"https:\/\/news.sap.com\/latinamerica\/wp-json\/wp\/v2\/posts\/134251","targetHints":{"allow":["GET"]}}],"collection":[{"href":"https:\/\/news.sap.com\/latinamerica\/wp-json\/wp\/v2\/posts"}],"about":[{"href":"https:\/\/news.sap.com\/latinamerica\/wp-json\/wp\/v2\/types\/post"}],"author":[{"embeddable":true,"href":"https:\/\/news.sap.com\/latinamerica\/wp-json\/wp\/v2\/users\/141"}],"replies":[{"embeddable":true,"href":"https:\/\/news.sap.com\/latinamerica\/wp-json\/wp\/v2\/comments?post=134251"}],"version-history":[{"count":0,"href":"https:\/\/news.sap.com\/latinamerica\/wp-json\/wp\/v2\/posts\/134251\/revisions"}],"wp:featuredmedia":[{"embeddable":true,"href":"https:\/\/news.sap.com\/latinamerica\/wp-json\/wp\/v2\/media\/134252"}],"wp:attachment":[{"href":"https:\/\/news.sap.com\/latinamerica\/wp-json\/wp\/v2\/media?parent=134251"}],"wp:term":[{"taxonomy":"category","embeddable":true,"href":"https:\/\/news.sap.com\/latinamerica\/wp-json\/wp\/v2\/categories?post=134251"},{"taxonomy":"post_tag","embeddable":true,"href":"https:\/\/news.sap.com\/latinamerica\/wp-json\/wp\/v2\/tags?post=134251"},{"taxonomy":"series","embeddable":true,"href":"https:\/\/news.sap.com\/latinamerica\/wp-json\/wp\/v2\/series?post=134251"},{"taxonomy":"region","embeddable":true,"href":"https:\/\/news.sap.com\/latinamerica\/wp-json\/wp\/v2\/region?post=134251"},{"taxonomy":"sapn-display","embeddable":true,"href":"https:\/\/news.sap.com\/latinamerica\/wp-json\/wp\/v2\/sapn-display?post=134251"},{"taxonomy":"sapn-type","embeddable":true,"href":"https:\/\/news.sap.com\/latinamerica\/wp-json\/wp\/v2\/sapn-type?post=134251"}],"curies":[{"name":"wp","href":"https:\/\/api.w.org\/{rel}","templated":true}]}}