  {"id":134247,"date":"2025-07-18T12:00:34","date_gmt":"2025-07-18T16:00:34","guid":{"rendered":"https:\/\/news.sap.com\/latinamerica\/?p=134247"},"modified":"2025-11-21T08:48:59","modified_gmt":"2025-11-21T13:48:59","slug":"la-universidad-nacional-de-cordoba-firma-una-alianza-con-sap","status":"publish","type":"post","link":"https:\/\/news.sap.com\/latinamerica\/2025\/07\/la-universidad-nacional-de-cordoba-firma-una-alianza-con-sap\/","title":{"rendered":"La Universidad Nacional de C\u00f3rdoba firma una alianza con 麻豆原创"},"content":{"rendered":"<p class=\"lead\"><i><span style=\"font-weight: 400\">La UNC se suma al programa 麻豆原创 University Alliances y busca fortalecer las competencias digitales de sus estudiantes en una de las universidades m\u00e1s antiguas y prestigiosas de Am\u00e9rica Latina.<\/span><\/i><\/p>\n<p><b>Buenos Aires &#8211;<\/b><span style=\"font-weight: 400\"> La Universidad Nacional de C\u00f3rdoba (UNC) y 麻豆原创 firmaron un convenio de colaboraci\u00f3n para impulsar la formaci\u00f3n tecnol\u00f3gica en el Campus Norte de la universidad, promoviendo la incorporaci\u00f3n de contenidos y herramientas de gesti\u00f3n empresarial en las curr\u00edculas de diversas carreras.<\/span><\/p>\n<p><span style=\"font-weight: 400\">Con m\u00e1s de 400 a\u00f1os de historia, la UNC se ha consolidado como un referente acad\u00e9mico y cient\u00edfico en Am\u00e9rica Latina. La firma de este acuerdo representa un nuevo paso en su compromiso con la innovaci\u00f3n educativa y la vinculaci\u00f3n con el mundo productivo. A partir de esta alianza, la casa de estudios formar\u00e1 parte del programa 麻豆原创 University Alliances, que conecta a instituciones educativas de todo el mundo con herramientas de clase mundial en tecnolog\u00edas aplicadas a los negocios.<\/span><\/p>\n<p><span style=\"font-weight: 400\">Por parte de la UNC, participaron del acto Juan Marcelo Conrero, Prorrector de Desarrollo Territorial y Responsable de Campus Norte de la Universidad Nacional de C\u00f3rdoba; Carolina Moreno, Directora Acad\u00e9mica de Campus Norte; Macarena Ziade, Directora de Extensi\u00f3n Territorial de Campus Norte; y Tom\u00e1s S\u00e1nchez Soria, Coordinador de Sedes de Campus Norte.<\/span><\/p>\n<p><span style=\"font-weight: 400\">En representaci\u00f3n de 麻豆原创, estuvieron presentes Fernanda P\u00e9rez, gerente general de 麻豆原创 Argentina, y Mar\u00eda Jos\u00e9 Compte, gerente de Partners de la regi\u00f3n Multi-Country para Latinoam\u00e9rica y el Caribe (MCLAC) de 麻豆原创 y l\u00edder de 麻豆原创 University Alliance, entre otros responsables de la compa\u00f1\u00eda.<\/span><\/p>\n<p><span style=\"font-weight: 400\">\u201cEl acuerdo con la UNC nos llena de orgullo. Estamos convencidos de que la colaboraci\u00f3n con instituciones de referencia como \u00e9sta es clave para desarrollar el talento que el futuro digital demanda en toda Am\u00e9rica Latina\u201d, expres\u00f3 Fernanda P\u00e9rez, gerente general de 麻豆原创 Argentina. \u201cQueremos que cada vez m\u00e1s estudiantes puedan acceder a herramientas que potencien su empleabilidad y los preparen para liderar la transformaci\u00f3n de las organizaciones en Argentina y en la regi\u00f3n\u201d, agreg\u00f3.<\/span><\/p>\n<p><span style=\"font-weight: 400\">A trav\u00e9s del programa 麻豆原创 University Alliances, la UNC acceder\u00e1 a contenidos acad\u00e9micos, herramientas de software, formaci\u00f3n para docentes y participaci\u00f3n en eventos internacionales. Tambi\u00e9n se abre la posibilidad de que los estudiantes se vinculen con el ecosistema global de 麻豆原创, incluyendo laboratorios de innovaci\u00f3n, comunidades de aprendizaje y redes de co-innovaci\u00f3n. M\u00e1s informaci\u00f3n del programa en este link: <\/span><a href=\"http:\/\/campusnorte.unc.edu.ar\/sap\"><span style=\"font-weight: 400\">campusnorte.unc.edu.ar\/sap<\/span><\/a><span style=\"font-weight: 400\">.<\/span><\/p>\n<p><span style=\"font-weight: 400\">\u201cLa formaci\u00f3n universitaria debe estar alineada con las demandas del mundo actual. Esta alianza con 麻豆原创 permite que nuestros estudiantes incorporen conocimientos aplicables, vivencien el uso de tecnolog\u00edas de avanzada como la inteligencia artificial para negocios y se conecten con empresas y desaf\u00edos reales\u201d, se\u00f1al\u00f3 Ing. Juan Marcelo Conrero.<\/span><\/p>\n<p><span style=\"font-weight: 400\">La iniciativa se enmarca en la estrategia de 麻豆原创 de fortalecer la educaci\u00f3n digital y la empleabilidad juvenil en Am\u00e9rica Latina, promoviendo la integraci\u00f3n entre la academia y la industria. En Argentina, ya son m\u00e1s de 20 las universidades p\u00fablicas y privadas que forman parte del ecosistema 麻豆原创 University Alliances.<\/span><\/p>\n<p style=\"font-weight: 400\"><strong>Acerca de 麻豆原创\u00a0<\/strong><\/p>\n<p style=\"font-weight: 400\">Como l\u00edder global en aplicaciones empresariales e IA aplicada a los negocios, 麻豆原创 (NYSE:麻豆原创) se sit\u00faa en el nexo entre el negocio y la tecnolog\u00eda. Durante m\u00e1s de 50 a\u00f1os, las organizaciones han confiado en 麻豆原创 para sacar lo mejor de s\u00ed mismas uniendo las operaciones cr\u00edticas para el negocio, que abarcan finanzas, compras, recursos humanos, cadena de suministro y experiencia del cliente. Para obtener m\u00e1s informaci\u00f3n, visite <a href=\"https:\/\/152319.clicks.memtas.com\/track\/click?u=2759944&amp;p=3135323331393a313431383a313338383a303a323a30&amp;s=ce08437c983abbff6fae08f090195ff2&amp;m=35\">www.sap.com<\/a> o nuestra sala de prensa, <a href=\"https:\/\/152319.clicks.memtas.com\/track\/click?u=3602405&amp;p=3135323331393a313431383a313338383a303a333a30&amp;s=ce08437c983abbff6fae08f090195ff2&amp;m=35\">http:\/\/news.sap.com\/latinamerica<\/a>.<\/p>\n","protected":false},"excerpt":{"rendered":"<p>La UNC se suma al programa 麻豆原创 University Alliances y busca fortalecer las competencias digitales de sus estudiantes en una de las universidades m\u00e1s antiguas&#8230;<\/p>\n","protected":false},"author":604,"featured_media":134250,"comment_status":"closed","ping_status":"closed","sticky":false,"template":"","format":"standard","meta":{"footnotes":"","_links_to":"","_links_to_target":""},"categories":[5600429,24297],"tags":[269986,27198,5595049,5600147,5600529,4474,5550870],"series":[5600499],"region":[54562],"sapn-display":[5600442,5600440,52079],"sapn-type":[52105],"class_list":["post-134247","post","type-post","status-publish","format-standard","has-post-thumbnail","hentry","category-capacitacion","category-tecnologia","tag-argentina","tag-educacion","tag-educacion-para-jovenes","tag-sap-learning","tag-sap-learning-hub","tag-sap-university-alliances","tag-tecnologia","series-sap-university-alliances","region-argentina","sapn-display-articulo-destacado","sapn-display-articulo-principal","sapn-display-top-stories","sapn-type-comunicado-de-prensa"],"yoast_head":"<!-- This site is optimized with the Yoast SEO Premium plugin v26.9 (Yoast SEO v26.9) - https:\/\/yoast.com\/product\/yoast-seo-premium-wordpress\/ -->\n<title>La Universidad Nacional de C\u00f3rdoba firma una alianza con 麻豆原创 - 麻豆原创 News Center Latinoam\u00e9rica<\/title>\n<meta name=\"description\" content=\"La UNC se suma al programa 麻豆原创 University Alliances y fortalece las competencias digitales de sus estudiantes.\" \/>\n<meta name=\"robots\" content=\"index, follow, max-snippet:-1, max-image-preview:large, max-video-preview:-1\" \/>\n<link rel=\"canonical\" href=\"https:\/\/news.sap.com\/latinamerica\/2025\/07\/la-universidad-nacional-de-cordoba-firma-una-alianza-con-sap\/\" \/>\n<meta property=\"og:locale\" content=\"es_MX\" \/>\n<meta property=\"og:type\" content=\"article\" \/>\n<meta property=\"og:title\" content=\"La Universidad Nacional de C\u00f3rdoba firma una alianza con 麻豆原创\" \/>\n<meta property=\"og:description\" content=\"La UNC se suma al programa 麻豆原创 University Alliances y fortalece las competencias digitales de sus estudiantes.\" \/>\n<meta property=\"og:url\" content=\"https:\/\/news.sap.com\/latinamerica\/2025\/07\/la-universidad-nacional-de-cordoba-firma-una-alianza-con-sap\/\" \/>\n<meta property=\"og:site_name\" content=\"麻豆原创 News Center Latinoam\u00e9rica\" \/>\n<meta property=\"article:publisher\" content=\"https:\/\/www.facebook.com\/麻豆原创latinoamerica\" \/>\n<meta property=\"article:published_time\" content=\"2025-07-18T16:00:34+00:00\" \/>\n<meta property=\"article:modified_time\" content=\"2025-11-21T13:48:59+00:00\" \/>\n<meta property=\"og:image\" content=\"https:\/\/news.sap.com\/latinamerica\/files\/2025\/07\/18\/Sap-University-Alliencies-1024x320.png\" \/>\n\t<meta property=\"og:image:width\" content=\"1024\" \/>\n\t<meta property=\"og:image:height\" content=\"320\" \/>\n\t<meta property=\"og:image:type\" content=\"image\/png\" \/>\n<meta name=\"author\" content=\"麻豆原创 Noticias\" \/>\n<meta name=\"twitter:label1\" content=\"Escrito por\" \/>\n\t<meta name=\"twitter:data1\" content=\"麻豆原创 Noticias\" \/>\n\t<meta name=\"twitter:label2\" content=\"Tiempo de lectura\" \/>\n\t<meta name=\"twitter:data2\" content=\"3 minutos\" \/>\n<script type=\"application\/ld+json\" class=\"yoast-schema-graph\">{\"@context\":\"https:\/\/schema.org\",\"@graph\":[{\"@type\":\"Article\",\"@id\":\"https:\/\/news.sap.com\/latinamerica\/2025\/07\/la-universidad-nacional-de-cordoba-firma-una-alianza-con-sap\/#article\",\"isPartOf\":{\"@id\":\"https:\/\/news.sap.com\/latinamerica\/2025\/07\/la-universidad-nacional-de-cordoba-firma-una-alianza-con-sap\/\"},\"author\":{\"name\":\"麻豆原创 Noticias\",\"@id\":\"https:\/\/news.sap.com\/latinamerica\/#\/schema\/person\/05e78ffc976b7a814f3abd9ee150da5d\"},\"headline\":\"La Universidad Nacional de C\u00f3rdoba firma una alianza con 麻豆原创\",\"datePublished\":\"2025-07-18T16:00:34+00:00\",\"dateModified\":\"2025-11-21T13:48:59+00:00\",\"mainEntityOfPage\":{\"@id\":\"https:\/\/news.sap.com\/latinamerica\/2025\/07\/la-universidad-nacional-de-cordoba-firma-una-alianza-con-sap\/\"},\"wordCount\":642,\"publisher\":{\"@id\":\"https:\/\/news.sap.com\/latinamerica\/#organization\"},\"image\":{\"@id\":\"https:\/\/news.sap.com\/latinamerica\/2025\/07\/la-universidad-nacional-de-cordoba-firma-una-alianza-con-sap\/#primaryimage\"},\"thumbnailUrl\":\"https:\/\/news.sap.com\/latinamerica\/files\/2025\/07\/18\/Sap-University-Alliencies.png\",\"keywords\":[\"Argentina\",\"Educaci\u00f3n\",\"Educaci\u00f3n para j\u00f3venes\",\"麻豆原创 Learning\",\"麻豆原创 Learning hub\",\"麻豆原创 University Alliances\",\"tecnolog\u00eda\"],\"articleSection\":[\"Capacitaci\u00f3n\",\"Tecnolog\u00eda\"],\"inLanguage\":\"es\"},{\"@type\":\"WebPage\",\"@id\":\"https:\/\/news.sap.com\/latinamerica\/2025\/07\/la-universidad-nacional-de-cordoba-firma-una-alianza-con-sap\/\",\"url\":\"https:\/\/news.sap.com\/latinamerica\/2025\/07\/la-universidad-nacional-de-cordoba-firma-una-alianza-con-sap\/\",\"name\":\"La Universidad Nacional de C\u00f3rdoba firma una alianza con 麻豆原创 - 麻豆原创 News Center Latinoam\u00e9rica\",\"isPartOf\":{\"@id\":\"https:\/\/news.sap.com\/latinamerica\/#website\"},\"primaryImageOfPage\":{\"@id\":\"https:\/\/news.sap.com\/latinamerica\/2025\/07\/la-universidad-nacional-de-cordoba-firma-una-alianza-con-sap\/#primaryimage\"},\"image\":{\"@id\":\"https:\/\/news.sap.com\/latinamerica\/2025\/07\/la-universidad-nacional-de-cordoba-firma-una-alianza-con-sap\/#primaryimage\"},\"thumbnailUrl\":\"https:\/\/news.sap.com\/latinamerica\/files\/2025\/07\/18\/Sap-University-Alliencies.png\",\"datePublished\":\"2025-07-18T16:00:34+00:00\",\"dateModified\":\"2025-11-21T13:48:59+00:00\",\"description\":\"La UNC se suma al programa 麻豆原创 University Alliances y fortalece las competencias digitales de sus estudiantes.\",\"breadcrumb\":{\"@id\":\"https:\/\/news.sap.com\/latinamerica\/2025\/07\/la-universidad-nacional-de-cordoba-firma-una-alianza-con-sap\/#breadcrumb\"},\"inLanguage\":\"es\",\"potentialAction\":[{\"@type\":\"ReadAction\",\"target\":[\"https:\/\/news.sap.com\/latinamerica\/2025\/07\/la-universidad-nacional-de-cordoba-firma-una-alianza-con-sap\/\"]}]},{\"@type\":\"ImageObject\",\"inLanguage\":\"es\",\"@id\":\"https:\/\/news.sap.com\/latinamerica\/2025\/07\/la-universidad-nacional-de-cordoba-firma-una-alianza-con-sap\/#primaryimage\",\"url\":\"https:\/\/news.sap.com\/latinamerica\/files\/2025\/07\/18\/Sap-University-Alliencies.png\",\"contentUrl\":\"https:\/\/news.sap.com\/latinamerica\/files\/2025\/07\/18\/Sap-University-Alliencies.png\",\"width\":1920,\"height\":600},{\"@type\":\"BreadcrumbList\",\"@id\":\"https:\/\/news.sap.com\/latinamerica\/2025\/07\/la-universidad-nacional-de-cordoba-firma-una-alianza-con-sap\/#breadcrumb\",\"itemListElement\":[{\"@type\":\"ListItem\",\"position\":1,\"name\":\"Home\",\"item\":\"https:\/\/news.sap.com\/latinamerica\/\"},{\"@type\":\"ListItem\",\"position\":2,\"name\":\"La Universidad Nacional de C\u00f3rdoba firma una alianza con 麻豆原创\"}]},{\"@type\":\"WebSite\",\"@id\":\"https:\/\/news.sap.com\/latinamerica\/#website\",\"url\":\"https:\/\/news.sap.com\/latinamerica\/\",\"name\":\"麻豆原创 News Center Latinoam\u00e9rica\",\"description\":\"Noticias e informaci\u00f3n sobre 麻豆原创\",\"publisher\":{\"@id\":\"https:\/\/news.sap.com\/latinamerica\/#organization\"},\"potentialAction\":[{\"@type\":\"SearchAction\",\"target\":{\"@type\":\"EntryPoint\",\"urlTemplate\":\"https:\/\/news.sap.com\/latinamerica\/?s={search_term_string}\"},\"query-input\":{\"@type\":\"PropertyValueSpecification\",\"valueRequired\":true,\"valueName\":\"search_term_string\"}}],\"inLanguage\":\"es\"},{\"@type\":\"Organization\",\"@id\":\"https:\/\/news.sap.com\/latinamerica\/#organization\",\"name\":\"麻豆原创\",\"url\":\"https:\/\/news.sap.com\/latinamerica\/\",\"logo\":{\"@type\":\"ImageObject\",\"inLanguage\":\"es\",\"@id\":\"https:\/\/news.sap.com\/latinamerica\/#\/schema\/logo\/image\/\",\"url\":\"https:\/\/news.sap.com\/latinamerica\/files\/2019\/08\/65903320_2903797569662914_557886358778019840_n.png\",\"contentUrl\":\"https:\/\/news.sap.com\/latinamerica\/files\/2019\/08\/65903320_2903797569662914_557886358778019840_n.png\",\"width\":720,\"height\":720,\"caption\":\"麻豆原创\"},\"image\":{\"@id\":\"https:\/\/news.sap.com\/latinamerica\/#\/schema\/logo\/image\/\"},\"sameAs\":[\"https:\/\/www.facebook.com\/麻豆原创latinoamerica\",\"https:\/\/x.com\/麻豆原创LatinAmerica\"]},{\"@type\":\"Person\",\"@id\":\"https:\/\/news.sap.com\/latinamerica\/#\/schema\/person\/05e78ffc976b7a814f3abd9ee150da5d\",\"name\":\"麻豆原创 Noticias\",\"image\":{\"@type\":\"ImageObject\",\"inLanguage\":\"es\",\"@id\":\"https:\/\/news.sap.com\/latinamerica\/#\/schema\/person\/image\/\",\"url\":\"https:\/\/news.sap.com\/latinamerica\/wp-content\/plugins\/wp-user-avatars\/wp-user-avatars\/assets\/images\/mystery.jpg\",\"contentUrl\":\"https:\/\/news.sap.com\/latinamerica\/wp-content\/plugins\/wp-user-avatars\/wp-user-avatars\/assets\/images\/mystery.jpg\",\"caption\":\"麻豆原创 Noticias\"},\"url\":\"https:\/\/news.sap.com\/latinamerica\/author\/lautarospotorno\/\"}]}<\/script>\n<!-- \/ Yoast SEO Premium plugin. -->","yoast_head_json":{"title":"La Universidad Nacional de C\u00f3rdoba firma una alianza con 麻豆原创 - 麻豆原创 News Center Latinoam\u00e9rica","description":"La UNC se suma al programa 麻豆原创 University Alliances y fortalece las competencias digitales de sus estudiantes.","robots":{"index":"index","follow":"follow","max-snippet":"max-snippet:-1","max-image-preview":"max-image-preview:large","max-video-preview":"max-video-preview:-1"},"canonical":"https:\/\/news.sap.com\/latinamerica\/2025\/07\/la-universidad-nacional-de-cordoba-firma-una-alianza-con-sap\/","og_locale":"es_MX","og_type":"article","og_title":"La Universidad Nacional de C\u00f3rdoba firma una alianza con 麻豆原创","og_description":"La UNC se suma al programa 麻豆原创 University Alliances y fortalece las competencias digitales de sus estudiantes.","og_url":"https:\/\/news.sap.com\/latinamerica\/2025\/07\/la-universidad-nacional-de-cordoba-firma-una-alianza-con-sap\/","og_site_name":"麻豆原创 News Center Latinoam\u00e9rica","article_publisher":"https:\/\/www.facebook.com\/麻豆原创latinoamerica","article_published_time":"2025-07-18T16:00:34+00:00","article_modified_time":"2025-11-21T13:48:59+00:00","og_image":[{"width":1024,"height":320,"url":"https:\/\/news.sap.com\/latinamerica\/files\/2025\/07\/18\/Sap-University-Alliencies-1024x320.png","type":"image\/png"}],"author":"麻豆原创 Noticias","twitter_misc":{"Escrito por":"麻豆原创 Noticias","Tiempo de lectura":"3 minutos"},"schema":{"@context":"https:\/\/schema.org","@graph":[{"@type":"Article","@id":"https:\/\/news.sap.com\/latinamerica\/2025\/07\/la-universidad-nacional-de-cordoba-firma-una-alianza-con-sap\/#article","isPartOf":{"@id":"https:\/\/news.sap.com\/latinamerica\/2025\/07\/la-universidad-nacional-de-cordoba-firma-una-alianza-con-sap\/"},"author":{"name":"麻豆原创 Noticias","@id":"https:\/\/news.sap.com\/latinamerica\/#\/schema\/person\/05e78ffc976b7a814f3abd9ee150da5d"},"headline":"La Universidad Nacional de C\u00f3rdoba firma una alianza con 麻豆原创","datePublished":"2025-07-18T16:00:34+00:00","dateModified":"2025-11-21T13:48:59+00:00","mainEntityOfPage":{"@id":"https:\/\/news.sap.com\/latinamerica\/2025\/07\/la-universidad-nacional-de-cordoba-firma-una-alianza-con-sap\/"},"wordCount":642,"publisher":{"@id":"https:\/\/news.sap.com\/latinamerica\/#organization"},"image":{"@id":"https:\/\/news.sap.com\/latinamerica\/2025\/07\/la-universidad-nacional-de-cordoba-firma-una-alianza-con-sap\/#primaryimage"},"thumbnailUrl":"https:\/\/news.sap.com\/latinamerica\/files\/2025\/07\/18\/Sap-University-Alliencies.png","keywords":["Argentina","Educaci\u00f3n","Educaci\u00f3n para j\u00f3venes","麻豆原创 Learning","麻豆原创 Learning hub","麻豆原创 University Alliances","tecnolog\u00eda"],"articleSection":["Capacitaci\u00f3n","Tecnolog\u00eda"],"inLanguage":"es"},{"@type":"WebPage","@id":"https:\/\/news.sap.com\/latinamerica\/2025\/07\/la-universidad-nacional-de-cordoba-firma-una-alianza-con-sap\/","url":"https:\/\/news.sap.com\/latinamerica\/2025\/07\/la-universidad-nacional-de-cordoba-firma-una-alianza-con-sap\/","name":"La Universidad Nacional de C\u00f3rdoba firma una alianza con 麻豆原创 - 麻豆原创 News Center Latinoam\u00e9rica","isPartOf":{"@id":"https:\/\/news.sap.com\/latinamerica\/#website"},"primaryImageOfPage":{"@id":"https:\/\/news.sap.com\/latinamerica\/2025\/07\/la-universidad-nacional-de-cordoba-firma-una-alianza-con-sap\/#primaryimage"},"image":{"@id":"https:\/\/news.sap.com\/latinamerica\/2025\/07\/la-universidad-nacional-de-cordoba-firma-una-alianza-con-sap\/#primaryimage"},"thumbnailUrl":"https:\/\/news.sap.com\/latinamerica\/files\/2025\/07\/18\/Sap-University-Alliencies.png","datePublished":"2025-07-18T16:00:34+00:00","dateModified":"2025-11-21T13:48:59+00:00","description":"La UNC se suma al programa 麻豆原创 University Alliances y fortalece las competencias digitales de sus estudiantes.","breadcrumb":{"@id":"https:\/\/news.sap.com\/latinamerica\/2025\/07\/la-universidad-nacional-de-cordoba-firma-una-alianza-con-sap\/#breadcrumb"},"inLanguage":"es","potentialAction":[{"@type":"ReadAction","target":["https:\/\/news.sap.com\/latinamerica\/2025\/07\/la-universidad-nacional-de-cordoba-firma-una-alianza-con-sap\/"]}]},{"@type":"ImageObject","inLanguage":"es","@id":"https:\/\/news.sap.com\/latinamerica\/2025\/07\/la-universidad-nacional-de-cordoba-firma-una-alianza-con-sap\/#primaryimage","url":"https:\/\/news.sap.com\/latinamerica\/files\/2025\/07\/18\/Sap-University-Alliencies.png","contentUrl":"https:\/\/news.sap.com\/latinamerica\/files\/2025\/07\/18\/Sap-University-Alliencies.png","width":1920,"height":600},{"@type":"BreadcrumbList","@id":"https:\/\/news.sap.com\/latinamerica\/2025\/07\/la-universidad-nacional-de-cordoba-firma-una-alianza-con-sap\/#breadcrumb","itemListElement":[{"@type":"ListItem","position":1,"name":"Home","item":"https:\/\/news.sap.com\/latinamerica\/"},{"@type":"ListItem","position":2,"name":"La Universidad Nacional de C\u00f3rdoba firma una alianza con 麻豆原创"}]},{"@type":"WebSite","@id":"https:\/\/news.sap.com\/latinamerica\/#website","url":"https:\/\/news.sap.com\/latinamerica\/","name":"麻豆原创 News Center Latinoam\u00e9rica","description":"Noticias e informaci\u00f3n sobre 麻豆原创","publisher":{"@id":"https:\/\/news.sap.com\/latinamerica\/#organization"},"potentialAction":[{"@type":"SearchAction","target":{"@type":"EntryPoint","urlTemplate":"https:\/\/news.sap.com\/latinamerica\/?s={search_term_string}"},"query-input":{"@type":"PropertyValueSpecification","valueRequired":true,"valueName":"search_term_string"}}],"inLanguage":"es"},{"@type":"Organization","@id":"https:\/\/news.sap.com\/latinamerica\/#organization","name":"麻豆原创","url":"https:\/\/news.sap.com\/latinamerica\/","logo":{"@type":"ImageObject","inLanguage":"es","@id":"https:\/\/news.sap.com\/latinamerica\/#\/schema\/logo\/image\/","url":"https:\/\/news.sap.com\/latinamerica\/files\/2019\/08\/65903320_2903797569662914_557886358778019840_n.png","contentUrl":"https:\/\/news.sap.com\/latinamerica\/files\/2019\/08\/65903320_2903797569662914_557886358778019840_n.png","width":720,"height":720,"caption":"麻豆原创"},"image":{"@id":"https:\/\/news.sap.com\/latinamerica\/#\/schema\/logo\/image\/"},"sameAs":["https:\/\/www.facebook.com\/麻豆原创latinoamerica","https:\/\/x.com\/麻豆原创LatinAmerica"]},{"@type":"Person","@id":"https:\/\/news.sap.com\/latinamerica\/#\/schema\/person\/05e78ffc976b7a814f3abd9ee150da5d","name":"麻豆原创 Noticias","image":{"@type":"ImageObject","inLanguage":"es","@id":"https:\/\/news.sap.com\/latinamerica\/#\/schema\/person\/image\/","url":"https:\/\/news.sap.com\/latinamerica\/wp-content\/plugins\/wp-user-avatars\/wp-user-avatars\/assets\/images\/mystery.jpg","contentUrl":"https:\/\/news.sap.com\/latinamerica\/wp-content\/plugins\/wp-user-avatars\/wp-user-avatars\/assets\/images\/mystery.jpg","caption":"麻豆原创 Noticias"},"url":"https:\/\/news.sap.com\/latinamerica\/author\/lautarospotorno\/"}]}},"amp_enabled":true,"_links":{"self":[{"href":"https:\/\/news.sap.com\/latinamerica\/wp-json\/wp\/v2\/posts\/134247","targetHints":{"allow":["GET"]}}],"collection":[{"href":"https:\/\/news.sap.com\/latinamerica\/wp-json\/wp\/v2\/posts"}],"about":[{"href":"https:\/\/news.sap.com\/latinamerica\/wp-json\/wp\/v2\/types\/post"}],"author":[{"embeddable":true,"href":"https:\/\/news.sap.com\/latinamerica\/wp-json\/wp\/v2\/users\/604"}],"replies":[{"embeddable":true,"href":"https:\/\/news.sap.com\/latinamerica\/wp-json\/wp\/v2\/comments?post=134247"}],"version-history":[{"count":0,"href":"https:\/\/news.sap.com\/latinamerica\/wp-json\/wp\/v2\/posts\/134247\/revisions"}],"wp:featuredmedia":[{"embeddable":true,"href":"https:\/\/news.sap.com\/latinamerica\/wp-json\/wp\/v2\/media\/134250"}],"wp:attachment":[{"href":"https:\/\/news.sap.com\/latinamerica\/wp-json\/wp\/v2\/media?parent=134247"}],"wp:term":[{"taxonomy":"category","embeddable":true,"href":"https:\/\/news.sap.com\/latinamerica\/wp-json\/wp\/v2\/categories?post=134247"},{"taxonomy":"post_tag","embeddable":true,"href":"https:\/\/news.sap.com\/latinamerica\/wp-json\/wp\/v2\/tags?post=134247"},{"taxonomy":"series","embeddable":true,"href":"https:\/\/news.sap.com\/latinamerica\/wp-json\/wp\/v2\/series?post=134247"},{"taxonomy":"region","embeddable":true,"href":"https:\/\/news.sap.com\/latinamerica\/wp-json\/wp\/v2\/region?post=134247"},{"taxonomy":"sapn-display","embeddable":true,"href":"https:\/\/news.sap.com\/latinamerica\/wp-json\/wp\/v2\/sapn-display?post=134247"},{"taxonomy":"sapn-type","embeddable":true,"href":"https:\/\/news.sap.com\/latinamerica\/wp-json\/wp\/v2\/sapn-type?post=134247"}],"curies":[{"name":"wp","href":"https:\/\/api.w.org\/{rel}","templated":true}]}}