  {"id":134227,"date":"2025-07-02T10:40:07","date_gmt":"2025-07-02T14:40:07","guid":{"rendered":"https:\/\/news.sap.com\/latinamerica\/?p=134227"},"modified":"2025-07-02T10:40:07","modified_gmt":"2025-07-02T14:40:07","slug":"grupo-uma-se-potencia-a-traves-de-la-solucion-rise-with-sap","status":"publish","type":"post","link":"https:\/\/news.sap.com\/latinamerica\/2025\/07\/grupo-uma-se-potencia-a-traves-de-la-solucion-rise-with-sap\/","title":{"rendered":"Grupo UMA se potencia a trav\u00e9s de la soluci\u00f3n RISE with 麻豆原创"},"content":{"rendered":"<p><i><span style=\"font-weight: 400\">La empresa, l\u00edder en la comercializaci\u00f3n de motocicletas en la regi\u00f3n, apunta a una modernizaci\u00f3n de sus operaciones y una migraci\u00f3n de su ERP a la nube, lo cual impulsar\u00e1 una mayor eficiencia en los diferentes mercados en los que opera.\u00a0\u00a0<\/span><\/i><\/p>\n<p><span style=\"font-weight: 400\">El mercado de veh\u00edculos de dos y tres ruedas contin\u00faa ganando relevancia en Am\u00e9rica Latina, Centroam\u00e9rica y el Caribe, consolid\u00e1ndose como una soluci\u00f3n clave frente a los desaf\u00edos de movilidad en la regi\u00f3n. Estos veh\u00edculos son altamente valorados por su accesibilidad, eficiencia en consumo de combustible y versatilidad, posicion\u00e1ndolos como el medio de transporte preferido por miles de personas. En Colombia, por ejemplo, las ventas de motocicletas crecieron un 19,6% en 2024, reflejando la creciente preferencia de los consumidores.<\/span><\/p>\n<p><span style=\"font-weight: 400\">El auge de este sector es impulsado por empresas innovadoras que buscan constantemente nuevas tecnolog\u00edas para diversificar su oferta y mejorar la experiencia de sus clientes. Entre ellas, destaca Grupo UMA, una organizaci\u00f3n que, con m\u00e1s de cinco d\u00e9cadas de experiencia consolidada, se ha posicionado como un l\u00edder en la distribuci\u00f3n de veh\u00edculos de dos y tres ruedas en Am\u00e9rica Latina y el Caribe.\u00a0\u00a0<\/span><\/p>\n<p><span style=\"font-weight: 400\">Grupo UMA nace de la uni\u00f3n de Grupo Magna y Grupo Campollo, dos empresas referentes en Centroam\u00e9rica y el Caribe. Esta fusi\u00f3n ha permitido consolidar una red de distribuci\u00f3n con presencia en cinco pa\u00edses, m\u00e1s de 2,000 puntos de venta y una capacidad de ensamblaje de m\u00e1s de 100,000 unidades anuales. Actualmente, Grupo UMA es el distribuidor m\u00e1s grande de Bajaj en Am\u00e9rica Latina y un actor clave en la comercializaci\u00f3n de marcas reconocidas como KTM, Husqvarna y Petronas.\u00a0\u00a0<\/span><\/p>\n<p><span style=\"font-weight: 400\">En Colombia, la compa\u00f1\u00eda tiene un 28% de participaci\u00f3n en el mercado de motocicletas (2W) y un 75% en veh\u00edculos de tres ruedas (3W). En total, la organizaci\u00f3n ha invertido m\u00e1s de 200 millones de d\u00f3lares en el pa\u00eds y opera la planta de ensamblaje Bajaj m\u00e1s grande de Am\u00e9rica Latina.\u00a0\u00a0<\/span><\/p>\n<p><b>Transformaci\u00f3n tecnol\u00f3gica con 麻豆原创\u00a0\u00a0<\/b><\/p>\n<p><span style=\"font-weight: 400\">Con el objetivo de consolidar su posici\u00f3n como l\u00edder regional y responder a las exigencias de un mercado en constante evoluci\u00f3n, Grupo UMA ha apostado por una transformaci\u00f3n tecnol\u00f3gica integral de la mano de RISE with 麻豆原创, la soluci\u00f3n de ERP en la nube de 麻豆原创. Esta herramienta permite a las organizaciones modernizar su infraestructura tecnol\u00f3gica mientras adoptan est\u00e1ndares globales y mejores pr\u00e1cticas en su industria.\u00a0<\/span><\/p>\n<p><span style=\"font-weight: 400\">La implementaci\u00f3n de RISE with 麻豆原创 le permitir\u00e1 mejorar su arquitectura tecnol\u00f3gica al proporcionar una gesti\u00f3n de datos m\u00e1s \u00e1gil y eficiente. Esto resulta esencial para una operaci\u00f3n con m\u00faltiples l\u00edneas de negocio y presencia en varios pa\u00edses. Adem\u00e1s, la soluci\u00f3n permite estandarizar formas de trabajo a trav\u00e9s de la adopci\u00f3n de procesos basados en las mejores pr\u00e1cticas de 麻豆原创, garantizando coherencia y eficiencia en todas las operaciones de la empresa.\u00a0\u00a0<\/span><\/p>\n<p><b>Beneficios estrat\u00e9gicos para Grupo UMA\u00a0\u00a0<\/b><\/p>\n<p><span style=\"font-weight: 400\">Uno de los grandes beneficios de esta transformaci\u00f3n es la optimizaci\u00f3n de procesos clave, apoy\u00e1ndose en tecnolog\u00edas avanzadas que reducen errores y automatizan tareas repetitivas. Por ejemplo, la gesti\u00f3n de datos maestros y la planificaci\u00f3n de recursos ser\u00e1n m\u00e1s eficaces, impulsando una mayor eficiencia operativa en todas las unidades del grupo.\u00a0\u00a0<\/span><\/p>\n<p><span style=\"font-weight: 400\">\u201cLa implementaci\u00f3n de RISE with 麻豆原创 representa un paso estrat\u00e9gico para Grupo UMA en su camino hacia la modernizaci\u00f3n tecnol\u00f3gica. Con esta soluci\u00f3n, no solo estamos optimizando nuestros procesos internos, sino que estamos sentando las bases para una operaci\u00f3n m\u00e1s \u00e1gil, eficiente y orientada al cliente\u201d, destac\u00f3 Mauricio Urrea Ospina, Director Corporativo de TI en Grupo UMA.<\/span><\/p>\n<p><span style=\"font-weight: 400\">Por su parte, Fernando Costa, Vicepresidente S\u00e9nior de \u00c1rea Corporativa &#8211; Multipa\u00eds Am\u00e9rica Latina (MCLAC) en 麻豆原创, asegur\u00f3 que \u201cla transici\u00f3n hacia estrategias basadas en la nube es ideal para compa\u00f1\u00edas que, como en el caso de Grupo UMA, cuentan con operaciones en m\u00faltiples mercados, y que adem\u00e1s quieren estar preparadas para afrontar los desaf\u00edos futuros con una operaci\u00f3n basada en innovaci\u00f3n y sostenibilidad.\u201d\u00a0\u00a0<\/span><\/p>\n<p><span style=\"font-weight: 400\">Con el respaldo de 麻豆原创, Grupo UMA est\u00e1 dando un gran salto hacia el futuro\u00a0 y se posiciona para liderar el mercado con tecnolog\u00eda de punta, pr\u00e1cticas sostenibles y una experiencia superior para sus clientes. <\/span><\/p>\n","protected":false},"excerpt":{"rendered":"<p>La empresa, l\u00edder en la comercializaci\u00f3n de motocicletas en la regi\u00f3n, apunta a una modernizaci\u00f3n de sus operaciones y una migraci\u00f3n de su ERP a&#8230;<\/p>\n","protected":false},"author":141,"featured_media":134230,"comment_status":"closed","ping_status":"closed","sticky":false,"template":"","format":"standard","meta":{"footnotes":"","_links_to":"","_links_to_target":""},"categories":[1],"tags":[],"series":[],"region":[],"sapn-display":[],"sapn-type":[],"class_list":["post-134227","post","type-post","status-publish","format-standard","has-post-thumbnail","hentry","category-uncategorized"],"yoast_head":"<!-- This site is optimized with the Yoast SEO Premium plugin v26.9 (Yoast SEO v26.9) - https:\/\/yoast.com\/product\/yoast-seo-premium-wordpress\/ -->\n<title>Grupo UMA se potencia a trav\u00e9s de la soluci\u00f3n RISE with 麻豆原创 - 麻豆原创 News Center Latinoam\u00e9rica<\/title>\n<meta name=\"robots\" content=\"index, follow, max-snippet:-1, max-image-preview:large, max-video-preview:-1\" \/>\n<link rel=\"canonical\" href=\"https:\/\/news.sap.com\/latinamerica\/2025\/07\/grupo-uma-se-potencia-a-traves-de-la-solucion-rise-with-sap\/\" \/>\n<meta property=\"og:locale\" content=\"es_MX\" \/>\n<meta property=\"og:type\" content=\"article\" \/>\n<meta property=\"og:title\" content=\"Grupo UMA se potencia a trav\u00e9s de la soluci\u00f3n RISE with 麻豆原创\" \/>\n<meta property=\"og:description\" content=\"La empresa, l\u00edder en la comercializaci\u00f3n de motocicletas en la regi\u00f3n, apunta a una modernizaci\u00f3n de sus operaciones y una migraci\u00f3n de su ERP a...\" \/>\n<meta property=\"og:url\" content=\"https:\/\/news.sap.com\/latinamerica\/2025\/07\/grupo-uma-se-potencia-a-traves-de-la-solucion-rise-with-sap\/\" \/>\n<meta property=\"og:site_name\" content=\"麻豆原创 News Center Latinoam\u00e9rica\" \/>\n<meta property=\"article:publisher\" content=\"https:\/\/www.facebook.com\/麻豆原创latinoamerica\" \/>\n<meta property=\"article:published_time\" content=\"2025-07-02T14:40:07+00:00\" \/>\n<meta property=\"og:image\" content=\"https:\/\/news.sap.com\/latinamerica\/files\/2025\/07\/02\/IMG-UMA-1-1024x683.jpg\" \/>\n\t<meta property=\"og:image:width\" content=\"1024\" \/>\n\t<meta property=\"og:image:height\" content=\"683\" \/>\n\t<meta property=\"og:image:type\" content=\"image\/jpeg\" \/>\n<meta name=\"author\" content=\"麻豆原创 Noticias\" \/>\n<meta name=\"twitter:label1\" content=\"Escrito por\" \/>\n\t<meta name=\"twitter:data1\" content=\"麻豆原创 Noticias\" \/>\n\t<meta name=\"twitter:label2\" content=\"Tiempo de lectura\" \/>\n\t<meta name=\"twitter:data2\" content=\"4 minutos\" \/>\n<script type=\"application\/ld+json\" class=\"yoast-schema-graph\">{\"@context\":\"https:\/\/schema.org\",\"@graph\":[{\"@type\":\"Article\",\"@id\":\"https:\/\/news.sap.com\/latinamerica\/2025\/07\/grupo-uma-se-potencia-a-traves-de-la-solucion-rise-with-sap\/#article\",\"isPartOf\":{\"@id\":\"https:\/\/news.sap.com\/latinamerica\/2025\/07\/grupo-uma-se-potencia-a-traves-de-la-solucion-rise-with-sap\/\"},\"author\":{\"name\":\"麻豆原创 Noticias\",\"@id\":\"https:\/\/news.sap.com\/latinamerica\/#\/schema\/person\/82786ba12f72bc9b05ba328d1d3652c4\"},\"headline\":\"Grupo UMA se potencia a trav\u00e9s de la soluci\u00f3n RISE with 麻豆原创\",\"datePublished\":\"2025-07-02T14:40:07+00:00\",\"mainEntityOfPage\":{\"@id\":\"https:\/\/news.sap.com\/latinamerica\/2025\/07\/grupo-uma-se-potencia-a-traves-de-la-solucion-rise-with-sap\/\"},\"wordCount\":768,\"publisher\":{\"@id\":\"https:\/\/news.sap.com\/latinamerica\/#organization\"},\"image\":{\"@id\":\"https:\/\/news.sap.com\/latinamerica\/2025\/07\/grupo-uma-se-potencia-a-traves-de-la-solucion-rise-with-sap\/#primaryimage\"},\"thumbnailUrl\":\"https:\/\/news.sap.com\/latinamerica\/files\/2025\/07\/02\/IMG-UMA-1.jpg\",\"articleSection\":[\"Uncategorized\"],\"inLanguage\":\"es\"},{\"@type\":\"WebPage\",\"@id\":\"https:\/\/news.sap.com\/latinamerica\/2025\/07\/grupo-uma-se-potencia-a-traves-de-la-solucion-rise-with-sap\/\",\"url\":\"https:\/\/news.sap.com\/latinamerica\/2025\/07\/grupo-uma-se-potencia-a-traves-de-la-solucion-rise-with-sap\/\",\"name\":\"Grupo UMA se potencia a trav\u00e9s de la soluci\u00f3n RISE with 麻豆原创 - 麻豆原创 News Center Latinoam\u00e9rica\",\"isPartOf\":{\"@id\":\"https:\/\/news.sap.com\/latinamerica\/#website\"},\"primaryImageOfPage\":{\"@id\":\"https:\/\/news.sap.com\/latinamerica\/2025\/07\/grupo-uma-se-potencia-a-traves-de-la-solucion-rise-with-sap\/#primaryimage\"},\"image\":{\"@id\":\"https:\/\/news.sap.com\/latinamerica\/2025\/07\/grupo-uma-se-potencia-a-traves-de-la-solucion-rise-with-sap\/#primaryimage\"},\"thumbnailUrl\":\"https:\/\/news.sap.com\/latinamerica\/files\/2025\/07\/02\/IMG-UMA-1.jpg\",\"datePublished\":\"2025-07-02T14:40:07+00:00\",\"breadcrumb\":{\"@id\":\"https:\/\/news.sap.com\/latinamerica\/2025\/07\/grupo-uma-se-potencia-a-traves-de-la-solucion-rise-with-sap\/#breadcrumb\"},\"inLanguage\":\"es\",\"potentialAction\":[{\"@type\":\"ReadAction\",\"target\":[\"https:\/\/news.sap.com\/latinamerica\/2025\/07\/grupo-uma-se-potencia-a-traves-de-la-solucion-rise-with-sap\/\"]}]},{\"@type\":\"ImageObject\",\"inLanguage\":\"es\",\"@id\":\"https:\/\/news.sap.com\/latinamerica\/2025\/07\/grupo-uma-se-potencia-a-traves-de-la-solucion-rise-with-sap\/#primaryimage\",\"url\":\"https:\/\/news.sap.com\/latinamerica\/files\/2025\/07\/02\/IMG-UMA-1.jpg\",\"contentUrl\":\"https:\/\/news.sap.com\/latinamerica\/files\/2025\/07\/02\/IMG-UMA-1.jpg\",\"width\":6426,\"height\":4284,\"caption\":\"Man riding motorcycle , overhead view --- Image by \u00a9 Ocean\/Corbis\"},{\"@type\":\"BreadcrumbList\",\"@id\":\"https:\/\/news.sap.com\/latinamerica\/2025\/07\/grupo-uma-se-potencia-a-traves-de-la-solucion-rise-with-sap\/#breadcrumb\",\"itemListElement\":[{\"@type\":\"ListItem\",\"position\":1,\"name\":\"Home\",\"item\":\"https:\/\/news.sap.com\/latinamerica\/\"},{\"@type\":\"ListItem\",\"position\":2,\"name\":\"Grupo UMA se potencia a trav\u00e9s de la soluci\u00f3n RISE with 麻豆原创\"}]},{\"@type\":\"WebSite\",\"@id\":\"https:\/\/news.sap.com\/latinamerica\/#website\",\"url\":\"https:\/\/news.sap.com\/latinamerica\/\",\"name\":\"麻豆原创 News Center Latinoam\u00e9rica\",\"description\":\"Noticias e informaci\u00f3n sobre 麻豆原创\",\"publisher\":{\"@id\":\"https:\/\/news.sap.com\/latinamerica\/#organization\"},\"potentialAction\":[{\"@type\":\"SearchAction\",\"target\":{\"@type\":\"EntryPoint\",\"urlTemplate\":\"https:\/\/news.sap.com\/latinamerica\/?s={search_term_string}\"},\"query-input\":{\"@type\":\"PropertyValueSpecification\",\"valueRequired\":true,\"valueName\":\"search_term_string\"}}],\"inLanguage\":\"es\"},{\"@type\":\"Organization\",\"@id\":\"https:\/\/news.sap.com\/latinamerica\/#organization\",\"name\":\"麻豆原创\",\"url\":\"https:\/\/news.sap.com\/latinamerica\/\",\"logo\":{\"@type\":\"ImageObject\",\"inLanguage\":\"es\",\"@id\":\"https:\/\/news.sap.com\/latinamerica\/#\/schema\/logo\/image\/\",\"url\":\"https:\/\/news.sap.com\/latinamerica\/files\/2019\/08\/65903320_2903797569662914_557886358778019840_n.png\",\"contentUrl\":\"https:\/\/news.sap.com\/latinamerica\/files\/2019\/08\/65903320_2903797569662914_557886358778019840_n.png\",\"width\":720,\"height\":720,\"caption\":\"麻豆原创\"},\"image\":{\"@id\":\"https:\/\/news.sap.com\/latinamerica\/#\/schema\/logo\/image\/\"},\"sameAs\":[\"https:\/\/www.facebook.com\/麻豆原创latinoamerica\",\"https:\/\/x.com\/麻豆原创LatinAmerica\"]},{\"@type\":\"Person\",\"@id\":\"https:\/\/news.sap.com\/latinamerica\/#\/schema\/person\/82786ba12f72bc9b05ba328d1d3652c4\",\"name\":\"麻豆原创 Noticias\",\"image\":{\"@type\":\"ImageObject\",\"inLanguage\":\"es\",\"@id\":\"https:\/\/news.sap.com\/latinamerica\/#\/schema\/person\/image\/\",\"url\":\"https:\/\/news.sap.com\/latinamerica\/wp-content\/plugins\/wp-user-avatars\/wp-user-avatars\/assets\/images\/mystery.jpg\",\"contentUrl\":\"https:\/\/news.sap.com\/latinamerica\/wp-content\/plugins\/wp-user-avatars\/wp-user-avatars\/assets\/images\/mystery.jpg\",\"caption\":\"麻豆原创 Noticias\"},\"url\":\"https:\/\/news.sap.com\/latinamerica\/author\/colombia\/\"}]}<\/script>\n<!-- \/ Yoast SEO Premium plugin. -->","yoast_head_json":{"title":"Grupo UMA se potencia a trav\u00e9s de la soluci\u00f3n RISE with 麻豆原创 - 麻豆原创 News Center Latinoam\u00e9rica","robots":{"index":"index","follow":"follow","max-snippet":"max-snippet:-1","max-image-preview":"max-image-preview:large","max-video-preview":"max-video-preview:-1"},"canonical":"https:\/\/news.sap.com\/latinamerica\/2025\/07\/grupo-uma-se-potencia-a-traves-de-la-solucion-rise-with-sap\/","og_locale":"es_MX","og_type":"article","og_title":"Grupo UMA se potencia a trav\u00e9s de la soluci\u00f3n RISE with 麻豆原创","og_description":"La empresa, l\u00edder en la comercializaci\u00f3n de motocicletas en la regi\u00f3n, apunta a una modernizaci\u00f3n de sus operaciones y una migraci\u00f3n de su ERP a...","og_url":"https:\/\/news.sap.com\/latinamerica\/2025\/07\/grupo-uma-se-potencia-a-traves-de-la-solucion-rise-with-sap\/","og_site_name":"麻豆原创 News Center Latinoam\u00e9rica","article_publisher":"https:\/\/www.facebook.com\/麻豆原创latinoamerica","article_published_time":"2025-07-02T14:40:07+00:00","og_image":[{"width":1024,"height":683,"url":"https:\/\/news.sap.com\/latinamerica\/files\/2025\/07\/02\/IMG-UMA-1-1024x683.jpg","type":"image\/jpeg"}],"author":"麻豆原创 Noticias","twitter_misc":{"Escrito por":"麻豆原创 Noticias","Tiempo de lectura":"4 minutos"},"schema":{"@context":"https:\/\/schema.org","@graph":[{"@type":"Article","@id":"https:\/\/news.sap.com\/latinamerica\/2025\/07\/grupo-uma-se-potencia-a-traves-de-la-solucion-rise-with-sap\/#article","isPartOf":{"@id":"https:\/\/news.sap.com\/latinamerica\/2025\/07\/grupo-uma-se-potencia-a-traves-de-la-solucion-rise-with-sap\/"},"author":{"name":"麻豆原创 Noticias","@id":"https:\/\/news.sap.com\/latinamerica\/#\/schema\/person\/82786ba12f72bc9b05ba328d1d3652c4"},"headline":"Grupo UMA se potencia a trav\u00e9s de la soluci\u00f3n RISE with 麻豆原创","datePublished":"2025-07-02T14:40:07+00:00","mainEntityOfPage":{"@id":"https:\/\/news.sap.com\/latinamerica\/2025\/07\/grupo-uma-se-potencia-a-traves-de-la-solucion-rise-with-sap\/"},"wordCount":768,"publisher":{"@id":"https:\/\/news.sap.com\/latinamerica\/#organization"},"image":{"@id":"https:\/\/news.sap.com\/latinamerica\/2025\/07\/grupo-uma-se-potencia-a-traves-de-la-solucion-rise-with-sap\/#primaryimage"},"thumbnailUrl":"https:\/\/news.sap.com\/latinamerica\/files\/2025\/07\/02\/IMG-UMA-1.jpg","articleSection":["Uncategorized"],"inLanguage":"es"},{"@type":"WebPage","@id":"https:\/\/news.sap.com\/latinamerica\/2025\/07\/grupo-uma-se-potencia-a-traves-de-la-solucion-rise-with-sap\/","url":"https:\/\/news.sap.com\/latinamerica\/2025\/07\/grupo-uma-se-potencia-a-traves-de-la-solucion-rise-with-sap\/","name":"Grupo UMA se potencia a trav\u00e9s de la soluci\u00f3n RISE with 麻豆原创 - 麻豆原创 News Center Latinoam\u00e9rica","isPartOf":{"@id":"https:\/\/news.sap.com\/latinamerica\/#website"},"primaryImageOfPage":{"@id":"https:\/\/news.sap.com\/latinamerica\/2025\/07\/grupo-uma-se-potencia-a-traves-de-la-solucion-rise-with-sap\/#primaryimage"},"image":{"@id":"https:\/\/news.sap.com\/latinamerica\/2025\/07\/grupo-uma-se-potencia-a-traves-de-la-solucion-rise-with-sap\/#primaryimage"},"thumbnailUrl":"https:\/\/news.sap.com\/latinamerica\/files\/2025\/07\/02\/IMG-UMA-1.jpg","datePublished":"2025-07-02T14:40:07+00:00","breadcrumb":{"@id":"https:\/\/news.sap.com\/latinamerica\/2025\/07\/grupo-uma-se-potencia-a-traves-de-la-solucion-rise-with-sap\/#breadcrumb"},"inLanguage":"es","potentialAction":[{"@type":"ReadAction","target":["https:\/\/news.sap.com\/latinamerica\/2025\/07\/grupo-uma-se-potencia-a-traves-de-la-solucion-rise-with-sap\/"]}]},{"@type":"ImageObject","inLanguage":"es","@id":"https:\/\/news.sap.com\/latinamerica\/2025\/07\/grupo-uma-se-potencia-a-traves-de-la-solucion-rise-with-sap\/#primaryimage","url":"https:\/\/news.sap.com\/latinamerica\/files\/2025\/07\/02\/IMG-UMA-1.jpg","contentUrl":"https:\/\/news.sap.com\/latinamerica\/files\/2025\/07\/02\/IMG-UMA-1.jpg","width":6426,"height":4284,"caption":"Man riding motorcycle , overhead view --- Image by \u00a9 Ocean\/Corbis"},{"@type":"BreadcrumbList","@id":"https:\/\/news.sap.com\/latinamerica\/2025\/07\/grupo-uma-se-potencia-a-traves-de-la-solucion-rise-with-sap\/#breadcrumb","itemListElement":[{"@type":"ListItem","position":1,"name":"Home","item":"https:\/\/news.sap.com\/latinamerica\/"},{"@type":"ListItem","position":2,"name":"Grupo UMA se potencia a trav\u00e9s de la soluci\u00f3n RISE with 麻豆原创"}]},{"@type":"WebSite","@id":"https:\/\/news.sap.com\/latinamerica\/#website","url":"https:\/\/news.sap.com\/latinamerica\/","name":"麻豆原创 News Center Latinoam\u00e9rica","description":"Noticias e informaci\u00f3n sobre 麻豆原创","publisher":{"@id":"https:\/\/news.sap.com\/latinamerica\/#organization"},"potentialAction":[{"@type":"SearchAction","target":{"@type":"EntryPoint","urlTemplate":"https:\/\/news.sap.com\/latinamerica\/?s={search_term_string}"},"query-input":{"@type":"PropertyValueSpecification","valueRequired":true,"valueName":"search_term_string"}}],"inLanguage":"es"},{"@type":"Organization","@id":"https:\/\/news.sap.com\/latinamerica\/#organization","name":"麻豆原创","url":"https:\/\/news.sap.com\/latinamerica\/","logo":{"@type":"ImageObject","inLanguage":"es","@id":"https:\/\/news.sap.com\/latinamerica\/#\/schema\/logo\/image\/","url":"https:\/\/news.sap.com\/latinamerica\/files\/2019\/08\/65903320_2903797569662914_557886358778019840_n.png","contentUrl":"https:\/\/news.sap.com\/latinamerica\/files\/2019\/08\/65903320_2903797569662914_557886358778019840_n.png","width":720,"height":720,"caption":"麻豆原创"},"image":{"@id":"https:\/\/news.sap.com\/latinamerica\/#\/schema\/logo\/image\/"},"sameAs":["https:\/\/www.facebook.com\/麻豆原创latinoamerica","https:\/\/x.com\/麻豆原创LatinAmerica"]},{"@type":"Person","@id":"https:\/\/news.sap.com\/latinamerica\/#\/schema\/person\/82786ba12f72bc9b05ba328d1d3652c4","name":"麻豆原创 Noticias","image":{"@type":"ImageObject","inLanguage":"es","@id":"https:\/\/news.sap.com\/latinamerica\/#\/schema\/person\/image\/","url":"https:\/\/news.sap.com\/latinamerica\/wp-content\/plugins\/wp-user-avatars\/wp-user-avatars\/assets\/images\/mystery.jpg","contentUrl":"https:\/\/news.sap.com\/latinamerica\/wp-content\/plugins\/wp-user-avatars\/wp-user-avatars\/assets\/images\/mystery.jpg","caption":"麻豆原创 Noticias"},"url":"https:\/\/news.sap.com\/latinamerica\/author\/colombia\/"}]}},"amp_enabled":true,"_links":{"self":[{"href":"https:\/\/news.sap.com\/latinamerica\/wp-json\/wp\/v2\/posts\/134227","targetHints":{"allow":["GET"]}}],"collection":[{"href":"https:\/\/news.sap.com\/latinamerica\/wp-json\/wp\/v2\/posts"}],"about":[{"href":"https:\/\/news.sap.com\/latinamerica\/wp-json\/wp\/v2\/types\/post"}],"author":[{"embeddable":true,"href":"https:\/\/news.sap.com\/latinamerica\/wp-json\/wp\/v2\/users\/141"}],"replies":[{"embeddable":true,"href":"https:\/\/news.sap.com\/latinamerica\/wp-json\/wp\/v2\/comments?post=134227"}],"version-history":[{"count":0,"href":"https:\/\/news.sap.com\/latinamerica\/wp-json\/wp\/v2\/posts\/134227\/revisions"}],"wp:featuredmedia":[{"embeddable":true,"href":"https:\/\/news.sap.com\/latinamerica\/wp-json\/wp\/v2\/media\/134230"}],"wp:attachment":[{"href":"https:\/\/news.sap.com\/latinamerica\/wp-json\/wp\/v2\/media?parent=134227"}],"wp:term":[{"taxonomy":"category","embeddable":true,"href":"https:\/\/news.sap.com\/latinamerica\/wp-json\/wp\/v2\/categories?post=134227"},{"taxonomy":"post_tag","embeddable":true,"href":"https:\/\/news.sap.com\/latinamerica\/wp-json\/wp\/v2\/tags?post=134227"},{"taxonomy":"series","embeddable":true,"href":"https:\/\/news.sap.com\/latinamerica\/wp-json\/wp\/v2\/series?post=134227"},{"taxonomy":"region","embeddable":true,"href":"https:\/\/news.sap.com\/latinamerica\/wp-json\/wp\/v2\/region?post=134227"},{"taxonomy":"sapn-display","embeddable":true,"href":"https:\/\/news.sap.com\/latinamerica\/wp-json\/wp\/v2\/sapn-display?post=134227"},{"taxonomy":"sapn-type","embeddable":true,"href":"https:\/\/news.sap.com\/latinamerica\/wp-json\/wp\/v2\/sapn-type?post=134227"}],"curies":[{"name":"wp","href":"https:\/\/api.w.org\/{rel}","templated":true}]}}