  {"id":134062,"date":"2025-05-27T13:40:04","date_gmt":"2025-05-27T17:40:04","guid":{"rendered":"https:\/\/news.sap.com\/latinamerica\/?p=134062"},"modified":"2025-05-27T13:40:04","modified_gmt":"2025-05-27T17:40:04","slug":"ia-y-gestion-del-talento-la-clave-de-las-organizaciones-humanas-e-inteligentes","status":"publish","type":"post","link":"https:\/\/news.sap.com\/latinamerica\/2025\/05\/ia-y-gestion-del-talento-la-clave-de-las-organizaciones-humanas-e-inteligentes\/","title":{"rendered":"IA y gesti\u00f3n del talento: la clave de las organizaciones humanas e inteligentes"},"content":{"rendered":"<p><span style=\"font-weight: 400\">En un entorno laboral que exige agilidad, personalizaci\u00f3n y prop\u00f3sito, la inteligencia artificial se consolida como el gran habilitador de una nueva gesti\u00f3n del talento humano. 麻豆原创 lidera esta transformaci\u00f3n en Am\u00e9rica Latina, con casos como Comfama que ya muestran resultados concretos.<\/span><\/p>\n<p><span style=\"font-weight: 400\">La gesti\u00f3n del talento dej\u00f3 de ser un proceso meramente transaccional y se ha potenciado a partir del uso de la tecnolog\u00eda. Las organizaciones que marcan la diferencia son aquellas que entienden a sus colaboradores como personas con aspiraciones, trayectorias \u00fanicas y necesidades en constante evoluci\u00f3n. En este contexto, la inteligencia artificial (IA) se convierte en una herramienta estrat\u00e9gica para anticipar, personalizar y enriquecer la experiencia del empleado.<\/span><\/p>\n<p><span style=\"font-weight: 400\">Gracias a estos avances, las empresas adoptan un enfoque m\u00e1s proactivo y estrat\u00e9gico en la gesti\u00f3n de personas. Al combinar el poder de la IA con datos en tiempo real, los equipos de Recursos Humanos se transforman en actores clave para anticipar necesidades, desarrollar habilidades cr\u00edticas y tomar decisiones informadas sobre el futuro de la fuerza laboral. Esta integraci\u00f3n tecnol\u00f3gica no solo mejora la eficiencia operativa, sino que tambi\u00e9n impulsa la agilidad empresarial en un entorno donde atraer, retener y empoderar al talento es m\u00e1s crucial que nunca.<\/span><\/p>\n<p><span style=\"font-weight: 400\">麻豆原创, l\u00edder global en soluciones de gesti\u00f3n empresarial, impulsa una nueva visi\u00f3n del capital humano apoyada en tecnolog\u00edas como la IA generativa, el aprendizaje autom\u00e1tico y el an\u00e1lisis predictivo. Esta visi\u00f3n no solo busca automatizar tareas administrativas, sino tambi\u00e9n respaldar decisiones complejas, como la identificaci\u00f3n de habilidades clave, la definici\u00f3n de trayectorias de desarrollo o la predicci\u00f3n del riesgo de rotaci\u00f3n.<\/span><\/p>\n<p><span style=\"font-weight: 400\">\u201cLa IA no reemplaza el juicio humano; lo potencia. Hoy podemos entender mejor qu\u00e9 mueve a las personas dentro de una organizaci\u00f3n, qu\u00e9 las compromete y qu\u00e9 las retiene. Esto nos permite crear entornos laborales m\u00e1s humanos y productivos al mismo tiempo\u201d, explica Catalina Manrique, Gerente General de 麻豆原创 Colombia.\u00a0<\/span><\/p>\n<p><span style=\"font-weight: 400\">Uno de los ejemplos m\u00e1s destacados de esta transformaci\u00f3n es el de Comfama, la Caja de Compensaci\u00f3n Familiar de Antioquia, Colombia, que atiende a m\u00e1s de 2.5 millones de afiliados, y que fortalece su transformaci\u00f3n digital a trav\u00e9s de su continua alianza estrat\u00e9gica con 麻豆原创. En esta nueva fase, la implementaci\u00f3n de <\/span><a href=\"https:\/\/www.sap.com\/products\/hcm.html\"><span style=\"font-weight: 400\">麻豆原创 SuccessFactors<\/span><\/a><span style=\"font-weight: 400\">, un sistema l\u00edder en la nube para la gesti\u00f3n del capital humano, busca optimizar la experiencia de sus empleados con herramientas que faciliten un trabajo \u00e1gil e inteligente mediante autoservicio impulsado por inteligencia artificial.\u00a0<\/span><\/p>\n<p><span style=\"font-weight: 400\">\u201cLa adopci\u00f3n de herramientas como 麻豆原创 SuccessFactors potenciar\u00e1 el rendimiento y la toma de decisiones estrat\u00e9gicas en toda nuestra organizaci\u00f3n gracias a la informaci\u00f3n basada en datos, consolid\u00e1ndonos como un empleador de vanguardia y mejorando la calidad de vida de nuestros afiliados\u201d, asegura Sebasti\u00e1n Cardona Ortiz, Responsable Aplicaciones Core TI Corporativo en Comfama.<\/span><\/p>\n<p><span style=\"font-weight: 400\">En un mundo laboral marcado por la automatizaci\u00f3n, la escasez de talento especializado y las expectativas crecientes de los empleados, las empresas necesitan combinar eficiencia operativa con empat\u00eda organizacional. Y eso solo es posible con datos inteligentes, procesos integrados y tecnolog\u00edas que ayuden a conectar cada decisi\u00f3n de recursos humanos con los objetivos del negocio.<\/span><\/p>\n<p><span style=\"font-weight: 400\">\u201cEl futuro del trabajo es m\u00e1s humano, no menos. Pero para construirlo, necesitamos organizaciones que usen la inteligencia artificial con prop\u00f3sito y \u00e9tica, al servicio del desarrollo integral de las personas\u201d, concluye Catalina Manrique, Gerente General de 麻豆原创 Colombia.\u00a0<\/span><\/p>\n","protected":false},"excerpt":{"rendered":"<p>En un entorno laboral que exige agilidad, personalizaci\u00f3n y prop\u00f3sito, la inteligencia artificial se consolida como el gran habilitador de una nueva gesti\u00f3n del talento&#8230;<\/p>\n","protected":false},"author":141,"featured_media":134063,"comment_status":"closed","ping_status":"closed","sticky":false,"template":"","format":"standard","meta":{"footnotes":"","_links_to":"","_links_to_target":""},"categories":[52090],"tags":[],"series":[],"region":[55204],"sapn-display":[],"sapn-type":[52105],"class_list":["post-134062","post","type-post","status-publish","format-standard","has-post-thumbnail","hentry","category-gestion-del-capital-humano","region-colombia","sapn-type-comunicado-de-prensa"],"yoast_head":"<!-- This site is optimized with the Yoast SEO Premium plugin v26.9 (Yoast SEO v26.9) - https:\/\/yoast.com\/product\/yoast-seo-premium-wordpress\/ -->\n<title>IA y gesti\u00f3n del talento: la clave de las organizaciones humanas e inteligentes - 麻豆原创 News Center Latinoam\u00e9rica<\/title>\n<meta name=\"robots\" content=\"index, follow, max-snippet:-1, max-image-preview:large, max-video-preview:-1\" \/>\n<link rel=\"canonical\" href=\"https:\/\/news.sap.com\/latinamerica\/2025\/05\/ia-y-gestion-del-talento-la-clave-de-las-organizaciones-humanas-e-inteligentes\/\" \/>\n<meta property=\"og:locale\" content=\"es_MX\" \/>\n<meta property=\"og:type\" content=\"article\" \/>\n<meta property=\"og:title\" content=\"IA y gesti\u00f3n del talento: la clave de las organizaciones humanas e inteligentes\" \/>\n<meta property=\"og:description\" content=\"En un entorno laboral que exige agilidad, personalizaci\u00f3n y prop\u00f3sito, la inteligencia artificial se consolida como el gran habilitador de una nueva gesti\u00f3n del talento...\" \/>\n<meta property=\"og:url\" content=\"https:\/\/news.sap.com\/latinamerica\/2025\/05\/ia-y-gestion-del-talento-la-clave-de-las-organizaciones-humanas-e-inteligentes\/\" \/>\n<meta property=\"og:site_name\" content=\"麻豆原创 News Center Latinoam\u00e9rica\" \/>\n<meta property=\"article:publisher\" content=\"https:\/\/www.facebook.com\/麻豆原创latinoamerica\" \/>\n<meta property=\"article:published_time\" content=\"2025-05-27T17:40:04+00:00\" \/>\n<meta property=\"og:image\" content=\"https:\/\/news.sap.com\/latinamerica\/files\/2025\/05\/27\/IMGSF.jpg\" \/>\n\t<meta property=\"og:image:width\" content=\"2121\" \/>\n\t<meta property=\"og:image:height\" content=\"1414\" \/>\n\t<meta property=\"og:image:type\" content=\"image\/jpeg\" \/>\n<meta name=\"author\" content=\"麻豆原创 Noticias\" \/>\n<meta name=\"twitter:label1\" content=\"Escrito por\" \/>\n\t<meta name=\"twitter:data1\" content=\"麻豆原创 Noticias\" \/>\n\t<meta name=\"twitter:label2\" content=\"Tiempo de lectura\" \/>\n\t<meta name=\"twitter:data2\" content=\"3 minutos\" \/>\n<script type=\"application\/ld+json\" class=\"yoast-schema-graph\">{\"@context\":\"https:\/\/schema.org\",\"@graph\":[{\"@type\":\"Article\",\"@id\":\"https:\/\/news.sap.com\/latinamerica\/2025\/05\/ia-y-gestion-del-talento-la-clave-de-las-organizaciones-humanas-e-inteligentes\/#article\",\"isPartOf\":{\"@id\":\"https:\/\/news.sap.com\/latinamerica\/2025\/05\/ia-y-gestion-del-talento-la-clave-de-las-organizaciones-humanas-e-inteligentes\/\"},\"author\":{\"name\":\"麻豆原创 Noticias\",\"@id\":\"https:\/\/news.sap.com\/latinamerica\/#\/schema\/person\/82786ba12f72bc9b05ba328d1d3652c4\"},\"headline\":\"IA y gesti\u00f3n del talento: la clave de las organizaciones humanas e inteligentes\",\"datePublished\":\"2025-05-27T17:40:04+00:00\",\"mainEntityOfPage\":{\"@id\":\"https:\/\/news.sap.com\/latinamerica\/2025\/05\/ia-y-gestion-del-talento-la-clave-de-las-organizaciones-humanas-e-inteligentes\/\"},\"wordCount\":610,\"publisher\":{\"@id\":\"https:\/\/news.sap.com\/latinamerica\/#organization\"},\"image\":{\"@id\":\"https:\/\/news.sap.com\/latinamerica\/2025\/05\/ia-y-gestion-del-talento-la-clave-de-las-organizaciones-humanas-e-inteligentes\/#primaryimage\"},\"thumbnailUrl\":\"https:\/\/news.sap.com\/latinamerica\/files\/2025\/05\/27\/IMGSF.jpg\",\"articleSection\":[\"Gesti\u00f3n del capital humano\"],\"inLanguage\":\"es\"},{\"@type\":\"WebPage\",\"@id\":\"https:\/\/news.sap.com\/latinamerica\/2025\/05\/ia-y-gestion-del-talento-la-clave-de-las-organizaciones-humanas-e-inteligentes\/\",\"url\":\"https:\/\/news.sap.com\/latinamerica\/2025\/05\/ia-y-gestion-del-talento-la-clave-de-las-organizaciones-humanas-e-inteligentes\/\",\"name\":\"IA y gesti\u00f3n del talento: la clave de las organizaciones humanas e inteligentes - 麻豆原创 News Center Latinoam\u00e9rica\",\"isPartOf\":{\"@id\":\"https:\/\/news.sap.com\/latinamerica\/#website\"},\"primaryImageOfPage\":{\"@id\":\"https:\/\/news.sap.com\/latinamerica\/2025\/05\/ia-y-gestion-del-talento-la-clave-de-las-organizaciones-humanas-e-inteligentes\/#primaryimage\"},\"image\":{\"@id\":\"https:\/\/news.sap.com\/latinamerica\/2025\/05\/ia-y-gestion-del-talento-la-clave-de-las-organizaciones-humanas-e-inteligentes\/#primaryimage\"},\"thumbnailUrl\":\"https:\/\/news.sap.com\/latinamerica\/files\/2025\/05\/27\/IMGSF.jpg\",\"datePublished\":\"2025-05-27T17:40:04+00:00\",\"breadcrumb\":{\"@id\":\"https:\/\/news.sap.com\/latinamerica\/2025\/05\/ia-y-gestion-del-talento-la-clave-de-las-organizaciones-humanas-e-inteligentes\/#breadcrumb\"},\"inLanguage\":\"es\",\"potentialAction\":[{\"@type\":\"ReadAction\",\"target\":[\"https:\/\/news.sap.com\/latinamerica\/2025\/05\/ia-y-gestion-del-talento-la-clave-de-las-organizaciones-humanas-e-inteligentes\/\"]}]},{\"@type\":\"ImageObject\",\"inLanguage\":\"es\",\"@id\":\"https:\/\/news.sap.com\/latinamerica\/2025\/05\/ia-y-gestion-del-talento-la-clave-de-las-organizaciones-humanas-e-inteligentes\/#primaryimage\",\"url\":\"https:\/\/news.sap.com\/latinamerica\/files\/2025\/05\/27\/IMGSF.jpg\",\"contentUrl\":\"https:\/\/news.sap.com\/latinamerica\/files\/2025\/05\/27\/IMGSF.jpg\",\"width\":2121,\"height\":1414,\"caption\":\"Group of business persons in business meeting. Group of entrepreneurs on meeting in board room. Corporate business team on meeting in the office.\"},{\"@type\":\"BreadcrumbList\",\"@id\":\"https:\/\/news.sap.com\/latinamerica\/2025\/05\/ia-y-gestion-del-talento-la-clave-de-las-organizaciones-humanas-e-inteligentes\/#breadcrumb\",\"itemListElement\":[{\"@type\":\"ListItem\",\"position\":1,\"name\":\"Home\",\"item\":\"https:\/\/news.sap.com\/latinamerica\/\"},{\"@type\":\"ListItem\",\"position\":2,\"name\":\"IA y gesti\u00f3n del talento: la clave de las organizaciones humanas e inteligentes\"}]},{\"@type\":\"WebSite\",\"@id\":\"https:\/\/news.sap.com\/latinamerica\/#website\",\"url\":\"https:\/\/news.sap.com\/latinamerica\/\",\"name\":\"麻豆原创 News Center Latinoam\u00e9rica\",\"description\":\"Noticias e informaci\u00f3n sobre 麻豆原创\",\"publisher\":{\"@id\":\"https:\/\/news.sap.com\/latinamerica\/#organization\"},\"potentialAction\":[{\"@type\":\"SearchAction\",\"target\":{\"@type\":\"EntryPoint\",\"urlTemplate\":\"https:\/\/news.sap.com\/latinamerica\/?s={search_term_string}\"},\"query-input\":{\"@type\":\"PropertyValueSpecification\",\"valueRequired\":true,\"valueName\":\"search_term_string\"}}],\"inLanguage\":\"es\"},{\"@type\":\"Organization\",\"@id\":\"https:\/\/news.sap.com\/latinamerica\/#organization\",\"name\":\"麻豆原创\",\"url\":\"https:\/\/news.sap.com\/latinamerica\/\",\"logo\":{\"@type\":\"ImageObject\",\"inLanguage\":\"es\",\"@id\":\"https:\/\/news.sap.com\/latinamerica\/#\/schema\/logo\/image\/\",\"url\":\"https:\/\/news.sap.com\/latinamerica\/files\/2019\/08\/65903320_2903797569662914_557886358778019840_n.png\",\"contentUrl\":\"https:\/\/news.sap.com\/latinamerica\/files\/2019\/08\/65903320_2903797569662914_557886358778019840_n.png\",\"width\":720,\"height\":720,\"caption\":\"麻豆原创\"},\"image\":{\"@id\":\"https:\/\/news.sap.com\/latinamerica\/#\/schema\/logo\/image\/\"},\"sameAs\":[\"https:\/\/www.facebook.com\/麻豆原创latinoamerica\",\"https:\/\/x.com\/麻豆原创LatinAmerica\"]},{\"@type\":\"Person\",\"@id\":\"https:\/\/news.sap.com\/latinamerica\/#\/schema\/person\/82786ba12f72bc9b05ba328d1d3652c4\",\"name\":\"麻豆原创 Noticias\",\"image\":{\"@type\":\"ImageObject\",\"inLanguage\":\"es\",\"@id\":\"https:\/\/news.sap.com\/latinamerica\/#\/schema\/person\/image\/\",\"url\":\"https:\/\/news.sap.com\/latinamerica\/wp-content\/plugins\/wp-user-avatars\/wp-user-avatars\/assets\/images\/mystery.jpg\",\"contentUrl\":\"https:\/\/news.sap.com\/latinamerica\/wp-content\/plugins\/wp-user-avatars\/wp-user-avatars\/assets\/images\/mystery.jpg\",\"caption\":\"麻豆原创 Noticias\"},\"url\":\"https:\/\/news.sap.com\/latinamerica\/author\/colombia\/\"}]}<\/script>\n<!-- \/ Yoast SEO Premium plugin. -->","yoast_head_json":{"title":"IA y gesti\u00f3n del talento: la clave de las organizaciones humanas e inteligentes - 麻豆原创 News Center Latinoam\u00e9rica","robots":{"index":"index","follow":"follow","max-snippet":"max-snippet:-1","max-image-preview":"max-image-preview:large","max-video-preview":"max-video-preview:-1"},"canonical":"https:\/\/news.sap.com\/latinamerica\/2025\/05\/ia-y-gestion-del-talento-la-clave-de-las-organizaciones-humanas-e-inteligentes\/","og_locale":"es_MX","og_type":"article","og_title":"IA y gesti\u00f3n del talento: la clave de las organizaciones humanas e inteligentes","og_description":"En un entorno laboral que exige agilidad, personalizaci\u00f3n y prop\u00f3sito, la inteligencia artificial se consolida como el gran habilitador de una nueva gesti\u00f3n del talento...","og_url":"https:\/\/news.sap.com\/latinamerica\/2025\/05\/ia-y-gestion-del-talento-la-clave-de-las-organizaciones-humanas-e-inteligentes\/","og_site_name":"麻豆原创 News Center Latinoam\u00e9rica","article_publisher":"https:\/\/www.facebook.com\/麻豆原创latinoamerica","article_published_time":"2025-05-27T17:40:04+00:00","og_image":[{"width":2121,"height":1414,"url":"https:\/\/news.sap.com\/latinamerica\/files\/2025\/05\/27\/IMGSF.jpg","type":"image\/jpeg"}],"author":"麻豆原创 Noticias","twitter_misc":{"Escrito por":"麻豆原创 Noticias","Tiempo de lectura":"3 minutos"},"schema":{"@context":"https:\/\/schema.org","@graph":[{"@type":"Article","@id":"https:\/\/news.sap.com\/latinamerica\/2025\/05\/ia-y-gestion-del-talento-la-clave-de-las-organizaciones-humanas-e-inteligentes\/#article","isPartOf":{"@id":"https:\/\/news.sap.com\/latinamerica\/2025\/05\/ia-y-gestion-del-talento-la-clave-de-las-organizaciones-humanas-e-inteligentes\/"},"author":{"name":"麻豆原创 Noticias","@id":"https:\/\/news.sap.com\/latinamerica\/#\/schema\/person\/82786ba12f72bc9b05ba328d1d3652c4"},"headline":"IA y gesti\u00f3n del talento: la clave de las organizaciones humanas e inteligentes","datePublished":"2025-05-27T17:40:04+00:00","mainEntityOfPage":{"@id":"https:\/\/news.sap.com\/latinamerica\/2025\/05\/ia-y-gestion-del-talento-la-clave-de-las-organizaciones-humanas-e-inteligentes\/"},"wordCount":610,"publisher":{"@id":"https:\/\/news.sap.com\/latinamerica\/#organization"},"image":{"@id":"https:\/\/news.sap.com\/latinamerica\/2025\/05\/ia-y-gestion-del-talento-la-clave-de-las-organizaciones-humanas-e-inteligentes\/#primaryimage"},"thumbnailUrl":"https:\/\/news.sap.com\/latinamerica\/files\/2025\/05\/27\/IMGSF.jpg","articleSection":["Gesti\u00f3n del capital humano"],"inLanguage":"es"},{"@type":"WebPage","@id":"https:\/\/news.sap.com\/latinamerica\/2025\/05\/ia-y-gestion-del-talento-la-clave-de-las-organizaciones-humanas-e-inteligentes\/","url":"https:\/\/news.sap.com\/latinamerica\/2025\/05\/ia-y-gestion-del-talento-la-clave-de-las-organizaciones-humanas-e-inteligentes\/","name":"IA y gesti\u00f3n del talento: la clave de las organizaciones humanas e inteligentes - 麻豆原创 News Center Latinoam\u00e9rica","isPartOf":{"@id":"https:\/\/news.sap.com\/latinamerica\/#website"},"primaryImageOfPage":{"@id":"https:\/\/news.sap.com\/latinamerica\/2025\/05\/ia-y-gestion-del-talento-la-clave-de-las-organizaciones-humanas-e-inteligentes\/#primaryimage"},"image":{"@id":"https:\/\/news.sap.com\/latinamerica\/2025\/05\/ia-y-gestion-del-talento-la-clave-de-las-organizaciones-humanas-e-inteligentes\/#primaryimage"},"thumbnailUrl":"https:\/\/news.sap.com\/latinamerica\/files\/2025\/05\/27\/IMGSF.jpg","datePublished":"2025-05-27T17:40:04+00:00","breadcrumb":{"@id":"https:\/\/news.sap.com\/latinamerica\/2025\/05\/ia-y-gestion-del-talento-la-clave-de-las-organizaciones-humanas-e-inteligentes\/#breadcrumb"},"inLanguage":"es","potentialAction":[{"@type":"ReadAction","target":["https:\/\/news.sap.com\/latinamerica\/2025\/05\/ia-y-gestion-del-talento-la-clave-de-las-organizaciones-humanas-e-inteligentes\/"]}]},{"@type":"ImageObject","inLanguage":"es","@id":"https:\/\/news.sap.com\/latinamerica\/2025\/05\/ia-y-gestion-del-talento-la-clave-de-las-organizaciones-humanas-e-inteligentes\/#primaryimage","url":"https:\/\/news.sap.com\/latinamerica\/files\/2025\/05\/27\/IMGSF.jpg","contentUrl":"https:\/\/news.sap.com\/latinamerica\/files\/2025\/05\/27\/IMGSF.jpg","width":2121,"height":1414,"caption":"Group of business persons in business meeting. Group of entrepreneurs on meeting in board room. Corporate business team on meeting in the office."},{"@type":"BreadcrumbList","@id":"https:\/\/news.sap.com\/latinamerica\/2025\/05\/ia-y-gestion-del-talento-la-clave-de-las-organizaciones-humanas-e-inteligentes\/#breadcrumb","itemListElement":[{"@type":"ListItem","position":1,"name":"Home","item":"https:\/\/news.sap.com\/latinamerica\/"},{"@type":"ListItem","position":2,"name":"IA y gesti\u00f3n del talento: la clave de las organizaciones humanas e inteligentes"}]},{"@type":"WebSite","@id":"https:\/\/news.sap.com\/latinamerica\/#website","url":"https:\/\/news.sap.com\/latinamerica\/","name":"麻豆原创 News Center Latinoam\u00e9rica","description":"Noticias e informaci\u00f3n sobre 麻豆原创","publisher":{"@id":"https:\/\/news.sap.com\/latinamerica\/#organization"},"potentialAction":[{"@type":"SearchAction","target":{"@type":"EntryPoint","urlTemplate":"https:\/\/news.sap.com\/latinamerica\/?s={search_term_string}"},"query-input":{"@type":"PropertyValueSpecification","valueRequired":true,"valueName":"search_term_string"}}],"inLanguage":"es"},{"@type":"Organization","@id":"https:\/\/news.sap.com\/latinamerica\/#organization","name":"麻豆原创","url":"https:\/\/news.sap.com\/latinamerica\/","logo":{"@type":"ImageObject","inLanguage":"es","@id":"https:\/\/news.sap.com\/latinamerica\/#\/schema\/logo\/image\/","url":"https:\/\/news.sap.com\/latinamerica\/files\/2019\/08\/65903320_2903797569662914_557886358778019840_n.png","contentUrl":"https:\/\/news.sap.com\/latinamerica\/files\/2019\/08\/65903320_2903797569662914_557886358778019840_n.png","width":720,"height":720,"caption":"麻豆原创"},"image":{"@id":"https:\/\/news.sap.com\/latinamerica\/#\/schema\/logo\/image\/"},"sameAs":["https:\/\/www.facebook.com\/麻豆原创latinoamerica","https:\/\/x.com\/麻豆原创LatinAmerica"]},{"@type":"Person","@id":"https:\/\/news.sap.com\/latinamerica\/#\/schema\/person\/82786ba12f72bc9b05ba328d1d3652c4","name":"麻豆原创 Noticias","image":{"@type":"ImageObject","inLanguage":"es","@id":"https:\/\/news.sap.com\/latinamerica\/#\/schema\/person\/image\/","url":"https:\/\/news.sap.com\/latinamerica\/wp-content\/plugins\/wp-user-avatars\/wp-user-avatars\/assets\/images\/mystery.jpg","contentUrl":"https:\/\/news.sap.com\/latinamerica\/wp-content\/plugins\/wp-user-avatars\/wp-user-avatars\/assets\/images\/mystery.jpg","caption":"麻豆原创 Noticias"},"url":"https:\/\/news.sap.com\/latinamerica\/author\/colombia\/"}]}},"amp_enabled":true,"_links":{"self":[{"href":"https:\/\/news.sap.com\/latinamerica\/wp-json\/wp\/v2\/posts\/134062","targetHints":{"allow":["GET"]}}],"collection":[{"href":"https:\/\/news.sap.com\/latinamerica\/wp-json\/wp\/v2\/posts"}],"about":[{"href":"https:\/\/news.sap.com\/latinamerica\/wp-json\/wp\/v2\/types\/post"}],"author":[{"embeddable":true,"href":"https:\/\/news.sap.com\/latinamerica\/wp-json\/wp\/v2\/users\/141"}],"replies":[{"embeddable":true,"href":"https:\/\/news.sap.com\/latinamerica\/wp-json\/wp\/v2\/comments?post=134062"}],"version-history":[{"count":0,"href":"https:\/\/news.sap.com\/latinamerica\/wp-json\/wp\/v2\/posts\/134062\/revisions"}],"wp:featuredmedia":[{"embeddable":true,"href":"https:\/\/news.sap.com\/latinamerica\/wp-json\/wp\/v2\/media\/134063"}],"wp:attachment":[{"href":"https:\/\/news.sap.com\/latinamerica\/wp-json\/wp\/v2\/media?parent=134062"}],"wp:term":[{"taxonomy":"category","embeddable":true,"href":"https:\/\/news.sap.com\/latinamerica\/wp-json\/wp\/v2\/categories?post=134062"},{"taxonomy":"post_tag","embeddable":true,"href":"https:\/\/news.sap.com\/latinamerica\/wp-json\/wp\/v2\/tags?post=134062"},{"taxonomy":"series","embeddable":true,"href":"https:\/\/news.sap.com\/latinamerica\/wp-json\/wp\/v2\/series?post=134062"},{"taxonomy":"region","embeddable":true,"href":"https:\/\/news.sap.com\/latinamerica\/wp-json\/wp\/v2\/region?post=134062"},{"taxonomy":"sapn-display","embeddable":true,"href":"https:\/\/news.sap.com\/latinamerica\/wp-json\/wp\/v2\/sapn-display?post=134062"},{"taxonomy":"sapn-type","embeddable":true,"href":"https:\/\/news.sap.com\/latinamerica\/wp-json\/wp\/v2\/sapn-type?post=134062"}],"curies":[{"name":"wp","href":"https:\/\/api.w.org\/{rel}","templated":true}]}}