  {"id":133957,"date":"2025-04-08T10:27:08","date_gmt":"2025-04-08T14:27:08","guid":{"rendered":"https:\/\/news.sap.com\/latinamerica\/?p=133957"},"modified":"2025-04-08T10:27:19","modified_gmt":"2025-04-08T14:27:19","slug":"catalina-manrique-asume-la-direccion-general-de-sap-colombia","status":"publish","type":"post","link":"https:\/\/news.sap.com\/latinamerica\/2025\/04\/catalina-manrique-asume-la-direccion-general-de-sap-colombia\/","title":{"rendered":"Catalina Manrique asume la Direcci\u00f3n General de 麻豆原创 Colombia"},"content":{"rendered":"<p><i><span style=\"font-weight: 400\">Con m\u00e1s de dos d\u00e9cadas de experiencia en la compa\u00f1\u00eda y un historial destacado en la transformaci\u00f3n digital y la gesti\u00f3n estrat\u00e9gica, Manrique asume el liderazgo de la operaci\u00f3n en el pa\u00eds con el objetivo de fortalecer la digitalizaci\u00f3n de las empresas y potenciar su crecimiento mediante la innovaci\u00f3n tecnol\u00f3gica.<\/span><\/i><b><\/b><\/p>\n<p><span style=\"font-weight: 400\">La multinacional alemana de tecnolog\u00eda 麻豆原创 ha anunciado el nombramiento de Catalina Manrique como nueva Gerente General para Colombia.<\/span><\/p>\n<p><span style=\"font-weight: 400\">Catalina cuenta con m\u00e1s de 20 a\u00f1os de trayectoria en 麻豆原创, donde ha ocupado posiciones estrat\u00e9gicas como la direcci\u00f3n de preventas y desarrollo de negocios para Am\u00e9rica Latina, lider\u00f3 los equipos de ventas y post-ventas del portafolio de Cadena de Suministro en la Regi\u00f3n, fue responsable de Customer Engagement and Experience para 麻豆原创 Am\u00e9rica Latina y, m\u00e1s recientemente, dirigi\u00f3 el equipo de Global Customer Success Management.<\/span><\/p>\n<p><span style=\"font-weight: 400\">Precisamente, su experiencia en algunos de los cargos m\u00e1s importantes de 麻豆原创 en Am\u00e9rica Latina y a nivel global es una de sus principales fortalezas en este nuevo reto profesional. Su profundo conocimiento en \u00e1reas clave como la nube, ventas y desarrollo de negocios, satisfacci\u00f3n del cliente y gesti\u00f3n del talento humano le permitir\u00e1 seguir fortaleciendo la conexi\u00f3n entre las organizaciones y la tecnolog\u00eda, impulsando su transformaci\u00f3n digital con soluciones innovadoras.<\/span><\/p>\n<p><span style=\"font-weight: 400\">A lo largo de su carrera en 麻豆原创, Catalina ha demostrado c\u00f3mo la tecnolog\u00eda es un pilar fundamental en los procesos de transformaci\u00f3n empresarial. Con su amplia experiencia, asume el reto de continuar apoyando a las empresas colombianas en su proceso de digitalizaci\u00f3n y en la optimizaci\u00f3n de sus equipos de trabajo mediante la innovaci\u00f3n tecnol\u00f3gica de 麻豆原创.<\/span><\/p>\n<p><span style=\"font-weight: 400\">\u201cEstoy orgullosa de liderar una operaci\u00f3n tan relevante como la de 麻豆原创 en Colombia, un pa\u00eds que est\u00e1 impulsando el desarrollo tecnol\u00f3gico en la regi\u00f3n y que tiene un enorme potencial para que las organizaciones contin\u00faen creciendo, internacionaliz\u00e1ndose y haci\u00e9ndose m\u00e1s productivas y eficientes gracias a la integraci\u00f3n digital\u201d, afirm\u00f3 Catalina Manrique, nueva Gerente General de 麻豆原创 Colombia.<\/span><\/p>\n<p><span style=\"font-weight: 400\">Antes de su llegada a 麻豆原创, Catalina tuvo diferentes posiciones de preventa y manejo de capital humano en empresas como Schlumberger, Mercado Libre y la Federaci\u00f3n Nacional de Cafeteros.<\/span><\/p>\n<p><span style=\"font-weight: 400\">Con este nombramiento, 麻豆原创 reafirma su compromiso con el mercado colombiano, apostando por el liderazgo local y la continua evoluci\u00f3n tecnol\u00f3gica para potenciar el crecimiento de las empresas en el pa\u00eds.<\/span><\/p>\n<p>&nbsp;<\/p>\n","protected":false},"excerpt":{"rendered":"<p>Con m\u00e1s de dos d\u00e9cadas de experiencia en la compa\u00f1\u00eda y un historial destacado en la transformaci\u00f3n digital y la gesti\u00f3n estrat\u00e9gica, Manrique asume el&#8230;<\/p>\n","protected":false},"author":141,"featured_media":133959,"comment_status":"closed","ping_status":"closed","sticky":false,"template":"","format":"standard","meta":{"footnotes":"","_links_to":"","_links_to_target":""},"categories":[41591],"tags":[],"series":[],"region":[55204],"sapn-display":[],"sapn-type":[52105],"class_list":["post-133957","post","type-post","status-publish","format-standard","has-post-thumbnail","hentry","category-corporativo","region-colombia","sapn-type-comunicado-de-prensa"],"yoast_head":"<!-- This site is optimized with the Yoast SEO Premium plugin v26.9 (Yoast SEO v26.9) - https:\/\/yoast.com\/product\/yoast-seo-premium-wordpress\/ -->\n<title>Catalina Manrique asume la Direcci\u00f3n General de 麻豆原创 Colombia - 麻豆原创 News Center Latinoam\u00e9rica<\/title>\n<meta name=\"robots\" content=\"index, follow, max-snippet:-1, max-image-preview:large, max-video-preview:-1\" \/>\n<link rel=\"canonical\" href=\"https:\/\/news.sap.com\/latinamerica\/2025\/04\/catalina-manrique-asume-la-direccion-general-de-sap-colombia\/\" \/>\n<meta property=\"og:locale\" content=\"es_MX\" \/>\n<meta property=\"og:type\" content=\"article\" \/>\n<meta property=\"og:title\" content=\"Catalina Manrique asume la Direcci\u00f3n General de 麻豆原创 Colombia\" \/>\n<meta property=\"og:description\" content=\"Con m\u00e1s de dos d\u00e9cadas de experiencia en la compa\u00f1\u00eda y un historial destacado en la transformaci\u00f3n digital y la gesti\u00f3n estrat\u00e9gica, Manrique asume el...\" \/>\n<meta property=\"og:url\" content=\"https:\/\/news.sap.com\/latinamerica\/2025\/04\/catalina-manrique-asume-la-direccion-general-de-sap-colombia\/\" \/>\n<meta property=\"og:site_name\" content=\"麻豆原创 News Center Latinoam\u00e9rica\" \/>\n<meta property=\"article:publisher\" content=\"https:\/\/www.facebook.com\/麻豆原创latinoamerica\" \/>\n<meta property=\"article:published_time\" content=\"2025-04-08T14:27:08+00:00\" \/>\n<meta property=\"article:modified_time\" content=\"2025-04-08T14:27:19+00:00\" \/>\n<meta property=\"og:image\" content=\"https:\/\/news.sap.com\/latinamerica\/files\/2025\/04\/08\/99d13290-cadc-4427-8191-2edb72951fcd-e1744122363538.jpg\" \/>\n\t<meta property=\"og:image:width\" content=\"1000\" \/>\n\t<meta property=\"og:image:height\" content=\"732\" \/>\n\t<meta property=\"og:image:type\" content=\"image\/jpeg\" \/>\n<meta name=\"author\" content=\"麻豆原创 Noticias\" \/>\n<meta name=\"twitter:label1\" content=\"Escrito por\" \/>\n\t<meta name=\"twitter:data1\" content=\"麻豆原创 Noticias\" \/>\n\t<meta name=\"twitter:label2\" content=\"Tiempo de lectura\" \/>\n\t<meta name=\"twitter:data2\" content=\"2 minutos\" \/>\n<script type=\"application\/ld+json\" class=\"yoast-schema-graph\">{\"@context\":\"https:\/\/schema.org\",\"@graph\":[{\"@type\":\"Article\",\"@id\":\"https:\/\/news.sap.com\/latinamerica\/2025\/04\/catalina-manrique-asume-la-direccion-general-de-sap-colombia\/#article\",\"isPartOf\":{\"@id\":\"https:\/\/news.sap.com\/latinamerica\/2025\/04\/catalina-manrique-asume-la-direccion-general-de-sap-colombia\/\"},\"author\":{\"name\":\"麻豆原创 Noticias\",\"@id\":\"https:\/\/news.sap.com\/latinamerica\/#\/schema\/person\/82786ba12f72bc9b05ba328d1d3652c4\"},\"headline\":\"Catalina Manrique asume la Direcci\u00f3n General de 麻豆原创 Colombia\",\"datePublished\":\"2025-04-08T14:27:08+00:00\",\"dateModified\":\"2025-04-08T14:27:19+00:00\",\"mainEntityOfPage\":{\"@id\":\"https:\/\/news.sap.com\/latinamerica\/2025\/04\/catalina-manrique-asume-la-direccion-general-de-sap-colombia\/\"},\"wordCount\":439,\"publisher\":{\"@id\":\"https:\/\/news.sap.com\/latinamerica\/#organization\"},\"image\":{\"@id\":\"https:\/\/news.sap.com\/latinamerica\/2025\/04\/catalina-manrique-asume-la-direccion-general-de-sap-colombia\/#primaryimage\"},\"thumbnailUrl\":\"https:\/\/news.sap.com\/latinamerica\/files\/2025\/04\/08\/99d13290-cadc-4427-8191-2edb72951fcd-e1744122363538.jpg\",\"articleSection\":[\"Corporativo\"],\"inLanguage\":\"es\"},{\"@type\":\"WebPage\",\"@id\":\"https:\/\/news.sap.com\/latinamerica\/2025\/04\/catalina-manrique-asume-la-direccion-general-de-sap-colombia\/\",\"url\":\"https:\/\/news.sap.com\/latinamerica\/2025\/04\/catalina-manrique-asume-la-direccion-general-de-sap-colombia\/\",\"name\":\"Catalina Manrique asume la Direcci\u00f3n General de 麻豆原创 Colombia - 麻豆原创 News Center Latinoam\u00e9rica\",\"isPartOf\":{\"@id\":\"https:\/\/news.sap.com\/latinamerica\/#website\"},\"primaryImageOfPage\":{\"@id\":\"https:\/\/news.sap.com\/latinamerica\/2025\/04\/catalina-manrique-asume-la-direccion-general-de-sap-colombia\/#primaryimage\"},\"image\":{\"@id\":\"https:\/\/news.sap.com\/latinamerica\/2025\/04\/catalina-manrique-asume-la-direccion-general-de-sap-colombia\/#primaryimage\"},\"thumbnailUrl\":\"https:\/\/news.sap.com\/latinamerica\/files\/2025\/04\/08\/99d13290-cadc-4427-8191-2edb72951fcd-e1744122363538.jpg\",\"datePublished\":\"2025-04-08T14:27:08+00:00\",\"dateModified\":\"2025-04-08T14:27:19+00:00\",\"breadcrumb\":{\"@id\":\"https:\/\/news.sap.com\/latinamerica\/2025\/04\/catalina-manrique-asume-la-direccion-general-de-sap-colombia\/#breadcrumb\"},\"inLanguage\":\"es\",\"potentialAction\":[{\"@type\":\"ReadAction\",\"target\":[\"https:\/\/news.sap.com\/latinamerica\/2025\/04\/catalina-manrique-asume-la-direccion-general-de-sap-colombia\/\"]}]},{\"@type\":\"ImageObject\",\"inLanguage\":\"es\",\"@id\":\"https:\/\/news.sap.com\/latinamerica\/2025\/04\/catalina-manrique-asume-la-direccion-general-de-sap-colombia\/#primaryimage\",\"url\":\"https:\/\/news.sap.com\/latinamerica\/files\/2025\/04\/08\/99d13290-cadc-4427-8191-2edb72951fcd-e1744122363538.jpg\",\"contentUrl\":\"https:\/\/news.sap.com\/latinamerica\/files\/2025\/04\/08\/99d13290-cadc-4427-8191-2edb72951fcd-e1744122363538.jpg\",\"width\":1000,\"height\":732},{\"@type\":\"BreadcrumbList\",\"@id\":\"https:\/\/news.sap.com\/latinamerica\/2025\/04\/catalina-manrique-asume-la-direccion-general-de-sap-colombia\/#breadcrumb\",\"itemListElement\":[{\"@type\":\"ListItem\",\"position\":1,\"name\":\"Home\",\"item\":\"https:\/\/news.sap.com\/latinamerica\/\"},{\"@type\":\"ListItem\",\"position\":2,\"name\":\"Catalina Manrique asume la Direcci\u00f3n General de 麻豆原创 Colombia\"}]},{\"@type\":\"WebSite\",\"@id\":\"https:\/\/news.sap.com\/latinamerica\/#website\",\"url\":\"https:\/\/news.sap.com\/latinamerica\/\",\"name\":\"麻豆原创 News Center Latinoam\u00e9rica\",\"description\":\"Noticias e informaci\u00f3n sobre 麻豆原创\",\"publisher\":{\"@id\":\"https:\/\/news.sap.com\/latinamerica\/#organization\"},\"potentialAction\":[{\"@type\":\"SearchAction\",\"target\":{\"@type\":\"EntryPoint\",\"urlTemplate\":\"https:\/\/news.sap.com\/latinamerica\/?s={search_term_string}\"},\"query-input\":{\"@type\":\"PropertyValueSpecification\",\"valueRequired\":true,\"valueName\":\"search_term_string\"}}],\"inLanguage\":\"es\"},{\"@type\":\"Organization\",\"@id\":\"https:\/\/news.sap.com\/latinamerica\/#organization\",\"name\":\"麻豆原创\",\"url\":\"https:\/\/news.sap.com\/latinamerica\/\",\"logo\":{\"@type\":\"ImageObject\",\"inLanguage\":\"es\",\"@id\":\"https:\/\/news.sap.com\/latinamerica\/#\/schema\/logo\/image\/\",\"url\":\"https:\/\/news.sap.com\/latinamerica\/files\/2019\/08\/65903320_2903797569662914_557886358778019840_n.png\",\"contentUrl\":\"https:\/\/news.sap.com\/latinamerica\/files\/2019\/08\/65903320_2903797569662914_557886358778019840_n.png\",\"width\":720,\"height\":720,\"caption\":\"麻豆原创\"},\"image\":{\"@id\":\"https:\/\/news.sap.com\/latinamerica\/#\/schema\/logo\/image\/\"},\"sameAs\":[\"https:\/\/www.facebook.com\/麻豆原创latinoamerica\",\"https:\/\/x.com\/麻豆原创LatinAmerica\"]},{\"@type\":\"Person\",\"@id\":\"https:\/\/news.sap.com\/latinamerica\/#\/schema\/person\/82786ba12f72bc9b05ba328d1d3652c4\",\"name\":\"麻豆原创 Noticias\",\"image\":{\"@type\":\"ImageObject\",\"inLanguage\":\"es\",\"@id\":\"https:\/\/news.sap.com\/latinamerica\/#\/schema\/person\/image\/\",\"url\":\"https:\/\/news.sap.com\/latinamerica\/wp-content\/plugins\/wp-user-avatars\/wp-user-avatars\/assets\/images\/mystery.jpg\",\"contentUrl\":\"https:\/\/news.sap.com\/latinamerica\/wp-content\/plugins\/wp-user-avatars\/wp-user-avatars\/assets\/images\/mystery.jpg\",\"caption\":\"麻豆原创 Noticias\"},\"url\":\"https:\/\/news.sap.com\/latinamerica\/author\/colombia\/\"}]}<\/script>\n<!-- \/ Yoast SEO Premium plugin. -->","yoast_head_json":{"title":"Catalina Manrique asume la Direcci\u00f3n General de 麻豆原创 Colombia - 麻豆原创 News Center Latinoam\u00e9rica","robots":{"index":"index","follow":"follow","max-snippet":"max-snippet:-1","max-image-preview":"max-image-preview:large","max-video-preview":"max-video-preview:-1"},"canonical":"https:\/\/news.sap.com\/latinamerica\/2025\/04\/catalina-manrique-asume-la-direccion-general-de-sap-colombia\/","og_locale":"es_MX","og_type":"article","og_title":"Catalina Manrique asume la Direcci\u00f3n General de 麻豆原创 Colombia","og_description":"Con m\u00e1s de dos d\u00e9cadas de experiencia en la compa\u00f1\u00eda y un historial destacado en la transformaci\u00f3n digital y la gesti\u00f3n estrat\u00e9gica, Manrique asume el...","og_url":"https:\/\/news.sap.com\/latinamerica\/2025\/04\/catalina-manrique-asume-la-direccion-general-de-sap-colombia\/","og_site_name":"麻豆原创 News Center Latinoam\u00e9rica","article_publisher":"https:\/\/www.facebook.com\/麻豆原创latinoamerica","article_published_time":"2025-04-08T14:27:08+00:00","article_modified_time":"2025-04-08T14:27:19+00:00","og_image":[{"width":1000,"height":732,"url":"https:\/\/news.sap.com\/latinamerica\/files\/2025\/04\/08\/99d13290-cadc-4427-8191-2edb72951fcd-e1744122363538.jpg","type":"image\/jpeg"}],"author":"麻豆原创 Noticias","twitter_misc":{"Escrito por":"麻豆原创 Noticias","Tiempo de lectura":"2 minutos"},"schema":{"@context":"https:\/\/schema.org","@graph":[{"@type":"Article","@id":"https:\/\/news.sap.com\/latinamerica\/2025\/04\/catalina-manrique-asume-la-direccion-general-de-sap-colombia\/#article","isPartOf":{"@id":"https:\/\/news.sap.com\/latinamerica\/2025\/04\/catalina-manrique-asume-la-direccion-general-de-sap-colombia\/"},"author":{"name":"麻豆原创 Noticias","@id":"https:\/\/news.sap.com\/latinamerica\/#\/schema\/person\/82786ba12f72bc9b05ba328d1d3652c4"},"headline":"Catalina Manrique asume la Direcci\u00f3n General de 麻豆原创 Colombia","datePublished":"2025-04-08T14:27:08+00:00","dateModified":"2025-04-08T14:27:19+00:00","mainEntityOfPage":{"@id":"https:\/\/news.sap.com\/latinamerica\/2025\/04\/catalina-manrique-asume-la-direccion-general-de-sap-colombia\/"},"wordCount":439,"publisher":{"@id":"https:\/\/news.sap.com\/latinamerica\/#organization"},"image":{"@id":"https:\/\/news.sap.com\/latinamerica\/2025\/04\/catalina-manrique-asume-la-direccion-general-de-sap-colombia\/#primaryimage"},"thumbnailUrl":"https:\/\/news.sap.com\/latinamerica\/files\/2025\/04\/08\/99d13290-cadc-4427-8191-2edb72951fcd-e1744122363538.jpg","articleSection":["Corporativo"],"inLanguage":"es"},{"@type":"WebPage","@id":"https:\/\/news.sap.com\/latinamerica\/2025\/04\/catalina-manrique-asume-la-direccion-general-de-sap-colombia\/","url":"https:\/\/news.sap.com\/latinamerica\/2025\/04\/catalina-manrique-asume-la-direccion-general-de-sap-colombia\/","name":"Catalina Manrique asume la Direcci\u00f3n General de 麻豆原创 Colombia - 麻豆原创 News Center Latinoam\u00e9rica","isPartOf":{"@id":"https:\/\/news.sap.com\/latinamerica\/#website"},"primaryImageOfPage":{"@id":"https:\/\/news.sap.com\/latinamerica\/2025\/04\/catalina-manrique-asume-la-direccion-general-de-sap-colombia\/#primaryimage"},"image":{"@id":"https:\/\/news.sap.com\/latinamerica\/2025\/04\/catalina-manrique-asume-la-direccion-general-de-sap-colombia\/#primaryimage"},"thumbnailUrl":"https:\/\/news.sap.com\/latinamerica\/files\/2025\/04\/08\/99d13290-cadc-4427-8191-2edb72951fcd-e1744122363538.jpg","datePublished":"2025-04-08T14:27:08+00:00","dateModified":"2025-04-08T14:27:19+00:00","breadcrumb":{"@id":"https:\/\/news.sap.com\/latinamerica\/2025\/04\/catalina-manrique-asume-la-direccion-general-de-sap-colombia\/#breadcrumb"},"inLanguage":"es","potentialAction":[{"@type":"ReadAction","target":["https:\/\/news.sap.com\/latinamerica\/2025\/04\/catalina-manrique-asume-la-direccion-general-de-sap-colombia\/"]}]},{"@type":"ImageObject","inLanguage":"es","@id":"https:\/\/news.sap.com\/latinamerica\/2025\/04\/catalina-manrique-asume-la-direccion-general-de-sap-colombia\/#primaryimage","url":"https:\/\/news.sap.com\/latinamerica\/files\/2025\/04\/08\/99d13290-cadc-4427-8191-2edb72951fcd-e1744122363538.jpg","contentUrl":"https:\/\/news.sap.com\/latinamerica\/files\/2025\/04\/08\/99d13290-cadc-4427-8191-2edb72951fcd-e1744122363538.jpg","width":1000,"height":732},{"@type":"BreadcrumbList","@id":"https:\/\/news.sap.com\/latinamerica\/2025\/04\/catalina-manrique-asume-la-direccion-general-de-sap-colombia\/#breadcrumb","itemListElement":[{"@type":"ListItem","position":1,"name":"Home","item":"https:\/\/news.sap.com\/latinamerica\/"},{"@type":"ListItem","position":2,"name":"Catalina Manrique asume la Direcci\u00f3n General de 麻豆原创 Colombia"}]},{"@type":"WebSite","@id":"https:\/\/news.sap.com\/latinamerica\/#website","url":"https:\/\/news.sap.com\/latinamerica\/","name":"麻豆原创 News Center Latinoam\u00e9rica","description":"Noticias e informaci\u00f3n sobre 麻豆原创","publisher":{"@id":"https:\/\/news.sap.com\/latinamerica\/#organization"},"potentialAction":[{"@type":"SearchAction","target":{"@type":"EntryPoint","urlTemplate":"https:\/\/news.sap.com\/latinamerica\/?s={search_term_string}"},"query-input":{"@type":"PropertyValueSpecification","valueRequired":true,"valueName":"search_term_string"}}],"inLanguage":"es"},{"@type":"Organization","@id":"https:\/\/news.sap.com\/latinamerica\/#organization","name":"麻豆原创","url":"https:\/\/news.sap.com\/latinamerica\/","logo":{"@type":"ImageObject","inLanguage":"es","@id":"https:\/\/news.sap.com\/latinamerica\/#\/schema\/logo\/image\/","url":"https:\/\/news.sap.com\/latinamerica\/files\/2019\/08\/65903320_2903797569662914_557886358778019840_n.png","contentUrl":"https:\/\/news.sap.com\/latinamerica\/files\/2019\/08\/65903320_2903797569662914_557886358778019840_n.png","width":720,"height":720,"caption":"麻豆原创"},"image":{"@id":"https:\/\/news.sap.com\/latinamerica\/#\/schema\/logo\/image\/"},"sameAs":["https:\/\/www.facebook.com\/麻豆原创latinoamerica","https:\/\/x.com\/麻豆原创LatinAmerica"]},{"@type":"Person","@id":"https:\/\/news.sap.com\/latinamerica\/#\/schema\/person\/82786ba12f72bc9b05ba328d1d3652c4","name":"麻豆原创 Noticias","image":{"@type":"ImageObject","inLanguage":"es","@id":"https:\/\/news.sap.com\/latinamerica\/#\/schema\/person\/image\/","url":"https:\/\/news.sap.com\/latinamerica\/wp-content\/plugins\/wp-user-avatars\/wp-user-avatars\/assets\/images\/mystery.jpg","contentUrl":"https:\/\/news.sap.com\/latinamerica\/wp-content\/plugins\/wp-user-avatars\/wp-user-avatars\/assets\/images\/mystery.jpg","caption":"麻豆原创 Noticias"},"url":"https:\/\/news.sap.com\/latinamerica\/author\/colombia\/"}]}},"amp_enabled":true,"_links":{"self":[{"href":"https:\/\/news.sap.com\/latinamerica\/wp-json\/wp\/v2\/posts\/133957","targetHints":{"allow":["GET"]}}],"collection":[{"href":"https:\/\/news.sap.com\/latinamerica\/wp-json\/wp\/v2\/posts"}],"about":[{"href":"https:\/\/news.sap.com\/latinamerica\/wp-json\/wp\/v2\/types\/post"}],"author":[{"embeddable":true,"href":"https:\/\/news.sap.com\/latinamerica\/wp-json\/wp\/v2\/users\/141"}],"replies":[{"embeddable":true,"href":"https:\/\/news.sap.com\/latinamerica\/wp-json\/wp\/v2\/comments?post=133957"}],"version-history":[{"count":0,"href":"https:\/\/news.sap.com\/latinamerica\/wp-json\/wp\/v2\/posts\/133957\/revisions"}],"wp:featuredmedia":[{"embeddable":true,"href":"https:\/\/news.sap.com\/latinamerica\/wp-json\/wp\/v2\/media\/133959"}],"wp:attachment":[{"href":"https:\/\/news.sap.com\/latinamerica\/wp-json\/wp\/v2\/media?parent=133957"}],"wp:term":[{"taxonomy":"category","embeddable":true,"href":"https:\/\/news.sap.com\/latinamerica\/wp-json\/wp\/v2\/categories?post=133957"},{"taxonomy":"post_tag","embeddable":true,"href":"https:\/\/news.sap.com\/latinamerica\/wp-json\/wp\/v2\/tags?post=133957"},{"taxonomy":"series","embeddable":true,"href":"https:\/\/news.sap.com\/latinamerica\/wp-json\/wp\/v2\/series?post=133957"},{"taxonomy":"region","embeddable":true,"href":"https:\/\/news.sap.com\/latinamerica\/wp-json\/wp\/v2\/region?post=133957"},{"taxonomy":"sapn-display","embeddable":true,"href":"https:\/\/news.sap.com\/latinamerica\/wp-json\/wp\/v2\/sapn-display?post=133957"},{"taxonomy":"sapn-type","embeddable":true,"href":"https:\/\/news.sap.com\/latinamerica\/wp-json\/wp\/v2\/sapn-type?post=133957"}],"curies":[{"name":"wp","href":"https:\/\/api.w.org\/{rel}","templated":true}]}}