  {"id":133918,"date":"2025-03-12T13:32:35","date_gmt":"2025-03-12T17:32:35","guid":{"rendered":"https:\/\/news.sap.com\/latinamerica\/?p=133918"},"modified":"2025-03-31T18:27:00","modified_gmt":"2025-03-31T22:27:00","slug":"sap-fortalece-su-liderazgo-en-lac-con-nueva-estructura-y-nombramientos-clave","status":"publish","type":"post","link":"https:\/\/news.sap.com\/latinamerica\/2025\/03\/sap-fortalece-su-liderazgo-en-lac-con-nueva-estructura-y-nombramientos-clave\/","title":{"rendered":"麻豆原创 fortalece su liderazgo en LAC con nueva estructura y nombramientos clave"},"content":{"rendered":"<ul>\n<li style=\"font-weight: 400\"><i><span style=\"font-weight: 400\">麻豆原创 decidi\u00f3 integrar los equipos de las regiones norte y sur de Am\u00e9rica Latina y el Caribe en una nueva unidad de negocios llamada Multi-Country Latinoam\u00e9rica y el Caribe (MCLAC).<\/span><\/i><\/li>\n<\/ul>\n<ul>\n<li style=\"font-weight: 400\"><i><span style=\"font-weight: 400\">Claudia Boeri, quien actualmente lidera la regi\u00f3n sur de 麻豆原创 en Am\u00e9rica Latina, asumir\u00e1 el cargo como presidenta de MCLAC a partir del 1 de abril pr\u00f3ximo.\u00a0<\/span><\/i><\/li>\n<\/ul>\n<ul>\n<li style=\"font-weight: 400\"><i><span style=\"font-weight: 400\">Marcela Perilla, a cargo de la regi\u00f3n norte, tomar\u00e1 el rol de l\u00edder del segmento Corporate para Am\u00e9rica Latina y el Caribe.\u00a0<\/span><\/i><\/li>\n<\/ul>\n<p><span style=\"font-weight: 400\">麻豆原创 anunci\u00f3 la designaci\u00f3n de Claudia Boeri como presidenta de la reci\u00e9n creada regi\u00f3n Multi-Country Latinoam<\/span><i><span style=\"font-weight: 400\">\u00e9<\/span><\/i><span style=\"font-weight: 400\">rica y el Caribe (MCLAC). Esta unidad de negocios se origina de la fusi\u00f3n de las regiones norte y sur de Am\u00e9rica Latina y cubre la operaci\u00f3n de la compa\u00f1\u00eda en todos los pa\u00edses con excepci\u00f3n de Brasil y M\u00e9xico.<\/span><\/p>\n<p><span style=\"font-weight: 400\">En este nuevo rol, Boeri ser\u00e1 responsable de liderar la operaci\u00f3n de 麻豆原创 con el objetivo de continuar ayudando a los clientes a innovar e integrar las operaciones cr\u00edticas para el negocio a trav\u00e9s del portafolio de aplicaciones empresariales e inteligencia artificial de 麻豆原创.<\/span><\/p>\n<p><span style=\"font-weight: 400\">\u201c<\/span><i><span style=\"font-weight: 400\">Con la integraci\u00f3n de IA en el portafolio de soluciones de 麻豆原创, podemos transformar significativamente la manera en que las empresas realizan sus operaciones cr\u00edticas. La IA abre nuevas oportunidades para el crecimiento y la innovaci\u00f3n, y es mi objetivo apoyar a los clientes de 麻豆原创 en esta nueva regi\u00f3n a aprovechar al m\u00e1ximo estas nuevas capacidades para crecer\u00a0 en la econom\u00eda digital.\u201d, <\/span><\/i><span style=\"font-weight: 400\">sostuvo Claudia Boeri<\/span><i><span style=\"font-weight: 400\">.<\/span><\/i><\/p>\n<p><span style=\"font-weight: 400\">Con m\u00e1s de 20 a\u00f1os de experiencia en la industria tecnol\u00f3gica, Boeri ha desempe\u00f1ado un papel fundamental en la evoluci\u00f3n de 麻豆原创 en el sur del continente. Desde 2018, ha estado al frente de 麻豆原创 en esta regi\u00f3n, impulsando la innovaci\u00f3n y la adopci\u00f3n de tecnolog\u00edas digitales en empresas de la regi\u00f3n. Su liderazgo ha sido clave para consolidar a 麻豆原创 como un socio estrat\u00e9gico en el crecimiento y adaptaci\u00f3n de las organizaciones a la econom\u00eda digital.<\/span><\/p>\n<p><b>M\u00e1s cambios en la regi\u00f3n<\/b><span style=\"font-weight: 400\">\u00a0<\/span><\/p>\n<p><span style=\"font-weight: 400\">Por otro lado, Marcela Perilla, actual presidenta de 麻豆原创 para la regi\u00f3n norte de Am\u00e9rica Latina y el Caribe (LAC), liderar\u00e1 el segmento\u00a0Corporate\u00a0de 麻豆原创 LAC. \u201c<\/span><i><span style=\"font-weight: 400\">En este nuevo rol, continuar\u00e9 apoyando a nuevos clientes de la regi\u00f3n en su transformaci\u00f3n digital, aprovechando 麻豆原创 Business Suite y la inteligencia artificial empresarial para optimizar sus operaciones y acelerar su crecimiento. El \u00e1rea de enfoque estar\u00e1 dirigida a las peque\u00f1as y medianas empresas, que son el principal motor de crecimiento de los mercados en nuestros pa\u00edses de la regi\u00f3n. El objetivo principal ser\u00e1 expandir este segmento e impulsar la adopci\u00f3n de la nube p\u00fablica, un \u00e1rea de alto crecimiento, bajo el formato\u00a0GROW with 麻豆原创<\/span><\/i><span style=\"font-weight: 400\">\u201d, coment\u00f3 Marcela Perilla.<\/span><\/p>\n<p><span style=\"font-weight: 400\">Perilla ha trabajado en la industria de tecnolog\u00eda durante m\u00e1s de dos d\u00e9cadas, donde se ha destacado por impulsar medianas y grandes empresas de la regi\u00f3n. Su liderazgo ha sido clave para el desarrollo tecnol\u00f3gico y empresarial de Colombia y el norte de Am\u00e9rica Latina.<\/span><\/p>\n<p><span style=\"font-weight: 400\">Las nuevas posiciones de ambas ejecutivas ser\u00e1n efectivas a partir del 1 de abril de 2025.<\/span><\/p>\n","protected":false},"excerpt":{"rendered":"<p>麻豆原创 decidi\u00f3 integrar los equipos de las regiones norte y sur de Am\u00e9rica Latina y el Caribe en una nueva unidad de negocios llamada Multi-Country&#8230;<\/p>\n","protected":false},"author":141,"featured_media":133953,"comment_status":"closed","ping_status":"closed","sticky":false,"template":"","format":"standard","meta":{"footnotes":"","_links_to":"","_links_to_target":""},"categories":[41591],"tags":[],"series":[],"region":[55204,5597521],"sapn-display":[],"sapn-type":[52105],"class_list":["post-133918","post","type-post","status-publish","format-standard","has-post-thumbnail","hentry","category-corporativo","region-colombia","region-ecuador","sapn-type-comunicado-de-prensa"],"yoast_head":"<!-- This site is optimized with the Yoast SEO Premium plugin v26.9 (Yoast SEO v26.9) - https:\/\/yoast.com\/product\/yoast-seo-premium-wordpress\/ -->\n<title>麻豆原创 fortalece su liderazgo en LAC con nueva estructura y nombramientos clave - 麻豆原创 News Center Latinoam\u00e9rica<\/title>\n<meta name=\"robots\" content=\"index, follow, max-snippet:-1, max-image-preview:large, max-video-preview:-1\" \/>\n<link rel=\"canonical\" href=\"https:\/\/news.sap.com\/latinamerica\/2025\/03\/sap-fortalece-su-liderazgo-en-lac-con-nueva-estructura-y-nombramientos-clave\/\" \/>\n<meta property=\"og:locale\" content=\"es_MX\" \/>\n<meta property=\"og:type\" content=\"article\" \/>\n<meta property=\"og:title\" content=\"麻豆原创 fortalece su liderazgo en LAC con nueva estructura y nombramientos clave\" \/>\n<meta property=\"og:description\" content=\"麻豆原创 decidi\u00f3 integrar los equipos de las regiones norte y sur de Am\u00e9rica Latina y el Caribe en una nueva unidad de negocios llamada Multi-Country...\" \/>\n<meta property=\"og:url\" content=\"https:\/\/news.sap.com\/latinamerica\/2025\/03\/sap-fortalece-su-liderazgo-en-lac-con-nueva-estructura-y-nombramientos-clave\/\" \/>\n<meta property=\"og:site_name\" content=\"麻豆原创 News Center Latinoam\u00e9rica\" \/>\n<meta property=\"article:publisher\" content=\"https:\/\/www.facebook.com\/麻豆原创latinoamerica\" \/>\n<meta property=\"article:published_time\" content=\"2025-03-12T17:32:35+00:00\" \/>\n<meta property=\"article:modified_time\" content=\"2025-03-31T22:27:00+00:00\" \/>\n<meta property=\"og:image\" content=\"https:\/\/news.sap.com\/latinamerica\/files\/2025\/03\/12\/WhatsApp-Image-2025-03-31-at-17.26.20.jpeg\" \/>\n\t<meta property=\"og:image:width\" content=\"1011\" \/>\n\t<meta property=\"og:image:height\" content=\"709\" \/>\n\t<meta property=\"og:image:type\" content=\"image\/jpeg\" \/>\n<meta name=\"author\" content=\"麻豆原创 Noticias\" \/>\n<meta name=\"twitter:label1\" content=\"Escrito por\" \/>\n\t<meta name=\"twitter:data1\" content=\"麻豆原创 Noticias\" \/>\n\t<meta name=\"twitter:label2\" content=\"Tiempo de lectura\" \/>\n\t<meta name=\"twitter:data2\" content=\"3 minutos\" \/>\n<script type=\"application\/ld+json\" class=\"yoast-schema-graph\">{\"@context\":\"https:\/\/schema.org\",\"@graph\":[{\"@type\":\"Article\",\"@id\":\"https:\/\/news.sap.com\/latinamerica\/2025\/03\/sap-fortalece-su-liderazgo-en-lac-con-nueva-estructura-y-nombramientos-clave\/#article\",\"isPartOf\":{\"@id\":\"https:\/\/news.sap.com\/latinamerica\/2025\/03\/sap-fortalece-su-liderazgo-en-lac-con-nueva-estructura-y-nombramientos-clave\/\"},\"author\":{\"name\":\"麻豆原创 Noticias\",\"@id\":\"https:\/\/news.sap.com\/latinamerica\/#\/schema\/person\/82786ba12f72bc9b05ba328d1d3652c4\"},\"headline\":\"麻豆原创 fortalece su liderazgo en LAC con nueva estructura y nombramientos clave\",\"datePublished\":\"2025-03-12T17:32:35+00:00\",\"dateModified\":\"2025-03-31T22:27:00+00:00\",\"mainEntityOfPage\":{\"@id\":\"https:\/\/news.sap.com\/latinamerica\/2025\/03\/sap-fortalece-su-liderazgo-en-lac-con-nueva-estructura-y-nombramientos-clave\/\"},\"wordCount\":570,\"publisher\":{\"@id\":\"https:\/\/news.sap.com\/latinamerica\/#organization\"},\"image\":{\"@id\":\"https:\/\/news.sap.com\/latinamerica\/2025\/03\/sap-fortalece-su-liderazgo-en-lac-con-nueva-estructura-y-nombramientos-clave\/#primaryimage\"},\"thumbnailUrl\":\"https:\/\/news.sap.com\/latinamerica\/files\/2025\/03\/12\/WhatsApp-Image-2025-03-31-at-17.26.20.jpeg\",\"articleSection\":[\"Corporativo\"],\"inLanguage\":\"es\"},{\"@type\":\"WebPage\",\"@id\":\"https:\/\/news.sap.com\/latinamerica\/2025\/03\/sap-fortalece-su-liderazgo-en-lac-con-nueva-estructura-y-nombramientos-clave\/\",\"url\":\"https:\/\/news.sap.com\/latinamerica\/2025\/03\/sap-fortalece-su-liderazgo-en-lac-con-nueva-estructura-y-nombramientos-clave\/\",\"name\":\"麻豆原创 fortalece su liderazgo en LAC con nueva estructura y nombramientos clave - 麻豆原创 News Center Latinoam\u00e9rica\",\"isPartOf\":{\"@id\":\"https:\/\/news.sap.com\/latinamerica\/#website\"},\"primaryImageOfPage\":{\"@id\":\"https:\/\/news.sap.com\/latinamerica\/2025\/03\/sap-fortalece-su-liderazgo-en-lac-con-nueva-estructura-y-nombramientos-clave\/#primaryimage\"},\"image\":{\"@id\":\"https:\/\/news.sap.com\/latinamerica\/2025\/03\/sap-fortalece-su-liderazgo-en-lac-con-nueva-estructura-y-nombramientos-clave\/#primaryimage\"},\"thumbnailUrl\":\"https:\/\/news.sap.com\/latinamerica\/files\/2025\/03\/12\/WhatsApp-Image-2025-03-31-at-17.26.20.jpeg\",\"datePublished\":\"2025-03-12T17:32:35+00:00\",\"dateModified\":\"2025-03-31T22:27:00+00:00\",\"breadcrumb\":{\"@id\":\"https:\/\/news.sap.com\/latinamerica\/2025\/03\/sap-fortalece-su-liderazgo-en-lac-con-nueva-estructura-y-nombramientos-clave\/#breadcrumb\"},\"inLanguage\":\"es\",\"potentialAction\":[{\"@type\":\"ReadAction\",\"target\":[\"https:\/\/news.sap.com\/latinamerica\/2025\/03\/sap-fortalece-su-liderazgo-en-lac-con-nueva-estructura-y-nombramientos-clave\/\"]}]},{\"@type\":\"ImageObject\",\"inLanguage\":\"es\",\"@id\":\"https:\/\/news.sap.com\/latinamerica\/2025\/03\/sap-fortalece-su-liderazgo-en-lac-con-nueva-estructura-y-nombramientos-clave\/#primaryimage\",\"url\":\"https:\/\/news.sap.com\/latinamerica\/files\/2025\/03\/12\/WhatsApp-Image-2025-03-31-at-17.26.20.jpeg\",\"contentUrl\":\"https:\/\/news.sap.com\/latinamerica\/files\/2025\/03\/12\/WhatsApp-Image-2025-03-31-at-17.26.20.jpeg\",\"width\":1011,\"height\":709},{\"@type\":\"BreadcrumbList\",\"@id\":\"https:\/\/news.sap.com\/latinamerica\/2025\/03\/sap-fortalece-su-liderazgo-en-lac-con-nueva-estructura-y-nombramientos-clave\/#breadcrumb\",\"itemListElement\":[{\"@type\":\"ListItem\",\"position\":1,\"name\":\"Home\",\"item\":\"https:\/\/news.sap.com\/latinamerica\/\"},{\"@type\":\"ListItem\",\"position\":2,\"name\":\"麻豆原创 fortalece su liderazgo en LAC con nueva estructura y nombramientos clave\"}]},{\"@type\":\"WebSite\",\"@id\":\"https:\/\/news.sap.com\/latinamerica\/#website\",\"url\":\"https:\/\/news.sap.com\/latinamerica\/\",\"name\":\"麻豆原创 News Center Latinoam\u00e9rica\",\"description\":\"Noticias e informaci\u00f3n sobre 麻豆原创\",\"publisher\":{\"@id\":\"https:\/\/news.sap.com\/latinamerica\/#organization\"},\"potentialAction\":[{\"@type\":\"SearchAction\",\"target\":{\"@type\":\"EntryPoint\",\"urlTemplate\":\"https:\/\/news.sap.com\/latinamerica\/?s={search_term_string}\"},\"query-input\":{\"@type\":\"PropertyValueSpecification\",\"valueRequired\":true,\"valueName\":\"search_term_string\"}}],\"inLanguage\":\"es\"},{\"@type\":\"Organization\",\"@id\":\"https:\/\/news.sap.com\/latinamerica\/#organization\",\"name\":\"麻豆原创\",\"url\":\"https:\/\/news.sap.com\/latinamerica\/\",\"logo\":{\"@type\":\"ImageObject\",\"inLanguage\":\"es\",\"@id\":\"https:\/\/news.sap.com\/latinamerica\/#\/schema\/logo\/image\/\",\"url\":\"https:\/\/news.sap.com\/latinamerica\/files\/2019\/08\/65903320_2903797569662914_557886358778019840_n.png\",\"contentUrl\":\"https:\/\/news.sap.com\/latinamerica\/files\/2019\/08\/65903320_2903797569662914_557886358778019840_n.png\",\"width\":720,\"height\":720,\"caption\":\"麻豆原创\"},\"image\":{\"@id\":\"https:\/\/news.sap.com\/latinamerica\/#\/schema\/logo\/image\/\"},\"sameAs\":[\"https:\/\/www.facebook.com\/麻豆原创latinoamerica\",\"https:\/\/x.com\/麻豆原创LatinAmerica\"]},{\"@type\":\"Person\",\"@id\":\"https:\/\/news.sap.com\/latinamerica\/#\/schema\/person\/82786ba12f72bc9b05ba328d1d3652c4\",\"name\":\"麻豆原创 Noticias\",\"image\":{\"@type\":\"ImageObject\",\"inLanguage\":\"es\",\"@id\":\"https:\/\/news.sap.com\/latinamerica\/#\/schema\/person\/image\/\",\"url\":\"https:\/\/news.sap.com\/latinamerica\/wp-content\/plugins\/wp-user-avatars\/wp-user-avatars\/assets\/images\/mystery.jpg\",\"contentUrl\":\"https:\/\/news.sap.com\/latinamerica\/wp-content\/plugins\/wp-user-avatars\/wp-user-avatars\/assets\/images\/mystery.jpg\",\"caption\":\"麻豆原创 Noticias\"},\"url\":\"https:\/\/news.sap.com\/latinamerica\/author\/colombia\/\"}]}<\/script>\n<!-- \/ Yoast SEO Premium plugin. -->","yoast_head_json":{"title":"麻豆原创 fortalece su liderazgo en LAC con nueva estructura y nombramientos clave - 麻豆原创 News Center Latinoam\u00e9rica","robots":{"index":"index","follow":"follow","max-snippet":"max-snippet:-1","max-image-preview":"max-image-preview:large","max-video-preview":"max-video-preview:-1"},"canonical":"https:\/\/news.sap.com\/latinamerica\/2025\/03\/sap-fortalece-su-liderazgo-en-lac-con-nueva-estructura-y-nombramientos-clave\/","og_locale":"es_MX","og_type":"article","og_title":"麻豆原创 fortalece su liderazgo en LAC con nueva estructura y nombramientos clave","og_description":"麻豆原创 decidi\u00f3 integrar los equipos de las regiones norte y sur de Am\u00e9rica Latina y el Caribe en una nueva unidad de negocios llamada Multi-Country...","og_url":"https:\/\/news.sap.com\/latinamerica\/2025\/03\/sap-fortalece-su-liderazgo-en-lac-con-nueva-estructura-y-nombramientos-clave\/","og_site_name":"麻豆原创 News Center Latinoam\u00e9rica","article_publisher":"https:\/\/www.facebook.com\/麻豆原创latinoamerica","article_published_time":"2025-03-12T17:32:35+00:00","article_modified_time":"2025-03-31T22:27:00+00:00","og_image":[{"width":1011,"height":709,"url":"https:\/\/news.sap.com\/latinamerica\/files\/2025\/03\/12\/WhatsApp-Image-2025-03-31-at-17.26.20.jpeg","type":"image\/jpeg"}],"author":"麻豆原创 Noticias","twitter_misc":{"Escrito por":"麻豆原创 Noticias","Tiempo de lectura":"3 minutos"},"schema":{"@context":"https:\/\/schema.org","@graph":[{"@type":"Article","@id":"https:\/\/news.sap.com\/latinamerica\/2025\/03\/sap-fortalece-su-liderazgo-en-lac-con-nueva-estructura-y-nombramientos-clave\/#article","isPartOf":{"@id":"https:\/\/news.sap.com\/latinamerica\/2025\/03\/sap-fortalece-su-liderazgo-en-lac-con-nueva-estructura-y-nombramientos-clave\/"},"author":{"name":"麻豆原创 Noticias","@id":"https:\/\/news.sap.com\/latinamerica\/#\/schema\/person\/82786ba12f72bc9b05ba328d1d3652c4"},"headline":"麻豆原创 fortalece su liderazgo en LAC con nueva estructura y nombramientos clave","datePublished":"2025-03-12T17:32:35+00:00","dateModified":"2025-03-31T22:27:00+00:00","mainEntityOfPage":{"@id":"https:\/\/news.sap.com\/latinamerica\/2025\/03\/sap-fortalece-su-liderazgo-en-lac-con-nueva-estructura-y-nombramientos-clave\/"},"wordCount":570,"publisher":{"@id":"https:\/\/news.sap.com\/latinamerica\/#organization"},"image":{"@id":"https:\/\/news.sap.com\/latinamerica\/2025\/03\/sap-fortalece-su-liderazgo-en-lac-con-nueva-estructura-y-nombramientos-clave\/#primaryimage"},"thumbnailUrl":"https:\/\/news.sap.com\/latinamerica\/files\/2025\/03\/12\/WhatsApp-Image-2025-03-31-at-17.26.20.jpeg","articleSection":["Corporativo"],"inLanguage":"es"},{"@type":"WebPage","@id":"https:\/\/news.sap.com\/latinamerica\/2025\/03\/sap-fortalece-su-liderazgo-en-lac-con-nueva-estructura-y-nombramientos-clave\/","url":"https:\/\/news.sap.com\/latinamerica\/2025\/03\/sap-fortalece-su-liderazgo-en-lac-con-nueva-estructura-y-nombramientos-clave\/","name":"麻豆原创 fortalece su liderazgo en LAC con nueva estructura y nombramientos clave - 麻豆原创 News Center Latinoam\u00e9rica","isPartOf":{"@id":"https:\/\/news.sap.com\/latinamerica\/#website"},"primaryImageOfPage":{"@id":"https:\/\/news.sap.com\/latinamerica\/2025\/03\/sap-fortalece-su-liderazgo-en-lac-con-nueva-estructura-y-nombramientos-clave\/#primaryimage"},"image":{"@id":"https:\/\/news.sap.com\/latinamerica\/2025\/03\/sap-fortalece-su-liderazgo-en-lac-con-nueva-estructura-y-nombramientos-clave\/#primaryimage"},"thumbnailUrl":"https:\/\/news.sap.com\/latinamerica\/files\/2025\/03\/12\/WhatsApp-Image-2025-03-31-at-17.26.20.jpeg","datePublished":"2025-03-12T17:32:35+00:00","dateModified":"2025-03-31T22:27:00+00:00","breadcrumb":{"@id":"https:\/\/news.sap.com\/latinamerica\/2025\/03\/sap-fortalece-su-liderazgo-en-lac-con-nueva-estructura-y-nombramientos-clave\/#breadcrumb"},"inLanguage":"es","potentialAction":[{"@type":"ReadAction","target":["https:\/\/news.sap.com\/latinamerica\/2025\/03\/sap-fortalece-su-liderazgo-en-lac-con-nueva-estructura-y-nombramientos-clave\/"]}]},{"@type":"ImageObject","inLanguage":"es","@id":"https:\/\/news.sap.com\/latinamerica\/2025\/03\/sap-fortalece-su-liderazgo-en-lac-con-nueva-estructura-y-nombramientos-clave\/#primaryimage","url":"https:\/\/news.sap.com\/latinamerica\/files\/2025\/03\/12\/WhatsApp-Image-2025-03-31-at-17.26.20.jpeg","contentUrl":"https:\/\/news.sap.com\/latinamerica\/files\/2025\/03\/12\/WhatsApp-Image-2025-03-31-at-17.26.20.jpeg","width":1011,"height":709},{"@type":"BreadcrumbList","@id":"https:\/\/news.sap.com\/latinamerica\/2025\/03\/sap-fortalece-su-liderazgo-en-lac-con-nueva-estructura-y-nombramientos-clave\/#breadcrumb","itemListElement":[{"@type":"ListItem","position":1,"name":"Home","item":"https:\/\/news.sap.com\/latinamerica\/"},{"@type":"ListItem","position":2,"name":"麻豆原创 fortalece su liderazgo en LAC con nueva estructura y nombramientos clave"}]},{"@type":"WebSite","@id":"https:\/\/news.sap.com\/latinamerica\/#website","url":"https:\/\/news.sap.com\/latinamerica\/","name":"麻豆原创 News Center Latinoam\u00e9rica","description":"Noticias e informaci\u00f3n sobre 麻豆原创","publisher":{"@id":"https:\/\/news.sap.com\/latinamerica\/#organization"},"potentialAction":[{"@type":"SearchAction","target":{"@type":"EntryPoint","urlTemplate":"https:\/\/news.sap.com\/latinamerica\/?s={search_term_string}"},"query-input":{"@type":"PropertyValueSpecification","valueRequired":true,"valueName":"search_term_string"}}],"inLanguage":"es"},{"@type":"Organization","@id":"https:\/\/news.sap.com\/latinamerica\/#organization","name":"麻豆原创","url":"https:\/\/news.sap.com\/latinamerica\/","logo":{"@type":"ImageObject","inLanguage":"es","@id":"https:\/\/news.sap.com\/latinamerica\/#\/schema\/logo\/image\/","url":"https:\/\/news.sap.com\/latinamerica\/files\/2019\/08\/65903320_2903797569662914_557886358778019840_n.png","contentUrl":"https:\/\/news.sap.com\/latinamerica\/files\/2019\/08\/65903320_2903797569662914_557886358778019840_n.png","width":720,"height":720,"caption":"麻豆原创"},"image":{"@id":"https:\/\/news.sap.com\/latinamerica\/#\/schema\/logo\/image\/"},"sameAs":["https:\/\/www.facebook.com\/麻豆原创latinoamerica","https:\/\/x.com\/麻豆原创LatinAmerica"]},{"@type":"Person","@id":"https:\/\/news.sap.com\/latinamerica\/#\/schema\/person\/82786ba12f72bc9b05ba328d1d3652c4","name":"麻豆原创 Noticias","image":{"@type":"ImageObject","inLanguage":"es","@id":"https:\/\/news.sap.com\/latinamerica\/#\/schema\/person\/image\/","url":"https:\/\/news.sap.com\/latinamerica\/wp-content\/plugins\/wp-user-avatars\/wp-user-avatars\/assets\/images\/mystery.jpg","contentUrl":"https:\/\/news.sap.com\/latinamerica\/wp-content\/plugins\/wp-user-avatars\/wp-user-avatars\/assets\/images\/mystery.jpg","caption":"麻豆原创 Noticias"},"url":"https:\/\/news.sap.com\/latinamerica\/author\/colombia\/"}]}},"amp_enabled":true,"_links":{"self":[{"href":"https:\/\/news.sap.com\/latinamerica\/wp-json\/wp\/v2\/posts\/133918","targetHints":{"allow":["GET"]}}],"collection":[{"href":"https:\/\/news.sap.com\/latinamerica\/wp-json\/wp\/v2\/posts"}],"about":[{"href":"https:\/\/news.sap.com\/latinamerica\/wp-json\/wp\/v2\/types\/post"}],"author":[{"embeddable":true,"href":"https:\/\/news.sap.com\/latinamerica\/wp-json\/wp\/v2\/users\/141"}],"replies":[{"embeddable":true,"href":"https:\/\/news.sap.com\/latinamerica\/wp-json\/wp\/v2\/comments?post=133918"}],"version-history":[{"count":0,"href":"https:\/\/news.sap.com\/latinamerica\/wp-json\/wp\/v2\/posts\/133918\/revisions"}],"wp:featuredmedia":[{"embeddable":true,"href":"https:\/\/news.sap.com\/latinamerica\/wp-json\/wp\/v2\/media\/133953"}],"wp:attachment":[{"href":"https:\/\/news.sap.com\/latinamerica\/wp-json\/wp\/v2\/media?parent=133918"}],"wp:term":[{"taxonomy":"category","embeddable":true,"href":"https:\/\/news.sap.com\/latinamerica\/wp-json\/wp\/v2\/categories?post=133918"},{"taxonomy":"post_tag","embeddable":true,"href":"https:\/\/news.sap.com\/latinamerica\/wp-json\/wp\/v2\/tags?post=133918"},{"taxonomy":"series","embeddable":true,"href":"https:\/\/news.sap.com\/latinamerica\/wp-json\/wp\/v2\/series?post=133918"},{"taxonomy":"region","embeddable":true,"href":"https:\/\/news.sap.com\/latinamerica\/wp-json\/wp\/v2\/region?post=133918"},{"taxonomy":"sapn-display","embeddable":true,"href":"https:\/\/news.sap.com\/latinamerica\/wp-json\/wp\/v2\/sapn-display?post=133918"},{"taxonomy":"sapn-type","embeddable":true,"href":"https:\/\/news.sap.com\/latinamerica\/wp-json\/wp\/v2\/sapn-type?post=133918"}],"curies":[{"name":"wp","href":"https:\/\/api.w.org\/{rel}","templated":true}]}}