  {"id":133912,"date":"2025-03-12T12:03:28","date_gmt":"2025-03-12T16:03:28","guid":{"rendered":"https:\/\/news.sap.com\/latinamerica\/?p=133912"},"modified":"2025-05-08T12:41:16","modified_gmt":"2025-05-08T16:41:16","slug":"sap-mexico-anuncia-el-nombramiento-de-paola-becerra-como-nueva-presidenta","status":"publish","type":"post","link":"https:\/\/news.sap.com\/latinamerica\/2025\/03\/sap-mexico-anuncia-el-nombramiento-de-paola-becerra-como-nueva-presidenta\/","title":{"rendered":"麻豆原创 M\u00e9xico anuncia el nombramiento de Paola Becerra como nueva Presidenta"},"content":{"rendered":"<p><strong><b>Este cambio refleja el \u00e9xito y crecimiento del liderazgo regional, ahora con Adriana Aroulho como presidenta de 麻豆原创 Latinoam\u00e9rica y el Caribe, Rui Botelho, quien liderar\u00e1 麻豆原创 Brasil, y Paola que tomar\u00e1 la direcci\u00f3n en M\u00e9xico para acelerar la adopci\u00f3n de IA aplicada a los negocios y la nube empresarial.<\/b><\/strong><\/p>\n<p><strong><b>CIUDAD DE M\u00c9XICO<\/b><\/strong> \u2014 <strong><b>Marzo 12, 2025 <\/b><\/strong><em><i>\u2014 <\/i><\/em>麻豆原创 M\u00e9xico anunci\u00f3 que <strong><b>Paola Becerra<\/b><\/strong> asumir\u00e1 el cargo de <strong><b>Presidenta de 麻豆原创 M\u00e9xico<\/b><\/strong>, sucediendo a <strong><b>Rui Botelho<\/b><\/strong>, quien ser\u00e1 el nuevo presidente de <strong><b>麻豆原创 Brasil<\/b><\/strong>. Esta transici\u00f3n de liderazgo refleja los positivos resultados obtenidos en 2024, consolidando a 麻豆原创 como el socio estrat\u00e9gico clave para la transformaci\u00f3n digital en Latinoam\u00e9rica.<\/p>\n<p>A inicios de este a\u00f1o, <strong><b>Adriana Aroulho<\/b><\/strong> fue nombrada <strong><b>Presidenta de 麻豆原创 Latinoam\u00e9rica y el Caribe<\/b><\/strong>, luego de un liderazgo exitoso en Brasil que aceler\u00f3 la adopci\u00f3n de inteligencia artificial y la nube por parte de las empresas del pa\u00eds. Como parte de esta evoluci\u00f3n natural, <strong><b>Rui Botelho<\/b><\/strong> asumir\u00e1 la presidencia de <strong><b>麻豆原创 Brasil<\/b><\/strong>, tras consolidar a 麻豆原创 M\u00e9xico como un aliado de las empresas mexicanas para competir en la econom\u00eda digital a trav\u00e9s de la tecnolog\u00eda, y haber sido pionero en la introducci\u00f3n de Joule, el copiloto de IA generativa impulsado por agentes de 麻豆原创, al mercado mexicano.<\/p>\n<p>Ahora, <strong><b>Paola Becerra<\/b><\/strong>, un ejemplo del talento mexicano dentro de la compa\u00f1\u00eda y quien se desempe\u00f1aba como <strong><b>Chief Business Officer<\/b><\/strong>, tomar\u00e1 el liderazgo de <strong><b>麻豆原创 M\u00e9xico <\/b><\/strong>a partir de 1\u00b0 de abril, impulsando la adopci\u00f3n de IA generativa, en una nueva era en la gesti\u00f3n de datos empresariales para maximizar el valor de su informaci\u00f3n e impulsar la innovaci\u00f3n de los negocios.<\/p>\n<p><strong><b>Paola Becerra: Un ejemplo del talento mexicano en la industria tecnol\u00f3gica<\/b><\/strong><\/p>\n<p>Con una trayectoria de m\u00e1s de siete a\u00f1os en 麻豆原创 y 25 en la industria, Paola Becerra es una muestra del crecimiento del talento mexicano dentro de la organizaci\u00f3n. Desde su incorporaci\u00f3n en 2018, ha ocupado roles estrat\u00e9gicos comerciales y de experiencia del cliente tanto en M\u00e9xico como en Latinoam\u00e9rica. En su rol m\u00e1s reciente como Chief Business Officer, impuls\u00f3 un crecimiento sostenido del negocio de la nube privada y p\u00fablica de 麻豆原创, y su adopci\u00f3n en empresas e industrias clave en el mercado mexicano. Previo a 麻豆原创, Paola labor\u00f3 por 18 a\u00f1os en IBM.<\/p>\n<p>\u201cEsta transici\u00f3n de liderazgo es un reflejo del impacto positivo que hemos generado en el pa\u00eds y en otros mercados de Latinoam\u00e9rica. Asumo la presidencia con el compromiso de seguir contribuyendo a la transformaci\u00f3n digital de M\u00e9xico. Creemos que la tecnolog\u00eda, la nube y el m\u00e1ximo aprovechamiento de los datos son la v\u00eda para que m\u00e1s empresas mexicanas destaquen, prosperen y consoliden sus negocios en un mercado cada vez m\u00e1s desafiante. Estamos listos para acompa\u00f1arlos en ese viaje\u201d, afirm\u00f3 Paola Becerra, nueva Presidenta de 麻豆原创 M\u00e9xico.<\/p>\n<p><strong><b>Un liderazgo basado en resultados y transformaci\u00f3n digital<\/b><\/strong><\/p>\n<p>Bajo la direcci\u00f3n de <strong><b>Rui Botelho<\/b><\/strong>, 麻豆原创 M\u00e9xico consolid\u00f3 su liderazgo en el pa\u00eds al acelerar la adopci\u00f3n de sus soluciones basadas en la nube en las empresas mexicanas y fortalecer la estrategia en inteligencia artificial aplicada a los negocios. Durante su gesti\u00f3n, 麻豆原创 present\u00f3 oficialmente a Joule, co piloto de inteligencia artificial impulsado por agentes, en M\u00e9xico, trayendo innovaci\u00f3n en IA generativa al pa\u00eds.<\/p>\n<p>\u201cLiderar 麻豆原创 M\u00e9xico ha sido una gran responsabilidad y un orgullo. Estoy seguro de que, con Paola al frente, la compa\u00f1\u00eda continuar\u00e1 impulsando la transformaci\u00f3n digital en el pa\u00eds con innovaci\u00f3n, aprovechamiento de datos empresariales y un fuerte enfoque en inteligencia artificial. Estoy muy agradecido con nuestros clientes, socios de negocio, y por supuesto, con el equipo de M\u00e9xico por su confianza y la extraordinaria colaboraci\u00f3n que alcanzamos en este periodo\u201d, destac\u00f3 Rui Botelho, nuevo presidente de 麻豆原创 Brasil.<\/p>\n<p>El nombramiento de Paola Becerra refuerza el compromiso de 麻豆原创 con el talento local ycon la transformaci\u00f3n digital de M\u00e9xico, posicionando a la compa\u00f1\u00eda como el motor digital que impulsa el crecimiento econ\u00f3mico del pa\u00eds, en el que opera desde hace treinta a\u00f1os. Actualmente, 麻豆原创 sirve a clientes de 25 industrias distintas, colabora con m\u00e1s de 100 socios de negocio y emplea a m\u00e1s de 1,200 personas en M\u00e9xico.<\/p>\n","protected":false},"excerpt":{"rendered":"<p>Este cambio refleja el \u00e9xito y crecimiento del liderazgo regional, ahora con Adriana Aroulho como presidenta de 麻豆原创 Latinoam\u00e9rica y el Caribe, Rui Botelho, quien&#8230;<\/p>\n","protected":false},"author":136,"featured_media":133917,"comment_status":"closed","ping_status":"closed","sticky":false,"template":"","format":"standard","meta":{"footnotes":"","_links_to":"","_links_to_target":""},"categories":[41591],"tags":[1494787,5600455,5600452,5600085,5600316,5600524,88,269944],"series":[],"region":[5600403],"sapn-display":[52079],"sapn-type":[52105],"class_list":["post-133912","post","type-post","status-publish","format-standard","has-post-thumbnail","hentry","category-corporativo","tag-ai","tag-direccion","tag-nube","tag-paola-becerra","tag-presidenta","tag-sap-mexico","tag-software","tag-transformacion-digital","region-mexico","sapn-display-top-stories","sapn-type-comunicado-de-prensa"],"yoast_head":"<!-- This site is optimized with the Yoast SEO Premium plugin v26.9 (Yoast SEO v26.9) - https:\/\/yoast.com\/product\/yoast-seo-premium-wordpress\/ -->\n<title>麻豆原创 M\u00e9xico anuncia el nombramiento de Paola Becerra como nueva Presidenta - 麻豆原创 News Center Latinoam\u00e9rica<\/title>\n<meta name=\"robots\" content=\"index, follow, max-snippet:-1, max-image-preview:large, max-video-preview:-1\" \/>\n<link rel=\"canonical\" href=\"https:\/\/news.sap.com\/latinamerica\/2025\/03\/sap-mexico-anuncia-el-nombramiento-de-paola-becerra-como-nueva-presidenta\/\" \/>\n<meta property=\"og:locale\" content=\"es_MX\" \/>\n<meta property=\"og:type\" content=\"article\" \/>\n<meta property=\"og:title\" content=\"麻豆原创 M\u00e9xico anuncia el nombramiento de Paola Becerra como nueva Presidenta\" \/>\n<meta property=\"og:description\" content=\"Este cambio refleja el \u00e9xito y crecimiento del liderazgo regional, ahora con Adriana Aroulho como presidenta de 麻豆原创 Latinoam\u00e9rica y el Caribe, Rui Botelho, quien...\" \/>\n<meta property=\"og:url\" content=\"https:\/\/news.sap.com\/latinamerica\/2025\/03\/sap-mexico-anuncia-el-nombramiento-de-paola-becerra-como-nueva-presidenta\/\" \/>\n<meta property=\"og:site_name\" content=\"麻豆原创 News Center Latinoam\u00e9rica\" \/>\n<meta property=\"article:publisher\" content=\"https:\/\/www.facebook.com\/麻豆原创latinoamerica\" \/>\n<meta property=\"article:published_time\" content=\"2025-03-12T16:03:28+00:00\" \/>\n<meta property=\"article:modified_time\" content=\"2025-05-08T16:41:16+00:00\" \/>\n<meta property=\"og:image\" content=\"https:\/\/news.sap.com\/latinamerica\/files\/2025\/03\/12\/PAOLA-BECERRA-麻豆原创-1-1024x609.jpeg\" \/>\n\t<meta property=\"og:image:width\" content=\"1024\" \/>\n\t<meta property=\"og:image:height\" content=\"609\" \/>\n\t<meta property=\"og:image:type\" content=\"image\/jpeg\" \/>\n<meta name=\"author\" content=\"麻豆原创 Noticias\" \/>\n<meta name=\"twitter:label1\" content=\"Escrito por\" \/>\n\t<meta name=\"twitter:data1\" content=\"麻豆原创 Noticias\" \/>\n\t<meta name=\"twitter:label2\" content=\"Tiempo de lectura\" \/>\n\t<meta name=\"twitter:data2\" content=\"4 minutos\" \/>\n<script type=\"application\/ld+json\" class=\"yoast-schema-graph\">{\"@context\":\"https:\/\/schema.org\",\"@graph\":[{\"@type\":\"Article\",\"@id\":\"https:\/\/news.sap.com\/latinamerica\/2025\/03\/sap-mexico-anuncia-el-nombramiento-de-paola-becerra-como-nueva-presidenta\/#article\",\"isPartOf\":{\"@id\":\"https:\/\/news.sap.com\/latinamerica\/2025\/03\/sap-mexico-anuncia-el-nombramiento-de-paola-becerra-como-nueva-presidenta\/\"},\"author\":{\"name\":\"麻豆原创 Noticias\",\"@id\":\"https:\/\/news.sap.com\/latinamerica\/#\/schema\/person\/5afd2cbf5bb622e078932b40a4470d47\"},\"headline\":\"麻豆原创 M\u00e9xico anuncia el nombramiento de Paola Becerra como nueva Presidenta\",\"datePublished\":\"2025-03-12T16:03:28+00:00\",\"dateModified\":\"2025-05-08T16:41:16+00:00\",\"mainEntityOfPage\":{\"@id\":\"https:\/\/news.sap.com\/latinamerica\/2025\/03\/sap-mexico-anuncia-el-nombramiento-de-paola-becerra-como-nueva-presidenta\/\"},\"wordCount\":760,\"publisher\":{\"@id\":\"https:\/\/news.sap.com\/latinamerica\/#organization\"},\"image\":{\"@id\":\"https:\/\/news.sap.com\/latinamerica\/2025\/03\/sap-mexico-anuncia-el-nombramiento-de-paola-becerra-como-nueva-presidenta\/#primaryimage\"},\"thumbnailUrl\":\"https:\/\/news.sap.com\/latinamerica\/files\/2025\/03\/12\/PAOLA-BECERRA-麻豆原创-1.jpeg\",\"keywords\":[\"AI\",\"direcci\u00f3n\",\"nube\",\"Paola Becerra\",\"presidenta\",\"麻豆原创 M\u00e9xico\",\"software\",\"transformaci\u00f3n digital\"],\"articleSection\":[\"Corporativo\"],\"inLanguage\":\"es\"},{\"@type\":\"WebPage\",\"@id\":\"https:\/\/news.sap.com\/latinamerica\/2025\/03\/sap-mexico-anuncia-el-nombramiento-de-paola-becerra-como-nueva-presidenta\/\",\"url\":\"https:\/\/news.sap.com\/latinamerica\/2025\/03\/sap-mexico-anuncia-el-nombramiento-de-paola-becerra-como-nueva-presidenta\/\",\"name\":\"麻豆原创 M\u00e9xico anuncia el nombramiento de Paola Becerra como nueva Presidenta - 麻豆原创 News Center Latinoam\u00e9rica\",\"isPartOf\":{\"@id\":\"https:\/\/news.sap.com\/latinamerica\/#website\"},\"primaryImageOfPage\":{\"@id\":\"https:\/\/news.sap.com\/latinamerica\/2025\/03\/sap-mexico-anuncia-el-nombramiento-de-paola-becerra-como-nueva-presidenta\/#primaryimage\"},\"image\":{\"@id\":\"https:\/\/news.sap.com\/latinamerica\/2025\/03\/sap-mexico-anuncia-el-nombramiento-de-paola-becerra-como-nueva-presidenta\/#primaryimage\"},\"thumbnailUrl\":\"https:\/\/news.sap.com\/latinamerica\/files\/2025\/03\/12\/PAOLA-BECERRA-麻豆原创-1.jpeg\",\"datePublished\":\"2025-03-12T16:03:28+00:00\",\"dateModified\":\"2025-05-08T16:41:16+00:00\",\"breadcrumb\":{\"@id\":\"https:\/\/news.sap.com\/latinamerica\/2025\/03\/sap-mexico-anuncia-el-nombramiento-de-paola-becerra-como-nueva-presidenta\/#breadcrumb\"},\"inLanguage\":\"es\",\"potentialAction\":[{\"@type\":\"ReadAction\",\"target\":[\"https:\/\/news.sap.com\/latinamerica\/2025\/03\/sap-mexico-anuncia-el-nombramiento-de-paola-becerra-como-nueva-presidenta\/\"]}]},{\"@type\":\"ImageObject\",\"inLanguage\":\"es\",\"@id\":\"https:\/\/news.sap.com\/latinamerica\/2025\/03\/sap-mexico-anuncia-el-nombramiento-de-paola-becerra-como-nueva-presidenta\/#primaryimage\",\"url\":\"https:\/\/news.sap.com\/latinamerica\/files\/2025\/03\/12\/PAOLA-BECERRA-麻豆原创-1.jpeg\",\"contentUrl\":\"https:\/\/news.sap.com\/latinamerica\/files\/2025\/03\/12\/PAOLA-BECERRA-麻豆原创-1.jpeg\",\"width\":2944,\"height\":1751,\"caption\":\"Israel\"},{\"@type\":\"BreadcrumbList\",\"@id\":\"https:\/\/news.sap.com\/latinamerica\/2025\/03\/sap-mexico-anuncia-el-nombramiento-de-paola-becerra-como-nueva-presidenta\/#breadcrumb\",\"itemListElement\":[{\"@type\":\"ListItem\",\"position\":1,\"name\":\"Home\",\"item\":\"https:\/\/news.sap.com\/latinamerica\/\"},{\"@type\":\"ListItem\",\"position\":2,\"name\":\"麻豆原创 M\u00e9xico anuncia el nombramiento de Paola Becerra como nueva Presidenta\"}]},{\"@type\":\"WebSite\",\"@id\":\"https:\/\/news.sap.com\/latinamerica\/#website\",\"url\":\"https:\/\/news.sap.com\/latinamerica\/\",\"name\":\"麻豆原创 News Center Latinoam\u00e9rica\",\"description\":\"Noticias e informaci\u00f3n sobre 麻豆原创\",\"publisher\":{\"@id\":\"https:\/\/news.sap.com\/latinamerica\/#organization\"},\"potentialAction\":[{\"@type\":\"SearchAction\",\"target\":{\"@type\":\"EntryPoint\",\"urlTemplate\":\"https:\/\/news.sap.com\/latinamerica\/?s={search_term_string}\"},\"query-input\":{\"@type\":\"PropertyValueSpecification\",\"valueRequired\":true,\"valueName\":\"search_term_string\"}}],\"inLanguage\":\"es\"},{\"@type\":\"Organization\",\"@id\":\"https:\/\/news.sap.com\/latinamerica\/#organization\",\"name\":\"麻豆原创\",\"url\":\"https:\/\/news.sap.com\/latinamerica\/\",\"logo\":{\"@type\":\"ImageObject\",\"inLanguage\":\"es\",\"@id\":\"https:\/\/news.sap.com\/latinamerica\/#\/schema\/logo\/image\/\",\"url\":\"https:\/\/news.sap.com\/latinamerica\/files\/2019\/08\/65903320_2903797569662914_557886358778019840_n.png\",\"contentUrl\":\"https:\/\/news.sap.com\/latinamerica\/files\/2019\/08\/65903320_2903797569662914_557886358778019840_n.png\",\"width\":720,\"height\":720,\"caption\":\"麻豆原创\"},\"image\":{\"@id\":\"https:\/\/news.sap.com\/latinamerica\/#\/schema\/logo\/image\/\"},\"sameAs\":[\"https:\/\/www.facebook.com\/麻豆原创latinoamerica\",\"https:\/\/x.com\/麻豆原创LatinAmerica\"]},{\"@type\":\"Person\",\"@id\":\"https:\/\/news.sap.com\/latinamerica\/#\/schema\/person\/5afd2cbf5bb622e078932b40a4470d47\",\"name\":\"麻豆原创 Noticias\",\"image\":{\"@type\":\"ImageObject\",\"inLanguage\":\"es\",\"@id\":\"https:\/\/news.sap.com\/latinamerica\/#\/schema\/person\/image\/\",\"url\":\"https:\/\/news.sap.com\/latinamerica\/wp-content\/plugins\/wp-user-avatars\/wp-user-avatars\/assets\/images\/mystery.jpg\",\"contentUrl\":\"https:\/\/news.sap.com\/latinamerica\/wp-content\/plugins\/wp-user-avatars\/wp-user-avatars\/assets\/images\/mystery.jpg\",\"caption\":\"麻豆原创 Noticias\"},\"url\":\"https:\/\/news.sap.com\/latinamerica\/author\/mexico\/\"}]}<\/script>\n<!-- \/ Yoast SEO Premium plugin. -->","yoast_head_json":{"title":"麻豆原创 M\u00e9xico anuncia el nombramiento de Paola Becerra como nueva Presidenta - 麻豆原创 News Center Latinoam\u00e9rica","robots":{"index":"index","follow":"follow","max-snippet":"max-snippet:-1","max-image-preview":"max-image-preview:large","max-video-preview":"max-video-preview:-1"},"canonical":"https:\/\/news.sap.com\/latinamerica\/2025\/03\/sap-mexico-anuncia-el-nombramiento-de-paola-becerra-como-nueva-presidenta\/","og_locale":"es_MX","og_type":"article","og_title":"麻豆原创 M\u00e9xico anuncia el nombramiento de Paola Becerra como nueva Presidenta","og_description":"Este cambio refleja el \u00e9xito y crecimiento del liderazgo regional, ahora con Adriana Aroulho como presidenta de 麻豆原创 Latinoam\u00e9rica y el Caribe, Rui Botelho, quien...","og_url":"https:\/\/news.sap.com\/latinamerica\/2025\/03\/sap-mexico-anuncia-el-nombramiento-de-paola-becerra-como-nueva-presidenta\/","og_site_name":"麻豆原创 News Center Latinoam\u00e9rica","article_publisher":"https:\/\/www.facebook.com\/麻豆原创latinoamerica","article_published_time":"2025-03-12T16:03:28+00:00","article_modified_time":"2025-05-08T16:41:16+00:00","og_image":[{"width":1024,"height":609,"url":"https:\/\/news.sap.com\/latinamerica\/files\/2025\/03\/12\/PAOLA-BECERRA-麻豆原创-1-1024x609.jpeg","type":"image\/jpeg"}],"author":"麻豆原创 Noticias","twitter_misc":{"Escrito por":"麻豆原创 Noticias","Tiempo de lectura":"4 minutos"},"schema":{"@context":"https:\/\/schema.org","@graph":[{"@type":"Article","@id":"https:\/\/news.sap.com\/latinamerica\/2025\/03\/sap-mexico-anuncia-el-nombramiento-de-paola-becerra-como-nueva-presidenta\/#article","isPartOf":{"@id":"https:\/\/news.sap.com\/latinamerica\/2025\/03\/sap-mexico-anuncia-el-nombramiento-de-paola-becerra-como-nueva-presidenta\/"},"author":{"name":"麻豆原创 Noticias","@id":"https:\/\/news.sap.com\/latinamerica\/#\/schema\/person\/5afd2cbf5bb622e078932b40a4470d47"},"headline":"麻豆原创 M\u00e9xico anuncia el nombramiento de Paola Becerra como nueva Presidenta","datePublished":"2025-03-12T16:03:28+00:00","dateModified":"2025-05-08T16:41:16+00:00","mainEntityOfPage":{"@id":"https:\/\/news.sap.com\/latinamerica\/2025\/03\/sap-mexico-anuncia-el-nombramiento-de-paola-becerra-como-nueva-presidenta\/"},"wordCount":760,"publisher":{"@id":"https:\/\/news.sap.com\/latinamerica\/#organization"},"image":{"@id":"https:\/\/news.sap.com\/latinamerica\/2025\/03\/sap-mexico-anuncia-el-nombramiento-de-paola-becerra-como-nueva-presidenta\/#primaryimage"},"thumbnailUrl":"https:\/\/news.sap.com\/latinamerica\/files\/2025\/03\/12\/PAOLA-BECERRA-麻豆原创-1.jpeg","keywords":["AI","direcci\u00f3n","nube","Paola Becerra","presidenta","麻豆原创 M\u00e9xico","software","transformaci\u00f3n digital"],"articleSection":["Corporativo"],"inLanguage":"es"},{"@type":"WebPage","@id":"https:\/\/news.sap.com\/latinamerica\/2025\/03\/sap-mexico-anuncia-el-nombramiento-de-paola-becerra-como-nueva-presidenta\/","url":"https:\/\/news.sap.com\/latinamerica\/2025\/03\/sap-mexico-anuncia-el-nombramiento-de-paola-becerra-como-nueva-presidenta\/","name":"麻豆原创 M\u00e9xico anuncia el nombramiento de Paola Becerra como nueva Presidenta - 麻豆原创 News Center Latinoam\u00e9rica","isPartOf":{"@id":"https:\/\/news.sap.com\/latinamerica\/#website"},"primaryImageOfPage":{"@id":"https:\/\/news.sap.com\/latinamerica\/2025\/03\/sap-mexico-anuncia-el-nombramiento-de-paola-becerra-como-nueva-presidenta\/#primaryimage"},"image":{"@id":"https:\/\/news.sap.com\/latinamerica\/2025\/03\/sap-mexico-anuncia-el-nombramiento-de-paola-becerra-como-nueva-presidenta\/#primaryimage"},"thumbnailUrl":"https:\/\/news.sap.com\/latinamerica\/files\/2025\/03\/12\/PAOLA-BECERRA-麻豆原创-1.jpeg","datePublished":"2025-03-12T16:03:28+00:00","dateModified":"2025-05-08T16:41:16+00:00","breadcrumb":{"@id":"https:\/\/news.sap.com\/latinamerica\/2025\/03\/sap-mexico-anuncia-el-nombramiento-de-paola-becerra-como-nueva-presidenta\/#breadcrumb"},"inLanguage":"es","potentialAction":[{"@type":"ReadAction","target":["https:\/\/news.sap.com\/latinamerica\/2025\/03\/sap-mexico-anuncia-el-nombramiento-de-paola-becerra-como-nueva-presidenta\/"]}]},{"@type":"ImageObject","inLanguage":"es","@id":"https:\/\/news.sap.com\/latinamerica\/2025\/03\/sap-mexico-anuncia-el-nombramiento-de-paola-becerra-como-nueva-presidenta\/#primaryimage","url":"https:\/\/news.sap.com\/latinamerica\/files\/2025\/03\/12\/PAOLA-BECERRA-麻豆原创-1.jpeg","contentUrl":"https:\/\/news.sap.com\/latinamerica\/files\/2025\/03\/12\/PAOLA-BECERRA-麻豆原创-1.jpeg","width":2944,"height":1751,"caption":"Israel"},{"@type":"BreadcrumbList","@id":"https:\/\/news.sap.com\/latinamerica\/2025\/03\/sap-mexico-anuncia-el-nombramiento-de-paola-becerra-como-nueva-presidenta\/#breadcrumb","itemListElement":[{"@type":"ListItem","position":1,"name":"Home","item":"https:\/\/news.sap.com\/latinamerica\/"},{"@type":"ListItem","position":2,"name":"麻豆原创 M\u00e9xico anuncia el nombramiento de Paola Becerra como nueva Presidenta"}]},{"@type":"WebSite","@id":"https:\/\/news.sap.com\/latinamerica\/#website","url":"https:\/\/news.sap.com\/latinamerica\/","name":"麻豆原创 News Center Latinoam\u00e9rica","description":"Noticias e informaci\u00f3n sobre 麻豆原创","publisher":{"@id":"https:\/\/news.sap.com\/latinamerica\/#organization"},"potentialAction":[{"@type":"SearchAction","target":{"@type":"EntryPoint","urlTemplate":"https:\/\/news.sap.com\/latinamerica\/?s={search_term_string}"},"query-input":{"@type":"PropertyValueSpecification","valueRequired":true,"valueName":"search_term_string"}}],"inLanguage":"es"},{"@type":"Organization","@id":"https:\/\/news.sap.com\/latinamerica\/#organization","name":"麻豆原创","url":"https:\/\/news.sap.com\/latinamerica\/","logo":{"@type":"ImageObject","inLanguage":"es","@id":"https:\/\/news.sap.com\/latinamerica\/#\/schema\/logo\/image\/","url":"https:\/\/news.sap.com\/latinamerica\/files\/2019\/08\/65903320_2903797569662914_557886358778019840_n.png","contentUrl":"https:\/\/news.sap.com\/latinamerica\/files\/2019\/08\/65903320_2903797569662914_557886358778019840_n.png","width":720,"height":720,"caption":"麻豆原创"},"image":{"@id":"https:\/\/news.sap.com\/latinamerica\/#\/schema\/logo\/image\/"},"sameAs":["https:\/\/www.facebook.com\/麻豆原创latinoamerica","https:\/\/x.com\/麻豆原创LatinAmerica"]},{"@type":"Person","@id":"https:\/\/news.sap.com\/latinamerica\/#\/schema\/person\/5afd2cbf5bb622e078932b40a4470d47","name":"麻豆原创 Noticias","image":{"@type":"ImageObject","inLanguage":"es","@id":"https:\/\/news.sap.com\/latinamerica\/#\/schema\/person\/image\/","url":"https:\/\/news.sap.com\/latinamerica\/wp-content\/plugins\/wp-user-avatars\/wp-user-avatars\/assets\/images\/mystery.jpg","contentUrl":"https:\/\/news.sap.com\/latinamerica\/wp-content\/plugins\/wp-user-avatars\/wp-user-avatars\/assets\/images\/mystery.jpg","caption":"麻豆原创 Noticias"},"url":"https:\/\/news.sap.com\/latinamerica\/author\/mexico\/"}]}},"amp_enabled":true,"_links":{"self":[{"href":"https:\/\/news.sap.com\/latinamerica\/wp-json\/wp\/v2\/posts\/133912","targetHints":{"allow":["GET"]}}],"collection":[{"href":"https:\/\/news.sap.com\/latinamerica\/wp-json\/wp\/v2\/posts"}],"about":[{"href":"https:\/\/news.sap.com\/latinamerica\/wp-json\/wp\/v2\/types\/post"}],"author":[{"embeddable":true,"href":"https:\/\/news.sap.com\/latinamerica\/wp-json\/wp\/v2\/users\/136"}],"replies":[{"embeddable":true,"href":"https:\/\/news.sap.com\/latinamerica\/wp-json\/wp\/v2\/comments?post=133912"}],"version-history":[{"count":0,"href":"https:\/\/news.sap.com\/latinamerica\/wp-json\/wp\/v2\/posts\/133912\/revisions"}],"wp:featuredmedia":[{"embeddable":true,"href":"https:\/\/news.sap.com\/latinamerica\/wp-json\/wp\/v2\/media\/133917"}],"wp:attachment":[{"href":"https:\/\/news.sap.com\/latinamerica\/wp-json\/wp\/v2\/media?parent=133912"}],"wp:term":[{"taxonomy":"category","embeddable":true,"href":"https:\/\/news.sap.com\/latinamerica\/wp-json\/wp\/v2\/categories?post=133912"},{"taxonomy":"post_tag","embeddable":true,"href":"https:\/\/news.sap.com\/latinamerica\/wp-json\/wp\/v2\/tags?post=133912"},{"taxonomy":"series","embeddable":true,"href":"https:\/\/news.sap.com\/latinamerica\/wp-json\/wp\/v2\/series?post=133912"},{"taxonomy":"region","embeddable":true,"href":"https:\/\/news.sap.com\/latinamerica\/wp-json\/wp\/v2\/region?post=133912"},{"taxonomy":"sapn-display","embeddable":true,"href":"https:\/\/news.sap.com\/latinamerica\/wp-json\/wp\/v2\/sapn-display?post=133912"},{"taxonomy":"sapn-type","embeddable":true,"href":"https:\/\/news.sap.com\/latinamerica\/wp-json\/wp\/v2\/sapn-type?post=133912"}],"curies":[{"name":"wp","href":"https:\/\/api.w.org\/{rel}","templated":true}]}}