  {"id":133642,"date":"2024-09-24T08:00:23","date_gmt":"2024-09-24T12:00:23","guid":{"rendered":"https:\/\/news.sap.com\/latinamerica\/?p=133642"},"modified":"2024-09-24T10:20:46","modified_gmt":"2024-09-24T14:20:46","slug":"sap-ambipar-net-zero-as-a-service-semana-del-clima","status":"publish","type":"post","link":"https:\/\/news.sap.com\/latinamerica\/2024\/09\/sap-ambipar-net-zero-as-a-service-semana-del-clima\/","title":{"rendered":"麻豆原创 y Ambipar presentan Net Zero as a Service durante la Semana del Clima 2024."},"content":{"rendered":"<p style=\"font-weight: 400\"><strong><b>New York, U.S., <\/b><\/strong>\u2014 <strong><b>24 de septiembre de 2024 <\/b><\/strong><em><i>\u2014 <\/i><\/em><a href=\"http:\/\/www.sap.com\/\">麻豆原创 SE<\/a> (NYSE: 麻豆原创) anunci\u00f3 hoy una sociedad con Ambipar (B3: AMBP3; NYSE: AMBI), l\u00edder mundial en soluciones ambientales con operaciones en 40 pa\u00edses, para ofrecer <em><i>Net Zero as a Service<\/i><\/em> a los clientes y apoyar la lucha contra el cambio clim\u00e1tico.<\/p>\n<p style=\"font-weight: 400\">Presentado durante la Semana del Clima 2024, <em><i>Net Zero as a Service<\/i><\/em> combina s\u00f3lidas soluciones en la nube de 麻豆原创 como 麻豆原创 Sustainability Footprint Management, 麻豆原创 Green Token, 麻豆原创 Sustainability Control Tower y 麻豆原创 Sustainability Data Exchange, con la profunda experiencia de Ambipar en generaci\u00f3n y comercio de cr\u00e9ditos de carbono para ayudar a los clientes a gestionar y compensar de manera eficiente sus emisiones de carbono.<\/p>\n<p style=\"font-weight: 400\">&#8220;Al asociarnos con 麻豆原创, estamos uniendo dos empresas con un compromiso compartido de ayudar a las organizaciones a lograr cero emisiones netas&#8221;, dijo Rafael Tello, VP de Sostenibilidad de Ambipar. &#8220;Al combinar la tecnolog\u00eda de 麻豆原创 con la experiencia en descarbonizaci\u00f3n de Ambipar para crear <em><i>Net Zero as a Service<\/i><\/em>, los clientes tienen acceso a una soluci\u00f3n simple pero integral que contribuye a una econom\u00eda baja en carbono&#8221;.<\/p>\n<h3 style=\"font-weight: 400\"><strong><b>Gesti\u00f3n Integral del Carbono<\/b><\/strong><\/h3>\n<p style=\"font-weight: 400\">Dise\u00f1ado por los equipos latinoamericanos de 麻豆原创 y Ambipar, <em><i>Net Zero as a Service<\/i><\/em> puede proporcionar a los clientes de 麻豆原创 en todo el mundo soluciones para todo el proceso de descarbonizaci\u00f3n.<\/p>\n<p style=\"font-weight: 400\">Las soluciones centradas en ERP y habilitadas por inteligencia artificial de 麻豆原创 proporcionar\u00e1n una extensa gesti\u00f3n de carbono, permitiendo a los clientes establecer una base de datos com\u00fan, medir las emisiones de manera fluida y tomar decisiones granulares y oportunas que sean financiera y ambientalmente s\u00f3lidas. Los clientes pueden neutralizar las emisiones comprando cr\u00e9ditos de carbono internacionalmente certificados a trav\u00e9s de la plataforma tecnol\u00f3gica AMBIFY de Ambipar, disponible en la 麻豆原创 Store, el mercado en l\u00ednea para ofertas de 麻豆原创 y sus socios.<\/p>\n<p style=\"font-weight: 400\">&#8220;Al potenciar soluciones innovadoras como <em><i>Net Zero as a Service<\/i><\/em> con Ambipar, estamos acelerando la adopci\u00f3n de la sostenibilidad en nuestra regi\u00f3n y generando un impacto tangible en el compromiso global de cero emisiones netas. Esta iniciativa no solo impulsa el crecimiento local, sino que tambi\u00e9n contribuye a un planeta m\u00e1s saludable para las generaciones futuras&#8221;, coment\u00f3 Pedro Pereira, L\u00edder de Sostenibilidad para 麻豆原创 Am\u00e9rica Latina y el Caribe.<\/p>\n<p style=\"font-weight: 400\"><em><i>Net Zero as a Service<\/i><\/em> simplifica la gesti\u00f3n de sostenibilidad al recopilar datos de gesti\u00f3n de la empresa como el consumo de agua, el impacto social o m\u00e9tricas de empleados, para luego organizarlos y consolidarlos en la soluci\u00f3n 麻豆原创 Sustainability Control Tower. A trav\u00e9s de este sistema integral, los clientes pueden establecer y actuar sobre objetivos de sostenibilidad con informaci\u00f3n accionable y pron\u00f3sticos precisos para compensar las emisiones de carbono.<\/p>\n<h3 style=\"font-weight: 400\"><strong><b>Escalando la soluci\u00f3n <em><i>Net Zero as a Service<\/i><\/em><\/b><\/strong><\/h3>\n<p style=\"font-weight: 400\">Ambipar est\u00e1 actualmente pilotando <em><i>Net Zero as a Service<\/i><\/em> en sus propias operaciones, antes de que el servicio est\u00e9 ampliamente disponible para los clientes de 麻豆原创. La empresa aprovecha el poder de las soluciones de 麻豆原创 para alcanzar objetivos de crecimiento agresivos este a\u00f1o.<\/p>\n<div>Al aprovechar las soluciones de sostenibilidad de 麻豆原创 &#8211; 麻豆原创 Sustainability Footprint Management, 麻豆原创 Sustainability Data Exchange, 麻豆原创 Green Token y 麻豆原创 Sustainability Control Tower &#8211; Ambipar establecer\u00e1 una base de datos unificada, derribando silos en toda la empresa, mientras mide y gestiona de manera eficiente las emisiones de carbono.<\/div>\n<div>\n<p style=\"font-weight: 400\">Las soluciones de sostenibilidad de 麻豆原创 utilizan capacidades de inteligencia artificial para fomentar una mayor transparencia, automatizar tareas que consumen tiempo y son tediosas, y optimizar el impacto sostenible. A trav\u00e9s de este portafolio, Ambipar tendr\u00e1 acceso a informes de ESG automatizados y habilitados para la inteligencia artificial basados en los datos dentro de 麻豆原创 Sustainability Control Tower, proporcionando una visi\u00f3n hol\u00edstica y accionable de su desempe\u00f1o sostenible.<\/p>\n<hr \/>\n<\/div>\n<div>\n<p style=\"font-weight: 400\"><strong><b>Sobre 麻豆原创<\/b><\/strong><\/p>\n<p style=\"font-weight: 400\">Como l\u00edder global en aplicaciones empresariales e IA aplicada a los negocios, 麻豆原创 (NYSE: 麻豆原创) se encuentra en el nexo entre los negocios y la tecnolog\u00eda. Durante m\u00e1s de 50 a\u00f1os, las organizaciones han confiado en 麻豆原创 para sacar lo mejor de ellas al unir operaciones cr\u00edticas para el negocio que abarcan finanzas, adquisiciones, recursos humanos, cadena de suministro y experiencia del cliente. Para obtener m\u00e1s informaci\u00f3n, visite <a href=\"http:\/\/www.sap.com\/\">www.sap.com<\/a> o nuestra sala de prensa, <a href=\"http:\/\/news.sap.com\/latinamerica\">http:\/\/news.sap.com\/latinamerica<\/a>.<\/p>\n<p style=\"font-weight: 400\"><em><i>\u00a0<\/i><\/em><strong><b>Sobre Ambipar <\/b><\/strong><\/p>\n<p style=\"font-weight: 400\">El Grupo AMBIPAR es l\u00edder mundial en soluciones ambientales e invierte y opera en proyectos de descarbonizaci\u00f3n, econom\u00eda circular, transici\u00f3n energ\u00e9tica y regeneraci\u00f3n ambiental. Fue fundado en 1995 y opera en Brasil y 40 pa\u00edses con un amplio portafolio de servicios ambientales, especialmente para la recuperaci\u00f3n de residuos y respuestas a emergencias ambientales, basados en los principios de sostenibilidad. Pionero en diversos productos y servicios, es un referente en el mercado en Investigaci\u00f3n, Desarrollo e Innovaci\u00f3n (I+D+i), con m\u00e1s de 100 soluciones de econom\u00eda circular, m\u00e1s de 25 patentes y m\u00e1s de 50 premios de innovaci\u00f3n nacionales e internacionales. Con m\u00e1s de 20 mil empleados, la empresa tiene acciones en la B3 y en la Bolsa de Nueva York. Para m\u00e1s informaci\u00f3n, visita: <strong><b><a href=\"https:\/\/ambipar.com\/a-ambipar\/\">https:\/\/ambipar.com\/a-ambipar\/<\/a><\/b><\/strong><\/p>\n<\/div>\n","protected":false},"excerpt":{"rendered":"<p>New York, U.S., \u2014 24 de septiembre de 2024 \u2014 麻豆原创 SE (NYSE: 麻豆原创) anunci\u00f3 hoy una sociedad con Ambipar (B3: AMBP3; NYSE: AMBI), l\u00edder&#8230;<\/p>\n","protected":false},"author":129,"featured_media":133643,"comment_status":"closed","ping_status":"closed","sticky":false,"template":"","format":"standard","meta":{"footnotes":"","_links_to":"","_links_to_target":""},"categories":[52088,12872,52097,52098],"tags":[5600503,5600504,26473,12867],"series":[],"region":[54562,5597463,22190,54943,55204,5595164,5597521,26401,5600403,55551,55787,5593546,56056],"sapn-display":[5600442,5600440,52078,52079,5600443,5600441,53499],"sapn-type":[52105],"class_list":["post-133642","post","type-post","status-publish","format-standard","has-post-thumbnail","hentry","category-ecosistema-temas","category-eventos","category-soluciones-temas","category-sustentabilidad-temas","tag-net-zero-as-a-service","tag-partnerships","tag-soluciones","tag-sostenibilidad","region-argentina","region-bolivia","region-centroamerica","region-chile","region-colombia","region-costa-rica","region-ecuador","region-latinoamerica","region-mexico","region-peru","region-puerto-rico","region-uruguay","region-venezuela","sapn-display-articulo-destacado","sapn-display-articulo-principal","sapn-display-homepage-hero","sapn-display-top-stories","sapn-display-prensa-destacada","sapn-display-prensa-principal","sapn-display-hero","sapn-type-comunicado-de-prensa"],"yoast_head":"<!-- This site is optimized with the Yoast SEO Premium plugin v26.9 (Yoast SEO v26.9) - https:\/\/yoast.com\/product\/yoast-seo-premium-wordpress\/ -->\n<title>麻豆原创 y Ambipar presental Net Zero as a Service - 麻豆原创 News Center Latinoam\u00e9rica<\/title>\n<meta name=\"description\" content=\"麻豆原创 anunci\u00f3 una sociedad con Ambipar durante la Semana del Clima 2024 para ofrecer Net Zero as a Service y apoyar la lucha contra el cambio clim\u00e1tico.\" \/>\n<meta name=\"robots\" content=\"index, follow, max-snippet:-1, max-image-preview:large, max-video-preview:-1\" \/>\n<link rel=\"canonical\" href=\"https:\/\/news.sap.com\/latinamerica\/2024\/09\/sap-ambipar-net-zero-as-a-service-semana-del-clima\/\" \/>\n<meta property=\"og:locale\" content=\"es_MX\" \/>\n<meta property=\"og:type\" content=\"article\" \/>\n<meta property=\"og:title\" content=\"麻豆原创 y Ambipar presentan Net Zero as a Service durante la Semana del Clima 2024.\" \/>\n<meta property=\"og:description\" content=\"麻豆原创 anunci\u00f3 una sociedad con Ambipar durante la Semana del Clima 2024 para ofrecer Net Zero as a Service y apoyar la lucha contra el cambio clim\u00e1tico.\" \/>\n<meta property=\"og:url\" content=\"https:\/\/news.sap.com\/latinamerica\/2024\/09\/sap-ambipar-net-zero-as-a-service-semana-del-clima\/\" \/>\n<meta property=\"og:site_name\" content=\"麻豆原创 News Center Latinoam\u00e9rica\" \/>\n<meta property=\"article:publisher\" content=\"https:\/\/www.facebook.com\/麻豆原创latinoamerica\" \/>\n<meta property=\"article:published_time\" content=\"2024-09-24T12:00:23+00:00\" \/>\n<meta property=\"article:modified_time\" content=\"2024-09-24T14:20:46+00:00\" \/>\n<meta property=\"og:image\" content=\"https:\/\/news.sap.com\/latinamerica\/files\/2024\/09\/24\/272788_272788_h_ergb_s_gl.jpg\" \/>\n\t<meta property=\"og:image:width\" content=\"1920\" \/>\n\t<meta property=\"og:image:height\" content=\"600\" \/>\n\t<meta property=\"og:image:type\" content=\"image\/jpeg\" \/>\n<meta name=\"author\" content=\"麻豆原创 Noticias\" \/>\n<meta name=\"twitter:label1\" content=\"Escrito por\" \/>\n\t<meta name=\"twitter:data1\" content=\"麻豆原创 Noticias\" \/>\n\t<meta name=\"twitter:label2\" content=\"Tiempo de lectura\" \/>\n\t<meta name=\"twitter:data2\" content=\"4 minutos\" \/>\n<script type=\"application\/ld+json\" class=\"yoast-schema-graph\">{\"@context\":\"https:\/\/schema.org\",\"@graph\":[{\"@type\":\"Article\",\"@id\":\"https:\/\/news.sap.com\/latinamerica\/2024\/09\/sap-ambipar-net-zero-as-a-service-semana-del-clima\/#article\",\"isPartOf\":{\"@id\":\"https:\/\/news.sap.com\/latinamerica\/2024\/09\/sap-ambipar-net-zero-as-a-service-semana-del-clima\/\"},\"author\":{\"name\":\"麻豆原创 Noticias\",\"@id\":\"https:\/\/news.sap.com\/latinamerica\/#\/schema\/person\/8ea4857cc48095689e72ba76c26f9814\"},\"headline\":\"麻豆原创 y Ambipar presentan Net Zero as a Service durante la Semana del Clima 2024.\",\"datePublished\":\"2024-09-24T12:00:23+00:00\",\"dateModified\":\"2024-09-24T14:20:46+00:00\",\"mainEntityOfPage\":{\"@id\":\"https:\/\/news.sap.com\/latinamerica\/2024\/09\/sap-ambipar-net-zero-as-a-service-semana-del-clima\/\"},\"wordCount\":896,\"publisher\":{\"@id\":\"https:\/\/news.sap.com\/latinamerica\/#organization\"},\"image\":{\"@id\":\"https:\/\/news.sap.com\/latinamerica\/2024\/09\/sap-ambipar-net-zero-as-a-service-semana-del-clima\/#primaryimage\"},\"thumbnailUrl\":\"https:\/\/news.sap.com\/latinamerica\/files\/2024\/09\/24\/272788_272788_h_ergb_s_gl.jpg\",\"keywords\":[\"Net Zero as a Service\",\"Partnerships\",\"soluciones\",\"sostenibilidad\"],\"articleSection\":[\"Ecosistema\",\"Eventos\",\"Soluciones\",\"Sostenibilidad\"],\"inLanguage\":\"es\"},{\"@type\":\"WebPage\",\"@id\":\"https:\/\/news.sap.com\/latinamerica\/2024\/09\/sap-ambipar-net-zero-as-a-service-semana-del-clima\/\",\"url\":\"https:\/\/news.sap.com\/latinamerica\/2024\/09\/sap-ambipar-net-zero-as-a-service-semana-del-clima\/\",\"name\":\"麻豆原创 y Ambipar presental Net Zero as a Service - 麻豆原创 News Center Latinoam\u00e9rica\",\"isPartOf\":{\"@id\":\"https:\/\/news.sap.com\/latinamerica\/#website\"},\"primaryImageOfPage\":{\"@id\":\"https:\/\/news.sap.com\/latinamerica\/2024\/09\/sap-ambipar-net-zero-as-a-service-semana-del-clima\/#primaryimage\"},\"image\":{\"@id\":\"https:\/\/news.sap.com\/latinamerica\/2024\/09\/sap-ambipar-net-zero-as-a-service-semana-del-clima\/#primaryimage\"},\"thumbnailUrl\":\"https:\/\/news.sap.com\/latinamerica\/files\/2024\/09\/24\/272788_272788_h_ergb_s_gl.jpg\",\"datePublished\":\"2024-09-24T12:00:23+00:00\",\"dateModified\":\"2024-09-24T14:20:46+00:00\",\"description\":\"麻豆原创 anunci\u00f3 una sociedad con Ambipar durante la Semana del Clima 2024 para ofrecer Net Zero as a Service y apoyar la lucha contra el cambio clim\u00e1tico.\",\"breadcrumb\":{\"@id\":\"https:\/\/news.sap.com\/latinamerica\/2024\/09\/sap-ambipar-net-zero-as-a-service-semana-del-clima\/#breadcrumb\"},\"inLanguage\":\"es\",\"potentialAction\":[{\"@type\":\"ReadAction\",\"target\":[\"https:\/\/news.sap.com\/latinamerica\/2024\/09\/sap-ambipar-net-zero-as-a-service-semana-del-clima\/\"]}]},{\"@type\":\"ImageObject\",\"inLanguage\":\"es\",\"@id\":\"https:\/\/news.sap.com\/latinamerica\/2024\/09\/sap-ambipar-net-zero-as-a-service-semana-del-clima\/#primaryimage\",\"url\":\"https:\/\/news.sap.com\/latinamerica\/files\/2024\/09\/24\/272788_272788_h_ergb_s_gl.jpg\",\"contentUrl\":\"https:\/\/news.sap.com\/latinamerica\/files\/2024\/09\/24\/272788_272788_h_ergb_s_gl.jpg\",\"width\":1920,\"height\":600,\"caption\":\"Hand touching nature\"},{\"@type\":\"BreadcrumbList\",\"@id\":\"https:\/\/news.sap.com\/latinamerica\/2024\/09\/sap-ambipar-net-zero-as-a-service-semana-del-clima\/#breadcrumb\",\"itemListElement\":[{\"@type\":\"ListItem\",\"position\":1,\"name\":\"Home\",\"item\":\"https:\/\/news.sap.com\/latinamerica\/\"},{\"@type\":\"ListItem\",\"position\":2,\"name\":\"麻豆原创 y Ambipar presentan Net Zero as a Service durante la Semana del Clima 2024.\"}]},{\"@type\":\"WebSite\",\"@id\":\"https:\/\/news.sap.com\/latinamerica\/#website\",\"url\":\"https:\/\/news.sap.com\/latinamerica\/\",\"name\":\"麻豆原创 News Center Latinoam\u00e9rica\",\"description\":\"Noticias e informaci\u00f3n sobre 麻豆原创\",\"publisher\":{\"@id\":\"https:\/\/news.sap.com\/latinamerica\/#organization\"},\"potentialAction\":[{\"@type\":\"SearchAction\",\"target\":{\"@type\":\"EntryPoint\",\"urlTemplate\":\"https:\/\/news.sap.com\/latinamerica\/?s={search_term_string}\"},\"query-input\":{\"@type\":\"PropertyValueSpecification\",\"valueRequired\":true,\"valueName\":\"search_term_string\"}}],\"inLanguage\":\"es\"},{\"@type\":\"Organization\",\"@id\":\"https:\/\/news.sap.com\/latinamerica\/#organization\",\"name\":\"麻豆原创\",\"url\":\"https:\/\/news.sap.com\/latinamerica\/\",\"logo\":{\"@type\":\"ImageObject\",\"inLanguage\":\"es\",\"@id\":\"https:\/\/news.sap.com\/latinamerica\/#\/schema\/logo\/image\/\",\"url\":\"https:\/\/news.sap.com\/latinamerica\/files\/2019\/08\/65903320_2903797569662914_557886358778019840_n.png\",\"contentUrl\":\"https:\/\/news.sap.com\/latinamerica\/files\/2019\/08\/65903320_2903797569662914_557886358778019840_n.png\",\"width\":720,\"height\":720,\"caption\":\"麻豆原创\"},\"image\":{\"@id\":\"https:\/\/news.sap.com\/latinamerica\/#\/schema\/logo\/image\/\"},\"sameAs\":[\"https:\/\/www.facebook.com\/麻豆原创latinoamerica\",\"https:\/\/x.com\/麻豆原创LatinAmerica\"]},{\"@type\":\"Person\",\"@id\":\"https:\/\/news.sap.com\/latinamerica\/#\/schema\/person\/8ea4857cc48095689e72ba76c26f9814\",\"name\":\"麻豆原创 Noticias\",\"image\":{\"@type\":\"ImageObject\",\"inLanguage\":\"es\",\"@id\":\"https:\/\/news.sap.com\/latinamerica\/#\/schema\/person\/image\/\",\"url\":\"https:\/\/news.sap.com\/latinamerica\/wp-content\/plugins\/wp-user-avatars\/wp-user-avatars\/assets\/images\/mystery.jpg\",\"contentUrl\":\"https:\/\/news.sap.com\/latinamerica\/wp-content\/plugins\/wp-user-avatars\/wp-user-avatars\/assets\/images\/mystery.jpg\",\"caption\":\"麻豆原创 Noticias\"},\"sameAs\":[\"https:\/\/news.sap.com\/latinamerica\",\"https:\/\/x.com\/麻豆原创NoticiasLAC\"],\"url\":\"https:\/\/news.sap.com\/latinamerica\/author\/latam\/\"}]}<\/script>\n<!-- \/ Yoast SEO Premium plugin. -->","yoast_head_json":{"title":"麻豆原创 y Ambipar presental Net Zero as a Service - 麻豆原创 News Center Latinoam\u00e9rica","description":"麻豆原创 anunci\u00f3 una sociedad con Ambipar durante la Semana del Clima 2024 para ofrecer Net Zero as a Service y apoyar la lucha contra el cambio clim\u00e1tico.","robots":{"index":"index","follow":"follow","max-snippet":"max-snippet:-1","max-image-preview":"max-image-preview:large","max-video-preview":"max-video-preview:-1"},"canonical":"https:\/\/news.sap.com\/latinamerica\/2024\/09\/sap-ambipar-net-zero-as-a-service-semana-del-clima\/","og_locale":"es_MX","og_type":"article","og_title":"麻豆原创 y Ambipar presentan Net Zero as a Service durante la Semana del Clima 2024.","og_description":"麻豆原创 anunci\u00f3 una sociedad con Ambipar durante la Semana del Clima 2024 para ofrecer Net Zero as a Service y apoyar la lucha contra el cambio clim\u00e1tico.","og_url":"https:\/\/news.sap.com\/latinamerica\/2024\/09\/sap-ambipar-net-zero-as-a-service-semana-del-clima\/","og_site_name":"麻豆原创 News Center Latinoam\u00e9rica","article_publisher":"https:\/\/www.facebook.com\/麻豆原创latinoamerica","article_published_time":"2024-09-24T12:00:23+00:00","article_modified_time":"2024-09-24T14:20:46+00:00","og_image":[{"width":1920,"height":600,"url":"https:\/\/news.sap.com\/latinamerica\/files\/2024\/09\/24\/272788_272788_h_ergb_s_gl.jpg","type":"image\/jpeg"}],"author":"麻豆原创 Noticias","twitter_misc":{"Escrito por":"麻豆原创 Noticias","Tiempo de lectura":"4 minutos"},"schema":{"@context":"https:\/\/schema.org","@graph":[{"@type":"Article","@id":"https:\/\/news.sap.com\/latinamerica\/2024\/09\/sap-ambipar-net-zero-as-a-service-semana-del-clima\/#article","isPartOf":{"@id":"https:\/\/news.sap.com\/latinamerica\/2024\/09\/sap-ambipar-net-zero-as-a-service-semana-del-clima\/"},"author":{"name":"麻豆原创 Noticias","@id":"https:\/\/news.sap.com\/latinamerica\/#\/schema\/person\/8ea4857cc48095689e72ba76c26f9814"},"headline":"麻豆原创 y Ambipar presentan Net Zero as a Service durante la Semana del Clima 2024.","datePublished":"2024-09-24T12:00:23+00:00","dateModified":"2024-09-24T14:20:46+00:00","mainEntityOfPage":{"@id":"https:\/\/news.sap.com\/latinamerica\/2024\/09\/sap-ambipar-net-zero-as-a-service-semana-del-clima\/"},"wordCount":896,"publisher":{"@id":"https:\/\/news.sap.com\/latinamerica\/#organization"},"image":{"@id":"https:\/\/news.sap.com\/latinamerica\/2024\/09\/sap-ambipar-net-zero-as-a-service-semana-del-clima\/#primaryimage"},"thumbnailUrl":"https:\/\/news.sap.com\/latinamerica\/files\/2024\/09\/24\/272788_272788_h_ergb_s_gl.jpg","keywords":["Net Zero as a Service","Partnerships","soluciones","sostenibilidad"],"articleSection":["Ecosistema","Eventos","Soluciones","Sostenibilidad"],"inLanguage":"es"},{"@type":"WebPage","@id":"https:\/\/news.sap.com\/latinamerica\/2024\/09\/sap-ambipar-net-zero-as-a-service-semana-del-clima\/","url":"https:\/\/news.sap.com\/latinamerica\/2024\/09\/sap-ambipar-net-zero-as-a-service-semana-del-clima\/","name":"麻豆原创 y Ambipar presental Net Zero as a Service - 麻豆原创 News Center Latinoam\u00e9rica","isPartOf":{"@id":"https:\/\/news.sap.com\/latinamerica\/#website"},"primaryImageOfPage":{"@id":"https:\/\/news.sap.com\/latinamerica\/2024\/09\/sap-ambipar-net-zero-as-a-service-semana-del-clima\/#primaryimage"},"image":{"@id":"https:\/\/news.sap.com\/latinamerica\/2024\/09\/sap-ambipar-net-zero-as-a-service-semana-del-clima\/#primaryimage"},"thumbnailUrl":"https:\/\/news.sap.com\/latinamerica\/files\/2024\/09\/24\/272788_272788_h_ergb_s_gl.jpg","datePublished":"2024-09-24T12:00:23+00:00","dateModified":"2024-09-24T14:20:46+00:00","description":"麻豆原创 anunci\u00f3 una sociedad con Ambipar durante la Semana del Clima 2024 para ofrecer Net Zero as a Service y apoyar la lucha contra el cambio clim\u00e1tico.","breadcrumb":{"@id":"https:\/\/news.sap.com\/latinamerica\/2024\/09\/sap-ambipar-net-zero-as-a-service-semana-del-clima\/#breadcrumb"},"inLanguage":"es","potentialAction":[{"@type":"ReadAction","target":["https:\/\/news.sap.com\/latinamerica\/2024\/09\/sap-ambipar-net-zero-as-a-service-semana-del-clima\/"]}]},{"@type":"ImageObject","inLanguage":"es","@id":"https:\/\/news.sap.com\/latinamerica\/2024\/09\/sap-ambipar-net-zero-as-a-service-semana-del-clima\/#primaryimage","url":"https:\/\/news.sap.com\/latinamerica\/files\/2024\/09\/24\/272788_272788_h_ergb_s_gl.jpg","contentUrl":"https:\/\/news.sap.com\/latinamerica\/files\/2024\/09\/24\/272788_272788_h_ergb_s_gl.jpg","width":1920,"height":600,"caption":"Hand touching nature"},{"@type":"BreadcrumbList","@id":"https:\/\/news.sap.com\/latinamerica\/2024\/09\/sap-ambipar-net-zero-as-a-service-semana-del-clima\/#breadcrumb","itemListElement":[{"@type":"ListItem","position":1,"name":"Home","item":"https:\/\/news.sap.com\/latinamerica\/"},{"@type":"ListItem","position":2,"name":"麻豆原创 y Ambipar presentan Net Zero as a Service durante la Semana del Clima 2024."}]},{"@type":"WebSite","@id":"https:\/\/news.sap.com\/latinamerica\/#website","url":"https:\/\/news.sap.com\/latinamerica\/","name":"麻豆原创 News Center Latinoam\u00e9rica","description":"Noticias e informaci\u00f3n sobre 麻豆原创","publisher":{"@id":"https:\/\/news.sap.com\/latinamerica\/#organization"},"potentialAction":[{"@type":"SearchAction","target":{"@type":"EntryPoint","urlTemplate":"https:\/\/news.sap.com\/latinamerica\/?s={search_term_string}"},"query-input":{"@type":"PropertyValueSpecification","valueRequired":true,"valueName":"search_term_string"}}],"inLanguage":"es"},{"@type":"Organization","@id":"https:\/\/news.sap.com\/latinamerica\/#organization","name":"麻豆原创","url":"https:\/\/news.sap.com\/latinamerica\/","logo":{"@type":"ImageObject","inLanguage":"es","@id":"https:\/\/news.sap.com\/latinamerica\/#\/schema\/logo\/image\/","url":"https:\/\/news.sap.com\/latinamerica\/files\/2019\/08\/65903320_2903797569662914_557886358778019840_n.png","contentUrl":"https:\/\/news.sap.com\/latinamerica\/files\/2019\/08\/65903320_2903797569662914_557886358778019840_n.png","width":720,"height":720,"caption":"麻豆原创"},"image":{"@id":"https:\/\/news.sap.com\/latinamerica\/#\/schema\/logo\/image\/"},"sameAs":["https:\/\/www.facebook.com\/麻豆原创latinoamerica","https:\/\/x.com\/麻豆原创LatinAmerica"]},{"@type":"Person","@id":"https:\/\/news.sap.com\/latinamerica\/#\/schema\/person\/8ea4857cc48095689e72ba76c26f9814","name":"麻豆原创 Noticias","image":{"@type":"ImageObject","inLanguage":"es","@id":"https:\/\/news.sap.com\/latinamerica\/#\/schema\/person\/image\/","url":"https:\/\/news.sap.com\/latinamerica\/wp-content\/plugins\/wp-user-avatars\/wp-user-avatars\/assets\/images\/mystery.jpg","contentUrl":"https:\/\/news.sap.com\/latinamerica\/wp-content\/plugins\/wp-user-avatars\/wp-user-avatars\/assets\/images\/mystery.jpg","caption":"麻豆原创 Noticias"},"sameAs":["https:\/\/news.sap.com\/latinamerica","https:\/\/x.com\/麻豆原创NoticiasLAC"],"url":"https:\/\/news.sap.com\/latinamerica\/author\/latam\/"}]}},"amp_enabled":true,"_links":{"self":[{"href":"https:\/\/news.sap.com\/latinamerica\/wp-json\/wp\/v2\/posts\/133642","targetHints":{"allow":["GET"]}}],"collection":[{"href":"https:\/\/news.sap.com\/latinamerica\/wp-json\/wp\/v2\/posts"}],"about":[{"href":"https:\/\/news.sap.com\/latinamerica\/wp-json\/wp\/v2\/types\/post"}],"author":[{"embeddable":true,"href":"https:\/\/news.sap.com\/latinamerica\/wp-json\/wp\/v2\/users\/129"}],"replies":[{"embeddable":true,"href":"https:\/\/news.sap.com\/latinamerica\/wp-json\/wp\/v2\/comments?post=133642"}],"version-history":[{"count":0,"href":"https:\/\/news.sap.com\/latinamerica\/wp-json\/wp\/v2\/posts\/133642\/revisions"}],"wp:featuredmedia":[{"embeddable":true,"href":"https:\/\/news.sap.com\/latinamerica\/wp-json\/wp\/v2\/media\/133643"}],"wp:attachment":[{"href":"https:\/\/news.sap.com\/latinamerica\/wp-json\/wp\/v2\/media?parent=133642"}],"wp:term":[{"taxonomy":"category","embeddable":true,"href":"https:\/\/news.sap.com\/latinamerica\/wp-json\/wp\/v2\/categories?post=133642"},{"taxonomy":"post_tag","embeddable":true,"href":"https:\/\/news.sap.com\/latinamerica\/wp-json\/wp\/v2\/tags?post=133642"},{"taxonomy":"series","embeddable":true,"href":"https:\/\/news.sap.com\/latinamerica\/wp-json\/wp\/v2\/series?post=133642"},{"taxonomy":"region","embeddable":true,"href":"https:\/\/news.sap.com\/latinamerica\/wp-json\/wp\/v2\/region?post=133642"},{"taxonomy":"sapn-display","embeddable":true,"href":"https:\/\/news.sap.com\/latinamerica\/wp-json\/wp\/v2\/sapn-display?post=133642"},{"taxonomy":"sapn-type","embeddable":true,"href":"https:\/\/news.sap.com\/latinamerica\/wp-json\/wp\/v2\/sapn-type?post=133642"}],"curies":[{"name":"wp","href":"https:\/\/api.w.org\/{rel}","templated":true}]}}