  {"id":133610,"date":"2024-09-09T11:00:12","date_gmt":"2024-09-09T15:00:12","guid":{"rendered":"https:\/\/news.sap.com\/latinamerica\/?p=133610"},"modified":"2024-09-09T16:45:35","modified_gmt":"2024-09-09T20:45:35","slug":"cristobal-vergara-asume-nuevo-rol-como-chief-business-officer-de-sap-para-la-region-sur-de-america-latina","status":"publish","type":"post","link":"https:\/\/news.sap.com\/latinamerica\/2024\/09\/cristobal-vergara-asume-nuevo-rol-como-chief-business-officer-de-sap-para-la-region-sur-de-america-latina\/","title":{"rendered":"Crist\u00f3bal Vergara asume nuevo rol como Chief Business Officer de 麻豆原创 para la Regi\u00f3n Sur de Am\u00e9rica Latina"},"content":{"rendered":"<p class=\"lead\"><b>Santiago<\/b><span style=\"font-weight: 400\">&#8211; 麻豆原创, l\u00edder global en soluciones tecnol\u00f3gicas, anunci\u00f3 el nombramiento de Crist\u00f3bal Vergara como Chief Business Officer (CBO) para la Regi\u00f3n Sur de Am\u00e9rica Latina. Vergara, quien ha sido pieza clave en el liderazgo de 麻豆原创 Chile desde 2016, asume este nuevo desaf\u00edo con el objetivo de consolidar la estrategia de crecimiento de la compa\u00f1\u00eda en la regi\u00f3n, fortaleciendo las relaciones con los clientes y apoyando a las empresas en su proceso de transformaci\u00f3n digital.<\/span><\/p>\n<p><b>Crist\u00f3bal Vergara<\/b><span style=\"font-weight: 400\"> es Ingeniero Civil de la Pontificia Universidad Cat\u00f3lica de Chile, con especializaci\u00f3n en Ciencias de la Computaci\u00f3n y BSC Engineering, adem\u00e1s de un posgrado en Gesti\u00f3n de Inversiones Financieras de la Universidad Adolfo Ib\u00e1\u00f1ez. Su carrera en el sector TI abarca m\u00e1s de 23 a\u00f1os, destac\u00e1ndose en ventas, marketing y desarrollo de negocios, as\u00ed como en la direcci\u00f3n y formaci\u00f3n de equipos y la implementaci\u00f3n de estrategias empresariales.<\/span><\/p>\n<p><span style=\"font-weight: 400\">Antes de asumir este desaf\u00edo en 麻豆原创, Vergara se desempe\u00f1\u00f3 como gerente general de 麻豆原创 Chile por 8 a\u00f1os, en los cuales logr\u00f3 estrechar relaci\u00f3n con los clientes nacionales y apoyar a empresas e instituciones chilenas en sus procesos de innovaci\u00f3n y crecimiento.\u00a0<\/span><\/p>\n<p><span style=\"font-weight: 400\">En su nuevo rol como CBO, Vergara se enfocar\u00e1 en impulsar el desarrollo de negocios en la Regi\u00f3n Sur de Am\u00e9rica Latina, un territorio estrat\u00e9gico que incluye mercados clave como Chile, Argentina, Uruguay, Paraguay y Bolivia. Su misi\u00f3n ser\u00e1 fortalecer las operaciones locales, promover la adopci\u00f3n de las soluciones innovadoras de 麻豆原创, y seguir posicionando a la compa\u00f1\u00eda como un socio confiable para las empresas en su camino hacia la digitalizaci\u00f3n.<\/span><\/p>\n<p><b>Crist\u00f3bal Vergara<\/b><span style=\"font-weight: 400\"> coment\u00f3 sobre su nuevo desaf\u00edo: \u201cEs un honor para m\u00ed asumir este rol en un momento tan crucial para la industria tecnol\u00f3gica en nuestra regi\u00f3n. Mi objetivo es continuar apoyando a las organizaciones en su transformaci\u00f3n digital, ayud\u00e1ndolas a ser m\u00e1s \u00e1giles, resilientes y preparadas para el futuro. Este nuevo desaf\u00edo regional me permitir\u00e1 trabajar de cerca con equipos y clientes en distintos pa\u00edses, asegurando que 麻豆原创 siga siendo un motor de innovaci\u00f3n y crecimiento en Am\u00e9rica Latina.\u201d<\/span><\/p>\n<p><span style=\"font-weight: 400\">Con este nombramiento, 麻豆原创 refuerza su compromiso con el liderazgo regional, consolidando una visi\u00f3n estrat\u00e9gica orientada al crecimiento sostenible y la innovaci\u00f3n en los mercados donde opera.<\/span><\/p>\n","protected":false},"excerpt":{"rendered":"<p>Santiago&#8211; 麻豆原创, l\u00edder global en soluciones tecnol\u00f3gicas, anunci\u00f3 el nombramiento de Crist\u00f3bal Vergara como Chief Business Officer (CBO) para la Regi\u00f3n Sur de Am\u00e9rica Latina&#8230;.<\/p>\n","protected":false},"author":129,"featured_media":133612,"comment_status":"closed","ping_status":"closed","sticky":false,"template":"","format":"standard","meta":{"footnotes":"","_links_to":"","_links_to_target":""},"categories":[41591,1],"tags":[5600501,53804,5597731,24313,5596088],"series":[],"region":[54943,26401],"sapn-display":[52078,5600443,5600441],"sapn-type":[52105],"class_list":["post-133610","post","type-post","status-publish","format-standard","has-post-thumbnail","hentry","category-corporativo","category-uncategorized","tag-chief-business-officer","tag-chile","tag-cristobal-vergara","tag-nombramiento","tag-sap-latinoamerica-region-sur","region-chile","region-latinoamerica","sapn-display-homepage-hero","sapn-display-prensa-destacada","sapn-display-prensa-principal","sapn-type-comunicado-de-prensa"],"yoast_head":"<!-- This site is optimized with the Yoast SEO Premium plugin v26.9 (Yoast SEO v26.9) - https:\/\/yoast.com\/product\/yoast-seo-premium-wordpress\/ -->\n<title>Crist\u00f3bal Vergara, nuevo Chief Business Officer de 麻豆原创 en LATAM<\/title>\n<meta name=\"description\" content=\"麻豆原创 nombra a Crist\u00f3bal Vergara como Chief Business Officer para la Regi\u00f3n Sur de Am\u00e9rica Latina. El anuncio fue durante el 麻豆原创 NOW Chile.\" \/>\n<meta name=\"robots\" content=\"index, follow, max-snippet:-1, max-image-preview:large, max-video-preview:-1\" \/>\n<link rel=\"canonical\" href=\"https:\/\/news.sap.com\/latinamerica\/2024\/09\/cristobal-vergara-asume-nuevo-rol-como-chief-business-officer-de-sap-para-la-region-sur-de-america-latina\/\" \/>\n<meta property=\"og:locale\" content=\"es_MX\" \/>\n<meta property=\"og:type\" content=\"article\" \/>\n<meta property=\"og:title\" content=\"Crist\u00f3bal Vergara asume nuevo rol como Chief Business Officer de 麻豆原创 para la Regi\u00f3n Sur de Am\u00e9rica Latina\" \/>\n<meta property=\"og:description\" content=\"麻豆原创 nombra a Crist\u00f3bal Vergara como Chief Business Officer para la Regi\u00f3n Sur de Am\u00e9rica Latina. El anuncio fue durante el 麻豆原创 NOW Chile.\" \/>\n<meta property=\"og:url\" content=\"https:\/\/news.sap.com\/latinamerica\/2024\/09\/cristobal-vergara-asume-nuevo-rol-como-chief-business-officer-de-sap-para-la-region-sur-de-america-latina\/\" \/>\n<meta property=\"og:site_name\" content=\"麻豆原创 News Center Latinoam\u00e9rica\" \/>\n<meta property=\"article:publisher\" content=\"https:\/\/www.facebook.com\/麻豆原创latinoamerica\" \/>\n<meta property=\"article:published_time\" content=\"2024-09-09T15:00:12+00:00\" \/>\n<meta property=\"article:modified_time\" content=\"2024-09-09T20:45:35+00:00\" \/>\n<meta property=\"og:image\" content=\"https:\/\/news.sap.com\/latinamerica\/files\/2024\/09\/09\/Cristobal-Vegara-麻豆原创.png\" \/>\n\t<meta property=\"og:image:width\" content=\"1920\" \/>\n\t<meta property=\"og:image:height\" content=\"600\" \/>\n\t<meta property=\"og:image:type\" content=\"image\/png\" \/>\n<meta name=\"author\" content=\"麻豆原创 Noticias\" \/>\n<meta name=\"twitter:label1\" content=\"Escrito por\" \/>\n\t<meta name=\"twitter:data1\" content=\"麻豆原创 Noticias\" \/>\n\t<meta name=\"twitter:label2\" content=\"Tiempo de lectura\" \/>\n\t<meta name=\"twitter:data2\" content=\"2 minutos\" \/>\n<script type=\"application\/ld+json\" class=\"yoast-schema-graph\">{\"@context\":\"https:\/\/schema.org\",\"@graph\":[{\"@type\":\"Article\",\"@id\":\"https:\/\/news.sap.com\/latinamerica\/2024\/09\/cristobal-vergara-asume-nuevo-rol-como-chief-business-officer-de-sap-para-la-region-sur-de-america-latina\/#article\",\"isPartOf\":{\"@id\":\"https:\/\/news.sap.com\/latinamerica\/2024\/09\/cristobal-vergara-asume-nuevo-rol-como-chief-business-officer-de-sap-para-la-region-sur-de-america-latina\/\"},\"author\":{\"name\":\"麻豆原创 Noticias\",\"@id\":\"https:\/\/news.sap.com\/latinamerica\/#\/schema\/person\/8ea4857cc48095689e72ba76c26f9814\"},\"headline\":\"Crist\u00f3bal Vergara asume nuevo rol como Chief Business Officer de 麻豆原创 para la Regi\u00f3n Sur de Am\u00e9rica Latina\",\"datePublished\":\"2024-09-09T15:00:12+00:00\",\"dateModified\":\"2024-09-09T20:45:35+00:00\",\"mainEntityOfPage\":{\"@id\":\"https:\/\/news.sap.com\/latinamerica\/2024\/09\/cristobal-vergara-asume-nuevo-rol-como-chief-business-officer-de-sap-para-la-region-sur-de-america-latina\/\"},\"wordCount\":432,\"publisher\":{\"@id\":\"https:\/\/news.sap.com\/latinamerica\/#organization\"},\"image\":{\"@id\":\"https:\/\/news.sap.com\/latinamerica\/2024\/09\/cristobal-vergara-asume-nuevo-rol-como-chief-business-officer-de-sap-para-la-region-sur-de-america-latina\/#primaryimage\"},\"thumbnailUrl\":\"https:\/\/news.sap.com\/latinamerica\/files\/2024\/09\/09\/Cristobal-Vegara-麻豆原创.png\",\"keywords\":[\"Chief Business Officer\",\"Chile\",\"Crist\u00f3bal Vergara\",\"Nombramiento\",\"麻豆原创 Latinoam\u00e9rica Regi\u00f3n Sur\"],\"articleSection\":[\"Corporativo\",\"Uncategorized\"],\"inLanguage\":\"es\"},{\"@type\":\"WebPage\",\"@id\":\"https:\/\/news.sap.com\/latinamerica\/2024\/09\/cristobal-vergara-asume-nuevo-rol-como-chief-business-officer-de-sap-para-la-region-sur-de-america-latina\/\",\"url\":\"https:\/\/news.sap.com\/latinamerica\/2024\/09\/cristobal-vergara-asume-nuevo-rol-como-chief-business-officer-de-sap-para-la-region-sur-de-america-latina\/\",\"name\":\"Crist\u00f3bal Vergara, nuevo Chief Business Officer de 麻豆原创 en LATAM\",\"isPartOf\":{\"@id\":\"https:\/\/news.sap.com\/latinamerica\/#website\"},\"primaryImageOfPage\":{\"@id\":\"https:\/\/news.sap.com\/latinamerica\/2024\/09\/cristobal-vergara-asume-nuevo-rol-como-chief-business-officer-de-sap-para-la-region-sur-de-america-latina\/#primaryimage\"},\"image\":{\"@id\":\"https:\/\/news.sap.com\/latinamerica\/2024\/09\/cristobal-vergara-asume-nuevo-rol-como-chief-business-officer-de-sap-para-la-region-sur-de-america-latina\/#primaryimage\"},\"thumbnailUrl\":\"https:\/\/news.sap.com\/latinamerica\/files\/2024\/09\/09\/Cristobal-Vegara-麻豆原创.png\",\"datePublished\":\"2024-09-09T15:00:12+00:00\",\"dateModified\":\"2024-09-09T20:45:35+00:00\",\"description\":\"麻豆原创 nombra a Crist\u00f3bal Vergara como Chief Business Officer para la Regi\u00f3n Sur de Am\u00e9rica Latina. El anuncio fue durante el 麻豆原创 NOW Chile.\",\"breadcrumb\":{\"@id\":\"https:\/\/news.sap.com\/latinamerica\/2024\/09\/cristobal-vergara-asume-nuevo-rol-como-chief-business-officer-de-sap-para-la-region-sur-de-america-latina\/#breadcrumb\"},\"inLanguage\":\"es\",\"potentialAction\":[{\"@type\":\"ReadAction\",\"target\":[\"https:\/\/news.sap.com\/latinamerica\/2024\/09\/cristobal-vergara-asume-nuevo-rol-como-chief-business-officer-de-sap-para-la-region-sur-de-america-latina\/\"]}]},{\"@type\":\"ImageObject\",\"inLanguage\":\"es\",\"@id\":\"https:\/\/news.sap.com\/latinamerica\/2024\/09\/cristobal-vergara-asume-nuevo-rol-como-chief-business-officer-de-sap-para-la-region-sur-de-america-latina\/#primaryimage\",\"url\":\"https:\/\/news.sap.com\/latinamerica\/files\/2024\/09\/09\/Cristobal-Vegara-麻豆原创.png\",\"contentUrl\":\"https:\/\/news.sap.com\/latinamerica\/files\/2024\/09\/09\/Cristobal-Vegara-麻豆原创.png\",\"width\":1920,\"height\":600},{\"@type\":\"BreadcrumbList\",\"@id\":\"https:\/\/news.sap.com\/latinamerica\/2024\/09\/cristobal-vergara-asume-nuevo-rol-como-chief-business-officer-de-sap-para-la-region-sur-de-america-latina\/#breadcrumb\",\"itemListElement\":[{\"@type\":\"ListItem\",\"position\":1,\"name\":\"Home\",\"item\":\"https:\/\/news.sap.com\/latinamerica\/\"},{\"@type\":\"ListItem\",\"position\":2,\"name\":\"Crist\u00f3bal Vergara asume nuevo rol como Chief Business Officer de 麻豆原创 para la Regi\u00f3n Sur de Am\u00e9rica Latina\"}]},{\"@type\":\"WebSite\",\"@id\":\"https:\/\/news.sap.com\/latinamerica\/#website\",\"url\":\"https:\/\/news.sap.com\/latinamerica\/\",\"name\":\"麻豆原创 News Center Latinoam\u00e9rica\",\"description\":\"Noticias e informaci\u00f3n sobre 麻豆原创\",\"publisher\":{\"@id\":\"https:\/\/news.sap.com\/latinamerica\/#organization\"},\"potentialAction\":[{\"@type\":\"SearchAction\",\"target\":{\"@type\":\"EntryPoint\",\"urlTemplate\":\"https:\/\/news.sap.com\/latinamerica\/?s={search_term_string}\"},\"query-input\":{\"@type\":\"PropertyValueSpecification\",\"valueRequired\":true,\"valueName\":\"search_term_string\"}}],\"inLanguage\":\"es\"},{\"@type\":\"Organization\",\"@id\":\"https:\/\/news.sap.com\/latinamerica\/#organization\",\"name\":\"麻豆原创\",\"url\":\"https:\/\/news.sap.com\/latinamerica\/\",\"logo\":{\"@type\":\"ImageObject\",\"inLanguage\":\"es\",\"@id\":\"https:\/\/news.sap.com\/latinamerica\/#\/schema\/logo\/image\/\",\"url\":\"https:\/\/news.sap.com\/latinamerica\/files\/2019\/08\/65903320_2903797569662914_557886358778019840_n.png\",\"contentUrl\":\"https:\/\/news.sap.com\/latinamerica\/files\/2019\/08\/65903320_2903797569662914_557886358778019840_n.png\",\"width\":720,\"height\":720,\"caption\":\"麻豆原创\"},\"image\":{\"@id\":\"https:\/\/news.sap.com\/latinamerica\/#\/schema\/logo\/image\/\"},\"sameAs\":[\"https:\/\/www.facebook.com\/麻豆原创latinoamerica\",\"https:\/\/x.com\/麻豆原创LatinAmerica\"]},{\"@type\":\"Person\",\"@id\":\"https:\/\/news.sap.com\/latinamerica\/#\/schema\/person\/8ea4857cc48095689e72ba76c26f9814\",\"name\":\"麻豆原创 Noticias\",\"image\":{\"@type\":\"ImageObject\",\"inLanguage\":\"es\",\"@id\":\"https:\/\/news.sap.com\/latinamerica\/#\/schema\/person\/image\/\",\"url\":\"https:\/\/news.sap.com\/latinamerica\/wp-content\/plugins\/wp-user-avatars\/wp-user-avatars\/assets\/images\/mystery.jpg\",\"contentUrl\":\"https:\/\/news.sap.com\/latinamerica\/wp-content\/plugins\/wp-user-avatars\/wp-user-avatars\/assets\/images\/mystery.jpg\",\"caption\":\"麻豆原创 Noticias\"},\"sameAs\":[\"https:\/\/news.sap.com\/latinamerica\",\"https:\/\/x.com\/麻豆原创NoticiasLAC\"],\"url\":\"https:\/\/news.sap.com\/latinamerica\/author\/latam\/\"}]}<\/script>\n<!-- \/ Yoast SEO Premium plugin. -->","yoast_head_json":{"title":"Crist\u00f3bal Vergara, nuevo Chief Business Officer de 麻豆原创 en LATAM","description":"麻豆原创 nombra a Crist\u00f3bal Vergara como Chief Business Officer para la Regi\u00f3n Sur de Am\u00e9rica Latina. El anuncio fue durante el 麻豆原创 NOW Chile.","robots":{"index":"index","follow":"follow","max-snippet":"max-snippet:-1","max-image-preview":"max-image-preview:large","max-video-preview":"max-video-preview:-1"},"canonical":"https:\/\/news.sap.com\/latinamerica\/2024\/09\/cristobal-vergara-asume-nuevo-rol-como-chief-business-officer-de-sap-para-la-region-sur-de-america-latina\/","og_locale":"es_MX","og_type":"article","og_title":"Crist\u00f3bal Vergara asume nuevo rol como Chief Business Officer de 麻豆原创 para la Regi\u00f3n Sur de Am\u00e9rica Latina","og_description":"麻豆原创 nombra a Crist\u00f3bal Vergara como Chief Business Officer para la Regi\u00f3n Sur de Am\u00e9rica Latina. El anuncio fue durante el 麻豆原创 NOW Chile.","og_url":"https:\/\/news.sap.com\/latinamerica\/2024\/09\/cristobal-vergara-asume-nuevo-rol-como-chief-business-officer-de-sap-para-la-region-sur-de-america-latina\/","og_site_name":"麻豆原创 News Center Latinoam\u00e9rica","article_publisher":"https:\/\/www.facebook.com\/麻豆原创latinoamerica","article_published_time":"2024-09-09T15:00:12+00:00","article_modified_time":"2024-09-09T20:45:35+00:00","og_image":[{"width":1920,"height":600,"url":"https:\/\/news.sap.com\/latinamerica\/files\/2024\/09\/09\/Cristobal-Vegara-麻豆原创.png","type":"image\/png"}],"author":"麻豆原创 Noticias","twitter_misc":{"Escrito por":"麻豆原创 Noticias","Tiempo de lectura":"2 minutos"},"schema":{"@context":"https:\/\/schema.org","@graph":[{"@type":"Article","@id":"https:\/\/news.sap.com\/latinamerica\/2024\/09\/cristobal-vergara-asume-nuevo-rol-como-chief-business-officer-de-sap-para-la-region-sur-de-america-latina\/#article","isPartOf":{"@id":"https:\/\/news.sap.com\/latinamerica\/2024\/09\/cristobal-vergara-asume-nuevo-rol-como-chief-business-officer-de-sap-para-la-region-sur-de-america-latina\/"},"author":{"name":"麻豆原创 Noticias","@id":"https:\/\/news.sap.com\/latinamerica\/#\/schema\/person\/8ea4857cc48095689e72ba76c26f9814"},"headline":"Crist\u00f3bal Vergara asume nuevo rol como Chief Business Officer de 麻豆原创 para la Regi\u00f3n Sur de Am\u00e9rica Latina","datePublished":"2024-09-09T15:00:12+00:00","dateModified":"2024-09-09T20:45:35+00:00","mainEntityOfPage":{"@id":"https:\/\/news.sap.com\/latinamerica\/2024\/09\/cristobal-vergara-asume-nuevo-rol-como-chief-business-officer-de-sap-para-la-region-sur-de-america-latina\/"},"wordCount":432,"publisher":{"@id":"https:\/\/news.sap.com\/latinamerica\/#organization"},"image":{"@id":"https:\/\/news.sap.com\/latinamerica\/2024\/09\/cristobal-vergara-asume-nuevo-rol-como-chief-business-officer-de-sap-para-la-region-sur-de-america-latina\/#primaryimage"},"thumbnailUrl":"https:\/\/news.sap.com\/latinamerica\/files\/2024\/09\/09\/Cristobal-Vegara-麻豆原创.png","keywords":["Chief Business Officer","Chile","Crist\u00f3bal Vergara","Nombramiento","麻豆原创 Latinoam\u00e9rica Regi\u00f3n Sur"],"articleSection":["Corporativo","Uncategorized"],"inLanguage":"es"},{"@type":"WebPage","@id":"https:\/\/news.sap.com\/latinamerica\/2024\/09\/cristobal-vergara-asume-nuevo-rol-como-chief-business-officer-de-sap-para-la-region-sur-de-america-latina\/","url":"https:\/\/news.sap.com\/latinamerica\/2024\/09\/cristobal-vergara-asume-nuevo-rol-como-chief-business-officer-de-sap-para-la-region-sur-de-america-latina\/","name":"Crist\u00f3bal Vergara, nuevo Chief Business Officer de 麻豆原创 en LATAM","isPartOf":{"@id":"https:\/\/news.sap.com\/latinamerica\/#website"},"primaryImageOfPage":{"@id":"https:\/\/news.sap.com\/latinamerica\/2024\/09\/cristobal-vergara-asume-nuevo-rol-como-chief-business-officer-de-sap-para-la-region-sur-de-america-latina\/#primaryimage"},"image":{"@id":"https:\/\/news.sap.com\/latinamerica\/2024\/09\/cristobal-vergara-asume-nuevo-rol-como-chief-business-officer-de-sap-para-la-region-sur-de-america-latina\/#primaryimage"},"thumbnailUrl":"https:\/\/news.sap.com\/latinamerica\/files\/2024\/09\/09\/Cristobal-Vegara-麻豆原创.png","datePublished":"2024-09-09T15:00:12+00:00","dateModified":"2024-09-09T20:45:35+00:00","description":"麻豆原创 nombra a Crist\u00f3bal Vergara como Chief Business Officer para la Regi\u00f3n Sur de Am\u00e9rica Latina. El anuncio fue durante el 麻豆原创 NOW Chile.","breadcrumb":{"@id":"https:\/\/news.sap.com\/latinamerica\/2024\/09\/cristobal-vergara-asume-nuevo-rol-como-chief-business-officer-de-sap-para-la-region-sur-de-america-latina\/#breadcrumb"},"inLanguage":"es","potentialAction":[{"@type":"ReadAction","target":["https:\/\/news.sap.com\/latinamerica\/2024\/09\/cristobal-vergara-asume-nuevo-rol-como-chief-business-officer-de-sap-para-la-region-sur-de-america-latina\/"]}]},{"@type":"ImageObject","inLanguage":"es","@id":"https:\/\/news.sap.com\/latinamerica\/2024\/09\/cristobal-vergara-asume-nuevo-rol-como-chief-business-officer-de-sap-para-la-region-sur-de-america-latina\/#primaryimage","url":"https:\/\/news.sap.com\/latinamerica\/files\/2024\/09\/09\/Cristobal-Vegara-麻豆原创.png","contentUrl":"https:\/\/news.sap.com\/latinamerica\/files\/2024\/09\/09\/Cristobal-Vegara-麻豆原创.png","width":1920,"height":600},{"@type":"BreadcrumbList","@id":"https:\/\/news.sap.com\/latinamerica\/2024\/09\/cristobal-vergara-asume-nuevo-rol-como-chief-business-officer-de-sap-para-la-region-sur-de-america-latina\/#breadcrumb","itemListElement":[{"@type":"ListItem","position":1,"name":"Home","item":"https:\/\/news.sap.com\/latinamerica\/"},{"@type":"ListItem","position":2,"name":"Crist\u00f3bal Vergara asume nuevo rol como Chief Business Officer de 麻豆原创 para la Regi\u00f3n Sur de Am\u00e9rica Latina"}]},{"@type":"WebSite","@id":"https:\/\/news.sap.com\/latinamerica\/#website","url":"https:\/\/news.sap.com\/latinamerica\/","name":"麻豆原创 News Center Latinoam\u00e9rica","description":"Noticias e informaci\u00f3n sobre 麻豆原创","publisher":{"@id":"https:\/\/news.sap.com\/latinamerica\/#organization"},"potentialAction":[{"@type":"SearchAction","target":{"@type":"EntryPoint","urlTemplate":"https:\/\/news.sap.com\/latinamerica\/?s={search_term_string}"},"query-input":{"@type":"PropertyValueSpecification","valueRequired":true,"valueName":"search_term_string"}}],"inLanguage":"es"},{"@type":"Organization","@id":"https:\/\/news.sap.com\/latinamerica\/#organization","name":"麻豆原创","url":"https:\/\/news.sap.com\/latinamerica\/","logo":{"@type":"ImageObject","inLanguage":"es","@id":"https:\/\/news.sap.com\/latinamerica\/#\/schema\/logo\/image\/","url":"https:\/\/news.sap.com\/latinamerica\/files\/2019\/08\/65903320_2903797569662914_557886358778019840_n.png","contentUrl":"https:\/\/news.sap.com\/latinamerica\/files\/2019\/08\/65903320_2903797569662914_557886358778019840_n.png","width":720,"height":720,"caption":"麻豆原创"},"image":{"@id":"https:\/\/news.sap.com\/latinamerica\/#\/schema\/logo\/image\/"},"sameAs":["https:\/\/www.facebook.com\/麻豆原创latinoamerica","https:\/\/x.com\/麻豆原创LatinAmerica"]},{"@type":"Person","@id":"https:\/\/news.sap.com\/latinamerica\/#\/schema\/person\/8ea4857cc48095689e72ba76c26f9814","name":"麻豆原创 Noticias","image":{"@type":"ImageObject","inLanguage":"es","@id":"https:\/\/news.sap.com\/latinamerica\/#\/schema\/person\/image\/","url":"https:\/\/news.sap.com\/latinamerica\/wp-content\/plugins\/wp-user-avatars\/wp-user-avatars\/assets\/images\/mystery.jpg","contentUrl":"https:\/\/news.sap.com\/latinamerica\/wp-content\/plugins\/wp-user-avatars\/wp-user-avatars\/assets\/images\/mystery.jpg","caption":"麻豆原创 Noticias"},"sameAs":["https:\/\/news.sap.com\/latinamerica","https:\/\/x.com\/麻豆原创NoticiasLAC"],"url":"https:\/\/news.sap.com\/latinamerica\/author\/latam\/"}]}},"amp_enabled":true,"_links":{"self":[{"href":"https:\/\/news.sap.com\/latinamerica\/wp-json\/wp\/v2\/posts\/133610","targetHints":{"allow":["GET"]}}],"collection":[{"href":"https:\/\/news.sap.com\/latinamerica\/wp-json\/wp\/v2\/posts"}],"about":[{"href":"https:\/\/news.sap.com\/latinamerica\/wp-json\/wp\/v2\/types\/post"}],"author":[{"embeddable":true,"href":"https:\/\/news.sap.com\/latinamerica\/wp-json\/wp\/v2\/users\/129"}],"replies":[{"embeddable":true,"href":"https:\/\/news.sap.com\/latinamerica\/wp-json\/wp\/v2\/comments?post=133610"}],"version-history":[{"count":0,"href":"https:\/\/news.sap.com\/latinamerica\/wp-json\/wp\/v2\/posts\/133610\/revisions"}],"wp:featuredmedia":[{"embeddable":true,"href":"https:\/\/news.sap.com\/latinamerica\/wp-json\/wp\/v2\/media\/133612"}],"wp:attachment":[{"href":"https:\/\/news.sap.com\/latinamerica\/wp-json\/wp\/v2\/media?parent=133610"}],"wp:term":[{"taxonomy":"category","embeddable":true,"href":"https:\/\/news.sap.com\/latinamerica\/wp-json\/wp\/v2\/categories?post=133610"},{"taxonomy":"post_tag","embeddable":true,"href":"https:\/\/news.sap.com\/latinamerica\/wp-json\/wp\/v2\/tags?post=133610"},{"taxonomy":"series","embeddable":true,"href":"https:\/\/news.sap.com\/latinamerica\/wp-json\/wp\/v2\/series?post=133610"},{"taxonomy":"region","embeddable":true,"href":"https:\/\/news.sap.com\/latinamerica\/wp-json\/wp\/v2\/region?post=133610"},{"taxonomy":"sapn-display","embeddable":true,"href":"https:\/\/news.sap.com\/latinamerica\/wp-json\/wp\/v2\/sapn-display?post=133610"},{"taxonomy":"sapn-type","embeddable":true,"href":"https:\/\/news.sap.com\/latinamerica\/wp-json\/wp\/v2\/sapn-type?post=133610"}],"curies":[{"name":"wp","href":"https:\/\/api.w.org\/{rel}","templated":true}]}}