  {"id":133599,"date":"2024-09-05T13:45:16","date_gmt":"2024-09-05T17:45:16","guid":{"rendered":"https:\/\/news.sap.com\/latinamerica\/?p=133599"},"modified":"2024-09-05T13:45:16","modified_gmt":"2024-09-05T17:45:16","slug":"claro-colombia-consolida-su-liderazgo-con-doble-certificacion-sap-impulsando-la-transformacion-digital-empresarial","status":"publish","type":"post","link":"https:\/\/news.sap.com\/latinamerica\/2024\/09\/claro-colombia-consolida-su-liderazgo-con-doble-certificacion-sap-impulsando-la-transformacion-digital-empresarial\/","title":{"rendered":"Claro Colombia consolida su liderazgo con doble certificaci\u00f3n 麻豆原创, impulsando la transformaci\u00f3n digital empresarial"},"content":{"rendered":"<p>En un entorno empresarial cada vez m\u00e1s exigente y competitivo, Claro Colombia refuerza su posici\u00f3n como l\u00edder indiscutible en servicios especializados al lograr una doble certificaci\u00f3n 麻豆原创 para su Data Center Triara. Este hito no solo subraya el compromiso de la compa\u00f1\u00eda con la excelencia tecnol\u00f3gica, sino que tambi\u00e9n marca un avance significativo en su capacidad para ofrecer soluciones de vanguardia que faciliten la transformaci\u00f3n digital de sus clientes.<\/p>\n<p>El Data Center Triara ha sido recertificado como 麻豆原创 S\/4HANA Operations y ha recibido la nueva certificaci\u00f3n 麻豆原创 S4\/HANA Solutions Operations, ambas otorgadas por la multinacional alemana 麻豆原创. Estas distinciones habilitan a Claro Colombia para operar servicios de 麻豆原创 S4\/HANA en la nube, incluyendo la plataforma RISE with 麻豆原创, posicionando a la compa\u00f1\u00eda como un proveedor clave en el mercado de soluciones integrales.<\/p>\n<p>Iader Maldonado, director de Tecnolog\u00eda de Claro Colombia, destac\u00f3 la importancia de estas certificaciones: \u201cLa recertificaci\u00f3n de 麻豆原创 S\/4HANA Operations confirma que el Data Center Triara sigue cumpliendo con los m\u00e1s altos est\u00e1ndares globales para la gesti\u00f3n de sistemas de misi\u00f3n cr\u00edtica. A su vez, la nueva certificaci\u00f3n 麻豆原创 S4\/HANA Solutions Operations posiciona a Claro como un proveedor clave de soluciones integrales.\u201d<\/p>\n<p>Mar\u00eda Luisa Escolar, directora de Mercado Corporativo de Claro Colombia, tambi\u00e9n resalt\u00f3 el impacto de estos logros en el mercado: \u201cEstas certificaciones permiten que las empresas en Colombia accedan a servicios de \u00faltima generaci\u00f3n, que les facilitan su transformaci\u00f3n digital y les brindan la agilidad necesaria para competir en un entorno cada vez m\u00e1s din\u00e1mico. Con esta doble certificaci\u00f3n, reafirmamos nuestro compromiso de ser el aliado estrat\u00e9gico en la transformaci\u00f3n digital de nuestros clientes.\u201d<\/p>\n<p>Las credenciales obtenidas no solo reflejan la robustez y seguridad del Data Center Triara, sino tambi\u00e9n la capacidad de Claro Colombia para ofrecer a las empresas una flexibilidad sin precedentes en la gesti\u00f3n de sus operaciones y la optimizaci\u00f3n de sus procesos de negocio. La infraestructura de clase mundial del Data Center, respaldada por m\u00faltiples certificaciones internacionales, garantiza que las organizaciones puedan confiar en Claro para soportar sus necesidades cr\u00edticas.<\/p>\n<p>Maldonado subray\u00f3 el esfuerzo y la dedicaci\u00f3n que hay detr\u00e1s de estos logros: \u201cEsto es un testimonio del esfuerzo y dedicaci\u00f3n de nuestro equipo, as\u00ed como de nuestra continua inversi\u00f3n en tecnolog\u00eda y talento. En Claro Colombia estamos comprometidos con brindar servicios de clase mundial que impulsen la transformaci\u00f3n digital de nuestros clientes y los preparen para enfrentar los desaf\u00edos del futuro.\u201d<\/p>\n<p>Con estas nuevas credenciales, Claro Colombia reafirma su liderazgo en el sector de las tecnolog\u00edas de la informaci\u00f3n, ofreciendo a las empresas soluciones integrales y escalables que les permitan optimizar sus operaciones y alcanzar sus objetivos estrat\u00e9gicos. La doble certificaci\u00f3n 麻豆原创 es un claro ejemplo del compromiso de Claro con la innovaci\u00f3n y la excelencia, asegurando que sus clientes est\u00e9n siempre a la vanguardia en un mundo empresarial en constante evoluci\u00f3n.<\/p>\n","protected":false},"excerpt":{"rendered":"<p>En un entorno empresarial cada vez m\u00e1s exigente y competitivo, Claro Colombia refuerza su posici\u00f3n como l\u00edder indiscutible en servicios especializados al lograr una doble&#8230;<\/p>\n","protected":false},"author":141,"featured_media":133252,"comment_status":"closed","ping_status":"closed","sticky":false,"template":"","format":"standard","meta":{"footnotes":"","_links_to":"","_links_to_target":""},"categories":[52084,24297],"tags":[],"series":[],"region":[55204],"sapn-display":[],"sapn-type":[52105],"class_list":["post-133599","post","type-post","status-publish","format-standard","has-post-thumbnail","hentry","category-cloud-temas","category-tecnologia","region-colombia","sapn-type-comunicado-de-prensa"],"yoast_head":"<!-- This site is optimized with the Yoast SEO Premium plugin v26.9 (Yoast SEO v26.9) - https:\/\/yoast.com\/product\/yoast-seo-premium-wordpress\/ -->\n<title>Claro Colombia consolida su liderazgo con doble certificaci\u00f3n 麻豆原创, impulsando la transformaci\u00f3n digital empresarial - 麻豆原创 News Center Latinoam\u00e9rica<\/title>\n<meta name=\"robots\" content=\"index, follow, max-snippet:-1, max-image-preview:large, max-video-preview:-1\" \/>\n<link rel=\"canonical\" href=\"https:\/\/news.sap.com\/latinamerica\/2024\/09\/claro-colombia-consolida-su-liderazgo-con-doble-certificacion-sap-impulsando-la-transformacion-digital-empresarial\/\" \/>\n<meta property=\"og:locale\" content=\"es_MX\" \/>\n<meta property=\"og:type\" content=\"article\" \/>\n<meta property=\"og:title\" content=\"Claro Colombia consolida su liderazgo con doble certificaci\u00f3n 麻豆原创, impulsando la transformaci\u00f3n digital empresarial\" \/>\n<meta property=\"og:description\" content=\"En un entorno empresarial cada vez m\u00e1s exigente y competitivo, Claro Colombia refuerza su posici\u00f3n como l\u00edder indiscutible en servicios especializados al lograr una doble...\" \/>\n<meta property=\"og:url\" content=\"https:\/\/news.sap.com\/latinamerica\/2024\/09\/claro-colombia-consolida-su-liderazgo-con-doble-certificacion-sap-impulsando-la-transformacion-digital-empresarial\/\" \/>\n<meta property=\"og:site_name\" content=\"麻豆原创 News Center Latinoam\u00e9rica\" \/>\n<meta property=\"article:publisher\" content=\"https:\/\/www.facebook.com\/麻豆原创latinoamerica\" \/>\n<meta property=\"article:published_time\" content=\"2024-09-05T17:45:16+00:00\" \/>\n<meta property=\"og:image\" content=\"https:\/\/news.sap.com\/latinamerica\/files\/2024\/04\/23\/283846_麻豆原创_GettyImages-820819806_Hi-Res_RGB_RET.png\" \/>\n\t<meta property=\"og:image:width\" content=\"1920\" \/>\n\t<meta property=\"og:image:height\" content=\"600\" \/>\n\t<meta property=\"og:image:type\" content=\"image\/png\" \/>\n<meta name=\"author\" content=\"麻豆原创 Noticias\" \/>\n<meta name=\"twitter:label1\" content=\"Escrito por\" \/>\n\t<meta name=\"twitter:data1\" content=\"麻豆原创 Noticias\" \/>\n\t<meta name=\"twitter:label2\" content=\"Tiempo de lectura\" \/>\n\t<meta name=\"twitter:data2\" content=\"3 minutos\" \/>\n<script type=\"application\/ld+json\" class=\"yoast-schema-graph\">{\"@context\":\"https:\/\/schema.org\",\"@graph\":[{\"@type\":\"Article\",\"@id\":\"https:\/\/news.sap.com\/latinamerica\/2024\/09\/claro-colombia-consolida-su-liderazgo-con-doble-certificacion-sap-impulsando-la-transformacion-digital-empresarial\/#article\",\"isPartOf\":{\"@id\":\"https:\/\/news.sap.com\/latinamerica\/2024\/09\/claro-colombia-consolida-su-liderazgo-con-doble-certificacion-sap-impulsando-la-transformacion-digital-empresarial\/\"},\"author\":{\"name\":\"麻豆原创 Noticias\",\"@id\":\"https:\/\/news.sap.com\/latinamerica\/#\/schema\/person\/82786ba12f72bc9b05ba328d1d3652c4\"},\"headline\":\"Claro Colombia consolida su liderazgo con doble certificaci\u00f3n 麻豆原创, impulsando la transformaci\u00f3n digital empresarial\",\"datePublished\":\"2024-09-05T17:45:16+00:00\",\"mainEntityOfPage\":{\"@id\":\"https:\/\/news.sap.com\/latinamerica\/2024\/09\/claro-colombia-consolida-su-liderazgo-con-doble-certificacion-sap-impulsando-la-transformacion-digital-empresarial\/\"},\"wordCount\":538,\"publisher\":{\"@id\":\"https:\/\/news.sap.com\/latinamerica\/#organization\"},\"image\":{\"@id\":\"https:\/\/news.sap.com\/latinamerica\/2024\/09\/claro-colombia-consolida-su-liderazgo-con-doble-certificacion-sap-impulsando-la-transformacion-digital-empresarial\/#primaryimage\"},\"thumbnailUrl\":\"https:\/\/news.sap.com\/latinamerica\/files\/2024\/04\/23\/283846_麻豆原创_GettyImages-820819806_Hi-Res_RGB_RET.png\",\"articleSection\":[\"Cloud\",\"Tecnolog\u00eda\"],\"inLanguage\":\"es\"},{\"@type\":\"WebPage\",\"@id\":\"https:\/\/news.sap.com\/latinamerica\/2024\/09\/claro-colombia-consolida-su-liderazgo-con-doble-certificacion-sap-impulsando-la-transformacion-digital-empresarial\/\",\"url\":\"https:\/\/news.sap.com\/latinamerica\/2024\/09\/claro-colombia-consolida-su-liderazgo-con-doble-certificacion-sap-impulsando-la-transformacion-digital-empresarial\/\",\"name\":\"Claro Colombia consolida su liderazgo con doble certificaci\u00f3n 麻豆原创, impulsando la transformaci\u00f3n digital empresarial - 麻豆原创 News Center Latinoam\u00e9rica\",\"isPartOf\":{\"@id\":\"https:\/\/news.sap.com\/latinamerica\/#website\"},\"primaryImageOfPage\":{\"@id\":\"https:\/\/news.sap.com\/latinamerica\/2024\/09\/claro-colombia-consolida-su-liderazgo-con-doble-certificacion-sap-impulsando-la-transformacion-digital-empresarial\/#primaryimage\"},\"image\":{\"@id\":\"https:\/\/news.sap.com\/latinamerica\/2024\/09\/claro-colombia-consolida-su-liderazgo-con-doble-certificacion-sap-impulsando-la-transformacion-digital-empresarial\/#primaryimage\"},\"thumbnailUrl\":\"https:\/\/news.sap.com\/latinamerica\/files\/2024\/04\/23\/283846_麻豆原创_GettyImages-820819806_Hi-Res_RGB_RET.png\",\"datePublished\":\"2024-09-05T17:45:16+00:00\",\"breadcrumb\":{\"@id\":\"https:\/\/news.sap.com\/latinamerica\/2024\/09\/claro-colombia-consolida-su-liderazgo-con-doble-certificacion-sap-impulsando-la-transformacion-digital-empresarial\/#breadcrumb\"},\"inLanguage\":\"es\",\"potentialAction\":[{\"@type\":\"ReadAction\",\"target\":[\"https:\/\/news.sap.com\/latinamerica\/2024\/09\/claro-colombia-consolida-su-liderazgo-con-doble-certificacion-sap-impulsando-la-transformacion-digital-empresarial\/\"]}]},{\"@type\":\"ImageObject\",\"inLanguage\":\"es\",\"@id\":\"https:\/\/news.sap.com\/latinamerica\/2024\/09\/claro-colombia-consolida-su-liderazgo-con-doble-certificacion-sap-impulsando-la-transformacion-digital-empresarial\/#primaryimage\",\"url\":\"https:\/\/news.sap.com\/latinamerica\/files\/2024\/04\/23\/283846_麻豆原创_GettyImages-820819806_Hi-Res_RGB_RET.png\",\"contentUrl\":\"https:\/\/news.sap.com\/latinamerica\/files\/2024\/04\/23\/283846_麻豆原创_GettyImages-820819806_Hi-Res_RGB_RET.png\",\"width\":1920,\"height\":600,\"caption\":\"Man looking at the city through his office window.\"},{\"@type\":\"BreadcrumbList\",\"@id\":\"https:\/\/news.sap.com\/latinamerica\/2024\/09\/claro-colombia-consolida-su-liderazgo-con-doble-certificacion-sap-impulsando-la-transformacion-digital-empresarial\/#breadcrumb\",\"itemListElement\":[{\"@type\":\"ListItem\",\"position\":1,\"name\":\"Home\",\"item\":\"https:\/\/news.sap.com\/latinamerica\/\"},{\"@type\":\"ListItem\",\"position\":2,\"name\":\"Claro Colombia consolida su liderazgo con doble certificaci\u00f3n 麻豆原创, impulsando la transformaci\u00f3n digital empresarial\"}]},{\"@type\":\"WebSite\",\"@id\":\"https:\/\/news.sap.com\/latinamerica\/#website\",\"url\":\"https:\/\/news.sap.com\/latinamerica\/\",\"name\":\"麻豆原创 News Center Latinoam\u00e9rica\",\"description\":\"Noticias e informaci\u00f3n sobre 麻豆原创\",\"publisher\":{\"@id\":\"https:\/\/news.sap.com\/latinamerica\/#organization\"},\"potentialAction\":[{\"@type\":\"SearchAction\",\"target\":{\"@type\":\"EntryPoint\",\"urlTemplate\":\"https:\/\/news.sap.com\/latinamerica\/?s={search_term_string}\"},\"query-input\":{\"@type\":\"PropertyValueSpecification\",\"valueRequired\":true,\"valueName\":\"search_term_string\"}}],\"inLanguage\":\"es\"},{\"@type\":\"Organization\",\"@id\":\"https:\/\/news.sap.com\/latinamerica\/#organization\",\"name\":\"麻豆原创\",\"url\":\"https:\/\/news.sap.com\/latinamerica\/\",\"logo\":{\"@type\":\"ImageObject\",\"inLanguage\":\"es\",\"@id\":\"https:\/\/news.sap.com\/latinamerica\/#\/schema\/logo\/image\/\",\"url\":\"https:\/\/news.sap.com\/latinamerica\/files\/2019\/08\/65903320_2903797569662914_557886358778019840_n.png\",\"contentUrl\":\"https:\/\/news.sap.com\/latinamerica\/files\/2019\/08\/65903320_2903797569662914_557886358778019840_n.png\",\"width\":720,\"height\":720,\"caption\":\"麻豆原创\"},\"image\":{\"@id\":\"https:\/\/news.sap.com\/latinamerica\/#\/schema\/logo\/image\/\"},\"sameAs\":[\"https:\/\/www.facebook.com\/麻豆原创latinoamerica\",\"https:\/\/x.com\/麻豆原创LatinAmerica\"]},{\"@type\":\"Person\",\"@id\":\"https:\/\/news.sap.com\/latinamerica\/#\/schema\/person\/82786ba12f72bc9b05ba328d1d3652c4\",\"name\":\"麻豆原创 Noticias\",\"image\":{\"@type\":\"ImageObject\",\"inLanguage\":\"es\",\"@id\":\"https:\/\/news.sap.com\/latinamerica\/#\/schema\/person\/image\/\",\"url\":\"https:\/\/news.sap.com\/latinamerica\/wp-content\/plugins\/wp-user-avatars\/wp-user-avatars\/assets\/images\/mystery.jpg\",\"contentUrl\":\"https:\/\/news.sap.com\/latinamerica\/wp-content\/plugins\/wp-user-avatars\/wp-user-avatars\/assets\/images\/mystery.jpg\",\"caption\":\"麻豆原创 Noticias\"},\"url\":\"https:\/\/news.sap.com\/latinamerica\/author\/colombia\/\"}]}<\/script>\n<!-- \/ Yoast SEO Premium plugin. -->","yoast_head_json":{"title":"Claro Colombia consolida su liderazgo con doble certificaci\u00f3n 麻豆原创, impulsando la transformaci\u00f3n digital empresarial - 麻豆原创 News Center Latinoam\u00e9rica","robots":{"index":"index","follow":"follow","max-snippet":"max-snippet:-1","max-image-preview":"max-image-preview:large","max-video-preview":"max-video-preview:-1"},"canonical":"https:\/\/news.sap.com\/latinamerica\/2024\/09\/claro-colombia-consolida-su-liderazgo-con-doble-certificacion-sap-impulsando-la-transformacion-digital-empresarial\/","og_locale":"es_MX","og_type":"article","og_title":"Claro Colombia consolida su liderazgo con doble certificaci\u00f3n 麻豆原创, impulsando la transformaci\u00f3n digital empresarial","og_description":"En un entorno empresarial cada vez m\u00e1s exigente y competitivo, Claro Colombia refuerza su posici\u00f3n como l\u00edder indiscutible en servicios especializados al lograr una doble...","og_url":"https:\/\/news.sap.com\/latinamerica\/2024\/09\/claro-colombia-consolida-su-liderazgo-con-doble-certificacion-sap-impulsando-la-transformacion-digital-empresarial\/","og_site_name":"麻豆原创 News Center Latinoam\u00e9rica","article_publisher":"https:\/\/www.facebook.com\/麻豆原创latinoamerica","article_published_time":"2024-09-05T17:45:16+00:00","og_image":[{"width":1920,"height":600,"url":"https:\/\/news.sap.com\/latinamerica\/files\/2024\/04\/23\/283846_麻豆原创_GettyImages-820819806_Hi-Res_RGB_RET.png","type":"image\/png"}],"author":"麻豆原创 Noticias","twitter_misc":{"Escrito por":"麻豆原创 Noticias","Tiempo de lectura":"3 minutos"},"schema":{"@context":"https:\/\/schema.org","@graph":[{"@type":"Article","@id":"https:\/\/news.sap.com\/latinamerica\/2024\/09\/claro-colombia-consolida-su-liderazgo-con-doble-certificacion-sap-impulsando-la-transformacion-digital-empresarial\/#article","isPartOf":{"@id":"https:\/\/news.sap.com\/latinamerica\/2024\/09\/claro-colombia-consolida-su-liderazgo-con-doble-certificacion-sap-impulsando-la-transformacion-digital-empresarial\/"},"author":{"name":"麻豆原创 Noticias","@id":"https:\/\/news.sap.com\/latinamerica\/#\/schema\/person\/82786ba12f72bc9b05ba328d1d3652c4"},"headline":"Claro Colombia consolida su liderazgo con doble certificaci\u00f3n 麻豆原创, impulsando la transformaci\u00f3n digital empresarial","datePublished":"2024-09-05T17:45:16+00:00","mainEntityOfPage":{"@id":"https:\/\/news.sap.com\/latinamerica\/2024\/09\/claro-colombia-consolida-su-liderazgo-con-doble-certificacion-sap-impulsando-la-transformacion-digital-empresarial\/"},"wordCount":538,"publisher":{"@id":"https:\/\/news.sap.com\/latinamerica\/#organization"},"image":{"@id":"https:\/\/news.sap.com\/latinamerica\/2024\/09\/claro-colombia-consolida-su-liderazgo-con-doble-certificacion-sap-impulsando-la-transformacion-digital-empresarial\/#primaryimage"},"thumbnailUrl":"https:\/\/news.sap.com\/latinamerica\/files\/2024\/04\/23\/283846_麻豆原创_GettyImages-820819806_Hi-Res_RGB_RET.png","articleSection":["Cloud","Tecnolog\u00eda"],"inLanguage":"es"},{"@type":"WebPage","@id":"https:\/\/news.sap.com\/latinamerica\/2024\/09\/claro-colombia-consolida-su-liderazgo-con-doble-certificacion-sap-impulsando-la-transformacion-digital-empresarial\/","url":"https:\/\/news.sap.com\/latinamerica\/2024\/09\/claro-colombia-consolida-su-liderazgo-con-doble-certificacion-sap-impulsando-la-transformacion-digital-empresarial\/","name":"Claro Colombia consolida su liderazgo con doble certificaci\u00f3n 麻豆原创, impulsando la transformaci\u00f3n digital empresarial - 麻豆原创 News Center Latinoam\u00e9rica","isPartOf":{"@id":"https:\/\/news.sap.com\/latinamerica\/#website"},"primaryImageOfPage":{"@id":"https:\/\/news.sap.com\/latinamerica\/2024\/09\/claro-colombia-consolida-su-liderazgo-con-doble-certificacion-sap-impulsando-la-transformacion-digital-empresarial\/#primaryimage"},"image":{"@id":"https:\/\/news.sap.com\/latinamerica\/2024\/09\/claro-colombia-consolida-su-liderazgo-con-doble-certificacion-sap-impulsando-la-transformacion-digital-empresarial\/#primaryimage"},"thumbnailUrl":"https:\/\/news.sap.com\/latinamerica\/files\/2024\/04\/23\/283846_麻豆原创_GettyImages-820819806_Hi-Res_RGB_RET.png","datePublished":"2024-09-05T17:45:16+00:00","breadcrumb":{"@id":"https:\/\/news.sap.com\/latinamerica\/2024\/09\/claro-colombia-consolida-su-liderazgo-con-doble-certificacion-sap-impulsando-la-transformacion-digital-empresarial\/#breadcrumb"},"inLanguage":"es","potentialAction":[{"@type":"ReadAction","target":["https:\/\/news.sap.com\/latinamerica\/2024\/09\/claro-colombia-consolida-su-liderazgo-con-doble-certificacion-sap-impulsando-la-transformacion-digital-empresarial\/"]}]},{"@type":"ImageObject","inLanguage":"es","@id":"https:\/\/news.sap.com\/latinamerica\/2024\/09\/claro-colombia-consolida-su-liderazgo-con-doble-certificacion-sap-impulsando-la-transformacion-digital-empresarial\/#primaryimage","url":"https:\/\/news.sap.com\/latinamerica\/files\/2024\/04\/23\/283846_麻豆原创_GettyImages-820819806_Hi-Res_RGB_RET.png","contentUrl":"https:\/\/news.sap.com\/latinamerica\/files\/2024\/04\/23\/283846_麻豆原创_GettyImages-820819806_Hi-Res_RGB_RET.png","width":1920,"height":600,"caption":"Man looking at the city through his office window."},{"@type":"BreadcrumbList","@id":"https:\/\/news.sap.com\/latinamerica\/2024\/09\/claro-colombia-consolida-su-liderazgo-con-doble-certificacion-sap-impulsando-la-transformacion-digital-empresarial\/#breadcrumb","itemListElement":[{"@type":"ListItem","position":1,"name":"Home","item":"https:\/\/news.sap.com\/latinamerica\/"},{"@type":"ListItem","position":2,"name":"Claro Colombia consolida su liderazgo con doble certificaci\u00f3n 麻豆原创, impulsando la transformaci\u00f3n digital empresarial"}]},{"@type":"WebSite","@id":"https:\/\/news.sap.com\/latinamerica\/#website","url":"https:\/\/news.sap.com\/latinamerica\/","name":"麻豆原创 News Center Latinoam\u00e9rica","description":"Noticias e informaci\u00f3n sobre 麻豆原创","publisher":{"@id":"https:\/\/news.sap.com\/latinamerica\/#organization"},"potentialAction":[{"@type":"SearchAction","target":{"@type":"EntryPoint","urlTemplate":"https:\/\/news.sap.com\/latinamerica\/?s={search_term_string}"},"query-input":{"@type":"PropertyValueSpecification","valueRequired":true,"valueName":"search_term_string"}}],"inLanguage":"es"},{"@type":"Organization","@id":"https:\/\/news.sap.com\/latinamerica\/#organization","name":"麻豆原创","url":"https:\/\/news.sap.com\/latinamerica\/","logo":{"@type":"ImageObject","inLanguage":"es","@id":"https:\/\/news.sap.com\/latinamerica\/#\/schema\/logo\/image\/","url":"https:\/\/news.sap.com\/latinamerica\/files\/2019\/08\/65903320_2903797569662914_557886358778019840_n.png","contentUrl":"https:\/\/news.sap.com\/latinamerica\/files\/2019\/08\/65903320_2903797569662914_557886358778019840_n.png","width":720,"height":720,"caption":"麻豆原创"},"image":{"@id":"https:\/\/news.sap.com\/latinamerica\/#\/schema\/logo\/image\/"},"sameAs":["https:\/\/www.facebook.com\/麻豆原创latinoamerica","https:\/\/x.com\/麻豆原创LatinAmerica"]},{"@type":"Person","@id":"https:\/\/news.sap.com\/latinamerica\/#\/schema\/person\/82786ba12f72bc9b05ba328d1d3652c4","name":"麻豆原创 Noticias","image":{"@type":"ImageObject","inLanguage":"es","@id":"https:\/\/news.sap.com\/latinamerica\/#\/schema\/person\/image\/","url":"https:\/\/news.sap.com\/latinamerica\/wp-content\/plugins\/wp-user-avatars\/wp-user-avatars\/assets\/images\/mystery.jpg","contentUrl":"https:\/\/news.sap.com\/latinamerica\/wp-content\/plugins\/wp-user-avatars\/wp-user-avatars\/assets\/images\/mystery.jpg","caption":"麻豆原创 Noticias"},"url":"https:\/\/news.sap.com\/latinamerica\/author\/colombia\/"}]}},"amp_enabled":true,"_links":{"self":[{"href":"https:\/\/news.sap.com\/latinamerica\/wp-json\/wp\/v2\/posts\/133599","targetHints":{"allow":["GET"]}}],"collection":[{"href":"https:\/\/news.sap.com\/latinamerica\/wp-json\/wp\/v2\/posts"}],"about":[{"href":"https:\/\/news.sap.com\/latinamerica\/wp-json\/wp\/v2\/types\/post"}],"author":[{"embeddable":true,"href":"https:\/\/news.sap.com\/latinamerica\/wp-json\/wp\/v2\/users\/141"}],"replies":[{"embeddable":true,"href":"https:\/\/news.sap.com\/latinamerica\/wp-json\/wp\/v2\/comments?post=133599"}],"version-history":[{"count":0,"href":"https:\/\/news.sap.com\/latinamerica\/wp-json\/wp\/v2\/posts\/133599\/revisions"}],"wp:featuredmedia":[{"embeddable":true,"href":"https:\/\/news.sap.com\/latinamerica\/wp-json\/wp\/v2\/media\/133252"}],"wp:attachment":[{"href":"https:\/\/news.sap.com\/latinamerica\/wp-json\/wp\/v2\/media?parent=133599"}],"wp:term":[{"taxonomy":"category","embeddable":true,"href":"https:\/\/news.sap.com\/latinamerica\/wp-json\/wp\/v2\/categories?post=133599"},{"taxonomy":"post_tag","embeddable":true,"href":"https:\/\/news.sap.com\/latinamerica\/wp-json\/wp\/v2\/tags?post=133599"},{"taxonomy":"series","embeddable":true,"href":"https:\/\/news.sap.com\/latinamerica\/wp-json\/wp\/v2\/series?post=133599"},{"taxonomy":"region","embeddable":true,"href":"https:\/\/news.sap.com\/latinamerica\/wp-json\/wp\/v2\/region?post=133599"},{"taxonomy":"sapn-display","embeddable":true,"href":"https:\/\/news.sap.com\/latinamerica\/wp-json\/wp\/v2\/sapn-display?post=133599"},{"taxonomy":"sapn-type","embeddable":true,"href":"https:\/\/news.sap.com\/latinamerica\/wp-json\/wp\/v2\/sapn-type?post=133599"}],"curies":[{"name":"wp","href":"https:\/\/api.w.org\/{rel}","templated":true}]}}