  {"id":133590,"date":"2024-09-03T13:34:35","date_gmt":"2024-09-03T17:34:35","guid":{"rendered":"https:\/\/news.sap.com\/latinamerica\/?p=133590"},"modified":"2024-09-03T13:34:35","modified_gmt":"2024-09-03T17:34:35","slug":"5-pasos-para-implementar-efectivamente-la-ia-generativa-en-pymes","status":"publish","type":"post","link":"https:\/\/news.sap.com\/latinamerica\/2024\/09\/5-pasos-para-implementar-efectivamente-la-ia-generativa-en-pymes\/","title":{"rendered":"5 pasos para implementar efectivamente la IA generativa en Pymes"},"content":{"rendered":"<p><i><span style=\"font-weight: 400\">La inteligencia artificial ha probado ser un aliado determinante para las empresas, sin embargo, las organizaciones se enfrentan a un reto cuando quieren introducir este tipo de tecnolog\u00eda dentro de sus operaciones diarias.<\/span><\/i><\/p>\n<p><span style=\"font-weight: 400\">Las peque\u00f1as y medianas empresas (Pymes) son fundamentales en la econom\u00eda mundial. Solo en Colombia,<\/span><a href=\"https:\/\/www.bbvaresearch.com\/publicaciones\/colombia-una-mirada-a-las-mipymes-en-colombia\/\"> <span style=\"font-weight: 400\">se estima que \u00e9stas generan<\/span><\/a><span style=\"font-weight: 400\"> cerca del 80% de los empleos y son responsables de cerca del 40% del PIB nacional anual.<\/span><\/p>\n<p><span style=\"font-weight: 400\">En un mundo en el que la digitalizaci\u00f3n se ha convertido en una norma para cualquier negocio, las pymes se enfrentan al desaf\u00edo de incorporar nuevas tecnolog\u00edas como la Inteligencia Artificial (IA) generativa para no quedarse atr\u00e1s, seguir innovando e incrementar su base de clientes.<\/span><\/p>\n<p><span style=\"font-weight: 400\">Una<\/span><a href=\"https:\/\/news.microsoft.com\/es-xl\/77-de-las-pymes-colombianas-ya-implementan-o-quieren-usar-ia-segun-encuesta-de-microsoft\/\"> <span style=\"font-weight: 400\">reciente encuesta<\/span><\/a><span style=\"font-weight: 400\"> se\u00f1ala que el 77% de las Pymes colombianas ya ha adoptado o est\u00e1 buscando adoptar esta tecnolog\u00eda, una cifra que muestra la relevancia que la IA tiene como parte de las estrategias de este tipo de organizaciones en el pa\u00eds.\u00a0<\/span><\/p>\n<p><span style=\"font-weight: 400\">\u201cLa IA es una herramienta de gran beneficio para las Pymes, especialmente en \u00e1reas como la automatizaci\u00f3n de tareas, la optimizaci\u00f3n del tiempo de los trabajadores y la mejora del servicio al cliente. Hacer una adopci\u00f3n estrat\u00e9gica y efectiva de esta tecnolog\u00eda puede hacer la diferencia y llevar a que una organizaci\u00f3n se pueda mantener competitiva\u201d, asegura Da<\/span><span style=\"font-weight: 400\">niel Castro, Gerente Comercial de 麻豆原创 para Colombia y Ecuador.<\/span><\/p>\n<p><span style=\"font-weight: 400\">Para ayudar a las Pymes a enfrentar los retos que llegan de la mano de la IA generativa, 麻豆原创 presenta cinco pasos esenciales para la implementaci\u00f3n de esta tecnolog\u00eda:<\/span><\/p>\n<ol>\n<li><b> Evaluar las necesidades y objetivos<\/b><\/li>\n<\/ol>\n<p><span style=\"font-weight: 400\">Antes de comenzar, es fundamental que las organizaciones puedan identificar las \u00e1reas de negocio en las que la IA generativa puede tener un impacto significativo. De esta manera ser\u00e1 m\u00e1s sencillo definir objetivos claros y medibles para la implementaci\u00f3n de IA, ya sea mejorar el marketing, el servicio al cliente o cualquier otra \u00e1rea del negocio.<\/span><\/p>\n<ol start=\"2\">\n<li><b> Formar un equipo multidisciplinario<\/b><\/li>\n<\/ol>\n<p><span style=\"font-weight: 400\">La implementaci\u00f3n de IA no es solo una tarea del departamento de TI. Involucrar personas de diferentes \u00e1reas de la empresa, como marketing, ventas y operaciones, permite tener un enfoque colaborativo que garantice que se aborden todas las necesidades y desaf\u00edos de la empresa. Adem\u00e1s, la colaboraci\u00f3n con proveedores de TI es crucial para definir una estrategia de inversi\u00f3n personalizada y adecuada a la infraestructura existente.<\/span><\/p>\n<ol start=\"3\">\n<li><b> Seleccionar herramientas y tecnolog\u00edas adecuadas<\/b><\/li>\n<\/ol>\n<p><span style=\"font-weight: 400\">La tercera recomendaci\u00f3n es investigar y elegir las herramientas de IA generativa que mejor se adapten a las necesidades de la empresa. Considerar opciones de software como servicio (SaaS) con controles de seguridad y privacidad apropiados para proteger la informaci\u00f3n empresarial es clave. Adem\u00e1s, la elecci\u00f3n correcta de plataformas puede facilitar una integraci\u00f3n gradual y segura en diferentes \u00e1reas del negocio.<\/span><\/p>\n<ol start=\"4\">\n<li><b> Desarrollar un proyecto piloto<\/b><\/li>\n<\/ol>\n<p><span style=\"font-weight: 400\">Es importante comenzar con un proyecto peque\u00f1o y manejable para probar la tecnolog\u00eda y evaluar su impacto. Las organizaciones deben definir m\u00e9tricas de \u00e9xito claras y hacer un seguimiento constante del progreso. Esta etapa de experimentaci\u00f3n emocional con la tecnolog\u00eda permitir\u00e1 identificar las \u00e1reas de impacto positivo y aquellas donde la IA no aporta diferencias significativas, evitando la inversi\u00f3n en recursos innecesarios.<\/span><\/p>\n<ol start=\"5\">\n<li><strong> Evaluar resultados y escalar<\/strong><\/li>\n<\/ol>\n<p><span style=\"font-weight: 400\">Analizar los resultados del proyecto piloto y evaluar si se cumplieron los objetivos iniciales es necesario para definir si el piloto ha sido exitoso. En ese caso, el siguiente paso es\u00a0 planificar la expansi\u00f3n de la IA generativa a otras \u00e1reas de la empresa. Escalar de manera gradual permitir\u00e1 una integraci\u00f3n m\u00e1s fluida y controlada, adapt\u00e1ndose a las necesidades espec\u00edficas de cada fase del negocio.<\/span><\/p>\n<p><span style=\"font-weight: 400\">Implementar IA generativa en una Pyme es un proceso desafiante pero lleno de oportunidades, con una tecnolog\u00eda que no solo optimiza los procesos internos, sino que tambi\u00e9n puede abrir nuevas avenidas para el crecimiento y el \u00e9xito empresarial.<\/span><\/p>\n","protected":false},"excerpt":{"rendered":"<p>La inteligencia artificial ha probado ser un aliado determinante para las empresas, sin embargo, las organizaciones se enfrentan a un reto cuando quieren introducir este&#8230;<\/p>\n","protected":false},"author":141,"featured_media":133591,"comment_status":"closed","ping_status":"closed","sticky":false,"template":"","format":"standard","meta":{"footnotes":"","_links_to":"","_links_to_target":""},"categories":[1],"tags":[],"series":[],"region":[],"sapn-display":[],"sapn-type":[],"class_list":["post-133590","post","type-post","status-publish","format-standard","has-post-thumbnail","hentry","category-uncategorized"],"yoast_head":"<!-- This site is optimized with the Yoast SEO Premium plugin v26.9 (Yoast SEO v26.9) - https:\/\/yoast.com\/product\/yoast-seo-premium-wordpress\/ -->\n<title>5 pasos para implementar efectivamente la IA generativa en Pymes - 麻豆原创 News Center Latinoam\u00e9rica<\/title>\n<meta name=\"robots\" content=\"index, follow, max-snippet:-1, max-image-preview:large, max-video-preview:-1\" \/>\n<link rel=\"canonical\" href=\"https:\/\/news.sap.com\/latinamerica\/2024\/09\/5-pasos-para-implementar-efectivamente-la-ia-generativa-en-pymes\/\" \/>\n<meta property=\"og:locale\" content=\"es_MX\" \/>\n<meta property=\"og:type\" content=\"article\" \/>\n<meta property=\"og:title\" content=\"5 pasos para implementar efectivamente la IA generativa en Pymes\" \/>\n<meta property=\"og:description\" content=\"La inteligencia artificial ha probado ser un aliado determinante para las empresas, sin embargo, las organizaciones se enfrentan a un reto cuando quieren introducir este...\" \/>\n<meta property=\"og:url\" content=\"https:\/\/news.sap.com\/latinamerica\/2024\/09\/5-pasos-para-implementar-efectivamente-la-ia-generativa-en-pymes\/\" \/>\n<meta property=\"og:site_name\" content=\"麻豆原创 News Center Latinoam\u00e9rica\" \/>\n<meta property=\"article:publisher\" content=\"https:\/\/www.facebook.com\/麻豆原创latinoamerica\" \/>\n<meta property=\"article:published_time\" content=\"2024-09-03T17:34:35+00:00\" \/>\n<meta property=\"og:image\" content=\"https:\/\/news.sap.com\/latinamerica\/files\/2024\/09\/03\/IMGCPPY-1.jpg\" \/>\n\t<meta property=\"og:image:width\" content=\"2093\" \/>\n\t<meta property=\"og:image:height\" content=\"1432\" \/>\n\t<meta property=\"og:image:type\" content=\"image\/jpeg\" \/>\n<meta name=\"author\" content=\"麻豆原创 Noticias\" \/>\n<meta name=\"twitter:label1\" content=\"Escrito por\" \/>\n\t<meta name=\"twitter:data1\" content=\"麻豆原创 Noticias\" \/>\n\t<meta name=\"twitter:label2\" content=\"Tiempo de lectura\" \/>\n\t<meta name=\"twitter:data2\" content=\"3 minutos\" \/>\n<script type=\"application\/ld+json\" class=\"yoast-schema-graph\">{\"@context\":\"https:\/\/schema.org\",\"@graph\":[{\"@type\":\"Article\",\"@id\":\"https:\/\/news.sap.com\/latinamerica\/2024\/09\/5-pasos-para-implementar-efectivamente-la-ia-generativa-en-pymes\/#article\",\"isPartOf\":{\"@id\":\"https:\/\/news.sap.com\/latinamerica\/2024\/09\/5-pasos-para-implementar-efectivamente-la-ia-generativa-en-pymes\/\"},\"author\":{\"name\":\"麻豆原创 Noticias\",\"@id\":\"https:\/\/news.sap.com\/latinamerica\/#\/schema\/person\/82786ba12f72bc9b05ba328d1d3652c4\"},\"headline\":\"5 pasos para implementar efectivamente la IA generativa en Pymes\",\"datePublished\":\"2024-09-03T17:34:35+00:00\",\"mainEntityOfPage\":{\"@id\":\"https:\/\/news.sap.com\/latinamerica\/2024\/09\/5-pasos-para-implementar-efectivamente-la-ia-generativa-en-pymes\/\"},\"wordCount\":675,\"publisher\":{\"@id\":\"https:\/\/news.sap.com\/latinamerica\/#organization\"},\"image\":{\"@id\":\"https:\/\/news.sap.com\/latinamerica\/2024\/09\/5-pasos-para-implementar-efectivamente-la-ia-generativa-en-pymes\/#primaryimage\"},\"thumbnailUrl\":\"https:\/\/news.sap.com\/latinamerica\/files\/2024\/09\/03\/IMGCPPY-1.jpg\",\"articleSection\":[\"Uncategorized\"],\"inLanguage\":\"es\"},{\"@type\":\"WebPage\",\"@id\":\"https:\/\/news.sap.com\/latinamerica\/2024\/09\/5-pasos-para-implementar-efectivamente-la-ia-generativa-en-pymes\/\",\"url\":\"https:\/\/news.sap.com\/latinamerica\/2024\/09\/5-pasos-para-implementar-efectivamente-la-ia-generativa-en-pymes\/\",\"name\":\"5 pasos para implementar efectivamente la IA generativa en Pymes - 麻豆原创 News Center Latinoam\u00e9rica\",\"isPartOf\":{\"@id\":\"https:\/\/news.sap.com\/latinamerica\/#website\"},\"primaryImageOfPage\":{\"@id\":\"https:\/\/news.sap.com\/latinamerica\/2024\/09\/5-pasos-para-implementar-efectivamente-la-ia-generativa-en-pymes\/#primaryimage\"},\"image\":{\"@id\":\"https:\/\/news.sap.com\/latinamerica\/2024\/09\/5-pasos-para-implementar-efectivamente-la-ia-generativa-en-pymes\/#primaryimage\"},\"thumbnailUrl\":\"https:\/\/news.sap.com\/latinamerica\/files\/2024\/09\/03\/IMGCPPY-1.jpg\",\"datePublished\":\"2024-09-03T17:34:35+00:00\",\"breadcrumb\":{\"@id\":\"https:\/\/news.sap.com\/latinamerica\/2024\/09\/5-pasos-para-implementar-efectivamente-la-ia-generativa-en-pymes\/#breadcrumb\"},\"inLanguage\":\"es\",\"potentialAction\":[{\"@type\":\"ReadAction\",\"target\":[\"https:\/\/news.sap.com\/latinamerica\/2024\/09\/5-pasos-para-implementar-efectivamente-la-ia-generativa-en-pymes\/\"]}]},{\"@type\":\"ImageObject\",\"inLanguage\":\"es\",\"@id\":\"https:\/\/news.sap.com\/latinamerica\/2024\/09\/5-pasos-para-implementar-efectivamente-la-ia-generativa-en-pymes\/#primaryimage\",\"url\":\"https:\/\/news.sap.com\/latinamerica\/files\/2024\/09\/03\/IMGCPPY-1.jpg\",\"contentUrl\":\"https:\/\/news.sap.com\/latinamerica\/files\/2024\/09\/03\/IMGCPPY-1.jpg\",\"width\":2093,\"height\":1432,\"caption\":\"Cropped shot of computer programmers working on new code\"},{\"@type\":\"BreadcrumbList\",\"@id\":\"https:\/\/news.sap.com\/latinamerica\/2024\/09\/5-pasos-para-implementar-efectivamente-la-ia-generativa-en-pymes\/#breadcrumb\",\"itemListElement\":[{\"@type\":\"ListItem\",\"position\":1,\"name\":\"Home\",\"item\":\"https:\/\/news.sap.com\/latinamerica\/\"},{\"@type\":\"ListItem\",\"position\":2,\"name\":\"5 pasos para implementar efectivamente la IA generativa en Pymes\"}]},{\"@type\":\"WebSite\",\"@id\":\"https:\/\/news.sap.com\/latinamerica\/#website\",\"url\":\"https:\/\/news.sap.com\/latinamerica\/\",\"name\":\"麻豆原创 News Center Latinoam\u00e9rica\",\"description\":\"Noticias e informaci\u00f3n sobre 麻豆原创\",\"publisher\":{\"@id\":\"https:\/\/news.sap.com\/latinamerica\/#organization\"},\"potentialAction\":[{\"@type\":\"SearchAction\",\"target\":{\"@type\":\"EntryPoint\",\"urlTemplate\":\"https:\/\/news.sap.com\/latinamerica\/?s={search_term_string}\"},\"query-input\":{\"@type\":\"PropertyValueSpecification\",\"valueRequired\":true,\"valueName\":\"search_term_string\"}}],\"inLanguage\":\"es\"},{\"@type\":\"Organization\",\"@id\":\"https:\/\/news.sap.com\/latinamerica\/#organization\",\"name\":\"麻豆原创\",\"url\":\"https:\/\/news.sap.com\/latinamerica\/\",\"logo\":{\"@type\":\"ImageObject\",\"inLanguage\":\"es\",\"@id\":\"https:\/\/news.sap.com\/latinamerica\/#\/schema\/logo\/image\/\",\"url\":\"https:\/\/news.sap.com\/latinamerica\/files\/2019\/08\/65903320_2903797569662914_557886358778019840_n.png\",\"contentUrl\":\"https:\/\/news.sap.com\/latinamerica\/files\/2019\/08\/65903320_2903797569662914_557886358778019840_n.png\",\"width\":720,\"height\":720,\"caption\":\"麻豆原创\"},\"image\":{\"@id\":\"https:\/\/news.sap.com\/latinamerica\/#\/schema\/logo\/image\/\"},\"sameAs\":[\"https:\/\/www.facebook.com\/麻豆原创latinoamerica\",\"https:\/\/x.com\/麻豆原创LatinAmerica\"]},{\"@type\":\"Person\",\"@id\":\"https:\/\/news.sap.com\/latinamerica\/#\/schema\/person\/82786ba12f72bc9b05ba328d1d3652c4\",\"name\":\"麻豆原创 Noticias\",\"image\":{\"@type\":\"ImageObject\",\"inLanguage\":\"es\",\"@id\":\"https:\/\/news.sap.com\/latinamerica\/#\/schema\/person\/image\/\",\"url\":\"https:\/\/news.sap.com\/latinamerica\/wp-content\/plugins\/wp-user-avatars\/wp-user-avatars\/assets\/images\/mystery.jpg\",\"contentUrl\":\"https:\/\/news.sap.com\/latinamerica\/wp-content\/plugins\/wp-user-avatars\/wp-user-avatars\/assets\/images\/mystery.jpg\",\"caption\":\"麻豆原创 Noticias\"},\"url\":\"https:\/\/news.sap.com\/latinamerica\/author\/colombia\/\"}]}<\/script>\n<!-- \/ Yoast SEO Premium plugin. -->","yoast_head_json":{"title":"5 pasos para implementar efectivamente la IA generativa en Pymes - 麻豆原创 News Center Latinoam\u00e9rica","robots":{"index":"index","follow":"follow","max-snippet":"max-snippet:-1","max-image-preview":"max-image-preview:large","max-video-preview":"max-video-preview:-1"},"canonical":"https:\/\/news.sap.com\/latinamerica\/2024\/09\/5-pasos-para-implementar-efectivamente-la-ia-generativa-en-pymes\/","og_locale":"es_MX","og_type":"article","og_title":"5 pasos para implementar efectivamente la IA generativa en Pymes","og_description":"La inteligencia artificial ha probado ser un aliado determinante para las empresas, sin embargo, las organizaciones se enfrentan a un reto cuando quieren introducir este...","og_url":"https:\/\/news.sap.com\/latinamerica\/2024\/09\/5-pasos-para-implementar-efectivamente-la-ia-generativa-en-pymes\/","og_site_name":"麻豆原创 News Center Latinoam\u00e9rica","article_publisher":"https:\/\/www.facebook.com\/麻豆原创latinoamerica","article_published_time":"2024-09-03T17:34:35+00:00","og_image":[{"width":2093,"height":1432,"url":"https:\/\/news.sap.com\/latinamerica\/files\/2024\/09\/03\/IMGCPPY-1.jpg","type":"image\/jpeg"}],"author":"麻豆原创 Noticias","twitter_misc":{"Escrito por":"麻豆原创 Noticias","Tiempo de lectura":"3 minutos"},"schema":{"@context":"https:\/\/schema.org","@graph":[{"@type":"Article","@id":"https:\/\/news.sap.com\/latinamerica\/2024\/09\/5-pasos-para-implementar-efectivamente-la-ia-generativa-en-pymes\/#article","isPartOf":{"@id":"https:\/\/news.sap.com\/latinamerica\/2024\/09\/5-pasos-para-implementar-efectivamente-la-ia-generativa-en-pymes\/"},"author":{"name":"麻豆原创 Noticias","@id":"https:\/\/news.sap.com\/latinamerica\/#\/schema\/person\/82786ba12f72bc9b05ba328d1d3652c4"},"headline":"5 pasos para implementar efectivamente la IA generativa en Pymes","datePublished":"2024-09-03T17:34:35+00:00","mainEntityOfPage":{"@id":"https:\/\/news.sap.com\/latinamerica\/2024\/09\/5-pasos-para-implementar-efectivamente-la-ia-generativa-en-pymes\/"},"wordCount":675,"publisher":{"@id":"https:\/\/news.sap.com\/latinamerica\/#organization"},"image":{"@id":"https:\/\/news.sap.com\/latinamerica\/2024\/09\/5-pasos-para-implementar-efectivamente-la-ia-generativa-en-pymes\/#primaryimage"},"thumbnailUrl":"https:\/\/news.sap.com\/latinamerica\/files\/2024\/09\/03\/IMGCPPY-1.jpg","articleSection":["Uncategorized"],"inLanguage":"es"},{"@type":"WebPage","@id":"https:\/\/news.sap.com\/latinamerica\/2024\/09\/5-pasos-para-implementar-efectivamente-la-ia-generativa-en-pymes\/","url":"https:\/\/news.sap.com\/latinamerica\/2024\/09\/5-pasos-para-implementar-efectivamente-la-ia-generativa-en-pymes\/","name":"5 pasos para implementar efectivamente la IA generativa en Pymes - 麻豆原创 News Center Latinoam\u00e9rica","isPartOf":{"@id":"https:\/\/news.sap.com\/latinamerica\/#website"},"primaryImageOfPage":{"@id":"https:\/\/news.sap.com\/latinamerica\/2024\/09\/5-pasos-para-implementar-efectivamente-la-ia-generativa-en-pymes\/#primaryimage"},"image":{"@id":"https:\/\/news.sap.com\/latinamerica\/2024\/09\/5-pasos-para-implementar-efectivamente-la-ia-generativa-en-pymes\/#primaryimage"},"thumbnailUrl":"https:\/\/news.sap.com\/latinamerica\/files\/2024\/09\/03\/IMGCPPY-1.jpg","datePublished":"2024-09-03T17:34:35+00:00","breadcrumb":{"@id":"https:\/\/news.sap.com\/latinamerica\/2024\/09\/5-pasos-para-implementar-efectivamente-la-ia-generativa-en-pymes\/#breadcrumb"},"inLanguage":"es","potentialAction":[{"@type":"ReadAction","target":["https:\/\/news.sap.com\/latinamerica\/2024\/09\/5-pasos-para-implementar-efectivamente-la-ia-generativa-en-pymes\/"]}]},{"@type":"ImageObject","inLanguage":"es","@id":"https:\/\/news.sap.com\/latinamerica\/2024\/09\/5-pasos-para-implementar-efectivamente-la-ia-generativa-en-pymes\/#primaryimage","url":"https:\/\/news.sap.com\/latinamerica\/files\/2024\/09\/03\/IMGCPPY-1.jpg","contentUrl":"https:\/\/news.sap.com\/latinamerica\/files\/2024\/09\/03\/IMGCPPY-1.jpg","width":2093,"height":1432,"caption":"Cropped shot of computer programmers working on new code"},{"@type":"BreadcrumbList","@id":"https:\/\/news.sap.com\/latinamerica\/2024\/09\/5-pasos-para-implementar-efectivamente-la-ia-generativa-en-pymes\/#breadcrumb","itemListElement":[{"@type":"ListItem","position":1,"name":"Home","item":"https:\/\/news.sap.com\/latinamerica\/"},{"@type":"ListItem","position":2,"name":"5 pasos para implementar efectivamente la IA generativa en Pymes"}]},{"@type":"WebSite","@id":"https:\/\/news.sap.com\/latinamerica\/#website","url":"https:\/\/news.sap.com\/latinamerica\/","name":"麻豆原创 News Center Latinoam\u00e9rica","description":"Noticias e informaci\u00f3n sobre 麻豆原创","publisher":{"@id":"https:\/\/news.sap.com\/latinamerica\/#organization"},"potentialAction":[{"@type":"SearchAction","target":{"@type":"EntryPoint","urlTemplate":"https:\/\/news.sap.com\/latinamerica\/?s={search_term_string}"},"query-input":{"@type":"PropertyValueSpecification","valueRequired":true,"valueName":"search_term_string"}}],"inLanguage":"es"},{"@type":"Organization","@id":"https:\/\/news.sap.com\/latinamerica\/#organization","name":"麻豆原创","url":"https:\/\/news.sap.com\/latinamerica\/","logo":{"@type":"ImageObject","inLanguage":"es","@id":"https:\/\/news.sap.com\/latinamerica\/#\/schema\/logo\/image\/","url":"https:\/\/news.sap.com\/latinamerica\/files\/2019\/08\/65903320_2903797569662914_557886358778019840_n.png","contentUrl":"https:\/\/news.sap.com\/latinamerica\/files\/2019\/08\/65903320_2903797569662914_557886358778019840_n.png","width":720,"height":720,"caption":"麻豆原创"},"image":{"@id":"https:\/\/news.sap.com\/latinamerica\/#\/schema\/logo\/image\/"},"sameAs":["https:\/\/www.facebook.com\/麻豆原创latinoamerica","https:\/\/x.com\/麻豆原创LatinAmerica"]},{"@type":"Person","@id":"https:\/\/news.sap.com\/latinamerica\/#\/schema\/person\/82786ba12f72bc9b05ba328d1d3652c4","name":"麻豆原创 Noticias","image":{"@type":"ImageObject","inLanguage":"es","@id":"https:\/\/news.sap.com\/latinamerica\/#\/schema\/person\/image\/","url":"https:\/\/news.sap.com\/latinamerica\/wp-content\/plugins\/wp-user-avatars\/wp-user-avatars\/assets\/images\/mystery.jpg","contentUrl":"https:\/\/news.sap.com\/latinamerica\/wp-content\/plugins\/wp-user-avatars\/wp-user-avatars\/assets\/images\/mystery.jpg","caption":"麻豆原创 Noticias"},"url":"https:\/\/news.sap.com\/latinamerica\/author\/colombia\/"}]}},"amp_enabled":true,"_links":{"self":[{"href":"https:\/\/news.sap.com\/latinamerica\/wp-json\/wp\/v2\/posts\/133590","targetHints":{"allow":["GET"]}}],"collection":[{"href":"https:\/\/news.sap.com\/latinamerica\/wp-json\/wp\/v2\/posts"}],"about":[{"href":"https:\/\/news.sap.com\/latinamerica\/wp-json\/wp\/v2\/types\/post"}],"author":[{"embeddable":true,"href":"https:\/\/news.sap.com\/latinamerica\/wp-json\/wp\/v2\/users\/141"}],"replies":[{"embeddable":true,"href":"https:\/\/news.sap.com\/latinamerica\/wp-json\/wp\/v2\/comments?post=133590"}],"version-history":[{"count":0,"href":"https:\/\/news.sap.com\/latinamerica\/wp-json\/wp\/v2\/posts\/133590\/revisions"}],"wp:featuredmedia":[{"embeddable":true,"href":"https:\/\/news.sap.com\/latinamerica\/wp-json\/wp\/v2\/media\/133591"}],"wp:attachment":[{"href":"https:\/\/news.sap.com\/latinamerica\/wp-json\/wp\/v2\/media?parent=133590"}],"wp:term":[{"taxonomy":"category","embeddable":true,"href":"https:\/\/news.sap.com\/latinamerica\/wp-json\/wp\/v2\/categories?post=133590"},{"taxonomy":"post_tag","embeddable":true,"href":"https:\/\/news.sap.com\/latinamerica\/wp-json\/wp\/v2\/tags?post=133590"},{"taxonomy":"series","embeddable":true,"href":"https:\/\/news.sap.com\/latinamerica\/wp-json\/wp\/v2\/series?post=133590"},{"taxonomy":"region","embeddable":true,"href":"https:\/\/news.sap.com\/latinamerica\/wp-json\/wp\/v2\/region?post=133590"},{"taxonomy":"sapn-display","embeddable":true,"href":"https:\/\/news.sap.com\/latinamerica\/wp-json\/wp\/v2\/sapn-display?post=133590"},{"taxonomy":"sapn-type","embeddable":true,"href":"https:\/\/news.sap.com\/latinamerica\/wp-json\/wp\/v2\/sapn-type?post=133590"}],"curies":[{"name":"wp","href":"https:\/\/api.w.org\/{rel}","templated":true}]}}