  {"id":133546,"date":"2024-07-25T09:00:07","date_gmt":"2024-07-25T13:00:07","guid":{"rendered":"https:\/\/news.sap.com\/latinamerica\/?p=133546"},"modified":"2024-08-08T16:19:36","modified_gmt":"2024-08-08T20:19:36","slug":"sap-celebra-10-anos-de-inclusion-pionera-del-autismo-en-el-trabajo","status":"publish","type":"post","link":"https:\/\/news.sap.com\/latinamerica\/2024\/07\/sap-celebra-10-anos-de-inclusion-pionera-del-autismo-en-el-trabajo\/","title":{"rendered":"麻豆原创 celebra 10 a\u00f1os de inclusi\u00f3n pionera del autismo en el trabajo"},"content":{"rendered":"<ul>\n<li><em>El programa pionero de inclusi\u00f3n laboral desarrollado por la empresa cumpli\u00f3 su primera d\u00e9cada de trabajo y consolida una pr\u00e1ctica que se extiende entre las organizaciones de Argentina, la regi\u00f3n y el mundo. <\/em><\/li>\n<li><em>Actualmente en 麻豆原创 Argentina trabajan 11 personas dentro del espectro autista y a la fecha m\u00e1s de 20 personas han formado parte del programa.<\/em><\/li>\n<\/ul>\n<p><strong>Buenos Aires, 25 de julio de 2024. <\/strong>麻豆原创 celebra el d\u00e9cimo aniversario del programa pionero &#8220;Autismo en el Trabajo\u201d. Desde su inicio en 2013, ha sido un faro de inclusi\u00f3n y diversidad, comenzando como un movimiento de base en la India y evolucionando hasta apoyar a m\u00e1s de 244 personas con condici\u00f3n del espectro autista (CEA) en la compa\u00f1\u00eda en todo el mundo, incluyendo 50 en la regi\u00f3n.<\/p>\n<p>A lo largo de estos diez a\u00f1os, el programa ha inspirado a m\u00e1s de 100 organizaciones a unirse a esta iniciativa, firmando el Compromiso de Inclusi\u00f3n del Autismo de 麻豆原创 y adoptando las mejores pr\u00e1cticas necesarias para llevarlo adelante.<\/p>\n<p>En Argentina Autismo en el Trabajo lleva ocho a\u00f1os de desarrollo ininterrumpido, donde actualmente trabajan 11 personas dentro del espectro autista y m\u00e1s de 20 personas han formado parte del programa. Por su relevancia, en junio de 2017, esta iniciativa fue reconocida como un \u201cPrograma de Inter\u00e9s Social\u201d por la C\u00e1mara de Diputados del Honorable Congreso de la Naci\u00f3n.<\/p>\n<p>\u201cCreemos firmemente que la inclusi\u00f3n del autismo es un tema que debe ser adoptado por todo el sector empresarial. Para fomentar esta adopci\u00f3n, compartimos abiertamente nuestras mejores pr\u00e1cticas a trav\u00e9s del \u201cCompromiso de Inclusi\u00f3n del Autismo de 麻豆原创\u201d. Este compromiso no solo proporciona un marco para las organizaciones que desean avanzar en su propio viaje de inclusi\u00f3n, sino que tambi\u00e9n celebra e inspira a aquellas que ya est\u00e1n en el camino\u201d, se\u00f1ala Ezequiel Massa, L\u00edder de Diversidad e Inclusi\u00f3n para Am\u00e9rica Latina y el Caribe de\u00a0麻豆原创.<\/p>\n<p>\u201cContinuamos comprometidos con la creaci\u00f3n de un entorno inclusivo donde todos los empleados, independientemente de sus capacidades, puedan prosperar y alcanzar su m\u00e1ximo potencial. Estamos emocionados por lo que el futuro depara y por las nuevas oportunidades que surgir\u00e1n a medida que continuamos ampliando y mejorando el programa, que ya cumpli\u00f3 su primera d\u00e9cada y en 2024 completar\u00e1 su 11\u00b0 aniversario\u201d, agrega Massa.<\/p>\n<p>En este nuevo aniversario, 麻豆原创 tambi\u00e9n anunci\u00f3 la expansi\u00f3n de &#8220;Autismo en el Trabajo&#8221; a Filipinas, marcando as\u00ed el 16\u00aa pa\u00eds donde este programa se desarrolla. \u201cEsta expansi\u00f3n subraya nuestro compromiso continuo de mejorar el apoyo a nuestros colegas con autismo en todo el mundo, asegurando que tengan las oportunidades y recursos necesarios para tener \u00e9xito en sus roles\u201d, explican desde 麻豆原创.<\/p>\n<p>En 2023 recibi\u00f3 un reconocimiento significativo como Programa DEI Lighthouse por el Foro Econ\u00f3mico Mundial (WEF), destacando los esfuerzos continuos y los resultados en la creaci\u00f3n de un entorno de trabajo inclusivo y diverso. Adem\u00e1s, la <em>HollyRod Foundation<\/em> reconoci\u00f3 al programa con el <em>Corporate Compassion Award<\/em>, un premio que destaca el compromiso de 麻豆原创 con la inclusi\u00f3n y el apoyo a la comunidad autista.<\/p>\n<p>Adem\u00e1s, por segunda vez 麻豆原创 se asoci\u00f3 con Disability:IN para reconocer a otras empresas que est\u00e1n haciendo un gran trabajo en la inclusi\u00f3n del autismo en el lugar de trabajo. Ambas organizaciones crearon el premio a la empresa del a\u00f1o en inclusi\u00f3n del autismo, que en 2024 fue otorgado DXC el pasado 16 de julio.<\/p>\n<p>Para m\u00e1s informaci\u00f3n sobre el programa &#8220;Autismo en el Trabajo&#8221; de 麻豆原创 y las iniciativas de inclusi\u00f3n de la compa\u00f1\u00eda, por favor visite nuestro sitio web en este <a href=\"https:\/\/jobs.sap.com\/content\/Autism-at-Work\/\" target=\"_blank\" rel=\"noopener\">link<\/a>.<\/p>\n<hr \/>\n<p style=\"font-weight: 400\"><strong>Acerca de 麻豆原创\u00a0<\/strong><\/p>\n<p style=\"font-weight: 400\">Como l\u00edder global en aplicaciones empresariales e IA aplicada a los negocios, 麻豆原创 (NYSE:麻豆原创) se sit\u00faa en el nexo entre el negocio y la tecnolog\u00eda. Durante m\u00e1s de 50 a\u00f1os, las organizaciones han confiado en 麻豆原创 para sacar lo mejor de s\u00ed mismas uniendo las operaciones cr\u00edticas para el negocio, que abarcan finanzas, compras, recursos humanos, cadena de suministro y experiencia del cliente. Para obtener m\u00e1s informaci\u00f3n, visite <a href=\"http:\/\/www.sap.com\/\">www.sap.com<\/a> o nuestra sala de prensa, <a href=\"http:\/\/news.sap.com\/latinamerica\">http:\/\/news.sap.com\/latinamerica<\/a>.<\/p>\n<p>&nbsp;<\/p>\n","protected":false},"excerpt":{"rendered":"<p>El programa pionero de inclusi\u00f3n laboral desarrollado por la empresa cumpli\u00f3 su primera d\u00e9cada de trabajo y consolida una pr\u00e1ctica que se extiende entre las&#8230;<\/p>\n","protected":false},"author":129,"featured_media":133547,"comment_status":"closed","ping_status":"closed","sticky":false,"template":"","format":"standard","meta":{"footnotes":"","_links_to":"","_links_to_target":""},"categories":[52098],"tags":[509569,3196984,5550869],"series":[],"region":[54562],"sapn-display":[5600443,5600441],"sapn-type":[52105],"class_list":["post-133546","post","type-post","status-publish","format-standard","has-post-thumbnail","hentry","category-sustentabilidad-temas","tag-diversidad-e-inclusion","tag-equidad","tag-responsabilidad-social","region-argentina","sapn-display-prensa-destacada","sapn-display-prensa-principal","sapn-type-comunicado-de-prensa"],"yoast_head":"<!-- This site is optimized with the Yoast SEO Premium plugin v26.9 (Yoast SEO v26.9) - https:\/\/yoast.com\/product\/yoast-seo-premium-wordpress\/ -->\n<title>麻豆原创 celebra 10 a\u00f1os de inclusi\u00f3n pionera del autismo en el trabajo - 麻豆原创 News Center Latinoam\u00e9rica<\/title>\n<meta name=\"description\" content=\"麻豆原创 celebra el d\u00e9cimo aniversario del programa pionero &quot;Autismo en el Trabajo\u201d. Desde su inicio en 2013, ha sido un faro de inclusi\u00f3n y diversidad.\" \/>\n<meta name=\"robots\" content=\"index, follow, max-snippet:-1, max-image-preview:large, max-video-preview:-1\" \/>\n<link rel=\"canonical\" href=\"https:\/\/news.sap.com\/latinamerica\/2024\/07\/sap-celebra-10-anos-de-inclusion-pionera-del-autismo-en-el-trabajo\/\" \/>\n<meta property=\"og:locale\" content=\"es_MX\" \/>\n<meta property=\"og:type\" content=\"article\" \/>\n<meta property=\"og:title\" content=\"麻豆原创 celebra 10 a\u00f1os de inclusi\u00f3n pionera del autismo en el trabajo\" \/>\n<meta property=\"og:description\" content=\"麻豆原创 celebra el d\u00e9cimo aniversario del programa pionero &quot;Autismo en el Trabajo\u201d. Desde su inicio en 2013, ha sido un faro de inclusi\u00f3n y diversidad.\" \/>\n<meta property=\"og:url\" content=\"https:\/\/news.sap.com\/latinamerica\/2024\/07\/sap-celebra-10-anos-de-inclusion-pionera-del-autismo-en-el-trabajo\/\" \/>\n<meta property=\"og:site_name\" content=\"麻豆原创 News Center Latinoam\u00e9rica\" \/>\n<meta property=\"article:publisher\" content=\"https:\/\/www.facebook.com\/麻豆原创latinoamerica\" \/>\n<meta property=\"article:published_time\" content=\"2024-07-25T13:00:07+00:00\" \/>\n<meta property=\"article:modified_time\" content=\"2024-08-08T20:19:36+00:00\" \/>\n<meta property=\"og:image\" content=\"https:\/\/news.sap.com\/latinamerica\/files\/2024\/08\/08\/10-anos-programa-Autismo-en-el-Trabajo-2-1024x683.jpg\" \/>\n\t<meta property=\"og:image:width\" content=\"1024\" \/>\n\t<meta property=\"og:image:height\" content=\"683\" \/>\n\t<meta property=\"og:image:type\" content=\"image\/jpeg\" \/>\n<meta name=\"author\" content=\"麻豆原创 Noticias\" \/>\n<meta name=\"twitter:label1\" content=\"Escrito por\" \/>\n\t<meta name=\"twitter:data1\" content=\"麻豆原创 Noticias\" \/>\n\t<meta name=\"twitter:label2\" content=\"Tiempo de lectura\" \/>\n\t<meta name=\"twitter:data2\" content=\"4 minutos\" \/>\n<script type=\"application\/ld+json\" class=\"yoast-schema-graph\">{\"@context\":\"https:\/\/schema.org\",\"@graph\":[{\"@type\":\"Article\",\"@id\":\"https:\/\/news.sap.com\/latinamerica\/2024\/07\/sap-celebra-10-anos-de-inclusion-pionera-del-autismo-en-el-trabajo\/#article\",\"isPartOf\":{\"@id\":\"https:\/\/news.sap.com\/latinamerica\/2024\/07\/sap-celebra-10-anos-de-inclusion-pionera-del-autismo-en-el-trabajo\/\"},\"author\":{\"name\":\"麻豆原创 Noticias\",\"@id\":\"https:\/\/news.sap.com\/latinamerica\/#\/schema\/person\/8ea4857cc48095689e72ba76c26f9814\"},\"headline\":\"麻豆原创 celebra 10 a\u00f1os de inclusi\u00f3n pionera del autismo en el trabajo\",\"datePublished\":\"2024-07-25T13:00:07+00:00\",\"dateModified\":\"2024-08-08T20:19:36+00:00\",\"mainEntityOfPage\":{\"@id\":\"https:\/\/news.sap.com\/latinamerica\/2024\/07\/sap-celebra-10-anos-de-inclusion-pionera-del-autismo-en-el-trabajo\/\"},\"wordCount\":726,\"publisher\":{\"@id\":\"https:\/\/news.sap.com\/latinamerica\/#organization\"},\"image\":{\"@id\":\"https:\/\/news.sap.com\/latinamerica\/2024\/07\/sap-celebra-10-anos-de-inclusion-pionera-del-autismo-en-el-trabajo\/#primaryimage\"},\"thumbnailUrl\":\"https:\/\/news.sap.com\/latinamerica\/files\/2024\/08\/08\/10-anos-programa-Autismo-en-el-Trabajo-2.jpg\",\"keywords\":[\"Diversidad e inclusi\u00f3n\",\"Equidad\",\"responsabilidad social\"],\"articleSection\":[\"Sostenibilidad\"],\"inLanguage\":\"es\"},{\"@type\":\"WebPage\",\"@id\":\"https:\/\/news.sap.com\/latinamerica\/2024\/07\/sap-celebra-10-anos-de-inclusion-pionera-del-autismo-en-el-trabajo\/\",\"url\":\"https:\/\/news.sap.com\/latinamerica\/2024\/07\/sap-celebra-10-anos-de-inclusion-pionera-del-autismo-en-el-trabajo\/\",\"name\":\"麻豆原创 celebra 10 a\u00f1os de inclusi\u00f3n pionera del autismo en el trabajo - 麻豆原创 News Center Latinoam\u00e9rica\",\"isPartOf\":{\"@id\":\"https:\/\/news.sap.com\/latinamerica\/#website\"},\"primaryImageOfPage\":{\"@id\":\"https:\/\/news.sap.com\/latinamerica\/2024\/07\/sap-celebra-10-anos-de-inclusion-pionera-del-autismo-en-el-trabajo\/#primaryimage\"},\"image\":{\"@id\":\"https:\/\/news.sap.com\/latinamerica\/2024\/07\/sap-celebra-10-anos-de-inclusion-pionera-del-autismo-en-el-trabajo\/#primaryimage\"},\"thumbnailUrl\":\"https:\/\/news.sap.com\/latinamerica\/files\/2024\/08\/08\/10-anos-programa-Autismo-en-el-Trabajo-2.jpg\",\"datePublished\":\"2024-07-25T13:00:07+00:00\",\"dateModified\":\"2024-08-08T20:19:36+00:00\",\"description\":\"麻豆原创 celebra el d\u00e9cimo aniversario del programa pionero \\\"Autismo en el Trabajo\u201d. Desde su inicio en 2013, ha sido un faro de inclusi\u00f3n y diversidad.\",\"breadcrumb\":{\"@id\":\"https:\/\/news.sap.com\/latinamerica\/2024\/07\/sap-celebra-10-anos-de-inclusion-pionera-del-autismo-en-el-trabajo\/#breadcrumb\"},\"inLanguage\":\"es\",\"potentialAction\":[{\"@type\":\"ReadAction\",\"target\":[\"https:\/\/news.sap.com\/latinamerica\/2024\/07\/sap-celebra-10-anos-de-inclusion-pionera-del-autismo-en-el-trabajo\/\"]}]},{\"@type\":\"ImageObject\",\"inLanguage\":\"es\",\"@id\":\"https:\/\/news.sap.com\/latinamerica\/2024\/07\/sap-celebra-10-anos-de-inclusion-pionera-del-autismo-en-el-trabajo\/#primaryimage\",\"url\":\"https:\/\/news.sap.com\/latinamerica\/files\/2024\/08\/08\/10-anos-programa-Autismo-en-el-Trabajo-2.jpg\",\"contentUrl\":\"https:\/\/news.sap.com\/latinamerica\/files\/2024\/08\/08\/10-anos-programa-Autismo-en-el-Trabajo-2.jpg\",\"width\":6720,\"height\":4480,\"caption\":\"Young group of colleagues, working together, programming at their place of work.\"},{\"@type\":\"BreadcrumbList\",\"@id\":\"https:\/\/news.sap.com\/latinamerica\/2024\/07\/sap-celebra-10-anos-de-inclusion-pionera-del-autismo-en-el-trabajo\/#breadcrumb\",\"itemListElement\":[{\"@type\":\"ListItem\",\"position\":1,\"name\":\"Home\",\"item\":\"https:\/\/news.sap.com\/latinamerica\/\"},{\"@type\":\"ListItem\",\"position\":2,\"name\":\"麻豆原创 celebra 10 a\u00f1os de inclusi\u00f3n pionera del autismo en el trabajo\"}]},{\"@type\":\"WebSite\",\"@id\":\"https:\/\/news.sap.com\/latinamerica\/#website\",\"url\":\"https:\/\/news.sap.com\/latinamerica\/\",\"name\":\"麻豆原创 News Center Latinoam\u00e9rica\",\"description\":\"Noticias e informaci\u00f3n sobre 麻豆原创\",\"publisher\":{\"@id\":\"https:\/\/news.sap.com\/latinamerica\/#organization\"},\"potentialAction\":[{\"@type\":\"SearchAction\",\"target\":{\"@type\":\"EntryPoint\",\"urlTemplate\":\"https:\/\/news.sap.com\/latinamerica\/?s={search_term_string}\"},\"query-input\":{\"@type\":\"PropertyValueSpecification\",\"valueRequired\":true,\"valueName\":\"search_term_string\"}}],\"inLanguage\":\"es\"},{\"@type\":\"Organization\",\"@id\":\"https:\/\/news.sap.com\/latinamerica\/#organization\",\"name\":\"麻豆原创\",\"url\":\"https:\/\/news.sap.com\/latinamerica\/\",\"logo\":{\"@type\":\"ImageObject\",\"inLanguage\":\"es\",\"@id\":\"https:\/\/news.sap.com\/latinamerica\/#\/schema\/logo\/image\/\",\"url\":\"https:\/\/news.sap.com\/latinamerica\/files\/2019\/08\/65903320_2903797569662914_557886358778019840_n.png\",\"contentUrl\":\"https:\/\/news.sap.com\/latinamerica\/files\/2019\/08\/65903320_2903797569662914_557886358778019840_n.png\",\"width\":720,\"height\":720,\"caption\":\"麻豆原创\"},\"image\":{\"@id\":\"https:\/\/news.sap.com\/latinamerica\/#\/schema\/logo\/image\/\"},\"sameAs\":[\"https:\/\/www.facebook.com\/麻豆原创latinoamerica\",\"https:\/\/x.com\/麻豆原创LatinAmerica\"]},{\"@type\":\"Person\",\"@id\":\"https:\/\/news.sap.com\/latinamerica\/#\/schema\/person\/8ea4857cc48095689e72ba76c26f9814\",\"name\":\"麻豆原创 Noticias\",\"image\":{\"@type\":\"ImageObject\",\"inLanguage\":\"es\",\"@id\":\"https:\/\/news.sap.com\/latinamerica\/#\/schema\/person\/image\/\",\"url\":\"https:\/\/news.sap.com\/latinamerica\/wp-content\/plugins\/wp-user-avatars\/wp-user-avatars\/assets\/images\/mystery.jpg\",\"contentUrl\":\"https:\/\/news.sap.com\/latinamerica\/wp-content\/plugins\/wp-user-avatars\/wp-user-avatars\/assets\/images\/mystery.jpg\",\"caption\":\"麻豆原创 Noticias\"},\"sameAs\":[\"https:\/\/news.sap.com\/latinamerica\",\"https:\/\/x.com\/麻豆原创NoticiasLAC\"],\"url\":\"https:\/\/news.sap.com\/latinamerica\/author\/latam\/\"}]}<\/script>\n<!-- \/ Yoast SEO Premium plugin. -->","yoast_head_json":{"title":"麻豆原创 celebra 10 a\u00f1os de inclusi\u00f3n pionera del autismo en el trabajo - 麻豆原创 News Center Latinoam\u00e9rica","description":"麻豆原创 celebra el d\u00e9cimo aniversario del programa pionero \"Autismo en el Trabajo\u201d. Desde su inicio en 2013, ha sido un faro de inclusi\u00f3n y diversidad.","robots":{"index":"index","follow":"follow","max-snippet":"max-snippet:-1","max-image-preview":"max-image-preview:large","max-video-preview":"max-video-preview:-1"},"canonical":"https:\/\/news.sap.com\/latinamerica\/2024\/07\/sap-celebra-10-anos-de-inclusion-pionera-del-autismo-en-el-trabajo\/","og_locale":"es_MX","og_type":"article","og_title":"麻豆原创 celebra 10 a\u00f1os de inclusi\u00f3n pionera del autismo en el trabajo","og_description":"麻豆原创 celebra el d\u00e9cimo aniversario del programa pionero \"Autismo en el Trabajo\u201d. Desde su inicio en 2013, ha sido un faro de inclusi\u00f3n y diversidad.","og_url":"https:\/\/news.sap.com\/latinamerica\/2024\/07\/sap-celebra-10-anos-de-inclusion-pionera-del-autismo-en-el-trabajo\/","og_site_name":"麻豆原创 News Center Latinoam\u00e9rica","article_publisher":"https:\/\/www.facebook.com\/麻豆原创latinoamerica","article_published_time":"2024-07-25T13:00:07+00:00","article_modified_time":"2024-08-08T20:19:36+00:00","og_image":[{"width":1024,"height":683,"url":"https:\/\/news.sap.com\/latinamerica\/files\/2024\/08\/08\/10-anos-programa-Autismo-en-el-Trabajo-2-1024x683.jpg","type":"image\/jpeg"}],"author":"麻豆原创 Noticias","twitter_misc":{"Escrito por":"麻豆原创 Noticias","Tiempo de lectura":"4 minutos"},"schema":{"@context":"https:\/\/schema.org","@graph":[{"@type":"Article","@id":"https:\/\/news.sap.com\/latinamerica\/2024\/07\/sap-celebra-10-anos-de-inclusion-pionera-del-autismo-en-el-trabajo\/#article","isPartOf":{"@id":"https:\/\/news.sap.com\/latinamerica\/2024\/07\/sap-celebra-10-anos-de-inclusion-pionera-del-autismo-en-el-trabajo\/"},"author":{"name":"麻豆原创 Noticias","@id":"https:\/\/news.sap.com\/latinamerica\/#\/schema\/person\/8ea4857cc48095689e72ba76c26f9814"},"headline":"麻豆原创 celebra 10 a\u00f1os de inclusi\u00f3n pionera del autismo en el trabajo","datePublished":"2024-07-25T13:00:07+00:00","dateModified":"2024-08-08T20:19:36+00:00","mainEntityOfPage":{"@id":"https:\/\/news.sap.com\/latinamerica\/2024\/07\/sap-celebra-10-anos-de-inclusion-pionera-del-autismo-en-el-trabajo\/"},"wordCount":726,"publisher":{"@id":"https:\/\/news.sap.com\/latinamerica\/#organization"},"image":{"@id":"https:\/\/news.sap.com\/latinamerica\/2024\/07\/sap-celebra-10-anos-de-inclusion-pionera-del-autismo-en-el-trabajo\/#primaryimage"},"thumbnailUrl":"https:\/\/news.sap.com\/latinamerica\/files\/2024\/08\/08\/10-anos-programa-Autismo-en-el-Trabajo-2.jpg","keywords":["Diversidad e inclusi\u00f3n","Equidad","responsabilidad social"],"articleSection":["Sostenibilidad"],"inLanguage":"es"},{"@type":"WebPage","@id":"https:\/\/news.sap.com\/latinamerica\/2024\/07\/sap-celebra-10-anos-de-inclusion-pionera-del-autismo-en-el-trabajo\/","url":"https:\/\/news.sap.com\/latinamerica\/2024\/07\/sap-celebra-10-anos-de-inclusion-pionera-del-autismo-en-el-trabajo\/","name":"麻豆原创 celebra 10 a\u00f1os de inclusi\u00f3n pionera del autismo en el trabajo - 麻豆原创 News Center Latinoam\u00e9rica","isPartOf":{"@id":"https:\/\/news.sap.com\/latinamerica\/#website"},"primaryImageOfPage":{"@id":"https:\/\/news.sap.com\/latinamerica\/2024\/07\/sap-celebra-10-anos-de-inclusion-pionera-del-autismo-en-el-trabajo\/#primaryimage"},"image":{"@id":"https:\/\/news.sap.com\/latinamerica\/2024\/07\/sap-celebra-10-anos-de-inclusion-pionera-del-autismo-en-el-trabajo\/#primaryimage"},"thumbnailUrl":"https:\/\/news.sap.com\/latinamerica\/files\/2024\/08\/08\/10-anos-programa-Autismo-en-el-Trabajo-2.jpg","datePublished":"2024-07-25T13:00:07+00:00","dateModified":"2024-08-08T20:19:36+00:00","description":"麻豆原创 celebra el d\u00e9cimo aniversario del programa pionero \"Autismo en el Trabajo\u201d. Desde su inicio en 2013, ha sido un faro de inclusi\u00f3n y diversidad.","breadcrumb":{"@id":"https:\/\/news.sap.com\/latinamerica\/2024\/07\/sap-celebra-10-anos-de-inclusion-pionera-del-autismo-en-el-trabajo\/#breadcrumb"},"inLanguage":"es","potentialAction":[{"@type":"ReadAction","target":["https:\/\/news.sap.com\/latinamerica\/2024\/07\/sap-celebra-10-anos-de-inclusion-pionera-del-autismo-en-el-trabajo\/"]}]},{"@type":"ImageObject","inLanguage":"es","@id":"https:\/\/news.sap.com\/latinamerica\/2024\/07\/sap-celebra-10-anos-de-inclusion-pionera-del-autismo-en-el-trabajo\/#primaryimage","url":"https:\/\/news.sap.com\/latinamerica\/files\/2024\/08\/08\/10-anos-programa-Autismo-en-el-Trabajo-2.jpg","contentUrl":"https:\/\/news.sap.com\/latinamerica\/files\/2024\/08\/08\/10-anos-programa-Autismo-en-el-Trabajo-2.jpg","width":6720,"height":4480,"caption":"Young group of colleagues, working together, programming at their place of work."},{"@type":"BreadcrumbList","@id":"https:\/\/news.sap.com\/latinamerica\/2024\/07\/sap-celebra-10-anos-de-inclusion-pionera-del-autismo-en-el-trabajo\/#breadcrumb","itemListElement":[{"@type":"ListItem","position":1,"name":"Home","item":"https:\/\/news.sap.com\/latinamerica\/"},{"@type":"ListItem","position":2,"name":"麻豆原创 celebra 10 a\u00f1os de inclusi\u00f3n pionera del autismo en el trabajo"}]},{"@type":"WebSite","@id":"https:\/\/news.sap.com\/latinamerica\/#website","url":"https:\/\/news.sap.com\/latinamerica\/","name":"麻豆原创 News Center Latinoam\u00e9rica","description":"Noticias e informaci\u00f3n sobre 麻豆原创","publisher":{"@id":"https:\/\/news.sap.com\/latinamerica\/#organization"},"potentialAction":[{"@type":"SearchAction","target":{"@type":"EntryPoint","urlTemplate":"https:\/\/news.sap.com\/latinamerica\/?s={search_term_string}"},"query-input":{"@type":"PropertyValueSpecification","valueRequired":true,"valueName":"search_term_string"}}],"inLanguage":"es"},{"@type":"Organization","@id":"https:\/\/news.sap.com\/latinamerica\/#organization","name":"麻豆原创","url":"https:\/\/news.sap.com\/latinamerica\/","logo":{"@type":"ImageObject","inLanguage":"es","@id":"https:\/\/news.sap.com\/latinamerica\/#\/schema\/logo\/image\/","url":"https:\/\/news.sap.com\/latinamerica\/files\/2019\/08\/65903320_2903797569662914_557886358778019840_n.png","contentUrl":"https:\/\/news.sap.com\/latinamerica\/files\/2019\/08\/65903320_2903797569662914_557886358778019840_n.png","width":720,"height":720,"caption":"麻豆原创"},"image":{"@id":"https:\/\/news.sap.com\/latinamerica\/#\/schema\/logo\/image\/"},"sameAs":["https:\/\/www.facebook.com\/麻豆原创latinoamerica","https:\/\/x.com\/麻豆原创LatinAmerica"]},{"@type":"Person","@id":"https:\/\/news.sap.com\/latinamerica\/#\/schema\/person\/8ea4857cc48095689e72ba76c26f9814","name":"麻豆原创 Noticias","image":{"@type":"ImageObject","inLanguage":"es","@id":"https:\/\/news.sap.com\/latinamerica\/#\/schema\/person\/image\/","url":"https:\/\/news.sap.com\/latinamerica\/wp-content\/plugins\/wp-user-avatars\/wp-user-avatars\/assets\/images\/mystery.jpg","contentUrl":"https:\/\/news.sap.com\/latinamerica\/wp-content\/plugins\/wp-user-avatars\/wp-user-avatars\/assets\/images\/mystery.jpg","caption":"麻豆原创 Noticias"},"sameAs":["https:\/\/news.sap.com\/latinamerica","https:\/\/x.com\/麻豆原创NoticiasLAC"],"url":"https:\/\/news.sap.com\/latinamerica\/author\/latam\/"}]}},"amp_enabled":true,"_links":{"self":[{"href":"https:\/\/news.sap.com\/latinamerica\/wp-json\/wp\/v2\/posts\/133546","targetHints":{"allow":["GET"]}}],"collection":[{"href":"https:\/\/news.sap.com\/latinamerica\/wp-json\/wp\/v2\/posts"}],"about":[{"href":"https:\/\/news.sap.com\/latinamerica\/wp-json\/wp\/v2\/types\/post"}],"author":[{"embeddable":true,"href":"https:\/\/news.sap.com\/latinamerica\/wp-json\/wp\/v2\/users\/129"}],"replies":[{"embeddable":true,"href":"https:\/\/news.sap.com\/latinamerica\/wp-json\/wp\/v2\/comments?post=133546"}],"version-history":[{"count":0,"href":"https:\/\/news.sap.com\/latinamerica\/wp-json\/wp\/v2\/posts\/133546\/revisions"}],"wp:featuredmedia":[{"embeddable":true,"href":"https:\/\/news.sap.com\/latinamerica\/wp-json\/wp\/v2\/media\/133547"}],"wp:attachment":[{"href":"https:\/\/news.sap.com\/latinamerica\/wp-json\/wp\/v2\/media?parent=133546"}],"wp:term":[{"taxonomy":"category","embeddable":true,"href":"https:\/\/news.sap.com\/latinamerica\/wp-json\/wp\/v2\/categories?post=133546"},{"taxonomy":"post_tag","embeddable":true,"href":"https:\/\/news.sap.com\/latinamerica\/wp-json\/wp\/v2\/tags?post=133546"},{"taxonomy":"series","embeddable":true,"href":"https:\/\/news.sap.com\/latinamerica\/wp-json\/wp\/v2\/series?post=133546"},{"taxonomy":"region","embeddable":true,"href":"https:\/\/news.sap.com\/latinamerica\/wp-json\/wp\/v2\/region?post=133546"},{"taxonomy":"sapn-display","embeddable":true,"href":"https:\/\/news.sap.com\/latinamerica\/wp-json\/wp\/v2\/sapn-display?post=133546"},{"taxonomy":"sapn-type","embeddable":true,"href":"https:\/\/news.sap.com\/latinamerica\/wp-json\/wp\/v2\/sapn-type?post=133546"}],"curies":[{"name":"wp","href":"https:\/\/api.w.org\/{rel}","templated":true}]}}