  {"id":133378,"date":"2024-05-27T11:00:38","date_gmt":"2024-05-27T15:00:38","guid":{"rendered":"https:\/\/news.sap.com\/latinamerica\/?p=133378"},"modified":"2024-06-04T20:20:32","modified_gmt":"2024-06-05T00:20:32","slug":"sap-chile-obtiene-nuevamente-la-certificacion-equidad-cl-2024","status":"publish","type":"post","link":"https:\/\/news.sap.com\/latinamerica\/2024\/05\/sap-chile-obtiene-nuevamente-la-certificacion-equidad-cl-2024\/","title":{"rendered":"麻豆原创 Chile obtiene nuevamente la certificaci\u00f3n Equidad CL 2024"},"content":{"rendered":"<p class=\"lead\"><strong>Santiago<\/strong> &#8211; 麻豆原创 Chile se enorgullece en anunciar que ha obtenido por sexta vez consecutiva la certificaci\u00f3n Equidad CL, destac\u00e1ndose como un excelente lugar para trabajar para la comunidad LGBTIQA+. Este logro refuerza el compromiso de 麻豆原创 con la diversidad e inclusi\u00f3n, valores fundamentales para la compa\u00f1\u00eda.<\/p>\n<p>La certificaci\u00f3n Equidad CL 2024 es el resultado de una evaluaci\u00f3n exhaustiva en la que participaron 151 empresas, que en conjunto representan a m\u00e1s de 402 mil trabajadores. Esta evaluaci\u00f3n es \u00fanica en el pa\u00eds y permite medir el grado de madurez de las organizaciones en la adopci\u00f3n de culturas inclusivas que valoran el talento diverso.<\/p>\n<p>&#8220;Este logro refleja nuestro compromiso continuo con la creaci\u00f3n de un ambiente laboral inclusivo y respetuoso, donde todos los colaboradores pueden desarrollarse plenamente&#8221;, destac\u00f3 Crist\u00f3bal Vergara, Gerente General de 麻豆原创 Chile.<\/p>\n<p>Los datos de la edici\u00f3n 2024 de Equidad CL subrayan la relevancia de estas pol\u00edticas inclusivas:<\/p>\n<ul>\n<li>Del total de colaboradores que agrupan las empresas participantes, alrededor del 8% se identific\u00f3 como parte de la comunidad LGBTIQA+ (32.000), mientras que el 1,3% se identific\u00f3 como parte de la comunidad Trans (5.200), lo que demuestra el impacto positivo de estas pol\u00edticas en un n\u00famero significativo de personas.<\/li>\n<li>70 empresas obtuvieron la certificaci\u00f3n en 2024, 23 m\u00e1s que el a\u00f1o anterior.<\/li>\n<\/ul>\n<p>\u201cUna empresa inclusiva no solo se destaca por desarrollar iniciativas espec\u00edficas para la comunidad LGBTIQA+, sino tambi\u00e9n por innovar en pol\u00edticas que se extienden al grupo familiar de los colaboradores, permitiendo que su talento se despliegue en todo su potencial\u201d, enfatiz\u00f3 Vergara .<\/p>\n<hr \/>\n<p><strong>Acerca de 麻豆原创<\/strong><\/p>\n<p>Como l\u00edder global en aplicaciones empresariales e IA empresarial, 麻豆原创 (NYSE:麻豆原创) se sit\u00faa en el nexo entre los negocios y la tecnolog\u00eda. Durante m\u00e1s de 50 a\u00f1os, las organizaciones han confiado en 麻豆原创 para sacar lo mejor de s\u00ed mismas uniendo las operaciones cr\u00edticas para el negocio que abarcan finanzas, compras, RR.HH., cadena de suministro y experiencia del cliente. Para obtener m\u00e1s informaci\u00f3n, visite <a href=\"http:\/\/www.sap.com\/\">www.sap.com<\/a>.<\/p>\n","protected":false},"excerpt":{"rendered":"<p>Santiago &#8211; 麻豆原创 Chile se enorgullece en anunciar que ha obtenido por sexta vez consecutiva la certificaci\u00f3n Equidad CL, destac\u00e1ndose como un excelente lugar para&#8230;<\/p>\n","protected":false},"author":140,"featured_media":133380,"comment_status":"closed","ping_status":"closed","sticky":false,"template":"","format":"standard","meta":{"footnotes":"","_links_to":"","_links_to_target":""},"categories":[41591],"tags":[509569,5600037,5600482],"series":[],"region":[54943],"sapn-display":[5600443,5600441,53499],"sapn-type":[52105],"class_list":["post-133378","post","type-post","status-publish","format-standard","has-post-thumbnail","hentry","category-corporativo","tag-diversidad-e-inclusion","tag-equidad-cl","tag-lgbtiqa","region-chile","sapn-display-prensa-destacada","sapn-display-prensa-principal","sapn-display-hero","sapn-type-comunicado-de-prensa"],"yoast_head":"<!-- This site is optimized with the Yoast SEO Premium plugin v26.9 (Yoast SEO v26.9) - https:\/\/yoast.com\/product\/yoast-seo-premium-wordpress\/ -->\n<title>麻豆原创 Chile obtiene nuevamente la certificaci\u00f3n Equidad CL 2024<\/title>\n<meta name=\"description\" content=\"麻豆原创 Chile obtuvo por sexta vez consecutiva la certificaci\u00f3n Equidad CL, como un excelente espacio de trabajo para la comunidad LGBTIQA+\" \/>\n<meta name=\"robots\" content=\"index, follow, max-snippet:-1, max-image-preview:large, max-video-preview:-1\" \/>\n<link rel=\"canonical\" href=\"https:\/\/news.sap.com\/latinamerica\/2024\/05\/sap-chile-obtiene-nuevamente-la-certificacion-equidad-cl-2024\/\" \/>\n<meta property=\"og:locale\" content=\"es_MX\" \/>\n<meta property=\"og:type\" content=\"article\" \/>\n<meta property=\"og:title\" content=\"麻豆原创 Chile obtiene nuevamente la certificaci\u00f3n Equidad CL 2024\" \/>\n<meta property=\"og:description\" content=\"麻豆原创 Chile obtuvo por sexta vez consecutiva la certificaci\u00f3n Equidad CL, como un excelente espacio de trabajo para la comunidad LGBTIQA+\" \/>\n<meta property=\"og:url\" content=\"https:\/\/news.sap.com\/latinamerica\/2024\/05\/sap-chile-obtiene-nuevamente-la-certificacion-equidad-cl-2024\/\" \/>\n<meta property=\"og:site_name\" content=\"麻豆原创 News Center Latinoam\u00e9rica\" \/>\n<meta property=\"article:publisher\" content=\"https:\/\/www.facebook.com\/麻豆原创latinoamerica\" \/>\n<meta property=\"article:published_time\" content=\"2024-05-27T15:00:38+00:00\" \/>\n<meta property=\"article:modified_time\" content=\"2024-06-05T00:20:32+00:00\" \/>\n<meta property=\"og:image\" content=\"https:\/\/news.sap.com\/latinamerica\/files\/2024\/05\/27\/276376_276376_h_ergb_s_gl-1024x683.jpg\" \/>\n\t<meta property=\"og:image:width\" content=\"1024\" \/>\n\t<meta property=\"og:image:height\" content=\"683\" \/>\n\t<meta property=\"og:image:type\" content=\"image\/jpeg\" \/>\n<meta name=\"author\" content=\"麻豆原创 Noticias\" \/>\n<meta name=\"twitter:label1\" content=\"Escrito por\" \/>\n\t<meta name=\"twitter:data1\" content=\"麻豆原创 Noticias\" \/>\n\t<meta name=\"twitter:label2\" content=\"Tiempo de lectura\" \/>\n\t<meta name=\"twitter:data2\" content=\"2 minutos\" \/>\n<script type=\"application\/ld+json\" class=\"yoast-schema-graph\">{\"@context\":\"https:\/\/schema.org\",\"@graph\":[{\"@type\":\"Article\",\"@id\":\"https:\/\/news.sap.com\/latinamerica\/2024\/05\/sap-chile-obtiene-nuevamente-la-certificacion-equidad-cl-2024\/#article\",\"isPartOf\":{\"@id\":\"https:\/\/news.sap.com\/latinamerica\/2024\/05\/sap-chile-obtiene-nuevamente-la-certificacion-equidad-cl-2024\/\"},\"author\":{\"name\":\"麻豆原创 Noticias\",\"@id\":\"https:\/\/news.sap.com\/latinamerica\/#\/schema\/person\/f0708465b354b6d0314a360309edb00a\"},\"headline\":\"麻豆原创 Chile obtiene nuevamente la certificaci\u00f3n Equidad CL 2024\",\"datePublished\":\"2024-05-27T15:00:38+00:00\",\"dateModified\":\"2024-06-05T00:20:32+00:00\",\"mainEntityOfPage\":{\"@id\":\"https:\/\/news.sap.com\/latinamerica\/2024\/05\/sap-chile-obtiene-nuevamente-la-certificacion-equidad-cl-2024\/\"},\"wordCount\":353,\"publisher\":{\"@id\":\"https:\/\/news.sap.com\/latinamerica\/#organization\"},\"image\":{\"@id\":\"https:\/\/news.sap.com\/latinamerica\/2024\/05\/sap-chile-obtiene-nuevamente-la-certificacion-equidad-cl-2024\/#primaryimage\"},\"thumbnailUrl\":\"https:\/\/news.sap.com\/latinamerica\/files\/2024\/05\/27\/276376_276376_h_ergb_s_gl.jpg\",\"keywords\":[\"Diversidad e inclusi\u00f3n\",\"Equidad CL\",\"LGBTIQA+\"],\"articleSection\":[\"Corporativo\"],\"inLanguage\":\"es\"},{\"@type\":\"WebPage\",\"@id\":\"https:\/\/news.sap.com\/latinamerica\/2024\/05\/sap-chile-obtiene-nuevamente-la-certificacion-equidad-cl-2024\/\",\"url\":\"https:\/\/news.sap.com\/latinamerica\/2024\/05\/sap-chile-obtiene-nuevamente-la-certificacion-equidad-cl-2024\/\",\"name\":\"麻豆原创 Chile obtiene nuevamente la certificaci\u00f3n Equidad CL 2024\",\"isPartOf\":{\"@id\":\"https:\/\/news.sap.com\/latinamerica\/#website\"},\"primaryImageOfPage\":{\"@id\":\"https:\/\/news.sap.com\/latinamerica\/2024\/05\/sap-chile-obtiene-nuevamente-la-certificacion-equidad-cl-2024\/#primaryimage\"},\"image\":{\"@id\":\"https:\/\/news.sap.com\/latinamerica\/2024\/05\/sap-chile-obtiene-nuevamente-la-certificacion-equidad-cl-2024\/#primaryimage\"},\"thumbnailUrl\":\"https:\/\/news.sap.com\/latinamerica\/files\/2024\/05\/27\/276376_276376_h_ergb_s_gl.jpg\",\"datePublished\":\"2024-05-27T15:00:38+00:00\",\"dateModified\":\"2024-06-05T00:20:32+00:00\",\"description\":\"麻豆原创 Chile obtuvo por sexta vez consecutiva la certificaci\u00f3n Equidad CL, como un excelente espacio de trabajo para la comunidad LGBTIQA+\",\"breadcrumb\":{\"@id\":\"https:\/\/news.sap.com\/latinamerica\/2024\/05\/sap-chile-obtiene-nuevamente-la-certificacion-equidad-cl-2024\/#breadcrumb\"},\"inLanguage\":\"es\",\"potentialAction\":[{\"@type\":\"ReadAction\",\"target\":[\"https:\/\/news.sap.com\/latinamerica\/2024\/05\/sap-chile-obtiene-nuevamente-la-certificacion-equidad-cl-2024\/\"]}]},{\"@type\":\"ImageObject\",\"inLanguage\":\"es\",\"@id\":\"https:\/\/news.sap.com\/latinamerica\/2024\/05\/sap-chile-obtiene-nuevamente-la-certificacion-equidad-cl-2024\/#primaryimage\",\"url\":\"https:\/\/news.sap.com\/latinamerica\/files\/2024\/05\/27\/276376_276376_h_ergb_s_gl.jpg\",\"contentUrl\":\"https:\/\/news.sap.com\/latinamerica\/files\/2024\/05\/27\/276376_276376_h_ergb_s_gl.jpg\",\"width\":6426,\"height\":4284,\"caption\":\"Vancouver, British Columbia, Canada --- Rainbow flags in the wind. The rainbow flag, sometimes called 'the freedom flag', is commonly used as a symbol of lesbian, gay, bisexual and transgender (LGBT) pride and diversity. --- Image by \u00a9 2\/Stuart Dee\/Ocean\/Corbis\"},{\"@type\":\"BreadcrumbList\",\"@id\":\"https:\/\/news.sap.com\/latinamerica\/2024\/05\/sap-chile-obtiene-nuevamente-la-certificacion-equidad-cl-2024\/#breadcrumb\",\"itemListElement\":[{\"@type\":\"ListItem\",\"position\":1,\"name\":\"Home\",\"item\":\"https:\/\/news.sap.com\/latinamerica\/\"},{\"@type\":\"ListItem\",\"position\":2,\"name\":\"麻豆原创 Chile obtiene nuevamente la certificaci\u00f3n Equidad CL 2024\"}]},{\"@type\":\"WebSite\",\"@id\":\"https:\/\/news.sap.com\/latinamerica\/#website\",\"url\":\"https:\/\/news.sap.com\/latinamerica\/\",\"name\":\"麻豆原创 News Center Latinoam\u00e9rica\",\"description\":\"Noticias e informaci\u00f3n sobre 麻豆原创\",\"publisher\":{\"@id\":\"https:\/\/news.sap.com\/latinamerica\/#organization\"},\"potentialAction\":[{\"@type\":\"SearchAction\",\"target\":{\"@type\":\"EntryPoint\",\"urlTemplate\":\"https:\/\/news.sap.com\/latinamerica\/?s={search_term_string}\"},\"query-input\":{\"@type\":\"PropertyValueSpecification\",\"valueRequired\":true,\"valueName\":\"search_term_string\"}}],\"inLanguage\":\"es\"},{\"@type\":\"Organization\",\"@id\":\"https:\/\/news.sap.com\/latinamerica\/#organization\",\"name\":\"麻豆原创\",\"url\":\"https:\/\/news.sap.com\/latinamerica\/\",\"logo\":{\"@type\":\"ImageObject\",\"inLanguage\":\"es\",\"@id\":\"https:\/\/news.sap.com\/latinamerica\/#\/schema\/logo\/image\/\",\"url\":\"https:\/\/news.sap.com\/latinamerica\/files\/2019\/08\/65903320_2903797569662914_557886358778019840_n.png\",\"contentUrl\":\"https:\/\/news.sap.com\/latinamerica\/files\/2019\/08\/65903320_2903797569662914_557886358778019840_n.png\",\"width\":720,\"height\":720,\"caption\":\"麻豆原创\"},\"image\":{\"@id\":\"https:\/\/news.sap.com\/latinamerica\/#\/schema\/logo\/image\/\"},\"sameAs\":[\"https:\/\/www.facebook.com\/麻豆原创latinoamerica\",\"https:\/\/x.com\/麻豆原创LatinAmerica\"]},{\"@type\":\"Person\",\"@id\":\"https:\/\/news.sap.com\/latinamerica\/#\/schema\/person\/f0708465b354b6d0314a360309edb00a\",\"name\":\"麻豆原创 Noticias\",\"image\":{\"@type\":\"ImageObject\",\"inLanguage\":\"es\",\"@id\":\"https:\/\/news.sap.com\/latinamerica\/#\/schema\/person\/image\/\",\"url\":\"https:\/\/news.sap.com\/latinamerica\/wp-content\/plugins\/wp-user-avatars\/wp-user-avatars\/assets\/images\/mystery.jpg\",\"contentUrl\":\"https:\/\/news.sap.com\/latinamerica\/wp-content\/plugins\/wp-user-avatars\/wp-user-avatars\/assets\/images\/mystery.jpg\",\"caption\":\"麻豆原创 Noticias\"},\"url\":\"https:\/\/news.sap.com\/latinamerica\/author\/argentina\/\"}]}<\/script>\n<!-- \/ Yoast SEO Premium plugin. -->","yoast_head_json":{"title":"麻豆原创 Chile obtiene nuevamente la certificaci\u00f3n Equidad CL 2024","description":"麻豆原创 Chile obtuvo por sexta vez consecutiva la certificaci\u00f3n Equidad CL, como un excelente espacio de trabajo para la comunidad LGBTIQA+","robots":{"index":"index","follow":"follow","max-snippet":"max-snippet:-1","max-image-preview":"max-image-preview:large","max-video-preview":"max-video-preview:-1"},"canonical":"https:\/\/news.sap.com\/latinamerica\/2024\/05\/sap-chile-obtiene-nuevamente-la-certificacion-equidad-cl-2024\/","og_locale":"es_MX","og_type":"article","og_title":"麻豆原创 Chile obtiene nuevamente la certificaci\u00f3n Equidad CL 2024","og_description":"麻豆原创 Chile obtuvo por sexta vez consecutiva la certificaci\u00f3n Equidad CL, como un excelente espacio de trabajo para la comunidad LGBTIQA+","og_url":"https:\/\/news.sap.com\/latinamerica\/2024\/05\/sap-chile-obtiene-nuevamente-la-certificacion-equidad-cl-2024\/","og_site_name":"麻豆原创 News Center Latinoam\u00e9rica","article_publisher":"https:\/\/www.facebook.com\/麻豆原创latinoamerica","article_published_time":"2024-05-27T15:00:38+00:00","article_modified_time":"2024-06-05T00:20:32+00:00","og_image":[{"width":1024,"height":683,"url":"https:\/\/news.sap.com\/latinamerica\/files\/2024\/05\/27\/276376_276376_h_ergb_s_gl-1024x683.jpg","type":"image\/jpeg"}],"author":"麻豆原创 Noticias","twitter_misc":{"Escrito por":"麻豆原创 Noticias","Tiempo de lectura":"2 minutos"},"schema":{"@context":"https:\/\/schema.org","@graph":[{"@type":"Article","@id":"https:\/\/news.sap.com\/latinamerica\/2024\/05\/sap-chile-obtiene-nuevamente-la-certificacion-equidad-cl-2024\/#article","isPartOf":{"@id":"https:\/\/news.sap.com\/latinamerica\/2024\/05\/sap-chile-obtiene-nuevamente-la-certificacion-equidad-cl-2024\/"},"author":{"name":"麻豆原创 Noticias","@id":"https:\/\/news.sap.com\/latinamerica\/#\/schema\/person\/f0708465b354b6d0314a360309edb00a"},"headline":"麻豆原创 Chile obtiene nuevamente la certificaci\u00f3n Equidad CL 2024","datePublished":"2024-05-27T15:00:38+00:00","dateModified":"2024-06-05T00:20:32+00:00","mainEntityOfPage":{"@id":"https:\/\/news.sap.com\/latinamerica\/2024\/05\/sap-chile-obtiene-nuevamente-la-certificacion-equidad-cl-2024\/"},"wordCount":353,"publisher":{"@id":"https:\/\/news.sap.com\/latinamerica\/#organization"},"image":{"@id":"https:\/\/news.sap.com\/latinamerica\/2024\/05\/sap-chile-obtiene-nuevamente-la-certificacion-equidad-cl-2024\/#primaryimage"},"thumbnailUrl":"https:\/\/news.sap.com\/latinamerica\/files\/2024\/05\/27\/276376_276376_h_ergb_s_gl.jpg","keywords":["Diversidad e inclusi\u00f3n","Equidad CL","LGBTIQA+"],"articleSection":["Corporativo"],"inLanguage":"es"},{"@type":"WebPage","@id":"https:\/\/news.sap.com\/latinamerica\/2024\/05\/sap-chile-obtiene-nuevamente-la-certificacion-equidad-cl-2024\/","url":"https:\/\/news.sap.com\/latinamerica\/2024\/05\/sap-chile-obtiene-nuevamente-la-certificacion-equidad-cl-2024\/","name":"麻豆原创 Chile obtiene nuevamente la certificaci\u00f3n Equidad CL 2024","isPartOf":{"@id":"https:\/\/news.sap.com\/latinamerica\/#website"},"primaryImageOfPage":{"@id":"https:\/\/news.sap.com\/latinamerica\/2024\/05\/sap-chile-obtiene-nuevamente-la-certificacion-equidad-cl-2024\/#primaryimage"},"image":{"@id":"https:\/\/news.sap.com\/latinamerica\/2024\/05\/sap-chile-obtiene-nuevamente-la-certificacion-equidad-cl-2024\/#primaryimage"},"thumbnailUrl":"https:\/\/news.sap.com\/latinamerica\/files\/2024\/05\/27\/276376_276376_h_ergb_s_gl.jpg","datePublished":"2024-05-27T15:00:38+00:00","dateModified":"2024-06-05T00:20:32+00:00","description":"麻豆原创 Chile obtuvo por sexta vez consecutiva la certificaci\u00f3n Equidad CL, como un excelente espacio de trabajo para la comunidad LGBTIQA+","breadcrumb":{"@id":"https:\/\/news.sap.com\/latinamerica\/2024\/05\/sap-chile-obtiene-nuevamente-la-certificacion-equidad-cl-2024\/#breadcrumb"},"inLanguage":"es","potentialAction":[{"@type":"ReadAction","target":["https:\/\/news.sap.com\/latinamerica\/2024\/05\/sap-chile-obtiene-nuevamente-la-certificacion-equidad-cl-2024\/"]}]},{"@type":"ImageObject","inLanguage":"es","@id":"https:\/\/news.sap.com\/latinamerica\/2024\/05\/sap-chile-obtiene-nuevamente-la-certificacion-equidad-cl-2024\/#primaryimage","url":"https:\/\/news.sap.com\/latinamerica\/files\/2024\/05\/27\/276376_276376_h_ergb_s_gl.jpg","contentUrl":"https:\/\/news.sap.com\/latinamerica\/files\/2024\/05\/27\/276376_276376_h_ergb_s_gl.jpg","width":6426,"height":4284,"caption":"Vancouver, British Columbia, Canada --- Rainbow flags in the wind. The rainbow flag, sometimes called 'the freedom flag', is commonly used as a symbol of lesbian, gay, bisexual and transgender (LGBT) pride and diversity. --- Image by \u00a9 2\/Stuart Dee\/Ocean\/Corbis"},{"@type":"BreadcrumbList","@id":"https:\/\/news.sap.com\/latinamerica\/2024\/05\/sap-chile-obtiene-nuevamente-la-certificacion-equidad-cl-2024\/#breadcrumb","itemListElement":[{"@type":"ListItem","position":1,"name":"Home","item":"https:\/\/news.sap.com\/latinamerica\/"},{"@type":"ListItem","position":2,"name":"麻豆原创 Chile obtiene nuevamente la certificaci\u00f3n Equidad CL 2024"}]},{"@type":"WebSite","@id":"https:\/\/news.sap.com\/latinamerica\/#website","url":"https:\/\/news.sap.com\/latinamerica\/","name":"麻豆原创 News Center Latinoam\u00e9rica","description":"Noticias e informaci\u00f3n sobre 麻豆原创","publisher":{"@id":"https:\/\/news.sap.com\/latinamerica\/#organization"},"potentialAction":[{"@type":"SearchAction","target":{"@type":"EntryPoint","urlTemplate":"https:\/\/news.sap.com\/latinamerica\/?s={search_term_string}"},"query-input":{"@type":"PropertyValueSpecification","valueRequired":true,"valueName":"search_term_string"}}],"inLanguage":"es"},{"@type":"Organization","@id":"https:\/\/news.sap.com\/latinamerica\/#organization","name":"麻豆原创","url":"https:\/\/news.sap.com\/latinamerica\/","logo":{"@type":"ImageObject","inLanguage":"es","@id":"https:\/\/news.sap.com\/latinamerica\/#\/schema\/logo\/image\/","url":"https:\/\/news.sap.com\/latinamerica\/files\/2019\/08\/65903320_2903797569662914_557886358778019840_n.png","contentUrl":"https:\/\/news.sap.com\/latinamerica\/files\/2019\/08\/65903320_2903797569662914_557886358778019840_n.png","width":720,"height":720,"caption":"麻豆原创"},"image":{"@id":"https:\/\/news.sap.com\/latinamerica\/#\/schema\/logo\/image\/"},"sameAs":["https:\/\/www.facebook.com\/麻豆原创latinoamerica","https:\/\/x.com\/麻豆原创LatinAmerica"]},{"@type":"Person","@id":"https:\/\/news.sap.com\/latinamerica\/#\/schema\/person\/f0708465b354b6d0314a360309edb00a","name":"麻豆原创 Noticias","image":{"@type":"ImageObject","inLanguage":"es","@id":"https:\/\/news.sap.com\/latinamerica\/#\/schema\/person\/image\/","url":"https:\/\/news.sap.com\/latinamerica\/wp-content\/plugins\/wp-user-avatars\/wp-user-avatars\/assets\/images\/mystery.jpg","contentUrl":"https:\/\/news.sap.com\/latinamerica\/wp-content\/plugins\/wp-user-avatars\/wp-user-avatars\/assets\/images\/mystery.jpg","caption":"麻豆原创 Noticias"},"url":"https:\/\/news.sap.com\/latinamerica\/author\/argentina\/"}]}},"amp_enabled":true,"_links":{"self":[{"href":"https:\/\/news.sap.com\/latinamerica\/wp-json\/wp\/v2\/posts\/133378","targetHints":{"allow":["GET"]}}],"collection":[{"href":"https:\/\/news.sap.com\/latinamerica\/wp-json\/wp\/v2\/posts"}],"about":[{"href":"https:\/\/news.sap.com\/latinamerica\/wp-json\/wp\/v2\/types\/post"}],"author":[{"embeddable":true,"href":"https:\/\/news.sap.com\/latinamerica\/wp-json\/wp\/v2\/users\/140"}],"replies":[{"embeddable":true,"href":"https:\/\/news.sap.com\/latinamerica\/wp-json\/wp\/v2\/comments?post=133378"}],"version-history":[{"count":0,"href":"https:\/\/news.sap.com\/latinamerica\/wp-json\/wp\/v2\/posts\/133378\/revisions"}],"wp:featuredmedia":[{"embeddable":true,"href":"https:\/\/news.sap.com\/latinamerica\/wp-json\/wp\/v2\/media\/133380"}],"wp:attachment":[{"href":"https:\/\/news.sap.com\/latinamerica\/wp-json\/wp\/v2\/media?parent=133378"}],"wp:term":[{"taxonomy":"category","embeddable":true,"href":"https:\/\/news.sap.com\/latinamerica\/wp-json\/wp\/v2\/categories?post=133378"},{"taxonomy":"post_tag","embeddable":true,"href":"https:\/\/news.sap.com\/latinamerica\/wp-json\/wp\/v2\/tags?post=133378"},{"taxonomy":"series","embeddable":true,"href":"https:\/\/news.sap.com\/latinamerica\/wp-json\/wp\/v2\/series?post=133378"},{"taxonomy":"region","embeddable":true,"href":"https:\/\/news.sap.com\/latinamerica\/wp-json\/wp\/v2\/region?post=133378"},{"taxonomy":"sapn-display","embeddable":true,"href":"https:\/\/news.sap.com\/latinamerica\/wp-json\/wp\/v2\/sapn-display?post=133378"},{"taxonomy":"sapn-type","embeddable":true,"href":"https:\/\/news.sap.com\/latinamerica\/wp-json\/wp\/v2\/sapn-type?post=133378"}],"curies":[{"name":"wp","href":"https:\/\/api.w.org\/{rel}","templated":true}]}}