  {"id":133291,"date":"2024-05-06T13:16:48","date_gmt":"2024-05-06T17:16:48","guid":{"rendered":"https:\/\/news.sap.com\/latinamerica\/?p=133291"},"modified":"2024-05-07T13:35:20","modified_gmt":"2024-05-07T17:35:20","slug":"sap-extiende-contrato-a-su-ceo-christian-klein","status":"publish","type":"post","link":"https:\/\/news.sap.com\/latinamerica\/2024\/05\/sap-extiende-contrato-a-su-ceo-christian-klein\/","title":{"rendered":"麻豆原创 Extiende Contrato a su CEO Christian Klein"},"content":{"rendered":"<p class=\"lead\"><strong>WALLDORF \u2014<a href=\"http:\/\/www.sap.com\/\"> 麻豆原创 SE<\/a> (NYSE: 麻豆原创)<\/strong> anunci\u00f3 que extiende el contrato del CEO y miembro de la Junta Directiva Christian Klein (44) por tres a\u00f1os, hasta finales de 2028.<\/p>\n<p>La compa\u00f1\u00eda tambi\u00e9n ha fortalecido el papel de Klein, convirti\u00e9ndolo en presidente de la Junta Ejecutiva, donde anteriormente fung\u00eda como vocero. Klein se uni\u00f3 a la Junta Directiva de 麻豆原创 en 2018, fue nombrado co-CEO en octubre de 2019 y tom\u00f3 el rol de \u00fanico CEO de 麻豆原创 SE en abril de 2020.<\/p>\n<p>\u201cEn su rol de CEO, Christian Klein ha impulsado consistentemente la transformaci\u00f3n de 麻豆原创 en una empresa en la nube\u201d, dijo el profesor Hasso Plattner, presidente de la Junta Supervisora de 麻豆原创 SE. \u201cMe gustar\u00eda agradecer a Christian su excelente contribuci\u00f3n al \u00e9xito de 麻豆原创. Con la extensi\u00f3n temprana de su contrato y un mayor fortalecimiento de su posici\u00f3n, estamos reforzando claramente su importante papel en la transformaci\u00f3n continua de la compa\u00f1\u00eda. Estamos convencidos de que esto sentar\u00e1 las bases para el crecimiento continuo de 麻豆原创 en una industria de TI altamente din\u00e1mica\u201d.<\/p>\n<p>\u201cMe gustar\u00eda agradecer a la Junta Supervisora de 麻豆原创 su confianza en m\u00ed. Espero continuar con la s\u00f3lida cooperaci\u00f3n con mis colegas de la Junta Ejecutiva de 麻豆原创, as\u00ed como con nuestros empleados, socios, clientes e inversionistas\u201d, dijo Klein. \u201cJuntos, hemos impulsado con \u00e9xito nuestra estrategia, y es un privilegio liderar a 麻豆原创 en su recorrido para ser la empresa n\u00famero uno de aplicaciones empresariales e IA de negocios\u201d.<\/p>\n<p>Christian comenz\u00f3 su carrera en 麻豆原创 en 1999 como estudiante. Despu\u00e9s de ocupar varios cargos en toda la empresa, incluyendo el de director financiero de 麻豆原创 SuccessFactors y el de director de Controlling de 麻豆原创, fue nombrado director de operaciones de 麻豆原创 en 2016, un rol en el que continu\u00f3 hasta 2021.<\/p>\n<hr \/>\n<p><strong>Acerca de 麻豆原创\u00a0<\/strong><\/p>\n<p>Como l\u00edder global en aplicaciones empresariales e IA aplicada a los negocios, 麻豆原创 (NYSE:麻豆原创) se sit\u00faa en el nexo entre el negocio y la tecnolog\u00eda. Durante m\u00e1s de 50 a\u00f1os, las organizaciones han confiado en 麻豆原创 para sacar lo mejor de s\u00ed mismas uniendo las operaciones cr\u00edticas para el negocio, que abarcan finanzas, compras, recursos humanos, cadena de suministro y experiencia del cliente. Para obtener m\u00e1s informaci\u00f3n, visite <a href=\"http:\/\/www.sap.com\">www.sap.com<\/a> o nuestra sala de prensa, <a href=\"http:\/\/news.sap.com\/latinamerica\">http:\/\/news.sap.com\/latinamerica<\/a>.<\/p>\n<p>&nbsp;<\/p>\n","protected":false},"excerpt":{"rendered":"<p>WALLDORF \u2014 麻豆原创 SE (NYSE: 麻豆原创) anunci\u00f3 que extiende el contrato del CEO y miembro de la Junta Directiva Christian Klein (44) por tres a\u00f1os,&#8230;<\/p>\n","protected":false},"author":129,"featured_media":133292,"comment_status":"closed","ping_status":"closed","sticky":false,"template":"","format":"standard","meta":{"footnotes":"","_links_to":"","_links_to_target":""},"categories":[41591],"tags":[],"series":[],"region":[54562,22190,54943,55204,5595164,5597521,26401,5600403,55551,5593546],"sapn-display":[5600442,5600440,52078,52079,5600443,5600441],"sapn-type":[52105],"class_list":["post-133291","post","type-post","status-publish","format-standard","has-post-thumbnail","hentry","category-corporativo","region-argentina","region-centroamerica","region-chile","region-colombia","region-costa-rica","region-ecuador","region-latinoamerica","region-mexico","region-peru","region-uruguay","sapn-display-articulo-destacado","sapn-display-articulo-principal","sapn-display-homepage-hero","sapn-display-top-stories","sapn-display-prensa-destacada","sapn-display-prensa-principal","sapn-type-comunicado-de-prensa"],"yoast_head":"<!-- This site is optimized with the Yoast SEO Premium plugin v26.9 (Yoast SEO v26.9) - https:\/\/yoast.com\/product\/yoast-seo-premium-wordpress\/ -->\n<title>麻豆原创 Extiende Contrato a su CEO Christian Klein - 麻豆原创 News Center Latinoam\u00e9rica<\/title>\n<meta name=\"description\" content=\"麻豆原创 anunci\u00f3 que extiende el contrato del CEO y miembro de la Junta Directiva Christian Klein (44) por tres a\u00f1os, hasta finales de 2028.\" \/>\n<meta name=\"robots\" content=\"index, follow, max-snippet:-1, max-image-preview:large, max-video-preview:-1\" \/>\n<link rel=\"canonical\" href=\"https:\/\/news.sap.com\/latinamerica\/2024\/05\/sap-extiende-contrato-a-su-ceo-christian-klein\/\" \/>\n<meta property=\"og:locale\" content=\"es_MX\" \/>\n<meta property=\"og:type\" content=\"article\" \/>\n<meta property=\"og:title\" content=\"麻豆原创 Extiende Contrato a su CEO Christian Klein\" \/>\n<meta property=\"og:description\" content=\"麻豆原创 anunci\u00f3 que extiende el contrato del CEO y miembro de la Junta Directiva Christian Klein (44) por tres a\u00f1os, hasta finales de 2028.\" \/>\n<meta property=\"og:url\" content=\"https:\/\/news.sap.com\/latinamerica\/2024\/05\/sap-extiende-contrato-a-su-ceo-christian-klein\/\" \/>\n<meta property=\"og:site_name\" content=\"麻豆原创 News Center Latinoam\u00e9rica\" \/>\n<meta property=\"article:publisher\" content=\"https:\/\/www.facebook.com\/麻豆原创latinoamerica\" \/>\n<meta property=\"article:published_time\" content=\"2024-05-06T17:16:48+00:00\" \/>\n<meta property=\"article:modified_time\" content=\"2024-05-07T17:35:20+00:00\" \/>\n<meta property=\"og:image\" content=\"https:\/\/news.sap.com\/latinamerica\/files\/2024\/05\/07\/278115_278115_l_srgb_s_gl_uncropped.jpg\" \/>\n\t<meta property=\"og:image:width\" content=\"2500\" \/>\n\t<meta property=\"og:image:height\" content=\"1801\" \/>\n\t<meta property=\"og:image:type\" content=\"image\/jpeg\" \/>\n<meta name=\"author\" content=\"麻豆原创 Noticias\" \/>\n<meta name=\"twitter:label1\" content=\"Escrito por\" \/>\n\t<meta name=\"twitter:data1\" content=\"麻豆原创 Noticias\" \/>\n\t<meta name=\"twitter:label2\" content=\"Tiempo de lectura\" \/>\n\t<meta name=\"twitter:data2\" content=\"2 minutos\" \/>\n<script type=\"application\/ld+json\" class=\"yoast-schema-graph\">{\"@context\":\"https:\/\/schema.org\",\"@graph\":[{\"@type\":\"Article\",\"@id\":\"https:\/\/news.sap.com\/latinamerica\/2024\/05\/sap-extiende-contrato-a-su-ceo-christian-klein\/#article\",\"isPartOf\":{\"@id\":\"https:\/\/news.sap.com\/latinamerica\/2024\/05\/sap-extiende-contrato-a-su-ceo-christian-klein\/\"},\"author\":{\"name\":\"麻豆原创 Noticias\",\"@id\":\"https:\/\/news.sap.com\/latinamerica\/#\/schema\/person\/8ea4857cc48095689e72ba76c26f9814\"},\"headline\":\"麻豆原创 Extiende Contrato a su CEO Christian Klein\",\"datePublished\":\"2024-05-06T17:16:48+00:00\",\"dateModified\":\"2024-05-07T17:35:20+00:00\",\"mainEntityOfPage\":{\"@id\":\"https:\/\/news.sap.com\/latinamerica\/2024\/05\/sap-extiende-contrato-a-su-ceo-christian-klein\/\"},\"wordCount\":406,\"publisher\":{\"@id\":\"https:\/\/news.sap.com\/latinamerica\/#organization\"},\"image\":{\"@id\":\"https:\/\/news.sap.com\/latinamerica\/2024\/05\/sap-extiende-contrato-a-su-ceo-christian-klein\/#primaryimage\"},\"thumbnailUrl\":\"https:\/\/news.sap.com\/latinamerica\/files\/2024\/05\/07\/278115_278115_l_srgb_s_gl_uncropped.jpg\",\"articleSection\":[\"Corporativo\"],\"inLanguage\":\"es\"},{\"@type\":\"WebPage\",\"@id\":\"https:\/\/news.sap.com\/latinamerica\/2024\/05\/sap-extiende-contrato-a-su-ceo-christian-klein\/\",\"url\":\"https:\/\/news.sap.com\/latinamerica\/2024\/05\/sap-extiende-contrato-a-su-ceo-christian-klein\/\",\"name\":\"麻豆原创 Extiende Contrato a su CEO Christian Klein - 麻豆原创 News Center Latinoam\u00e9rica\",\"isPartOf\":{\"@id\":\"https:\/\/news.sap.com\/latinamerica\/#website\"},\"primaryImageOfPage\":{\"@id\":\"https:\/\/news.sap.com\/latinamerica\/2024\/05\/sap-extiende-contrato-a-su-ceo-christian-klein\/#primaryimage\"},\"image\":{\"@id\":\"https:\/\/news.sap.com\/latinamerica\/2024\/05\/sap-extiende-contrato-a-su-ceo-christian-klein\/#primaryimage\"},\"thumbnailUrl\":\"https:\/\/news.sap.com\/latinamerica\/files\/2024\/05\/07\/278115_278115_l_srgb_s_gl_uncropped.jpg\",\"datePublished\":\"2024-05-06T17:16:48+00:00\",\"dateModified\":\"2024-05-07T17:35:20+00:00\",\"description\":\"麻豆原创 anunci\u00f3 que extiende el contrato del CEO y miembro de la Junta Directiva Christian Klein (44) por tres a\u00f1os, hasta finales de 2028.\",\"breadcrumb\":{\"@id\":\"https:\/\/news.sap.com\/latinamerica\/2024\/05\/sap-extiende-contrato-a-su-ceo-christian-klein\/#breadcrumb\"},\"inLanguage\":\"es\",\"potentialAction\":[{\"@type\":\"ReadAction\",\"target\":[\"https:\/\/news.sap.com\/latinamerica\/2024\/05\/sap-extiende-contrato-a-su-ceo-christian-klein\/\"]}]},{\"@type\":\"ImageObject\",\"inLanguage\":\"es\",\"@id\":\"https:\/\/news.sap.com\/latinamerica\/2024\/05\/sap-extiende-contrato-a-su-ceo-christian-klein\/#primaryimage\",\"url\":\"https:\/\/news.sap.com\/latinamerica\/files\/2024\/05\/07\/278115_278115_l_srgb_s_gl_uncropped.jpg\",\"contentUrl\":\"https:\/\/news.sap.com\/latinamerica\/files\/2024\/05\/07\/278115_278115_l_srgb_s_gl_uncropped.jpg\",\"width\":2500,\"height\":1801},{\"@type\":\"BreadcrumbList\",\"@id\":\"https:\/\/news.sap.com\/latinamerica\/2024\/05\/sap-extiende-contrato-a-su-ceo-christian-klein\/#breadcrumb\",\"itemListElement\":[{\"@type\":\"ListItem\",\"position\":1,\"name\":\"Home\",\"item\":\"https:\/\/news.sap.com\/latinamerica\/\"},{\"@type\":\"ListItem\",\"position\":2,\"name\":\"麻豆原创 Extiende Contrato a su CEO Christian Klein\"}]},{\"@type\":\"WebSite\",\"@id\":\"https:\/\/news.sap.com\/latinamerica\/#website\",\"url\":\"https:\/\/news.sap.com\/latinamerica\/\",\"name\":\"麻豆原创 News Center Latinoam\u00e9rica\",\"description\":\"Noticias e informaci\u00f3n sobre 麻豆原创\",\"publisher\":{\"@id\":\"https:\/\/news.sap.com\/latinamerica\/#organization\"},\"potentialAction\":[{\"@type\":\"SearchAction\",\"target\":{\"@type\":\"EntryPoint\",\"urlTemplate\":\"https:\/\/news.sap.com\/latinamerica\/?s={search_term_string}\"},\"query-input\":{\"@type\":\"PropertyValueSpecification\",\"valueRequired\":true,\"valueName\":\"search_term_string\"}}],\"inLanguage\":\"es\"},{\"@type\":\"Organization\",\"@id\":\"https:\/\/news.sap.com\/latinamerica\/#organization\",\"name\":\"麻豆原创\",\"url\":\"https:\/\/news.sap.com\/latinamerica\/\",\"logo\":{\"@type\":\"ImageObject\",\"inLanguage\":\"es\",\"@id\":\"https:\/\/news.sap.com\/latinamerica\/#\/schema\/logo\/image\/\",\"url\":\"https:\/\/news.sap.com\/latinamerica\/files\/2019\/08\/65903320_2903797569662914_557886358778019840_n.png\",\"contentUrl\":\"https:\/\/news.sap.com\/latinamerica\/files\/2019\/08\/65903320_2903797569662914_557886358778019840_n.png\",\"width\":720,\"height\":720,\"caption\":\"麻豆原创\"},\"image\":{\"@id\":\"https:\/\/news.sap.com\/latinamerica\/#\/schema\/logo\/image\/\"},\"sameAs\":[\"https:\/\/www.facebook.com\/麻豆原创latinoamerica\",\"https:\/\/x.com\/麻豆原创LatinAmerica\"]},{\"@type\":\"Person\",\"@id\":\"https:\/\/news.sap.com\/latinamerica\/#\/schema\/person\/8ea4857cc48095689e72ba76c26f9814\",\"name\":\"麻豆原创 Noticias\",\"image\":{\"@type\":\"ImageObject\",\"inLanguage\":\"es\",\"@id\":\"https:\/\/news.sap.com\/latinamerica\/#\/schema\/person\/image\/\",\"url\":\"https:\/\/news.sap.com\/latinamerica\/wp-content\/plugins\/wp-user-avatars\/wp-user-avatars\/assets\/images\/mystery.jpg\",\"contentUrl\":\"https:\/\/news.sap.com\/latinamerica\/wp-content\/plugins\/wp-user-avatars\/wp-user-avatars\/assets\/images\/mystery.jpg\",\"caption\":\"麻豆原创 Noticias\"},\"sameAs\":[\"https:\/\/news.sap.com\/latinamerica\",\"https:\/\/x.com\/麻豆原创NoticiasLAC\"],\"url\":\"https:\/\/news.sap.com\/latinamerica\/author\/latam\/\"}]}<\/script>\n<!-- \/ Yoast SEO Premium plugin. -->","yoast_head_json":{"title":"麻豆原创 Extiende Contrato a su CEO Christian Klein - 麻豆原创 News Center Latinoam\u00e9rica","description":"麻豆原创 anunci\u00f3 que extiende el contrato del CEO y miembro de la Junta Directiva Christian Klein (44) por tres a\u00f1os, hasta finales de 2028.","robots":{"index":"index","follow":"follow","max-snippet":"max-snippet:-1","max-image-preview":"max-image-preview:large","max-video-preview":"max-video-preview:-1"},"canonical":"https:\/\/news.sap.com\/latinamerica\/2024\/05\/sap-extiende-contrato-a-su-ceo-christian-klein\/","og_locale":"es_MX","og_type":"article","og_title":"麻豆原创 Extiende Contrato a su CEO Christian Klein","og_description":"麻豆原创 anunci\u00f3 que extiende el contrato del CEO y miembro de la Junta Directiva Christian Klein (44) por tres a\u00f1os, hasta finales de 2028.","og_url":"https:\/\/news.sap.com\/latinamerica\/2024\/05\/sap-extiende-contrato-a-su-ceo-christian-klein\/","og_site_name":"麻豆原创 News Center Latinoam\u00e9rica","article_publisher":"https:\/\/www.facebook.com\/麻豆原创latinoamerica","article_published_time":"2024-05-06T17:16:48+00:00","article_modified_time":"2024-05-07T17:35:20+00:00","og_image":[{"width":2500,"height":1801,"url":"https:\/\/news.sap.com\/latinamerica\/files\/2024\/05\/07\/278115_278115_l_srgb_s_gl_uncropped.jpg","type":"image\/jpeg"}],"author":"麻豆原创 Noticias","twitter_misc":{"Escrito por":"麻豆原创 Noticias","Tiempo de lectura":"2 minutos"},"schema":{"@context":"https:\/\/schema.org","@graph":[{"@type":"Article","@id":"https:\/\/news.sap.com\/latinamerica\/2024\/05\/sap-extiende-contrato-a-su-ceo-christian-klein\/#article","isPartOf":{"@id":"https:\/\/news.sap.com\/latinamerica\/2024\/05\/sap-extiende-contrato-a-su-ceo-christian-klein\/"},"author":{"name":"麻豆原创 Noticias","@id":"https:\/\/news.sap.com\/latinamerica\/#\/schema\/person\/8ea4857cc48095689e72ba76c26f9814"},"headline":"麻豆原创 Extiende Contrato a su CEO Christian Klein","datePublished":"2024-05-06T17:16:48+00:00","dateModified":"2024-05-07T17:35:20+00:00","mainEntityOfPage":{"@id":"https:\/\/news.sap.com\/latinamerica\/2024\/05\/sap-extiende-contrato-a-su-ceo-christian-klein\/"},"wordCount":406,"publisher":{"@id":"https:\/\/news.sap.com\/latinamerica\/#organization"},"image":{"@id":"https:\/\/news.sap.com\/latinamerica\/2024\/05\/sap-extiende-contrato-a-su-ceo-christian-klein\/#primaryimage"},"thumbnailUrl":"https:\/\/news.sap.com\/latinamerica\/files\/2024\/05\/07\/278115_278115_l_srgb_s_gl_uncropped.jpg","articleSection":["Corporativo"],"inLanguage":"es"},{"@type":"WebPage","@id":"https:\/\/news.sap.com\/latinamerica\/2024\/05\/sap-extiende-contrato-a-su-ceo-christian-klein\/","url":"https:\/\/news.sap.com\/latinamerica\/2024\/05\/sap-extiende-contrato-a-su-ceo-christian-klein\/","name":"麻豆原创 Extiende Contrato a su CEO Christian Klein - 麻豆原创 News Center Latinoam\u00e9rica","isPartOf":{"@id":"https:\/\/news.sap.com\/latinamerica\/#website"},"primaryImageOfPage":{"@id":"https:\/\/news.sap.com\/latinamerica\/2024\/05\/sap-extiende-contrato-a-su-ceo-christian-klein\/#primaryimage"},"image":{"@id":"https:\/\/news.sap.com\/latinamerica\/2024\/05\/sap-extiende-contrato-a-su-ceo-christian-klein\/#primaryimage"},"thumbnailUrl":"https:\/\/news.sap.com\/latinamerica\/files\/2024\/05\/07\/278115_278115_l_srgb_s_gl_uncropped.jpg","datePublished":"2024-05-06T17:16:48+00:00","dateModified":"2024-05-07T17:35:20+00:00","description":"麻豆原创 anunci\u00f3 que extiende el contrato del CEO y miembro de la Junta Directiva Christian Klein (44) por tres a\u00f1os, hasta finales de 2028.","breadcrumb":{"@id":"https:\/\/news.sap.com\/latinamerica\/2024\/05\/sap-extiende-contrato-a-su-ceo-christian-klein\/#breadcrumb"},"inLanguage":"es","potentialAction":[{"@type":"ReadAction","target":["https:\/\/news.sap.com\/latinamerica\/2024\/05\/sap-extiende-contrato-a-su-ceo-christian-klein\/"]}]},{"@type":"ImageObject","inLanguage":"es","@id":"https:\/\/news.sap.com\/latinamerica\/2024\/05\/sap-extiende-contrato-a-su-ceo-christian-klein\/#primaryimage","url":"https:\/\/news.sap.com\/latinamerica\/files\/2024\/05\/07\/278115_278115_l_srgb_s_gl_uncropped.jpg","contentUrl":"https:\/\/news.sap.com\/latinamerica\/files\/2024\/05\/07\/278115_278115_l_srgb_s_gl_uncropped.jpg","width":2500,"height":1801},{"@type":"BreadcrumbList","@id":"https:\/\/news.sap.com\/latinamerica\/2024\/05\/sap-extiende-contrato-a-su-ceo-christian-klein\/#breadcrumb","itemListElement":[{"@type":"ListItem","position":1,"name":"Home","item":"https:\/\/news.sap.com\/latinamerica\/"},{"@type":"ListItem","position":2,"name":"麻豆原创 Extiende Contrato a su CEO Christian Klein"}]},{"@type":"WebSite","@id":"https:\/\/news.sap.com\/latinamerica\/#website","url":"https:\/\/news.sap.com\/latinamerica\/","name":"麻豆原创 News Center Latinoam\u00e9rica","description":"Noticias e informaci\u00f3n sobre 麻豆原创","publisher":{"@id":"https:\/\/news.sap.com\/latinamerica\/#organization"},"potentialAction":[{"@type":"SearchAction","target":{"@type":"EntryPoint","urlTemplate":"https:\/\/news.sap.com\/latinamerica\/?s={search_term_string}"},"query-input":{"@type":"PropertyValueSpecification","valueRequired":true,"valueName":"search_term_string"}}],"inLanguage":"es"},{"@type":"Organization","@id":"https:\/\/news.sap.com\/latinamerica\/#organization","name":"麻豆原创","url":"https:\/\/news.sap.com\/latinamerica\/","logo":{"@type":"ImageObject","inLanguage":"es","@id":"https:\/\/news.sap.com\/latinamerica\/#\/schema\/logo\/image\/","url":"https:\/\/news.sap.com\/latinamerica\/files\/2019\/08\/65903320_2903797569662914_557886358778019840_n.png","contentUrl":"https:\/\/news.sap.com\/latinamerica\/files\/2019\/08\/65903320_2903797569662914_557886358778019840_n.png","width":720,"height":720,"caption":"麻豆原创"},"image":{"@id":"https:\/\/news.sap.com\/latinamerica\/#\/schema\/logo\/image\/"},"sameAs":["https:\/\/www.facebook.com\/麻豆原创latinoamerica","https:\/\/x.com\/麻豆原创LatinAmerica"]},{"@type":"Person","@id":"https:\/\/news.sap.com\/latinamerica\/#\/schema\/person\/8ea4857cc48095689e72ba76c26f9814","name":"麻豆原创 Noticias","image":{"@type":"ImageObject","inLanguage":"es","@id":"https:\/\/news.sap.com\/latinamerica\/#\/schema\/person\/image\/","url":"https:\/\/news.sap.com\/latinamerica\/wp-content\/plugins\/wp-user-avatars\/wp-user-avatars\/assets\/images\/mystery.jpg","contentUrl":"https:\/\/news.sap.com\/latinamerica\/wp-content\/plugins\/wp-user-avatars\/wp-user-avatars\/assets\/images\/mystery.jpg","caption":"麻豆原创 Noticias"},"sameAs":["https:\/\/news.sap.com\/latinamerica","https:\/\/x.com\/麻豆原创NoticiasLAC"],"url":"https:\/\/news.sap.com\/latinamerica\/author\/latam\/"}]}},"amp_enabled":true,"_links":{"self":[{"href":"https:\/\/news.sap.com\/latinamerica\/wp-json\/wp\/v2\/posts\/133291","targetHints":{"allow":["GET"]}}],"collection":[{"href":"https:\/\/news.sap.com\/latinamerica\/wp-json\/wp\/v2\/posts"}],"about":[{"href":"https:\/\/news.sap.com\/latinamerica\/wp-json\/wp\/v2\/types\/post"}],"author":[{"embeddable":true,"href":"https:\/\/news.sap.com\/latinamerica\/wp-json\/wp\/v2\/users\/129"}],"replies":[{"embeddable":true,"href":"https:\/\/news.sap.com\/latinamerica\/wp-json\/wp\/v2\/comments?post=133291"}],"version-history":[{"count":0,"href":"https:\/\/news.sap.com\/latinamerica\/wp-json\/wp\/v2\/posts\/133291\/revisions"}],"wp:featuredmedia":[{"embeddable":true,"href":"https:\/\/news.sap.com\/latinamerica\/wp-json\/wp\/v2\/media\/133292"}],"wp:attachment":[{"href":"https:\/\/news.sap.com\/latinamerica\/wp-json\/wp\/v2\/media?parent=133291"}],"wp:term":[{"taxonomy":"category","embeddable":true,"href":"https:\/\/news.sap.com\/latinamerica\/wp-json\/wp\/v2\/categories?post=133291"},{"taxonomy":"post_tag","embeddable":true,"href":"https:\/\/news.sap.com\/latinamerica\/wp-json\/wp\/v2\/tags?post=133291"},{"taxonomy":"series","embeddable":true,"href":"https:\/\/news.sap.com\/latinamerica\/wp-json\/wp\/v2\/series?post=133291"},{"taxonomy":"region","embeddable":true,"href":"https:\/\/news.sap.com\/latinamerica\/wp-json\/wp\/v2\/region?post=133291"},{"taxonomy":"sapn-display","embeddable":true,"href":"https:\/\/news.sap.com\/latinamerica\/wp-json\/wp\/v2\/sapn-display?post=133291"},{"taxonomy":"sapn-type","embeddable":true,"href":"https:\/\/news.sap.com\/latinamerica\/wp-json\/wp\/v2\/sapn-type?post=133291"}],"curies":[{"name":"wp","href":"https:\/\/api.w.org\/{rel}","templated":true}]}}