  {"id":133200,"date":"2024-04-11T17:52:09","date_gmt":"2024-04-11T21:52:09","guid":{"rendered":"https:\/\/news.sap.com\/latinamerica\/?p=133200"},"modified":"2024-04-11T17:52:25","modified_gmt":"2024-04-11T21:52:25","slug":"como-se-ve-el-camino-de-transformacion-hacia-la-nube-en-2024","status":"publish","type":"post","link":"https:\/\/news.sap.com\/latinamerica\/2024\/04\/como-se-ve-el-camino-de-transformacion-hacia-la-nube-en-2024\/","title":{"rendered":"C\u00f3mo se ve el camino de transformaci\u00f3n hacia la nube en 2024"},"content":{"rendered":"<p><i><span style=\"font-weight: 400\">La constante evoluci\u00f3n de la industria sigue impulsando a organizaciones de todos los tama\u00f1os a digitalizar sus operaciones y sacar el mayor provecho a los beneficios que trae estar en la nube. Ejecutivos de empresas l\u00edderes del mercado como 麻豆原创, Google Cloud, Microsoft e Intel analizaron los retos que plantea el presente a\u00f1o para el sector.\u00a0\u00a0<\/span><\/i><\/p>\n<p><span style=\"font-weight: 400\">El camino de la transformaci\u00f3n digital y de la transici\u00f3n a la nube sigue en marcha para empresas de todos los tama\u00f1os, con retos para los cuales, sin importar el sector o modelo de negocio de la organizaci\u00f3n, se requiere de un trabajo conjunto entre diversos actores del ecosistema tecnol\u00f3gico.\u00a0<\/span><\/p>\n<p><span style=\"font-weight: 400\">As\u00ed qued\u00f3 claro durante la m\u00e1s reciente edici\u00f3n del 麻豆原创 Partner Kick-Off, 麻豆原创 Customer Success Kick-Off, un espacio en el que se discuti\u00f3 acerca de las expectativas de las organizaciones que ya han puesto en marcha procesos de transformaci\u00f3n y que esperan empezar a ver los resultados de sus inversiones, as\u00ed como el potencial que existe a\u00fan para llevar soluciones digitales que impulsen el crecimiento y la migraci\u00f3n a la nube para peque\u00f1as y medianas empresas en la regi\u00f3n.<\/span><\/p>\n<p><span style=\"font-weight: 400\">\u201cEn nuestra tarea de llevar la tecnolog\u00eda a m\u00e1s organizaciones, el trabajo con nuestros aliados es la clave del \u00e9xito. No solo se trata de llevar los procesos a la nube, sino de contar con soluciones que permitan aprovechar los datos con los que cuentan las organizaciones, facilitar la transici\u00f3n del mundo \u2018on premise\u2019 a los espacios digitales, contando adem\u00e1s con una infraestructura que soporte esta transici\u00f3n\u201d, destac\u00f3 Marcela Perilla, presidente de 麻豆原创 para la regi\u00f3n Norte de Am\u00e9rica Latina y el Caribe, durante un panel del que participaron adem\u00e1s ejecutivos las multinacionales Google Cloud, Microsoft e Intel.\u00a0<\/span><\/p>\n<p><span style=\"font-weight: 400\">Para las organizaciones con mayor bagaje en los procesos de transformaci\u00f3n y uso de la nube, el 2024 aparece como un a\u00f1o para empezar a recoger los frutos de las inversiones realizadas durante los \u00faltimos a\u00f1os e identificar los indicadores clave para medir el retorno de las mismas. As\u00ed lo destaca Juan Pablo Consuegra, Gerente General de Google Cloud Colombia, quien ve adem\u00e1s una tendencia hacia el \u2018multicloud\u2019.<\/span><\/p>\n<p><span style=\"font-weight: 400\">\u201cVemos que las empresas con mayor experiencia est\u00e1n empezando a buscar lo mejor de cada nube, capitalizando las ventajas de cada modelo, saliendo de la estructura monol\u00edtica y abri\u00e9ndose cada vez m\u00e1s a un modelo de nube h\u00edbrida\u201d, agrega Consuegra.\u00a0<\/span><\/p>\n<p><b>Superar las barreras de entrada<\/b><\/p>\n<p><span style=\"font-weight: 400\">Por otra parte, la migraci\u00f3n hacia la nube sigue siendo una tarea pendiente para la gran mayor\u00eda de las peque\u00f1as y medianas empresas. Al menos en Colombia, se estima que cerca del 15% tienen presencia en la nube, por lo que el reto de la industria es ayudar a estos negocios a encontrar un modelo que les permita aprovechar los beneficios de la digitalizaci\u00f3n.<\/span><\/p>\n<p><span style=\"font-weight: 400\">&#8220;En Microsoft, nuestro objetivo es empoderar a todas las organizaciones para lograr todo su potencial y por ello trabajamos en asegurar la democratizaci\u00f3n del acceso a la nube y en abordar las barreras de adopci\u00f3n. El ritmo y la escala de la innovaci\u00f3n tecnol\u00f3gica que est\u00e1 ocurriendo hoy no tiene precedentes y, a medida que los l\u00edderes buscan adoptar la IA, se vuelve m\u00e1s cr\u00edtico que nunca priorizar tener un negocio impulsado por los datos, fortificado con capacidades digitales y en la nube. Este enfoque ayudar\u00e1 a las organizaciones de todos los tama\u00f1os y sectores a aprovechar la IA generativa como un acelerador para la transformaci\u00f3n\u201d, asegura Juan Carlos Uribe, Enterprise Segment Sales Director Andean Region de Microsoft.<\/span><\/p>\n<p><span style=\"font-weight: 400\">Adem\u00e1s, Uribe destaca que las organizaciones reconocen cada vez m\u00e1s la importancia de temas asociados a su transformaci\u00f3n digital, incluyendo ciberseguridad, el impacto en la sostenibilidad y c\u00f3mo estos procesos hacen parte de un modelo de innovaci\u00f3n que tiene un mayor impacto sobre el negocio de manera global.\u00a0<\/span><\/p>\n<p><span style=\"font-weight: 400\">Si bien la transici\u00f3n a la nube se asocia exclusivamente con el mundo digital, permite a las organizaciones operar de manera remota, ser m\u00e1s flexibles y escalar su crecimiento, que est\u00e1 soportado en una infraestructura y hardware en constante evoluci\u00f3n.<\/span><\/p>\n<p><span style=\"font-weight: 400\">Es precisamente esa necesidad de contar con un hardware capaz de soportar las demandas de las nuevas tecnolog\u00edas que se est\u00e1n implementando en la nube, la que hace tan importante la alianza entre los diferentes actores del ecosistema tecnol\u00f3gico.\u00a0<\/span><\/p>\n<p><span style=\"font-weight: 400\">Para Juli\u00e1n Duque, country lead de Intel para Colombia, la colaboraci\u00f3n con empresas que desarrollan la nube, as\u00ed como las que trabajan en aplicaciones que se alberguen en este espacio, permite a empresas como Intel entender qu\u00e9 tipo de arquitectura y qu\u00e9 tipo de mejoras en el hardware son requeridas.<\/span><\/p>\n<p><span style=\"font-weight: 400\">\u201cEste trabajo es vital para que las organizaciones que est\u00e1n haciendo su migraci\u00f3n a la nube y quieren acceder a la m\u00e1s reciente tecnolog\u00eda puedan tener un proceso estable y seguro <\/span><span style=\"font-weight: 400\">consiguiendo en la nube toda la propuesta de valor de los productos de Intel que hist\u00f3ricamente usan en su infraestructura local<\/span><span style=\"font-weight: 400\">, sin que la continuidad de su negocio o sus procesos se vean afectados\u201d, finaliza Duque.\u00a0<\/span><\/p>\n<p><span style=\"font-weight: 400\">En suma, como lo explica Marcela Perilla, la transici\u00f3n al mundo digital y la adopci\u00f3n de la nube seguir\u00e1n siendo una tendencia en los a\u00f1os por venir, por lo que el trabajo en conjunto de los l\u00edderes del mercado ser\u00e1 clave para que m\u00e1s empresas puedan llevar sus operaciones a un nuevo nivel de la mano de la tecnolog\u00eda.<\/span><\/p>\n","protected":false},"excerpt":{"rendered":"<p>La constante evoluci\u00f3n de la industria sigue impulsando a organizaciones de todos los tama\u00f1os a digitalizar sus operaciones y sacar el mayor provecho a los&#8230;<\/p>\n","protected":false},"author":141,"featured_media":133201,"comment_status":"closed","ping_status":"closed","sticky":false,"template":"","format":"standard","meta":{"footnotes":"","_links_to":"","_links_to_target":""},"categories":[1],"tags":[],"series":[],"region":[],"sapn-display":[],"sapn-type":[],"class_list":["post-133200","post","type-post","status-publish","format-standard","has-post-thumbnail","hentry","category-uncategorized"],"yoast_head":"<!-- This site is optimized with the Yoast SEO Premium plugin v26.9 (Yoast SEO v26.9) - https:\/\/yoast.com\/product\/yoast-seo-premium-wordpress\/ -->\n<title>C\u00f3mo se ve el camino de transformaci\u00f3n hacia la nube en 2024 - 麻豆原创 News Center Latinoam\u00e9rica<\/title>\n<meta name=\"robots\" content=\"index, follow, max-snippet:-1, max-image-preview:large, max-video-preview:-1\" \/>\n<link rel=\"canonical\" href=\"https:\/\/news.sap.com\/latinamerica\/2024\/04\/como-se-ve-el-camino-de-transformacion-hacia-la-nube-en-2024\/\" \/>\n<meta property=\"og:locale\" content=\"es_MX\" \/>\n<meta property=\"og:type\" content=\"article\" \/>\n<meta property=\"og:title\" content=\"C\u00f3mo se ve el camino de transformaci\u00f3n hacia la nube en 2024\" \/>\n<meta property=\"og:description\" content=\"La constante evoluci\u00f3n de la industria sigue impulsando a organizaciones de todos los tama\u00f1os a digitalizar sus operaciones y sacar el mayor provecho a los...\" \/>\n<meta property=\"og:url\" content=\"https:\/\/news.sap.com\/latinamerica\/2024\/04\/como-se-ve-el-camino-de-transformacion-hacia-la-nube-en-2024\/\" \/>\n<meta property=\"og:site_name\" content=\"麻豆原创 News Center Latinoam\u00e9rica\" \/>\n<meta property=\"article:publisher\" content=\"https:\/\/www.facebook.com\/麻豆原创latinoamerica\" \/>\n<meta property=\"article:published_time\" content=\"2024-04-11T21:52:09+00:00\" \/>\n<meta property=\"article:modified_time\" content=\"2024-04-11T21:52:25+00:00\" \/>\n<meta property=\"og:image\" content=\"https:\/\/news.sap.com\/latinamerica\/files\/2024\/04\/11\/IMG-VOC-1.jpeg\" \/>\n\t<meta property=\"og:image:width\" content=\"1280\" \/>\n\t<meta property=\"og:image:height\" content=\"852\" \/>\n\t<meta property=\"og:image:type\" content=\"image\/jpeg\" \/>\n<meta name=\"author\" content=\"麻豆原创 Noticias\" \/>\n<meta name=\"twitter:label1\" content=\"Escrito por\" \/>\n\t<meta name=\"twitter:data1\" content=\"麻豆原创 Noticias\" \/>\n\t<meta name=\"twitter:label2\" content=\"Tiempo de lectura\" \/>\n\t<meta name=\"twitter:data2\" content=\"5 minutos\" \/>\n<script type=\"application\/ld+json\" class=\"yoast-schema-graph\">{\"@context\":\"https:\/\/schema.org\",\"@graph\":[{\"@type\":\"Article\",\"@id\":\"https:\/\/news.sap.com\/latinamerica\/2024\/04\/como-se-ve-el-camino-de-transformacion-hacia-la-nube-en-2024\/#article\",\"isPartOf\":{\"@id\":\"https:\/\/news.sap.com\/latinamerica\/2024\/04\/como-se-ve-el-camino-de-transformacion-hacia-la-nube-en-2024\/\"},\"author\":{\"name\":\"麻豆原创 Noticias\",\"@id\":\"https:\/\/news.sap.com\/latinamerica\/#\/schema\/person\/82786ba12f72bc9b05ba328d1d3652c4\"},\"headline\":\"C\u00f3mo se ve el camino de transformaci\u00f3n hacia la nube en 2024\",\"datePublished\":\"2024-04-11T21:52:09+00:00\",\"dateModified\":\"2024-04-11T21:52:25+00:00\",\"mainEntityOfPage\":{\"@id\":\"https:\/\/news.sap.com\/latinamerica\/2024\/04\/como-se-ve-el-camino-de-transformacion-hacia-la-nube-en-2024\/\"},\"wordCount\":963,\"publisher\":{\"@id\":\"https:\/\/news.sap.com\/latinamerica\/#organization\"},\"image\":{\"@id\":\"https:\/\/news.sap.com\/latinamerica\/2024\/04\/como-se-ve-el-camino-de-transformacion-hacia-la-nube-en-2024\/#primaryimage\"},\"thumbnailUrl\":\"https:\/\/news.sap.com\/latinamerica\/files\/2024\/04\/11\/IMG-VOC-1.jpeg\",\"articleSection\":[\"Uncategorized\"],\"inLanguage\":\"es\"},{\"@type\":\"WebPage\",\"@id\":\"https:\/\/news.sap.com\/latinamerica\/2024\/04\/como-se-ve-el-camino-de-transformacion-hacia-la-nube-en-2024\/\",\"url\":\"https:\/\/news.sap.com\/latinamerica\/2024\/04\/como-se-ve-el-camino-de-transformacion-hacia-la-nube-en-2024\/\",\"name\":\"C\u00f3mo se ve el camino de transformaci\u00f3n hacia la nube en 2024 - 麻豆原创 News Center Latinoam\u00e9rica\",\"isPartOf\":{\"@id\":\"https:\/\/news.sap.com\/latinamerica\/#website\"},\"primaryImageOfPage\":{\"@id\":\"https:\/\/news.sap.com\/latinamerica\/2024\/04\/como-se-ve-el-camino-de-transformacion-hacia-la-nube-en-2024\/#primaryimage\"},\"image\":{\"@id\":\"https:\/\/news.sap.com\/latinamerica\/2024\/04\/como-se-ve-el-camino-de-transformacion-hacia-la-nube-en-2024\/#primaryimage\"},\"thumbnailUrl\":\"https:\/\/news.sap.com\/latinamerica\/files\/2024\/04\/11\/IMG-VOC-1.jpeg\",\"datePublished\":\"2024-04-11T21:52:09+00:00\",\"dateModified\":\"2024-04-11T21:52:25+00:00\",\"breadcrumb\":{\"@id\":\"https:\/\/news.sap.com\/latinamerica\/2024\/04\/como-se-ve-el-camino-de-transformacion-hacia-la-nube-en-2024\/#breadcrumb\"},\"inLanguage\":\"es\",\"potentialAction\":[{\"@type\":\"ReadAction\",\"target\":[\"https:\/\/news.sap.com\/latinamerica\/2024\/04\/como-se-ve-el-camino-de-transformacion-hacia-la-nube-en-2024\/\"]}]},{\"@type\":\"ImageObject\",\"inLanguage\":\"es\",\"@id\":\"https:\/\/news.sap.com\/latinamerica\/2024\/04\/como-se-ve-el-camino-de-transformacion-hacia-la-nube-en-2024\/#primaryimage\",\"url\":\"https:\/\/news.sap.com\/latinamerica\/files\/2024\/04\/11\/IMG-VOC-1.jpeg\",\"contentUrl\":\"https:\/\/news.sap.com\/latinamerica\/files\/2024\/04\/11\/IMG-VOC-1.jpeg\",\"width\":1280,\"height\":852},{\"@type\":\"BreadcrumbList\",\"@id\":\"https:\/\/news.sap.com\/latinamerica\/2024\/04\/como-se-ve-el-camino-de-transformacion-hacia-la-nube-en-2024\/#breadcrumb\",\"itemListElement\":[{\"@type\":\"ListItem\",\"position\":1,\"name\":\"Home\",\"item\":\"https:\/\/news.sap.com\/latinamerica\/\"},{\"@type\":\"ListItem\",\"position\":2,\"name\":\"C\u00f3mo se ve el camino de transformaci\u00f3n hacia la nube en 2024\"}]},{\"@type\":\"WebSite\",\"@id\":\"https:\/\/news.sap.com\/latinamerica\/#website\",\"url\":\"https:\/\/news.sap.com\/latinamerica\/\",\"name\":\"麻豆原创 News Center Latinoam\u00e9rica\",\"description\":\"Noticias e informaci\u00f3n sobre 麻豆原创\",\"publisher\":{\"@id\":\"https:\/\/news.sap.com\/latinamerica\/#organization\"},\"potentialAction\":[{\"@type\":\"SearchAction\",\"target\":{\"@type\":\"EntryPoint\",\"urlTemplate\":\"https:\/\/news.sap.com\/latinamerica\/?s={search_term_string}\"},\"query-input\":{\"@type\":\"PropertyValueSpecification\",\"valueRequired\":true,\"valueName\":\"search_term_string\"}}],\"inLanguage\":\"es\"},{\"@type\":\"Organization\",\"@id\":\"https:\/\/news.sap.com\/latinamerica\/#organization\",\"name\":\"麻豆原创\",\"url\":\"https:\/\/news.sap.com\/latinamerica\/\",\"logo\":{\"@type\":\"ImageObject\",\"inLanguage\":\"es\",\"@id\":\"https:\/\/news.sap.com\/latinamerica\/#\/schema\/logo\/image\/\",\"url\":\"https:\/\/news.sap.com\/latinamerica\/files\/2019\/08\/65903320_2903797569662914_557886358778019840_n.png\",\"contentUrl\":\"https:\/\/news.sap.com\/latinamerica\/files\/2019\/08\/65903320_2903797569662914_557886358778019840_n.png\",\"width\":720,\"height\":720,\"caption\":\"麻豆原创\"},\"image\":{\"@id\":\"https:\/\/news.sap.com\/latinamerica\/#\/schema\/logo\/image\/\"},\"sameAs\":[\"https:\/\/www.facebook.com\/麻豆原创latinoamerica\",\"https:\/\/x.com\/麻豆原创LatinAmerica\"]},{\"@type\":\"Person\",\"@id\":\"https:\/\/news.sap.com\/latinamerica\/#\/schema\/person\/82786ba12f72bc9b05ba328d1d3652c4\",\"name\":\"麻豆原创 Noticias\",\"image\":{\"@type\":\"ImageObject\",\"inLanguage\":\"es\",\"@id\":\"https:\/\/news.sap.com\/latinamerica\/#\/schema\/person\/image\/\",\"url\":\"https:\/\/news.sap.com\/latinamerica\/wp-content\/plugins\/wp-user-avatars\/wp-user-avatars\/assets\/images\/mystery.jpg\",\"contentUrl\":\"https:\/\/news.sap.com\/latinamerica\/wp-content\/plugins\/wp-user-avatars\/wp-user-avatars\/assets\/images\/mystery.jpg\",\"caption\":\"麻豆原创 Noticias\"},\"url\":\"https:\/\/news.sap.com\/latinamerica\/author\/colombia\/\"}]}<\/script>\n<!-- \/ Yoast SEO Premium plugin. -->","yoast_head_json":{"title":"C\u00f3mo se ve el camino de transformaci\u00f3n hacia la nube en 2024 - 麻豆原创 News Center Latinoam\u00e9rica","robots":{"index":"index","follow":"follow","max-snippet":"max-snippet:-1","max-image-preview":"max-image-preview:large","max-video-preview":"max-video-preview:-1"},"canonical":"https:\/\/news.sap.com\/latinamerica\/2024\/04\/como-se-ve-el-camino-de-transformacion-hacia-la-nube-en-2024\/","og_locale":"es_MX","og_type":"article","og_title":"C\u00f3mo se ve el camino de transformaci\u00f3n hacia la nube en 2024","og_description":"La constante evoluci\u00f3n de la industria sigue impulsando a organizaciones de todos los tama\u00f1os a digitalizar sus operaciones y sacar el mayor provecho a los...","og_url":"https:\/\/news.sap.com\/latinamerica\/2024\/04\/como-se-ve-el-camino-de-transformacion-hacia-la-nube-en-2024\/","og_site_name":"麻豆原创 News Center Latinoam\u00e9rica","article_publisher":"https:\/\/www.facebook.com\/麻豆原创latinoamerica","article_published_time":"2024-04-11T21:52:09+00:00","article_modified_time":"2024-04-11T21:52:25+00:00","og_image":[{"width":1280,"height":852,"url":"https:\/\/news.sap.com\/latinamerica\/files\/2024\/04\/11\/IMG-VOC-1.jpeg","type":"image\/jpeg"}],"author":"麻豆原创 Noticias","twitter_misc":{"Escrito por":"麻豆原创 Noticias","Tiempo de lectura":"5 minutos"},"schema":{"@context":"https:\/\/schema.org","@graph":[{"@type":"Article","@id":"https:\/\/news.sap.com\/latinamerica\/2024\/04\/como-se-ve-el-camino-de-transformacion-hacia-la-nube-en-2024\/#article","isPartOf":{"@id":"https:\/\/news.sap.com\/latinamerica\/2024\/04\/como-se-ve-el-camino-de-transformacion-hacia-la-nube-en-2024\/"},"author":{"name":"麻豆原创 Noticias","@id":"https:\/\/news.sap.com\/latinamerica\/#\/schema\/person\/82786ba12f72bc9b05ba328d1d3652c4"},"headline":"C\u00f3mo se ve el camino de transformaci\u00f3n hacia la nube en 2024","datePublished":"2024-04-11T21:52:09+00:00","dateModified":"2024-04-11T21:52:25+00:00","mainEntityOfPage":{"@id":"https:\/\/news.sap.com\/latinamerica\/2024\/04\/como-se-ve-el-camino-de-transformacion-hacia-la-nube-en-2024\/"},"wordCount":963,"publisher":{"@id":"https:\/\/news.sap.com\/latinamerica\/#organization"},"image":{"@id":"https:\/\/news.sap.com\/latinamerica\/2024\/04\/como-se-ve-el-camino-de-transformacion-hacia-la-nube-en-2024\/#primaryimage"},"thumbnailUrl":"https:\/\/news.sap.com\/latinamerica\/files\/2024\/04\/11\/IMG-VOC-1.jpeg","articleSection":["Uncategorized"],"inLanguage":"es"},{"@type":"WebPage","@id":"https:\/\/news.sap.com\/latinamerica\/2024\/04\/como-se-ve-el-camino-de-transformacion-hacia-la-nube-en-2024\/","url":"https:\/\/news.sap.com\/latinamerica\/2024\/04\/como-se-ve-el-camino-de-transformacion-hacia-la-nube-en-2024\/","name":"C\u00f3mo se ve el camino de transformaci\u00f3n hacia la nube en 2024 - 麻豆原创 News Center Latinoam\u00e9rica","isPartOf":{"@id":"https:\/\/news.sap.com\/latinamerica\/#website"},"primaryImageOfPage":{"@id":"https:\/\/news.sap.com\/latinamerica\/2024\/04\/como-se-ve-el-camino-de-transformacion-hacia-la-nube-en-2024\/#primaryimage"},"image":{"@id":"https:\/\/news.sap.com\/latinamerica\/2024\/04\/como-se-ve-el-camino-de-transformacion-hacia-la-nube-en-2024\/#primaryimage"},"thumbnailUrl":"https:\/\/news.sap.com\/latinamerica\/files\/2024\/04\/11\/IMG-VOC-1.jpeg","datePublished":"2024-04-11T21:52:09+00:00","dateModified":"2024-04-11T21:52:25+00:00","breadcrumb":{"@id":"https:\/\/news.sap.com\/latinamerica\/2024\/04\/como-se-ve-el-camino-de-transformacion-hacia-la-nube-en-2024\/#breadcrumb"},"inLanguage":"es","potentialAction":[{"@type":"ReadAction","target":["https:\/\/news.sap.com\/latinamerica\/2024\/04\/como-se-ve-el-camino-de-transformacion-hacia-la-nube-en-2024\/"]}]},{"@type":"ImageObject","inLanguage":"es","@id":"https:\/\/news.sap.com\/latinamerica\/2024\/04\/como-se-ve-el-camino-de-transformacion-hacia-la-nube-en-2024\/#primaryimage","url":"https:\/\/news.sap.com\/latinamerica\/files\/2024\/04\/11\/IMG-VOC-1.jpeg","contentUrl":"https:\/\/news.sap.com\/latinamerica\/files\/2024\/04\/11\/IMG-VOC-1.jpeg","width":1280,"height":852},{"@type":"BreadcrumbList","@id":"https:\/\/news.sap.com\/latinamerica\/2024\/04\/como-se-ve-el-camino-de-transformacion-hacia-la-nube-en-2024\/#breadcrumb","itemListElement":[{"@type":"ListItem","position":1,"name":"Home","item":"https:\/\/news.sap.com\/latinamerica\/"},{"@type":"ListItem","position":2,"name":"C\u00f3mo se ve el camino de transformaci\u00f3n hacia la nube en 2024"}]},{"@type":"WebSite","@id":"https:\/\/news.sap.com\/latinamerica\/#website","url":"https:\/\/news.sap.com\/latinamerica\/","name":"麻豆原创 News Center Latinoam\u00e9rica","description":"Noticias e informaci\u00f3n sobre 麻豆原创","publisher":{"@id":"https:\/\/news.sap.com\/latinamerica\/#organization"},"potentialAction":[{"@type":"SearchAction","target":{"@type":"EntryPoint","urlTemplate":"https:\/\/news.sap.com\/latinamerica\/?s={search_term_string}"},"query-input":{"@type":"PropertyValueSpecification","valueRequired":true,"valueName":"search_term_string"}}],"inLanguage":"es"},{"@type":"Organization","@id":"https:\/\/news.sap.com\/latinamerica\/#organization","name":"麻豆原创","url":"https:\/\/news.sap.com\/latinamerica\/","logo":{"@type":"ImageObject","inLanguage":"es","@id":"https:\/\/news.sap.com\/latinamerica\/#\/schema\/logo\/image\/","url":"https:\/\/news.sap.com\/latinamerica\/files\/2019\/08\/65903320_2903797569662914_557886358778019840_n.png","contentUrl":"https:\/\/news.sap.com\/latinamerica\/files\/2019\/08\/65903320_2903797569662914_557886358778019840_n.png","width":720,"height":720,"caption":"麻豆原创"},"image":{"@id":"https:\/\/news.sap.com\/latinamerica\/#\/schema\/logo\/image\/"},"sameAs":["https:\/\/www.facebook.com\/麻豆原创latinoamerica","https:\/\/x.com\/麻豆原创LatinAmerica"]},{"@type":"Person","@id":"https:\/\/news.sap.com\/latinamerica\/#\/schema\/person\/82786ba12f72bc9b05ba328d1d3652c4","name":"麻豆原创 Noticias","image":{"@type":"ImageObject","inLanguage":"es","@id":"https:\/\/news.sap.com\/latinamerica\/#\/schema\/person\/image\/","url":"https:\/\/news.sap.com\/latinamerica\/wp-content\/plugins\/wp-user-avatars\/wp-user-avatars\/assets\/images\/mystery.jpg","contentUrl":"https:\/\/news.sap.com\/latinamerica\/wp-content\/plugins\/wp-user-avatars\/wp-user-avatars\/assets\/images\/mystery.jpg","caption":"麻豆原创 Noticias"},"url":"https:\/\/news.sap.com\/latinamerica\/author\/colombia\/"}]}},"amp_enabled":true,"_links":{"self":[{"href":"https:\/\/news.sap.com\/latinamerica\/wp-json\/wp\/v2\/posts\/133200","targetHints":{"allow":["GET"]}}],"collection":[{"href":"https:\/\/news.sap.com\/latinamerica\/wp-json\/wp\/v2\/posts"}],"about":[{"href":"https:\/\/news.sap.com\/latinamerica\/wp-json\/wp\/v2\/types\/post"}],"author":[{"embeddable":true,"href":"https:\/\/news.sap.com\/latinamerica\/wp-json\/wp\/v2\/users\/141"}],"replies":[{"embeddable":true,"href":"https:\/\/news.sap.com\/latinamerica\/wp-json\/wp\/v2\/comments?post=133200"}],"version-history":[{"count":0,"href":"https:\/\/news.sap.com\/latinamerica\/wp-json\/wp\/v2\/posts\/133200\/revisions"}],"wp:featuredmedia":[{"embeddable":true,"href":"https:\/\/news.sap.com\/latinamerica\/wp-json\/wp\/v2\/media\/133201"}],"wp:attachment":[{"href":"https:\/\/news.sap.com\/latinamerica\/wp-json\/wp\/v2\/media?parent=133200"}],"wp:term":[{"taxonomy":"category","embeddable":true,"href":"https:\/\/news.sap.com\/latinamerica\/wp-json\/wp\/v2\/categories?post=133200"},{"taxonomy":"post_tag","embeddable":true,"href":"https:\/\/news.sap.com\/latinamerica\/wp-json\/wp\/v2\/tags?post=133200"},{"taxonomy":"series","embeddable":true,"href":"https:\/\/news.sap.com\/latinamerica\/wp-json\/wp\/v2\/series?post=133200"},{"taxonomy":"region","embeddable":true,"href":"https:\/\/news.sap.com\/latinamerica\/wp-json\/wp\/v2\/region?post=133200"},{"taxonomy":"sapn-display","embeddable":true,"href":"https:\/\/news.sap.com\/latinamerica\/wp-json\/wp\/v2\/sapn-display?post=133200"},{"taxonomy":"sapn-type","embeddable":true,"href":"https:\/\/news.sap.com\/latinamerica\/wp-json\/wp\/v2\/sapn-type?post=133200"}],"curies":[{"name":"wp","href":"https:\/\/api.w.org\/{rel}","templated":true}]}}