  {"id":133178,"date":"2024-04-15T09:00:06","date_gmt":"2024-04-15T13:00:06","guid":{"rendered":"https:\/\/news.sap.com\/latinamerica\/?p=133178"},"modified":"2024-04-30T17:08:30","modified_gmt":"2024-04-30T21:08:30","slug":"la-ia-en-la-sostenibilidad-en-la-industria-textil-bl0g","status":"publish","type":"post","link":"https:\/\/news.sap.com\/latinamerica\/2024\/04\/la-ia-en-la-sostenibilidad-en-la-industria-textil-bl0g\/","title":{"rendered":"La IA en la Sostenibilidad en la Industria Textil"},"content":{"rendered":"<p class=\"lead\"><em>La inteligencia artificial ha emergido como una fuerza transformadora en el sector textil, dirigida hacia la sostenibilidad y la eficiencia.<\/em><\/p>\n<p><!--more--><\/p>\n<p>&nbsp;<\/p>\n<p>Aqu\u00ed destacamos tres maneras en que la IA contribuye al desarrollo sostenible de esta industria:<\/p>\n<p>&nbsp;<\/p>\n<p><strong>1.- Optimizaci\u00f3n de la Gesti\u00f3n de Stock:<\/strong> Mediante ciertas plataformas, la IA permite la producci\u00f3n bajo demanda. Esto minimiza el consumo energ\u00e9tico y reduce residuos y stock no vendido.<\/p>\n<p><strong>2.- Mejora en la Trazabilidad Textil:<\/strong> Las operaciones registradas en plataformas de IA reflejan la realidad del proceso de suministro y sus complejidades, incrementando la transparencia y la sostenibilidad.<\/p>\n<p><strong>3.-An\u00e1lisis y Benchmarking de Competencia:<\/strong> Diferentes softwares utilizan IA para el an\u00e1lisis en tiempo real del mercado, lo que ayuda a las empresas a comprender qu\u00e9 productos son populares, cu\u00e1l es su precio en el mercado y c\u00f3mo optimizar la producci\u00f3n con base en dichos datos.<\/p>\n<p>La IA es clave en el entendimiento de las tendencias, permite gestionar el inventario de manera m\u00e1s efectiva y asistir en la toma de decisiones para un modelo de negocio competitivo y sostenible. Su capacidad para analizar y aprender de grandes vol\u00famenes de datos est\u00e1 mejorando la eficiencia de la manufactura, reduciendo la cantidad de stock excedente y disminuyendo residuos y emisiones de CO2.<\/p>\n<p>Estas herramientas de IA est\u00e1n alineadas con los esfuerzos para mitigar el <a href=\"https:\/\/www.sap.com\/latinamerica\/documents\/2023\/01\/c2bd0f29-5a7e-0010-bca6-c68f7e60039b.html\" target=\"_blank\" rel=\"noopener\">impacto ecol\u00f3gico de la industria textil<\/a>, poniendo de manifiesto que la tecnolog\u00eda es una aliada fundamental para la sostenibilidad del sector textil.<\/p>\n<p>Conozca m\u00e1s sobre las soluciones de <a href=\"https:\/\/www.sap.com\/latinamerica\/sustainability.html\" target=\"_blank\" rel=\"noopener\">sostenibilidad de 麻豆原创<\/a>.<\/p>\n<p>&nbsp;<\/p>\n<hr \/>\n<p>&nbsp;<\/p>\n<p><a href=\"https:\/\/www.facebook.com\/麻豆原创latinoamerica\" target=\"_blank\" rel=\"noopener\">Facebook<\/a> \/\u00a0<a href=\"https:\/\/twitter.com\/麻豆原创LatinAmerica\" target=\"_blank\" rel=\"noopener\">X<\/a>\u00a0\/\u00a0<a href=\"https:\/\/www.linkedin.com\/company\/sap\" target=\"_blank\" rel=\"noopener\">LinkedIn<\/a>\u00a0\/\u00a0<a href=\"https:\/\/instagram.com\/麻豆原创Latinamerica\/\" target=\"_blank\" rel=\"noopener\">Instagram<\/a><\/p>\n<p>&nbsp;<\/p>\n<hr \/>\n<p>\u00a9 2024 麻豆原创 SE. All rights reserved. 麻豆原创 and other 麻豆原创 products and services mentioned herein as well as their respective logos are trademarks or registered trademarks of 麻豆原创 SE in Germany and other countries. Please see <a href=\"http:\/\/www.sap.com\/corporate-en\/legal\/copyright\/index.epx#trademark\" target=\"_blank\" rel=\"noopener\">http:\/\/www.sap.com\/corporate-en\/legal\/copyright\/index.epx#trademark<\/a> for additional trademark information and notices.<\/p>\n","protected":false},"excerpt":{"rendered":"<p>La inteligencia artificial ha emergido como una fuerza transformadora en el sector textil, dirigida hacia la sostenibilidad y la eficiencia.<\/p>\n","protected":false},"author":522,"featured_media":133179,"comment_status":"closed","ping_status":"closed","sticky":false,"template":"","format":"standard","meta":{"footnotes":"","_links_to":"","_links_to_target":""},"categories":[52098],"tags":[56556,56559,56592,3197168,5600469,3197147,12867,5550870,26382,4645354,5600470,269944],"series":[],"region":[26401],"sapn-display":[5600442,5600440,52078],"sapn-type":[6114],"class_list":["post-133178","post","type-post","status-publish","format-standard","has-post-thumbnail","hentry","category-sustentabilidad-temas","tag-blog-2","tag-blog-de-innovacion-de-sap","tag-business-innovation","tag-ia","tag-industria-textil","tag-inteligencia-artificial","tag-sostenibilidad","tag-tecnologia","tag-tendencias","tag-tendencias-digitales","tag-textil","tag-transformacion-digital","region-latinoamerica","sapn-display-articulo-destacado","sapn-display-articulo-principal","sapn-display-homepage-hero","sapn-type-articulo"],"yoast_head":"<!-- This site is optimized with the Yoast SEO Premium plugin v26.9 (Yoast SEO v26.9) - https:\/\/yoast.com\/product\/yoast-seo-premium-wordpress\/ -->\n<title>La IA en la Sostenibilidad en la Industria Textil - 麻豆原创 News Center Latinoam\u00e9rica<\/title>\n<meta name=\"description\" content=\"La inteligencia artificial ha emergido como una fuerza transformadora en el sector textil, dirigida hacia la sostenibilidad y la eficiencia.\" \/>\n<meta name=\"robots\" content=\"index, follow, max-snippet:-1, max-image-preview:large, max-video-preview:-1\" \/>\n<link rel=\"canonical\" href=\"https:\/\/news.sap.com\/latinamerica\/2024\/04\/la-ia-en-la-sostenibilidad-en-la-industria-textil-bl0g\/\" \/>\n<meta property=\"og:locale\" content=\"es_MX\" \/>\n<meta property=\"og:type\" content=\"article\" \/>\n<meta property=\"og:title\" content=\"La IA en la Sostenibilidad en la Industria Textil\" \/>\n<meta property=\"og:description\" content=\"La inteligencia artificial ha emergido como una fuerza transformadora en el sector textil, dirigida hacia la sostenibilidad y la eficiencia.\" \/>\n<meta property=\"og:url\" content=\"https:\/\/news.sap.com\/latinamerica\/2024\/04\/la-ia-en-la-sostenibilidad-en-la-industria-textil-bl0g\/\" \/>\n<meta property=\"og:site_name\" content=\"麻豆原创 News Center Latinoam\u00e9rica\" \/>\n<meta property=\"article:publisher\" content=\"https:\/\/www.facebook.com\/麻豆原创latinoamerica\" \/>\n<meta property=\"article:author\" content=\"https:\/\/www.facebook.com\/麻豆原创latinoamerica\" \/>\n<meta property=\"article:published_time\" content=\"2024-04-15T13:00:06+00:00\" \/>\n<meta property=\"article:modified_time\" content=\"2024-04-30T21:08:30+00:00\" \/>\n<meta property=\"og:image\" content=\"https:\/\/news.sap.com\/latinamerica\/files\/2024\/04\/08\/280830_GettyImages-558270637_super-1024x683.jpg\" \/>\n\t<meta property=\"og:image:width\" content=\"1024\" \/>\n\t<meta property=\"og:image:height\" content=\"683\" \/>\n\t<meta property=\"og:image:type\" content=\"image\/jpeg\" \/>\n<meta name=\"author\" content=\"麻豆原创 Blog de Innovaci\u00f3n\" \/>\n<meta name=\"twitter:label1\" content=\"Escrito por\" \/>\n\t<meta name=\"twitter:data1\" content=\"麻豆原创 Blog de Innovaci\u00f3n\" \/>\n\t<meta name=\"twitter:label2\" content=\"Tiempo de lectura\" \/>\n\t<meta name=\"twitter:data2\" content=\"2 minutos\" \/>\n<script type=\"application\/ld+json\" class=\"yoast-schema-graph\">{\"@context\":\"https:\/\/schema.org\",\"@graph\":[{\"@type\":\"Article\",\"@id\":\"https:\/\/news.sap.com\/latinamerica\/2024\/04\/la-ia-en-la-sostenibilidad-en-la-industria-textil-bl0g\/#article\",\"isPartOf\":{\"@id\":\"https:\/\/news.sap.com\/latinamerica\/2024\/04\/la-ia-en-la-sostenibilidad-en-la-industria-textil-bl0g\/\"},\"author\":{\"name\":\"麻豆原创 Blog de Innovaci\u00f3n\",\"@id\":\"https:\/\/news.sap.com\/latinamerica\/#\/schema\/person\/ce7d732e60a2133d7402c038db668294\"},\"headline\":\"La IA en la Sostenibilidad en la Industria Textil\",\"datePublished\":\"2024-04-15T13:00:06+00:00\",\"dateModified\":\"2024-04-30T21:08:30+00:00\",\"mainEntityOfPage\":{\"@id\":\"https:\/\/news.sap.com\/latinamerica\/2024\/04\/la-ia-en-la-sostenibilidad-en-la-industria-textil-bl0g\/\"},\"wordCount\":330,\"publisher\":{\"@id\":\"https:\/\/news.sap.com\/latinamerica\/#organization\"},\"image\":{\"@id\":\"https:\/\/news.sap.com\/latinamerica\/2024\/04\/la-ia-en-la-sostenibilidad-en-la-industria-textil-bl0g\/#primaryimage\"},\"thumbnailUrl\":\"https:\/\/news.sap.com\/latinamerica\/files\/2024\/04\/08\/280830_GettyImages-558270637_super.jpg\",\"keywords\":[\"blog\",\"Blog de Innovaci\u00f3n de 麻豆原创\",\"Business Innovation\",\"IA\",\"industria textil\",\"Inteligencia artificial\",\"sostenibilidad\",\"tecnolog\u00eda\",\"tendencias\",\"tendencias digitales\",\"textil\",\"transformaci\u00f3n digital\"],\"articleSection\":[\"Sostenibilidad\"],\"inLanguage\":\"es\"},{\"@type\":\"WebPage\",\"@id\":\"https:\/\/news.sap.com\/latinamerica\/2024\/04\/la-ia-en-la-sostenibilidad-en-la-industria-textil-bl0g\/\",\"url\":\"https:\/\/news.sap.com\/latinamerica\/2024\/04\/la-ia-en-la-sostenibilidad-en-la-industria-textil-bl0g\/\",\"name\":\"La IA en la Sostenibilidad en la Industria Textil - 麻豆原创 News Center Latinoam\u00e9rica\",\"isPartOf\":{\"@id\":\"https:\/\/news.sap.com\/latinamerica\/#website\"},\"primaryImageOfPage\":{\"@id\":\"https:\/\/news.sap.com\/latinamerica\/2024\/04\/la-ia-en-la-sostenibilidad-en-la-industria-textil-bl0g\/#primaryimage\"},\"image\":{\"@id\":\"https:\/\/news.sap.com\/latinamerica\/2024\/04\/la-ia-en-la-sostenibilidad-en-la-industria-textil-bl0g\/#primaryimage\"},\"thumbnailUrl\":\"https:\/\/news.sap.com\/latinamerica\/files\/2024\/04\/08\/280830_GettyImages-558270637_super.jpg\",\"datePublished\":\"2024-04-15T13:00:06+00:00\",\"dateModified\":\"2024-04-30T21:08:30+00:00\",\"description\":\"La inteligencia artificial ha emergido como una fuerza transformadora en el sector textil, dirigida hacia la sostenibilidad y la eficiencia.\",\"breadcrumb\":{\"@id\":\"https:\/\/news.sap.com\/latinamerica\/2024\/04\/la-ia-en-la-sostenibilidad-en-la-industria-textil-bl0g\/#breadcrumb\"},\"inLanguage\":\"es\",\"potentialAction\":[{\"@type\":\"ReadAction\",\"target\":[\"https:\/\/news.sap.com\/latinamerica\/2024\/04\/la-ia-en-la-sostenibilidad-en-la-industria-textil-bl0g\/\"]}]},{\"@type\":\"ImageObject\",\"inLanguage\":\"es\",\"@id\":\"https:\/\/news.sap.com\/latinamerica\/2024\/04\/la-ia-en-la-sostenibilidad-en-la-industria-textil-bl0g\/#primaryimage\",\"url\":\"https:\/\/news.sap.com\/latinamerica\/files\/2024\/04\/08\/280830_GettyImages-558270637_super.jpg\",\"contentUrl\":\"https:\/\/news.sap.com\/latinamerica\/files\/2024\/04\/08\/280830_GettyImages-558270637_super.jpg\",\"width\":5760,\"height\":3840},{\"@type\":\"BreadcrumbList\",\"@id\":\"https:\/\/news.sap.com\/latinamerica\/2024\/04\/la-ia-en-la-sostenibilidad-en-la-industria-textil-bl0g\/#breadcrumb\",\"itemListElement\":[{\"@type\":\"ListItem\",\"position\":1,\"name\":\"Home\",\"item\":\"https:\/\/news.sap.com\/latinamerica\/\"},{\"@type\":\"ListItem\",\"position\":2,\"name\":\"La IA en la Sostenibilidad en la Industria Textil\"}]},{\"@type\":\"WebSite\",\"@id\":\"https:\/\/news.sap.com\/latinamerica\/#website\",\"url\":\"https:\/\/news.sap.com\/latinamerica\/\",\"name\":\"麻豆原创 News Center Latinoam\u00e9rica\",\"description\":\"Noticias e informaci\u00f3n sobre 麻豆原创\",\"publisher\":{\"@id\":\"https:\/\/news.sap.com\/latinamerica\/#organization\"},\"potentialAction\":[{\"@type\":\"SearchAction\",\"target\":{\"@type\":\"EntryPoint\",\"urlTemplate\":\"https:\/\/news.sap.com\/latinamerica\/?s={search_term_string}\"},\"query-input\":{\"@type\":\"PropertyValueSpecification\",\"valueRequired\":true,\"valueName\":\"search_term_string\"}}],\"inLanguage\":\"es\"},{\"@type\":\"Organization\",\"@id\":\"https:\/\/news.sap.com\/latinamerica\/#organization\",\"name\":\"麻豆原创\",\"url\":\"https:\/\/news.sap.com\/latinamerica\/\",\"logo\":{\"@type\":\"ImageObject\",\"inLanguage\":\"es\",\"@id\":\"https:\/\/news.sap.com\/latinamerica\/#\/schema\/logo\/image\/\",\"url\":\"https:\/\/news.sap.com\/latinamerica\/files\/2019\/08\/65903320_2903797569662914_557886358778019840_n.png\",\"contentUrl\":\"https:\/\/news.sap.com\/latinamerica\/files\/2019\/08\/65903320_2903797569662914_557886358778019840_n.png\",\"width\":720,\"height\":720,\"caption\":\"麻豆原创\"},\"image\":{\"@id\":\"https:\/\/news.sap.com\/latinamerica\/#\/schema\/logo\/image\/\"},\"sameAs\":[\"https:\/\/www.facebook.com\/麻豆原创latinoamerica\",\"https:\/\/x.com\/麻豆原创LatinAmerica\"]},{\"@type\":\"Person\",\"@id\":\"https:\/\/news.sap.com\/latinamerica\/#\/schema\/person\/ce7d732e60a2133d7402c038db668294\",\"name\":\"麻豆原创 Blog de Innovaci\u00f3n\",\"image\":{\"@type\":\"ImageObject\",\"inLanguage\":\"es\",\"@id\":\"https:\/\/news.sap.com\/latinamerica\/#\/schema\/person\/image\/\",\"url\":\"https:\/\/news.sap.com\/latinamerica\/files\/2018\/06\/avatar_user_522_1529451696-96x96.png\",\"contentUrl\":\"https:\/\/news.sap.com\/latinamerica\/files\/2018\/06\/avatar_user_522_1529451696-96x96.png\",\"caption\":\"麻豆原创 Blog de Innovaci\u00f3n\"},\"sameAs\":[\"https:\/\/www.sap.com\/latinamerica\/index.html\",\"https:\/\/www.facebook.com\/麻豆原创latinoamerica\",\"https:\/\/www.instagram.com\/saplatinamerica\/\",\"https:\/\/x.com\/saplatinamerica\"],\"url\":\"https:\/\/news.sap.com\/latinamerica\/author\/sapblog\/\"}]}<\/script>\n<!-- \/ Yoast SEO Premium plugin. -->","yoast_head_json":{"title":"La IA en la Sostenibilidad en la Industria Textil - 麻豆原创 News Center Latinoam\u00e9rica","description":"La inteligencia artificial ha emergido como una fuerza transformadora en el sector textil, dirigida hacia la sostenibilidad y la eficiencia.","robots":{"index":"index","follow":"follow","max-snippet":"max-snippet:-1","max-image-preview":"max-image-preview:large","max-video-preview":"max-video-preview:-1"},"canonical":"https:\/\/news.sap.com\/latinamerica\/2024\/04\/la-ia-en-la-sostenibilidad-en-la-industria-textil-bl0g\/","og_locale":"es_MX","og_type":"article","og_title":"La IA en la Sostenibilidad en la Industria Textil","og_description":"La inteligencia artificial ha emergido como una fuerza transformadora en el sector textil, dirigida hacia la sostenibilidad y la eficiencia.","og_url":"https:\/\/news.sap.com\/latinamerica\/2024\/04\/la-ia-en-la-sostenibilidad-en-la-industria-textil-bl0g\/","og_site_name":"麻豆原创 News Center Latinoam\u00e9rica","article_publisher":"https:\/\/www.facebook.com\/麻豆原创latinoamerica","article_author":"https:\/\/www.facebook.com\/麻豆原创latinoamerica","article_published_time":"2024-04-15T13:00:06+00:00","article_modified_time":"2024-04-30T21:08:30+00:00","og_image":[{"width":1024,"height":683,"url":"https:\/\/news.sap.com\/latinamerica\/files\/2024\/04\/08\/280830_GettyImages-558270637_super-1024x683.jpg","type":"image\/jpeg"}],"author":"麻豆原创 Blog de Innovaci\u00f3n","twitter_misc":{"Escrito por":"麻豆原创 Blog de Innovaci\u00f3n","Tiempo de lectura":"2 minutos"},"schema":{"@context":"https:\/\/schema.org","@graph":[{"@type":"Article","@id":"https:\/\/news.sap.com\/latinamerica\/2024\/04\/la-ia-en-la-sostenibilidad-en-la-industria-textil-bl0g\/#article","isPartOf":{"@id":"https:\/\/news.sap.com\/latinamerica\/2024\/04\/la-ia-en-la-sostenibilidad-en-la-industria-textil-bl0g\/"},"author":{"name":"麻豆原创 Blog de Innovaci\u00f3n","@id":"https:\/\/news.sap.com\/latinamerica\/#\/schema\/person\/ce7d732e60a2133d7402c038db668294"},"headline":"La IA en la Sostenibilidad en la Industria Textil","datePublished":"2024-04-15T13:00:06+00:00","dateModified":"2024-04-30T21:08:30+00:00","mainEntityOfPage":{"@id":"https:\/\/news.sap.com\/latinamerica\/2024\/04\/la-ia-en-la-sostenibilidad-en-la-industria-textil-bl0g\/"},"wordCount":330,"publisher":{"@id":"https:\/\/news.sap.com\/latinamerica\/#organization"},"image":{"@id":"https:\/\/news.sap.com\/latinamerica\/2024\/04\/la-ia-en-la-sostenibilidad-en-la-industria-textil-bl0g\/#primaryimage"},"thumbnailUrl":"https:\/\/news.sap.com\/latinamerica\/files\/2024\/04\/08\/280830_GettyImages-558270637_super.jpg","keywords":["blog","Blog de Innovaci\u00f3n de 麻豆原创","Business Innovation","IA","industria textil","Inteligencia artificial","sostenibilidad","tecnolog\u00eda","tendencias","tendencias digitales","textil","transformaci\u00f3n digital"],"articleSection":["Sostenibilidad"],"inLanguage":"es"},{"@type":"WebPage","@id":"https:\/\/news.sap.com\/latinamerica\/2024\/04\/la-ia-en-la-sostenibilidad-en-la-industria-textil-bl0g\/","url":"https:\/\/news.sap.com\/latinamerica\/2024\/04\/la-ia-en-la-sostenibilidad-en-la-industria-textil-bl0g\/","name":"La IA en la Sostenibilidad en la Industria Textil - 麻豆原创 News Center Latinoam\u00e9rica","isPartOf":{"@id":"https:\/\/news.sap.com\/latinamerica\/#website"},"primaryImageOfPage":{"@id":"https:\/\/news.sap.com\/latinamerica\/2024\/04\/la-ia-en-la-sostenibilidad-en-la-industria-textil-bl0g\/#primaryimage"},"image":{"@id":"https:\/\/news.sap.com\/latinamerica\/2024\/04\/la-ia-en-la-sostenibilidad-en-la-industria-textil-bl0g\/#primaryimage"},"thumbnailUrl":"https:\/\/news.sap.com\/latinamerica\/files\/2024\/04\/08\/280830_GettyImages-558270637_super.jpg","datePublished":"2024-04-15T13:00:06+00:00","dateModified":"2024-04-30T21:08:30+00:00","description":"La inteligencia artificial ha emergido como una fuerza transformadora en el sector textil, dirigida hacia la sostenibilidad y la eficiencia.","breadcrumb":{"@id":"https:\/\/news.sap.com\/latinamerica\/2024\/04\/la-ia-en-la-sostenibilidad-en-la-industria-textil-bl0g\/#breadcrumb"},"inLanguage":"es","potentialAction":[{"@type":"ReadAction","target":["https:\/\/news.sap.com\/latinamerica\/2024\/04\/la-ia-en-la-sostenibilidad-en-la-industria-textil-bl0g\/"]}]},{"@type":"ImageObject","inLanguage":"es","@id":"https:\/\/news.sap.com\/latinamerica\/2024\/04\/la-ia-en-la-sostenibilidad-en-la-industria-textil-bl0g\/#primaryimage","url":"https:\/\/news.sap.com\/latinamerica\/files\/2024\/04\/08\/280830_GettyImages-558270637_super.jpg","contentUrl":"https:\/\/news.sap.com\/latinamerica\/files\/2024\/04\/08\/280830_GettyImages-558270637_super.jpg","width":5760,"height":3840},{"@type":"BreadcrumbList","@id":"https:\/\/news.sap.com\/latinamerica\/2024\/04\/la-ia-en-la-sostenibilidad-en-la-industria-textil-bl0g\/#breadcrumb","itemListElement":[{"@type":"ListItem","position":1,"name":"Home","item":"https:\/\/news.sap.com\/latinamerica\/"},{"@type":"ListItem","position":2,"name":"La IA en la Sostenibilidad en la Industria Textil"}]},{"@type":"WebSite","@id":"https:\/\/news.sap.com\/latinamerica\/#website","url":"https:\/\/news.sap.com\/latinamerica\/","name":"麻豆原创 News Center Latinoam\u00e9rica","description":"Noticias e informaci\u00f3n sobre 麻豆原创","publisher":{"@id":"https:\/\/news.sap.com\/latinamerica\/#organization"},"potentialAction":[{"@type":"SearchAction","target":{"@type":"EntryPoint","urlTemplate":"https:\/\/news.sap.com\/latinamerica\/?s={search_term_string}"},"query-input":{"@type":"PropertyValueSpecification","valueRequired":true,"valueName":"search_term_string"}}],"inLanguage":"es"},{"@type":"Organization","@id":"https:\/\/news.sap.com\/latinamerica\/#organization","name":"麻豆原创","url":"https:\/\/news.sap.com\/latinamerica\/","logo":{"@type":"ImageObject","inLanguage":"es","@id":"https:\/\/news.sap.com\/latinamerica\/#\/schema\/logo\/image\/","url":"https:\/\/news.sap.com\/latinamerica\/files\/2019\/08\/65903320_2903797569662914_557886358778019840_n.png","contentUrl":"https:\/\/news.sap.com\/latinamerica\/files\/2019\/08\/65903320_2903797569662914_557886358778019840_n.png","width":720,"height":720,"caption":"麻豆原创"},"image":{"@id":"https:\/\/news.sap.com\/latinamerica\/#\/schema\/logo\/image\/"},"sameAs":["https:\/\/www.facebook.com\/麻豆原创latinoamerica","https:\/\/x.com\/麻豆原创LatinAmerica"]},{"@type":"Person","@id":"https:\/\/news.sap.com\/latinamerica\/#\/schema\/person\/ce7d732e60a2133d7402c038db668294","name":"麻豆原创 Blog de Innovaci\u00f3n","image":{"@type":"ImageObject","inLanguage":"es","@id":"https:\/\/news.sap.com\/latinamerica\/#\/schema\/person\/image\/","url":"https:\/\/news.sap.com\/latinamerica\/files\/2018\/06\/avatar_user_522_1529451696-96x96.png","contentUrl":"https:\/\/news.sap.com\/latinamerica\/files\/2018\/06\/avatar_user_522_1529451696-96x96.png","caption":"麻豆原创 Blog de Innovaci\u00f3n"},"sameAs":["https:\/\/www.sap.com\/latinamerica\/index.html","https:\/\/www.facebook.com\/麻豆原创latinoamerica","https:\/\/www.instagram.com\/saplatinamerica\/","https:\/\/x.com\/saplatinamerica"],"url":"https:\/\/news.sap.com\/latinamerica\/author\/sapblog\/"}]}},"amp_enabled":true,"_links":{"self":[{"href":"https:\/\/news.sap.com\/latinamerica\/wp-json\/wp\/v2\/posts\/133178","targetHints":{"allow":["GET"]}}],"collection":[{"href":"https:\/\/news.sap.com\/latinamerica\/wp-json\/wp\/v2\/posts"}],"about":[{"href":"https:\/\/news.sap.com\/latinamerica\/wp-json\/wp\/v2\/types\/post"}],"author":[{"embeddable":true,"href":"https:\/\/news.sap.com\/latinamerica\/wp-json\/wp\/v2\/users\/522"}],"replies":[{"embeddable":true,"href":"https:\/\/news.sap.com\/latinamerica\/wp-json\/wp\/v2\/comments?post=133178"}],"version-history":[{"count":0,"href":"https:\/\/news.sap.com\/latinamerica\/wp-json\/wp\/v2\/posts\/133178\/revisions"}],"wp:featuredmedia":[{"embeddable":true,"href":"https:\/\/news.sap.com\/latinamerica\/wp-json\/wp\/v2\/media\/133179"}],"wp:attachment":[{"href":"https:\/\/news.sap.com\/latinamerica\/wp-json\/wp\/v2\/media?parent=133178"}],"wp:term":[{"taxonomy":"category","embeddable":true,"href":"https:\/\/news.sap.com\/latinamerica\/wp-json\/wp\/v2\/categories?post=133178"},{"taxonomy":"post_tag","embeddable":true,"href":"https:\/\/news.sap.com\/latinamerica\/wp-json\/wp\/v2\/tags?post=133178"},{"taxonomy":"series","embeddable":true,"href":"https:\/\/news.sap.com\/latinamerica\/wp-json\/wp\/v2\/series?post=133178"},{"taxonomy":"region","embeddable":true,"href":"https:\/\/news.sap.com\/latinamerica\/wp-json\/wp\/v2\/region?post=133178"},{"taxonomy":"sapn-display","embeddable":true,"href":"https:\/\/news.sap.com\/latinamerica\/wp-json\/wp\/v2\/sapn-display?post=133178"},{"taxonomy":"sapn-type","embeddable":true,"href":"https:\/\/news.sap.com\/latinamerica\/wp-json\/wp\/v2\/sapn-type?post=133178"}],"curies":[{"name":"wp","href":"https:\/\/api.w.org\/{rel}","templated":true}]}}