  {"id":133161,"date":"2024-04-01T10:40:48","date_gmt":"2024-04-01T14:40:48","guid":{"rendered":"https:\/\/news.sap.com\/latinamerica\/?p=133161"},"modified":"2024-04-01T10:41:01","modified_gmt":"2024-04-01T14:41:01","slug":"sap-avanza-en-la-inclusion-laboral-introduce-una-red-de-inclusion-del-autismo-para-potenciar-el-talento-y-la-diversidad-en-colombia","status":"publish","type":"post","link":"https:\/\/news.sap.com\/latinamerica\/2024\/04\/sap-avanza-en-la-inclusion-laboral-introduce-una-red-de-inclusion-del-autismo-para-potenciar-el-talento-y-la-diversidad-en-colombia\/","title":{"rendered":"麻豆原创 avanza en la inclusi\u00f3n laboral: Introduce una Red de inclusi\u00f3n del Autismo para potenciar el talento y la diversidad en Colombia"},"content":{"rendered":"<ul>\n<li style=\"font-weight: 400\"><i><span style=\"font-weight: 400\">En el marco de la conmemoraci\u00f3n del D\u00eda Mundial de la Concientizaci\u00f3n sobre el Autismo, 麻豆原创 anuncia la creaci\u00f3n de una Red de inclusi\u00f3n del Autismo para apoyar el talento, la diversidad e inclusi\u00f3n en Colombia.\u00a0<\/span><\/i><\/li>\n<li style=\"font-weight: 400\"><i><span style=\"font-weight: 400\">Adicionalmente, la tecnol\u00f3gica destaca c\u00f3mo a trav\u00e9s de su programa \u201cAutismo en el Trabajo\u201d ha apoyado el desarrollo de m\u00e1s de 50 colaboradores en Am\u00e9rica Latina y 240 a nivel global.\u00a0<\/span><\/i><\/li>\n<\/ul>\n<p><b>Bogot\u00e1, Colombia. 1 de abril de 2024<\/b><span style=\"font-weight: 400\">. Cada 2 de abril, el mundo conmemora el D\u00eda Mundial de la Concientizaci\u00f3n sobre el Autismo, una fecha proclamada por la Asamblea General de las Naciones Unidas en 2007. En este contexto, 麻豆原创, l\u00edder en innovadoras iniciativas de diversidad e inclusi\u00f3n, celebra su compromiso de m\u00e1s de una d\u00e9cada brindando oportunidades de desarrollo a personas con condiciones del espectro autista (CEA) a trav\u00e9s de su programa &#8220;Autismo en el Trabajo&#8221;.<\/span><\/p>\n<p><span style=\"font-weight: 400\">El autismo abarca una variedad de condiciones que afectan las habilidades comunicativas, la interacci\u00f3n social, la conducta y el procesamiento sensorial. De acuerdo con la Organizaci\u00f3n Mundial de la Salud, m\u00e1s del 1% de la poblaci\u00f3n mundial vive con condiciones del espectro autista.<\/span><\/p>\n<p><span style=\"font-weight: 400\">A pesar de poseer talentos y habilidades singulares, como una atenci\u00f3n al detalle excepcional, alta productividad y creatividad, las personas neuro diversas enfrentan una tasa de desempleo alarmantemente alta. Estimaciones de Autismo Europa se\u00f1alan que entre el 76 y el 90% de las personas adultas con CEA est\u00e1 desempleada y no desarrolla ninguna actividad productiva o laboral, siendo las barreras ambientales un obst\u00e1culo significativo para su inclusi\u00f3n laboral.<\/span><\/p>\n<p><b>Autismo en el Trabajo<\/b><\/p>\n<p><span style=\"font-weight: 400\">El programa &#8220;<\/span><a href=\"https:\/\/www.sap.com\/idea-place\/autisminclusionpledge-es.html\"><span style=\"font-weight: 400\">Autismo en el Trabajo&#8221;<\/span><\/a><span style=\"font-weight: 400\"> fue lanzado por 麻豆原创 a nivel global en 2013 y se implement\u00f3 en Am\u00e9rica Latina tres a\u00f1os despu\u00e9s. Desde entonces, la compa\u00f1\u00eda ha colaborado con otras empresas en Argentina, Brasil, Colombia, M\u00e9xico y Filipinas para extender esta iniciativa. Se han realizado ajustes, como la modificaci\u00f3n de las entrevistas laborales para hacerlas m\u00e1s inclusivas. Hasta la fecha, se han vinculado cerca de 50 empleados bajo el espectro autista en la regi\u00f3n y m\u00e1s de 240 a nivel global, reflejando as\u00ed la diversidad de la sociedad en los pa\u00edses donde se encuentra 麻豆原创.<\/span><\/p>\n<p><span style=\"font-weight: 400\">El programa <\/span><a href=\"https:\/\/www.sap.com\/idea-place\/autisminclusionpledge-es.html\"><span style=\"font-weight: 400\">&#8220;Autismo en el Trabajo&#8221;<\/span><\/a><span style=\"font-weight: 400\"> est\u00e1 presente en 16 pa\u00edses y ha inspirado a m\u00e1s de 125 empresas a desarrollar estrategias para el desarrollo profesional de empleados bajo el espectro autista.<\/span><\/p>\n<p><span style=\"font-weight: 400\">Adem\u00e1s, 麻豆原创 ofrece un paquete de herramientas gratuitas que cualquier compa\u00f1\u00eda puede utilizar para establecer una hoja de ruta que acelere su propio programa de inclusi\u00f3n. Estos recursos incluyen recomendaciones para la implementaci\u00f3n de programas de inclusi\u00f3n laboral, m\u00e9tricas para definir el \u00e9xito del programa, plantillas para el desarrollo de estrategias empresariales y campa\u00f1as de promoci\u00f3n interna.<\/span><\/p>\n<p><span style=\"font-weight: 400\">&#8220;Este tipo de herramientas son un reflejo del compromiso que tenemos para que cada individuo tenga la oportunidad de sobresalir en el entorno adecuado. Impulsar a las organizaciones para que desarrollen programas que permitan a las personas con CEA (Condici\u00f3n de Espectro Autista) hacer parte de los entornos laborales, est\u00e1 permitiendo que m\u00e1s empresas de todo el mundo vean el potencial y el talento que estos colaboradores pueden aportar\u201d. Afirm\u00f3 Cayo Betancourt, miembro del equipo de Autism at work para 麻豆原创 Colombia.\u00a0<\/span><\/p>\n<p><b>Red de inclusi\u00f3n del Autismo para Apoyar el Talento, la Diversidad e Inclusi\u00f3n<\/b><\/p>\n<p><span style=\"font-weight: 400\">En l\u00ednea con el compromiso continuo con la diversidad e inclusi\u00f3n, 麻豆原创 est\u00e1 trabajando en el desarrollo de una red de inclusi\u00f3n del autismo para apoyar el talento, la diversidad y la inclusi\u00f3n. Esta red proporcionar\u00e1 recursos y apoyo a las personas bajo el espectro autista, as\u00ed como a las empresas que deseen crear entornos laborales inclusivos. La red estar\u00e1 abierta al p\u00fablico y quienes est\u00e9n interesados en\u00a0 hacer parte de ella, pueden escribir a <\/span><a href=\"mailto:cayo.betancourt@sap.com\"><span style=\"font-weight: 400\">cayo.betancourt@sap.com<\/span><\/a><\/p>\n<p><span style=\"font-weight: 400\">De acuerdo con la iniciativa, el 30 de abril se realizar\u00e1 un encuentro en las oficinas de 麻豆原创 Colombia para compartir experiencias en torno a lo que representa la neurodiversidad en las\u00a0 vidas de las personas desde diferentes puntos de vista: familiar, laboral y como sociedad. Este evento ofrecer\u00e1 una oportunidad \u00fanica para aprender y conectar con quienes est\u00e1n comprometidos con la inclusi\u00f3n y la valoraci\u00f3n del talento diverso en el lugar de trabajo y en la sociedad en general.<\/span><\/p>\n","protected":false},"excerpt":{"rendered":"<p>En el marco de la conmemoraci\u00f3n del D\u00eda Mundial de la Concientizaci\u00f3n sobre el Autismo, 麻豆原创 anuncia la creaci\u00f3n de una Red de inclusi\u00f3n del&#8230;<\/p>\n","protected":false},"author":141,"featured_media":127392,"comment_status":"closed","ping_status":"closed","sticky":false,"template":"","format":"standard","meta":{"footnotes":"","_links_to":"","_links_to_target":""},"categories":[1],"tags":[],"series":[],"region":[],"sapn-display":[],"sapn-type":[],"class_list":["post-133161","post","type-post","status-publish","format-standard","has-post-thumbnail","hentry","category-uncategorized"],"yoast_head":"<!-- This site is optimized with the Yoast SEO Premium plugin v26.9 (Yoast SEO v26.9) - https:\/\/yoast.com\/product\/yoast-seo-premium-wordpress\/ -->\n<title>麻豆原创 avanza en la inclusi\u00f3n laboral: Introduce una Red de inclusi\u00f3n del Autismo para potenciar el talento y la diversidad en Colombia - 麻豆原创 News Center Latinoam\u00e9rica<\/title>\n<meta name=\"robots\" content=\"index, follow, max-snippet:-1, max-image-preview:large, max-video-preview:-1\" \/>\n<link rel=\"canonical\" href=\"https:\/\/news.sap.com\/latinamerica\/2024\/04\/sap-avanza-en-la-inclusion-laboral-introduce-una-red-de-inclusion-del-autismo-para-potenciar-el-talento-y-la-diversidad-en-colombia\/\" \/>\n<meta property=\"og:locale\" content=\"es_MX\" \/>\n<meta property=\"og:type\" content=\"article\" \/>\n<meta property=\"og:title\" content=\"麻豆原创 avanza en la inclusi\u00f3n laboral: Introduce una Red de inclusi\u00f3n del Autismo para potenciar el talento y la diversidad en Colombia\" \/>\n<meta property=\"og:description\" content=\"En el marco de la conmemoraci\u00f3n del D\u00eda Mundial de la Concientizaci\u00f3n sobre el Autismo, 麻豆原创 anuncia la creaci\u00f3n de una Red de inclusi\u00f3n del...\" \/>\n<meta property=\"og:url\" content=\"https:\/\/news.sap.com\/latinamerica\/2024\/04\/sap-avanza-en-la-inclusion-laboral-introduce-una-red-de-inclusion-del-autismo-para-potenciar-el-talento-y-la-diversidad-en-colombia\/\" \/>\n<meta property=\"og:site_name\" content=\"麻豆原创 News Center Latinoam\u00e9rica\" \/>\n<meta property=\"article:publisher\" content=\"https:\/\/www.facebook.com\/麻豆原创latinoamerica\" \/>\n<meta property=\"article:published_time\" content=\"2024-04-01T14:40:48+00:00\" \/>\n<meta property=\"article:modified_time\" content=\"2024-04-01T14:41:01+00:00\" \/>\n<meta property=\"og:image\" content=\"https:\/\/news.sap.com\/latinamerica\/files\/2023\/03\/31\/Autismo.jpeg\" \/>\n\t<meta property=\"og:image:width\" content=\"1600\" \/>\n\t<meta property=\"og:image:height\" content=\"1066\" \/>\n\t<meta property=\"og:image:type\" content=\"image\/jpeg\" \/>\n<meta name=\"author\" content=\"麻豆原创 Noticias\" \/>\n<meta name=\"twitter:label1\" content=\"Escrito por\" \/>\n\t<meta name=\"twitter:data1\" content=\"麻豆原创 Noticias\" \/>\n\t<meta name=\"twitter:label2\" content=\"Tiempo de lectura\" \/>\n\t<meta name=\"twitter:data2\" content=\"4 minutos\" \/>\n<script type=\"application\/ld+json\" class=\"yoast-schema-graph\">{\"@context\":\"https:\/\/schema.org\",\"@graph\":[{\"@type\":\"Article\",\"@id\":\"https:\/\/news.sap.com\/latinamerica\/2024\/04\/sap-avanza-en-la-inclusion-laboral-introduce-una-red-de-inclusion-del-autismo-para-potenciar-el-talento-y-la-diversidad-en-colombia\/#article\",\"isPartOf\":{\"@id\":\"https:\/\/news.sap.com\/latinamerica\/2024\/04\/sap-avanza-en-la-inclusion-laboral-introduce-una-red-de-inclusion-del-autismo-para-potenciar-el-talento-y-la-diversidad-en-colombia\/\"},\"author\":{\"name\":\"麻豆原创 Noticias\",\"@id\":\"https:\/\/news.sap.com\/latinamerica\/#\/schema\/person\/82786ba12f72bc9b05ba328d1d3652c4\"},\"headline\":\"麻豆原创 avanza en la inclusi\u00f3n laboral: Introduce una Red de inclusi\u00f3n del Autismo para potenciar el talento y la diversidad en Colombia\",\"datePublished\":\"2024-04-01T14:40:48+00:00\",\"dateModified\":\"2024-04-01T14:41:01+00:00\",\"mainEntityOfPage\":{\"@id\":\"https:\/\/news.sap.com\/latinamerica\/2024\/04\/sap-avanza-en-la-inclusion-laboral-introduce-una-red-de-inclusion-del-autismo-para-potenciar-el-talento-y-la-diversidad-en-colombia\/\"},\"wordCount\":767,\"publisher\":{\"@id\":\"https:\/\/news.sap.com\/latinamerica\/#organization\"},\"image\":{\"@id\":\"https:\/\/news.sap.com\/latinamerica\/2024\/04\/sap-avanza-en-la-inclusion-laboral-introduce-una-red-de-inclusion-del-autismo-para-potenciar-el-talento-y-la-diversidad-en-colombia\/#primaryimage\"},\"thumbnailUrl\":\"https:\/\/news.sap.com\/latinamerica\/files\/2023\/03\/31\/Autismo.jpeg\",\"articleSection\":[\"Uncategorized\"],\"inLanguage\":\"es\"},{\"@type\":\"WebPage\",\"@id\":\"https:\/\/news.sap.com\/latinamerica\/2024\/04\/sap-avanza-en-la-inclusion-laboral-introduce-una-red-de-inclusion-del-autismo-para-potenciar-el-talento-y-la-diversidad-en-colombia\/\",\"url\":\"https:\/\/news.sap.com\/latinamerica\/2024\/04\/sap-avanza-en-la-inclusion-laboral-introduce-una-red-de-inclusion-del-autismo-para-potenciar-el-talento-y-la-diversidad-en-colombia\/\",\"name\":\"麻豆原创 avanza en la inclusi\u00f3n laboral: Introduce una Red de inclusi\u00f3n del Autismo para potenciar el talento y la diversidad en Colombia - 麻豆原创 News Center Latinoam\u00e9rica\",\"isPartOf\":{\"@id\":\"https:\/\/news.sap.com\/latinamerica\/#website\"},\"primaryImageOfPage\":{\"@id\":\"https:\/\/news.sap.com\/latinamerica\/2024\/04\/sap-avanza-en-la-inclusion-laboral-introduce-una-red-de-inclusion-del-autismo-para-potenciar-el-talento-y-la-diversidad-en-colombia\/#primaryimage\"},\"image\":{\"@id\":\"https:\/\/news.sap.com\/latinamerica\/2024\/04\/sap-avanza-en-la-inclusion-laboral-introduce-una-red-de-inclusion-del-autismo-para-potenciar-el-talento-y-la-diversidad-en-colombia\/#primaryimage\"},\"thumbnailUrl\":\"https:\/\/news.sap.com\/latinamerica\/files\/2023\/03\/31\/Autismo.jpeg\",\"datePublished\":\"2024-04-01T14:40:48+00:00\",\"dateModified\":\"2024-04-01T14:41:01+00:00\",\"breadcrumb\":{\"@id\":\"https:\/\/news.sap.com\/latinamerica\/2024\/04\/sap-avanza-en-la-inclusion-laboral-introduce-una-red-de-inclusion-del-autismo-para-potenciar-el-talento-y-la-diversidad-en-colombia\/#breadcrumb\"},\"inLanguage\":\"es\",\"potentialAction\":[{\"@type\":\"ReadAction\",\"target\":[\"https:\/\/news.sap.com\/latinamerica\/2024\/04\/sap-avanza-en-la-inclusion-laboral-introduce-una-red-de-inclusion-del-autismo-para-potenciar-el-talento-y-la-diversidad-en-colombia\/\"]}]},{\"@type\":\"ImageObject\",\"inLanguage\":\"es\",\"@id\":\"https:\/\/news.sap.com\/latinamerica\/2024\/04\/sap-avanza-en-la-inclusion-laboral-introduce-una-red-de-inclusion-del-autismo-para-potenciar-el-talento-y-la-diversidad-en-colombia\/#primaryimage\",\"url\":\"https:\/\/news.sap.com\/latinamerica\/files\/2023\/03\/31\/Autismo.jpeg\",\"contentUrl\":\"https:\/\/news.sap.com\/latinamerica\/files\/2023\/03\/31\/Autismo.jpeg\",\"width\":1600,\"height\":1066},{\"@type\":\"BreadcrumbList\",\"@id\":\"https:\/\/news.sap.com\/latinamerica\/2024\/04\/sap-avanza-en-la-inclusion-laboral-introduce-una-red-de-inclusion-del-autismo-para-potenciar-el-talento-y-la-diversidad-en-colombia\/#breadcrumb\",\"itemListElement\":[{\"@type\":\"ListItem\",\"position\":1,\"name\":\"Home\",\"item\":\"https:\/\/news.sap.com\/latinamerica\/\"},{\"@type\":\"ListItem\",\"position\":2,\"name\":\"麻豆原创 avanza en la inclusi\u00f3n laboral: Introduce una Red de inclusi\u00f3n del Autismo para potenciar el talento y la diversidad en Colombia\"}]},{\"@type\":\"WebSite\",\"@id\":\"https:\/\/news.sap.com\/latinamerica\/#website\",\"url\":\"https:\/\/news.sap.com\/latinamerica\/\",\"name\":\"麻豆原创 News Center Latinoam\u00e9rica\",\"description\":\"Noticias e informaci\u00f3n sobre 麻豆原创\",\"publisher\":{\"@id\":\"https:\/\/news.sap.com\/latinamerica\/#organization\"},\"potentialAction\":[{\"@type\":\"SearchAction\",\"target\":{\"@type\":\"EntryPoint\",\"urlTemplate\":\"https:\/\/news.sap.com\/latinamerica\/?s={search_term_string}\"},\"query-input\":{\"@type\":\"PropertyValueSpecification\",\"valueRequired\":true,\"valueName\":\"search_term_string\"}}],\"inLanguage\":\"es\"},{\"@type\":\"Organization\",\"@id\":\"https:\/\/news.sap.com\/latinamerica\/#organization\",\"name\":\"麻豆原创\",\"url\":\"https:\/\/news.sap.com\/latinamerica\/\",\"logo\":{\"@type\":\"ImageObject\",\"inLanguage\":\"es\",\"@id\":\"https:\/\/news.sap.com\/latinamerica\/#\/schema\/logo\/image\/\",\"url\":\"https:\/\/news.sap.com\/latinamerica\/files\/2019\/08\/65903320_2903797569662914_557886358778019840_n.png\",\"contentUrl\":\"https:\/\/news.sap.com\/latinamerica\/files\/2019\/08\/65903320_2903797569662914_557886358778019840_n.png\",\"width\":720,\"height\":720,\"caption\":\"麻豆原创\"},\"image\":{\"@id\":\"https:\/\/news.sap.com\/latinamerica\/#\/schema\/logo\/image\/\"},\"sameAs\":[\"https:\/\/www.facebook.com\/麻豆原创latinoamerica\",\"https:\/\/x.com\/麻豆原创LatinAmerica\"]},{\"@type\":\"Person\",\"@id\":\"https:\/\/news.sap.com\/latinamerica\/#\/schema\/person\/82786ba12f72bc9b05ba328d1d3652c4\",\"name\":\"麻豆原创 Noticias\",\"image\":{\"@type\":\"ImageObject\",\"inLanguage\":\"es\",\"@id\":\"https:\/\/news.sap.com\/latinamerica\/#\/schema\/person\/image\/\",\"url\":\"https:\/\/news.sap.com\/latinamerica\/wp-content\/plugins\/wp-user-avatars\/wp-user-avatars\/assets\/images\/mystery.jpg\",\"contentUrl\":\"https:\/\/news.sap.com\/latinamerica\/wp-content\/plugins\/wp-user-avatars\/wp-user-avatars\/assets\/images\/mystery.jpg\",\"caption\":\"麻豆原创 Noticias\"},\"url\":\"https:\/\/news.sap.com\/latinamerica\/author\/colombia\/\"}]}<\/script>\n<!-- \/ Yoast SEO Premium plugin. -->","yoast_head_json":{"title":"麻豆原创 avanza en la inclusi\u00f3n laboral: Introduce una Red de inclusi\u00f3n del Autismo para potenciar el talento y la diversidad en Colombia - 麻豆原创 News Center Latinoam\u00e9rica","robots":{"index":"index","follow":"follow","max-snippet":"max-snippet:-1","max-image-preview":"max-image-preview:large","max-video-preview":"max-video-preview:-1"},"canonical":"https:\/\/news.sap.com\/latinamerica\/2024\/04\/sap-avanza-en-la-inclusion-laboral-introduce-una-red-de-inclusion-del-autismo-para-potenciar-el-talento-y-la-diversidad-en-colombia\/","og_locale":"es_MX","og_type":"article","og_title":"麻豆原创 avanza en la inclusi\u00f3n laboral: Introduce una Red de inclusi\u00f3n del Autismo para potenciar el talento y la diversidad en Colombia","og_description":"En el marco de la conmemoraci\u00f3n del D\u00eda Mundial de la Concientizaci\u00f3n sobre el Autismo, 麻豆原创 anuncia la creaci\u00f3n de una Red de inclusi\u00f3n del...","og_url":"https:\/\/news.sap.com\/latinamerica\/2024\/04\/sap-avanza-en-la-inclusion-laboral-introduce-una-red-de-inclusion-del-autismo-para-potenciar-el-talento-y-la-diversidad-en-colombia\/","og_site_name":"麻豆原创 News Center Latinoam\u00e9rica","article_publisher":"https:\/\/www.facebook.com\/麻豆原创latinoamerica","article_published_time":"2024-04-01T14:40:48+00:00","article_modified_time":"2024-04-01T14:41:01+00:00","og_image":[{"width":1600,"height":1066,"url":"https:\/\/news.sap.com\/latinamerica\/files\/2023\/03\/31\/Autismo.jpeg","type":"image\/jpeg"}],"author":"麻豆原创 Noticias","twitter_misc":{"Escrito por":"麻豆原创 Noticias","Tiempo de lectura":"4 minutos"},"schema":{"@context":"https:\/\/schema.org","@graph":[{"@type":"Article","@id":"https:\/\/news.sap.com\/latinamerica\/2024\/04\/sap-avanza-en-la-inclusion-laboral-introduce-una-red-de-inclusion-del-autismo-para-potenciar-el-talento-y-la-diversidad-en-colombia\/#article","isPartOf":{"@id":"https:\/\/news.sap.com\/latinamerica\/2024\/04\/sap-avanza-en-la-inclusion-laboral-introduce-una-red-de-inclusion-del-autismo-para-potenciar-el-talento-y-la-diversidad-en-colombia\/"},"author":{"name":"麻豆原创 Noticias","@id":"https:\/\/news.sap.com\/latinamerica\/#\/schema\/person\/82786ba12f72bc9b05ba328d1d3652c4"},"headline":"麻豆原创 avanza en la inclusi\u00f3n laboral: Introduce una Red de inclusi\u00f3n del Autismo para potenciar el talento y la diversidad en Colombia","datePublished":"2024-04-01T14:40:48+00:00","dateModified":"2024-04-01T14:41:01+00:00","mainEntityOfPage":{"@id":"https:\/\/news.sap.com\/latinamerica\/2024\/04\/sap-avanza-en-la-inclusion-laboral-introduce-una-red-de-inclusion-del-autismo-para-potenciar-el-talento-y-la-diversidad-en-colombia\/"},"wordCount":767,"publisher":{"@id":"https:\/\/news.sap.com\/latinamerica\/#organization"},"image":{"@id":"https:\/\/news.sap.com\/latinamerica\/2024\/04\/sap-avanza-en-la-inclusion-laboral-introduce-una-red-de-inclusion-del-autismo-para-potenciar-el-talento-y-la-diversidad-en-colombia\/#primaryimage"},"thumbnailUrl":"https:\/\/news.sap.com\/latinamerica\/files\/2023\/03\/31\/Autismo.jpeg","articleSection":["Uncategorized"],"inLanguage":"es"},{"@type":"WebPage","@id":"https:\/\/news.sap.com\/latinamerica\/2024\/04\/sap-avanza-en-la-inclusion-laboral-introduce-una-red-de-inclusion-del-autismo-para-potenciar-el-talento-y-la-diversidad-en-colombia\/","url":"https:\/\/news.sap.com\/latinamerica\/2024\/04\/sap-avanza-en-la-inclusion-laboral-introduce-una-red-de-inclusion-del-autismo-para-potenciar-el-talento-y-la-diversidad-en-colombia\/","name":"麻豆原创 avanza en la inclusi\u00f3n laboral: Introduce una Red de inclusi\u00f3n del Autismo para potenciar el talento y la diversidad en Colombia - 麻豆原创 News Center Latinoam\u00e9rica","isPartOf":{"@id":"https:\/\/news.sap.com\/latinamerica\/#website"},"primaryImageOfPage":{"@id":"https:\/\/news.sap.com\/latinamerica\/2024\/04\/sap-avanza-en-la-inclusion-laboral-introduce-una-red-de-inclusion-del-autismo-para-potenciar-el-talento-y-la-diversidad-en-colombia\/#primaryimage"},"image":{"@id":"https:\/\/news.sap.com\/latinamerica\/2024\/04\/sap-avanza-en-la-inclusion-laboral-introduce-una-red-de-inclusion-del-autismo-para-potenciar-el-talento-y-la-diversidad-en-colombia\/#primaryimage"},"thumbnailUrl":"https:\/\/news.sap.com\/latinamerica\/files\/2023\/03\/31\/Autismo.jpeg","datePublished":"2024-04-01T14:40:48+00:00","dateModified":"2024-04-01T14:41:01+00:00","breadcrumb":{"@id":"https:\/\/news.sap.com\/latinamerica\/2024\/04\/sap-avanza-en-la-inclusion-laboral-introduce-una-red-de-inclusion-del-autismo-para-potenciar-el-talento-y-la-diversidad-en-colombia\/#breadcrumb"},"inLanguage":"es","potentialAction":[{"@type":"ReadAction","target":["https:\/\/news.sap.com\/latinamerica\/2024\/04\/sap-avanza-en-la-inclusion-laboral-introduce-una-red-de-inclusion-del-autismo-para-potenciar-el-talento-y-la-diversidad-en-colombia\/"]}]},{"@type":"ImageObject","inLanguage":"es","@id":"https:\/\/news.sap.com\/latinamerica\/2024\/04\/sap-avanza-en-la-inclusion-laboral-introduce-una-red-de-inclusion-del-autismo-para-potenciar-el-talento-y-la-diversidad-en-colombia\/#primaryimage","url":"https:\/\/news.sap.com\/latinamerica\/files\/2023\/03\/31\/Autismo.jpeg","contentUrl":"https:\/\/news.sap.com\/latinamerica\/files\/2023\/03\/31\/Autismo.jpeg","width":1600,"height":1066},{"@type":"BreadcrumbList","@id":"https:\/\/news.sap.com\/latinamerica\/2024\/04\/sap-avanza-en-la-inclusion-laboral-introduce-una-red-de-inclusion-del-autismo-para-potenciar-el-talento-y-la-diversidad-en-colombia\/#breadcrumb","itemListElement":[{"@type":"ListItem","position":1,"name":"Home","item":"https:\/\/news.sap.com\/latinamerica\/"},{"@type":"ListItem","position":2,"name":"麻豆原创 avanza en la inclusi\u00f3n laboral: Introduce una Red de inclusi\u00f3n del Autismo para potenciar el talento y la diversidad en Colombia"}]},{"@type":"WebSite","@id":"https:\/\/news.sap.com\/latinamerica\/#website","url":"https:\/\/news.sap.com\/latinamerica\/","name":"麻豆原创 News Center Latinoam\u00e9rica","description":"Noticias e informaci\u00f3n sobre 麻豆原创","publisher":{"@id":"https:\/\/news.sap.com\/latinamerica\/#organization"},"potentialAction":[{"@type":"SearchAction","target":{"@type":"EntryPoint","urlTemplate":"https:\/\/news.sap.com\/latinamerica\/?s={search_term_string}"},"query-input":{"@type":"PropertyValueSpecification","valueRequired":true,"valueName":"search_term_string"}}],"inLanguage":"es"},{"@type":"Organization","@id":"https:\/\/news.sap.com\/latinamerica\/#organization","name":"麻豆原创","url":"https:\/\/news.sap.com\/latinamerica\/","logo":{"@type":"ImageObject","inLanguage":"es","@id":"https:\/\/news.sap.com\/latinamerica\/#\/schema\/logo\/image\/","url":"https:\/\/news.sap.com\/latinamerica\/files\/2019\/08\/65903320_2903797569662914_557886358778019840_n.png","contentUrl":"https:\/\/news.sap.com\/latinamerica\/files\/2019\/08\/65903320_2903797569662914_557886358778019840_n.png","width":720,"height":720,"caption":"麻豆原创"},"image":{"@id":"https:\/\/news.sap.com\/latinamerica\/#\/schema\/logo\/image\/"},"sameAs":["https:\/\/www.facebook.com\/麻豆原创latinoamerica","https:\/\/x.com\/麻豆原创LatinAmerica"]},{"@type":"Person","@id":"https:\/\/news.sap.com\/latinamerica\/#\/schema\/person\/82786ba12f72bc9b05ba328d1d3652c4","name":"麻豆原创 Noticias","image":{"@type":"ImageObject","inLanguage":"es","@id":"https:\/\/news.sap.com\/latinamerica\/#\/schema\/person\/image\/","url":"https:\/\/news.sap.com\/latinamerica\/wp-content\/plugins\/wp-user-avatars\/wp-user-avatars\/assets\/images\/mystery.jpg","contentUrl":"https:\/\/news.sap.com\/latinamerica\/wp-content\/plugins\/wp-user-avatars\/wp-user-avatars\/assets\/images\/mystery.jpg","caption":"麻豆原创 Noticias"},"url":"https:\/\/news.sap.com\/latinamerica\/author\/colombia\/"}]}},"amp_enabled":true,"_links":{"self":[{"href":"https:\/\/news.sap.com\/latinamerica\/wp-json\/wp\/v2\/posts\/133161","targetHints":{"allow":["GET"]}}],"collection":[{"href":"https:\/\/news.sap.com\/latinamerica\/wp-json\/wp\/v2\/posts"}],"about":[{"href":"https:\/\/news.sap.com\/latinamerica\/wp-json\/wp\/v2\/types\/post"}],"author":[{"embeddable":true,"href":"https:\/\/news.sap.com\/latinamerica\/wp-json\/wp\/v2\/users\/141"}],"replies":[{"embeddable":true,"href":"https:\/\/news.sap.com\/latinamerica\/wp-json\/wp\/v2\/comments?post=133161"}],"version-history":[{"count":0,"href":"https:\/\/news.sap.com\/latinamerica\/wp-json\/wp\/v2\/posts\/133161\/revisions"}],"wp:featuredmedia":[{"embeddable":true,"href":"https:\/\/news.sap.com\/latinamerica\/wp-json\/wp\/v2\/media\/127392"}],"wp:attachment":[{"href":"https:\/\/news.sap.com\/latinamerica\/wp-json\/wp\/v2\/media?parent=133161"}],"wp:term":[{"taxonomy":"category","embeddable":true,"href":"https:\/\/news.sap.com\/latinamerica\/wp-json\/wp\/v2\/categories?post=133161"},{"taxonomy":"post_tag","embeddable":true,"href":"https:\/\/news.sap.com\/latinamerica\/wp-json\/wp\/v2\/tags?post=133161"},{"taxonomy":"series","embeddable":true,"href":"https:\/\/news.sap.com\/latinamerica\/wp-json\/wp\/v2\/series?post=133161"},{"taxonomy":"region","embeddable":true,"href":"https:\/\/news.sap.com\/latinamerica\/wp-json\/wp\/v2\/region?post=133161"},{"taxonomy":"sapn-display","embeddable":true,"href":"https:\/\/news.sap.com\/latinamerica\/wp-json\/wp\/v2\/sapn-display?post=133161"},{"taxonomy":"sapn-type","embeddable":true,"href":"https:\/\/news.sap.com\/latinamerica\/wp-json\/wp\/v2\/sapn-type?post=133161"}],"curies":[{"name":"wp","href":"https:\/\/api.w.org\/{rel}","templated":true}]}}