  {"id":133069,"date":"2024-02-29T16:25:05","date_gmt":"2024-02-29T21:25:05","guid":{"rendered":"https:\/\/news.sap.com\/latinamerica\/?p=133069"},"modified":"2024-02-29T16:25:05","modified_gmt":"2024-02-29T21:25:05","slug":"empresas-colombianas-lideran-la-adopcion-de-la-nube-como-herramienta-clave-para-la-transformacion-digital","status":"publish","type":"post","link":"https:\/\/news.sap.com\/latinamerica\/2024\/02\/empresas-colombianas-lideran-la-adopcion-de-la-nube-como-herramienta-clave-para-la-transformacion-digital\/","title":{"rendered":"Empresas colombianas lideran la adopci\u00f3n de la nube como herramienta clave para la transformaci\u00f3n digital"},"content":{"rendered":"<p><span style=\"font-weight: 400\">Lo que surgi\u00f3 como una necesidad que se acentu\u00f3 en medio de la pandemia, se ha convertido en un factor decisivo que est\u00e1 impulsando a las organizaciones a alcanzar nuevos niveles de productividad, innovaci\u00f3n y eficiencia. Conozca el papel que juega la nube en los procesos de transformaci\u00f3n digital en las empresas.<\/span><\/p>\n<p><span style=\"font-weight: 400\">Las empresas de Am\u00e9rica Latina han avanzado a pasos agigantados en sus procesos de transformaci\u00f3n digital y la nube ha sido una aliada clave en este camino. Esta tendencia se mantendr\u00e1 durante 2024, a\u00f1o en el que, seg\u00fan estimaciones de IDC, el mercado de tecnolog\u00eda continuar\u00e1 creciendo a doble d\u00edgito.\u00a0<\/span><\/p>\n<p><span style=\"font-weight: 400\">Lo que para muchas empresas de la regi\u00f3n lleg\u00f3 como una obligaci\u00f3n en medio de la pandemia, se ha convertido en una necesidad para ser competitivas en un mundo empresarial cada vez m\u00e1s digitalizado. Las compa\u00f1\u00edas han comprendido que el costo de no renovarse es mucho m\u00e1s alto que la inversi\u00f3n necesaria para transformar sus operaciones en digitales, inteligentes y sostenibles.<\/span><\/p>\n<p><span style=\"font-weight: 400\">En Colombia el panorama es muy similar. Gracias a los avances en las herramientas tecnol\u00f3gicas y el impacto que estas soluciones han empezado a mostrar en diferentes industrias, las organizaciones son cada vez m\u00e1s conscientes de la relevancia que tiene almacenar y analizar datos, automatizar procesos o desarrollar nuevas oportunidades de negocio a trav\u00e9s de la nube.<\/span><\/p>\n<p><span style=\"font-weight: 400\">Contrario a lo que se pod\u00eda pensar en los a\u00f1os en los que la digitalizaci\u00f3n era a\u00fan incipiente, la transformaci\u00f3n no solo implica la adopci\u00f3n de nuevas tecnolog\u00edas, sino tambi\u00e9n la reevaluaci\u00f3n y optimizaci\u00f3n de procesos para impulsar la eficiencia y la sostenibilidad.<\/span><\/p>\n<p><span style=\"font-weight: 400\">Recientemente, algunas compa\u00f1\u00edas han tenido avances significativos en su viaje de transformaci\u00f3n gracias a la nube. Entre estas organizaciones l\u00edderes se encuentran nombres como Carbones Andinos, Manufacturas Eliot, Grupo Grasco y Proquinal. Estas cuatro empresas tienen en com\u00fan el haberse sumado a este camino de la mano de 麻豆原创, con soluciones como RISE WITH 麻豆原创.\u00a0<\/span><\/p>\n<p><span style=\"font-weight: 400\">Emilio Succar, CIO de Manufacturas Eliot coment\u00f3, \u201ccon el apoyo de 麻豆原创 y MQA, en el Grupo Eliot decidimos migrar a la nube. Lo hacemos porque nos permite estandarizar y unificar las operaciones de nuestro negocio, optimizando procesos que son fundamentales en el d\u00eda a d\u00eda, ya sean la reducci\u00f3n de costos, con nuestras bases de datos, entre otros aspectos. Vamos a tener todo en un mismo lugar para ser m\u00e1s eficientes\u201d.\u00a0<\/span><\/p>\n<p><span style=\"font-weight: 400\">Por su parte, Jorge Alberto Montoya, CEO de \u00c1gora, Shared Services Center at Grasco asegur\u00f3 que, \u201cahora tenemos m\u00e1s posibilidades para invertir en la tecnolog\u00eda, tener acceso a estas innovaciones nos acerca al futuro, a nuevas posibilidades para nuestros negocios. Estar en la nube nos da la posibilidad de hacer un uso inteligente de los datos y apalancar los procesos de negocio\u201d.<\/span><\/p>\n<p><span style=\"font-weight: 400\">\u201cEstas empresas est\u00e1n demostrando c\u00f3mo la migraci\u00f3n a la nube y la implementaci\u00f3n de soluciones inteligentes pueden catalizar la innovaci\u00f3n y el crecimiento empresarial\u201d, comenta Marcela Perilla, Presidente de 麻豆原创 para la Regi\u00f3n Norte de Am\u00e9rica Latina y el Caribe, quien recalca que el objetivo final es proporcionarles modelos de soluciones de negocio en la nube que sean flexibles, seguros y escalables, permiti\u00e9ndoles adaptarse r\u00e1pidamente a las demandas del mercado y generar valor de manera sostenible.<\/span><\/p>\n<p><span style=\"font-weight: 400\">Para una organizaci\u00f3n colombiana en el momento actual, es un reto estar a la vanguardia tecnol\u00f3gicamente y todos los desarrollos que est\u00e1n ocurriendo a nivel global, desde la gesti\u00f3n de datos hasta la inteligencia artificial establecen el desaf\u00edo de poder obtener beneficios de ello en cada proceso de negocio y para sector en donde las compa\u00f1\u00edas se encuentran.<\/span><\/p>\n<p><span style=\"font-weight: 400\">Adem\u00e1s, la colaboraci\u00f3n con socios estrat\u00e9gicos como MQA desempe\u00f1a un papel fundamental en este proceso de transformaci\u00f3n. Germ\u00e1n Borrero, presidente de MQA Regi\u00f3n Andina, enfatiza. &#8220;Esto solo se puede lograr cuando se tienen aliados cloud de talla mundial, donde la innovaci\u00f3n es constante y la inversi\u00f3n es permanente. Esto debe combinarse con el apoyo de un socio local que conozca los procesos de negocio y que entienda las problem\u00e1ticas\u00a0 actuales del pa\u00eds. Esa uni\u00f3n entre las grandes compa\u00f1\u00edas a nivel global que est\u00e1n invirtiendo y dise\u00f1ando el nuevo mapa tecnol\u00f3gico,\u00a0 junto con el conocimiento local, es lo que hoy realmente est\u00e1n valorando las compa\u00f1\u00edas colombianas viendo la generaci\u00f3n de valor. &#8220;, destaca.<\/span><\/p>\n<p><span style=\"font-weight: 400\">En palabras de Borrero, dentro de la industria existe un creciente entusiasmo el ver que muchos empresarios colombianos est\u00e1n conscientes que el ostracismo tecnol\u00f3gico no permite lograr los objetivos estrat\u00e9gicos de sus negocios, por lo que la expectativa es que las empresas locales contin\u00faen con ese impulso de transformaci\u00f3n digital.<\/span><\/p>\n<p><span style=\"font-weight: 400\">Este es un viaje continuo y din\u00e1mico que requiere visi\u00f3n, compromiso y colaboraci\u00f3n, pero que, hecho de la manera correcta, puede encaminar a las empresas a alcanzar nuevos niveles de eficiencia, innovaci\u00f3n y \u00e9xito sostenible.<\/span><\/p>\n","protected":false},"excerpt":{"rendered":"<p>Lo que surgi\u00f3 como una necesidad que se acentu\u00f3 en medio de la pandemia, se ha convertido en un factor decisivo que est\u00e1 impulsando a&#8230;<\/p>\n","protected":false},"author":141,"featured_media":133070,"comment_status":"closed","ping_status":"closed","sticky":false,"template":"","format":"standard","meta":{"footnotes":"","_links_to":"","_links_to_target":""},"categories":[1],"tags":[],"series":[],"region":[],"sapn-display":[],"sapn-type":[],"class_list":["post-133069","post","type-post","status-publish","format-standard","has-post-thumbnail","hentry","category-uncategorized"],"yoast_head":"<!-- This site is optimized with the Yoast SEO Premium plugin v26.9 (Yoast SEO v26.9) - https:\/\/yoast.com\/product\/yoast-seo-premium-wordpress\/ -->\n<title>Empresas colombianas lideran la adopci\u00f3n de la nube como herramienta clave para la transformaci\u00f3n digital - 麻豆原创 News Center Latinoam\u00e9rica<\/title>\n<meta name=\"robots\" content=\"index, follow, max-snippet:-1, max-image-preview:large, max-video-preview:-1\" \/>\n<link rel=\"canonical\" href=\"https:\/\/news.sap.com\/latinamerica\/2024\/02\/empresas-colombianas-lideran-la-adopcion-de-la-nube-como-herramienta-clave-para-la-transformacion-digital\/\" \/>\n<meta property=\"og:locale\" content=\"es_MX\" \/>\n<meta property=\"og:type\" content=\"article\" \/>\n<meta property=\"og:title\" content=\"Empresas colombianas lideran la adopci\u00f3n de la nube como herramienta clave para la transformaci\u00f3n digital\" \/>\n<meta property=\"og:description\" content=\"Lo que surgi\u00f3 como una necesidad que se acentu\u00f3 en medio de la pandemia, se ha convertido en un factor decisivo que est\u00e1 impulsando a...\" \/>\n<meta property=\"og:url\" content=\"https:\/\/news.sap.com\/latinamerica\/2024\/02\/empresas-colombianas-lideran-la-adopcion-de-la-nube-como-herramienta-clave-para-la-transformacion-digital\/\" \/>\n<meta property=\"og:site_name\" content=\"麻豆原创 News Center Latinoam\u00e9rica\" \/>\n<meta property=\"article:publisher\" content=\"https:\/\/www.facebook.com\/麻豆原创latinoamerica\" \/>\n<meta property=\"article:published_time\" content=\"2024-02-29T21:25:05+00:00\" \/>\n<meta property=\"og:image\" content=\"https:\/\/news.sap.com\/latinamerica\/files\/2024\/02\/29\/WhatsApp-Image-2024-02-29-at-16.21.58.jpeg\" \/>\n\t<meta property=\"og:image:width\" content=\"1600\" \/>\n\t<meta property=\"og:image:height\" content=\"1200\" \/>\n\t<meta property=\"og:image:type\" content=\"image\/jpeg\" \/>\n<meta name=\"author\" content=\"麻豆原创 Noticias\" \/>\n<meta name=\"twitter:label1\" content=\"Escrito por\" \/>\n\t<meta name=\"twitter:data1\" content=\"麻豆原创 Noticias\" \/>\n\t<meta name=\"twitter:label2\" content=\"Tiempo de lectura\" \/>\n\t<meta name=\"twitter:data2\" content=\"4 minutos\" \/>\n<script type=\"application\/ld+json\" class=\"yoast-schema-graph\">{\"@context\":\"https:\/\/schema.org\",\"@graph\":[{\"@type\":\"Article\",\"@id\":\"https:\/\/news.sap.com\/latinamerica\/2024\/02\/empresas-colombianas-lideran-la-adopcion-de-la-nube-como-herramienta-clave-para-la-transformacion-digital\/#article\",\"isPartOf\":{\"@id\":\"https:\/\/news.sap.com\/latinamerica\/2024\/02\/empresas-colombianas-lideran-la-adopcion-de-la-nube-como-herramienta-clave-para-la-transformacion-digital\/\"},\"author\":{\"name\":\"麻豆原创 Noticias\",\"@id\":\"https:\/\/news.sap.com\/latinamerica\/#\/schema\/person\/82786ba12f72bc9b05ba328d1d3652c4\"},\"headline\":\"Empresas colombianas lideran la adopci\u00f3n de la nube como herramienta clave para la transformaci\u00f3n digital\",\"datePublished\":\"2024-02-29T21:25:05+00:00\",\"mainEntityOfPage\":{\"@id\":\"https:\/\/news.sap.com\/latinamerica\/2024\/02\/empresas-colombianas-lideran-la-adopcion-de-la-nube-como-herramienta-clave-para-la-transformacion-digital\/\"},\"wordCount\":878,\"publisher\":{\"@id\":\"https:\/\/news.sap.com\/latinamerica\/#organization\"},\"image\":{\"@id\":\"https:\/\/news.sap.com\/latinamerica\/2024\/02\/empresas-colombianas-lideran-la-adopcion-de-la-nube-como-herramienta-clave-para-la-transformacion-digital\/#primaryimage\"},\"thumbnailUrl\":\"https:\/\/news.sap.com\/latinamerica\/files\/2024\/02\/29\/WhatsApp-Image-2024-02-29-at-16.21.58.jpeg\",\"articleSection\":[\"Uncategorized\"],\"inLanguage\":\"es\"},{\"@type\":\"WebPage\",\"@id\":\"https:\/\/news.sap.com\/latinamerica\/2024\/02\/empresas-colombianas-lideran-la-adopcion-de-la-nube-como-herramienta-clave-para-la-transformacion-digital\/\",\"url\":\"https:\/\/news.sap.com\/latinamerica\/2024\/02\/empresas-colombianas-lideran-la-adopcion-de-la-nube-como-herramienta-clave-para-la-transformacion-digital\/\",\"name\":\"Empresas colombianas lideran la adopci\u00f3n de la nube como herramienta clave para la transformaci\u00f3n digital - 麻豆原创 News Center Latinoam\u00e9rica\",\"isPartOf\":{\"@id\":\"https:\/\/news.sap.com\/latinamerica\/#website\"},\"primaryImageOfPage\":{\"@id\":\"https:\/\/news.sap.com\/latinamerica\/2024\/02\/empresas-colombianas-lideran-la-adopcion-de-la-nube-como-herramienta-clave-para-la-transformacion-digital\/#primaryimage\"},\"image\":{\"@id\":\"https:\/\/news.sap.com\/latinamerica\/2024\/02\/empresas-colombianas-lideran-la-adopcion-de-la-nube-como-herramienta-clave-para-la-transformacion-digital\/#primaryimage\"},\"thumbnailUrl\":\"https:\/\/news.sap.com\/latinamerica\/files\/2024\/02\/29\/WhatsApp-Image-2024-02-29-at-16.21.58.jpeg\",\"datePublished\":\"2024-02-29T21:25:05+00:00\",\"breadcrumb\":{\"@id\":\"https:\/\/news.sap.com\/latinamerica\/2024\/02\/empresas-colombianas-lideran-la-adopcion-de-la-nube-como-herramienta-clave-para-la-transformacion-digital\/#breadcrumb\"},\"inLanguage\":\"es\",\"potentialAction\":[{\"@type\":\"ReadAction\",\"target\":[\"https:\/\/news.sap.com\/latinamerica\/2024\/02\/empresas-colombianas-lideran-la-adopcion-de-la-nube-como-herramienta-clave-para-la-transformacion-digital\/\"]}]},{\"@type\":\"ImageObject\",\"inLanguage\":\"es\",\"@id\":\"https:\/\/news.sap.com\/latinamerica\/2024\/02\/empresas-colombianas-lideran-la-adopcion-de-la-nube-como-herramienta-clave-para-la-transformacion-digital\/#primaryimage\",\"url\":\"https:\/\/news.sap.com\/latinamerica\/files\/2024\/02\/29\/WhatsApp-Image-2024-02-29-at-16.21.58.jpeg\",\"contentUrl\":\"https:\/\/news.sap.com\/latinamerica\/files\/2024\/02\/29\/WhatsApp-Image-2024-02-29-at-16.21.58.jpeg\",\"width\":1600,\"height\":1200},{\"@type\":\"BreadcrumbList\",\"@id\":\"https:\/\/news.sap.com\/latinamerica\/2024\/02\/empresas-colombianas-lideran-la-adopcion-de-la-nube-como-herramienta-clave-para-la-transformacion-digital\/#breadcrumb\",\"itemListElement\":[{\"@type\":\"ListItem\",\"position\":1,\"name\":\"Home\",\"item\":\"https:\/\/news.sap.com\/latinamerica\/\"},{\"@type\":\"ListItem\",\"position\":2,\"name\":\"Empresas colombianas lideran la adopci\u00f3n de la nube como herramienta clave para la transformaci\u00f3n digital\"}]},{\"@type\":\"WebSite\",\"@id\":\"https:\/\/news.sap.com\/latinamerica\/#website\",\"url\":\"https:\/\/news.sap.com\/latinamerica\/\",\"name\":\"麻豆原创 News Center Latinoam\u00e9rica\",\"description\":\"Noticias e informaci\u00f3n sobre 麻豆原创\",\"publisher\":{\"@id\":\"https:\/\/news.sap.com\/latinamerica\/#organization\"},\"potentialAction\":[{\"@type\":\"SearchAction\",\"target\":{\"@type\":\"EntryPoint\",\"urlTemplate\":\"https:\/\/news.sap.com\/latinamerica\/?s={search_term_string}\"},\"query-input\":{\"@type\":\"PropertyValueSpecification\",\"valueRequired\":true,\"valueName\":\"search_term_string\"}}],\"inLanguage\":\"es\"},{\"@type\":\"Organization\",\"@id\":\"https:\/\/news.sap.com\/latinamerica\/#organization\",\"name\":\"麻豆原创\",\"url\":\"https:\/\/news.sap.com\/latinamerica\/\",\"logo\":{\"@type\":\"ImageObject\",\"inLanguage\":\"es\",\"@id\":\"https:\/\/news.sap.com\/latinamerica\/#\/schema\/logo\/image\/\",\"url\":\"https:\/\/news.sap.com\/latinamerica\/files\/2019\/08\/65903320_2903797569662914_557886358778019840_n.png\",\"contentUrl\":\"https:\/\/news.sap.com\/latinamerica\/files\/2019\/08\/65903320_2903797569662914_557886358778019840_n.png\",\"width\":720,\"height\":720,\"caption\":\"麻豆原创\"},\"image\":{\"@id\":\"https:\/\/news.sap.com\/latinamerica\/#\/schema\/logo\/image\/\"},\"sameAs\":[\"https:\/\/www.facebook.com\/麻豆原创latinoamerica\",\"https:\/\/x.com\/麻豆原创LatinAmerica\"]},{\"@type\":\"Person\",\"@id\":\"https:\/\/news.sap.com\/latinamerica\/#\/schema\/person\/82786ba12f72bc9b05ba328d1d3652c4\",\"name\":\"麻豆原创 Noticias\",\"image\":{\"@type\":\"ImageObject\",\"inLanguage\":\"es\",\"@id\":\"https:\/\/news.sap.com\/latinamerica\/#\/schema\/person\/image\/\",\"url\":\"https:\/\/news.sap.com\/latinamerica\/wp-content\/plugins\/wp-user-avatars\/wp-user-avatars\/assets\/images\/mystery.jpg\",\"contentUrl\":\"https:\/\/news.sap.com\/latinamerica\/wp-content\/plugins\/wp-user-avatars\/wp-user-avatars\/assets\/images\/mystery.jpg\",\"caption\":\"麻豆原创 Noticias\"},\"url\":\"https:\/\/news.sap.com\/latinamerica\/author\/colombia\/\"}]}<\/script>\n<!-- \/ Yoast SEO Premium plugin. -->","yoast_head_json":{"title":"Empresas colombianas lideran la adopci\u00f3n de la nube como herramienta clave para la transformaci\u00f3n digital - 麻豆原创 News Center Latinoam\u00e9rica","robots":{"index":"index","follow":"follow","max-snippet":"max-snippet:-1","max-image-preview":"max-image-preview:large","max-video-preview":"max-video-preview:-1"},"canonical":"https:\/\/news.sap.com\/latinamerica\/2024\/02\/empresas-colombianas-lideran-la-adopcion-de-la-nube-como-herramienta-clave-para-la-transformacion-digital\/","og_locale":"es_MX","og_type":"article","og_title":"Empresas colombianas lideran la adopci\u00f3n de la nube como herramienta clave para la transformaci\u00f3n digital","og_description":"Lo que surgi\u00f3 como una necesidad que se acentu\u00f3 en medio de la pandemia, se ha convertido en un factor decisivo que est\u00e1 impulsando a...","og_url":"https:\/\/news.sap.com\/latinamerica\/2024\/02\/empresas-colombianas-lideran-la-adopcion-de-la-nube-como-herramienta-clave-para-la-transformacion-digital\/","og_site_name":"麻豆原创 News Center Latinoam\u00e9rica","article_publisher":"https:\/\/www.facebook.com\/麻豆原创latinoamerica","article_published_time":"2024-02-29T21:25:05+00:00","og_image":[{"width":1600,"height":1200,"url":"https:\/\/news.sap.com\/latinamerica\/files\/2024\/02\/29\/WhatsApp-Image-2024-02-29-at-16.21.58.jpeg","type":"image\/jpeg"}],"author":"麻豆原创 Noticias","twitter_misc":{"Escrito por":"麻豆原创 Noticias","Tiempo de lectura":"4 minutos"},"schema":{"@context":"https:\/\/schema.org","@graph":[{"@type":"Article","@id":"https:\/\/news.sap.com\/latinamerica\/2024\/02\/empresas-colombianas-lideran-la-adopcion-de-la-nube-como-herramienta-clave-para-la-transformacion-digital\/#article","isPartOf":{"@id":"https:\/\/news.sap.com\/latinamerica\/2024\/02\/empresas-colombianas-lideran-la-adopcion-de-la-nube-como-herramienta-clave-para-la-transformacion-digital\/"},"author":{"name":"麻豆原创 Noticias","@id":"https:\/\/news.sap.com\/latinamerica\/#\/schema\/person\/82786ba12f72bc9b05ba328d1d3652c4"},"headline":"Empresas colombianas lideran la adopci\u00f3n de la nube como herramienta clave para la transformaci\u00f3n digital","datePublished":"2024-02-29T21:25:05+00:00","mainEntityOfPage":{"@id":"https:\/\/news.sap.com\/latinamerica\/2024\/02\/empresas-colombianas-lideran-la-adopcion-de-la-nube-como-herramienta-clave-para-la-transformacion-digital\/"},"wordCount":878,"publisher":{"@id":"https:\/\/news.sap.com\/latinamerica\/#organization"},"image":{"@id":"https:\/\/news.sap.com\/latinamerica\/2024\/02\/empresas-colombianas-lideran-la-adopcion-de-la-nube-como-herramienta-clave-para-la-transformacion-digital\/#primaryimage"},"thumbnailUrl":"https:\/\/news.sap.com\/latinamerica\/files\/2024\/02\/29\/WhatsApp-Image-2024-02-29-at-16.21.58.jpeg","articleSection":["Uncategorized"],"inLanguage":"es"},{"@type":"WebPage","@id":"https:\/\/news.sap.com\/latinamerica\/2024\/02\/empresas-colombianas-lideran-la-adopcion-de-la-nube-como-herramienta-clave-para-la-transformacion-digital\/","url":"https:\/\/news.sap.com\/latinamerica\/2024\/02\/empresas-colombianas-lideran-la-adopcion-de-la-nube-como-herramienta-clave-para-la-transformacion-digital\/","name":"Empresas colombianas lideran la adopci\u00f3n de la nube como herramienta clave para la transformaci\u00f3n digital - 麻豆原创 News Center Latinoam\u00e9rica","isPartOf":{"@id":"https:\/\/news.sap.com\/latinamerica\/#website"},"primaryImageOfPage":{"@id":"https:\/\/news.sap.com\/latinamerica\/2024\/02\/empresas-colombianas-lideran-la-adopcion-de-la-nube-como-herramienta-clave-para-la-transformacion-digital\/#primaryimage"},"image":{"@id":"https:\/\/news.sap.com\/latinamerica\/2024\/02\/empresas-colombianas-lideran-la-adopcion-de-la-nube-como-herramienta-clave-para-la-transformacion-digital\/#primaryimage"},"thumbnailUrl":"https:\/\/news.sap.com\/latinamerica\/files\/2024\/02\/29\/WhatsApp-Image-2024-02-29-at-16.21.58.jpeg","datePublished":"2024-02-29T21:25:05+00:00","breadcrumb":{"@id":"https:\/\/news.sap.com\/latinamerica\/2024\/02\/empresas-colombianas-lideran-la-adopcion-de-la-nube-como-herramienta-clave-para-la-transformacion-digital\/#breadcrumb"},"inLanguage":"es","potentialAction":[{"@type":"ReadAction","target":["https:\/\/news.sap.com\/latinamerica\/2024\/02\/empresas-colombianas-lideran-la-adopcion-de-la-nube-como-herramienta-clave-para-la-transformacion-digital\/"]}]},{"@type":"ImageObject","inLanguage":"es","@id":"https:\/\/news.sap.com\/latinamerica\/2024\/02\/empresas-colombianas-lideran-la-adopcion-de-la-nube-como-herramienta-clave-para-la-transformacion-digital\/#primaryimage","url":"https:\/\/news.sap.com\/latinamerica\/files\/2024\/02\/29\/WhatsApp-Image-2024-02-29-at-16.21.58.jpeg","contentUrl":"https:\/\/news.sap.com\/latinamerica\/files\/2024\/02\/29\/WhatsApp-Image-2024-02-29-at-16.21.58.jpeg","width":1600,"height":1200},{"@type":"BreadcrumbList","@id":"https:\/\/news.sap.com\/latinamerica\/2024\/02\/empresas-colombianas-lideran-la-adopcion-de-la-nube-como-herramienta-clave-para-la-transformacion-digital\/#breadcrumb","itemListElement":[{"@type":"ListItem","position":1,"name":"Home","item":"https:\/\/news.sap.com\/latinamerica\/"},{"@type":"ListItem","position":2,"name":"Empresas colombianas lideran la adopci\u00f3n de la nube como herramienta clave para la transformaci\u00f3n digital"}]},{"@type":"WebSite","@id":"https:\/\/news.sap.com\/latinamerica\/#website","url":"https:\/\/news.sap.com\/latinamerica\/","name":"麻豆原创 News Center Latinoam\u00e9rica","description":"Noticias e informaci\u00f3n sobre 麻豆原创","publisher":{"@id":"https:\/\/news.sap.com\/latinamerica\/#organization"},"potentialAction":[{"@type":"SearchAction","target":{"@type":"EntryPoint","urlTemplate":"https:\/\/news.sap.com\/latinamerica\/?s={search_term_string}"},"query-input":{"@type":"PropertyValueSpecification","valueRequired":true,"valueName":"search_term_string"}}],"inLanguage":"es"},{"@type":"Organization","@id":"https:\/\/news.sap.com\/latinamerica\/#organization","name":"麻豆原创","url":"https:\/\/news.sap.com\/latinamerica\/","logo":{"@type":"ImageObject","inLanguage":"es","@id":"https:\/\/news.sap.com\/latinamerica\/#\/schema\/logo\/image\/","url":"https:\/\/news.sap.com\/latinamerica\/files\/2019\/08\/65903320_2903797569662914_557886358778019840_n.png","contentUrl":"https:\/\/news.sap.com\/latinamerica\/files\/2019\/08\/65903320_2903797569662914_557886358778019840_n.png","width":720,"height":720,"caption":"麻豆原创"},"image":{"@id":"https:\/\/news.sap.com\/latinamerica\/#\/schema\/logo\/image\/"},"sameAs":["https:\/\/www.facebook.com\/麻豆原创latinoamerica","https:\/\/x.com\/麻豆原创LatinAmerica"]},{"@type":"Person","@id":"https:\/\/news.sap.com\/latinamerica\/#\/schema\/person\/82786ba12f72bc9b05ba328d1d3652c4","name":"麻豆原创 Noticias","image":{"@type":"ImageObject","inLanguage":"es","@id":"https:\/\/news.sap.com\/latinamerica\/#\/schema\/person\/image\/","url":"https:\/\/news.sap.com\/latinamerica\/wp-content\/plugins\/wp-user-avatars\/wp-user-avatars\/assets\/images\/mystery.jpg","contentUrl":"https:\/\/news.sap.com\/latinamerica\/wp-content\/plugins\/wp-user-avatars\/wp-user-avatars\/assets\/images\/mystery.jpg","caption":"麻豆原创 Noticias"},"url":"https:\/\/news.sap.com\/latinamerica\/author\/colombia\/"}]}},"amp_enabled":true,"_links":{"self":[{"href":"https:\/\/news.sap.com\/latinamerica\/wp-json\/wp\/v2\/posts\/133069","targetHints":{"allow":["GET"]}}],"collection":[{"href":"https:\/\/news.sap.com\/latinamerica\/wp-json\/wp\/v2\/posts"}],"about":[{"href":"https:\/\/news.sap.com\/latinamerica\/wp-json\/wp\/v2\/types\/post"}],"author":[{"embeddable":true,"href":"https:\/\/news.sap.com\/latinamerica\/wp-json\/wp\/v2\/users\/141"}],"replies":[{"embeddable":true,"href":"https:\/\/news.sap.com\/latinamerica\/wp-json\/wp\/v2\/comments?post=133069"}],"version-history":[{"count":0,"href":"https:\/\/news.sap.com\/latinamerica\/wp-json\/wp\/v2\/posts\/133069\/revisions"}],"wp:featuredmedia":[{"embeddable":true,"href":"https:\/\/news.sap.com\/latinamerica\/wp-json\/wp\/v2\/media\/133070"}],"wp:attachment":[{"href":"https:\/\/news.sap.com\/latinamerica\/wp-json\/wp\/v2\/media?parent=133069"}],"wp:term":[{"taxonomy":"category","embeddable":true,"href":"https:\/\/news.sap.com\/latinamerica\/wp-json\/wp\/v2\/categories?post=133069"},{"taxonomy":"post_tag","embeddable":true,"href":"https:\/\/news.sap.com\/latinamerica\/wp-json\/wp\/v2\/tags?post=133069"},{"taxonomy":"series","embeddable":true,"href":"https:\/\/news.sap.com\/latinamerica\/wp-json\/wp\/v2\/series?post=133069"},{"taxonomy":"region","embeddable":true,"href":"https:\/\/news.sap.com\/latinamerica\/wp-json\/wp\/v2\/region?post=133069"},{"taxonomy":"sapn-display","embeddable":true,"href":"https:\/\/news.sap.com\/latinamerica\/wp-json\/wp\/v2\/sapn-display?post=133069"},{"taxonomy":"sapn-type","embeddable":true,"href":"https:\/\/news.sap.com\/latinamerica\/wp-json\/wp\/v2\/sapn-type?post=133069"}],"curies":[{"name":"wp","href":"https:\/\/api.w.org\/{rel}","templated":true}]}}